{"id":38960,"date":"2021-01-15T15:37:28","date_gmt":"2021-01-15T17:37:28","guid":{"rendered":"https:\/\/www.travel3.com.br\/?p=38960"},"modified":"2021-01-15T15:37:32","modified_gmt":"2021-01-15T17:37:32","slug":"diversa-oferece-condicoes-especiais-em-festival-de-resorts","status":"publish","type":"post","link":"https:\/\/www.travel3.com.br\/site\/acontece-no-turismo\/operadoras\/diversa-oferece-condicoes-especiais-em-festival-de-resorts\/","title":{"rendered":"Diversa oferece condi\u00e7\u00f5es especiais em Festival de Resorts"},"content":{"rendered":"\n<div class=\"wp-block-image\"><figure class=\"aligncenter\"><img loading=\"lazy\" decoding=\"async\" width=\"1024\" height=\"768\" src=\"https:\/\/www.travel3.com.br\/site\/wp-content\/uploads\/2021\/01\/Adriana-Frederricce-Rafael-Ortiz-e-Georgia-Mariano-da-Diversa-1024x768.jpeg\" alt=\"Diversa Festival de Resorts\" class=\"wp-image-38983\" srcset=\"https:\/\/www.travel3.com.br\/site\/wp-content\/uploads\/2021\/01\/Adriana-Frederricce-Rafael-Ortiz-e-Georgia-Mariano-da-Diversa-1024x768.jpeg 1024w, https:\/\/www.travel3.com.br\/site\/wp-content\/uploads\/2021\/01\/Adriana-Frederricce-Rafael-Ortiz-e-Georgia-Mariano-da-Diversa-300x225.jpeg 300w, https:\/\/www.travel3.com.br\/site\/wp-content\/uploads\/2021\/01\/Adriana-Frederricce-Rafael-Ortiz-e-Georgia-Mariano-da-Diversa-768x576.jpeg 768w, https:\/\/www.travel3.com.br\/site\/wp-content\/uploads\/2021\/01\/Adriana-Frederricce-Rafael-Ortiz-e-Georgia-Mariano-da-Diversa-750x563.jpeg 750w, https:\/\/www.travel3.com.br\/site\/wp-content\/uploads\/2021\/01\/Adriana-Frederricce-Rafael-Ortiz-e-Georgia-Mariano-da-Diversa-1140x855.jpeg 1140w, https:\/\/www.travel3.com.br\/site\/wp-content\/uploads\/2021\/01\/Adriana-Frederricce-Rafael-Ortiz-e-Georgia-Mariano-da-Diversa.jpeg 1280w\" sizes=\"auto, (max-width: 1024px) 100vw, 1024px\" \/><figcaption>Adriana Frederricce, Rafael Ortiz e Georgia Mariano, do time da Diversa Turismo (Foto: Divulga\u00e7\u00e3o)<\/figcaption><\/figure><\/div>\n\n\n\n<h3 class=\"wp-block-heading\" style=\"text-align:center\">A partir da pr\u00f3xima segunda-feira (18), operadora ter\u00e1 pacotes para Brasil + Caribe em oferta<\/h3>\n\n\n\n<p>Operadora do Grupo Arbo, a Diversa Turismo lan\u00e7a a campanha Festival de Resorts na pr\u00f3xima segunda-feira, 18 de janeiro. A a\u00e7\u00e3o oferecer\u00e1 condi\u00e7\u00f5es comerciais exclusivas em hospedagens no Brasil e no Caribe; al\u00e9m de um kit com 40 pe\u00e7as de marketing digital para 10 dias de divulga\u00e7\u00e3o em canais diversos.<\/p>\n\n\n\n<p>As ofertas envolvem 50 resorts, com descontos de at\u00e9 15% e condi\u00e7\u00f5es especiais como di\u00e1rias gr\u00e1tis, crian\u00e7as <em>free<\/em> e refei\u00e7\u00f5es de cortesia. De acordo com a Diversa, todos os produtos estar\u00e3o dispon\u00edveis at\u00e9 25 de janeiro para compra online dos agentes cadastrados em seu portal.<\/p>\n\n\n\n<p>Mais detalhes da campanha ser\u00e3o apresentados pela operadora \u00e0s 10:30h do dia 18, via webinar com <u><a rel=\"noreferrer noopener\" aria-label=\"inscri\u00e7\u00f5es abertas (opens in a new tab)\" href=\"https:\/\/marketing.diversaturismo.com.br\/festivalderesorts\" target=\"_blank\">inscri\u00e7\u00f5es abertas<\/a>.<\/u><\/p>\n\n\n\n<blockquote class=\"wp-block-quote is-layout-flow wp-block-quote-is-layout-flow\"><p>A Diversa vem se consolidando como a mais nova op\u00e7\u00e3o de operadora para os agentes de viagens, e os maiores e melhores hot\u00e9is e resorts do pa\u00eds v\u00eam nos apoiando e nos dando as melhores condi\u00e7\u00f5es do mercado. A aceita\u00e7\u00e3o dos resorts \u00e0 campanha foi surpreendente nessa grande a\u00e7\u00e3o, para iniciarmos o ano com muitas vendas.<\/p><cite>Rafael Ortiz &#8211; Gerente de Produtos Nacionais da Diversa Turismo<\/cite><\/blockquote>\n\n\n\n<h2 class=\"wp-block-heading\">Negocia\u00e7\u00f5es conduzidas por profissionais rec\u00e9m-contratados<\/h2>\n\n\n\n<p>De acordo com a Diversa Turismo, as negocia\u00e7\u00f5es diretas foram realizadas por Georgia Mariano &#8211; gerente de produtos internacionais &#8211; e por <u><a href=\"https:\/\/www.travel3.com.br\/acontece-no-turismo\/operadoras\/diversa-reforca-time-de-produtos-para-retomada-domestica\/\" target=\"_blank\" rel=\"noreferrer noopener\" aria-label=\"Rafael Ortiz (opens in a new tab)\">Rafael Ortiz<\/a><\/u>, gerente de produtos nacionais; 2 profissionais que chegaram \u00e0 operadora no final de 2020.<br><\/p>\n\n\n\n<blockquote class=\"wp-block-quote is-layout-flow wp-block-quote-is-layout-flow\"><p>A Diversa continua em sua miss\u00e3o de criar produtos sob medida e apresentar as melhores oportunidades aos agentes. Ser\u00e1 uma quinzena de ofertas exclusivas, resultado de parcerias s\u00f3lidas com as principais redes do Caribe.<br><\/p><cite>Georgia Mariano &#8211; Gerente de Produtos Internacionais da Diversa Turismo<\/cite><\/blockquote>\n\n\n\n<h2 class=\"wp-block-heading\">Festival \u00e9 2\u00b0 lan\u00e7amento da operadora em 2021<\/h2>\n\n\n\n<p>Ap\u00f3s a <u><a rel=\"noreferrer noopener\" aria-label=\"integra\u00e7\u00e3o do portal de reservas com o sistema da operadora espanhola Surland (opens in a new tab)\" href=\"https:\/\/www.travel3.com.br\/acontece-no-turismo\/operadoras\/diversa-turismo-oferece-roteiros-da-surland-em-novo-portfolio\/\" target=\"_blank\">integra\u00e7\u00e3o do portal de reservas com o sistema da operadora espanhola Surland<\/a><\/u> &#8211; que acrescentou mais de 1.000 produtos ao portf\u00f3lio da Diversa-, o Festival de Resorts \u00e9 o segundo lan\u00e7amento da operadora em 2021.<\/p>\n\n\n\n<blockquote class=\"wp-block-quote is-layout-flow wp-block-quote-is-layout-flow\"><p>Vivemos um novo cen\u00e1rio de otimismo que se reflete no apoio constante que estamos recebendo dos nossos fornecedores, receptivos, hoteleiros e, principalmente, dos agentes de viagens.<\/p><cite>Adriana Fredericce &#8211; Diretora de Produtos e Opera\u00e7\u00f5es da Diversa Turismo<\/cite><\/blockquote>\n\n\n\n<h3 class=\"wp-block-heading\" style=\"text-align:center\">Saiba mais = <a href=\"https:\/\/diversaturismo.com.br\/\" target=\"_blank\" rel=\"noreferrer noopener\" aria-label=\"diversaturismo.com.br (opens in a new tab)\">diversaturismo.com.br<\/a><\/h3>\n","protected":false},"excerpt":{"rendered":"<p>A partir da pr\u00f3xima segunda-feira (18), operadora ter\u00e1 pacotes para Brasil + Caribe em oferta Operadora do Grupo Arbo, a Diversa Turismo lan\u00e7a a campanha Festival de Resorts na pr\u00f3xima segunda-feira, 18 de janeiro. A a\u00e7\u00e3o oferecer\u00e1 condi\u00e7\u00f5es comerciais exclusivas em hospedagens no Brasil e no Caribe; al\u00e9m de um kit com 40 pe\u00e7as de [&hellip;]<\/p>\n","protected":false},"author":6,"featured_media":38983,"comment_status":"open","ping_status":"open","sticky":false,"template":"","format":"standard","meta":{"footnotes":""},"categories":[969,226,4],"tags":[255,300,2076,403],"class_list":["post-38960","post","type-post","status-publish","format-standard","has-post-thumbnail","hentry","category-acontece-no-turismo","category-destaque","category-operadoras","tag-brasil","tag-caribe","tag-diversa-turismo","tag-operadoras"],"yoast_head":"<!-- This site is optimized with the Yoast SEO plugin v26.2 - https:\/\/yoast.com\/wordpress\/plugins\/seo\/ -->\n<title>Diversa oferece condi\u00e7\u00f5es especiais em Festival de Resorts - Travel3<\/title>\n<meta name=\"description\" content=\"Diversa oferece condi\u00e7\u00f5es especiais em Festival de Resorts; a partir da pr\u00f3xima segunda-feira (18), operadora ter\u00e1 pacotes para Brasil + Caribe em oferta\" \/>\n<meta name=\"robots\" content=\"index, follow, max-snippet:-1, max-image-preview:large, max-video-preview:-1\" \/>\n<link rel=\"canonical\" href=\"https:\/\/www.travel3.com.br\/site\/acontece-no-turismo\/operadoras\/diversa-oferece-condicoes-especiais-em-festival-de-resorts\/\" \/>\n<meta property=\"og:locale\" content=\"pt_BR\" \/>\n<meta property=\"og:type\" content=\"article\" \/>\n<meta property=\"og:title\" content=\"Diversa oferece condi\u00e7\u00f5es especiais em Festival de Resorts - Travel3\" \/>\n<meta property=\"og:description\" content=\"Diversa oferece condi\u00e7\u00f5es especiais em Festival de Resorts; a partir da pr\u00f3xima segunda-feira (18), operadora ter\u00e1 pacotes para Brasil + Caribe em oferta\" \/>\n<meta property=\"og:url\" content=\"https:\/\/www.travel3.com.br\/site\/acontece-no-turismo\/operadoras\/diversa-oferece-condicoes-especiais-em-festival-de-resorts\/\" \/>\n<meta property=\"og:site_name\" content=\"Travel3\" \/>\n<meta property=\"article:publisher\" content=\"https:\/\/www.facebook.com\/travel3media\/\" \/>\n<meta property=\"article:published_time\" content=\"2021-01-15T17:37:28+00:00\" \/>\n<meta property=\"article:modified_time\" content=\"2021-01-15T17:37:32+00:00\" \/>\n<meta property=\"og:image\" content=\"https:\/\/www.travel3.com.br\/site\/wp-content\/uploads\/2021\/01\/Adriana-Frederricce-Rafael-Ortiz-e-Georgia-Mariano-da-Diversa.jpeg\" \/>\n\t<meta property=\"og:image:width\" content=\"1280\" \/>\n\t<meta property=\"og:image:height\" content=\"960\" \/>\n\t<meta property=\"og:image:type\" content=\"image\/jpeg\" \/>\n<meta name=\"author\" content=\"Reda\u00e7\u00e3o Travel3\" \/>\n<meta name=\"twitter:card\" content=\"summary_large_image\" \/>\n<meta name=\"twitter:label1\" content=\"Escrito por\" \/>\n\t<meta name=\"twitter:data1\" content=\"Reda\u00e7\u00e3o Travel3\" \/>\n\t<meta name=\"twitter:label2\" content=\"Est. tempo de leitura\" \/>\n\t<meta name=\"twitter:data2\" content=\"2 minutos\" \/>\n<script type=\"application\/ld+json\" class=\"yoast-schema-graph\">{\"@context\":\"https:\/\/schema.org\",\"@graph\":[{\"@type\":\"Article\",\"@id\":\"https:\/\/www.travel3.com.br\/site\/acontece-no-turismo\/operadoras\/diversa-oferece-condicoes-especiais-em-festival-de-resorts\/#article\",\"isPartOf\":{\"@id\":\"https:\/\/www.travel3.com.br\/site\/acontece-no-turismo\/operadoras\/diversa-oferece-condicoes-especiais-em-festival-de-resorts\/\"},\"author\":{\"name\":\"Reda\u00e7\u00e3o Travel3\",\"@id\":\"https:\/\/www.travel3.com.br\/site\/#\/schema\/person\/9cff8daac0a2f1aa0799f827b8aa8308\"},\"headline\":\"Diversa oferece condi\u00e7\u00f5es especiais em Festival de Resorts\",\"datePublished\":\"2021-01-15T17:37:28+00:00\",\"dateModified\":\"2021-01-15T17:37:32+00:00\",\"mainEntityOfPage\":{\"@id\":\"https:\/\/www.travel3.com.br\/site\/acontece-no-turismo\/operadoras\/diversa-oferece-condicoes-especiais-em-festival-de-resorts\/\"},\"wordCount\":409,\"commentCount\":0,\"publisher\":{\"@id\":\"https:\/\/www.travel3.com.br\/site\/#organization\"},\"image\":{\"@id\":\"https:\/\/www.travel3.com.br\/site\/acontece-no-turismo\/operadoras\/diversa-oferece-condicoes-especiais-em-festival-de-resorts\/#primaryimage\"},\"thumbnailUrl\":\"https:\/\/www.travel3.com.br\/site\/wp-content\/uploads\/2021\/01\/Adriana-Frederricce-Rafael-Ortiz-e-Georgia-Mariano-da-Diversa.jpeg\",\"keywords\":[\"Brasil\",\"Caribe\",\"Diversa Turismo\",\"Operadoras\"],\"articleSection\":[\"Acontece no Turismo\",\"Destaque\",\"Operadoras\"],\"inLanguage\":\"pt-BR\",\"potentialAction\":[{\"@type\":\"CommentAction\",\"name\":\"Comment\",\"target\":[\"https:\/\/www.travel3.com.br\/site\/acontece-no-turismo\/operadoras\/diversa-oferece-condicoes-especiais-em-festival-de-resorts\/#respond\"]}]},{\"@type\":\"WebPage\",\"@id\":\"https:\/\/www.travel3.com.br\/site\/acontece-no-turismo\/operadoras\/diversa-oferece-condicoes-especiais-em-festival-de-resorts\/\",\"url\":\"https:\/\/www.travel3.com.br\/site\/acontece-no-turismo\/operadoras\/diversa-oferece-condicoes-especiais-em-festival-de-resorts\/\",\"name\":\"Diversa oferece condi\u00e7\u00f5es especiais em Festival de Resorts - Travel3\",\"isPartOf\":{\"@id\":\"https:\/\/www.travel3.com.br\/site\/#website\"},\"primaryImageOfPage\":{\"@id\":\"https:\/\/www.travel3.com.br\/site\/acontece-no-turismo\/operadoras\/diversa-oferece-condicoes-especiais-em-festival-de-resorts\/#primaryimage\"},\"image\":{\"@id\":\"https:\/\/www.travel3.com.br\/site\/acontece-no-turismo\/operadoras\/diversa-oferece-condicoes-especiais-em-festival-de-resorts\/#primaryimage\"},\"thumbnailUrl\":\"https:\/\/www.travel3.com.br\/site\/wp-content\/uploads\/2021\/01\/Adriana-Frederricce-Rafael-Ortiz-e-Georgia-Mariano-da-Diversa.jpeg\",\"datePublished\":\"2021-01-15T17:37:28+00:00\",\"dateModified\":\"2021-01-15T17:37:32+00:00\",\"description\":\"Diversa oferece condi\u00e7\u00f5es especiais em Festival de Resorts; a partir da pr\u00f3xima segunda-feira (18), operadora ter\u00e1 pacotes para Brasil + Caribe em oferta\",\"breadcrumb\":{\"@id\":\"https:\/\/www.travel3.com.br\/site\/acontece-no-turismo\/operadoras\/diversa-oferece-condicoes-especiais-em-festival-de-resorts\/#breadcrumb\"},\"inLanguage\":\"pt-BR\",\"potentialAction\":[{\"@type\":\"ReadAction\",\"target\":[\"https:\/\/www.travel3.com.br\/site\/acontece-no-turismo\/operadoras\/diversa-oferece-condicoes-especiais-em-festival-de-resorts\/\"]}]},{\"@type\":\"ImageObject\",\"inLanguage\":\"pt-BR\",\"@id\":\"https:\/\/www.travel3.com.br\/site\/acontece-no-turismo\/operadoras\/diversa-oferece-condicoes-especiais-em-festival-de-resorts\/#primaryimage\",\"url\":\"https:\/\/www.travel3.com.br\/site\/wp-content\/uploads\/2021\/01\/Adriana-Frederricce-Rafael-Ortiz-e-Georgia-Mariano-da-Diversa.jpeg\",\"contentUrl\":\"https:\/\/www.travel3.com.br\/site\/wp-content\/uploads\/2021\/01\/Adriana-Frederricce-Rafael-Ortiz-e-Georgia-Mariano-da-Diversa.jpeg\",\"width\":1280,\"height\":960,\"caption\":\"Adriana Frederricce, Rafael Ortiz e Georgia Mariano, do time da Diversa Turismo (Foto: Divulga\u00e7\u00e3o)\"},{\"@type\":\"BreadcrumbList\",\"@id\":\"https:\/\/www.travel3.com.br\/site\/acontece-no-turismo\/operadoras\/diversa-oferece-condicoes-especiais-em-festival-de-resorts\/#breadcrumb\",\"itemListElement\":[{\"@type\":\"ListItem\",\"position\":1,\"name\":\"In\u00edcio\",\"item\":\"https:\/\/www.travel3.com.br\/site\/\"},{\"@type\":\"ListItem\",\"position\":2,\"name\":\"Diversa oferece condi\u00e7\u00f5es especiais em Festival de Resorts\"}]},{\"@type\":\"WebSite\",\"@id\":\"https:\/\/www.travel3.com.br\/site\/#website\",\"url\":\"https:\/\/www.travel3.com.br\/site\/\",\"name\":\"Travel3\",\"description\":\"Lazer + Neg&oacute;cios + Aventura\",\"publisher\":{\"@id\":\"https:\/\/www.travel3.com.br\/site\/#organization\"},\"potentialAction\":[{\"@type\":\"SearchAction\",\"target\":{\"@type\":\"EntryPoint\",\"urlTemplate\":\"https:\/\/www.travel3.com.br\/site\/?s={search_term_string}\"},\"query-input\":{\"@type\":\"PropertyValueSpecification\",\"valueRequired\":true,\"valueName\":\"search_term_string\"}}],\"inLanguage\":\"pt-BR\"},{\"@type\":\"Organization\",\"@id\":\"https:\/\/www.travel3.com.br\/site\/#organization\",\"name\":\"Travel3\",\"url\":\"https:\/\/www.travel3.com.br\/site\/\",\"logo\":{\"@type\":\"ImageObject\",\"inLanguage\":\"pt-BR\",\"@id\":\"https:\/\/www.travel3.com.br\/site\/#\/schema\/logo\/image\/\",\"url\":\"https:\/\/www.travel3.com.br\/site\/wp-content\/uploads\/2020\/01\/logo-travel3-2020.png\",\"contentUrl\":\"https:\/\/www.travel3.com.br\/site\/wp-content\/uploads\/2020\/01\/logo-travel3-2020.png\",\"width\":232,\"height\":79,\"caption\":\"Travel3\"},\"image\":{\"@id\":\"https:\/\/www.travel3.com.br\/site\/#\/schema\/logo\/image\/\"},\"sameAs\":[\"https:\/\/www.facebook.com\/travel3media\/\",\"https:\/\/www.instagram.com\/revistatravel3\/\",\"https:\/\/www.youtube.com\/channel\/UCno7J4paGBR3VbZQzvoJ9Eg\"]},{\"@type\":\"Person\",\"@id\":\"https:\/\/www.travel3.com.br\/site\/#\/schema\/person\/9cff8daac0a2f1aa0799f827b8aa8308\",\"name\":\"Reda\u00e7\u00e3o Travel3\",\"image\":{\"@type\":\"ImageObject\",\"inLanguage\":\"pt-BR\",\"@id\":\"https:\/\/www.travel3.com.br\/site\/#\/schema\/person\/image\/\",\"url\":\"https:\/\/secure.gravatar.com\/avatar\/6e6125525e1f04b7b8c607d71556e490?s=96&d=mm&r=g\",\"contentUrl\":\"https:\/\/secure.gravatar.com\/avatar\/6e6125525e1f04b7b8c607d71556e490?s=96&d=mm&r=g\",\"caption\":\"Reda\u00e7\u00e3o Travel3\"},\"sameAs\":[\"http:\/\/www.travel3.com.br\"],\"url\":\"https:\/\/www.travel3.com.br\/site\/author\/redacao2\/\"}]}<\/script>\n<!-- \/ Yoast SEO plugin. -->","yoast_head_json":{"title":"Diversa oferece condi\u00e7\u00f5es especiais em Festival de Resorts - Travel3","description":"Diversa oferece condi\u00e7\u00f5es especiais em Festival de Resorts; a partir da pr\u00f3xima segunda-feira (18), operadora ter\u00e1 pacotes para Brasil + Caribe em oferta","robots":{"index":"index","follow":"follow","max-snippet":"max-snippet:-1","max-image-preview":"max-image-preview:large","max-video-preview":"max-video-preview:-1"},"canonical":"https:\/\/www.travel3.com.br\/site\/acontece-no-turismo\/operadoras\/diversa-oferece-condicoes-especiais-em-festival-de-resorts\/","og_locale":"pt_BR","og_type":"article","og_title":"Diversa oferece condi\u00e7\u00f5es especiais em Festival de Resorts - Travel3","og_description":"Diversa oferece condi\u00e7\u00f5es especiais em Festival de Resorts; a partir da pr\u00f3xima segunda-feira (18), operadora ter\u00e1 pacotes para Brasil + Caribe em oferta","og_url":"https:\/\/www.travel3.com.br\/site\/acontece-no-turismo\/operadoras\/diversa-oferece-condicoes-especiais-em-festival-de-resorts\/","og_site_name":"Travel3","article_publisher":"https:\/\/www.facebook.com\/travel3media\/","article_published_time":"2021-01-15T17:37:28+00:00","article_modified_time":"2021-01-15T17:37:32+00:00","og_image":[{"width":1280,"height":960,"url":"https:\/\/www.travel3.com.br\/site\/wp-content\/uploads\/2021\/01\/Adriana-Frederricce-Rafael-Ortiz-e-Georgia-Mariano-da-Diversa.jpeg","type":"image\/jpeg"}],"author":"Reda\u00e7\u00e3o Travel3","twitter_card":"summary_large_image","twitter_misc":{"Escrito por":"Reda\u00e7\u00e3o Travel3","Est. tempo de leitura":"2 minutos"},"schema":{"@context":"https:\/\/schema.org","@graph":[{"@type":"Article","@id":"https:\/\/www.travel3.com.br\/site\/acontece-no-turismo\/operadoras\/diversa-oferece-condicoes-especiais-em-festival-de-resorts\/#article","isPartOf":{"@id":"https:\/\/www.travel3.com.br\/site\/acontece-no-turismo\/operadoras\/diversa-oferece-condicoes-especiais-em-festival-de-resorts\/"},"author":{"name":"Reda\u00e7\u00e3o Travel3","@id":"https:\/\/www.travel3.com.br\/site\/#\/schema\/person\/9cff8daac0a2f1aa0799f827b8aa8308"},"headline":"Diversa oferece condi\u00e7\u00f5es especiais em Festival de Resorts","datePublished":"2021-01-15T17:37:28+00:00","dateModified":"2021-01-15T17:37:32+00:00","mainEntityOfPage":{"@id":"https:\/\/www.travel3.com.br\/site\/acontece-no-turismo\/operadoras\/diversa-oferece-condicoes-especiais-em-festival-de-resorts\/"},"wordCount":409,"commentCount":0,"publisher":{"@id":"https:\/\/www.travel3.com.br\/site\/#organization"},"image":{"@id":"https:\/\/www.travel3.com.br\/site\/acontece-no-turismo\/operadoras\/diversa-oferece-condicoes-especiais-em-festival-de-resorts\/#primaryimage"},"thumbnailUrl":"https:\/\/www.travel3.com.br\/site\/wp-content\/uploads\/2021\/01\/Adriana-Frederricce-Rafael-Ortiz-e-Georgia-Mariano-da-Diversa.jpeg","keywords":["Brasil","Caribe","Diversa Turismo","Operadoras"],"articleSection":["Acontece no Turismo","Destaque","Operadoras"],"inLanguage":"pt-BR","potentialAction":[{"@type":"CommentAction","name":"Comment","target":["https:\/\/www.travel3.com.br\/site\/acontece-no-turismo\/operadoras\/diversa-oferece-condicoes-especiais-em-festival-de-resorts\/#respond"]}]},{"@type":"WebPage","@id":"https:\/\/www.travel3.com.br\/site\/acontece-no-turismo\/operadoras\/diversa-oferece-condicoes-especiais-em-festival-de-resorts\/","url":"https:\/\/www.travel3.com.br\/site\/acontece-no-turismo\/operadoras\/diversa-oferece-condicoes-especiais-em-festival-de-resorts\/","name":"Diversa oferece condi\u00e7\u00f5es especiais em Festival de Resorts - Travel3","isPartOf":{"@id":"https:\/\/www.travel3.com.br\/site\/#website"},"primaryImageOfPage":{"@id":"https:\/\/www.travel3.com.br\/site\/acontece-no-turismo\/operadoras\/diversa-oferece-condicoes-especiais-em-festival-de-resorts\/#primaryimage"},"image":{"@id":"https:\/\/www.travel3.com.br\/site\/acontece-no-turismo\/operadoras\/diversa-oferece-condicoes-especiais-em-festival-de-resorts\/#primaryimage"},"thumbnailUrl":"https:\/\/www.travel3.com.br\/site\/wp-content\/uploads\/2021\/01\/Adriana-Frederricce-Rafael-Ortiz-e-Georgia-Mariano-da-Diversa.jpeg","datePublished":"2021-01-15T17:37:28+00:00","dateModified":"2021-01-15T17:37:32+00:00","description":"Diversa oferece condi\u00e7\u00f5es especiais em Festival de Resorts; a partir da pr\u00f3xima segunda-feira (18), operadora ter\u00e1 pacotes para Brasil + Caribe em oferta","breadcrumb":{"@id":"https:\/\/www.travel3.com.br\/site\/acontece-no-turismo\/operadoras\/diversa-oferece-condicoes-especiais-em-festival-de-resorts\/#breadcrumb"},"inLanguage":"pt-BR","potentialAction":[{"@type":"ReadAction","target":["https:\/\/www.travel3.com.br\/site\/acontece-no-turismo\/operadoras\/diversa-oferece-condicoes-especiais-em-festival-de-resorts\/"]}]},{"@type":"ImageObject","inLanguage":"pt-BR","@id":"https:\/\/www.travel3.com.br\/site\/acontece-no-turismo\/operadoras\/diversa-oferece-condicoes-especiais-em-festival-de-resorts\/#primaryimage","url":"https:\/\/www.travel3.com.br\/site\/wp-content\/uploads\/2021\/01\/Adriana-Frederricce-Rafael-Ortiz-e-Georgia-Mariano-da-Diversa.jpeg","contentUrl":"https:\/\/www.travel3.com.br\/site\/wp-content\/uploads\/2021\/01\/Adriana-Frederricce-Rafael-Ortiz-e-Georgia-Mariano-da-Diversa.jpeg","width":1280,"height":960,"caption":"Adriana Frederricce, Rafael Ortiz e Georgia Mariano, do time da Diversa Turismo (Foto: Divulga\u00e7\u00e3o)"},{"@type":"BreadcrumbList","@id":"https:\/\/www.travel3.com.br\/site\/acontece-no-turismo\/operadoras\/diversa-oferece-condicoes-especiais-em-festival-de-resorts\/#breadcrumb","itemListElement":[{"@type":"ListItem","position":1,"name":"In\u00edcio","item":"https:\/\/www.travel3.com.br\/site\/"},{"@type":"ListItem","position":2,"name":"Diversa oferece condi\u00e7\u00f5es especiais em Festival de Resorts"}]},{"@type":"WebSite","@id":"https:\/\/www.travel3.com.br\/site\/#website","url":"https:\/\/www.travel3.com.br\/site\/","name":"Travel3","description":"Lazer + Neg&oacute;cios + Aventura","publisher":{"@id":"https:\/\/www.travel3.com.br\/site\/#organization"},"potentialAction":[{"@type":"SearchAction","target":{"@type":"EntryPoint","urlTemplate":"https:\/\/www.travel3.com.br\/site\/?s={search_term_string}"},"query-input":{"@type":"PropertyValueSpecification","valueRequired":true,"valueName":"search_term_string"}}],"inLanguage":"pt-BR"},{"@type":"Organization","@id":"https:\/\/www.travel3.com.br\/site\/#organization","name":"Travel3","url":"https:\/\/www.travel3.com.br\/site\/","logo":{"@type":"ImageObject","inLanguage":"pt-BR","@id":"https:\/\/www.travel3.com.br\/site\/#\/schema\/logo\/image\/","url":"https:\/\/www.travel3.com.br\/site\/wp-content\/uploads\/2020\/01\/logo-travel3-2020.png","contentUrl":"https:\/\/www.travel3.com.br\/site\/wp-content\/uploads\/2020\/01\/logo-travel3-2020.png","width":232,"height":79,"caption":"Travel3"},"image":{"@id":"https:\/\/www.travel3.com.br\/site\/#\/schema\/logo\/image\/"},"sameAs":["https:\/\/www.facebook.com\/travel3media\/","https:\/\/www.instagram.com\/revistatravel3\/","https:\/\/www.youtube.com\/channel\/UCno7J4paGBR3VbZQzvoJ9Eg"]},{"@type":"Person","@id":"https:\/\/www.travel3.com.br\/site\/#\/schema\/person\/9cff8daac0a2f1aa0799f827b8aa8308","name":"Reda\u00e7\u00e3o Travel3","image":{"@type":"ImageObject","inLanguage":"pt-BR","@id":"https:\/\/www.travel3.com.br\/site\/#\/schema\/person\/image\/","url":"https:\/\/secure.gravatar.com\/avatar\/6e6125525e1f04b7b8c607d71556e490?s=96&d=mm&r=g","contentUrl":"https:\/\/secure.gravatar.com\/avatar\/6e6125525e1f04b7b8c607d71556e490?s=96&d=mm&r=g","caption":"Reda\u00e7\u00e3o Travel3"},"sameAs":["http:\/\/www.travel3.com.br"],"url":"https:\/\/www.travel3.com.br\/site\/author\/redacao2\/"}]}},"_links":{"self":[{"href":"https:\/\/www.travel3.com.br\/site\/wp-json\/wp\/v2\/posts\/38960","targetHints":{"allow":["GET"]}}],"collection":[{"href":"https:\/\/www.travel3.com.br\/site\/wp-json\/wp\/v2\/posts"}],"about":[{"href":"https:\/\/www.travel3.com.br\/site\/wp-json\/wp\/v2\/types\/post"}],"author":[{"embeddable":true,"href":"https:\/\/www.travel3.com.br\/site\/wp-json\/wp\/v2\/users\/6"}],"replies":[{"embeddable":true,"href":"https:\/\/www.travel3.com.br\/site\/wp-json\/wp\/v2\/comments?post=38960"}],"version-history":[{"count":3,"href":"https:\/\/www.travel3.com.br\/site\/wp-json\/wp\/v2\/posts\/38960\/revisions"}],"predecessor-version":[{"id":38986,"href":"https:\/\/www.travel3.com.br\/site\/wp-json\/wp\/v2\/posts\/38960\/revisions\/38986"}],"wp:featuredmedia":[{"embeddable":true,"href":"https:\/\/www.travel3.com.br\/site\/wp-json\/wp\/v2\/media\/38983"}],"wp:attachment":[{"href":"https:\/\/www.travel3.com.br\/site\/wp-json\/wp\/v2\/media?parent=38960"}],"wp:term":[{"taxonomy":"category","embeddable":true,"href":"https:\/\/www.travel3.com.br\/site\/wp-json\/wp\/v2\/categories?post=38960"},{"taxonomy":"post_tag","embeddable":true,"href":"https:\/\/www.travel3.com.br\/site\/wp-json\/wp\/v2\/tags?post=38960"}],"curies":[{"name":"wp","href":"https:\/\/api.w.org\/{rel}","templated":true}]}}