{"id":37684,"date":"2020-11-16T11:54:34","date_gmt":"2020-11-16T13:54:34","guid":{"rendered":"https:\/\/www.travel3.com.br\/?p=37684"},"modified":"2020-11-16T11:54:36","modified_gmt":"2020-11-16T13:54:36","slug":"confira-os-destaques-da-japex-live-2020","status":"publish","type":"post","link":"https:\/\/www.travel3.com.br\/site\/acontece-no-turismo\/eventos-e-feiras\/confira-os-destaques-da-japex-live-2020\/","title":{"rendered":"Confira os destaques da Japex Live 2020"},"content":{"rendered":"\n<div class=\"wp-block-image\"><figure class=\"aligncenter\"><img loading=\"lazy\" decoding=\"async\" width=\"930\" height=\"621\" src=\"https:\/\/www.travel3.com.br\/site\/wp-content\/uploads\/2020\/11\/Donovan-White-JAPEX2020.jpg\" alt=\"Japex Live 2020 Donovan White - Diretor de Turismo da Jamaica\" class=\"wp-image-37689\" srcset=\"https:\/\/www.travel3.com.br\/site\/wp-content\/uploads\/2020\/11\/Donovan-White-JAPEX2020.jpg 930w, https:\/\/www.travel3.com.br\/site\/wp-content\/uploads\/2020\/11\/Donovan-White-JAPEX2020-300x200.jpg 300w, https:\/\/www.travel3.com.br\/site\/wp-content\/uploads\/2020\/11\/Donovan-White-JAPEX2020-768x513.jpg 768w, https:\/\/www.travel3.com.br\/site\/wp-content\/uploads\/2020\/11\/Donovan-White-JAPEX2020-750x501.jpg 750w\" sizes=\"auto, (max-width: 930px) 100vw, 930px\" \/><figcaption>Donovan White, Diretor de Turismo da Jamaica (Foto: Divulga\u00e7\u00e3o)<\/figcaption><\/figure><\/div>\n\n\n\n<h3 class=\"wp-block-heading\" style=\"text-align:center\">Em sua 30\u00aa edi\u00e7\u00e3o, maior feira de turismo da Jamaica reuniu o trade tur\u00edstico com p\u00fablico recorde<\/h3>\n\n\n\n<p>1\u00aa edi\u00e7\u00e3o virtual da Jamaica Product Exchange, a Japex Live 2020 chega ao fim com recorde de audi\u00eancia. Em 2 dias de evento, a 30\u00aa edi\u00e7\u00e3o da maior feira de turismo da Jamaica teve cerca de 2.500 inscri\u00e7\u00f5es, com 2.000 agentes de viagens.<\/p>\n\n\n\n<p>250 operadoras de turismo + 140 empresas fornecedoras + 280 delega\u00e7\u00f5es de fornecedores + 251 delega\u00e7\u00f5es de compradores + 158 jornalistas acompanharam o evento &#8211; que reuniu um n\u00famero recorde de delega\u00e7\u00f5es dos Estados Unidos, Canad\u00e1, Am\u00e9rica Latina, Europa e \u00c1sia. O formato online da feira permitiu uma maior participa\u00e7\u00e3o de profissionais; que puderam discutir a resili\u00eancia do destino, o compromisso com a recupera\u00e7\u00e3o, a inova\u00e7\u00e3o e o desenvolvimento cont\u00ednuos neste momento de pandemia.<\/p>\n\n\n\n<p style=\"text-align:center\">Leia mais = <strong><a href=\"https:\/\/www.travel3.com.br\/sem-categoria\/pos-coronavirus-jamaica-preve-novos-perfis-de-viajantes\/\" target=\"_blank\" rel=\"noreferrer noopener\" aria-label=\"P\u00f3s-coronav\u00edrus, Jamaica prev\u00ea novos perfis de viajantes (opens in a new tab)\">P\u00f3s-coronav\u00edrus, Jamaica prev\u00ea novos perfis de viajantes<\/a><\/strong><\/p>\n\n\n\n<p>Al\u00e9m disso, mais de 3.900 usu\u00e1rios participaram das sess\u00f5es tem\u00e1ticas para aprender sobre a ilha, enquanto outros 1.986 espectadores conferiram treinamentos sobre o destino. Outros destaques foram os encontros de neg\u00f3cios individuais por meio da plataforma digital, e as mais de 25.000 visitas aos estandes virtuais.<\/p>\n\n\n\n<blockquote class=\"wp-block-quote is-layout-flow wp-block-quote-is-layout-flow\"><p>O sucesso desta primeira edi\u00e7\u00e3o totalmente virtual \u00e9 uma \u00f3tima not\u00edcia. Estamos ansiosos para ver os resultados dos neg\u00f3cios que resultar\u00e3o deste evento e nos mantemos confiantes de que trar\u00e1 muitos benef\u00edcios ao turismo.<\/p><cite>Edmund Bartlett &#8211; Ministro do Turismo da Jamaica<\/cite><\/blockquote>\n\n\n\n<div class=\"wp-block-image\"><figure class=\"aligncenter\"><img loading=\"lazy\" decoding=\"async\" width=\"681\" height=\"1024\" src=\"https:\/\/www.travel3.com.br\/site\/wp-content\/uploads\/2020\/05\/Ministro-Edmund-Bartlett-681x1024.jpg\" alt=\"P\u00f3s-Coronav\u00edrus\" class=\"wp-image-33272\" srcset=\"https:\/\/www.travel3.com.br\/site\/wp-content\/uploads\/2020\/05\/Ministro-Edmund-Bartlett.jpg 681w, https:\/\/www.travel3.com.br\/site\/wp-content\/uploads\/2020\/05\/Ministro-Edmund-Bartlett-200x300.jpg 200w\" sizes=\"auto, (max-width: 681px) 100vw, 681px\" \/><figcaption>Edmund Bartlett, Ministro do Turismo da Jamaica (Foto: Divulga\u00e7\u00e3o)<\/figcaption><\/figure><\/div>\n\n\n\n<h2 class=\"wp-block-heading\">Confira alguns dos temas de destaque na Japex Live 2020<\/h2>\n\n\n\n<h4 class=\"wp-block-heading\">Retomada de voos<\/h4>\n\n\n\n<p>A retomada gradual do n\u00famero de frequ\u00eancias de voos para a Jamaica foi um dos destaques discutidos na feira. Empresas como Copa, Delta, American Airlines, JetBlue, United, Southwest, Air Canada e WestJet aumentam as frequ\u00eancias \u00e0 medida que a demanda por passageiros cresce.<\/p>\n\n\n\n<p style=\"text-align:center\">Leia mais = <strong><a rel=\"noreferrer noopener\" aria-label=\"Copa Airlines retoma voos a Belo Horizonte em Novembro (opens in a new tab)\" href=\"https:\/\/www.travel3.com.br\/ir-e-vir\/ar\/copa-airlines-retoma-voos-a-belo-horizonte-em-novembro\/\" target=\"_blank\">Copa Airlines retoma voos a Belo Horizonte em Novembro<\/a><\/strong><a href=\"https:\/\/www.travel3.com.br\/ir-e-vir\/ar\/copa-airlines-retoma-voos-a-belo-horizonte-em-novembro\/\"><\/a><\/p>\n\n\n\n<p>J\u00e1 a British Airways acaba de retomar os voos para Montego Bay a partir de Londres, com 2 frequ\u00eancias por semana; e a Virgin Atlantic voltou \u00e0 Jamaica em outubro, com voos de saindo de Heathrow para Montego Bay.<\/p>\n\n\n\n<h4 class=\"wp-block-heading\">Novos hot\u00e9is<\/h4>\n\n\n\n<p>Em Montego Bay, o Hard Rock Resort est\u00e1 em fase final de planejamento, e deve come\u00e7ar a ser constru\u00eddo em breve. Localizado no Elegant Corridor o empreendimento ter\u00e1 1.700 quartos. J\u00e1 o all inclusive SeaGarden Beach Resort, localizado perto da Hip Strip, ir\u00e1 promover uma amplia\u00e7\u00e3o, e ganhar\u00e1 mais 800 quartos.<\/p>\n\n\n\n<p>J\u00e1 em Trelawny, a Oceans by H10 ir\u00e1 construir uma propriedade de 440 quartos, e o Royalton Group totalizar\u00e1 1.200 quartos com a constru\u00e7\u00e3o de 2 novos resorts.<\/p>\n\n\n\n<p>Em Ocho Rios, a bandeira Karisma Hotels &amp; Resorts deu in\u00edcio \u00e0 1\u00aa fase do empreendimento Sugarcane, com 700 quartos. A fase 2 adicionar\u00e1 mais 3.800 unidades, e completar\u00e1 o total de 4.500 quartos.<\/p>\n\n\n\n<p>E na capital Kingston j\u00e1 est\u00e3o em andamento as reformas para o ROK \u2013 Kingston; propriedade de 168 quartos com vista para a orla do centro da capital e que ser\u00e1 adiministrada pela Hilton, por meio de Tapestry Collection.<\/p>\n\n\n\n<h4 class=\"wp-block-heading\">Gastronomia+ entretenimento + bem estar em novo centro<\/h4>\n\n\n\n<p>Localizado no Shoppes at Rose Hall, o novo Centro de Excel\u00eancia em Conex\u00f5es tamb\u00e9m foi apresentado durante a Japex Live 2020. O espa\u00e7o reunir\u00e1 gastronomia + artesanato + servi\u00e7os de sa\u00fade e bem estar + entretenimento tradicionais da Jamaica.<\/p>\n\n\n\n<p style=\"text-align:center\">Leia mais = <strong><a href=\"https:\/\/www.travel3.com.br\/destaque\/historia-e-cultura-jamaicanas\/\" target=\"_blank\" rel=\"noreferrer noopener\" aria-label=\" (opens in a new tab)\">Hist\u00f3ria e cultura jamaicanas s\u00e3o atra\u00e7\u00f5es de roteiros exclusivos<\/a><\/strong><\/p>\n\n\n\n<blockquote class=\"wp-block-quote is-layout-flow wp-block-quote-is-layout-flow\"><p>Estamos satisfeitos com a participa\u00e7\u00e3o e o apoio das delega\u00e7\u00f5es internacionais para esta edi\u00e7\u00e3o virtual da maior feira do trade tur\u00edstico da ilha. \u00c9 muito encorajador para n\u00f3s que j\u00e1 recebemos mais de 211.000 visitantes desde a reabertura do destino em junho.<\/p><p>Com as festas de fim de ano se aproximando nossa esperan\u00e7a \u00e9 de que essa tend\u00eancia se mantenha, \u00e0 medida que persistimos na meta para a recupera\u00e7\u00e3o do setor durante os pr\u00f3ximos meses.<\/p><cite>Donovan White &#8211; Diretor de Turismo da Jamaica<\/cite><\/blockquote>\n\n\n\n<h3 class=\"wp-block-heading\" style=\"text-align:center\">Saiba mais = <a href=\"https:\/\/www.visitjamaica.com\/portuguese\/\" target=\"_blank\" rel=\"noreferrer noopener\" aria-label=\"www.visitjamaica.com (opens in a new tab)\">www.visitjamaica.com<\/a><\/h3>\n","protected":false},"excerpt":{"rendered":"<p>Em sua 30\u00aa edi\u00e7\u00e3o, maior feira de turismo da Jamaica reuniu o trade tur\u00edstico com p\u00fablico recorde 1\u00aa edi\u00e7\u00e3o virtual da Jamaica Product Exchange, a Japex Live 2020 chega ao fim com recorde de audi\u00eancia. Em 2 dias de evento, a 30\u00aa edi\u00e7\u00e3o da maior feira de turismo da Jamaica teve cerca de 2.500 inscri\u00e7\u00f5es, [&hellip;]<\/p>\n","protected":false},"author":6,"featured_media":37689,"comment_status":"open","ping_status":"open","sticky":false,"template":"","format":"standard","meta":{"footnotes":""},"categories":[969,226,5],"tags":[1157,4337,4359,4117],"class_list":["post-37684","post","type-post","status-publish","format-standard","has-post-thumbnail","hentry","category-acontece-no-turismo","category-destaque","category-eventos-e-feiras","tag-jamaica","tag-japex","tag-japex-live-2020","tag-retomada-do-turismo"],"yoast_head":"<!-- This site is optimized with the Yoast SEO plugin v26.2 - https:\/\/yoast.com\/wordpress\/plugins\/seo\/ -->\n<title>Confira os destaques da Japex Live 2020 - Travel3<\/title>\n<meta name=\"description\" content=\"Confira os destaques da Japex Live 2020; em sua 30\u00aa edi\u00e7\u00e3o, maior feira de turismo da Jamaica reuniu o trade tur\u00edstico com p\u00fablico recorde\" \/>\n<meta name=\"robots\" content=\"index, follow, max-snippet:-1, max-image-preview:large, max-video-preview:-1\" \/>\n<link rel=\"canonical\" href=\"https:\/\/www.travel3.com.br\/site\/acontece-no-turismo\/eventos-e-feiras\/confira-os-destaques-da-japex-live-2020\/\" \/>\n<meta property=\"og:locale\" content=\"pt_BR\" \/>\n<meta property=\"og:type\" content=\"article\" \/>\n<meta property=\"og:title\" content=\"Confira os destaques da Japex Live 2020 - Travel3\" \/>\n<meta property=\"og:description\" content=\"Confira os destaques da Japex Live 2020; em sua 30\u00aa edi\u00e7\u00e3o, maior feira de turismo da Jamaica reuniu o trade tur\u00edstico com p\u00fablico recorde\" \/>\n<meta property=\"og:url\" content=\"https:\/\/www.travel3.com.br\/site\/acontece-no-turismo\/eventos-e-feiras\/confira-os-destaques-da-japex-live-2020\/\" \/>\n<meta property=\"og:site_name\" content=\"Travel3\" \/>\n<meta property=\"article:publisher\" content=\"https:\/\/www.facebook.com\/travel3media\/\" \/>\n<meta property=\"article:published_time\" content=\"2020-11-16T13:54:34+00:00\" \/>\n<meta property=\"article:modified_time\" content=\"2020-11-16T13:54:36+00:00\" \/>\n<meta property=\"og:image\" content=\"https:\/\/www.travel3.com.br\/site\/wp-content\/uploads\/2020\/11\/Donovan-White-JAPEX2020.jpg\" \/>\n\t<meta property=\"og:image:width\" content=\"930\" \/>\n\t<meta property=\"og:image:height\" content=\"621\" \/>\n\t<meta property=\"og:image:type\" content=\"image\/jpeg\" \/>\n<meta name=\"author\" content=\"Reda\u00e7\u00e3o Travel3\" \/>\n<meta name=\"twitter:card\" content=\"summary_large_image\" \/>\n<meta name=\"twitter:label1\" content=\"Escrito por\" \/>\n\t<meta name=\"twitter:data1\" content=\"Reda\u00e7\u00e3o Travel3\" \/>\n\t<meta name=\"twitter:label2\" content=\"Est. tempo de leitura\" \/>\n\t<meta name=\"twitter:data2\" content=\"3 minutos\" \/>\n<script type=\"application\/ld+json\" class=\"yoast-schema-graph\">{\"@context\":\"https:\/\/schema.org\",\"@graph\":[{\"@type\":\"Article\",\"@id\":\"https:\/\/www.travel3.com.br\/site\/acontece-no-turismo\/eventos-e-feiras\/confira-os-destaques-da-japex-live-2020\/#article\",\"isPartOf\":{\"@id\":\"https:\/\/www.travel3.com.br\/site\/acontece-no-turismo\/eventos-e-feiras\/confira-os-destaques-da-japex-live-2020\/\"},\"author\":{\"name\":\"Reda\u00e7\u00e3o Travel3\",\"@id\":\"https:\/\/www.travel3.com.br\/site\/#\/schema\/person\/9cff8daac0a2f1aa0799f827b8aa8308\"},\"headline\":\"Confira os destaques da Japex Live 2020\",\"datePublished\":\"2020-11-16T13:54:34+00:00\",\"dateModified\":\"2020-11-16T13:54:36+00:00\",\"mainEntityOfPage\":{\"@id\":\"https:\/\/www.travel3.com.br\/site\/acontece-no-turismo\/eventos-e-feiras\/confira-os-destaques-da-japex-live-2020\/\"},\"wordCount\":675,\"commentCount\":0,\"publisher\":{\"@id\":\"https:\/\/www.travel3.com.br\/site\/#organization\"},\"image\":{\"@id\":\"https:\/\/www.travel3.com.br\/site\/acontece-no-turismo\/eventos-e-feiras\/confira-os-destaques-da-japex-live-2020\/#primaryimage\"},\"thumbnailUrl\":\"https:\/\/www.travel3.com.br\/site\/wp-content\/uploads\/2020\/11\/Donovan-White-JAPEX2020.jpg\",\"keywords\":[\"Jamaica\",\"JAPEX\",\"Japex Live 2020\",\"Retomada do Turismo\"],\"articleSection\":[\"Acontece no Turismo\",\"Destaque\",\"Eventos e Feiras\"],\"inLanguage\":\"pt-BR\",\"potentialAction\":[{\"@type\":\"CommentAction\",\"name\":\"Comment\",\"target\":[\"https:\/\/www.travel3.com.br\/site\/acontece-no-turismo\/eventos-e-feiras\/confira-os-destaques-da-japex-live-2020\/#respond\"]}]},{\"@type\":\"WebPage\",\"@id\":\"https:\/\/www.travel3.com.br\/site\/acontece-no-turismo\/eventos-e-feiras\/confira-os-destaques-da-japex-live-2020\/\",\"url\":\"https:\/\/www.travel3.com.br\/site\/acontece-no-turismo\/eventos-e-feiras\/confira-os-destaques-da-japex-live-2020\/\",\"name\":\"Confira os destaques da Japex Live 2020 - Travel3\",\"isPartOf\":{\"@id\":\"https:\/\/www.travel3.com.br\/site\/#website\"},\"primaryImageOfPage\":{\"@id\":\"https:\/\/www.travel3.com.br\/site\/acontece-no-turismo\/eventos-e-feiras\/confira-os-destaques-da-japex-live-2020\/#primaryimage\"},\"image\":{\"@id\":\"https:\/\/www.travel3.com.br\/site\/acontece-no-turismo\/eventos-e-feiras\/confira-os-destaques-da-japex-live-2020\/#primaryimage\"},\"thumbnailUrl\":\"https:\/\/www.travel3.com.br\/site\/wp-content\/uploads\/2020\/11\/Donovan-White-JAPEX2020.jpg\",\"datePublished\":\"2020-11-16T13:54:34+00:00\",\"dateModified\":\"2020-11-16T13:54:36+00:00\",\"description\":\"Confira os destaques da Japex Live 2020; em sua 30\u00aa edi\u00e7\u00e3o, maior feira de turismo da Jamaica reuniu o trade tur\u00edstico com p\u00fablico recorde\",\"breadcrumb\":{\"@id\":\"https:\/\/www.travel3.com.br\/site\/acontece-no-turismo\/eventos-e-feiras\/confira-os-destaques-da-japex-live-2020\/#breadcrumb\"},\"inLanguage\":\"pt-BR\",\"potentialAction\":[{\"@type\":\"ReadAction\",\"target\":[\"https:\/\/www.travel3.com.br\/site\/acontece-no-turismo\/eventos-e-feiras\/confira-os-destaques-da-japex-live-2020\/\"]}]},{\"@type\":\"ImageObject\",\"inLanguage\":\"pt-BR\",\"@id\":\"https:\/\/www.travel3.com.br\/site\/acontece-no-turismo\/eventos-e-feiras\/confira-os-destaques-da-japex-live-2020\/#primaryimage\",\"url\":\"https:\/\/www.travel3.com.br\/site\/wp-content\/uploads\/2020\/11\/Donovan-White-JAPEX2020.jpg\",\"contentUrl\":\"https:\/\/www.travel3.com.br\/site\/wp-content\/uploads\/2020\/11\/Donovan-White-JAPEX2020.jpg\",\"width\":930,\"height\":621,\"caption\":\"Donovan White, Diretor de Turismo da Jamaica (Foto: Divulga\u00e7\u00e3o)\"},{\"@type\":\"BreadcrumbList\",\"@id\":\"https:\/\/www.travel3.com.br\/site\/acontece-no-turismo\/eventos-e-feiras\/confira-os-destaques-da-japex-live-2020\/#breadcrumb\",\"itemListElement\":[{\"@type\":\"ListItem\",\"position\":1,\"name\":\"In\u00edcio\",\"item\":\"https:\/\/www.travel3.com.br\/site\/\"},{\"@type\":\"ListItem\",\"position\":2,\"name\":\"Confira os destaques da Japex Live 2020\"}]},{\"@type\":\"WebSite\",\"@id\":\"https:\/\/www.travel3.com.br\/site\/#website\",\"url\":\"https:\/\/www.travel3.com.br\/site\/\",\"name\":\"Travel3\",\"description\":\"Lazer + Neg&oacute;cios + Aventura\",\"publisher\":{\"@id\":\"https:\/\/www.travel3.com.br\/site\/#organization\"},\"potentialAction\":[{\"@type\":\"SearchAction\",\"target\":{\"@type\":\"EntryPoint\",\"urlTemplate\":\"https:\/\/www.travel3.com.br\/site\/?s={search_term_string}\"},\"query-input\":{\"@type\":\"PropertyValueSpecification\",\"valueRequired\":true,\"valueName\":\"search_term_string\"}}],\"inLanguage\":\"pt-BR\"},{\"@type\":\"Organization\",\"@id\":\"https:\/\/www.travel3.com.br\/site\/#organization\",\"name\":\"Travel3\",\"url\":\"https:\/\/www.travel3.com.br\/site\/\",\"logo\":{\"@type\":\"ImageObject\",\"inLanguage\":\"pt-BR\",\"@id\":\"https:\/\/www.travel3.com.br\/site\/#\/schema\/logo\/image\/\",\"url\":\"https:\/\/www.travel3.com.br\/site\/wp-content\/uploads\/2020\/01\/logo-travel3-2020.png\",\"contentUrl\":\"https:\/\/www.travel3.com.br\/site\/wp-content\/uploads\/2020\/01\/logo-travel3-2020.png\",\"width\":232,\"height\":79,\"caption\":\"Travel3\"},\"image\":{\"@id\":\"https:\/\/www.travel3.com.br\/site\/#\/schema\/logo\/image\/\"},\"sameAs\":[\"https:\/\/www.facebook.com\/travel3media\/\",\"https:\/\/www.instagram.com\/revistatravel3\/\",\"https:\/\/www.youtube.com\/channel\/UCno7J4paGBR3VbZQzvoJ9Eg\"]},{\"@type\":\"Person\",\"@id\":\"https:\/\/www.travel3.com.br\/site\/#\/schema\/person\/9cff8daac0a2f1aa0799f827b8aa8308\",\"name\":\"Reda\u00e7\u00e3o Travel3\",\"image\":{\"@type\":\"ImageObject\",\"inLanguage\":\"pt-BR\",\"@id\":\"https:\/\/www.travel3.com.br\/site\/#\/schema\/person\/image\/\",\"url\":\"https:\/\/secure.gravatar.com\/avatar\/6e6125525e1f04b7b8c607d71556e490?s=96&d=mm&r=g\",\"contentUrl\":\"https:\/\/secure.gravatar.com\/avatar\/6e6125525e1f04b7b8c607d71556e490?s=96&d=mm&r=g\",\"caption\":\"Reda\u00e7\u00e3o Travel3\"},\"sameAs\":[\"http:\/\/www.travel3.com.br\"],\"url\":\"https:\/\/www.travel3.com.br\/site\/author\/redacao2\/\"}]}<\/script>\n<!-- \/ Yoast SEO plugin. -->","yoast_head_json":{"title":"Confira os destaques da Japex Live 2020 - Travel3","description":"Confira os destaques da Japex Live 2020; em sua 30\u00aa edi\u00e7\u00e3o, maior feira de turismo da Jamaica reuniu o trade tur\u00edstico com p\u00fablico recorde","robots":{"index":"index","follow":"follow","max-snippet":"max-snippet:-1","max-image-preview":"max-image-preview:large","max-video-preview":"max-video-preview:-1"},"canonical":"https:\/\/www.travel3.com.br\/site\/acontece-no-turismo\/eventos-e-feiras\/confira-os-destaques-da-japex-live-2020\/","og_locale":"pt_BR","og_type":"article","og_title":"Confira os destaques da Japex Live 2020 - Travel3","og_description":"Confira os destaques da Japex Live 2020; em sua 30\u00aa edi\u00e7\u00e3o, maior feira de turismo da Jamaica reuniu o trade tur\u00edstico com p\u00fablico recorde","og_url":"https:\/\/www.travel3.com.br\/site\/acontece-no-turismo\/eventos-e-feiras\/confira-os-destaques-da-japex-live-2020\/","og_site_name":"Travel3","article_publisher":"https:\/\/www.facebook.com\/travel3media\/","article_published_time":"2020-11-16T13:54:34+00:00","article_modified_time":"2020-11-16T13:54:36+00:00","og_image":[{"width":930,"height":621,"url":"https:\/\/www.travel3.com.br\/site\/wp-content\/uploads\/2020\/11\/Donovan-White-JAPEX2020.jpg","type":"image\/jpeg"}],"author":"Reda\u00e7\u00e3o Travel3","twitter_card":"summary_large_image","twitter_misc":{"Escrito por":"Reda\u00e7\u00e3o Travel3","Est. tempo de leitura":"3 minutos"},"schema":{"@context":"https:\/\/schema.org","@graph":[{"@type":"Article","@id":"https:\/\/www.travel3.com.br\/site\/acontece-no-turismo\/eventos-e-feiras\/confira-os-destaques-da-japex-live-2020\/#article","isPartOf":{"@id":"https:\/\/www.travel3.com.br\/site\/acontece-no-turismo\/eventos-e-feiras\/confira-os-destaques-da-japex-live-2020\/"},"author":{"name":"Reda\u00e7\u00e3o Travel3","@id":"https:\/\/www.travel3.com.br\/site\/#\/schema\/person\/9cff8daac0a2f1aa0799f827b8aa8308"},"headline":"Confira os destaques da Japex Live 2020","datePublished":"2020-11-16T13:54:34+00:00","dateModified":"2020-11-16T13:54:36+00:00","mainEntityOfPage":{"@id":"https:\/\/www.travel3.com.br\/site\/acontece-no-turismo\/eventos-e-feiras\/confira-os-destaques-da-japex-live-2020\/"},"wordCount":675,"commentCount":0,"publisher":{"@id":"https:\/\/www.travel3.com.br\/site\/#organization"},"image":{"@id":"https:\/\/www.travel3.com.br\/site\/acontece-no-turismo\/eventos-e-feiras\/confira-os-destaques-da-japex-live-2020\/#primaryimage"},"thumbnailUrl":"https:\/\/www.travel3.com.br\/site\/wp-content\/uploads\/2020\/11\/Donovan-White-JAPEX2020.jpg","keywords":["Jamaica","JAPEX","Japex Live 2020","Retomada do Turismo"],"articleSection":["Acontece no Turismo","Destaque","Eventos e Feiras"],"inLanguage":"pt-BR","potentialAction":[{"@type":"CommentAction","name":"Comment","target":["https:\/\/www.travel3.com.br\/site\/acontece-no-turismo\/eventos-e-feiras\/confira-os-destaques-da-japex-live-2020\/#respond"]}]},{"@type":"WebPage","@id":"https:\/\/www.travel3.com.br\/site\/acontece-no-turismo\/eventos-e-feiras\/confira-os-destaques-da-japex-live-2020\/","url":"https:\/\/www.travel3.com.br\/site\/acontece-no-turismo\/eventos-e-feiras\/confira-os-destaques-da-japex-live-2020\/","name":"Confira os destaques da Japex Live 2020 - Travel3","isPartOf":{"@id":"https:\/\/www.travel3.com.br\/site\/#website"},"primaryImageOfPage":{"@id":"https:\/\/www.travel3.com.br\/site\/acontece-no-turismo\/eventos-e-feiras\/confira-os-destaques-da-japex-live-2020\/#primaryimage"},"image":{"@id":"https:\/\/www.travel3.com.br\/site\/acontece-no-turismo\/eventos-e-feiras\/confira-os-destaques-da-japex-live-2020\/#primaryimage"},"thumbnailUrl":"https:\/\/www.travel3.com.br\/site\/wp-content\/uploads\/2020\/11\/Donovan-White-JAPEX2020.jpg","datePublished":"2020-11-16T13:54:34+00:00","dateModified":"2020-11-16T13:54:36+00:00","description":"Confira os destaques da Japex Live 2020; em sua 30\u00aa edi\u00e7\u00e3o, maior feira de turismo da Jamaica reuniu o trade tur\u00edstico com p\u00fablico recorde","breadcrumb":{"@id":"https:\/\/www.travel3.com.br\/site\/acontece-no-turismo\/eventos-e-feiras\/confira-os-destaques-da-japex-live-2020\/#breadcrumb"},"inLanguage":"pt-BR","potentialAction":[{"@type":"ReadAction","target":["https:\/\/www.travel3.com.br\/site\/acontece-no-turismo\/eventos-e-feiras\/confira-os-destaques-da-japex-live-2020\/"]}]},{"@type":"ImageObject","inLanguage":"pt-BR","@id":"https:\/\/www.travel3.com.br\/site\/acontece-no-turismo\/eventos-e-feiras\/confira-os-destaques-da-japex-live-2020\/#primaryimage","url":"https:\/\/www.travel3.com.br\/site\/wp-content\/uploads\/2020\/11\/Donovan-White-JAPEX2020.jpg","contentUrl":"https:\/\/www.travel3.com.br\/site\/wp-content\/uploads\/2020\/11\/Donovan-White-JAPEX2020.jpg","width":930,"height":621,"caption":"Donovan White, Diretor de Turismo da Jamaica (Foto: Divulga\u00e7\u00e3o)"},{"@type":"BreadcrumbList","@id":"https:\/\/www.travel3.com.br\/site\/acontece-no-turismo\/eventos-e-feiras\/confira-os-destaques-da-japex-live-2020\/#breadcrumb","itemListElement":[{"@type":"ListItem","position":1,"name":"In\u00edcio","item":"https:\/\/www.travel3.com.br\/site\/"},{"@type":"ListItem","position":2,"name":"Confira os destaques da Japex Live 2020"}]},{"@type":"WebSite","@id":"https:\/\/www.travel3.com.br\/site\/#website","url":"https:\/\/www.travel3.com.br\/site\/","name":"Travel3","description":"Lazer + Neg&oacute;cios + Aventura","publisher":{"@id":"https:\/\/www.travel3.com.br\/site\/#organization"},"potentialAction":[{"@type":"SearchAction","target":{"@type":"EntryPoint","urlTemplate":"https:\/\/www.travel3.com.br\/site\/?s={search_term_string}"},"query-input":{"@type":"PropertyValueSpecification","valueRequired":true,"valueName":"search_term_string"}}],"inLanguage":"pt-BR"},{"@type":"Organization","@id":"https:\/\/www.travel3.com.br\/site\/#organization","name":"Travel3","url":"https:\/\/www.travel3.com.br\/site\/","logo":{"@type":"ImageObject","inLanguage":"pt-BR","@id":"https:\/\/www.travel3.com.br\/site\/#\/schema\/logo\/image\/","url":"https:\/\/www.travel3.com.br\/site\/wp-content\/uploads\/2020\/01\/logo-travel3-2020.png","contentUrl":"https:\/\/www.travel3.com.br\/site\/wp-content\/uploads\/2020\/01\/logo-travel3-2020.png","width":232,"height":79,"caption":"Travel3"},"image":{"@id":"https:\/\/www.travel3.com.br\/site\/#\/schema\/logo\/image\/"},"sameAs":["https:\/\/www.facebook.com\/travel3media\/","https:\/\/www.instagram.com\/revistatravel3\/","https:\/\/www.youtube.com\/channel\/UCno7J4paGBR3VbZQzvoJ9Eg"]},{"@type":"Person","@id":"https:\/\/www.travel3.com.br\/site\/#\/schema\/person\/9cff8daac0a2f1aa0799f827b8aa8308","name":"Reda\u00e7\u00e3o Travel3","image":{"@type":"ImageObject","inLanguage":"pt-BR","@id":"https:\/\/www.travel3.com.br\/site\/#\/schema\/person\/image\/","url":"https:\/\/secure.gravatar.com\/avatar\/6e6125525e1f04b7b8c607d71556e490?s=96&d=mm&r=g","contentUrl":"https:\/\/secure.gravatar.com\/avatar\/6e6125525e1f04b7b8c607d71556e490?s=96&d=mm&r=g","caption":"Reda\u00e7\u00e3o Travel3"},"sameAs":["http:\/\/www.travel3.com.br"],"url":"https:\/\/www.travel3.com.br\/site\/author\/redacao2\/"}]}},"_links":{"self":[{"href":"https:\/\/www.travel3.com.br\/site\/wp-json\/wp\/v2\/posts\/37684","targetHints":{"allow":["GET"]}}],"collection":[{"href":"https:\/\/www.travel3.com.br\/site\/wp-json\/wp\/v2\/posts"}],"about":[{"href":"https:\/\/www.travel3.com.br\/site\/wp-json\/wp\/v2\/types\/post"}],"author":[{"embeddable":true,"href":"https:\/\/www.travel3.com.br\/site\/wp-json\/wp\/v2\/users\/6"}],"replies":[{"embeddable":true,"href":"https:\/\/www.travel3.com.br\/site\/wp-json\/wp\/v2\/comments?post=37684"}],"version-history":[{"count":3,"href":"https:\/\/www.travel3.com.br\/site\/wp-json\/wp\/v2\/posts\/37684\/revisions"}],"predecessor-version":[{"id":37691,"href":"https:\/\/www.travel3.com.br\/site\/wp-json\/wp\/v2\/posts\/37684\/revisions\/37691"}],"wp:featuredmedia":[{"embeddable":true,"href":"https:\/\/www.travel3.com.br\/site\/wp-json\/wp\/v2\/media\/37689"}],"wp:attachment":[{"href":"https:\/\/www.travel3.com.br\/site\/wp-json\/wp\/v2\/media?parent=37684"}],"wp:term":[{"taxonomy":"category","embeddable":true,"href":"https:\/\/www.travel3.com.br\/site\/wp-json\/wp\/v2\/categories?post=37684"},{"taxonomy":"post_tag","embeddable":true,"href":"https:\/\/www.travel3.com.br\/site\/wp-json\/wp\/v2\/tags?post=37684"}],"curies":[{"name":"wp","href":"https:\/\/api.w.org\/{rel}","templated":true}]}}