{"id":37628,"date":"2020-11-13T12:15:49","date_gmt":"2020-11-13T14:15:49","guid":{"rendered":"https:\/\/www.travel3.com.br\/?p=37628"},"modified":"2020-11-13T12:16:28","modified_gmt":"2020-11-13T14:16:28","slug":"casa-funarte-liberdade-novo-espaco-cultural-de-bh","status":"publish","type":"post","link":"https:\/\/www.travel3.com.br\/site\/destaque\/casa-funarte-liberdade-novo-espaco-cultural-de-bh\/","title":{"rendered":"Casa Funarte Liberdade = novo espa\u00e7o cultural de BH"},"content":{"rendered":"\n<div class=\"wp-block-image\"><figure class=\"aligncenter\"><img loading=\"lazy\" decoding=\"async\" width=\"500\" height=\"305\" src=\"https:\/\/www.travel3.com.br\/site\/wp-content\/uploads\/2020\/11\/image003.png\" alt=\"Casa Funarte Liberdade\" class=\"wp-image-37632\" srcset=\"https:\/\/www.travel3.com.br\/site\/wp-content\/uploads\/2020\/11\/image003.png 500w, https:\/\/www.travel3.com.br\/site\/wp-content\/uploads\/2020\/11\/image003-300x183.png 300w\" sizes=\"auto, (max-width: 500px) 100vw, 500px\" \/><figcaption>Fachada do edif\u00edcio, que recebe o novo espa\u00e7o cultural (Foto: Divulga\u00e7\u00e3o)<\/figcaption><\/figure><\/div>\n\n\n\n<h3 class=\"wp-block-heading\" style=\"text-align:center\">Cedido pela Secult MG, pr\u00e9dio conhecido como <em>Rainha da Sucata<\/em> passa a receber atra\u00e7\u00f5es diversas<\/h3>\n\n\n\n<p>O Edif\u00edcio Tancredo Neves \u00e9, desde o \u00faltimo dia 9, um novo espa\u00e7o cultural de Belo Horizonte: a Casa Funarte Liberdade. Cedido \u00e0 Funda\u00e7\u00e3o Nacional de Artes pela Secretaria de Estado de Cultura e Turismo de Minas Gerais, o pr\u00e9dio conhecido como <em>Rainha&nbsp;da&nbsp;Sucata<\/em> faz parte do Circuito Cultural e Tur\u00edstico Liberdade &#8211; e passa a receber atra\u00e7\u00f5es de m\u00fasica + dan\u00e7a + teatro + artes visuais + artes integradas; al\u00e9m de a\u00e7\u00f5es de forma\u00e7\u00e3o nessas \u00e1reas.<\/p>\n\n\n\n<p>Com \u00e1rea total de 1.547m\u00b2, o pr\u00e9dio inaugurado em 1990 tem 4 pavimentos, um subsolo de 258 m\u00b2 e abriga um teatro de arena para 400 espectadores. Assinado por Sylvio de Podest\u00e1 e \u00c9olo Maia, o projeto arquitet\u00f4nico do Edif\u00edcio Tancredo Neves se destaca pela concep\u00e7\u00e3o ousada e pelo uso de materiais variados e cores fortes nas fachadas, em estilo p\u00f3s-modernista.<\/p>\n\n\n\n<p style=\"text-align:center\">Leia mais = <strong><a href=\"https:\/\/www.travel3.com.br\/destaque\/museus-de-minas-gerais-ja-estao-abertos-para-visitas\/\" target=\"_blank\" rel=\"noreferrer noopener\" aria-label=\" (opens in a new tab)\">Museus de Minas Gerais j\u00e1 est\u00e3o abertos para visitas<\/a><\/strong><\/p>\n\n\n\n<p>De acordo com a Funarte, a ideia \u00e9 que a casa, rec\u00e9m-revitalizada, passe a ser um polo art\u00edstico; que permita que a institui\u00e7\u00e3o federal se aproxime da cadeia produtiva das artes. Nesse sentido, a nova agenda ter\u00e1 a participa\u00e7\u00e3o da Universidade Federal do Rio de Janeiro (UFRJ), por meio dos projetos <u><a href=\"https:\/\/www.bossacriativa.art.br\/about\" target=\"_blank\" rel=\"noreferrer noopener\" aria-label=\"Bossa Criativa (opens in a new tab)\">Bossa Criativa<\/a><\/u> \u2013 Arte de Toda Gente + Um Novo Olhar (UNO) + Sistema Nacional de Orquestras Sociais (Sinos).<\/p>\n\n\n\n<blockquote class=\"wp-block-quote is-layout-flow wp-block-quote-is-layout-flow\"><p>A Casa Funarte Liberdade \u00e9 o mais novo espa\u00e7o nacional das artes em terras mineiras, em endere\u00e7o emblem\u00e1tico da p\u00f3s-modernidade. Sua arquitetura diferente e o aproveitamento de materiais met\u00e1licos, com cores fortes, n\u00e3o combinavam com os pr\u00e9dios nos arredores da Pra\u00e7a da Liberdade. Obra da arte traquina, que provoca e sugere; e que se reinventa de tempos em tempos.<\/p><cite>Lamartine Holanda &#8211; Presidente da Funda\u00e7\u00e3o Nacional de Artes (Funarte) <\/cite><\/blockquote>\n\n\n\n<div class=\"wp-block-image\"><figure class=\"aligncenter\"><img loading=\"lazy\" decoding=\"async\" width=\"500\" height=\"333\" src=\"https:\/\/www.travel3.com.br\/site\/wp-content\/uploads\/2020\/11\/image001-1.png\" alt=\"Casa Funarte Liberdade\" class=\"wp-image-37631\" srcset=\"https:\/\/www.travel3.com.br\/site\/wp-content\/uploads\/2020\/11\/image001-1.png 500w, https:\/\/www.travel3.com.br\/site\/wp-content\/uploads\/2020\/11\/image001-1-300x200.png 300w\" sizes=\"auto, (max-width: 500px) 100vw, 500px\" \/><figcaption>Apresenta\u00e7\u00e3o do Quinteto Sinos durante a inaugura\u00e7\u00e3o do novo espa\u00e7o (Foto: Paulo Lacerda\/Divulga\u00e7\u00e3o)<\/figcaption><\/figure><\/div>\n\n\n\n<h2 class=\"wp-block-heading\">Funarte + UFRJ<\/h2>\n\n\n\n<p>Projetos conjuntos entre a Funarte e a UFRJ marcaram a inaugura\u00e7\u00e3o da Casa Funarte Liberdade, e continuar\u00e3o presentes no dia a dia do novo espa\u00e7o cultural de Belo Horizonte. As iniciativas promovem oficinas e apresenta\u00e7\u00f5es, com foco na inclus\u00e3o e na divulga\u00e7\u00e3o da cultura.<\/p>\n\n\n\n<p style=\"text-align:center\">Leia mais = <strong><a href=\"https:\/\/www.travel3.com.br\/comece-a-viajar\/curacao\/\" target=\"_blank\" rel=\"noreferrer noopener\" aria-label=\"5 museus pra voc\u00ea conhecer a hist\u00f3ria de Cura\u00e7ao (opens in a new tab)\">5 museus pra voc\u00ea conhecer a hist\u00f3ria de Cura\u00e7ao<\/a><\/strong><\/p>\n\n\n\n<blockquote class=\"wp-block-quote is-layout-flow wp-block-quote-is-layout-flow\"><p>Com esse projeto pretendemos aumentar o n\u00famero de op\u00e7\u00f5es culturais e tur\u00edsticas \u00e0 popula\u00e7\u00e3o e tornar o Circuito Liberdade mais atrativo, dentro do contexto de reativa\u00e7\u00e3o da economia mineira, que depende muito das atividades culturais.<\/p><cite>Romeu Zema &#8211; Governador de Minas Gerais <\/cite><\/blockquote>\n\n\n\n<h4 class=\"wp-block-heading\">Bossa Criativa \u2013 Arte de Toda Gente<\/h4>\n\n\n\n<p>Online e presencial, essa iniciativa conjunta entre UFRJ + Funarte promove espet\u00e1culos com artistas de todo o pa\u00eds em cidades que comp\u00f5em o Patrim\u00f4nio Mundial Hist\u00f3rico e Natural da Unesco. Al\u00e9m disso, o Bossa Criativa oferece atividades de forma\u00e7\u00e3o em cria\u00e7\u00e3o e produ\u00e7\u00e3o art\u00edsticas \u2013 especialmente na \u00e1rea musical.<\/p>\n\n\n\n<h4 class=\"wp-block-heading\">Um Novo Olhar (UNO)<\/h4>\n\n\n\n<p>Outro projeto que marcou presen\u00e7a j\u00e1 na inaugura\u00e7\u00e3o da Casa Funarte Liberdade, o <em>Um Novo Olhar&nbsp;<\/em>re\u00fane diversos cursos de treinamento em arte-educa\u00e7\u00e3o. Entre os destaques est\u00e3o as oficinas de acessibilidade cultural e artes visuais para educadores de crian\u00e7as com defici\u00eancia.<\/p>\n\n\n\n<h4 class=\"wp-block-heading\">Sistema Nacional de Orquestras Sociais (Sinos)<\/h4>\n\n\n\n<p>O Sinos \u00e9 um projeto de apoio \u00e0 capacita\u00e7\u00e3o pedag\u00f3gica, direcionado a projetos orquestrais de inclus\u00e3o social, com prepara\u00e7\u00e3o de concertos. A iniciativa tem como alvo a capacita\u00e7\u00e3o de professores + alunos instrumentistas + regentes, a partir de atividades online e presenciais.<\/p>\n\n\n\n<div class=\"wp-block-image\"><figure class=\"aligncenter\"><img loading=\"lazy\" decoding=\"async\" width=\"436\" height=\"333\" src=\"https:\/\/www.travel3.com.br\/site\/wp-content\/uploads\/2020\/11\/image002-1.png\" alt=\"Casa Funarte Liberdade\" class=\"wp-image-37633\" srcset=\"https:\/\/www.travel3.com.br\/site\/wp-content\/uploads\/2020\/11\/image002-1.png 436w, https:\/\/www.travel3.com.br\/site\/wp-content\/uploads\/2020\/11\/image002-1-300x229.png 300w\" sizes=\"auto, (max-width: 436px) 100vw, 436px\" \/><figcaption>O governador de Minas Gerais, Romeu Zema; o secret\u00e1rio cultura e turismo de Minas Gerais, Le\u00f4nidas Oliveira; o Ministro do Turismo, Marcelo \u00c1lvaro Ant\u00f4nio; e a coordenadora da Funarte MG, Fabiane Aguiar, durante a inaugura\u00e7\u00e3o da Casa Funarte Liberdade (Foto: Paulo Lacerda\/Divulga\u00e7\u00e3o)<\/figcaption><\/figure><\/div>\n\n\n\n<h2 class=\"wp-block-heading\">Inaugura\u00e7\u00e3o reuniu diferentes atra\u00e7\u00f5es<\/h2>\n\n\n\n<p>A inaugura\u00e7\u00e3o da Casa Funarte Liberdade no \u00faltimo dia 9 foi acompanhada por apresenta\u00e7\u00f5es de m\u00fasica de concerto + teatro + dan\u00e7a contempor\u00e2nea com poesia e hip-hop. Al\u00e9m disso, foi montada pela Funarte, especialmente para a ocasi\u00e3o, uma exposi\u00e7\u00e3o da pintora, desenhista e gravadora mineira Yara Tupinamb\u00e1.<\/p>\n\n\n\n<p>O Quinteto Sinos, sob Reg\u00eancia do Maestro Marcelo Ramos, tocou uma m\u00fasica composta especialmente para o projeto; entre outras pe\u00e7as de concerto. J\u00e1 pelo Bossa Criativa, Kdu dos Anjos e Favelinha Dance apresentaram m\u00fasica + dan\u00e7a + poesia hip hop.<\/p>\n\n\n\n<p>E o projeto <em>Um Novo Olhar<\/em> promoveu um solo do ator e bailarino Oscar Capucho &#8211; artista cego que pesquisa o movimento coreogr\u00e1fico da pessoa com essa defici\u00eancia.<\/p>\n\n\n\n<p style=\"text-align:center\">Leia mais = <strong><a href=\"https:\/\/www.travel3.com.br\/destaque\/harley-davidson-museum\/\" target=\"_blank\" rel=\"noreferrer noopener\" aria-label=\"Harley-Davidson Museum \u00e9 dica para os amantes das 2 rodas (opens in a new tab)\">Harley-Davidson Museum \u00e9 dica para os amantes das 2 rodas<\/a><\/strong><\/p>\n\n\n\n<blockquote class=\"wp-block-quote is-layout-flow wp-block-quote-is-layout-flow\"><p>Esse pr\u00e9dio vai, sem d\u00favida, fomentar v\u00e1rias atividades culturais na capital, mostrando a parceria consolidada entre Governo Federal e Governo do estado, que gentilmente cedeu o im\u00f3vel para que houvesse o investimento com aporte de cerca de R$ 1,7 milh\u00e3o, proporcionando ao cidad\u00e3o, n\u00e3o somente belorizontino, mas a todos que visitam nosso estado e nossa capital, mais um espa\u00e7o cultural para ser desfrutado na cidade.<\/p><cite>Marcelo \u00c1lvaro Ant\u00f4nio &#8211; Ministro do Turismo<\/cite><\/blockquote>\n","protected":false},"excerpt":{"rendered":"<p>Cedido pela Secult MG, pr\u00e9dio conhecido como Rainha da Sucata passa a receber atra\u00e7\u00f5es diversas O Edif\u00edcio Tancredo Neves \u00e9, desde o \u00faltimo dia 9, um novo espa\u00e7o cultural de Belo Horizonte: a Casa Funarte Liberdade. Cedido \u00e0 Funda\u00e7\u00e3o Nacional de Artes pela Secretaria de Estado de Cultura e Turismo de Minas Gerais, o pr\u00e9dio [&hellip;]<\/p>\n","protected":false},"author":6,"featured_media":37632,"comment_status":"open","ping_status":"open","sticky":false,"template":"","format":"standard","meta":{"footnotes":""},"categories":[969,226,7],"tags":[677,394,4355,336,4354,4041],"class_list":["post-37628","post","type-post","status-publish","format-standard","has-post-thumbnail","hentry","category-acontece-no-turismo","category-destaque","category-dicas","tag-arte","tag-belo-horizonte","tag-casa-funarte-liberdade","tag-cultura","tag-funarte","tag-ministerio-do-turismo"],"yoast_head":"<!-- This site is optimized with the Yoast SEO plugin v26.2 - https:\/\/yoast.com\/wordpress\/plugins\/seo\/ -->\n<title>Casa Funarte Liberdade = novo espa\u00e7o cultural de BH - Travel3<\/title>\n<meta name=\"description\" content=\"Casa Funarte Liberdade = novo espa\u00e7o cultural de BH; cedido pela Secult MG, pr\u00e9dio conhecido como Rainha da Sucata passa a receber atra\u00e7\u00f5es diversas\" \/>\n<meta name=\"robots\" content=\"index, follow, max-snippet:-1, max-image-preview:large, max-video-preview:-1\" \/>\n<link rel=\"canonical\" href=\"https:\/\/www.travel3.com.br\/site\/destaque\/casa-funarte-liberdade-novo-espaco-cultural-de-bh\/\" \/>\n<meta property=\"og:locale\" content=\"pt_BR\" \/>\n<meta property=\"og:type\" content=\"article\" \/>\n<meta property=\"og:title\" content=\"Casa Funarte Liberdade = novo espa\u00e7o cultural de BH - Travel3\" \/>\n<meta property=\"og:description\" content=\"Casa Funarte Liberdade = novo espa\u00e7o cultural de BH; cedido pela Secult MG, pr\u00e9dio conhecido como Rainha da Sucata passa a receber atra\u00e7\u00f5es diversas\" \/>\n<meta property=\"og:url\" content=\"https:\/\/www.travel3.com.br\/site\/destaque\/casa-funarte-liberdade-novo-espaco-cultural-de-bh\/\" \/>\n<meta property=\"og:site_name\" content=\"Travel3\" \/>\n<meta property=\"article:publisher\" content=\"https:\/\/www.facebook.com\/travel3media\/\" \/>\n<meta property=\"article:published_time\" content=\"2020-11-13T14:15:49+00:00\" \/>\n<meta property=\"article:modified_time\" content=\"2020-11-13T14:16:28+00:00\" \/>\n<meta property=\"og:image\" content=\"https:\/\/www.travel3.com.br\/site\/wp-content\/uploads\/2020\/11\/image003.png\" \/>\n\t<meta property=\"og:image:width\" content=\"500\" \/>\n\t<meta property=\"og:image:height\" content=\"305\" \/>\n\t<meta property=\"og:image:type\" content=\"image\/png\" \/>\n<meta name=\"author\" content=\"Reda\u00e7\u00e3o Travel3\" \/>\n<meta name=\"twitter:card\" content=\"summary_large_image\" \/>\n<meta name=\"twitter:label1\" content=\"Escrito por\" \/>\n\t<meta name=\"twitter:data1\" content=\"Reda\u00e7\u00e3o Travel3\" \/>\n\t<meta name=\"twitter:label2\" content=\"Est. tempo de leitura\" \/>\n\t<meta name=\"twitter:data2\" content=\"4 minutos\" \/>\n<script type=\"application\/ld+json\" class=\"yoast-schema-graph\">{\"@context\":\"https:\/\/schema.org\",\"@graph\":[{\"@type\":\"Article\",\"@id\":\"https:\/\/www.travel3.com.br\/site\/destaque\/casa-funarte-liberdade-novo-espaco-cultural-de-bh\/#article\",\"isPartOf\":{\"@id\":\"https:\/\/www.travel3.com.br\/site\/destaque\/casa-funarte-liberdade-novo-espaco-cultural-de-bh\/\"},\"author\":{\"name\":\"Reda\u00e7\u00e3o Travel3\",\"@id\":\"https:\/\/www.travel3.com.br\/site\/#\/schema\/person\/9cff8daac0a2f1aa0799f827b8aa8308\"},\"headline\":\"Casa Funarte Liberdade = novo espa\u00e7o cultural de BH\",\"datePublished\":\"2020-11-13T14:15:49+00:00\",\"dateModified\":\"2020-11-13T14:16:28+00:00\",\"mainEntityOfPage\":{\"@id\":\"https:\/\/www.travel3.com.br\/site\/destaque\/casa-funarte-liberdade-novo-espaco-cultural-de-bh\/\"},\"wordCount\":907,\"commentCount\":0,\"publisher\":{\"@id\":\"https:\/\/www.travel3.com.br\/site\/#organization\"},\"image\":{\"@id\":\"https:\/\/www.travel3.com.br\/site\/destaque\/casa-funarte-liberdade-novo-espaco-cultural-de-bh\/#primaryimage\"},\"thumbnailUrl\":\"https:\/\/www.travel3.com.br\/site\/wp-content\/uploads\/2020\/11\/image003.png\",\"keywords\":[\"arte\",\"Belo Horizonte\",\"Casa Funarte Liberdade\",\"cultura\",\"Funarte\",\"Minist\u00e9rio do Turismo\"],\"articleSection\":[\"Acontece no Turismo\",\"Destaque\",\"Dicas\"],\"inLanguage\":\"pt-BR\",\"potentialAction\":[{\"@type\":\"CommentAction\",\"name\":\"Comment\",\"target\":[\"https:\/\/www.travel3.com.br\/site\/destaque\/casa-funarte-liberdade-novo-espaco-cultural-de-bh\/#respond\"]}]},{\"@type\":\"WebPage\",\"@id\":\"https:\/\/www.travel3.com.br\/site\/destaque\/casa-funarte-liberdade-novo-espaco-cultural-de-bh\/\",\"url\":\"https:\/\/www.travel3.com.br\/site\/destaque\/casa-funarte-liberdade-novo-espaco-cultural-de-bh\/\",\"name\":\"Casa Funarte Liberdade = novo espa\u00e7o cultural de BH - Travel3\",\"isPartOf\":{\"@id\":\"https:\/\/www.travel3.com.br\/site\/#website\"},\"primaryImageOfPage\":{\"@id\":\"https:\/\/www.travel3.com.br\/site\/destaque\/casa-funarte-liberdade-novo-espaco-cultural-de-bh\/#primaryimage\"},\"image\":{\"@id\":\"https:\/\/www.travel3.com.br\/site\/destaque\/casa-funarte-liberdade-novo-espaco-cultural-de-bh\/#primaryimage\"},\"thumbnailUrl\":\"https:\/\/www.travel3.com.br\/site\/wp-content\/uploads\/2020\/11\/image003.png\",\"datePublished\":\"2020-11-13T14:15:49+00:00\",\"dateModified\":\"2020-11-13T14:16:28+00:00\",\"description\":\"Casa Funarte Liberdade = novo espa\u00e7o cultural de BH; cedido pela Secult MG, pr\u00e9dio conhecido como Rainha da Sucata passa a receber atra\u00e7\u00f5es diversas\",\"breadcrumb\":{\"@id\":\"https:\/\/www.travel3.com.br\/site\/destaque\/casa-funarte-liberdade-novo-espaco-cultural-de-bh\/#breadcrumb\"},\"inLanguage\":\"pt-BR\",\"potentialAction\":[{\"@type\":\"ReadAction\",\"target\":[\"https:\/\/www.travel3.com.br\/site\/destaque\/casa-funarte-liberdade-novo-espaco-cultural-de-bh\/\"]}]},{\"@type\":\"ImageObject\",\"inLanguage\":\"pt-BR\",\"@id\":\"https:\/\/www.travel3.com.br\/site\/destaque\/casa-funarte-liberdade-novo-espaco-cultural-de-bh\/#primaryimage\",\"url\":\"https:\/\/www.travel3.com.br\/site\/wp-content\/uploads\/2020\/11\/image003.png\",\"contentUrl\":\"https:\/\/www.travel3.com.br\/site\/wp-content\/uploads\/2020\/11\/image003.png\",\"width\":500,\"height\":305,\"caption\":\"Fachada do edif\u00edcio, de arquitetura marcante (Foto: Divulga\u00e7\u00e3o)\"},{\"@type\":\"BreadcrumbList\",\"@id\":\"https:\/\/www.travel3.com.br\/site\/destaque\/casa-funarte-liberdade-novo-espaco-cultural-de-bh\/#breadcrumb\",\"itemListElement\":[{\"@type\":\"ListItem\",\"position\":1,\"name\":\"In\u00edcio\",\"item\":\"https:\/\/www.travel3.com.br\/site\/\"},{\"@type\":\"ListItem\",\"position\":2,\"name\":\"Casa Funarte Liberdade = novo espa\u00e7o cultural de BH\"}]},{\"@type\":\"WebSite\",\"@id\":\"https:\/\/www.travel3.com.br\/site\/#website\",\"url\":\"https:\/\/www.travel3.com.br\/site\/\",\"name\":\"Travel3\",\"description\":\"Lazer + Neg&oacute;cios + Aventura\",\"publisher\":{\"@id\":\"https:\/\/www.travel3.com.br\/site\/#organization\"},\"potentialAction\":[{\"@type\":\"SearchAction\",\"target\":{\"@type\":\"EntryPoint\",\"urlTemplate\":\"https:\/\/www.travel3.com.br\/site\/?s={search_term_string}\"},\"query-input\":{\"@type\":\"PropertyValueSpecification\",\"valueRequired\":true,\"valueName\":\"search_term_string\"}}],\"inLanguage\":\"pt-BR\"},{\"@type\":\"Organization\",\"@id\":\"https:\/\/www.travel3.com.br\/site\/#organization\",\"name\":\"Travel3\",\"url\":\"https:\/\/www.travel3.com.br\/site\/\",\"logo\":{\"@type\":\"ImageObject\",\"inLanguage\":\"pt-BR\",\"@id\":\"https:\/\/www.travel3.com.br\/site\/#\/schema\/logo\/image\/\",\"url\":\"https:\/\/www.travel3.com.br\/site\/wp-content\/uploads\/2020\/01\/logo-travel3-2020.png\",\"contentUrl\":\"https:\/\/www.travel3.com.br\/site\/wp-content\/uploads\/2020\/01\/logo-travel3-2020.png\",\"width\":232,\"height\":79,\"caption\":\"Travel3\"},\"image\":{\"@id\":\"https:\/\/www.travel3.com.br\/site\/#\/schema\/logo\/image\/\"},\"sameAs\":[\"https:\/\/www.facebook.com\/travel3media\/\",\"https:\/\/www.instagram.com\/revistatravel3\/\",\"https:\/\/www.youtube.com\/channel\/UCno7J4paGBR3VbZQzvoJ9Eg\"]},{\"@type\":\"Person\",\"@id\":\"https:\/\/www.travel3.com.br\/site\/#\/schema\/person\/9cff8daac0a2f1aa0799f827b8aa8308\",\"name\":\"Reda\u00e7\u00e3o Travel3\",\"image\":{\"@type\":\"ImageObject\",\"inLanguage\":\"pt-BR\",\"@id\":\"https:\/\/www.travel3.com.br\/site\/#\/schema\/person\/image\/\",\"url\":\"https:\/\/secure.gravatar.com\/avatar\/6e6125525e1f04b7b8c607d71556e490?s=96&d=mm&r=g\",\"contentUrl\":\"https:\/\/secure.gravatar.com\/avatar\/6e6125525e1f04b7b8c607d71556e490?s=96&d=mm&r=g\",\"caption\":\"Reda\u00e7\u00e3o Travel3\"},\"sameAs\":[\"http:\/\/www.travel3.com.br\"],\"url\":\"https:\/\/www.travel3.com.br\/site\/author\/redacao2\/\"}]}<\/script>\n<!-- \/ Yoast SEO plugin. -->","yoast_head_json":{"title":"Casa Funarte Liberdade = novo espa\u00e7o cultural de BH - Travel3","description":"Casa Funarte Liberdade = novo espa\u00e7o cultural de BH; cedido pela Secult MG, pr\u00e9dio conhecido como Rainha da Sucata passa a receber atra\u00e7\u00f5es diversas","robots":{"index":"index","follow":"follow","max-snippet":"max-snippet:-1","max-image-preview":"max-image-preview:large","max-video-preview":"max-video-preview:-1"},"canonical":"https:\/\/www.travel3.com.br\/site\/destaque\/casa-funarte-liberdade-novo-espaco-cultural-de-bh\/","og_locale":"pt_BR","og_type":"article","og_title":"Casa Funarte Liberdade = novo espa\u00e7o cultural de BH - Travel3","og_description":"Casa Funarte Liberdade = novo espa\u00e7o cultural de BH; cedido pela Secult MG, pr\u00e9dio conhecido como Rainha da Sucata passa a receber atra\u00e7\u00f5es diversas","og_url":"https:\/\/www.travel3.com.br\/site\/destaque\/casa-funarte-liberdade-novo-espaco-cultural-de-bh\/","og_site_name":"Travel3","article_publisher":"https:\/\/www.facebook.com\/travel3media\/","article_published_time":"2020-11-13T14:15:49+00:00","article_modified_time":"2020-11-13T14:16:28+00:00","og_image":[{"width":500,"height":305,"url":"https:\/\/www.travel3.com.br\/site\/wp-content\/uploads\/2020\/11\/image003.png","type":"image\/png"}],"author":"Reda\u00e7\u00e3o Travel3","twitter_card":"summary_large_image","twitter_misc":{"Escrito por":"Reda\u00e7\u00e3o Travel3","Est. tempo de leitura":"4 minutos"},"schema":{"@context":"https:\/\/schema.org","@graph":[{"@type":"Article","@id":"https:\/\/www.travel3.com.br\/site\/destaque\/casa-funarte-liberdade-novo-espaco-cultural-de-bh\/#article","isPartOf":{"@id":"https:\/\/www.travel3.com.br\/site\/destaque\/casa-funarte-liberdade-novo-espaco-cultural-de-bh\/"},"author":{"name":"Reda\u00e7\u00e3o Travel3","@id":"https:\/\/www.travel3.com.br\/site\/#\/schema\/person\/9cff8daac0a2f1aa0799f827b8aa8308"},"headline":"Casa Funarte Liberdade = novo espa\u00e7o cultural de BH","datePublished":"2020-11-13T14:15:49+00:00","dateModified":"2020-11-13T14:16:28+00:00","mainEntityOfPage":{"@id":"https:\/\/www.travel3.com.br\/site\/destaque\/casa-funarte-liberdade-novo-espaco-cultural-de-bh\/"},"wordCount":907,"commentCount":0,"publisher":{"@id":"https:\/\/www.travel3.com.br\/site\/#organization"},"image":{"@id":"https:\/\/www.travel3.com.br\/site\/destaque\/casa-funarte-liberdade-novo-espaco-cultural-de-bh\/#primaryimage"},"thumbnailUrl":"https:\/\/www.travel3.com.br\/site\/wp-content\/uploads\/2020\/11\/image003.png","keywords":["arte","Belo Horizonte","Casa Funarte Liberdade","cultura","Funarte","Minist\u00e9rio do Turismo"],"articleSection":["Acontece no Turismo","Destaque","Dicas"],"inLanguage":"pt-BR","potentialAction":[{"@type":"CommentAction","name":"Comment","target":["https:\/\/www.travel3.com.br\/site\/destaque\/casa-funarte-liberdade-novo-espaco-cultural-de-bh\/#respond"]}]},{"@type":"WebPage","@id":"https:\/\/www.travel3.com.br\/site\/destaque\/casa-funarte-liberdade-novo-espaco-cultural-de-bh\/","url":"https:\/\/www.travel3.com.br\/site\/destaque\/casa-funarte-liberdade-novo-espaco-cultural-de-bh\/","name":"Casa Funarte Liberdade = novo espa\u00e7o cultural de BH - Travel3","isPartOf":{"@id":"https:\/\/www.travel3.com.br\/site\/#website"},"primaryImageOfPage":{"@id":"https:\/\/www.travel3.com.br\/site\/destaque\/casa-funarte-liberdade-novo-espaco-cultural-de-bh\/#primaryimage"},"image":{"@id":"https:\/\/www.travel3.com.br\/site\/destaque\/casa-funarte-liberdade-novo-espaco-cultural-de-bh\/#primaryimage"},"thumbnailUrl":"https:\/\/www.travel3.com.br\/site\/wp-content\/uploads\/2020\/11\/image003.png","datePublished":"2020-11-13T14:15:49+00:00","dateModified":"2020-11-13T14:16:28+00:00","description":"Casa Funarte Liberdade = novo espa\u00e7o cultural de BH; cedido pela Secult MG, pr\u00e9dio conhecido como Rainha da Sucata passa a receber atra\u00e7\u00f5es diversas","breadcrumb":{"@id":"https:\/\/www.travel3.com.br\/site\/destaque\/casa-funarte-liberdade-novo-espaco-cultural-de-bh\/#breadcrumb"},"inLanguage":"pt-BR","potentialAction":[{"@type":"ReadAction","target":["https:\/\/www.travel3.com.br\/site\/destaque\/casa-funarte-liberdade-novo-espaco-cultural-de-bh\/"]}]},{"@type":"ImageObject","inLanguage":"pt-BR","@id":"https:\/\/www.travel3.com.br\/site\/destaque\/casa-funarte-liberdade-novo-espaco-cultural-de-bh\/#primaryimage","url":"https:\/\/www.travel3.com.br\/site\/wp-content\/uploads\/2020\/11\/image003.png","contentUrl":"https:\/\/www.travel3.com.br\/site\/wp-content\/uploads\/2020\/11\/image003.png","width":500,"height":305,"caption":"Fachada do edif\u00edcio, de arquitetura marcante (Foto: Divulga\u00e7\u00e3o)"},{"@type":"BreadcrumbList","@id":"https:\/\/www.travel3.com.br\/site\/destaque\/casa-funarte-liberdade-novo-espaco-cultural-de-bh\/#breadcrumb","itemListElement":[{"@type":"ListItem","position":1,"name":"In\u00edcio","item":"https:\/\/www.travel3.com.br\/site\/"},{"@type":"ListItem","position":2,"name":"Casa Funarte Liberdade = novo espa\u00e7o cultural de BH"}]},{"@type":"WebSite","@id":"https:\/\/www.travel3.com.br\/site\/#website","url":"https:\/\/www.travel3.com.br\/site\/","name":"Travel3","description":"Lazer + Neg&oacute;cios + Aventura","publisher":{"@id":"https:\/\/www.travel3.com.br\/site\/#organization"},"potentialAction":[{"@type":"SearchAction","target":{"@type":"EntryPoint","urlTemplate":"https:\/\/www.travel3.com.br\/site\/?s={search_term_string}"},"query-input":{"@type":"PropertyValueSpecification","valueRequired":true,"valueName":"search_term_string"}}],"inLanguage":"pt-BR"},{"@type":"Organization","@id":"https:\/\/www.travel3.com.br\/site\/#organization","name":"Travel3","url":"https:\/\/www.travel3.com.br\/site\/","logo":{"@type":"ImageObject","inLanguage":"pt-BR","@id":"https:\/\/www.travel3.com.br\/site\/#\/schema\/logo\/image\/","url":"https:\/\/www.travel3.com.br\/site\/wp-content\/uploads\/2020\/01\/logo-travel3-2020.png","contentUrl":"https:\/\/www.travel3.com.br\/site\/wp-content\/uploads\/2020\/01\/logo-travel3-2020.png","width":232,"height":79,"caption":"Travel3"},"image":{"@id":"https:\/\/www.travel3.com.br\/site\/#\/schema\/logo\/image\/"},"sameAs":["https:\/\/www.facebook.com\/travel3media\/","https:\/\/www.instagram.com\/revistatravel3\/","https:\/\/www.youtube.com\/channel\/UCno7J4paGBR3VbZQzvoJ9Eg"]},{"@type":"Person","@id":"https:\/\/www.travel3.com.br\/site\/#\/schema\/person\/9cff8daac0a2f1aa0799f827b8aa8308","name":"Reda\u00e7\u00e3o Travel3","image":{"@type":"ImageObject","inLanguage":"pt-BR","@id":"https:\/\/www.travel3.com.br\/site\/#\/schema\/person\/image\/","url":"https:\/\/secure.gravatar.com\/avatar\/6e6125525e1f04b7b8c607d71556e490?s=96&d=mm&r=g","contentUrl":"https:\/\/secure.gravatar.com\/avatar\/6e6125525e1f04b7b8c607d71556e490?s=96&d=mm&r=g","caption":"Reda\u00e7\u00e3o Travel3"},"sameAs":["http:\/\/www.travel3.com.br"],"url":"https:\/\/www.travel3.com.br\/site\/author\/redacao2\/"}]}},"_links":{"self":[{"href":"https:\/\/www.travel3.com.br\/site\/wp-json\/wp\/v2\/posts\/37628","targetHints":{"allow":["GET"]}}],"collection":[{"href":"https:\/\/www.travel3.com.br\/site\/wp-json\/wp\/v2\/posts"}],"about":[{"href":"https:\/\/www.travel3.com.br\/site\/wp-json\/wp\/v2\/types\/post"}],"author":[{"embeddable":true,"href":"https:\/\/www.travel3.com.br\/site\/wp-json\/wp\/v2\/users\/6"}],"replies":[{"embeddable":true,"href":"https:\/\/www.travel3.com.br\/site\/wp-json\/wp\/v2\/comments?post=37628"}],"version-history":[{"count":4,"href":"https:\/\/www.travel3.com.br\/site\/wp-json\/wp\/v2\/posts\/37628\/revisions"}],"predecessor-version":[{"id":37673,"href":"https:\/\/www.travel3.com.br\/site\/wp-json\/wp\/v2\/posts\/37628\/revisions\/37673"}],"wp:featuredmedia":[{"embeddable":true,"href":"https:\/\/www.travel3.com.br\/site\/wp-json\/wp\/v2\/media\/37632"}],"wp:attachment":[{"href":"https:\/\/www.travel3.com.br\/site\/wp-json\/wp\/v2\/media?parent=37628"}],"wp:term":[{"taxonomy":"category","embeddable":true,"href":"https:\/\/www.travel3.com.br\/site\/wp-json\/wp\/v2\/categories?post=37628"},{"taxonomy":"post_tag","embeddable":true,"href":"https:\/\/www.travel3.com.br\/site\/wp-json\/wp\/v2\/tags?post=37628"}],"curies":[{"name":"wp","href":"https:\/\/api.w.org\/{rel}","templated":true}]}}