{"id":37573,"date":"2020-11-11T05:00:28","date_gmt":"2020-11-11T07:00:28","guid":{"rendered":"https:\/\/www.travel3.com.br\/?p=37573"},"modified":"2020-11-11T01:43:49","modified_gmt":"2020-11-11T03:43:49","slug":"grupo-arbo-lanca-marca-de-viagens-de-incentivo-e-eventos","status":"publish","type":"post","link":"https:\/\/www.travel3.com.br\/site\/acontece-no-turismo\/grupo-arbo-lanca-marca-de-viagens-de-incentivo-e-eventos\/","title":{"rendered":"Grupo Arbo lan\u00e7a nova marca de viagens de incentivo e eventos"},"content":{"rendered":"\n<div class=\"wp-block-image\"><figure class=\"aligncenter\"><img loading=\"lazy\" decoding=\"async\" width=\"1024\" height=\"768\" src=\"https:\/\/www.travel3.com.br\/site\/wp-content\/uploads\/2020\/11\/lancamento-like-1024x768.jpeg\" alt=\"Grupo Arbo lan\u00e7a nova marca\" class=\"wp-image-37596\" srcset=\"https:\/\/www.travel3.com.br\/site\/wp-content\/uploads\/2020\/11\/lancamento-like-1024x768.jpeg 1024w, https:\/\/www.travel3.com.br\/site\/wp-content\/uploads\/2020\/11\/lancamento-like-300x225.jpeg 300w, https:\/\/www.travel3.com.br\/site\/wp-content\/uploads\/2020\/11\/lancamento-like-768x576.jpeg 768w, https:\/\/www.travel3.com.br\/site\/wp-content\/uploads\/2020\/11\/lancamento-like-750x563.jpeg 750w, https:\/\/www.travel3.com.br\/site\/wp-content\/uploads\/2020\/11\/lancamento-like-1140x855.jpeg 1140w, https:\/\/www.travel3.com.br\/site\/wp-content\/uploads\/2020\/11\/lancamento-like.jpeg 1280w\" sizes=\"auto, (max-width: 1024px) 100vw, 1024px\" \/><figcaption>Grace Cauzo e Arnaldo Franken (Foto: Divulga\u00e7\u00e3o)<\/figcaption><\/figure><\/div>\n\n\n\n<h3 class=\"wp-block-heading\" style=\"text-align:center\">Nova empresa do grupo, <em>L!ke<\/em> estreia hoje sob o comando da ex-Queensberry Grace Cauzo<\/h3>\n\n\n\n<p>Ap\u00f3s meses de prepara\u00e7\u00e3o e novas contrata\u00e7\u00f5es, o Grupo Arbo apresenta hoje a L!ke; sua nova marca para os mercados de viagens de incentivo e eventos no segmento premium. A empresa chega sob a gest\u00e3o da ex-Queensberry <u><a rel=\"noreferrer noopener\" aria-label=\" (opens in a new tab)\" href=\"https:\/\/www.travel3.com.br\/acontece-no-turismo\/negocios\/grupo-arbo-apresenta-nova-executiva-e-prepara-novidades\/\" target=\"_blank\">Grace Cauzo<\/a><\/u>, e ter\u00e1 <u><a href=\"https:\/\/www.travel3.com.br\/destaque\/grupo-arbo-reforca-time-de-profissionais-e-prepara-nova-marca\/\" target=\"_blank\" rel=\"noreferrer noopener\" aria-label=\"Cleusa Perroud (opens in a new tab)\">Cleusa Perroud<\/a><\/u> &#8211; ex-Top Service &#8211; \u00e0 frente do comercial.<\/p>\n\n\n\n<p>J\u00e1 a parte de opera\u00e7\u00f5es da nova marca ser\u00e1 comandada por Ariela Carasso, que desde desde 2011 cuidava da AD Eventos. Com mais de 10 anos de experi\u00eancia nesse mercado, a profissional come\u00e7ou a carreira no IMEX Group &#8211; Regent Exhibitions, em Brighton; e atuou na organiza\u00e7\u00e3o da feira. J\u00e1 na AD, Ariela realizou grandes eventos &#8211; como CONEC (Congresso Brasileiro dos Corretores de Seguros) + Congresso do Sistema Brasileiro de Transplantes, do Hospital Albert Einstein.<\/p>\n\n\n\n<p>E quem completa o time da L!ke \u00e9 a curadora Surama Jurdi, com 20 anos de mercado. Especializada na cria\u00e7\u00e3o de conte\u00fados para viagens, Surama j\u00e1 realizou mais de 40 miss\u00f5es t\u00e9cnicas internacionais para diferentes destinos; como Nova York + Disney + Dubai + \u00c1frica do Sul + Calif\u00f3rnia + Marrocos + Portugal. <\/p>\n\n\n\n<blockquote class=\"wp-block-quote is-layout-flow wp-block-quote-is-layout-flow\"><p>Montamos um time apaixonado pelo que faz para tocar esse grande projeto. A Cleusa tem 17 anos de experi\u00eancia numa das empresas de incentivo mais importantes do pa\u00eds, e a Ariela \u00e9 uma superprofissional na organiza\u00e7\u00e3o de grandes eventos.<\/p><p>Al\u00e9m disso, ainda temos o privil\u00e9gio de contar com a curadoria da Surama, com quem atuaremos em formato de \u2018collab\u2019. \u00c9 um diferencial muito grande termos dentro da L!ke uma profissional que h\u00e1 tanto tempo realiza viagens sempre com foco na melhoria dos resultados das empresas e no desempenho de seus l\u00edderes.   <\/p><cite>Grace Cauzo<\/cite><\/blockquote>\n\n\n\n<div class=\"wp-block-image\"><figure class=\"aligncenter\"><img loading=\"lazy\" decoding=\"async\" width=\"481\" height=\"532\" src=\"https:\/\/www.travel3.com.br\/site\/wp-content\/uploads\/2020\/09\/image005.jpg\" alt=\"Grupo Arbo refor\u00e7a\" class=\"wp-image-36175\" srcset=\"https:\/\/www.travel3.com.br\/site\/wp-content\/uploads\/2020\/09\/image005.jpg 481w, https:\/\/www.travel3.com.br\/site\/wp-content\/uploads\/2020\/09\/image005-271x300.jpg 271w\" sizes=\"auto, (max-width: 481px) 100vw, 481px\" \/><figcaption>Cleusa Perroud (Foto: Divulga\u00e7\u00e3o)<\/figcaption><\/figure><\/div>\n\n\n\n<h2 class=\"wp-block-heading\">Grupo Arbo aposta no r\u00e1pido sucesso da L!ke, sua 13\u00aa empresa<\/h2>\n\n\n\n<p>Para o Grupo Arbo, a experi\u00eancia somada das executivas deve favorecer a entrada da L!ke no mercado como uma <em>ag\u00eancia boutique<\/em>; com atua\u00e7\u00e3o ampla e experi\u00eancias totalmente personalizadas. Al\u00e9m desse, outro ponto a favor do r\u00e1pido sucesso da nova marca \u00e9 a pr\u00f3pria estrutura do Grupo Arbo; que com mais de 35 anos de hist\u00f3ria j\u00e1 soma 13 marcas nas \u00e1reas de viagens + eventos + streaming + transmiss\u00e3o digital.<\/p>\n\n\n\n<p>Antes mesmo do lan\u00e7amento, a equipe da L!ke realizou uma pesquisa com potenciais clientes, de modo a identificar as dores e os problemas do atual relacionamento com as ag\u00eancias contratadas. Al\u00e9m disso, a nova marca avalia tend\u00eancias do mercado de viagens; que exige cada vez mais criatividade e inova\u00e7\u00e3o.<\/p>\n\n\n\n<p style=\"text-align:center\">Leia mais = <strong><a href=\"https:\/\/www.travel3.com.br\/acontece-no-turismo\/operadoras\/diversa-reforca-time-de-produtos-para-retomada-domestica\/\" target=\"_blank\" rel=\"noreferrer noopener\" aria-label=\" (opens in a new tab)\">Diversa refor\u00e7a time de produtos para retomada dom\u00e9stica<\/a><\/strong><\/p>\n\n\n\n<blockquote class=\"wp-block-quote is-layout-flow wp-block-quote-is-layout-flow\"><p>Temos grandes players no mercado de incentivo e eventos, todos n\u00f3s vendemos commodities. O importante \u00e9 entendermos quais s\u00e3o as maiores necessidades e dores de nossos clientes, e o que eles almejam nos contratando. S\u00f3 assim poderemos entregar experi\u00eancias de viagem com primor, excel\u00eancia.<\/p><p>Vamos entrar no mercado como uma empresa moderna, \u00e1gil, criativa e inovadora, com o prop\u00f3sito de criar experi\u00eancias reais e memor\u00e1veis aos nossos clientes. O mundo est\u00e1 mudando, as empresas e pessoas est\u00e3o exigindo de seus fornecedores mais prop\u00f3sito, menos impacto ambiental. <\/p><cite>Grace Cauzo<\/cite><\/blockquote>\n\n\n\n<h2 class=\"wp-block-heading\">Previs\u00e3o \u00e9 de mercado aquecido em 2021<\/h2>\n\n\n\n<p>A L!ke chega em um ano complicado para toda a economia, mas especialmente dif\u00edcil para o mercado de turismo e eventos. No entanto, a expectativa para 2021 \u00e9 grande, e por isso Arnaldo Franken, l\u00edder do Grupo Arbo, acredita no r\u00e1pido sucesso da nova marca<\/p>\n\n\n\n<blockquote class=\"wp-block-quote is-layout-flow wp-block-quote-is-layout-flow\"><p>O mercado de incentivo dever\u00e1 voltar com for\u00e7a j\u00e1 em 2021, e entendemos que existir\u00e1 muito espa\u00e7o para a L!ke. Ele \u00e9 grande demais, e s\u00f3 isso j\u00e1 justifica a entrada de uma nova empresa.<\/p><cite>Arnaldo Franken &#8211; L\u00edder do Grupo Arbo<\/cite><\/blockquote>\n\n\n\n<p style=\"text-align:center\">Leia mais = <strong><a href=\"https:\/\/www.travel3.com.br\/acontece-no-turismo\/operadoras\/diversa-turismo-reforca-area-comercial\/\" target=\"_blank\" rel=\"noreferrer noopener\" aria-label=\"Diversa Turismo refor\u00e7a \u00e1rea comercial com ex-Abreutur (opens in a new tab)\">Diversa Turismo refor\u00e7a \u00e1rea comercial com ex-Abreutur<\/a><\/strong><\/p>\n\n\n\n<p>Grace Cauzo compartilha da expectativa, e destaca a import\u00e2ncia dos mercados de viagens de incentivo e eventos. <\/p>\n\n\n\n<blockquote class=\"wp-block-quote is-layout-flow wp-block-quote-is-layout-flow\"><p>Em breve teremos as viagens e os eventos presenciais acontecendo novamente porque s\u00e3o estrat\u00e9gias de extrema import\u00e2ncia para motivar equipes, alavancar vendas e melhorar o relacionamento entre colaboradores.<\/p><p>As experi\u00eancias vivenciadas numa viagem de incentivo, por exemplo, geram uma fideliza\u00e7\u00e3o incr\u00edvel com a marca. Ainda mais quando elas s\u00e3o marcantes, como vivenciar o dia a dia de uma aldeia ind\u00edgena ou degustar cacau colhido na hora em uma comunidade extrativista na Amaz\u00f4nia.<\/p><cite>Grace Cauzo<\/cite><\/blockquote>\n\n\n\n<h3 class=\"wp-block-heading\" style=\"text-align:center\">Saiba mais = <a href=\"http:\/\/www.likeincentive.com.br\" target=\"_blank\" rel=\"noreferrer noopener\" aria-label=\"www.likeincentive.com.br (opens in a new tab)\">www.likeincentive.com.br<\/a><\/h3>\n","protected":false},"excerpt":{"rendered":"<p>Nova empresa do grupo, L!ke estreia hoje sob o comando da ex-Queensberry Grace Cauzo Ap\u00f3s meses de prepara\u00e7\u00e3o e novas contrata\u00e7\u00f5es, o Grupo Arbo apresenta hoje a L!ke; sua nova marca para os mercados de viagens de incentivo e eventos no segmento premium. A empresa chega sob a gest\u00e3o da ex-Queensberry Grace Cauzo, e ter\u00e1 [&hellip;]<\/p>\n","protected":false},"author":6,"featured_media":37596,"comment_status":"open","ping_status":"open","sticky":false,"template":"","format":"standard","meta":{"footnotes":""},"categories":[969,226],"tags":[3303,4294,375,4275,4089,4352,812],"class_list":["post-37573","post","type-post","status-publish","format-standard","has-post-thumbnail","hentry","category-acontece-no-turismo","category-destaque","tag-arnaldo-franken","tag-cleusa-perroud","tag-eventos","tag-grace-cauzo","tag-grupo-arbo","tag-lke","tag-viagens-de-incentivo"],"yoast_head":"<!-- This site is optimized with the Yoast SEO plugin v26.2 - https:\/\/yoast.com\/wordpress\/plugins\/seo\/ -->\n<title>Grupo Arbo lan\u00e7a nova marca de viagens de incentivo e eventos - Travel3<\/title>\n<meta name=\"description\" content=\"Grupo Arbo lan\u00e7a nova marca de viagens de incentivo e eventos; nova empresa do grupo, L!ke estreia hoje sob o comando da ex-Queensberry Grace Cauzo\" \/>\n<meta name=\"robots\" content=\"index, follow, max-snippet:-1, max-image-preview:large, max-video-preview:-1\" \/>\n<link rel=\"canonical\" href=\"https:\/\/www.travel3.com.br\/site\/acontece-no-turismo\/grupo-arbo-lanca-marca-de-viagens-de-incentivo-e-eventos\/\" \/>\n<meta property=\"og:locale\" content=\"pt_BR\" \/>\n<meta property=\"og:type\" content=\"article\" \/>\n<meta property=\"og:title\" content=\"Grupo Arbo lan\u00e7a nova marca de viagens de incentivo e eventos - Travel3\" \/>\n<meta property=\"og:description\" content=\"Grupo Arbo lan\u00e7a nova marca de viagens de incentivo e eventos; nova empresa do grupo, L!ke estreia hoje sob o comando da ex-Queensberry Grace Cauzo\" \/>\n<meta property=\"og:url\" content=\"https:\/\/www.travel3.com.br\/site\/acontece-no-turismo\/grupo-arbo-lanca-marca-de-viagens-de-incentivo-e-eventos\/\" \/>\n<meta property=\"og:site_name\" content=\"Travel3\" \/>\n<meta property=\"article:publisher\" content=\"https:\/\/www.facebook.com\/travel3media\/\" \/>\n<meta property=\"article:published_time\" content=\"2020-11-11T07:00:28+00:00\" \/>\n<meta property=\"og:image\" content=\"https:\/\/www.travel3.com.br\/site\/wp-content\/uploads\/2020\/11\/lancamento-like.jpeg\" \/>\n\t<meta property=\"og:image:width\" content=\"1280\" \/>\n\t<meta property=\"og:image:height\" content=\"960\" \/>\n\t<meta property=\"og:image:type\" content=\"image\/jpeg\" \/>\n<meta name=\"author\" content=\"Reda\u00e7\u00e3o Travel3\" \/>\n<meta name=\"twitter:card\" content=\"summary_large_image\" \/>\n<meta name=\"twitter:label1\" content=\"Escrito por\" \/>\n\t<meta name=\"twitter:data1\" content=\"Reda\u00e7\u00e3o Travel3\" \/>\n\t<meta name=\"twitter:label2\" content=\"Est. tempo de leitura\" \/>\n\t<meta name=\"twitter:data2\" content=\"4 minutos\" \/>\n<script type=\"application\/ld+json\" class=\"yoast-schema-graph\">{\"@context\":\"https:\/\/schema.org\",\"@graph\":[{\"@type\":\"Article\",\"@id\":\"https:\/\/www.travel3.com.br\/site\/acontece-no-turismo\/grupo-arbo-lanca-marca-de-viagens-de-incentivo-e-eventos\/#article\",\"isPartOf\":{\"@id\":\"https:\/\/www.travel3.com.br\/site\/acontece-no-turismo\/grupo-arbo-lanca-marca-de-viagens-de-incentivo-e-eventos\/\"},\"author\":{\"name\":\"Reda\u00e7\u00e3o Travel3\",\"@id\":\"https:\/\/www.travel3.com.br\/site\/#\/schema\/person\/9cff8daac0a2f1aa0799f827b8aa8308\"},\"headline\":\"Grupo Arbo lan\u00e7a nova marca de viagens de incentivo e eventos\",\"datePublished\":\"2020-11-11T07:00:28+00:00\",\"mainEntityOfPage\":{\"@id\":\"https:\/\/www.travel3.com.br\/site\/acontece-no-turismo\/grupo-arbo-lanca-marca-de-viagens-de-incentivo-e-eventos\/\"},\"wordCount\":782,\"commentCount\":0,\"publisher\":{\"@id\":\"https:\/\/www.travel3.com.br\/site\/#organization\"},\"image\":{\"@id\":\"https:\/\/www.travel3.com.br\/site\/acontece-no-turismo\/grupo-arbo-lanca-marca-de-viagens-de-incentivo-e-eventos\/#primaryimage\"},\"thumbnailUrl\":\"https:\/\/www.travel3.com.br\/site\/wp-content\/uploads\/2020\/11\/lancamento-like.jpeg\",\"keywords\":[\"Arnaldo Franken\",\"Cleusa Perroud\",\"eventos\",\"Grace Cauzo\",\"Grupo Arbo\",\"L!ke\",\"viagens de incentivo\"],\"articleSection\":[\"Acontece no Turismo\",\"Destaque\"],\"inLanguage\":\"pt-BR\",\"potentialAction\":[{\"@type\":\"CommentAction\",\"name\":\"Comment\",\"target\":[\"https:\/\/www.travel3.com.br\/site\/acontece-no-turismo\/grupo-arbo-lanca-marca-de-viagens-de-incentivo-e-eventos\/#respond\"]}]},{\"@type\":\"WebPage\",\"@id\":\"https:\/\/www.travel3.com.br\/site\/acontece-no-turismo\/grupo-arbo-lanca-marca-de-viagens-de-incentivo-e-eventos\/\",\"url\":\"https:\/\/www.travel3.com.br\/site\/acontece-no-turismo\/grupo-arbo-lanca-marca-de-viagens-de-incentivo-e-eventos\/\",\"name\":\"Grupo Arbo lan\u00e7a nova marca de viagens de incentivo e eventos - Travel3\",\"isPartOf\":{\"@id\":\"https:\/\/www.travel3.com.br\/site\/#website\"},\"primaryImageOfPage\":{\"@id\":\"https:\/\/www.travel3.com.br\/site\/acontece-no-turismo\/grupo-arbo-lanca-marca-de-viagens-de-incentivo-e-eventos\/#primaryimage\"},\"image\":{\"@id\":\"https:\/\/www.travel3.com.br\/site\/acontece-no-turismo\/grupo-arbo-lanca-marca-de-viagens-de-incentivo-e-eventos\/#primaryimage\"},\"thumbnailUrl\":\"https:\/\/www.travel3.com.br\/site\/wp-content\/uploads\/2020\/11\/lancamento-like.jpeg\",\"datePublished\":\"2020-11-11T07:00:28+00:00\",\"description\":\"Grupo Arbo lan\u00e7a nova marca de viagens de incentivo e eventos; nova empresa do grupo, L!ke estreia hoje sob o comando da ex-Queensberry Grace Cauzo\",\"breadcrumb\":{\"@id\":\"https:\/\/www.travel3.com.br\/site\/acontece-no-turismo\/grupo-arbo-lanca-marca-de-viagens-de-incentivo-e-eventos\/#breadcrumb\"},\"inLanguage\":\"pt-BR\",\"potentialAction\":[{\"@type\":\"ReadAction\",\"target\":[\"https:\/\/www.travel3.com.br\/site\/acontece-no-turismo\/grupo-arbo-lanca-marca-de-viagens-de-incentivo-e-eventos\/\"]}]},{\"@type\":\"ImageObject\",\"inLanguage\":\"pt-BR\",\"@id\":\"https:\/\/www.travel3.com.br\/site\/acontece-no-turismo\/grupo-arbo-lanca-marca-de-viagens-de-incentivo-e-eventos\/#primaryimage\",\"url\":\"https:\/\/www.travel3.com.br\/site\/wp-content\/uploads\/2020\/11\/lancamento-like.jpeg\",\"contentUrl\":\"https:\/\/www.travel3.com.br\/site\/wp-content\/uploads\/2020\/11\/lancamento-like.jpeg\",\"width\":1280,\"height\":960,\"caption\":\"Grace Cauzo e Arnaldo Franken (Foto: Divulga\u00e7\u00e3o)\"},{\"@type\":\"BreadcrumbList\",\"@id\":\"https:\/\/www.travel3.com.br\/site\/acontece-no-turismo\/grupo-arbo-lanca-marca-de-viagens-de-incentivo-e-eventos\/#breadcrumb\",\"itemListElement\":[{\"@type\":\"ListItem\",\"position\":1,\"name\":\"In\u00edcio\",\"item\":\"https:\/\/www.travel3.com.br\/site\/\"},{\"@type\":\"ListItem\",\"position\":2,\"name\":\"Grupo Arbo lan\u00e7a nova marca de viagens de incentivo e eventos\"}]},{\"@type\":\"WebSite\",\"@id\":\"https:\/\/www.travel3.com.br\/site\/#website\",\"url\":\"https:\/\/www.travel3.com.br\/site\/\",\"name\":\"Travel3\",\"description\":\"Lazer + Neg&oacute;cios + Aventura\",\"publisher\":{\"@id\":\"https:\/\/www.travel3.com.br\/site\/#organization\"},\"potentialAction\":[{\"@type\":\"SearchAction\",\"target\":{\"@type\":\"EntryPoint\",\"urlTemplate\":\"https:\/\/www.travel3.com.br\/site\/?s={search_term_string}\"},\"query-input\":{\"@type\":\"PropertyValueSpecification\",\"valueRequired\":true,\"valueName\":\"search_term_string\"}}],\"inLanguage\":\"pt-BR\"},{\"@type\":\"Organization\",\"@id\":\"https:\/\/www.travel3.com.br\/site\/#organization\",\"name\":\"Travel3\",\"url\":\"https:\/\/www.travel3.com.br\/site\/\",\"logo\":{\"@type\":\"ImageObject\",\"inLanguage\":\"pt-BR\",\"@id\":\"https:\/\/www.travel3.com.br\/site\/#\/schema\/logo\/image\/\",\"url\":\"https:\/\/www.travel3.com.br\/site\/wp-content\/uploads\/2020\/01\/logo-travel3-2020.png\",\"contentUrl\":\"https:\/\/www.travel3.com.br\/site\/wp-content\/uploads\/2020\/01\/logo-travel3-2020.png\",\"width\":232,\"height\":79,\"caption\":\"Travel3\"},\"image\":{\"@id\":\"https:\/\/www.travel3.com.br\/site\/#\/schema\/logo\/image\/\"},\"sameAs\":[\"https:\/\/www.facebook.com\/travel3media\/\",\"https:\/\/www.instagram.com\/revistatravel3\/\",\"https:\/\/www.youtube.com\/channel\/UCno7J4paGBR3VbZQzvoJ9Eg\"]},{\"@type\":\"Person\",\"@id\":\"https:\/\/www.travel3.com.br\/site\/#\/schema\/person\/9cff8daac0a2f1aa0799f827b8aa8308\",\"name\":\"Reda\u00e7\u00e3o Travel3\",\"image\":{\"@type\":\"ImageObject\",\"inLanguage\":\"pt-BR\",\"@id\":\"https:\/\/www.travel3.com.br\/site\/#\/schema\/person\/image\/\",\"url\":\"https:\/\/secure.gravatar.com\/avatar\/6e6125525e1f04b7b8c607d71556e490?s=96&d=mm&r=g\",\"contentUrl\":\"https:\/\/secure.gravatar.com\/avatar\/6e6125525e1f04b7b8c607d71556e490?s=96&d=mm&r=g\",\"caption\":\"Reda\u00e7\u00e3o Travel3\"},\"sameAs\":[\"http:\/\/www.travel3.com.br\"],\"url\":\"https:\/\/www.travel3.com.br\/site\/author\/redacao2\/\"}]}<\/script>\n<!-- \/ Yoast SEO plugin. -->","yoast_head_json":{"title":"Grupo Arbo lan\u00e7a nova marca de viagens de incentivo e eventos - Travel3","description":"Grupo Arbo lan\u00e7a nova marca de viagens de incentivo e eventos; nova empresa do grupo, L!ke estreia hoje sob o comando da ex-Queensberry Grace Cauzo","robots":{"index":"index","follow":"follow","max-snippet":"max-snippet:-1","max-image-preview":"max-image-preview:large","max-video-preview":"max-video-preview:-1"},"canonical":"https:\/\/www.travel3.com.br\/site\/acontece-no-turismo\/grupo-arbo-lanca-marca-de-viagens-de-incentivo-e-eventos\/","og_locale":"pt_BR","og_type":"article","og_title":"Grupo Arbo lan\u00e7a nova marca de viagens de incentivo e eventos - Travel3","og_description":"Grupo Arbo lan\u00e7a nova marca de viagens de incentivo e eventos; nova empresa do grupo, L!ke estreia hoje sob o comando da ex-Queensberry Grace Cauzo","og_url":"https:\/\/www.travel3.com.br\/site\/acontece-no-turismo\/grupo-arbo-lanca-marca-de-viagens-de-incentivo-e-eventos\/","og_site_name":"Travel3","article_publisher":"https:\/\/www.facebook.com\/travel3media\/","article_published_time":"2020-11-11T07:00:28+00:00","og_image":[{"width":1280,"height":960,"url":"https:\/\/www.travel3.com.br\/site\/wp-content\/uploads\/2020\/11\/lancamento-like.jpeg","type":"image\/jpeg"}],"author":"Reda\u00e7\u00e3o Travel3","twitter_card":"summary_large_image","twitter_misc":{"Escrito por":"Reda\u00e7\u00e3o Travel3","Est. tempo de leitura":"4 minutos"},"schema":{"@context":"https:\/\/schema.org","@graph":[{"@type":"Article","@id":"https:\/\/www.travel3.com.br\/site\/acontece-no-turismo\/grupo-arbo-lanca-marca-de-viagens-de-incentivo-e-eventos\/#article","isPartOf":{"@id":"https:\/\/www.travel3.com.br\/site\/acontece-no-turismo\/grupo-arbo-lanca-marca-de-viagens-de-incentivo-e-eventos\/"},"author":{"name":"Reda\u00e7\u00e3o Travel3","@id":"https:\/\/www.travel3.com.br\/site\/#\/schema\/person\/9cff8daac0a2f1aa0799f827b8aa8308"},"headline":"Grupo Arbo lan\u00e7a nova marca de viagens de incentivo e eventos","datePublished":"2020-11-11T07:00:28+00:00","mainEntityOfPage":{"@id":"https:\/\/www.travel3.com.br\/site\/acontece-no-turismo\/grupo-arbo-lanca-marca-de-viagens-de-incentivo-e-eventos\/"},"wordCount":782,"commentCount":0,"publisher":{"@id":"https:\/\/www.travel3.com.br\/site\/#organization"},"image":{"@id":"https:\/\/www.travel3.com.br\/site\/acontece-no-turismo\/grupo-arbo-lanca-marca-de-viagens-de-incentivo-e-eventos\/#primaryimage"},"thumbnailUrl":"https:\/\/www.travel3.com.br\/site\/wp-content\/uploads\/2020\/11\/lancamento-like.jpeg","keywords":["Arnaldo Franken","Cleusa Perroud","eventos","Grace Cauzo","Grupo Arbo","L!ke","viagens de incentivo"],"articleSection":["Acontece no Turismo","Destaque"],"inLanguage":"pt-BR","potentialAction":[{"@type":"CommentAction","name":"Comment","target":["https:\/\/www.travel3.com.br\/site\/acontece-no-turismo\/grupo-arbo-lanca-marca-de-viagens-de-incentivo-e-eventos\/#respond"]}]},{"@type":"WebPage","@id":"https:\/\/www.travel3.com.br\/site\/acontece-no-turismo\/grupo-arbo-lanca-marca-de-viagens-de-incentivo-e-eventos\/","url":"https:\/\/www.travel3.com.br\/site\/acontece-no-turismo\/grupo-arbo-lanca-marca-de-viagens-de-incentivo-e-eventos\/","name":"Grupo Arbo lan\u00e7a nova marca de viagens de incentivo e eventos - Travel3","isPartOf":{"@id":"https:\/\/www.travel3.com.br\/site\/#website"},"primaryImageOfPage":{"@id":"https:\/\/www.travel3.com.br\/site\/acontece-no-turismo\/grupo-arbo-lanca-marca-de-viagens-de-incentivo-e-eventos\/#primaryimage"},"image":{"@id":"https:\/\/www.travel3.com.br\/site\/acontece-no-turismo\/grupo-arbo-lanca-marca-de-viagens-de-incentivo-e-eventos\/#primaryimage"},"thumbnailUrl":"https:\/\/www.travel3.com.br\/site\/wp-content\/uploads\/2020\/11\/lancamento-like.jpeg","datePublished":"2020-11-11T07:00:28+00:00","description":"Grupo Arbo lan\u00e7a nova marca de viagens de incentivo e eventos; nova empresa do grupo, L!ke estreia hoje sob o comando da ex-Queensberry Grace Cauzo","breadcrumb":{"@id":"https:\/\/www.travel3.com.br\/site\/acontece-no-turismo\/grupo-arbo-lanca-marca-de-viagens-de-incentivo-e-eventos\/#breadcrumb"},"inLanguage":"pt-BR","potentialAction":[{"@type":"ReadAction","target":["https:\/\/www.travel3.com.br\/site\/acontece-no-turismo\/grupo-arbo-lanca-marca-de-viagens-de-incentivo-e-eventos\/"]}]},{"@type":"ImageObject","inLanguage":"pt-BR","@id":"https:\/\/www.travel3.com.br\/site\/acontece-no-turismo\/grupo-arbo-lanca-marca-de-viagens-de-incentivo-e-eventos\/#primaryimage","url":"https:\/\/www.travel3.com.br\/site\/wp-content\/uploads\/2020\/11\/lancamento-like.jpeg","contentUrl":"https:\/\/www.travel3.com.br\/site\/wp-content\/uploads\/2020\/11\/lancamento-like.jpeg","width":1280,"height":960,"caption":"Grace Cauzo e Arnaldo Franken (Foto: Divulga\u00e7\u00e3o)"},{"@type":"BreadcrumbList","@id":"https:\/\/www.travel3.com.br\/site\/acontece-no-turismo\/grupo-arbo-lanca-marca-de-viagens-de-incentivo-e-eventos\/#breadcrumb","itemListElement":[{"@type":"ListItem","position":1,"name":"In\u00edcio","item":"https:\/\/www.travel3.com.br\/site\/"},{"@type":"ListItem","position":2,"name":"Grupo Arbo lan\u00e7a nova marca de viagens de incentivo e eventos"}]},{"@type":"WebSite","@id":"https:\/\/www.travel3.com.br\/site\/#website","url":"https:\/\/www.travel3.com.br\/site\/","name":"Travel3","description":"Lazer + Neg&oacute;cios + Aventura","publisher":{"@id":"https:\/\/www.travel3.com.br\/site\/#organization"},"potentialAction":[{"@type":"SearchAction","target":{"@type":"EntryPoint","urlTemplate":"https:\/\/www.travel3.com.br\/site\/?s={search_term_string}"},"query-input":{"@type":"PropertyValueSpecification","valueRequired":true,"valueName":"search_term_string"}}],"inLanguage":"pt-BR"},{"@type":"Organization","@id":"https:\/\/www.travel3.com.br\/site\/#organization","name":"Travel3","url":"https:\/\/www.travel3.com.br\/site\/","logo":{"@type":"ImageObject","inLanguage":"pt-BR","@id":"https:\/\/www.travel3.com.br\/site\/#\/schema\/logo\/image\/","url":"https:\/\/www.travel3.com.br\/site\/wp-content\/uploads\/2020\/01\/logo-travel3-2020.png","contentUrl":"https:\/\/www.travel3.com.br\/site\/wp-content\/uploads\/2020\/01\/logo-travel3-2020.png","width":232,"height":79,"caption":"Travel3"},"image":{"@id":"https:\/\/www.travel3.com.br\/site\/#\/schema\/logo\/image\/"},"sameAs":["https:\/\/www.facebook.com\/travel3media\/","https:\/\/www.instagram.com\/revistatravel3\/","https:\/\/www.youtube.com\/channel\/UCno7J4paGBR3VbZQzvoJ9Eg"]},{"@type":"Person","@id":"https:\/\/www.travel3.com.br\/site\/#\/schema\/person\/9cff8daac0a2f1aa0799f827b8aa8308","name":"Reda\u00e7\u00e3o Travel3","image":{"@type":"ImageObject","inLanguage":"pt-BR","@id":"https:\/\/www.travel3.com.br\/site\/#\/schema\/person\/image\/","url":"https:\/\/secure.gravatar.com\/avatar\/6e6125525e1f04b7b8c607d71556e490?s=96&d=mm&r=g","contentUrl":"https:\/\/secure.gravatar.com\/avatar\/6e6125525e1f04b7b8c607d71556e490?s=96&d=mm&r=g","caption":"Reda\u00e7\u00e3o Travel3"},"sameAs":["http:\/\/www.travel3.com.br"],"url":"https:\/\/www.travel3.com.br\/site\/author\/redacao2\/"}]}},"_links":{"self":[{"href":"https:\/\/www.travel3.com.br\/site\/wp-json\/wp\/v2\/posts\/37573","targetHints":{"allow":["GET"]}}],"collection":[{"href":"https:\/\/www.travel3.com.br\/site\/wp-json\/wp\/v2\/posts"}],"about":[{"href":"https:\/\/www.travel3.com.br\/site\/wp-json\/wp\/v2\/types\/post"}],"author":[{"embeddable":true,"href":"https:\/\/www.travel3.com.br\/site\/wp-json\/wp\/v2\/users\/6"}],"replies":[{"embeddable":true,"href":"https:\/\/www.travel3.com.br\/site\/wp-json\/wp\/v2\/comments?post=37573"}],"version-history":[{"count":2,"href":"https:\/\/www.travel3.com.br\/site\/wp-json\/wp\/v2\/posts\/37573\/revisions"}],"predecessor-version":[{"id":37597,"href":"https:\/\/www.travel3.com.br\/site\/wp-json\/wp\/v2\/posts\/37573\/revisions\/37597"}],"wp:featuredmedia":[{"embeddable":true,"href":"https:\/\/www.travel3.com.br\/site\/wp-json\/wp\/v2\/media\/37596"}],"wp:attachment":[{"href":"https:\/\/www.travel3.com.br\/site\/wp-json\/wp\/v2\/media?parent=37573"}],"wp:term":[{"taxonomy":"category","embeddable":true,"href":"https:\/\/www.travel3.com.br\/site\/wp-json\/wp\/v2\/categories?post=37573"},{"taxonomy":"post_tag","embeddable":true,"href":"https:\/\/www.travel3.com.br\/site\/wp-json\/wp\/v2\/tags?post=37573"}],"curies":[{"name":"wp","href":"https:\/\/api.w.org\/{rel}","templated":true}]}}