{"id":37440,"date":"2020-11-05T13:54:56","date_gmt":"2020-11-05T15:54:56","guid":{"rendered":"https:\/\/www.travel3.com.br\/?p=37440"},"modified":"2020-11-05T13:54:59","modified_gmt":"2020-11-05T15:54:59","slug":"orinter-anuncia-promocoes-para-todo-o-mes-de-novembro","status":"publish","type":"post","link":"https:\/\/www.travel3.com.br\/site\/acontece-no-turismo\/operadoras\/orinter-anuncia-promocoes-para-todo-o-mes-de-novembro\/","title":{"rendered":"Orinter anuncia promo\u00e7\u00f5es para todo o m\u00eas de novembro"},"content":{"rendered":"\n<div class=\"wp-block-image\"><figure class=\"aligncenter\"><img loading=\"lazy\" decoding=\"async\" width=\"1024\" height=\"683\" src=\"https:\/\/www.travel3.com.br\/site\/wp-content\/uploads\/2020\/11\/maldives-3220702_1920-1024x683.jpg\" alt=\"Orinter m\u00eas\" class=\"wp-image-37481\" srcset=\"https:\/\/www.travel3.com.br\/site\/wp-content\/uploads\/2020\/11\/maldives-3220702_1920-1024x683.jpg 1024w, https:\/\/www.travel3.com.br\/site\/wp-content\/uploads\/2020\/11\/maldives-3220702_1920-300x200.jpg 300w, https:\/\/www.travel3.com.br\/site\/wp-content\/uploads\/2020\/11\/maldives-3220702_1920-768x512.jpg 768w, https:\/\/www.travel3.com.br\/site\/wp-content\/uploads\/2020\/11\/maldives-3220702_1920-750x500.jpg 750w, https:\/\/www.travel3.com.br\/site\/wp-content\/uploads\/2020\/11\/maldives-3220702_1920-1140x760.jpg 1140w, https:\/\/www.travel3.com.br\/site\/wp-content\/uploads\/2020\/11\/maldives-3220702_1920.jpg 1920w\" sizes=\"auto, (max-width: 1024px) 100vw, 1024px\" \/><figcaption>Praia nas Maldivas, um dos destinos com pacotes no Outlet OTT<\/figcaption><\/figure><\/div>\n\n\n\n<h3 class=\"wp-block-heading\" style=\"text-align:center\">Ap\u00f3s sucesso de vendas em setembro, <em>Outlet OTT<\/em> volta e oferece descontos de at\u00e9 70%<\/h3>\n\n\n\n<p>A Orinter Tour &amp; Travel anunciou para novembro a retomada da campanha <em>Outlet OTT<\/em>, realizada no \u00faltimo m\u00eas de setembro. Promovida durante a Semana do Brasil, a sele\u00e7\u00e3o de promo\u00e7\u00f5es tamb\u00e9m ofertar\u00e1 produtos ao longo de todo o m\u00eas, com pacotes nacionais + internacionais + descontos que v\u00e3o at\u00e9 70%.<\/p>\n\n\n\n<p style=\"text-align:center\">Leia mais = <a href=\"https:\/\/www.travel3.com.br\/destaque\/famtour-orinter-natal-o-novo-normal-e-seguranca-pura\/\"><strong>Famtour Orinter Natal prova que novo normal \u00e9 pura seguran\u00e7a<\/strong><\/a><\/p>\n\n\n\n<p>Segundo a assessoria de imprensa da operadora, a edi\u00e7\u00e3o da campanha em setembro gerou um faturamento superior ao registrado no mesmo per\u00edodo em 2019. Nesse sentido, o sucesso justifica o retorno da promo\u00e7\u00e3o, no m\u00eas que recebe a j\u00e1 tradicional <em>Black Friday<\/em>.<\/p>\n\n\n\n<p style=\"text-align:center\">Leia mais = <strong><a href=\"https:\/\/www.travel3.com.br\/acontece-no-turismo\/operadoras\/orinter-anuncia-reforco-ao-time-de-executivos-em-belo-horizonte\/\" target=\"_blank\" rel=\"noreferrer noopener\" aria-label=\"Orinter anuncia refor\u00e7o ao time de executivos em Belo Horizonte (opens in a new tab)\">Orinter anuncia refor\u00e7o ao time de executivos em Belo Horizonte<\/a><\/strong><\/p>\n\n\n\n<p>De acordo com a Orinter, ao longo de novembro, as ofertas &#8211; negociadas com exclusividade &#8211; ser\u00e3o reunidas em um <em>hotsite<\/em> dedicado especialmente \u00e0 promo\u00e7\u00e3o. Al\u00e9m disso, as reservas ser\u00e3o disponibilizadas no portal <em>Orintravel<\/em>, da operadora.<\/p>\n\n\n\n<blockquote class=\"wp-block-quote is-layout-flow wp-block-quote-is-layout-flow\"><p>Tamb\u00e9m vamos divulgar a promo\u00e7\u00e3o durante a Festuris, j\u00e1 que teremos um estande, com a presen\u00e7a da nossa equipe, na feira presencial em Gramado.<\/p><p>O Nacional da Orinter vem em constante crescimento, o que ocasionou mais contrata\u00e7\u00f5es para amplia\u00e7\u00e3o da Equipe Brasil dentro da operadora.<\/p><cite>Roberto Sanches &#8211; Diretor da Orinter Tour &amp; Travel<\/cite><\/blockquote>\n\n\n\n<h3 class=\"wp-block-heading\" style=\"text-align:center\">Saiba mais = <a href=\"https:\/\/www.orinter.com.br\/\" target=\"_blank\" rel=\"noreferrer noopener\" aria-label=\"www.orinter.com.br (opens in a new tab)\">www.orinter.com.br<\/a><\/h3>\n","protected":false},"excerpt":{"rendered":"<p>Ap\u00f3s sucesso de vendas em setembro, Outlet OTT volta e oferece descontos de at\u00e9 70% A Orinter Tour &amp; Travel anunciou para novembro a retomada da campanha Outlet OTT, realizada no \u00faltimo m\u00eas de setembro. Promovida durante a Semana do Brasil, a sele\u00e7\u00e3o de promo\u00e7\u00f5es tamb\u00e9m ofertar\u00e1 produtos ao longo de todo o m\u00eas, com [&hellip;]<\/p>\n","protected":false},"author":5,"featured_media":37481,"comment_status":"open","ping_status":"open","sticky":false,"template":"","format":"standard","meta":{"footnotes":""},"categories":[969,163,4,161],"tags":[762,262,337,4117],"class_list":["post-37440","post","type-post","status-publish","format-standard","has-post-thumbnail","hentry","category-acontece-no-turismo","category-ofertas-especiais","category-operadoras","category-promocoes","tag-black-friday","tag-orinter","tag-orinter-tour-travel","tag-retomada-do-turismo"],"yoast_head":"<!-- This site is optimized with the Yoast SEO plugin v26.2 - https:\/\/yoast.com\/wordpress\/plugins\/seo\/ -->\n<title>Orinter anuncia promo\u00e7\u00f5es para todo o m\u00eas de novembro - Travel3<\/title>\n<meta name=\"description\" content=\"Orinter anuncia promo\u00e7\u00f5es para todo o m\u00eas de novembro; ap\u00f3s sucesso de vendas em setembro, Outlet OTT volta e oferece descontos de at\u00e9 70%\" \/>\n<meta name=\"robots\" content=\"index, follow, max-snippet:-1, max-image-preview:large, max-video-preview:-1\" \/>\n<link rel=\"canonical\" href=\"https:\/\/www.travel3.com.br\/site\/acontece-no-turismo\/operadoras\/orinter-anuncia-promocoes-para-todo-o-mes-de-novembro\/\" \/>\n<meta property=\"og:locale\" content=\"pt_BR\" \/>\n<meta property=\"og:type\" content=\"article\" \/>\n<meta property=\"og:title\" content=\"Orinter anuncia promo\u00e7\u00f5es para todo o m\u00eas de novembro - Travel3\" \/>\n<meta property=\"og:description\" content=\"Orinter anuncia promo\u00e7\u00f5es para todo o m\u00eas de novembro; ap\u00f3s sucesso de vendas em setembro, Outlet OTT volta e oferece descontos de at\u00e9 70%\" \/>\n<meta property=\"og:url\" content=\"https:\/\/www.travel3.com.br\/site\/acontece-no-turismo\/operadoras\/orinter-anuncia-promocoes-para-todo-o-mes-de-novembro\/\" \/>\n<meta property=\"og:site_name\" content=\"Travel3\" \/>\n<meta property=\"article:publisher\" content=\"https:\/\/www.facebook.com\/travel3media\/\" \/>\n<meta property=\"article:published_time\" content=\"2020-11-05T15:54:56+00:00\" \/>\n<meta property=\"article:modified_time\" content=\"2020-11-05T15:54:59+00:00\" \/>\n<meta property=\"og:image\" content=\"https:\/\/www.travel3.com.br\/site\/wp-content\/uploads\/2020\/11\/maldives-3220702_1920.jpg\" \/>\n\t<meta property=\"og:image:width\" content=\"1920\" \/>\n\t<meta property=\"og:image:height\" content=\"1280\" \/>\n\t<meta property=\"og:image:type\" content=\"image\/jpeg\" \/>\n<meta name=\"author\" content=\"Reda\u00e7\u00e3o Travel3\" \/>\n<meta name=\"twitter:card\" content=\"summary_large_image\" \/>\n<meta name=\"twitter:label1\" content=\"Escrito por\" \/>\n\t<meta name=\"twitter:data1\" content=\"Reda\u00e7\u00e3o Travel3\" \/>\n\t<meta name=\"twitter:label2\" content=\"Est. tempo de leitura\" \/>\n\t<meta name=\"twitter:data2\" content=\"1 minuto\" \/>\n<script type=\"application\/ld+json\" class=\"yoast-schema-graph\">{\"@context\":\"https:\/\/schema.org\",\"@graph\":[{\"@type\":\"Article\",\"@id\":\"https:\/\/www.travel3.com.br\/site\/acontece-no-turismo\/operadoras\/orinter-anuncia-promocoes-para-todo-o-mes-de-novembro\/#article\",\"isPartOf\":{\"@id\":\"https:\/\/www.travel3.com.br\/site\/acontece-no-turismo\/operadoras\/orinter-anuncia-promocoes-para-todo-o-mes-de-novembro\/\"},\"author\":{\"name\":\"Reda\u00e7\u00e3o Travel3\",\"@id\":\"https:\/\/www.travel3.com.br\/site\/#\/schema\/person\/89251b0320bc67697de92249f97f3fdb\"},\"headline\":\"Orinter anuncia promo\u00e7\u00f5es para todo o m\u00eas de novembro\",\"datePublished\":\"2020-11-05T15:54:56+00:00\",\"dateModified\":\"2020-11-05T15:54:59+00:00\",\"mainEntityOfPage\":{\"@id\":\"https:\/\/www.travel3.com.br\/site\/acontece-no-turismo\/operadoras\/orinter-anuncia-promocoes-para-todo-o-mes-de-novembro\/\"},\"wordCount\":264,\"commentCount\":0,\"publisher\":{\"@id\":\"https:\/\/www.travel3.com.br\/site\/#organization\"},\"image\":{\"@id\":\"https:\/\/www.travel3.com.br\/site\/acontece-no-turismo\/operadoras\/orinter-anuncia-promocoes-para-todo-o-mes-de-novembro\/#primaryimage\"},\"thumbnailUrl\":\"https:\/\/www.travel3.com.br\/site\/wp-content\/uploads\/2020\/11\/maldives-3220702_1920.jpg\",\"keywords\":[\"black friday\",\"Orinter\",\"Orinter Tour &amp; Travel\",\"Retomada do Turismo\"],\"articleSection\":[\"Acontece no Turismo\",\"Ofertas Especiais\",\"Operadoras\",\"Promo\u00e7\u00f5es\"],\"inLanguage\":\"pt-BR\",\"potentialAction\":[{\"@type\":\"CommentAction\",\"name\":\"Comment\",\"target\":[\"https:\/\/www.travel3.com.br\/site\/acontece-no-turismo\/operadoras\/orinter-anuncia-promocoes-para-todo-o-mes-de-novembro\/#respond\"]}]},{\"@type\":\"WebPage\",\"@id\":\"https:\/\/www.travel3.com.br\/site\/acontece-no-turismo\/operadoras\/orinter-anuncia-promocoes-para-todo-o-mes-de-novembro\/\",\"url\":\"https:\/\/www.travel3.com.br\/site\/acontece-no-turismo\/operadoras\/orinter-anuncia-promocoes-para-todo-o-mes-de-novembro\/\",\"name\":\"Orinter anuncia promo\u00e7\u00f5es para todo o m\u00eas de novembro - Travel3\",\"isPartOf\":{\"@id\":\"https:\/\/www.travel3.com.br\/site\/#website\"},\"primaryImageOfPage\":{\"@id\":\"https:\/\/www.travel3.com.br\/site\/acontece-no-turismo\/operadoras\/orinter-anuncia-promocoes-para-todo-o-mes-de-novembro\/#primaryimage\"},\"image\":{\"@id\":\"https:\/\/www.travel3.com.br\/site\/acontece-no-turismo\/operadoras\/orinter-anuncia-promocoes-para-todo-o-mes-de-novembro\/#primaryimage\"},\"thumbnailUrl\":\"https:\/\/www.travel3.com.br\/site\/wp-content\/uploads\/2020\/11\/maldives-3220702_1920.jpg\",\"datePublished\":\"2020-11-05T15:54:56+00:00\",\"dateModified\":\"2020-11-05T15:54:59+00:00\",\"description\":\"Orinter anuncia promo\u00e7\u00f5es para todo o m\u00eas de novembro; ap\u00f3s sucesso de vendas em setembro, Outlet OTT volta e oferece descontos de at\u00e9 70%\",\"breadcrumb\":{\"@id\":\"https:\/\/www.travel3.com.br\/site\/acontece-no-turismo\/operadoras\/orinter-anuncia-promocoes-para-todo-o-mes-de-novembro\/#breadcrumb\"},\"inLanguage\":\"pt-BR\",\"potentialAction\":[{\"@type\":\"ReadAction\",\"target\":[\"https:\/\/www.travel3.com.br\/site\/acontece-no-turismo\/operadoras\/orinter-anuncia-promocoes-para-todo-o-mes-de-novembro\/\"]}]},{\"@type\":\"ImageObject\",\"inLanguage\":\"pt-BR\",\"@id\":\"https:\/\/www.travel3.com.br\/site\/acontece-no-turismo\/operadoras\/orinter-anuncia-promocoes-para-todo-o-mes-de-novembro\/#primaryimage\",\"url\":\"https:\/\/www.travel3.com.br\/site\/wp-content\/uploads\/2020\/11\/maldives-3220702_1920.jpg\",\"contentUrl\":\"https:\/\/www.travel3.com.br\/site\/wp-content\/uploads\/2020\/11\/maldives-3220702_1920.jpg\",\"width\":1920,\"height\":1280,\"caption\":\"Praia nas Maldivas, um dos destinos com pacotes no Outlet OTT\"},{\"@type\":\"BreadcrumbList\",\"@id\":\"https:\/\/www.travel3.com.br\/site\/acontece-no-turismo\/operadoras\/orinter-anuncia-promocoes-para-todo-o-mes-de-novembro\/#breadcrumb\",\"itemListElement\":[{\"@type\":\"ListItem\",\"position\":1,\"name\":\"In\u00edcio\",\"item\":\"https:\/\/www.travel3.com.br\/site\/\"},{\"@type\":\"ListItem\",\"position\":2,\"name\":\"Orinter anuncia promo\u00e7\u00f5es para todo o m\u00eas de novembro\"}]},{\"@type\":\"WebSite\",\"@id\":\"https:\/\/www.travel3.com.br\/site\/#website\",\"url\":\"https:\/\/www.travel3.com.br\/site\/\",\"name\":\"Travel3\",\"description\":\"Lazer + Neg&oacute;cios + Aventura\",\"publisher\":{\"@id\":\"https:\/\/www.travel3.com.br\/site\/#organization\"},\"potentialAction\":[{\"@type\":\"SearchAction\",\"target\":{\"@type\":\"EntryPoint\",\"urlTemplate\":\"https:\/\/www.travel3.com.br\/site\/?s={search_term_string}\"},\"query-input\":{\"@type\":\"PropertyValueSpecification\",\"valueRequired\":true,\"valueName\":\"search_term_string\"}}],\"inLanguage\":\"pt-BR\"},{\"@type\":\"Organization\",\"@id\":\"https:\/\/www.travel3.com.br\/site\/#organization\",\"name\":\"Travel3\",\"url\":\"https:\/\/www.travel3.com.br\/site\/\",\"logo\":{\"@type\":\"ImageObject\",\"inLanguage\":\"pt-BR\",\"@id\":\"https:\/\/www.travel3.com.br\/site\/#\/schema\/logo\/image\/\",\"url\":\"https:\/\/www.travel3.com.br\/site\/wp-content\/uploads\/2020\/01\/logo-travel3-2020.png\",\"contentUrl\":\"https:\/\/www.travel3.com.br\/site\/wp-content\/uploads\/2020\/01\/logo-travel3-2020.png\",\"width\":232,\"height\":79,\"caption\":\"Travel3\"},\"image\":{\"@id\":\"https:\/\/www.travel3.com.br\/site\/#\/schema\/logo\/image\/\"},\"sameAs\":[\"https:\/\/www.facebook.com\/travel3media\/\",\"https:\/\/www.instagram.com\/revistatravel3\/\",\"https:\/\/www.youtube.com\/channel\/UCno7J4paGBR3VbZQzvoJ9Eg\"]},{\"@type\":\"Person\",\"@id\":\"https:\/\/www.travel3.com.br\/site\/#\/schema\/person\/89251b0320bc67697de92249f97f3fdb\",\"name\":\"Reda\u00e7\u00e3o Travel3\",\"image\":{\"@type\":\"ImageObject\",\"inLanguage\":\"pt-BR\",\"@id\":\"https:\/\/www.travel3.com.br\/site\/#\/schema\/person\/image\/\",\"url\":\"https:\/\/secure.gravatar.com\/avatar\/85a5ec2ad99b1932f671ebf50c117db6?s=96&d=mm&r=g\",\"contentUrl\":\"https:\/\/secure.gravatar.com\/avatar\/85a5ec2ad99b1932f671ebf50c117db6?s=96&d=mm&r=g\",\"caption\":\"Reda\u00e7\u00e3o Travel3\"},\"sameAs\":[\"http:\/\/www.travel3.com.br\/\"],\"url\":\"https:\/\/www.travel3.com.br\/site\/author\/redacao\/\"}]}<\/script>\n<!-- \/ Yoast SEO plugin. -->","yoast_head_json":{"title":"Orinter anuncia promo\u00e7\u00f5es para todo o m\u00eas de novembro - Travel3","description":"Orinter anuncia promo\u00e7\u00f5es para todo o m\u00eas de novembro; ap\u00f3s sucesso de vendas em setembro, Outlet OTT volta e oferece descontos de at\u00e9 70%","robots":{"index":"index","follow":"follow","max-snippet":"max-snippet:-1","max-image-preview":"max-image-preview:large","max-video-preview":"max-video-preview:-1"},"canonical":"https:\/\/www.travel3.com.br\/site\/acontece-no-turismo\/operadoras\/orinter-anuncia-promocoes-para-todo-o-mes-de-novembro\/","og_locale":"pt_BR","og_type":"article","og_title":"Orinter anuncia promo\u00e7\u00f5es para todo o m\u00eas de novembro - Travel3","og_description":"Orinter anuncia promo\u00e7\u00f5es para todo o m\u00eas de novembro; ap\u00f3s sucesso de vendas em setembro, Outlet OTT volta e oferece descontos de at\u00e9 70%","og_url":"https:\/\/www.travel3.com.br\/site\/acontece-no-turismo\/operadoras\/orinter-anuncia-promocoes-para-todo-o-mes-de-novembro\/","og_site_name":"Travel3","article_publisher":"https:\/\/www.facebook.com\/travel3media\/","article_published_time":"2020-11-05T15:54:56+00:00","article_modified_time":"2020-11-05T15:54:59+00:00","og_image":[{"width":1920,"height":1280,"url":"https:\/\/www.travel3.com.br\/site\/wp-content\/uploads\/2020\/11\/maldives-3220702_1920.jpg","type":"image\/jpeg"}],"author":"Reda\u00e7\u00e3o Travel3","twitter_card":"summary_large_image","twitter_misc":{"Escrito por":"Reda\u00e7\u00e3o Travel3","Est. tempo de leitura":"1 minuto"},"schema":{"@context":"https:\/\/schema.org","@graph":[{"@type":"Article","@id":"https:\/\/www.travel3.com.br\/site\/acontece-no-turismo\/operadoras\/orinter-anuncia-promocoes-para-todo-o-mes-de-novembro\/#article","isPartOf":{"@id":"https:\/\/www.travel3.com.br\/site\/acontece-no-turismo\/operadoras\/orinter-anuncia-promocoes-para-todo-o-mes-de-novembro\/"},"author":{"name":"Reda\u00e7\u00e3o Travel3","@id":"https:\/\/www.travel3.com.br\/site\/#\/schema\/person\/89251b0320bc67697de92249f97f3fdb"},"headline":"Orinter anuncia promo\u00e7\u00f5es para todo o m\u00eas de novembro","datePublished":"2020-11-05T15:54:56+00:00","dateModified":"2020-11-05T15:54:59+00:00","mainEntityOfPage":{"@id":"https:\/\/www.travel3.com.br\/site\/acontece-no-turismo\/operadoras\/orinter-anuncia-promocoes-para-todo-o-mes-de-novembro\/"},"wordCount":264,"commentCount":0,"publisher":{"@id":"https:\/\/www.travel3.com.br\/site\/#organization"},"image":{"@id":"https:\/\/www.travel3.com.br\/site\/acontece-no-turismo\/operadoras\/orinter-anuncia-promocoes-para-todo-o-mes-de-novembro\/#primaryimage"},"thumbnailUrl":"https:\/\/www.travel3.com.br\/site\/wp-content\/uploads\/2020\/11\/maldives-3220702_1920.jpg","keywords":["black friday","Orinter","Orinter Tour &amp; Travel","Retomada do Turismo"],"articleSection":["Acontece no Turismo","Ofertas Especiais","Operadoras","Promo\u00e7\u00f5es"],"inLanguage":"pt-BR","potentialAction":[{"@type":"CommentAction","name":"Comment","target":["https:\/\/www.travel3.com.br\/site\/acontece-no-turismo\/operadoras\/orinter-anuncia-promocoes-para-todo-o-mes-de-novembro\/#respond"]}]},{"@type":"WebPage","@id":"https:\/\/www.travel3.com.br\/site\/acontece-no-turismo\/operadoras\/orinter-anuncia-promocoes-para-todo-o-mes-de-novembro\/","url":"https:\/\/www.travel3.com.br\/site\/acontece-no-turismo\/operadoras\/orinter-anuncia-promocoes-para-todo-o-mes-de-novembro\/","name":"Orinter anuncia promo\u00e7\u00f5es para todo o m\u00eas de novembro - Travel3","isPartOf":{"@id":"https:\/\/www.travel3.com.br\/site\/#website"},"primaryImageOfPage":{"@id":"https:\/\/www.travel3.com.br\/site\/acontece-no-turismo\/operadoras\/orinter-anuncia-promocoes-para-todo-o-mes-de-novembro\/#primaryimage"},"image":{"@id":"https:\/\/www.travel3.com.br\/site\/acontece-no-turismo\/operadoras\/orinter-anuncia-promocoes-para-todo-o-mes-de-novembro\/#primaryimage"},"thumbnailUrl":"https:\/\/www.travel3.com.br\/site\/wp-content\/uploads\/2020\/11\/maldives-3220702_1920.jpg","datePublished":"2020-11-05T15:54:56+00:00","dateModified":"2020-11-05T15:54:59+00:00","description":"Orinter anuncia promo\u00e7\u00f5es para todo o m\u00eas de novembro; ap\u00f3s sucesso de vendas em setembro, Outlet OTT volta e oferece descontos de at\u00e9 70%","breadcrumb":{"@id":"https:\/\/www.travel3.com.br\/site\/acontece-no-turismo\/operadoras\/orinter-anuncia-promocoes-para-todo-o-mes-de-novembro\/#breadcrumb"},"inLanguage":"pt-BR","potentialAction":[{"@type":"ReadAction","target":["https:\/\/www.travel3.com.br\/site\/acontece-no-turismo\/operadoras\/orinter-anuncia-promocoes-para-todo-o-mes-de-novembro\/"]}]},{"@type":"ImageObject","inLanguage":"pt-BR","@id":"https:\/\/www.travel3.com.br\/site\/acontece-no-turismo\/operadoras\/orinter-anuncia-promocoes-para-todo-o-mes-de-novembro\/#primaryimage","url":"https:\/\/www.travel3.com.br\/site\/wp-content\/uploads\/2020\/11\/maldives-3220702_1920.jpg","contentUrl":"https:\/\/www.travel3.com.br\/site\/wp-content\/uploads\/2020\/11\/maldives-3220702_1920.jpg","width":1920,"height":1280,"caption":"Praia nas Maldivas, um dos destinos com pacotes no Outlet OTT"},{"@type":"BreadcrumbList","@id":"https:\/\/www.travel3.com.br\/site\/acontece-no-turismo\/operadoras\/orinter-anuncia-promocoes-para-todo-o-mes-de-novembro\/#breadcrumb","itemListElement":[{"@type":"ListItem","position":1,"name":"In\u00edcio","item":"https:\/\/www.travel3.com.br\/site\/"},{"@type":"ListItem","position":2,"name":"Orinter anuncia promo\u00e7\u00f5es para todo o m\u00eas de novembro"}]},{"@type":"WebSite","@id":"https:\/\/www.travel3.com.br\/site\/#website","url":"https:\/\/www.travel3.com.br\/site\/","name":"Travel3","description":"Lazer + Neg&oacute;cios + Aventura","publisher":{"@id":"https:\/\/www.travel3.com.br\/site\/#organization"},"potentialAction":[{"@type":"SearchAction","target":{"@type":"EntryPoint","urlTemplate":"https:\/\/www.travel3.com.br\/site\/?s={search_term_string}"},"query-input":{"@type":"PropertyValueSpecification","valueRequired":true,"valueName":"search_term_string"}}],"inLanguage":"pt-BR"},{"@type":"Organization","@id":"https:\/\/www.travel3.com.br\/site\/#organization","name":"Travel3","url":"https:\/\/www.travel3.com.br\/site\/","logo":{"@type":"ImageObject","inLanguage":"pt-BR","@id":"https:\/\/www.travel3.com.br\/site\/#\/schema\/logo\/image\/","url":"https:\/\/www.travel3.com.br\/site\/wp-content\/uploads\/2020\/01\/logo-travel3-2020.png","contentUrl":"https:\/\/www.travel3.com.br\/site\/wp-content\/uploads\/2020\/01\/logo-travel3-2020.png","width":232,"height":79,"caption":"Travel3"},"image":{"@id":"https:\/\/www.travel3.com.br\/site\/#\/schema\/logo\/image\/"},"sameAs":["https:\/\/www.facebook.com\/travel3media\/","https:\/\/www.instagram.com\/revistatravel3\/","https:\/\/www.youtube.com\/channel\/UCno7J4paGBR3VbZQzvoJ9Eg"]},{"@type":"Person","@id":"https:\/\/www.travel3.com.br\/site\/#\/schema\/person\/89251b0320bc67697de92249f97f3fdb","name":"Reda\u00e7\u00e3o Travel3","image":{"@type":"ImageObject","inLanguage":"pt-BR","@id":"https:\/\/www.travel3.com.br\/site\/#\/schema\/person\/image\/","url":"https:\/\/secure.gravatar.com\/avatar\/85a5ec2ad99b1932f671ebf50c117db6?s=96&d=mm&r=g","contentUrl":"https:\/\/secure.gravatar.com\/avatar\/85a5ec2ad99b1932f671ebf50c117db6?s=96&d=mm&r=g","caption":"Reda\u00e7\u00e3o Travel3"},"sameAs":["http:\/\/www.travel3.com.br\/"],"url":"https:\/\/www.travel3.com.br\/site\/author\/redacao\/"}]}},"_links":{"self":[{"href":"https:\/\/www.travel3.com.br\/site\/wp-json\/wp\/v2\/posts\/37440","targetHints":{"allow":["GET"]}}],"collection":[{"href":"https:\/\/www.travel3.com.br\/site\/wp-json\/wp\/v2\/posts"}],"about":[{"href":"https:\/\/www.travel3.com.br\/site\/wp-json\/wp\/v2\/types\/post"}],"author":[{"embeddable":true,"href":"https:\/\/www.travel3.com.br\/site\/wp-json\/wp\/v2\/users\/5"}],"replies":[{"embeddable":true,"href":"https:\/\/www.travel3.com.br\/site\/wp-json\/wp\/v2\/comments?post=37440"}],"version-history":[{"count":6,"href":"https:\/\/www.travel3.com.br\/site\/wp-json\/wp\/v2\/posts\/37440\/revisions"}],"predecessor-version":[{"id":37490,"href":"https:\/\/www.travel3.com.br\/site\/wp-json\/wp\/v2\/posts\/37440\/revisions\/37490"}],"wp:featuredmedia":[{"embeddable":true,"href":"https:\/\/www.travel3.com.br\/site\/wp-json\/wp\/v2\/media\/37481"}],"wp:attachment":[{"href":"https:\/\/www.travel3.com.br\/site\/wp-json\/wp\/v2\/media?parent=37440"}],"wp:term":[{"taxonomy":"category","embeddable":true,"href":"https:\/\/www.travel3.com.br\/site\/wp-json\/wp\/v2\/categories?post=37440"},{"taxonomy":"post_tag","embeddable":true,"href":"https:\/\/www.travel3.com.br\/site\/wp-json\/wp\/v2\/tags?post=37440"}],"curies":[{"name":"wp","href":"https:\/\/api.w.org\/{rel}","templated":true}]}}