{"id":37412,"date":"2020-11-03T06:00:34","date_gmt":"2020-11-03T08:00:34","guid":{"rendered":"https:\/\/www.travel3.com.br\/?p=37412"},"modified":"2020-11-03T09:53:35","modified_gmt":"2020-11-03T11:53:35","slug":"diversa-apresenta-nova-linha-de-produtos-nacionais","status":"publish","type":"post","link":"https:\/\/www.travel3.com.br\/site\/acontece-no-turismo\/operadoras\/diversa-apresenta-nova-linha-de-produtos-nacionais\/","title":{"rendered":"Diversa apresenta nova linha de produtos nacionais nesta ter\u00e7a"},"content":{"rendered":"\n<figure class=\"wp-block-image\"><img loading=\"lazy\" decoding=\"async\" width=\"742\" height=\"505\" src=\"https:\/\/www.travel3.com.br\/site\/wp-content\/uploads\/2020\/11\/image003.jpg\" alt=\"Diversa Produtos Nacionais\" class=\"wp-image-37413\" srcset=\"https:\/\/www.travel3.com.br\/site\/wp-content\/uploads\/2020\/11\/image003.jpg 742w, https:\/\/www.travel3.com.br\/site\/wp-content\/uploads\/2020\/11\/image003-300x204.jpg 300w\" sizes=\"auto, (max-width: 742px) 100vw, 742px\" \/><figcaption>Adriana Fredericce, Priscila Fabri e Rafael Ortiz, da equipe da Diversa Turismo<\/figcaption><\/figure>\n\n\n\n<h3 class=\"wp-block-heading\" style=\"text-align:center\">Lan\u00e7amento ter\u00e1 condi\u00e7\u00f5es exclusivas, campanha de vendas e pe\u00e7as de divulga\u00e7\u00e3o<\/h3>\n\n\n\n<p>A Diversa Turismo apresenta nesta ter\u00e7a-feira a sua nova linha de produtos nacionais, e lan\u00e7a a campanha <em>Sele\u00e7\u00e3o Diversa Brasil<\/em>. A a\u00e7\u00e3o da operadora do <u><a rel=\"noreferrer noopener\" aria-label=\"Grupo Arbo (opens in a new tab)\" href=\"https:\/\/www.travel3.com.br\/destaque\/grupo-arbo-reforca-time-de-profissionais-e-prepara-nova-marca\/\" target=\"_blank\">Grupo Arbo<\/a><\/u> oferecer\u00e1 condi\u00e7\u00f5es comerciais exclusivas nos pacotes; al\u00e9m de uma campanha de vendas e pe\u00e7as de divulga\u00e7\u00e3o para os agentes de viagens. Todos os detalhes ser\u00e3o apresentados em um webinar \u00e0s 15h, que aceita inscri\u00e7\u00f5es.<\/p>\n\n\n\n<p style=\"text-align:center\"><strong><a href=\"http:\/\/marketing.diversaturismo.com.br\/selecaodiversabrasil\" target=\"_blank\" rel=\"noreferrer noopener\" aria-label=\"Inscreva-se para o webinar de apresenta\u00e7\u00e3o da campanha Sele\u00e7\u00e3o Diversa Brasil (opens in a new tab)\">Inscreva-se para o webinar de apresenta\u00e7\u00e3o da campanha <\/a><\/strong><em><strong><a href=\"http:\/\/marketing.diversaturismo.com.br\/selecaodiversabrasil\" target=\"_blank\" rel=\"noreferrer noopener\" aria-label=\"Inscreva-se para o webinar de apresenta\u00e7\u00e3o da campanha Sele\u00e7\u00e3o Diversa Brasil (opens in a new tab)\">Sele\u00e7\u00e3o Diversa Brasil<\/a><\/strong><\/em><\/p>\n\n\n\n<p>Em meio ao aumento de vendas nacionais, a Diversa promete ampla oferta de viagens pelo Brasil ao longo das pr\u00f3ximas duas semanas. At\u00e9 o dia 15 de novembro, a operadora oferecer\u00e1 pacotes com descontos de at\u00e9 30% + upgrades de categoria e alimenta\u00e7\u00e3o + cortesias em servi\u00e7os e passeios + di\u00e1rias gr\u00e1tis para crian\u00e7as.<\/p>\n\n\n\n<p>Al\u00e9m disso, todas as ofertas poder\u00e3o ser compradas online, a partir do portal da Diversa para agentes cadastrados.<\/p>\n\n\n\n<p style=\"text-align:center\">Leia mais = <strong><a href=\"https:\/\/www.travel3.com.br\/acontece-no-turismo\/operadoras\/diversa-reforca-time-de-produtos-para-retomada-domestica\/\" target=\"_blank\" rel=\"noreferrer noopener\" aria-label=\"Diversa refor\u00e7a time de produtos para retomada dom\u00e9stica (opens in a new tab)\">Diversa refor\u00e7a time de produtos para retomada dom\u00e9stica<\/a><\/strong><\/p>\n\n\n\n<blockquote class=\"wp-block-quote is-layout-flow wp-block-quote-is-layout-flow\"><p>Estou muito feliz com esse lan\u00e7amento. Quero agradecer aos fornecedores pelo apoio e benef\u00edcios exclusivos, o que torna a Diversa uma grande for\u00e7a no lazer nacional. Tenho certeza de que seremos uma \u00f3tima op\u00e7\u00e3o para as ag\u00eancias multimarcas do Brasil.<\/p><cite>Rafael Ortiz &#8211; respons\u00e1vel pela gest\u00e3o de produtos nacionais da operadora<\/cite><\/blockquote>\n\n\n\n<h2 class=\"wp-block-heading\">Destinos nacionais em alta<\/h2>\n\n\n\n<p>Segundo Adriana Fredericce, diretora de Produtos e Opera\u00e7\u00f5es da Diversa, a a\u00e7\u00e3o leva em considera\u00e7\u00e3o a demanda cada vez maior por produtos nacionais neste in\u00edcio de retomada.<\/p>\n\n\n\n<blockquote class=\"wp-block-quote is-layout-flow wp-block-quote-is-layout-flow\"><p>Come\u00e7amos a sentir a rea\u00e7\u00e3o das vendas no Brasil em meados de julho quando lan\u00e7amos a se\u00e7\u00e3o Escapadas, com viagens pr\u00f3ximas dos grandes centros urbanos.<\/p><p>Depois, foram as vendas de nordeste que come\u00e7aram a crescer. Com isso surgiu a necessidade de refor\u00e7armos a equipe, que em pouqu\u00edssimo tempo fez um trabalho incr\u00edvel.<\/p><p>Agora sentimos que estamos prontos para entregar aos nossos clientes um portal din\u00e2mico, repleto de oportunidades e vantagens competitivas.<\/p><cite>Adriana Fredericce &#8211; Diretora de Produtos e Opera\u00e7\u00f5es da Diversa<\/cite><\/blockquote>\n\n\n\n<h2 class=\"wp-block-heading\">Campanha de vendas + condi\u00e7\u00f5es especiais<\/h2>\n\n\n\n<p>Os novos produtos nacionais da Diversas chegam acompanhados por uma campanha de vendas para os agentes, que poder\u00e3o viajar de gra\u00e7a pelo Brasil. As regras e os pr\u00eamios ser\u00e3o anunciados exclusivamente aos participantes do webinar; no entanto a operadora adiantou que ser\u00e3o 3 pr\u00eamios relacionados a viagens pelo pa\u00eds.<\/p>\n\n\n\n<blockquote class=\"wp-block-quote is-layout-flow wp-block-quote-is-layout-flow\"><p>Esse \u00e9 s\u00f3 um dos presentes que ofereceremos aos agentes durante o evento. O outro \u00e9 uma campanha completa de marketing digital com 55 pe\u00e7as publicit\u00e1rias para Instagram, Facebook, E-mail, Whatsapp e Telegram, que poder\u00e3o ser divulgadas dentro de um cronograma sugerido de duas semanas.<\/p><p>Elas j\u00e1 seguem com sugest\u00e3o de conte\u00fado prontinho para publica\u00e7\u00e3o, com hashtags que potencializam a divulga\u00e7\u00e3o. Apoiaremos os agentes nas vendas com esse material, e fecharemos esse lan\u00e7amento de nacional com chave de ouro com a premia\u00e7\u00e3o.<\/p><cite>Priscila Fabri &#8211; Gerente de Marketing do Grupo Arbo<\/cite><\/blockquote>\n","protected":false},"excerpt":{"rendered":"<p>Lan\u00e7amento ter\u00e1 condi\u00e7\u00f5es exclusivas, campanha de vendas e pe\u00e7as de divulga\u00e7\u00e3o A Diversa Turismo apresenta nesta ter\u00e7a-feira a sua nova linha de produtos nacionais, e lan\u00e7a a campanha Sele\u00e7\u00e3o Diversa Brasil. A a\u00e7\u00e3o da operadora do Grupo Arbo oferecer\u00e1 condi\u00e7\u00f5es comerciais exclusivas nos pacotes; al\u00e9m de uma campanha de vendas e pe\u00e7as de divulga\u00e7\u00e3o para [&hellip;]<\/p>\n","protected":false},"author":5,"featured_media":37413,"comment_status":"open","ping_status":"open","sticky":false,"template":"","format":"standard","meta":{"footnotes":""},"categories":[969,226,163,4,161],"tags":[4344,2076,4117],"class_list":["post-37412","post","type-post","status-publish","format-standard","has-post-thumbnail","hentry","category-acontece-no-turismo","category-destaque","category-ofertas-especiais","category-operadoras","category-promocoes","tag-destinos-nacionais","tag-diversa-turismo","tag-retomada-do-turismo"],"yoast_head":"<!-- This site is optimized with the Yoast SEO plugin v26.2 - https:\/\/yoast.com\/wordpress\/plugins\/seo\/ -->\n<title>Diversa apresenta nova linha de produtos nacionais nesta ter\u00e7a - Travel3<\/title>\n<meta name=\"description\" content=\"Diversa apresenta nova linha de produtos nacionais nesta ter\u00e7a; condi\u00e7\u00f5es exclusivas, campanha de vendas e novas pe\u00e7as de divulga\u00e7\u00e3o s\u00e3o algumas novidades\" \/>\n<meta name=\"robots\" content=\"index, follow, max-snippet:-1, max-image-preview:large, max-video-preview:-1\" \/>\n<link rel=\"canonical\" href=\"https:\/\/www.travel3.com.br\/site\/acontece-no-turismo\/operadoras\/diversa-apresenta-nova-linha-de-produtos-nacionais\/\" \/>\n<meta property=\"og:locale\" content=\"pt_BR\" \/>\n<meta property=\"og:type\" content=\"article\" \/>\n<meta property=\"og:title\" content=\"Diversa apresenta nova linha de produtos nacionais nesta ter\u00e7a - Travel3\" \/>\n<meta property=\"og:description\" content=\"Diversa apresenta nova linha de produtos nacionais nesta ter\u00e7a; condi\u00e7\u00f5es exclusivas, campanha de vendas e novas pe\u00e7as de divulga\u00e7\u00e3o s\u00e3o algumas novidades\" \/>\n<meta property=\"og:url\" content=\"https:\/\/www.travel3.com.br\/site\/acontece-no-turismo\/operadoras\/diversa-apresenta-nova-linha-de-produtos-nacionais\/\" \/>\n<meta property=\"og:site_name\" content=\"Travel3\" \/>\n<meta property=\"article:publisher\" content=\"https:\/\/www.facebook.com\/travel3media\/\" \/>\n<meta property=\"article:published_time\" content=\"2020-11-03T08:00:34+00:00\" \/>\n<meta property=\"article:modified_time\" content=\"2020-11-03T11:53:35+00:00\" \/>\n<meta property=\"og:image\" content=\"https:\/\/www.travel3.com.br\/site\/wp-content\/uploads\/2020\/11\/image003.jpg\" \/>\n\t<meta property=\"og:image:width\" content=\"742\" \/>\n\t<meta property=\"og:image:height\" content=\"505\" \/>\n\t<meta property=\"og:image:type\" content=\"image\/jpeg\" \/>\n<meta name=\"author\" content=\"Reda\u00e7\u00e3o Travel3\" \/>\n<meta name=\"twitter:card\" content=\"summary_large_image\" \/>\n<meta name=\"twitter:label1\" content=\"Escrito por\" \/>\n\t<meta name=\"twitter:data1\" content=\"Reda\u00e7\u00e3o Travel3\" \/>\n\t<meta name=\"twitter:label2\" content=\"Est. tempo de leitura\" \/>\n\t<meta name=\"twitter:data2\" content=\"3 minutos\" \/>\n<script type=\"application\/ld+json\" class=\"yoast-schema-graph\">{\"@context\":\"https:\/\/schema.org\",\"@graph\":[{\"@type\":\"Article\",\"@id\":\"https:\/\/www.travel3.com.br\/site\/acontece-no-turismo\/operadoras\/diversa-apresenta-nova-linha-de-produtos-nacionais\/#article\",\"isPartOf\":{\"@id\":\"https:\/\/www.travel3.com.br\/site\/acontece-no-turismo\/operadoras\/diversa-apresenta-nova-linha-de-produtos-nacionais\/\"},\"author\":{\"name\":\"Reda\u00e7\u00e3o Travel3\",\"@id\":\"https:\/\/www.travel3.com.br\/site\/#\/schema\/person\/89251b0320bc67697de92249f97f3fdb\"},\"headline\":\"Diversa apresenta nova linha de produtos nacionais nesta ter\u00e7a\",\"datePublished\":\"2020-11-03T08:00:34+00:00\",\"dateModified\":\"2020-11-03T11:53:35+00:00\",\"mainEntityOfPage\":{\"@id\":\"https:\/\/www.travel3.com.br\/site\/acontece-no-turismo\/operadoras\/diversa-apresenta-nova-linha-de-produtos-nacionais\/\"},\"wordCount\":551,\"commentCount\":0,\"publisher\":{\"@id\":\"https:\/\/www.travel3.com.br\/site\/#organization\"},\"image\":{\"@id\":\"https:\/\/www.travel3.com.br\/site\/acontece-no-turismo\/operadoras\/diversa-apresenta-nova-linha-de-produtos-nacionais\/#primaryimage\"},\"thumbnailUrl\":\"https:\/\/www.travel3.com.br\/site\/wp-content\/uploads\/2020\/11\/image003.jpg\",\"keywords\":[\"Destinos Nacionais\",\"Diversa Turismo\",\"Retomada do Turismo\"],\"articleSection\":[\"Acontece no Turismo\",\"Destaque\",\"Ofertas Especiais\",\"Operadoras\",\"Promo\u00e7\u00f5es\"],\"inLanguage\":\"pt-BR\",\"potentialAction\":[{\"@type\":\"CommentAction\",\"name\":\"Comment\",\"target\":[\"https:\/\/www.travel3.com.br\/site\/acontece-no-turismo\/operadoras\/diversa-apresenta-nova-linha-de-produtos-nacionais\/#respond\"]}]},{\"@type\":\"WebPage\",\"@id\":\"https:\/\/www.travel3.com.br\/site\/acontece-no-turismo\/operadoras\/diversa-apresenta-nova-linha-de-produtos-nacionais\/\",\"url\":\"https:\/\/www.travel3.com.br\/site\/acontece-no-turismo\/operadoras\/diversa-apresenta-nova-linha-de-produtos-nacionais\/\",\"name\":\"Diversa apresenta nova linha de produtos nacionais nesta ter\u00e7a - Travel3\",\"isPartOf\":{\"@id\":\"https:\/\/www.travel3.com.br\/site\/#website\"},\"primaryImageOfPage\":{\"@id\":\"https:\/\/www.travel3.com.br\/site\/acontece-no-turismo\/operadoras\/diversa-apresenta-nova-linha-de-produtos-nacionais\/#primaryimage\"},\"image\":{\"@id\":\"https:\/\/www.travel3.com.br\/site\/acontece-no-turismo\/operadoras\/diversa-apresenta-nova-linha-de-produtos-nacionais\/#primaryimage\"},\"thumbnailUrl\":\"https:\/\/www.travel3.com.br\/site\/wp-content\/uploads\/2020\/11\/image003.jpg\",\"datePublished\":\"2020-11-03T08:00:34+00:00\",\"dateModified\":\"2020-11-03T11:53:35+00:00\",\"description\":\"Diversa apresenta nova linha de produtos nacionais nesta ter\u00e7a; condi\u00e7\u00f5es exclusivas, campanha de vendas e novas pe\u00e7as de divulga\u00e7\u00e3o s\u00e3o algumas novidades\",\"breadcrumb\":{\"@id\":\"https:\/\/www.travel3.com.br\/site\/acontece-no-turismo\/operadoras\/diversa-apresenta-nova-linha-de-produtos-nacionais\/#breadcrumb\"},\"inLanguage\":\"pt-BR\",\"potentialAction\":[{\"@type\":\"ReadAction\",\"target\":[\"https:\/\/www.travel3.com.br\/site\/acontece-no-turismo\/operadoras\/diversa-apresenta-nova-linha-de-produtos-nacionais\/\"]}]},{\"@type\":\"ImageObject\",\"inLanguage\":\"pt-BR\",\"@id\":\"https:\/\/www.travel3.com.br\/site\/acontece-no-turismo\/operadoras\/diversa-apresenta-nova-linha-de-produtos-nacionais\/#primaryimage\",\"url\":\"https:\/\/www.travel3.com.br\/site\/wp-content\/uploads\/2020\/11\/image003.jpg\",\"contentUrl\":\"https:\/\/www.travel3.com.br\/site\/wp-content\/uploads\/2020\/11\/image003.jpg\",\"width\":742,\"height\":505,\"caption\":\"Adriana Fredericce, Priscila Fabri e Rafael Ortiz, da equipe da Diversa Turismo\"},{\"@type\":\"BreadcrumbList\",\"@id\":\"https:\/\/www.travel3.com.br\/site\/acontece-no-turismo\/operadoras\/diversa-apresenta-nova-linha-de-produtos-nacionais\/#breadcrumb\",\"itemListElement\":[{\"@type\":\"ListItem\",\"position\":1,\"name\":\"In\u00edcio\",\"item\":\"https:\/\/www.travel3.com.br\/site\/\"},{\"@type\":\"ListItem\",\"position\":2,\"name\":\"Diversa apresenta nova linha de produtos nacionais nesta ter\u00e7a\"}]},{\"@type\":\"WebSite\",\"@id\":\"https:\/\/www.travel3.com.br\/site\/#website\",\"url\":\"https:\/\/www.travel3.com.br\/site\/\",\"name\":\"Travel3\",\"description\":\"Lazer + Neg&oacute;cios + Aventura\",\"publisher\":{\"@id\":\"https:\/\/www.travel3.com.br\/site\/#organization\"},\"potentialAction\":[{\"@type\":\"SearchAction\",\"target\":{\"@type\":\"EntryPoint\",\"urlTemplate\":\"https:\/\/www.travel3.com.br\/site\/?s={search_term_string}\"},\"query-input\":{\"@type\":\"PropertyValueSpecification\",\"valueRequired\":true,\"valueName\":\"search_term_string\"}}],\"inLanguage\":\"pt-BR\"},{\"@type\":\"Organization\",\"@id\":\"https:\/\/www.travel3.com.br\/site\/#organization\",\"name\":\"Travel3\",\"url\":\"https:\/\/www.travel3.com.br\/site\/\",\"logo\":{\"@type\":\"ImageObject\",\"inLanguage\":\"pt-BR\",\"@id\":\"https:\/\/www.travel3.com.br\/site\/#\/schema\/logo\/image\/\",\"url\":\"https:\/\/www.travel3.com.br\/site\/wp-content\/uploads\/2020\/01\/logo-travel3-2020.png\",\"contentUrl\":\"https:\/\/www.travel3.com.br\/site\/wp-content\/uploads\/2020\/01\/logo-travel3-2020.png\",\"width\":232,\"height\":79,\"caption\":\"Travel3\"},\"image\":{\"@id\":\"https:\/\/www.travel3.com.br\/site\/#\/schema\/logo\/image\/\"},\"sameAs\":[\"https:\/\/www.facebook.com\/travel3media\/\",\"https:\/\/www.instagram.com\/revistatravel3\/\",\"https:\/\/www.youtube.com\/channel\/UCno7J4paGBR3VbZQzvoJ9Eg\"]},{\"@type\":\"Person\",\"@id\":\"https:\/\/www.travel3.com.br\/site\/#\/schema\/person\/89251b0320bc67697de92249f97f3fdb\",\"name\":\"Reda\u00e7\u00e3o Travel3\",\"image\":{\"@type\":\"ImageObject\",\"inLanguage\":\"pt-BR\",\"@id\":\"https:\/\/www.travel3.com.br\/site\/#\/schema\/person\/image\/\",\"url\":\"https:\/\/secure.gravatar.com\/avatar\/85a5ec2ad99b1932f671ebf50c117db6?s=96&d=mm&r=g\",\"contentUrl\":\"https:\/\/secure.gravatar.com\/avatar\/85a5ec2ad99b1932f671ebf50c117db6?s=96&d=mm&r=g\",\"caption\":\"Reda\u00e7\u00e3o Travel3\"},\"sameAs\":[\"http:\/\/www.travel3.com.br\/\"],\"url\":\"https:\/\/www.travel3.com.br\/site\/author\/redacao\/\"}]}<\/script>\n<!-- \/ Yoast SEO plugin. -->","yoast_head_json":{"title":"Diversa apresenta nova linha de produtos nacionais nesta ter\u00e7a - Travel3","description":"Diversa apresenta nova linha de produtos nacionais nesta ter\u00e7a; condi\u00e7\u00f5es exclusivas, campanha de vendas e novas pe\u00e7as de divulga\u00e7\u00e3o s\u00e3o algumas novidades","robots":{"index":"index","follow":"follow","max-snippet":"max-snippet:-1","max-image-preview":"max-image-preview:large","max-video-preview":"max-video-preview:-1"},"canonical":"https:\/\/www.travel3.com.br\/site\/acontece-no-turismo\/operadoras\/diversa-apresenta-nova-linha-de-produtos-nacionais\/","og_locale":"pt_BR","og_type":"article","og_title":"Diversa apresenta nova linha de produtos nacionais nesta ter\u00e7a - Travel3","og_description":"Diversa apresenta nova linha de produtos nacionais nesta ter\u00e7a; condi\u00e7\u00f5es exclusivas, campanha de vendas e novas pe\u00e7as de divulga\u00e7\u00e3o s\u00e3o algumas novidades","og_url":"https:\/\/www.travel3.com.br\/site\/acontece-no-turismo\/operadoras\/diversa-apresenta-nova-linha-de-produtos-nacionais\/","og_site_name":"Travel3","article_publisher":"https:\/\/www.facebook.com\/travel3media\/","article_published_time":"2020-11-03T08:00:34+00:00","article_modified_time":"2020-11-03T11:53:35+00:00","og_image":[{"width":742,"height":505,"url":"https:\/\/www.travel3.com.br\/site\/wp-content\/uploads\/2020\/11\/image003.jpg","type":"image\/jpeg"}],"author":"Reda\u00e7\u00e3o Travel3","twitter_card":"summary_large_image","twitter_misc":{"Escrito por":"Reda\u00e7\u00e3o Travel3","Est. tempo de leitura":"3 minutos"},"schema":{"@context":"https:\/\/schema.org","@graph":[{"@type":"Article","@id":"https:\/\/www.travel3.com.br\/site\/acontece-no-turismo\/operadoras\/diversa-apresenta-nova-linha-de-produtos-nacionais\/#article","isPartOf":{"@id":"https:\/\/www.travel3.com.br\/site\/acontece-no-turismo\/operadoras\/diversa-apresenta-nova-linha-de-produtos-nacionais\/"},"author":{"name":"Reda\u00e7\u00e3o Travel3","@id":"https:\/\/www.travel3.com.br\/site\/#\/schema\/person\/89251b0320bc67697de92249f97f3fdb"},"headline":"Diversa apresenta nova linha de produtos nacionais nesta ter\u00e7a","datePublished":"2020-11-03T08:00:34+00:00","dateModified":"2020-11-03T11:53:35+00:00","mainEntityOfPage":{"@id":"https:\/\/www.travel3.com.br\/site\/acontece-no-turismo\/operadoras\/diversa-apresenta-nova-linha-de-produtos-nacionais\/"},"wordCount":551,"commentCount":0,"publisher":{"@id":"https:\/\/www.travel3.com.br\/site\/#organization"},"image":{"@id":"https:\/\/www.travel3.com.br\/site\/acontece-no-turismo\/operadoras\/diversa-apresenta-nova-linha-de-produtos-nacionais\/#primaryimage"},"thumbnailUrl":"https:\/\/www.travel3.com.br\/site\/wp-content\/uploads\/2020\/11\/image003.jpg","keywords":["Destinos Nacionais","Diversa Turismo","Retomada do Turismo"],"articleSection":["Acontece no Turismo","Destaque","Ofertas Especiais","Operadoras","Promo\u00e7\u00f5es"],"inLanguage":"pt-BR","potentialAction":[{"@type":"CommentAction","name":"Comment","target":["https:\/\/www.travel3.com.br\/site\/acontece-no-turismo\/operadoras\/diversa-apresenta-nova-linha-de-produtos-nacionais\/#respond"]}]},{"@type":"WebPage","@id":"https:\/\/www.travel3.com.br\/site\/acontece-no-turismo\/operadoras\/diversa-apresenta-nova-linha-de-produtos-nacionais\/","url":"https:\/\/www.travel3.com.br\/site\/acontece-no-turismo\/operadoras\/diversa-apresenta-nova-linha-de-produtos-nacionais\/","name":"Diversa apresenta nova linha de produtos nacionais nesta ter\u00e7a - Travel3","isPartOf":{"@id":"https:\/\/www.travel3.com.br\/site\/#website"},"primaryImageOfPage":{"@id":"https:\/\/www.travel3.com.br\/site\/acontece-no-turismo\/operadoras\/diversa-apresenta-nova-linha-de-produtos-nacionais\/#primaryimage"},"image":{"@id":"https:\/\/www.travel3.com.br\/site\/acontece-no-turismo\/operadoras\/diversa-apresenta-nova-linha-de-produtos-nacionais\/#primaryimage"},"thumbnailUrl":"https:\/\/www.travel3.com.br\/site\/wp-content\/uploads\/2020\/11\/image003.jpg","datePublished":"2020-11-03T08:00:34+00:00","dateModified":"2020-11-03T11:53:35+00:00","description":"Diversa apresenta nova linha de produtos nacionais nesta ter\u00e7a; condi\u00e7\u00f5es exclusivas, campanha de vendas e novas pe\u00e7as de divulga\u00e7\u00e3o s\u00e3o algumas novidades","breadcrumb":{"@id":"https:\/\/www.travel3.com.br\/site\/acontece-no-turismo\/operadoras\/diversa-apresenta-nova-linha-de-produtos-nacionais\/#breadcrumb"},"inLanguage":"pt-BR","potentialAction":[{"@type":"ReadAction","target":["https:\/\/www.travel3.com.br\/site\/acontece-no-turismo\/operadoras\/diversa-apresenta-nova-linha-de-produtos-nacionais\/"]}]},{"@type":"ImageObject","inLanguage":"pt-BR","@id":"https:\/\/www.travel3.com.br\/site\/acontece-no-turismo\/operadoras\/diversa-apresenta-nova-linha-de-produtos-nacionais\/#primaryimage","url":"https:\/\/www.travel3.com.br\/site\/wp-content\/uploads\/2020\/11\/image003.jpg","contentUrl":"https:\/\/www.travel3.com.br\/site\/wp-content\/uploads\/2020\/11\/image003.jpg","width":742,"height":505,"caption":"Adriana Fredericce, Priscila Fabri e Rafael Ortiz, da equipe da Diversa Turismo"},{"@type":"BreadcrumbList","@id":"https:\/\/www.travel3.com.br\/site\/acontece-no-turismo\/operadoras\/diversa-apresenta-nova-linha-de-produtos-nacionais\/#breadcrumb","itemListElement":[{"@type":"ListItem","position":1,"name":"In\u00edcio","item":"https:\/\/www.travel3.com.br\/site\/"},{"@type":"ListItem","position":2,"name":"Diversa apresenta nova linha de produtos nacionais nesta ter\u00e7a"}]},{"@type":"WebSite","@id":"https:\/\/www.travel3.com.br\/site\/#website","url":"https:\/\/www.travel3.com.br\/site\/","name":"Travel3","description":"Lazer + Neg&oacute;cios + Aventura","publisher":{"@id":"https:\/\/www.travel3.com.br\/site\/#organization"},"potentialAction":[{"@type":"SearchAction","target":{"@type":"EntryPoint","urlTemplate":"https:\/\/www.travel3.com.br\/site\/?s={search_term_string}"},"query-input":{"@type":"PropertyValueSpecification","valueRequired":true,"valueName":"search_term_string"}}],"inLanguage":"pt-BR"},{"@type":"Organization","@id":"https:\/\/www.travel3.com.br\/site\/#organization","name":"Travel3","url":"https:\/\/www.travel3.com.br\/site\/","logo":{"@type":"ImageObject","inLanguage":"pt-BR","@id":"https:\/\/www.travel3.com.br\/site\/#\/schema\/logo\/image\/","url":"https:\/\/www.travel3.com.br\/site\/wp-content\/uploads\/2020\/01\/logo-travel3-2020.png","contentUrl":"https:\/\/www.travel3.com.br\/site\/wp-content\/uploads\/2020\/01\/logo-travel3-2020.png","width":232,"height":79,"caption":"Travel3"},"image":{"@id":"https:\/\/www.travel3.com.br\/site\/#\/schema\/logo\/image\/"},"sameAs":["https:\/\/www.facebook.com\/travel3media\/","https:\/\/www.instagram.com\/revistatravel3\/","https:\/\/www.youtube.com\/channel\/UCno7J4paGBR3VbZQzvoJ9Eg"]},{"@type":"Person","@id":"https:\/\/www.travel3.com.br\/site\/#\/schema\/person\/89251b0320bc67697de92249f97f3fdb","name":"Reda\u00e7\u00e3o Travel3","image":{"@type":"ImageObject","inLanguage":"pt-BR","@id":"https:\/\/www.travel3.com.br\/site\/#\/schema\/person\/image\/","url":"https:\/\/secure.gravatar.com\/avatar\/85a5ec2ad99b1932f671ebf50c117db6?s=96&d=mm&r=g","contentUrl":"https:\/\/secure.gravatar.com\/avatar\/85a5ec2ad99b1932f671ebf50c117db6?s=96&d=mm&r=g","caption":"Reda\u00e7\u00e3o Travel3"},"sameAs":["http:\/\/www.travel3.com.br\/"],"url":"https:\/\/www.travel3.com.br\/site\/author\/redacao\/"}]}},"_links":{"self":[{"href":"https:\/\/www.travel3.com.br\/site\/wp-json\/wp\/v2\/posts\/37412","targetHints":{"allow":["GET"]}}],"collection":[{"href":"https:\/\/www.travel3.com.br\/site\/wp-json\/wp\/v2\/posts"}],"about":[{"href":"https:\/\/www.travel3.com.br\/site\/wp-json\/wp\/v2\/types\/post"}],"author":[{"embeddable":true,"href":"https:\/\/www.travel3.com.br\/site\/wp-json\/wp\/v2\/users\/5"}],"replies":[{"embeddable":true,"href":"https:\/\/www.travel3.com.br\/site\/wp-json\/wp\/v2\/comments?post=37412"}],"version-history":[{"count":2,"href":"https:\/\/www.travel3.com.br\/site\/wp-json\/wp\/v2\/posts\/37412\/revisions"}],"predecessor-version":[{"id":37416,"href":"https:\/\/www.travel3.com.br\/site\/wp-json\/wp\/v2\/posts\/37412\/revisions\/37416"}],"wp:featuredmedia":[{"embeddable":true,"href":"https:\/\/www.travel3.com.br\/site\/wp-json\/wp\/v2\/media\/37413"}],"wp:attachment":[{"href":"https:\/\/www.travel3.com.br\/site\/wp-json\/wp\/v2\/media?parent=37412"}],"wp:term":[{"taxonomy":"category","embeddable":true,"href":"https:\/\/www.travel3.com.br\/site\/wp-json\/wp\/v2\/categories?post=37412"},{"taxonomy":"post_tag","embeddable":true,"href":"https:\/\/www.travel3.com.br\/site\/wp-json\/wp\/v2\/tags?post=37412"}],"curies":[{"name":"wp","href":"https:\/\/api.w.org\/{rel}","templated":true}]}}