{"id":37362,"date":"2020-11-04T05:00:56","date_gmt":"2020-11-04T07:00:56","guid":{"rendered":"https:\/\/www.travel3.com.br\/?p=37362"},"modified":"2020-11-04T20:33:39","modified_gmt":"2020-11-04T22:33:39","slug":"copa-airlines-retoma-voos-a-belo-horizonte-em-novembro","status":"publish","type":"post","link":"https:\/\/www.travel3.com.br\/site\/ir-e-vir\/ar\/copa-airlines-retoma-voos-a-belo-horizonte-em-novembro\/","title":{"rendered":"Copa Airlines retoma voos a Belo Horizonte em Novembro"},"content":{"rendered":"\n<div class=\"wp-block-image\"><figure class=\"aligncenter\"><img loading=\"lazy\" decoding=\"async\" width=\"800\" height=\"452\" src=\"https:\/\/www.travel3.com.br\/site\/wp-content\/uploads\/2018\/02\/copa-airlines-aviao-pista.jpg\" alt=\"Copa Airlines\" class=\"wp-image-10313\" srcset=\"https:\/\/www.travel3.com.br\/site\/wp-content\/uploads\/2018\/02\/copa-airlines-aviao-pista.jpg 800w, https:\/\/www.travel3.com.br\/site\/wp-content\/uploads\/2018\/02\/copa-airlines-aviao-pista-300x170.jpg 300w, https:\/\/www.travel3.com.br\/site\/wp-content\/uploads\/2018\/02\/copa-airlines-aviao-pista-768x434.jpg 768w\" sizes=\"auto, (max-width: 800px) 100vw, 800px\" \/><figcaption>(Foto: Divulga\u00e7\u00e3o)<\/figcaption><\/figure><\/div>\n\n\n\n<h3 class=\"wp-block-heading\" style=\"text-align:center\">Companhia volta a ligar a capital mineira ao Panam\u00e1 em 3 freq\u00eancias semanais<\/h3>\n\n\n\n<p>A Copa Airlines retoma gradualmente as atividades no Brasil, e anunciou que a rota Belo Horizonte &#8211; Cidade do Panam\u00e1 volta a ser operada a partir do dia 23 de novembro. A capital mineira \u00e9 a 4\u00aa cidade brasileira que volta a receber voos da companhia panamenha desde o <u><a href=\"https:\/\/www.travel3.com.br\/acontece-no-turismo\/copa-airlines-retoma-voos\/\" target=\"_blank\" rel=\"noreferrer noopener\" aria-label=\"rein\u00edcio de atividades no pa\u00eds (opens in a new tab)\">rein\u00edcio de atividades no pa\u00eds<\/a><\/u>.<\/p>\n\n\n\n<p style=\"text-align:center\">Leia mais = <strong><a href=\"https:\/\/www.travel3.com.br\/destaque\/orinter-copa-promoveram-1o-famtour-oficial-da-retomada\/\" target=\"_blank\" rel=\"noreferrer noopener\" aria-label=\"Orinter + Copa promoveram 1\u00ba famtour oficial da retomada (opens in a new tab)\">Orinter + Copa promoveram 1\u00ba famtour oficial da retomada<\/a><\/strong><\/p>\n\n\n\n<p>A Copa voar\u00e1 entre o Aeroporto Internacional de Confins e o Aeroporto Internacional de Tocumen 3 vezes por semana. Desse modo, a partir do Panam\u00e1, os passageiros podem chegar a diversos destinos atendidos pela companhia; em pa\u00edses como M\u00e9xico + Estados Unidos + Canad\u00e1 + Rep\u00fablica Dominicana + Equador + Guatemala + Honduras + El Salvador + Porto Rico + Jamaica.<\/p>\n\n\n\n<p style=\"text-align:center\">Leia mais = <strong><a href=\"https:\/\/www.travel3.com.br\/ir-e-vir\/ar\/copa-airlines-compartilha-novas-medidas-de-higiene-a-bordo\/\" target=\"_blank\" rel=\"noreferrer noopener\" aria-label=\"Copa Airlines compartilha novas medidas de higiene a bordo (opens in a new tab)\">Copa Airlines compartilha novas medidas de higiene a bordo<\/a><\/strong><\/p>\n\n\n\n<blockquote class=\"wp-block-quote is-layout-flow wp-block-quote-is-layout-flow\"><p>Estamos retomando as atividades no Brasil aos poucos e muito felizes por poder voltar \u00e0 Minas Gerais, um mercado muito importante para n\u00f3s.<\/p><p>Queremos compartilhar com os nossos clientes que estamos tomando todas as medidas de biosseguran\u00e7a necess\u00e1rias para garantir uma experi\u00eancia de voo segura para nossos passageiros e colaboradores, do check-in at\u00e9 o desembarque.<\/p><cite>Carlos Antunes &#8211; Gerente Regional de Vendas da Copa Airlines<\/cite><\/blockquote>\n\n\n\n<h2 class=\"wp-block-heading\">Voos dispon\u00edveis<\/h2>\n\n\n\n<p>As reservas de voos com a Copa Airlines j\u00e1 podem ser feitas via site, pela Central de Reservas ou ainda atrav\u00e9s de ag\u00eancias de viagens. Mudan\u00e7as de data podem ser gerenciadas sem taxa de altera\u00e7\u00e3o pelos passageiros que possuem um bilhete v\u00e1lido na companhia.<\/p>\n\n\n\n<p>Em conformidade com novos protocolos de seguran\u00e7a, todos os passageiros devem cumprir <u><a rel=\"noreferrer noopener\" aria-label=\"requisitos (opens in a new tab)\" href=\"https:\/\/www.copaair.com\/es\/web\/pa\/requisitos-de-viaje\" target=\"_blank\">requisitos<\/a><\/u> estabelecidos pela companhia e por autoridades de sa\u00fade do pa\u00eds de destino.<\/p>\n\n\n\n<blockquote class=\"wp-block-quote is-layout-flow wp-block-quote-is-layout-flow\"><p>Assim como aquele agosto de 2008, quando o primeiro voo da Copa chegava a Belo Horizonte, a emo\u00e7\u00e3o \u00e9 inevit\u00e1vel! Depois de oito meses de opera\u00e7\u00f5es suspensas em fun\u00e7\u00e3o da pandemia, a partir do dia 23 de novembro conectaremos de novo nossa cidade \u00e0s Am\u00e9ricas, proporcionando ao mineiro uma viagem mais r\u00e1pida e confort\u00e1vel j\u00e1 para suas pr\u00f3ximas f\u00e9rias.<\/p><cite>Jacqueline Ledo &#8211; A Gerente de Vendas para Belo Horizonte<\/cite><\/blockquote>\n\n\n\n<h3 class=\"wp-block-heading\" style=\"text-align:center\">Reservas e informa\u00e7\u00f5es = <a href=\"https:\/\/www.copaair.com\/es\/web\/pa\/home\" target=\"_blank\" rel=\"noreferrer noopener\" aria-label=\"www.copa.com (opens in a new tab)\">www.copa.com<\/a><\/h3>\n","protected":false},"excerpt":{"rendered":"<p>Companhia volta a ligar a capital mineira ao Panam\u00e1 em 3 freq\u00eancias semanais A Copa Airlines retoma gradualmente as atividades no Brasil, e anunciou que a rota Belo Horizonte &#8211; Cidade do Panam\u00e1 volta a ser operada a partir do dia 23 de novembro. A capital mineira \u00e9 a 4\u00aa cidade brasileira que volta a [&hellip;]<\/p>\n","protected":false},"author":6,"featured_media":10313,"comment_status":"open","ping_status":"open","sticky":false,"template":"","format":"standard","meta":{"footnotes":""},"categories":[309,226,8],"tags":[985,394,1962,266,4117],"class_list":["post-37362","post","type-post","status-publish","format-standard","has-post-thumbnail","hentry","category-ar","category-destaque","category-ir-e-vir","tag-aeroporto-confins","tag-belo-horizonte","tag-cidade-do-panama","tag-copa-airlines","tag-retomada-do-turismo"],"yoast_head":"<!-- This site is optimized with the Yoast SEO plugin v26.2 - https:\/\/yoast.com\/wordpress\/plugins\/seo\/ -->\n<title>Copa Airlines retoma voos a Belo Horizonte em Novembro - Travel3<\/title>\n<meta name=\"description\" content=\"Copa Airlines retoma voos a Belo Horizonte em Novembro; companhia volta a ligar a capital mineira ao Panam\u00e1 em 3 freq\u00eancias semanais\" \/>\n<meta name=\"robots\" content=\"index, follow, max-snippet:-1, max-image-preview:large, max-video-preview:-1\" \/>\n<link rel=\"canonical\" href=\"https:\/\/www.travel3.com.br\/site\/ir-e-vir\/ar\/copa-airlines-retoma-voos-a-belo-horizonte-em-novembro\/\" \/>\n<meta property=\"og:locale\" content=\"pt_BR\" \/>\n<meta property=\"og:type\" content=\"article\" \/>\n<meta property=\"og:title\" content=\"Copa Airlines retoma voos a Belo Horizonte em Novembro - Travel3\" \/>\n<meta property=\"og:description\" content=\"Copa Airlines retoma voos a Belo Horizonte em Novembro; companhia volta a ligar a capital mineira ao Panam\u00e1 em 3 freq\u00eancias semanais\" \/>\n<meta property=\"og:url\" content=\"https:\/\/www.travel3.com.br\/site\/ir-e-vir\/ar\/copa-airlines-retoma-voos-a-belo-horizonte-em-novembro\/\" \/>\n<meta property=\"og:site_name\" content=\"Travel3\" \/>\n<meta property=\"article:publisher\" content=\"https:\/\/www.facebook.com\/travel3media\/\" \/>\n<meta property=\"article:published_time\" content=\"2020-11-04T07:00:56+00:00\" \/>\n<meta property=\"article:modified_time\" content=\"2020-11-04T22:33:39+00:00\" \/>\n<meta property=\"og:image\" content=\"https:\/\/www.travel3.com.br\/site\/wp-content\/uploads\/2018\/02\/copa-airlines-aviao-pista.jpg\" \/>\n\t<meta property=\"og:image:width\" content=\"800\" \/>\n\t<meta property=\"og:image:height\" content=\"452\" \/>\n\t<meta property=\"og:image:type\" content=\"image\/jpeg\" \/>\n<meta name=\"author\" content=\"Reda\u00e7\u00e3o Travel3\" \/>\n<meta name=\"twitter:card\" content=\"summary_large_image\" \/>\n<meta name=\"twitter:label1\" content=\"Escrito por\" \/>\n\t<meta name=\"twitter:data1\" content=\"Reda\u00e7\u00e3o Travel3\" \/>\n\t<meta name=\"twitter:label2\" content=\"Est. tempo de leitura\" \/>\n\t<meta name=\"twitter:data2\" content=\"2 minutos\" \/>\n<script type=\"application\/ld+json\" class=\"yoast-schema-graph\">{\"@context\":\"https:\/\/schema.org\",\"@graph\":[{\"@type\":\"Article\",\"@id\":\"https:\/\/www.travel3.com.br\/site\/ir-e-vir\/ar\/copa-airlines-retoma-voos-a-belo-horizonte-em-novembro\/#article\",\"isPartOf\":{\"@id\":\"https:\/\/www.travel3.com.br\/site\/ir-e-vir\/ar\/copa-airlines-retoma-voos-a-belo-horizonte-em-novembro\/\"},\"author\":{\"name\":\"Reda\u00e7\u00e3o Travel3\",\"@id\":\"https:\/\/www.travel3.com.br\/site\/#\/schema\/person\/9cff8daac0a2f1aa0799f827b8aa8308\"},\"headline\":\"Copa Airlines retoma voos a Belo Horizonte em Novembro\",\"datePublished\":\"2020-11-04T07:00:56+00:00\",\"dateModified\":\"2020-11-04T22:33:39+00:00\",\"mainEntityOfPage\":{\"@id\":\"https:\/\/www.travel3.com.br\/site\/ir-e-vir\/ar\/copa-airlines-retoma-voos-a-belo-horizonte-em-novembro\/\"},\"wordCount\":382,\"commentCount\":0,\"publisher\":{\"@id\":\"https:\/\/www.travel3.com.br\/site\/#organization\"},\"image\":{\"@id\":\"https:\/\/www.travel3.com.br\/site\/ir-e-vir\/ar\/copa-airlines-retoma-voos-a-belo-horizonte-em-novembro\/#primaryimage\"},\"thumbnailUrl\":\"https:\/\/www.travel3.com.br\/site\/wp-content\/uploads\/2018\/02\/copa-airlines-aviao-pista.jpg\",\"keywords\":[\"Aeroporto Confins\",\"Belo Horizonte\",\"Cidade do Panama\",\"Copa Airlines\",\"Retomada do Turismo\"],\"articleSection\":[\"Ar\",\"Destaque\",\"Ir e Vir\"],\"inLanguage\":\"pt-BR\",\"potentialAction\":[{\"@type\":\"CommentAction\",\"name\":\"Comment\",\"target\":[\"https:\/\/www.travel3.com.br\/site\/ir-e-vir\/ar\/copa-airlines-retoma-voos-a-belo-horizonte-em-novembro\/#respond\"]}]},{\"@type\":\"WebPage\",\"@id\":\"https:\/\/www.travel3.com.br\/site\/ir-e-vir\/ar\/copa-airlines-retoma-voos-a-belo-horizonte-em-novembro\/\",\"url\":\"https:\/\/www.travel3.com.br\/site\/ir-e-vir\/ar\/copa-airlines-retoma-voos-a-belo-horizonte-em-novembro\/\",\"name\":\"Copa Airlines retoma voos a Belo Horizonte em Novembro - Travel3\",\"isPartOf\":{\"@id\":\"https:\/\/www.travel3.com.br\/site\/#website\"},\"primaryImageOfPage\":{\"@id\":\"https:\/\/www.travel3.com.br\/site\/ir-e-vir\/ar\/copa-airlines-retoma-voos-a-belo-horizonte-em-novembro\/#primaryimage\"},\"image\":{\"@id\":\"https:\/\/www.travel3.com.br\/site\/ir-e-vir\/ar\/copa-airlines-retoma-voos-a-belo-horizonte-em-novembro\/#primaryimage\"},\"thumbnailUrl\":\"https:\/\/www.travel3.com.br\/site\/wp-content\/uploads\/2018\/02\/copa-airlines-aviao-pista.jpg\",\"datePublished\":\"2020-11-04T07:00:56+00:00\",\"dateModified\":\"2020-11-04T22:33:39+00:00\",\"description\":\"Copa Airlines retoma voos a Belo Horizonte em Novembro; companhia volta a ligar a capital mineira ao Panam\u00e1 em 3 freq\u00eancias semanais\",\"breadcrumb\":{\"@id\":\"https:\/\/www.travel3.com.br\/site\/ir-e-vir\/ar\/copa-airlines-retoma-voos-a-belo-horizonte-em-novembro\/#breadcrumb\"},\"inLanguage\":\"pt-BR\",\"potentialAction\":[{\"@type\":\"ReadAction\",\"target\":[\"https:\/\/www.travel3.com.br\/site\/ir-e-vir\/ar\/copa-airlines-retoma-voos-a-belo-horizonte-em-novembro\/\"]}]},{\"@type\":\"ImageObject\",\"inLanguage\":\"pt-BR\",\"@id\":\"https:\/\/www.travel3.com.br\/site\/ir-e-vir\/ar\/copa-airlines-retoma-voos-a-belo-horizonte-em-novembro\/#primaryimage\",\"url\":\"https:\/\/www.travel3.com.br\/site\/wp-content\/uploads\/2018\/02\/copa-airlines-aviao-pista.jpg\",\"contentUrl\":\"https:\/\/www.travel3.com.br\/site\/wp-content\/uploads\/2018\/02\/copa-airlines-aviao-pista.jpg\",\"width\":800,\"height\":452,\"caption\":\"(Foto: Divulga\u00e7\u00e3o)\"},{\"@type\":\"BreadcrumbList\",\"@id\":\"https:\/\/www.travel3.com.br\/site\/ir-e-vir\/ar\/copa-airlines-retoma-voos-a-belo-horizonte-em-novembro\/#breadcrumb\",\"itemListElement\":[{\"@type\":\"ListItem\",\"position\":1,\"name\":\"In\u00edcio\",\"item\":\"https:\/\/www.travel3.com.br\/site\/\"},{\"@type\":\"ListItem\",\"position\":2,\"name\":\"Copa Airlines retoma voos a Belo Horizonte em Novembro\"}]},{\"@type\":\"WebSite\",\"@id\":\"https:\/\/www.travel3.com.br\/site\/#website\",\"url\":\"https:\/\/www.travel3.com.br\/site\/\",\"name\":\"Travel3\",\"description\":\"Lazer + Neg&oacute;cios + Aventura\",\"publisher\":{\"@id\":\"https:\/\/www.travel3.com.br\/site\/#organization\"},\"potentialAction\":[{\"@type\":\"SearchAction\",\"target\":{\"@type\":\"EntryPoint\",\"urlTemplate\":\"https:\/\/www.travel3.com.br\/site\/?s={search_term_string}\"},\"query-input\":{\"@type\":\"PropertyValueSpecification\",\"valueRequired\":true,\"valueName\":\"search_term_string\"}}],\"inLanguage\":\"pt-BR\"},{\"@type\":\"Organization\",\"@id\":\"https:\/\/www.travel3.com.br\/site\/#organization\",\"name\":\"Travel3\",\"url\":\"https:\/\/www.travel3.com.br\/site\/\",\"logo\":{\"@type\":\"ImageObject\",\"inLanguage\":\"pt-BR\",\"@id\":\"https:\/\/www.travel3.com.br\/site\/#\/schema\/logo\/image\/\",\"url\":\"https:\/\/www.travel3.com.br\/site\/wp-content\/uploads\/2020\/01\/logo-travel3-2020.png\",\"contentUrl\":\"https:\/\/www.travel3.com.br\/site\/wp-content\/uploads\/2020\/01\/logo-travel3-2020.png\",\"width\":232,\"height\":79,\"caption\":\"Travel3\"},\"image\":{\"@id\":\"https:\/\/www.travel3.com.br\/site\/#\/schema\/logo\/image\/\"},\"sameAs\":[\"https:\/\/www.facebook.com\/travel3media\/\",\"https:\/\/www.instagram.com\/revistatravel3\/\",\"https:\/\/www.youtube.com\/channel\/UCno7J4paGBR3VbZQzvoJ9Eg\"]},{\"@type\":\"Person\",\"@id\":\"https:\/\/www.travel3.com.br\/site\/#\/schema\/person\/9cff8daac0a2f1aa0799f827b8aa8308\",\"name\":\"Reda\u00e7\u00e3o Travel3\",\"image\":{\"@type\":\"ImageObject\",\"inLanguage\":\"pt-BR\",\"@id\":\"https:\/\/www.travel3.com.br\/site\/#\/schema\/person\/image\/\",\"url\":\"https:\/\/secure.gravatar.com\/avatar\/6e6125525e1f04b7b8c607d71556e490?s=96&d=mm&r=g\",\"contentUrl\":\"https:\/\/secure.gravatar.com\/avatar\/6e6125525e1f04b7b8c607d71556e490?s=96&d=mm&r=g\",\"caption\":\"Reda\u00e7\u00e3o Travel3\"},\"sameAs\":[\"http:\/\/www.travel3.com.br\"],\"url\":\"https:\/\/www.travel3.com.br\/site\/author\/redacao2\/\"}]}<\/script>\n<!-- \/ Yoast SEO plugin. -->","yoast_head_json":{"title":"Copa Airlines retoma voos a Belo Horizonte em Novembro - Travel3","description":"Copa Airlines retoma voos a Belo Horizonte em Novembro; companhia volta a ligar a capital mineira ao Panam\u00e1 em 3 freq\u00eancias semanais","robots":{"index":"index","follow":"follow","max-snippet":"max-snippet:-1","max-image-preview":"max-image-preview:large","max-video-preview":"max-video-preview:-1"},"canonical":"https:\/\/www.travel3.com.br\/site\/ir-e-vir\/ar\/copa-airlines-retoma-voos-a-belo-horizonte-em-novembro\/","og_locale":"pt_BR","og_type":"article","og_title":"Copa Airlines retoma voos a Belo Horizonte em Novembro - Travel3","og_description":"Copa Airlines retoma voos a Belo Horizonte em Novembro; companhia volta a ligar a capital mineira ao Panam\u00e1 em 3 freq\u00eancias semanais","og_url":"https:\/\/www.travel3.com.br\/site\/ir-e-vir\/ar\/copa-airlines-retoma-voos-a-belo-horizonte-em-novembro\/","og_site_name":"Travel3","article_publisher":"https:\/\/www.facebook.com\/travel3media\/","article_published_time":"2020-11-04T07:00:56+00:00","article_modified_time":"2020-11-04T22:33:39+00:00","og_image":[{"width":800,"height":452,"url":"https:\/\/www.travel3.com.br\/site\/wp-content\/uploads\/2018\/02\/copa-airlines-aviao-pista.jpg","type":"image\/jpeg"}],"author":"Reda\u00e7\u00e3o Travel3","twitter_card":"summary_large_image","twitter_misc":{"Escrito por":"Reda\u00e7\u00e3o Travel3","Est. tempo de leitura":"2 minutos"},"schema":{"@context":"https:\/\/schema.org","@graph":[{"@type":"Article","@id":"https:\/\/www.travel3.com.br\/site\/ir-e-vir\/ar\/copa-airlines-retoma-voos-a-belo-horizonte-em-novembro\/#article","isPartOf":{"@id":"https:\/\/www.travel3.com.br\/site\/ir-e-vir\/ar\/copa-airlines-retoma-voos-a-belo-horizonte-em-novembro\/"},"author":{"name":"Reda\u00e7\u00e3o Travel3","@id":"https:\/\/www.travel3.com.br\/site\/#\/schema\/person\/9cff8daac0a2f1aa0799f827b8aa8308"},"headline":"Copa Airlines retoma voos a Belo Horizonte em Novembro","datePublished":"2020-11-04T07:00:56+00:00","dateModified":"2020-11-04T22:33:39+00:00","mainEntityOfPage":{"@id":"https:\/\/www.travel3.com.br\/site\/ir-e-vir\/ar\/copa-airlines-retoma-voos-a-belo-horizonte-em-novembro\/"},"wordCount":382,"commentCount":0,"publisher":{"@id":"https:\/\/www.travel3.com.br\/site\/#organization"},"image":{"@id":"https:\/\/www.travel3.com.br\/site\/ir-e-vir\/ar\/copa-airlines-retoma-voos-a-belo-horizonte-em-novembro\/#primaryimage"},"thumbnailUrl":"https:\/\/www.travel3.com.br\/site\/wp-content\/uploads\/2018\/02\/copa-airlines-aviao-pista.jpg","keywords":["Aeroporto Confins","Belo Horizonte","Cidade do Panama","Copa Airlines","Retomada do Turismo"],"articleSection":["Ar","Destaque","Ir e Vir"],"inLanguage":"pt-BR","potentialAction":[{"@type":"CommentAction","name":"Comment","target":["https:\/\/www.travel3.com.br\/site\/ir-e-vir\/ar\/copa-airlines-retoma-voos-a-belo-horizonte-em-novembro\/#respond"]}]},{"@type":"WebPage","@id":"https:\/\/www.travel3.com.br\/site\/ir-e-vir\/ar\/copa-airlines-retoma-voos-a-belo-horizonte-em-novembro\/","url":"https:\/\/www.travel3.com.br\/site\/ir-e-vir\/ar\/copa-airlines-retoma-voos-a-belo-horizonte-em-novembro\/","name":"Copa Airlines retoma voos a Belo Horizonte em Novembro - Travel3","isPartOf":{"@id":"https:\/\/www.travel3.com.br\/site\/#website"},"primaryImageOfPage":{"@id":"https:\/\/www.travel3.com.br\/site\/ir-e-vir\/ar\/copa-airlines-retoma-voos-a-belo-horizonte-em-novembro\/#primaryimage"},"image":{"@id":"https:\/\/www.travel3.com.br\/site\/ir-e-vir\/ar\/copa-airlines-retoma-voos-a-belo-horizonte-em-novembro\/#primaryimage"},"thumbnailUrl":"https:\/\/www.travel3.com.br\/site\/wp-content\/uploads\/2018\/02\/copa-airlines-aviao-pista.jpg","datePublished":"2020-11-04T07:00:56+00:00","dateModified":"2020-11-04T22:33:39+00:00","description":"Copa Airlines retoma voos a Belo Horizonte em Novembro; companhia volta a ligar a capital mineira ao Panam\u00e1 em 3 freq\u00eancias semanais","breadcrumb":{"@id":"https:\/\/www.travel3.com.br\/site\/ir-e-vir\/ar\/copa-airlines-retoma-voos-a-belo-horizonte-em-novembro\/#breadcrumb"},"inLanguage":"pt-BR","potentialAction":[{"@type":"ReadAction","target":["https:\/\/www.travel3.com.br\/site\/ir-e-vir\/ar\/copa-airlines-retoma-voos-a-belo-horizonte-em-novembro\/"]}]},{"@type":"ImageObject","inLanguage":"pt-BR","@id":"https:\/\/www.travel3.com.br\/site\/ir-e-vir\/ar\/copa-airlines-retoma-voos-a-belo-horizonte-em-novembro\/#primaryimage","url":"https:\/\/www.travel3.com.br\/site\/wp-content\/uploads\/2018\/02\/copa-airlines-aviao-pista.jpg","contentUrl":"https:\/\/www.travel3.com.br\/site\/wp-content\/uploads\/2018\/02\/copa-airlines-aviao-pista.jpg","width":800,"height":452,"caption":"(Foto: Divulga\u00e7\u00e3o)"},{"@type":"BreadcrumbList","@id":"https:\/\/www.travel3.com.br\/site\/ir-e-vir\/ar\/copa-airlines-retoma-voos-a-belo-horizonte-em-novembro\/#breadcrumb","itemListElement":[{"@type":"ListItem","position":1,"name":"In\u00edcio","item":"https:\/\/www.travel3.com.br\/site\/"},{"@type":"ListItem","position":2,"name":"Copa Airlines retoma voos a Belo Horizonte em Novembro"}]},{"@type":"WebSite","@id":"https:\/\/www.travel3.com.br\/site\/#website","url":"https:\/\/www.travel3.com.br\/site\/","name":"Travel3","description":"Lazer + Neg&oacute;cios + Aventura","publisher":{"@id":"https:\/\/www.travel3.com.br\/site\/#organization"},"potentialAction":[{"@type":"SearchAction","target":{"@type":"EntryPoint","urlTemplate":"https:\/\/www.travel3.com.br\/site\/?s={search_term_string}"},"query-input":{"@type":"PropertyValueSpecification","valueRequired":true,"valueName":"search_term_string"}}],"inLanguage":"pt-BR"},{"@type":"Organization","@id":"https:\/\/www.travel3.com.br\/site\/#organization","name":"Travel3","url":"https:\/\/www.travel3.com.br\/site\/","logo":{"@type":"ImageObject","inLanguage":"pt-BR","@id":"https:\/\/www.travel3.com.br\/site\/#\/schema\/logo\/image\/","url":"https:\/\/www.travel3.com.br\/site\/wp-content\/uploads\/2020\/01\/logo-travel3-2020.png","contentUrl":"https:\/\/www.travel3.com.br\/site\/wp-content\/uploads\/2020\/01\/logo-travel3-2020.png","width":232,"height":79,"caption":"Travel3"},"image":{"@id":"https:\/\/www.travel3.com.br\/site\/#\/schema\/logo\/image\/"},"sameAs":["https:\/\/www.facebook.com\/travel3media\/","https:\/\/www.instagram.com\/revistatravel3\/","https:\/\/www.youtube.com\/channel\/UCno7J4paGBR3VbZQzvoJ9Eg"]},{"@type":"Person","@id":"https:\/\/www.travel3.com.br\/site\/#\/schema\/person\/9cff8daac0a2f1aa0799f827b8aa8308","name":"Reda\u00e7\u00e3o Travel3","image":{"@type":"ImageObject","inLanguage":"pt-BR","@id":"https:\/\/www.travel3.com.br\/site\/#\/schema\/person\/image\/","url":"https:\/\/secure.gravatar.com\/avatar\/6e6125525e1f04b7b8c607d71556e490?s=96&d=mm&r=g","contentUrl":"https:\/\/secure.gravatar.com\/avatar\/6e6125525e1f04b7b8c607d71556e490?s=96&d=mm&r=g","caption":"Reda\u00e7\u00e3o Travel3"},"sameAs":["http:\/\/www.travel3.com.br"],"url":"https:\/\/www.travel3.com.br\/site\/author\/redacao2\/"}]}},"_links":{"self":[{"href":"https:\/\/www.travel3.com.br\/site\/wp-json\/wp\/v2\/posts\/37362","targetHints":{"allow":["GET"]}}],"collection":[{"href":"https:\/\/www.travel3.com.br\/site\/wp-json\/wp\/v2\/posts"}],"about":[{"href":"https:\/\/www.travel3.com.br\/site\/wp-json\/wp\/v2\/types\/post"}],"author":[{"embeddable":true,"href":"https:\/\/www.travel3.com.br\/site\/wp-json\/wp\/v2\/users\/6"}],"replies":[{"embeddable":true,"href":"https:\/\/www.travel3.com.br\/site\/wp-json\/wp\/v2\/comments?post=37362"}],"version-history":[{"count":5,"href":"https:\/\/www.travel3.com.br\/site\/wp-json\/wp\/v2\/posts\/37362\/revisions"}],"predecessor-version":[{"id":37421,"href":"https:\/\/www.travel3.com.br\/site\/wp-json\/wp\/v2\/posts\/37362\/revisions\/37421"}],"wp:featuredmedia":[{"embeddable":true,"href":"https:\/\/www.travel3.com.br\/site\/wp-json\/wp\/v2\/media\/10313"}],"wp:attachment":[{"href":"https:\/\/www.travel3.com.br\/site\/wp-json\/wp\/v2\/media?parent=37362"}],"wp:term":[{"taxonomy":"category","embeddable":true,"href":"https:\/\/www.travel3.com.br\/site\/wp-json\/wp\/v2\/categories?post=37362"},{"taxonomy":"post_tag","embeddable":true,"href":"https:\/\/www.travel3.com.br\/site\/wp-json\/wp\/v2\/tags?post=37362"}],"curies":[{"name":"wp","href":"https:\/\/api.w.org\/{rel}","templated":true}]}}