{"id":37317,"date":"2020-10-27T01:13:33","date_gmt":"2020-10-27T04:13:33","guid":{"rendered":"https:\/\/www.travel3.com.br\/?p=37317"},"modified":"2020-10-27T01:14:32","modified_gmt":"2020-10-27T04:14:32","slug":"outono-no-hemisferio-norte","status":"publish","type":"post","link":"https:\/\/www.travel3.com.br\/site\/acontece-no-turismo\/outono-no-hemisferio-norte\/","title":{"rendered":"Outono no hemisf\u00e9rio Norte chega com a 2\u00aa onda da Pandemia"},"content":{"rendered":"\n<h3 class=\"wp-block-heading\">Centro Europeu para Preven\u00e7\u00e3o e Controle de Doen\u00e7as alerta Uni\u00e3o Europeia<\/h3>\n\n\n\n<p>O outono no hemisf\u00e9rio Norte chegou e, como j\u00e1 era esperado, o n\u00famero de casos de COVID-19 tem aumentado dia a dia. Mesmo que a taxa de interna\u00e7\u00f5es nos hospitais de todo o continente europeu ainda estejam bem abaixo do pico dos meses de mar\u00e7o e abril, j\u00e1 \u00e9 poss\u00edvel dizer que a Europa entrou na 2\u00aa onda da pandemia de Coronav\u00edrus.<\/p>\n\n\n\n<p>Segundo o <a href=\"https:\/\/www.ecdc.europa.eu\/en\/covid-19-pandemic\">Centro Europeu para Preven\u00e7\u00e3o e Controle de Doen\u00e7as<\/a> &#8211; <em>European Centre for Disease Prevention and Control<\/em> &#8211; os maiores focos desta segunda onda acontecem neste momento na Fran\u00e7a, na Espanha, It\u00e1lia, Pol\u00f4nia e Rep\u00fablica Tcheca. Tanto a Fran\u00e7a quanto a Espanha instauraram um toque de recolher no pa\u00eds. A medida tem como objetivo manter durante a maior parte do tempo poss\u00edvel, as condi\u00e7\u00f5es de afastamento social.<\/p>\n\n\n\n<p>J\u00e1 a Rep\u00fablica Tcheca que n\u00e3o enfrentou um n\u00famero de casos t\u00e3o grande na primeira onda da Pandemia, est\u00e1 neste momento com uma taxa de hospitaliza\u00e7\u00e3o alt\u00edssima. Para completar, um grande percentual de m\u00e9dicos e enfermeiros do pa\u00eds est\u00e3o infectados e, consequentemente, hospitalizados ou de quarentena.<\/p>\n\n\n\n<h2 class=\"wp-block-heading\">Outono no hemisf\u00e9rio Norte vem com alerta para os pa\u00edses da Europa<\/h2>\n\n\n\n<p>O <em>European Centre for Disease Prevention and Control <\/em>j\u00e1 emitiu um alerta para todo o continente, avisando que todos os pa\u00edses da Uni\u00e3o Europeia precisam se preparar novamente e expandir n\u00e3o apenas a capacidade dos hospitais, mas principalmente dos centros de terapia intensiva.<\/p>\n\n\n\n<h2 class=\"wp-block-heading\">Ainda assim, viajar j\u00e1 \u00e9 poss\u00edvel e seguro<\/h2>\n\n\n\n<p>Viajar j\u00e1 \u00e9 poss\u00edvel e as pessoas precisam apenas ficar atentas. O segredo \u00e9 escolher um destino &#8220;mais saud\u00e1vel&#8221; e continuar mantendo seus protocolos pessoais de preven\u00e7\u00e3o = usar m\u00e1scaras + manter o distanciamento social + lavar as m\u00e3os constantemente, entre outras medidas.<\/p>\n\n\n\n<p>Nesse momento de d\u00favidas e incertezas, viajar com a assist\u00eancia de uma ag\u00eancia de viagens \u00e9 uma das op\u00e7\u00f5es mais seguras para quem quer colocar o p\u00e9 na estrada ou dentro de um avi\u00e3o. <\/p>\n\n\n\n<p>Um bom agente tem as mais atualizadas informa\u00e7\u00f5es, tanto do destino em quest\u00e3o quanto das pol\u00edticas aplicadas pelas companhias a\u00e9reas e hot\u00e9is. E em caso de cancelamento ou mudan\u00e7a de datas, esse profissional far\u00e1 todo o trabalho burocr\u00e1tico para voc\u00ea.<\/p>\n","protected":false},"excerpt":{"rendered":"<p>Centro Europeu para Preven\u00e7\u00e3o e Controle de Doen\u00e7as alerta Uni\u00e3o Europeia O outono no hemisf\u00e9rio Norte chegou e, como j\u00e1 era esperado, o n\u00famero de casos de COVID-19 tem aumentado dia a dia. Mesmo que a taxa de interna\u00e7\u00f5es nos hospitais de todo o continente europeu ainda estejam bem abaixo do pico dos meses de [&hellip;]<\/p>\n","protected":false},"author":4,"featured_media":37316,"comment_status":"open","ping_status":"open","sticky":false,"template":"","format":"standard","meta":{"footnotes":""},"categories":[969,226,8],"tags":[4008,239,4145],"class_list":["post-37317","post","type-post","status-publish","format-standard","has-post-thumbnail","hentry","category-acontece-no-turismo","category-destaque","category-ir-e-vir","tag-coronavirus","tag-europa","tag-pandemia"],"yoast_head":"<!-- This site is optimized with the Yoast SEO plugin v26.2 - https:\/\/yoast.com\/wordpress\/plugins\/seo\/ -->\n<title>Outono no hemisf\u00e9rio Norte chega com a 2\u00aa onda da Pandemia - Travel3<\/title>\n<meta name=\"description\" content=\"Outono no Hemisf\u00e9rio Norte chega com a 2\u00aa onda da Pandemia; Centro Europeu para Preven\u00e7\u00e3o e Controle de Doen\u00e7as alerta Uni\u00e3o Europeia\" \/>\n<meta name=\"robots\" content=\"index, follow, max-snippet:-1, max-image-preview:large, max-video-preview:-1\" \/>\n<link rel=\"canonical\" href=\"https:\/\/www.travel3.com.br\/site\/acontece-no-turismo\/outono-no-hemisferio-norte\/\" \/>\n<meta property=\"og:locale\" content=\"pt_BR\" \/>\n<meta property=\"og:type\" content=\"article\" \/>\n<meta property=\"og:title\" content=\"Outono no hemisf\u00e9rio Norte chega com a 2\u00aa onda da Pandemia - Travel3\" \/>\n<meta property=\"og:description\" content=\"Outono no Hemisf\u00e9rio Norte chega com a 2\u00aa onda da Pandemia; Centro Europeu para Preven\u00e7\u00e3o e Controle de Doen\u00e7as alerta Uni\u00e3o Europeia\" \/>\n<meta property=\"og:url\" content=\"https:\/\/www.travel3.com.br\/site\/acontece-no-turismo\/outono-no-hemisferio-norte\/\" \/>\n<meta property=\"og:site_name\" content=\"Travel3\" \/>\n<meta property=\"article:publisher\" content=\"https:\/\/www.facebook.com\/travel3media\/\" \/>\n<meta property=\"article:published_time\" content=\"2020-10-27T04:13:33+00:00\" \/>\n<meta property=\"article:modified_time\" content=\"2020-10-27T04:14:32+00:00\" \/>\n<meta property=\"og:image\" content=\"https:\/\/www.travel3.com.br\/site\/wp-content\/uploads\/2020\/10\/europe-5271808_1920.jpg\" \/>\n\t<meta property=\"og:image:width\" content=\"1920\" \/>\n\t<meta property=\"og:image:height\" content=\"1280\" \/>\n\t<meta property=\"og:image:type\" content=\"image\/jpeg\" \/>\n<meta name=\"author\" content=\"Claudia Tonaco\" \/>\n<meta name=\"twitter:card\" content=\"summary_large_image\" \/>\n<meta name=\"twitter:label1\" content=\"Escrito por\" \/>\n\t<meta name=\"twitter:data1\" content=\"Claudia Tonaco\" \/>\n\t<meta name=\"twitter:label2\" content=\"Est. tempo de leitura\" \/>\n\t<meta name=\"twitter:data2\" content=\"2 minutos\" \/>\n<script type=\"application\/ld+json\" class=\"yoast-schema-graph\">{\"@context\":\"https:\/\/schema.org\",\"@graph\":[{\"@type\":\"Article\",\"@id\":\"https:\/\/www.travel3.com.br\/site\/acontece-no-turismo\/outono-no-hemisferio-norte\/#article\",\"isPartOf\":{\"@id\":\"https:\/\/www.travel3.com.br\/site\/acontece-no-turismo\/outono-no-hemisferio-norte\/\"},\"author\":{\"name\":\"Claudia Tonaco\",\"@id\":\"https:\/\/www.travel3.com.br\/site\/#\/schema\/person\/ad24a6ccba88dcd54877f3d2fb76c605\"},\"headline\":\"Outono no hemisf\u00e9rio Norte chega com a 2\u00aa onda da Pandemia\",\"datePublished\":\"2020-10-27T04:13:33+00:00\",\"dateModified\":\"2020-10-27T04:14:32+00:00\",\"mainEntityOfPage\":{\"@id\":\"https:\/\/www.travel3.com.br\/site\/acontece-no-turismo\/outono-no-hemisferio-norte\/\"},\"wordCount\":420,\"commentCount\":0,\"publisher\":{\"@id\":\"https:\/\/www.travel3.com.br\/site\/#organization\"},\"image\":{\"@id\":\"https:\/\/www.travel3.com.br\/site\/acontece-no-turismo\/outono-no-hemisferio-norte\/#primaryimage\"},\"thumbnailUrl\":\"https:\/\/www.travel3.com.br\/site\/wp-content\/uploads\/2020\/10\/europe-5271808_1920.jpg\",\"keywords\":[\"Coronav\u00edrus\",\"Europa\",\"Pandemia\"],\"articleSection\":[\"Acontece no Turismo\",\"Destaque\",\"Ir e Vir\"],\"inLanguage\":\"pt-BR\",\"potentialAction\":[{\"@type\":\"CommentAction\",\"name\":\"Comment\",\"target\":[\"https:\/\/www.travel3.com.br\/site\/acontece-no-turismo\/outono-no-hemisferio-norte\/#respond\"]}]},{\"@type\":\"WebPage\",\"@id\":\"https:\/\/www.travel3.com.br\/site\/acontece-no-turismo\/outono-no-hemisferio-norte\/\",\"url\":\"https:\/\/www.travel3.com.br\/site\/acontece-no-turismo\/outono-no-hemisferio-norte\/\",\"name\":\"Outono no hemisf\u00e9rio Norte chega com a 2\u00aa onda da Pandemia - Travel3\",\"isPartOf\":{\"@id\":\"https:\/\/www.travel3.com.br\/site\/#website\"},\"primaryImageOfPage\":{\"@id\":\"https:\/\/www.travel3.com.br\/site\/acontece-no-turismo\/outono-no-hemisferio-norte\/#primaryimage\"},\"image\":{\"@id\":\"https:\/\/www.travel3.com.br\/site\/acontece-no-turismo\/outono-no-hemisferio-norte\/#primaryimage\"},\"thumbnailUrl\":\"https:\/\/www.travel3.com.br\/site\/wp-content\/uploads\/2020\/10\/europe-5271808_1920.jpg\",\"datePublished\":\"2020-10-27T04:13:33+00:00\",\"dateModified\":\"2020-10-27T04:14:32+00:00\",\"description\":\"Outono no Hemisf\u00e9rio Norte chega com a 2\u00aa onda da Pandemia; Centro Europeu para Preven\u00e7\u00e3o e Controle de Doen\u00e7as alerta Uni\u00e3o Europeia\",\"breadcrumb\":{\"@id\":\"https:\/\/www.travel3.com.br\/site\/acontece-no-turismo\/outono-no-hemisferio-norte\/#breadcrumb\"},\"inLanguage\":\"pt-BR\",\"potentialAction\":[{\"@type\":\"ReadAction\",\"target\":[\"https:\/\/www.travel3.com.br\/site\/acontece-no-turismo\/outono-no-hemisferio-norte\/\"]}]},{\"@type\":\"ImageObject\",\"inLanguage\":\"pt-BR\",\"@id\":\"https:\/\/www.travel3.com.br\/site\/acontece-no-turismo\/outono-no-hemisferio-norte\/#primaryimage\",\"url\":\"https:\/\/www.travel3.com.br\/site\/wp-content\/uploads\/2020\/10\/europe-5271808_1920.jpg\",\"contentUrl\":\"https:\/\/www.travel3.com.br\/site\/wp-content\/uploads\/2020\/10\/europe-5271808_1920.jpg\",\"width\":1920,\"height\":1280,\"caption\":\"(Foto: Divulga\u00e7\u00e3o)\"},{\"@type\":\"BreadcrumbList\",\"@id\":\"https:\/\/www.travel3.com.br\/site\/acontece-no-turismo\/outono-no-hemisferio-norte\/#breadcrumb\",\"itemListElement\":[{\"@type\":\"ListItem\",\"position\":1,\"name\":\"In\u00edcio\",\"item\":\"https:\/\/www.travel3.com.br\/site\/\"},{\"@type\":\"ListItem\",\"position\":2,\"name\":\"Outono no hemisf\u00e9rio Norte chega com a 2\u00aa onda da Pandemia\"}]},{\"@type\":\"WebSite\",\"@id\":\"https:\/\/www.travel3.com.br\/site\/#website\",\"url\":\"https:\/\/www.travel3.com.br\/site\/\",\"name\":\"Travel3\",\"description\":\"Lazer + Neg&oacute;cios + Aventura\",\"publisher\":{\"@id\":\"https:\/\/www.travel3.com.br\/site\/#organization\"},\"potentialAction\":[{\"@type\":\"SearchAction\",\"target\":{\"@type\":\"EntryPoint\",\"urlTemplate\":\"https:\/\/www.travel3.com.br\/site\/?s={search_term_string}\"},\"query-input\":{\"@type\":\"PropertyValueSpecification\",\"valueRequired\":true,\"valueName\":\"search_term_string\"}}],\"inLanguage\":\"pt-BR\"},{\"@type\":\"Organization\",\"@id\":\"https:\/\/www.travel3.com.br\/site\/#organization\",\"name\":\"Travel3\",\"url\":\"https:\/\/www.travel3.com.br\/site\/\",\"logo\":{\"@type\":\"ImageObject\",\"inLanguage\":\"pt-BR\",\"@id\":\"https:\/\/www.travel3.com.br\/site\/#\/schema\/logo\/image\/\",\"url\":\"https:\/\/www.travel3.com.br\/site\/wp-content\/uploads\/2020\/01\/logo-travel3-2020.png\",\"contentUrl\":\"https:\/\/www.travel3.com.br\/site\/wp-content\/uploads\/2020\/01\/logo-travel3-2020.png\",\"width\":232,\"height\":79,\"caption\":\"Travel3\"},\"image\":{\"@id\":\"https:\/\/www.travel3.com.br\/site\/#\/schema\/logo\/image\/\"},\"sameAs\":[\"https:\/\/www.facebook.com\/travel3media\/\",\"https:\/\/www.instagram.com\/revistatravel3\/\",\"https:\/\/www.youtube.com\/channel\/UCno7J4paGBR3VbZQzvoJ9Eg\"]},{\"@type\":\"Person\",\"@id\":\"https:\/\/www.travel3.com.br\/site\/#\/schema\/person\/ad24a6ccba88dcd54877f3d2fb76c605\",\"name\":\"Claudia Tonaco\",\"image\":{\"@type\":\"ImageObject\",\"inLanguage\":\"pt-BR\",\"@id\":\"https:\/\/www.travel3.com.br\/site\/#\/schema\/person\/image\/\",\"url\":\"https:\/\/secure.gravatar.com\/avatar\/7c64bb31135bb8c28f49658a042f8b8a?s=96&d=mm&r=g\",\"contentUrl\":\"https:\/\/secure.gravatar.com\/avatar\/7c64bb31135bb8c28f49658a042f8b8a?s=96&d=mm&r=g\",\"caption\":\"Claudia Tonaco\"},\"sameAs\":[\"http:\/\/www.travel3.com.br\"],\"url\":\"https:\/\/www.travel3.com.br\/site\/author\/tonaco\/\"}]}<\/script>\n<!-- \/ Yoast SEO plugin. -->","yoast_head_json":{"title":"Outono no hemisf\u00e9rio Norte chega com a 2\u00aa onda da Pandemia - Travel3","description":"Outono no Hemisf\u00e9rio Norte chega com a 2\u00aa onda da Pandemia; Centro Europeu para Preven\u00e7\u00e3o e Controle de Doen\u00e7as alerta Uni\u00e3o Europeia","robots":{"index":"index","follow":"follow","max-snippet":"max-snippet:-1","max-image-preview":"max-image-preview:large","max-video-preview":"max-video-preview:-1"},"canonical":"https:\/\/www.travel3.com.br\/site\/acontece-no-turismo\/outono-no-hemisferio-norte\/","og_locale":"pt_BR","og_type":"article","og_title":"Outono no hemisf\u00e9rio Norte chega com a 2\u00aa onda da Pandemia - Travel3","og_description":"Outono no Hemisf\u00e9rio Norte chega com a 2\u00aa onda da Pandemia; Centro Europeu para Preven\u00e7\u00e3o e Controle de Doen\u00e7as alerta Uni\u00e3o Europeia","og_url":"https:\/\/www.travel3.com.br\/site\/acontece-no-turismo\/outono-no-hemisferio-norte\/","og_site_name":"Travel3","article_publisher":"https:\/\/www.facebook.com\/travel3media\/","article_published_time":"2020-10-27T04:13:33+00:00","article_modified_time":"2020-10-27T04:14:32+00:00","og_image":[{"width":1920,"height":1280,"url":"https:\/\/www.travel3.com.br\/site\/wp-content\/uploads\/2020\/10\/europe-5271808_1920.jpg","type":"image\/jpeg"}],"author":"Claudia Tonaco","twitter_card":"summary_large_image","twitter_misc":{"Escrito por":"Claudia Tonaco","Est. tempo de leitura":"2 minutos"},"schema":{"@context":"https:\/\/schema.org","@graph":[{"@type":"Article","@id":"https:\/\/www.travel3.com.br\/site\/acontece-no-turismo\/outono-no-hemisferio-norte\/#article","isPartOf":{"@id":"https:\/\/www.travel3.com.br\/site\/acontece-no-turismo\/outono-no-hemisferio-norte\/"},"author":{"name":"Claudia Tonaco","@id":"https:\/\/www.travel3.com.br\/site\/#\/schema\/person\/ad24a6ccba88dcd54877f3d2fb76c605"},"headline":"Outono no hemisf\u00e9rio Norte chega com a 2\u00aa onda da Pandemia","datePublished":"2020-10-27T04:13:33+00:00","dateModified":"2020-10-27T04:14:32+00:00","mainEntityOfPage":{"@id":"https:\/\/www.travel3.com.br\/site\/acontece-no-turismo\/outono-no-hemisferio-norte\/"},"wordCount":420,"commentCount":0,"publisher":{"@id":"https:\/\/www.travel3.com.br\/site\/#organization"},"image":{"@id":"https:\/\/www.travel3.com.br\/site\/acontece-no-turismo\/outono-no-hemisferio-norte\/#primaryimage"},"thumbnailUrl":"https:\/\/www.travel3.com.br\/site\/wp-content\/uploads\/2020\/10\/europe-5271808_1920.jpg","keywords":["Coronav\u00edrus","Europa","Pandemia"],"articleSection":["Acontece no Turismo","Destaque","Ir e Vir"],"inLanguage":"pt-BR","potentialAction":[{"@type":"CommentAction","name":"Comment","target":["https:\/\/www.travel3.com.br\/site\/acontece-no-turismo\/outono-no-hemisferio-norte\/#respond"]}]},{"@type":"WebPage","@id":"https:\/\/www.travel3.com.br\/site\/acontece-no-turismo\/outono-no-hemisferio-norte\/","url":"https:\/\/www.travel3.com.br\/site\/acontece-no-turismo\/outono-no-hemisferio-norte\/","name":"Outono no hemisf\u00e9rio Norte chega com a 2\u00aa onda da Pandemia - Travel3","isPartOf":{"@id":"https:\/\/www.travel3.com.br\/site\/#website"},"primaryImageOfPage":{"@id":"https:\/\/www.travel3.com.br\/site\/acontece-no-turismo\/outono-no-hemisferio-norte\/#primaryimage"},"image":{"@id":"https:\/\/www.travel3.com.br\/site\/acontece-no-turismo\/outono-no-hemisferio-norte\/#primaryimage"},"thumbnailUrl":"https:\/\/www.travel3.com.br\/site\/wp-content\/uploads\/2020\/10\/europe-5271808_1920.jpg","datePublished":"2020-10-27T04:13:33+00:00","dateModified":"2020-10-27T04:14:32+00:00","description":"Outono no Hemisf\u00e9rio Norte chega com a 2\u00aa onda da Pandemia; Centro Europeu para Preven\u00e7\u00e3o e Controle de Doen\u00e7as alerta Uni\u00e3o Europeia","breadcrumb":{"@id":"https:\/\/www.travel3.com.br\/site\/acontece-no-turismo\/outono-no-hemisferio-norte\/#breadcrumb"},"inLanguage":"pt-BR","potentialAction":[{"@type":"ReadAction","target":["https:\/\/www.travel3.com.br\/site\/acontece-no-turismo\/outono-no-hemisferio-norte\/"]}]},{"@type":"ImageObject","inLanguage":"pt-BR","@id":"https:\/\/www.travel3.com.br\/site\/acontece-no-turismo\/outono-no-hemisferio-norte\/#primaryimage","url":"https:\/\/www.travel3.com.br\/site\/wp-content\/uploads\/2020\/10\/europe-5271808_1920.jpg","contentUrl":"https:\/\/www.travel3.com.br\/site\/wp-content\/uploads\/2020\/10\/europe-5271808_1920.jpg","width":1920,"height":1280,"caption":"(Foto: Divulga\u00e7\u00e3o)"},{"@type":"BreadcrumbList","@id":"https:\/\/www.travel3.com.br\/site\/acontece-no-turismo\/outono-no-hemisferio-norte\/#breadcrumb","itemListElement":[{"@type":"ListItem","position":1,"name":"In\u00edcio","item":"https:\/\/www.travel3.com.br\/site\/"},{"@type":"ListItem","position":2,"name":"Outono no hemisf\u00e9rio Norte chega com a 2\u00aa onda da Pandemia"}]},{"@type":"WebSite","@id":"https:\/\/www.travel3.com.br\/site\/#website","url":"https:\/\/www.travel3.com.br\/site\/","name":"Travel3","description":"Lazer + Neg&oacute;cios + Aventura","publisher":{"@id":"https:\/\/www.travel3.com.br\/site\/#organization"},"potentialAction":[{"@type":"SearchAction","target":{"@type":"EntryPoint","urlTemplate":"https:\/\/www.travel3.com.br\/site\/?s={search_term_string}"},"query-input":{"@type":"PropertyValueSpecification","valueRequired":true,"valueName":"search_term_string"}}],"inLanguage":"pt-BR"},{"@type":"Organization","@id":"https:\/\/www.travel3.com.br\/site\/#organization","name":"Travel3","url":"https:\/\/www.travel3.com.br\/site\/","logo":{"@type":"ImageObject","inLanguage":"pt-BR","@id":"https:\/\/www.travel3.com.br\/site\/#\/schema\/logo\/image\/","url":"https:\/\/www.travel3.com.br\/site\/wp-content\/uploads\/2020\/01\/logo-travel3-2020.png","contentUrl":"https:\/\/www.travel3.com.br\/site\/wp-content\/uploads\/2020\/01\/logo-travel3-2020.png","width":232,"height":79,"caption":"Travel3"},"image":{"@id":"https:\/\/www.travel3.com.br\/site\/#\/schema\/logo\/image\/"},"sameAs":["https:\/\/www.facebook.com\/travel3media\/","https:\/\/www.instagram.com\/revistatravel3\/","https:\/\/www.youtube.com\/channel\/UCno7J4paGBR3VbZQzvoJ9Eg"]},{"@type":"Person","@id":"https:\/\/www.travel3.com.br\/site\/#\/schema\/person\/ad24a6ccba88dcd54877f3d2fb76c605","name":"Claudia Tonaco","image":{"@type":"ImageObject","inLanguage":"pt-BR","@id":"https:\/\/www.travel3.com.br\/site\/#\/schema\/person\/image\/","url":"https:\/\/secure.gravatar.com\/avatar\/7c64bb31135bb8c28f49658a042f8b8a?s=96&d=mm&r=g","contentUrl":"https:\/\/secure.gravatar.com\/avatar\/7c64bb31135bb8c28f49658a042f8b8a?s=96&d=mm&r=g","caption":"Claudia Tonaco"},"sameAs":["http:\/\/www.travel3.com.br"],"url":"https:\/\/www.travel3.com.br\/site\/author\/tonaco\/"}]}},"_links":{"self":[{"href":"https:\/\/www.travel3.com.br\/site\/wp-json\/wp\/v2\/posts\/37317","targetHints":{"allow":["GET"]}}],"collection":[{"href":"https:\/\/www.travel3.com.br\/site\/wp-json\/wp\/v2\/posts"}],"about":[{"href":"https:\/\/www.travel3.com.br\/site\/wp-json\/wp\/v2\/types\/post"}],"author":[{"embeddable":true,"href":"https:\/\/www.travel3.com.br\/site\/wp-json\/wp\/v2\/users\/4"}],"replies":[{"embeddable":true,"href":"https:\/\/www.travel3.com.br\/site\/wp-json\/wp\/v2\/comments?post=37317"}],"version-history":[{"count":3,"href":"https:\/\/www.travel3.com.br\/site\/wp-json\/wp\/v2\/posts\/37317\/revisions"}],"predecessor-version":[{"id":37320,"href":"https:\/\/www.travel3.com.br\/site\/wp-json\/wp\/v2\/posts\/37317\/revisions\/37320"}],"wp:featuredmedia":[{"embeddable":true,"href":"https:\/\/www.travel3.com.br\/site\/wp-json\/wp\/v2\/media\/37316"}],"wp:attachment":[{"href":"https:\/\/www.travel3.com.br\/site\/wp-json\/wp\/v2\/media?parent=37317"}],"wp:term":[{"taxonomy":"category","embeddable":true,"href":"https:\/\/www.travel3.com.br\/site\/wp-json\/wp\/v2\/categories?post=37317"},{"taxonomy":"post_tag","embeddable":true,"href":"https:\/\/www.travel3.com.br\/site\/wp-json\/wp\/v2\/tags?post=37317"}],"curies":[{"name":"wp","href":"https:\/\/api.w.org\/{rel}","templated":true}]}}