{"id":37162,"date":"2020-10-20T09:55:52","date_gmt":"2020-10-20T12:55:52","guid":{"rendered":"https:\/\/www.travel3.com.br\/?p=37162"},"modified":"2020-10-20T09:55:54","modified_gmt":"2020-10-20T12:55:54","slug":"em-salvador-fera-palace-hotel-se-prepara-para-reabertura","status":"publish","type":"post","link":"https:\/\/www.travel3.com.br\/site\/hotel\/nacional\/em-salvador-fera-palace-hotel-se-prepara-para-reabertura\/","title":{"rendered":"Em Salvador, Fera Palace Hotel se prepara para reabertura"},"content":{"rendered":"\n<figure class=\"wp-block-image\"><img loading=\"lazy\" decoding=\"async\" width=\"1024\" height=\"683\" src=\"https:\/\/www.travel3.com.br\/site\/wp-content\/uploads\/2020\/10\/unnamed-35-1024x683.jpg\" alt=\"Fera Palace reabertura\" class=\"wp-image-37236\" srcset=\"https:\/\/www.travel3.com.br\/site\/wp-content\/uploads\/2020\/10\/unnamed-35-1024x683.jpg 1024w, https:\/\/www.travel3.com.br\/site\/wp-content\/uploads\/2020\/10\/unnamed-35-300x200.jpg 300w, https:\/\/www.travel3.com.br\/site\/wp-content\/uploads\/2020\/10\/unnamed-35-768x512.jpg 768w, https:\/\/www.travel3.com.br\/site\/wp-content\/uploads\/2020\/10\/unnamed-35-750x500.jpg 750w, https:\/\/www.travel3.com.br\/site\/wp-content\/uploads\/2020\/10\/unnamed-35-1140x760.jpg 1140w, https:\/\/www.travel3.com.br\/site\/wp-content\/uploads\/2020\/10\/unnamed-35.jpg 1200w\" sizes=\"auto, (max-width: 1024px) 100vw, 1024px\" \/><figcaption>Fera Lounge: rooftop com vista incr\u00edvel para a Ba\u00eda de Todos-os-Santos (Foto: Divulga\u00e7\u00e3o)<\/figcaption><\/figure>\n\n\n\n<h3 class=\"wp-block-heading\" style=\"text-align:center\">Fechado desde mar\u00e7o, hotel boutique volta a receber h\u00f3spedes no dia 1\u00b0 de dezembro<\/h3>\n\n\n\n<p>A retomada do turismo j\u00e1 \u00e9 uma realidade, e cada vez mais destinos, hot\u00e9is, e atra\u00e7\u00f5es voltam a receber visitantes com novos protocolos de seguran\u00e7a. Nesse sentido, o Fera Palace Hotel, em Salvador, acaba de anunciar que sua reabertura ser\u00e1 no dia 1\u00b0 de dezembro; e, para isso, implementar\u00e1 uma s\u00e9rie de medidas sanit\u00e1rias e de higiene espec\u00edficas.<\/p>\n\n\n\n<p style=\"text-align:center\">Leia mais = <a rel=\"noreferrer noopener\" aria-label=\"Governo de Minas flexibiliza reabertura de atrativos culturais (opens in a new tab)\" href=\"https:\/\/www.travel3.com.br\/destaque\/governo-de-minas-flexibiliza\/\" target=\"_blank\"><strong>Governo de Minas flexibiliza reabertura de atrativos culturais<\/strong><\/a><\/p>\n\n\n\n<p>Localizado na Rua Chile &#8211; a <em>1\u00aa rua do Brasil<\/em> -, o edif\u00edcio do Fera Palace foi constru\u00eddo em 1934, quando passou a abrigar o 1\u00b0 hotel de luxo de Salvador. De l\u00e1 para c\u00e1, a propriedade passou por reformas e moderniza\u00e7\u00f5es &#8211; mas ainda preserva a sua identidade nos interiores e na arquitetura, de inspira\u00e7\u00e3o Art D\u00e9co.<\/p>\n\n\n\n<p>Al\u00e9m de 81 quartos bem decorados, o hotel oferece espa\u00e7os ideais para momentos de lazer e relax &#8211; dentre os quais se destaca o Fera Lounge. Localizado na cobertura, o espa\u00e7o disp\u00f5e de uma das melhores vistas para a Ba\u00eda de Todos-os-Santos, e serve drinks refrescantes \u00e0 beira de uma bela piscina de borda infinita.<\/p>\n\n\n\n<figure class=\"wp-block-image\"><img loading=\"lazy\" decoding=\"async\" width=\"1024\" height=\"683\" src=\"https:\/\/www.travel3.com.br\/site\/wp-content\/uploads\/2020\/10\/unnamed-36-1024x683.jpg\" alt=\"Fera Palace reabertura\" class=\"wp-image-37235\" srcset=\"https:\/\/www.travel3.com.br\/site\/wp-content\/uploads\/2020\/10\/unnamed-36-1024x683.jpg 1024w, https:\/\/www.travel3.com.br\/site\/wp-content\/uploads\/2020\/10\/unnamed-36-300x200.jpg 300w, https:\/\/www.travel3.com.br\/site\/wp-content\/uploads\/2020\/10\/unnamed-36-768x512.jpg 768w, https:\/\/www.travel3.com.br\/site\/wp-content\/uploads\/2020\/10\/unnamed-36-750x500.jpg 750w, https:\/\/www.travel3.com.br\/site\/wp-content\/uploads\/2020\/10\/unnamed-36-1140x760.jpg 1140w, https:\/\/www.travel3.com.br\/site\/wp-content\/uploads\/2020\/10\/unnamed-36.jpg 1920w\" sizes=\"auto, (max-width: 1024px) 100vw, 1024px\" \/><figcaption>Interiores do Fera Palace preservam a inspira\u00e7\u00e3o Art D\u00e9co (Foto: Divulga\u00e7\u00e3o)<\/figcaption><\/figure>\n\n\n\n<h2 class=\"wp-block-heading\">Medidas de seguran\u00e7a<\/h2>\n\n\n\n<p>A retomada das viagens s\u00f3 \u00e9 poss\u00edvel gra\u00e7as aos novos protocolos de seguran\u00e7a e higiene. Por isso, o Fera Palace promove a reabertura com medidas que incluem check-in online, card\u00e1pio digital, obrigatoriedade do uso de m\u00e1scara e medi\u00e7\u00e3o de temperatura; al\u00e9m do distanciamento social m\u00ednimo de 1,5m e da disponibiliza\u00e7\u00e3o de \u00e1lcool gel 70% em diferentes espa\u00e7os.<\/p>\n\n\n\n<figure class=\"wp-block-image\"><img loading=\"lazy\" decoding=\"async\" width=\"1000\" height=\"1000\" src=\"https:\/\/www.travel3.com.br\/site\/wp-content\/uploads\/2020\/10\/unnamed-37.jpg\" alt=\"Fera Palace reabertura\" class=\"wp-image-37237\" srcset=\"https:\/\/www.travel3.com.br\/site\/wp-content\/uploads\/2020\/10\/unnamed-37.jpg 1000w, https:\/\/www.travel3.com.br\/site\/wp-content\/uploads\/2020\/10\/unnamed-37-150x150.jpg 150w, https:\/\/www.travel3.com.br\/site\/wp-content\/uploads\/2020\/10\/unnamed-37-300x300.jpg 300w, https:\/\/www.travel3.com.br\/site\/wp-content\/uploads\/2020\/10\/unnamed-37-768x768.jpg 768w, https:\/\/www.travel3.com.br\/site\/wp-content\/uploads\/2020\/10\/unnamed-37-75x75.jpg 75w, https:\/\/www.travel3.com.br\/site\/wp-content\/uploads\/2020\/10\/unnamed-37-750x750.jpg 750w\" sizes=\"auto, (max-width: 1000px) 100vw, 1000px\" \/><figcaption>Foto: Divulga\u00e7\u00e3o<\/figcaption><\/figure>\n\n\n\n<h2 class=\"wp-block-heading\">Reabertura oferece di\u00e1rias diferenciadas<\/h2>\n\n\n\n<p>Na categoria superior, as di\u00e1rias saem a partir de R$ 565,00+15%, com caf\u00e9 da manh\u00e3. Al\u00e9m disso, o Fera tamb\u00e9m oferece condi\u00e7\u00f5es especiais para o per\u00edodo de Natal e R\u00e9veillon; como 4 noites aos reservar 3 + early check-in e late check-out + upgrade de categoria.<\/p>\n\n\n\n<h3 class=\"wp-block-heading\" style=\"text-align:center\"><u><a href=\"https:\/\/www.booking.com\/hotel\/br\/fera-palace.en.html?aid=1921604&amp;no_rooms=1&amp;group_adults=2\" target=\"_blank\" rel=\"noreferrer noopener\" aria-label=\"Saiba mais (opens in a new tab)\">Saiba mais<\/a><\/u> sobre o Fera Palace<\/h3>\n","protected":false},"excerpt":{"rendered":"<p>Fechado desde mar\u00e7o, hotel boutique volta a receber h\u00f3spedes no dia 1\u00b0 de dezembro A retomada do turismo j\u00e1 \u00e9 uma realidade, e cada vez mais destinos, hot\u00e9is, e atra\u00e7\u00f5es voltam a receber visitantes com novos protocolos de seguran\u00e7a. Nesse sentido, o Fera Palace Hotel, em Salvador, acaba de anunciar que sua reabertura ser\u00e1 no [&hellip;]<\/p>\n","protected":false},"author":6,"featured_media":37236,"comment_status":"open","ping_status":"open","sticky":false,"template":"","format":"standard","meta":{"footnotes":""},"categories":[226,167,168],"tags":[514,2023,4117,411],"class_list":["post-37162","post","type-post","status-publish","format-standard","has-post-thumbnail","hentry","category-destaque","category-hotel","category-nacional","tag-bahia","tag-fera-palace","tag-retomada-do-turismo","tag-salvador"],"yoast_head":"<!-- This site is optimized with the Yoast SEO plugin v26.2 - https:\/\/yoast.com\/wordpress\/plugins\/seo\/ -->\n<title>Em Salvador, Fera Palace Hotel se prepara para reabertura - Travel3<\/title>\n<meta name=\"description\" content=\"Em Salvador, Fera Palace Hotel se prepara para reabertura; fechado desde mar\u00e7o, hotel boutique volta a receber h\u00f3spedes no dia 1\u00b0 de dezembro\" \/>\n<meta name=\"robots\" content=\"index, follow, max-snippet:-1, max-image-preview:large, max-video-preview:-1\" \/>\n<link rel=\"canonical\" href=\"https:\/\/www.travel3.com.br\/site\/hotel\/nacional\/em-salvador-fera-palace-hotel-se-prepara-para-reabertura\/\" \/>\n<meta property=\"og:locale\" content=\"pt_BR\" \/>\n<meta property=\"og:type\" content=\"article\" \/>\n<meta property=\"og:title\" content=\"Em Salvador, Fera Palace Hotel se prepara para reabertura - Travel3\" \/>\n<meta property=\"og:description\" content=\"Em Salvador, Fera Palace Hotel se prepara para reabertura; fechado desde mar\u00e7o, hotel boutique volta a receber h\u00f3spedes no dia 1\u00b0 de dezembro\" \/>\n<meta property=\"og:url\" content=\"https:\/\/www.travel3.com.br\/site\/hotel\/nacional\/em-salvador-fera-palace-hotel-se-prepara-para-reabertura\/\" \/>\n<meta property=\"og:site_name\" content=\"Travel3\" \/>\n<meta property=\"article:publisher\" content=\"https:\/\/www.facebook.com\/travel3media\/\" \/>\n<meta property=\"article:published_time\" content=\"2020-10-20T12:55:52+00:00\" \/>\n<meta property=\"article:modified_time\" content=\"2020-10-20T12:55:54+00:00\" \/>\n<meta property=\"og:image\" content=\"https:\/\/www.travel3.com.br\/site\/wp-content\/uploads\/2020\/10\/unnamed-35.jpg\" \/>\n\t<meta property=\"og:image:width\" content=\"1200\" \/>\n\t<meta property=\"og:image:height\" content=\"800\" \/>\n\t<meta property=\"og:image:type\" content=\"image\/jpeg\" \/>\n<meta name=\"author\" content=\"Reda\u00e7\u00e3o Travel3\" \/>\n<meta name=\"twitter:card\" content=\"summary_large_image\" \/>\n<meta name=\"twitter:label1\" content=\"Escrito por\" \/>\n\t<meta name=\"twitter:data1\" content=\"Reda\u00e7\u00e3o Travel3\" \/>\n\t<meta name=\"twitter:label2\" content=\"Est. tempo de leitura\" \/>\n\t<meta name=\"twitter:data2\" content=\"2 minutos\" \/>\n<script type=\"application\/ld+json\" class=\"yoast-schema-graph\">{\"@context\":\"https:\/\/schema.org\",\"@graph\":[{\"@type\":\"Article\",\"@id\":\"https:\/\/www.travel3.com.br\/site\/hotel\/nacional\/em-salvador-fera-palace-hotel-se-prepara-para-reabertura\/#article\",\"isPartOf\":{\"@id\":\"https:\/\/www.travel3.com.br\/site\/hotel\/nacional\/em-salvador-fera-palace-hotel-se-prepara-para-reabertura\/\"},\"author\":{\"name\":\"Reda\u00e7\u00e3o Travel3\",\"@id\":\"https:\/\/www.travel3.com.br\/site\/#\/schema\/person\/9cff8daac0a2f1aa0799f827b8aa8308\"},\"headline\":\"Em Salvador, Fera Palace Hotel se prepara para reabertura\",\"datePublished\":\"2020-10-20T12:55:52+00:00\",\"dateModified\":\"2020-10-20T12:55:54+00:00\",\"mainEntityOfPage\":{\"@id\":\"https:\/\/www.travel3.com.br\/site\/hotel\/nacional\/em-salvador-fera-palace-hotel-se-prepara-para-reabertura\/\"},\"wordCount\":374,\"commentCount\":0,\"publisher\":{\"@id\":\"https:\/\/www.travel3.com.br\/site\/#organization\"},\"image\":{\"@id\":\"https:\/\/www.travel3.com.br\/site\/hotel\/nacional\/em-salvador-fera-palace-hotel-se-prepara-para-reabertura\/#primaryimage\"},\"thumbnailUrl\":\"https:\/\/www.travel3.com.br\/site\/wp-content\/uploads\/2020\/10\/unnamed-35.jpg\",\"keywords\":[\"Bahia\",\"Fera Palace\",\"Retomada do Turismo\",\"Salvador\"],\"articleSection\":[\"Destaque\",\"Hotel\",\"Hotel Nacional\"],\"inLanguage\":\"pt-BR\",\"potentialAction\":[{\"@type\":\"CommentAction\",\"name\":\"Comment\",\"target\":[\"https:\/\/www.travel3.com.br\/site\/hotel\/nacional\/em-salvador-fera-palace-hotel-se-prepara-para-reabertura\/#respond\"]}]},{\"@type\":\"WebPage\",\"@id\":\"https:\/\/www.travel3.com.br\/site\/hotel\/nacional\/em-salvador-fera-palace-hotel-se-prepara-para-reabertura\/\",\"url\":\"https:\/\/www.travel3.com.br\/site\/hotel\/nacional\/em-salvador-fera-palace-hotel-se-prepara-para-reabertura\/\",\"name\":\"Em Salvador, Fera Palace Hotel se prepara para reabertura - Travel3\",\"isPartOf\":{\"@id\":\"https:\/\/www.travel3.com.br\/site\/#website\"},\"primaryImageOfPage\":{\"@id\":\"https:\/\/www.travel3.com.br\/site\/hotel\/nacional\/em-salvador-fera-palace-hotel-se-prepara-para-reabertura\/#primaryimage\"},\"image\":{\"@id\":\"https:\/\/www.travel3.com.br\/site\/hotel\/nacional\/em-salvador-fera-palace-hotel-se-prepara-para-reabertura\/#primaryimage\"},\"thumbnailUrl\":\"https:\/\/www.travel3.com.br\/site\/wp-content\/uploads\/2020\/10\/unnamed-35.jpg\",\"datePublished\":\"2020-10-20T12:55:52+00:00\",\"dateModified\":\"2020-10-20T12:55:54+00:00\",\"description\":\"Em Salvador, Fera Palace Hotel se prepara para reabertura; fechado desde mar\u00e7o, hotel boutique volta a receber h\u00f3spedes no dia 1\u00b0 de dezembro\",\"breadcrumb\":{\"@id\":\"https:\/\/www.travel3.com.br\/site\/hotel\/nacional\/em-salvador-fera-palace-hotel-se-prepara-para-reabertura\/#breadcrumb\"},\"inLanguage\":\"pt-BR\",\"potentialAction\":[{\"@type\":\"ReadAction\",\"target\":[\"https:\/\/www.travel3.com.br\/site\/hotel\/nacional\/em-salvador-fera-palace-hotel-se-prepara-para-reabertura\/\"]}]},{\"@type\":\"ImageObject\",\"inLanguage\":\"pt-BR\",\"@id\":\"https:\/\/www.travel3.com.br\/site\/hotel\/nacional\/em-salvador-fera-palace-hotel-se-prepara-para-reabertura\/#primaryimage\",\"url\":\"https:\/\/www.travel3.com.br\/site\/wp-content\/uploads\/2020\/10\/unnamed-35.jpg\",\"contentUrl\":\"https:\/\/www.travel3.com.br\/site\/wp-content\/uploads\/2020\/10\/unnamed-35.jpg\",\"width\":1200,\"height\":800,\"caption\":\"Fera Lounge: rooftop com vista incr\u00edvel para a Ba\u00eda de Todos-os-Santos (Foto: Divulga\u00e7\u00e3o)\"},{\"@type\":\"BreadcrumbList\",\"@id\":\"https:\/\/www.travel3.com.br\/site\/hotel\/nacional\/em-salvador-fera-palace-hotel-se-prepara-para-reabertura\/#breadcrumb\",\"itemListElement\":[{\"@type\":\"ListItem\",\"position\":1,\"name\":\"In\u00edcio\",\"item\":\"https:\/\/www.travel3.com.br\/site\/\"},{\"@type\":\"ListItem\",\"position\":2,\"name\":\"Em Salvador, Fera Palace Hotel se prepara para reabertura\"}]},{\"@type\":\"WebSite\",\"@id\":\"https:\/\/www.travel3.com.br\/site\/#website\",\"url\":\"https:\/\/www.travel3.com.br\/site\/\",\"name\":\"Travel3\",\"description\":\"Lazer + Neg&oacute;cios + Aventura\",\"publisher\":{\"@id\":\"https:\/\/www.travel3.com.br\/site\/#organization\"},\"potentialAction\":[{\"@type\":\"SearchAction\",\"target\":{\"@type\":\"EntryPoint\",\"urlTemplate\":\"https:\/\/www.travel3.com.br\/site\/?s={search_term_string}\"},\"query-input\":{\"@type\":\"PropertyValueSpecification\",\"valueRequired\":true,\"valueName\":\"search_term_string\"}}],\"inLanguage\":\"pt-BR\"},{\"@type\":\"Organization\",\"@id\":\"https:\/\/www.travel3.com.br\/site\/#organization\",\"name\":\"Travel3\",\"url\":\"https:\/\/www.travel3.com.br\/site\/\",\"logo\":{\"@type\":\"ImageObject\",\"inLanguage\":\"pt-BR\",\"@id\":\"https:\/\/www.travel3.com.br\/site\/#\/schema\/logo\/image\/\",\"url\":\"https:\/\/www.travel3.com.br\/site\/wp-content\/uploads\/2020\/01\/logo-travel3-2020.png\",\"contentUrl\":\"https:\/\/www.travel3.com.br\/site\/wp-content\/uploads\/2020\/01\/logo-travel3-2020.png\",\"width\":232,\"height\":79,\"caption\":\"Travel3\"},\"image\":{\"@id\":\"https:\/\/www.travel3.com.br\/site\/#\/schema\/logo\/image\/\"},\"sameAs\":[\"https:\/\/www.facebook.com\/travel3media\/\",\"https:\/\/www.instagram.com\/revistatravel3\/\",\"https:\/\/www.youtube.com\/channel\/UCno7J4paGBR3VbZQzvoJ9Eg\"]},{\"@type\":\"Person\",\"@id\":\"https:\/\/www.travel3.com.br\/site\/#\/schema\/person\/9cff8daac0a2f1aa0799f827b8aa8308\",\"name\":\"Reda\u00e7\u00e3o Travel3\",\"image\":{\"@type\":\"ImageObject\",\"inLanguage\":\"pt-BR\",\"@id\":\"https:\/\/www.travel3.com.br\/site\/#\/schema\/person\/image\/\",\"url\":\"https:\/\/secure.gravatar.com\/avatar\/6e6125525e1f04b7b8c607d71556e490?s=96&d=mm&r=g\",\"contentUrl\":\"https:\/\/secure.gravatar.com\/avatar\/6e6125525e1f04b7b8c607d71556e490?s=96&d=mm&r=g\",\"caption\":\"Reda\u00e7\u00e3o Travel3\"},\"sameAs\":[\"http:\/\/www.travel3.com.br\"],\"url\":\"https:\/\/www.travel3.com.br\/site\/author\/redacao2\/\"}]}<\/script>\n<!-- \/ Yoast SEO plugin. -->","yoast_head_json":{"title":"Em Salvador, Fera Palace Hotel se prepara para reabertura - Travel3","description":"Em Salvador, Fera Palace Hotel se prepara para reabertura; fechado desde mar\u00e7o, hotel boutique volta a receber h\u00f3spedes no dia 1\u00b0 de dezembro","robots":{"index":"index","follow":"follow","max-snippet":"max-snippet:-1","max-image-preview":"max-image-preview:large","max-video-preview":"max-video-preview:-1"},"canonical":"https:\/\/www.travel3.com.br\/site\/hotel\/nacional\/em-salvador-fera-palace-hotel-se-prepara-para-reabertura\/","og_locale":"pt_BR","og_type":"article","og_title":"Em Salvador, Fera Palace Hotel se prepara para reabertura - Travel3","og_description":"Em Salvador, Fera Palace Hotel se prepara para reabertura; fechado desde mar\u00e7o, hotel boutique volta a receber h\u00f3spedes no dia 1\u00b0 de dezembro","og_url":"https:\/\/www.travel3.com.br\/site\/hotel\/nacional\/em-salvador-fera-palace-hotel-se-prepara-para-reabertura\/","og_site_name":"Travel3","article_publisher":"https:\/\/www.facebook.com\/travel3media\/","article_published_time":"2020-10-20T12:55:52+00:00","article_modified_time":"2020-10-20T12:55:54+00:00","og_image":[{"width":1200,"height":800,"url":"https:\/\/www.travel3.com.br\/site\/wp-content\/uploads\/2020\/10\/unnamed-35.jpg","type":"image\/jpeg"}],"author":"Reda\u00e7\u00e3o Travel3","twitter_card":"summary_large_image","twitter_misc":{"Escrito por":"Reda\u00e7\u00e3o Travel3","Est. tempo de leitura":"2 minutos"},"schema":{"@context":"https:\/\/schema.org","@graph":[{"@type":"Article","@id":"https:\/\/www.travel3.com.br\/site\/hotel\/nacional\/em-salvador-fera-palace-hotel-se-prepara-para-reabertura\/#article","isPartOf":{"@id":"https:\/\/www.travel3.com.br\/site\/hotel\/nacional\/em-salvador-fera-palace-hotel-se-prepara-para-reabertura\/"},"author":{"name":"Reda\u00e7\u00e3o Travel3","@id":"https:\/\/www.travel3.com.br\/site\/#\/schema\/person\/9cff8daac0a2f1aa0799f827b8aa8308"},"headline":"Em Salvador, Fera Palace Hotel se prepara para reabertura","datePublished":"2020-10-20T12:55:52+00:00","dateModified":"2020-10-20T12:55:54+00:00","mainEntityOfPage":{"@id":"https:\/\/www.travel3.com.br\/site\/hotel\/nacional\/em-salvador-fera-palace-hotel-se-prepara-para-reabertura\/"},"wordCount":374,"commentCount":0,"publisher":{"@id":"https:\/\/www.travel3.com.br\/site\/#organization"},"image":{"@id":"https:\/\/www.travel3.com.br\/site\/hotel\/nacional\/em-salvador-fera-palace-hotel-se-prepara-para-reabertura\/#primaryimage"},"thumbnailUrl":"https:\/\/www.travel3.com.br\/site\/wp-content\/uploads\/2020\/10\/unnamed-35.jpg","keywords":["Bahia","Fera Palace","Retomada do Turismo","Salvador"],"articleSection":["Destaque","Hotel","Hotel Nacional"],"inLanguage":"pt-BR","potentialAction":[{"@type":"CommentAction","name":"Comment","target":["https:\/\/www.travel3.com.br\/site\/hotel\/nacional\/em-salvador-fera-palace-hotel-se-prepara-para-reabertura\/#respond"]}]},{"@type":"WebPage","@id":"https:\/\/www.travel3.com.br\/site\/hotel\/nacional\/em-salvador-fera-palace-hotel-se-prepara-para-reabertura\/","url":"https:\/\/www.travel3.com.br\/site\/hotel\/nacional\/em-salvador-fera-palace-hotel-se-prepara-para-reabertura\/","name":"Em Salvador, Fera Palace Hotel se prepara para reabertura - Travel3","isPartOf":{"@id":"https:\/\/www.travel3.com.br\/site\/#website"},"primaryImageOfPage":{"@id":"https:\/\/www.travel3.com.br\/site\/hotel\/nacional\/em-salvador-fera-palace-hotel-se-prepara-para-reabertura\/#primaryimage"},"image":{"@id":"https:\/\/www.travel3.com.br\/site\/hotel\/nacional\/em-salvador-fera-palace-hotel-se-prepara-para-reabertura\/#primaryimage"},"thumbnailUrl":"https:\/\/www.travel3.com.br\/site\/wp-content\/uploads\/2020\/10\/unnamed-35.jpg","datePublished":"2020-10-20T12:55:52+00:00","dateModified":"2020-10-20T12:55:54+00:00","description":"Em Salvador, Fera Palace Hotel se prepara para reabertura; fechado desde mar\u00e7o, hotel boutique volta a receber h\u00f3spedes no dia 1\u00b0 de dezembro","breadcrumb":{"@id":"https:\/\/www.travel3.com.br\/site\/hotel\/nacional\/em-salvador-fera-palace-hotel-se-prepara-para-reabertura\/#breadcrumb"},"inLanguage":"pt-BR","potentialAction":[{"@type":"ReadAction","target":["https:\/\/www.travel3.com.br\/site\/hotel\/nacional\/em-salvador-fera-palace-hotel-se-prepara-para-reabertura\/"]}]},{"@type":"ImageObject","inLanguage":"pt-BR","@id":"https:\/\/www.travel3.com.br\/site\/hotel\/nacional\/em-salvador-fera-palace-hotel-se-prepara-para-reabertura\/#primaryimage","url":"https:\/\/www.travel3.com.br\/site\/wp-content\/uploads\/2020\/10\/unnamed-35.jpg","contentUrl":"https:\/\/www.travel3.com.br\/site\/wp-content\/uploads\/2020\/10\/unnamed-35.jpg","width":1200,"height":800,"caption":"Fera Lounge: rooftop com vista incr\u00edvel para a Ba\u00eda de Todos-os-Santos (Foto: Divulga\u00e7\u00e3o)"},{"@type":"BreadcrumbList","@id":"https:\/\/www.travel3.com.br\/site\/hotel\/nacional\/em-salvador-fera-palace-hotel-se-prepara-para-reabertura\/#breadcrumb","itemListElement":[{"@type":"ListItem","position":1,"name":"In\u00edcio","item":"https:\/\/www.travel3.com.br\/site\/"},{"@type":"ListItem","position":2,"name":"Em Salvador, Fera Palace Hotel se prepara para reabertura"}]},{"@type":"WebSite","@id":"https:\/\/www.travel3.com.br\/site\/#website","url":"https:\/\/www.travel3.com.br\/site\/","name":"Travel3","description":"Lazer + Neg&oacute;cios + Aventura","publisher":{"@id":"https:\/\/www.travel3.com.br\/site\/#organization"},"potentialAction":[{"@type":"SearchAction","target":{"@type":"EntryPoint","urlTemplate":"https:\/\/www.travel3.com.br\/site\/?s={search_term_string}"},"query-input":{"@type":"PropertyValueSpecification","valueRequired":true,"valueName":"search_term_string"}}],"inLanguage":"pt-BR"},{"@type":"Organization","@id":"https:\/\/www.travel3.com.br\/site\/#organization","name":"Travel3","url":"https:\/\/www.travel3.com.br\/site\/","logo":{"@type":"ImageObject","inLanguage":"pt-BR","@id":"https:\/\/www.travel3.com.br\/site\/#\/schema\/logo\/image\/","url":"https:\/\/www.travel3.com.br\/site\/wp-content\/uploads\/2020\/01\/logo-travel3-2020.png","contentUrl":"https:\/\/www.travel3.com.br\/site\/wp-content\/uploads\/2020\/01\/logo-travel3-2020.png","width":232,"height":79,"caption":"Travel3"},"image":{"@id":"https:\/\/www.travel3.com.br\/site\/#\/schema\/logo\/image\/"},"sameAs":["https:\/\/www.facebook.com\/travel3media\/","https:\/\/www.instagram.com\/revistatravel3\/","https:\/\/www.youtube.com\/channel\/UCno7J4paGBR3VbZQzvoJ9Eg"]},{"@type":"Person","@id":"https:\/\/www.travel3.com.br\/site\/#\/schema\/person\/9cff8daac0a2f1aa0799f827b8aa8308","name":"Reda\u00e7\u00e3o Travel3","image":{"@type":"ImageObject","inLanguage":"pt-BR","@id":"https:\/\/www.travel3.com.br\/site\/#\/schema\/person\/image\/","url":"https:\/\/secure.gravatar.com\/avatar\/6e6125525e1f04b7b8c607d71556e490?s=96&d=mm&r=g","contentUrl":"https:\/\/secure.gravatar.com\/avatar\/6e6125525e1f04b7b8c607d71556e490?s=96&d=mm&r=g","caption":"Reda\u00e7\u00e3o Travel3"},"sameAs":["http:\/\/www.travel3.com.br"],"url":"https:\/\/www.travel3.com.br\/site\/author\/redacao2\/"}]}},"_links":{"self":[{"href":"https:\/\/www.travel3.com.br\/site\/wp-json\/wp\/v2\/posts\/37162","targetHints":{"allow":["GET"]}}],"collection":[{"href":"https:\/\/www.travel3.com.br\/site\/wp-json\/wp\/v2\/posts"}],"about":[{"href":"https:\/\/www.travel3.com.br\/site\/wp-json\/wp\/v2\/types\/post"}],"author":[{"embeddable":true,"href":"https:\/\/www.travel3.com.br\/site\/wp-json\/wp\/v2\/users\/6"}],"replies":[{"embeddable":true,"href":"https:\/\/www.travel3.com.br\/site\/wp-json\/wp\/v2\/comments?post=37162"}],"version-history":[{"count":5,"href":"https:\/\/www.travel3.com.br\/site\/wp-json\/wp\/v2\/posts\/37162\/revisions"}],"predecessor-version":[{"id":37247,"href":"https:\/\/www.travel3.com.br\/site\/wp-json\/wp\/v2\/posts\/37162\/revisions\/37247"}],"wp:featuredmedia":[{"embeddable":true,"href":"https:\/\/www.travel3.com.br\/site\/wp-json\/wp\/v2\/media\/37236"}],"wp:attachment":[{"href":"https:\/\/www.travel3.com.br\/site\/wp-json\/wp\/v2\/media?parent=37162"}],"wp:term":[{"taxonomy":"category","embeddable":true,"href":"https:\/\/www.travel3.com.br\/site\/wp-json\/wp\/v2\/categories?post=37162"},{"taxonomy":"post_tag","embeddable":true,"href":"https:\/\/www.travel3.com.br\/site\/wp-json\/wp\/v2\/tags?post=37162"}],"curies":[{"name":"wp","href":"https:\/\/api.w.org\/{rel}","templated":true}]}}