{"id":36710,"date":"2020-10-02T14:56:16","date_gmt":"2020-10-02T17:56:16","guid":{"rendered":"https:\/\/www.travel3.com.br\/?p=36710"},"modified":"2020-10-02T14:57:41","modified_gmt":"2020-10-02T17:57:41","slug":"projeto-janelas-casacor-tem-inicio-nesta-sexta","status":"publish","type":"post","link":"https:\/\/www.travel3.com.br\/site\/destaque\/projeto-janelas-casacor-tem-inicio-nesta-sexta\/","title":{"rendered":"Projeto Janelas Casacor tem in\u00edcio nesta sexta-feira"},"content":{"rendered":"\n<figure class=\"wp-block-image\"><img loading=\"lazy\" decoding=\"async\" width=\"1024\" height=\"682\" src=\"https:\/\/www.travel3.com.br\/site\/wp-content\/uploads\/2019\/09\/Escritorio-do-Jardim-Foto-Jomar-Braganca_A-1024x682.jpg\" alt=\"CASACOR Minas\" class=\"wp-image-26683\" srcset=\"https:\/\/www.travel3.com.br\/site\/wp-content\/uploads\/2019\/09\/Escritorio-do-Jardim-Foto-Jomar-Braganca_A-1024x682.jpg 1024w, https:\/\/www.travel3.com.br\/site\/wp-content\/uploads\/2019\/09\/Escritorio-do-Jardim-Foto-Jomar-Braganca_A-300x200.jpg 300w, https:\/\/www.travel3.com.br\/site\/wp-content\/uploads\/2019\/09\/Escritorio-do-Jardim-Foto-Jomar-Braganca_A-768x511.jpg 768w, https:\/\/www.travel3.com.br\/site\/wp-content\/uploads\/2019\/09\/Escritorio-do-Jardim-Foto-Jomar-Braganca_A-750x499.jpg 750w, https:\/\/www.travel3.com.br\/site\/wp-content\/uploads\/2019\/09\/Escritorio-do-Jardim-Foto-Jomar-Braganca_A-1140x759.jpg 1140w, https:\/\/www.travel3.com.br\/site\/wp-content\/uploads\/2019\/09\/Escritorio-do-Jardim-Foto-Jomar-Braganca_A.jpg 1920w\" sizes=\"auto, (max-width: 1024px) 100vw, 1024px\" \/><figcaption>Escrit\u00f3rio do Jardim, do Casacor Minas 2019 (Foto: Jomar  Bragan\u00e7a\/Divulga\u00e7\u00e3o)<\/figcaption><\/figure>\n\n\n\n<h3 class=\"wp-block-heading\" style=\"text-align:center\">Lan\u00e7amento poder\u00e1 ser acompanhado pelas redes sociais da marca, e tem como tema a casa p\u00f3s-pandemia<\/h3>\n\n\n\n<p>Come\u00e7a nesta sexta, 2 de outubro, o Projeto Janelas Casacor, que percorrer\u00e1 11 cidades brasileiras com vitrines f\u00edsicas e digitais. O lan\u00e7amento ser\u00e1 totalmente on-line; e pode ser acompanhado nas redes sociais oficiais da marca a partir das 18h.<\/p>\n\n\n\n<p>O novo projeto \u00e9 realizado ap\u00f3s o cancelamento da edi\u00e7\u00e3o 2020 do Casacor, e prop\u00f5e uma reflex\u00e3o sobre a casa p\u00f3s-pandemia. Dessa forma, conceitos e ideias que ganharam espa\u00e7o nos \u00faltimos meses ser\u00e3o materializados em vitrines espalhadas pelo Brasil; e responder\u00e3o a questionamentos acerca das mudan\u00e7as nos lares e na vida das pessoas.<\/p>\n\n\n\n<p>Novas necessidades, anseios e tend\u00eancias ser\u00e3o traduzidas por arquitetos e designers de interiores do Brasil, e expostos tanto nas \u00e1reas centrais quanto nas periferias das metr\u00f3poles. De forma totalmente gratuita, as vitrines poder\u00e3o ser visitadas fisicamente &#8211; com respeito \u00e0s regras de sa\u00fade e <u><a href=\"https:\/\/www.travel3.com.br\/destaque\/eventos-hibridos-solucao-da-melia\/\" target=\"_blank\" rel=\"noreferrer noopener\" aria-label=\"distanciamento (opens in a new tab)\">distanciamento<\/a><\/u> &#8211; ou em tours virtuais, guiados pelo autor de cada projeto e dispon\u00edveis no <a rel=\"noreferrer noopener\" aria-label=\"hotsite (opens in a new tab)\" href=\"https:\/\/casacor.abril.com.br\/noticias\/janelas-casacor-confira-os-locais-e-datas-das-exposicoes-pelo-brasil\/\" target=\"_blank\">hotsite<\/a> do Projeto Janelas.<\/p>\n\n\n\n<h4 class=\"wp-block-heading\">Programa\u00e7\u00e3o<\/h4>\n\n\n\n<p>A 1\u00aa cidade a receber a exposi\u00e7\u00e3o Janelas Casacor \u00e9 <u><a href=\"https:\/\/www.travel3.com.br\/destaque\/b-hotel-negocios-design-lifestyle-em-brasilia\/\" target=\"_blank\" rel=\"noreferrer noopener\" aria-label=\"Bras\u00edlia (opens in a new tab)\">Bras\u00edlia<\/a><\/u>, onde uma instala\u00e7\u00e3o no Parque da Cidade Dona Sarah Kubitscheck poder\u00e1 ser visitada entre 03 de outubro e 02 de novembro. A vitrine celebra os 60 anos da capital federal, e re\u00fane projetos criados pelos 14 escrit\u00f3rios de arquitetura e design de interiores participantes.<\/p>\n\n\n\n<p>At\u00e9 o dia 20 de dezembro, o projeto Janelas Casacor se espalha por outras cidades, onde ser\u00e3o apresentadas propostas diferenciadas e que valorizam as culturas locais; sempre sob o conceito da casa p\u00f3s-pandemia. Ser\u00e1 poss\u00edvel visitar os espa\u00e7os nos estados da Bahia, no Cear\u00e1, Esp\u00edrito Santo, Minas Gerais, Para\u00edba, Paran\u00e1, Pernambuco, Santa Catarina e S\u00e3o Paulo.<\/p>\n","protected":false},"excerpt":{"rendered":"<p>Lan\u00e7amento poder\u00e1 ser acompanhado pelas redes sociais da marca, e tem como tema a casa p\u00f3s-pandemia Come\u00e7a nesta sexta, 2 de outubro, o Projeto Janelas Casacor, que percorrer\u00e1 11 cidades brasileiras com vitrines f\u00edsicas e digitais. O lan\u00e7amento ser\u00e1 totalmente on-line; e pode ser acompanhado nas redes sociais oficiais da marca a partir das 18h. [&hellip;]<\/p>\n","protected":false},"author":6,"featured_media":26683,"comment_status":"open","ping_status":"open","sticky":false,"template":"","format":"standard","meta":{"footnotes":""},"categories":[226],"tags":[1469,4188,1853,4310],"class_list":["post-36710","post","type-post","status-publish","format-standard","has-post-thumbnail","hentry","category-destaque","tag-arquitetura","tag-casacor","tag-design","tag-projeto-janelas-casacor"],"yoast_head":"<!-- This site is optimized with the Yoast SEO plugin v26.2 - https:\/\/yoast.com\/wordpress\/plugins\/seo\/ -->\n<title>Projeto Janelas Casacor tem in\u00edcio nesta sexta-feira - Travel3<\/title>\n<meta name=\"description\" content=\"Projeto Janelas Casacor tem in\u00edcio nesta sexta-feira; lan\u00e7amento poder\u00e1 ser acompanhado pelas redes sociais da marca, e tem como tema a casa p\u00f3s-pandemia\" \/>\n<meta name=\"robots\" content=\"index, follow, max-snippet:-1, max-image-preview:large, max-video-preview:-1\" \/>\n<link rel=\"canonical\" href=\"https:\/\/www.travel3.com.br\/site\/destaque\/projeto-janelas-casacor-tem-inicio-nesta-sexta\/\" \/>\n<meta property=\"og:locale\" content=\"pt_BR\" \/>\n<meta property=\"og:type\" content=\"article\" \/>\n<meta property=\"og:title\" content=\"Projeto Janelas Casacor tem in\u00edcio nesta sexta-feira - Travel3\" \/>\n<meta property=\"og:description\" content=\"Projeto Janelas Casacor tem in\u00edcio nesta sexta-feira; lan\u00e7amento poder\u00e1 ser acompanhado pelas redes sociais da marca, e tem como tema a casa p\u00f3s-pandemia\" \/>\n<meta property=\"og:url\" content=\"https:\/\/www.travel3.com.br\/site\/destaque\/projeto-janelas-casacor-tem-inicio-nesta-sexta\/\" \/>\n<meta property=\"og:site_name\" content=\"Travel3\" \/>\n<meta property=\"article:publisher\" content=\"https:\/\/www.facebook.com\/travel3media\/\" \/>\n<meta property=\"article:published_time\" content=\"2020-10-02T17:56:16+00:00\" \/>\n<meta property=\"article:modified_time\" content=\"2020-10-02T17:57:41+00:00\" \/>\n<meta property=\"og:image\" content=\"https:\/\/www.travel3.com.br\/site\/wp-content\/uploads\/2019\/09\/Escritorio-do-Jardim-Foto-Jomar-Braganca_A.jpg\" \/>\n\t<meta property=\"og:image:width\" content=\"1920\" \/>\n\t<meta property=\"og:image:height\" content=\"1278\" \/>\n\t<meta property=\"og:image:type\" content=\"image\/jpeg\" \/>\n<meta name=\"author\" content=\"Reda\u00e7\u00e3o Travel3\" \/>\n<meta name=\"twitter:card\" content=\"summary_large_image\" \/>\n<meta name=\"twitter:label1\" content=\"Escrito por\" \/>\n\t<meta name=\"twitter:data1\" content=\"Reda\u00e7\u00e3o Travel3\" \/>\n\t<meta name=\"twitter:label2\" content=\"Est. tempo de leitura\" \/>\n\t<meta name=\"twitter:data2\" content=\"2 minutos\" \/>\n<script type=\"application\/ld+json\" class=\"yoast-schema-graph\">{\"@context\":\"https:\/\/schema.org\",\"@graph\":[{\"@type\":\"Article\",\"@id\":\"https:\/\/www.travel3.com.br\/site\/destaque\/projeto-janelas-casacor-tem-inicio-nesta-sexta\/#article\",\"isPartOf\":{\"@id\":\"https:\/\/www.travel3.com.br\/site\/destaque\/projeto-janelas-casacor-tem-inicio-nesta-sexta\/\"},\"author\":{\"name\":\"Reda\u00e7\u00e3o Travel3\",\"@id\":\"https:\/\/www.travel3.com.br\/site\/#\/schema\/person\/9cff8daac0a2f1aa0799f827b8aa8308\"},\"headline\":\"Projeto Janelas Casacor tem in\u00edcio nesta sexta-feira\",\"datePublished\":\"2020-10-02T17:56:16+00:00\",\"dateModified\":\"2020-10-02T17:57:41+00:00\",\"mainEntityOfPage\":{\"@id\":\"https:\/\/www.travel3.com.br\/site\/destaque\/projeto-janelas-casacor-tem-inicio-nesta-sexta\/\"},\"wordCount\":326,\"commentCount\":0,\"publisher\":{\"@id\":\"https:\/\/www.travel3.com.br\/site\/#organization\"},\"image\":{\"@id\":\"https:\/\/www.travel3.com.br\/site\/destaque\/projeto-janelas-casacor-tem-inicio-nesta-sexta\/#primaryimage\"},\"thumbnailUrl\":\"https:\/\/www.travel3.com.br\/site\/wp-content\/uploads\/2019\/09\/Escritorio-do-Jardim-Foto-Jomar-Braganca_A.jpg\",\"keywords\":[\"arquitetura\",\"CASACOR\",\"design\",\"Projeto Janelas Casacor\"],\"articleSection\":[\"Destaque\"],\"inLanguage\":\"pt-BR\",\"potentialAction\":[{\"@type\":\"CommentAction\",\"name\":\"Comment\",\"target\":[\"https:\/\/www.travel3.com.br\/site\/destaque\/projeto-janelas-casacor-tem-inicio-nesta-sexta\/#respond\"]}]},{\"@type\":\"WebPage\",\"@id\":\"https:\/\/www.travel3.com.br\/site\/destaque\/projeto-janelas-casacor-tem-inicio-nesta-sexta\/\",\"url\":\"https:\/\/www.travel3.com.br\/site\/destaque\/projeto-janelas-casacor-tem-inicio-nesta-sexta\/\",\"name\":\"Projeto Janelas Casacor tem in\u00edcio nesta sexta-feira - Travel3\",\"isPartOf\":{\"@id\":\"https:\/\/www.travel3.com.br\/site\/#website\"},\"primaryImageOfPage\":{\"@id\":\"https:\/\/www.travel3.com.br\/site\/destaque\/projeto-janelas-casacor-tem-inicio-nesta-sexta\/#primaryimage\"},\"image\":{\"@id\":\"https:\/\/www.travel3.com.br\/site\/destaque\/projeto-janelas-casacor-tem-inicio-nesta-sexta\/#primaryimage\"},\"thumbnailUrl\":\"https:\/\/www.travel3.com.br\/site\/wp-content\/uploads\/2019\/09\/Escritorio-do-Jardim-Foto-Jomar-Braganca_A.jpg\",\"datePublished\":\"2020-10-02T17:56:16+00:00\",\"dateModified\":\"2020-10-02T17:57:41+00:00\",\"description\":\"Projeto Janelas Casacor tem in\u00edcio nesta sexta-feira; lan\u00e7amento poder\u00e1 ser acompanhado pelas redes sociais da marca, e tem como tema a casa p\u00f3s-pandemia\",\"breadcrumb\":{\"@id\":\"https:\/\/www.travel3.com.br\/site\/destaque\/projeto-janelas-casacor-tem-inicio-nesta-sexta\/#breadcrumb\"},\"inLanguage\":\"pt-BR\",\"potentialAction\":[{\"@type\":\"ReadAction\",\"target\":[\"https:\/\/www.travel3.com.br\/site\/destaque\/projeto-janelas-casacor-tem-inicio-nesta-sexta\/\"]}]},{\"@type\":\"ImageObject\",\"inLanguage\":\"pt-BR\",\"@id\":\"https:\/\/www.travel3.com.br\/site\/destaque\/projeto-janelas-casacor-tem-inicio-nesta-sexta\/#primaryimage\",\"url\":\"https:\/\/www.travel3.com.br\/site\/wp-content\/uploads\/2019\/09\/Escritorio-do-Jardim-Foto-Jomar-Braganca_A.jpg\",\"contentUrl\":\"https:\/\/www.travel3.com.br\/site\/wp-content\/uploads\/2019\/09\/Escritorio-do-Jardim-Foto-Jomar-Braganca_A.jpg\",\"width\":1920,\"height\":1278,\"caption\":\"Escrit\u00f3rio do Jardim (Foto: Jomar Bragan\u00e7a\/Divulga\u00e7\u00e3o)\"},{\"@type\":\"BreadcrumbList\",\"@id\":\"https:\/\/www.travel3.com.br\/site\/destaque\/projeto-janelas-casacor-tem-inicio-nesta-sexta\/#breadcrumb\",\"itemListElement\":[{\"@type\":\"ListItem\",\"position\":1,\"name\":\"In\u00edcio\",\"item\":\"https:\/\/www.travel3.com.br\/site\/\"},{\"@type\":\"ListItem\",\"position\":2,\"name\":\"Projeto Janelas Casacor tem in\u00edcio nesta sexta-feira\"}]},{\"@type\":\"WebSite\",\"@id\":\"https:\/\/www.travel3.com.br\/site\/#website\",\"url\":\"https:\/\/www.travel3.com.br\/site\/\",\"name\":\"Travel3\",\"description\":\"Lazer + Neg&oacute;cios + Aventura\",\"publisher\":{\"@id\":\"https:\/\/www.travel3.com.br\/site\/#organization\"},\"potentialAction\":[{\"@type\":\"SearchAction\",\"target\":{\"@type\":\"EntryPoint\",\"urlTemplate\":\"https:\/\/www.travel3.com.br\/site\/?s={search_term_string}\"},\"query-input\":{\"@type\":\"PropertyValueSpecification\",\"valueRequired\":true,\"valueName\":\"search_term_string\"}}],\"inLanguage\":\"pt-BR\"},{\"@type\":\"Organization\",\"@id\":\"https:\/\/www.travel3.com.br\/site\/#organization\",\"name\":\"Travel3\",\"url\":\"https:\/\/www.travel3.com.br\/site\/\",\"logo\":{\"@type\":\"ImageObject\",\"inLanguage\":\"pt-BR\",\"@id\":\"https:\/\/www.travel3.com.br\/site\/#\/schema\/logo\/image\/\",\"url\":\"https:\/\/www.travel3.com.br\/site\/wp-content\/uploads\/2020\/01\/logo-travel3-2020.png\",\"contentUrl\":\"https:\/\/www.travel3.com.br\/site\/wp-content\/uploads\/2020\/01\/logo-travel3-2020.png\",\"width\":232,\"height\":79,\"caption\":\"Travel3\"},\"image\":{\"@id\":\"https:\/\/www.travel3.com.br\/site\/#\/schema\/logo\/image\/\"},\"sameAs\":[\"https:\/\/www.facebook.com\/travel3media\/\",\"https:\/\/www.instagram.com\/revistatravel3\/\",\"https:\/\/www.youtube.com\/channel\/UCno7J4paGBR3VbZQzvoJ9Eg\"]},{\"@type\":\"Person\",\"@id\":\"https:\/\/www.travel3.com.br\/site\/#\/schema\/person\/9cff8daac0a2f1aa0799f827b8aa8308\",\"name\":\"Reda\u00e7\u00e3o Travel3\",\"image\":{\"@type\":\"ImageObject\",\"inLanguage\":\"pt-BR\",\"@id\":\"https:\/\/www.travel3.com.br\/site\/#\/schema\/person\/image\/\",\"url\":\"https:\/\/secure.gravatar.com\/avatar\/6e6125525e1f04b7b8c607d71556e490?s=96&d=mm&r=g\",\"contentUrl\":\"https:\/\/secure.gravatar.com\/avatar\/6e6125525e1f04b7b8c607d71556e490?s=96&d=mm&r=g\",\"caption\":\"Reda\u00e7\u00e3o Travel3\"},\"sameAs\":[\"http:\/\/www.travel3.com.br\"],\"url\":\"https:\/\/www.travel3.com.br\/site\/author\/redacao2\/\"}]}<\/script>\n<!-- \/ Yoast SEO plugin. -->","yoast_head_json":{"title":"Projeto Janelas Casacor tem in\u00edcio nesta sexta-feira - Travel3","description":"Projeto Janelas Casacor tem in\u00edcio nesta sexta-feira; lan\u00e7amento poder\u00e1 ser acompanhado pelas redes sociais da marca, e tem como tema a casa p\u00f3s-pandemia","robots":{"index":"index","follow":"follow","max-snippet":"max-snippet:-1","max-image-preview":"max-image-preview:large","max-video-preview":"max-video-preview:-1"},"canonical":"https:\/\/www.travel3.com.br\/site\/destaque\/projeto-janelas-casacor-tem-inicio-nesta-sexta\/","og_locale":"pt_BR","og_type":"article","og_title":"Projeto Janelas Casacor tem in\u00edcio nesta sexta-feira - Travel3","og_description":"Projeto Janelas Casacor tem in\u00edcio nesta sexta-feira; lan\u00e7amento poder\u00e1 ser acompanhado pelas redes sociais da marca, e tem como tema a casa p\u00f3s-pandemia","og_url":"https:\/\/www.travel3.com.br\/site\/destaque\/projeto-janelas-casacor-tem-inicio-nesta-sexta\/","og_site_name":"Travel3","article_publisher":"https:\/\/www.facebook.com\/travel3media\/","article_published_time":"2020-10-02T17:56:16+00:00","article_modified_time":"2020-10-02T17:57:41+00:00","og_image":[{"width":1920,"height":1278,"url":"https:\/\/www.travel3.com.br\/site\/wp-content\/uploads\/2019\/09\/Escritorio-do-Jardim-Foto-Jomar-Braganca_A.jpg","type":"image\/jpeg"}],"author":"Reda\u00e7\u00e3o Travel3","twitter_card":"summary_large_image","twitter_misc":{"Escrito por":"Reda\u00e7\u00e3o Travel3","Est. tempo de leitura":"2 minutos"},"schema":{"@context":"https:\/\/schema.org","@graph":[{"@type":"Article","@id":"https:\/\/www.travel3.com.br\/site\/destaque\/projeto-janelas-casacor-tem-inicio-nesta-sexta\/#article","isPartOf":{"@id":"https:\/\/www.travel3.com.br\/site\/destaque\/projeto-janelas-casacor-tem-inicio-nesta-sexta\/"},"author":{"name":"Reda\u00e7\u00e3o Travel3","@id":"https:\/\/www.travel3.com.br\/site\/#\/schema\/person\/9cff8daac0a2f1aa0799f827b8aa8308"},"headline":"Projeto Janelas Casacor tem in\u00edcio nesta sexta-feira","datePublished":"2020-10-02T17:56:16+00:00","dateModified":"2020-10-02T17:57:41+00:00","mainEntityOfPage":{"@id":"https:\/\/www.travel3.com.br\/site\/destaque\/projeto-janelas-casacor-tem-inicio-nesta-sexta\/"},"wordCount":326,"commentCount":0,"publisher":{"@id":"https:\/\/www.travel3.com.br\/site\/#organization"},"image":{"@id":"https:\/\/www.travel3.com.br\/site\/destaque\/projeto-janelas-casacor-tem-inicio-nesta-sexta\/#primaryimage"},"thumbnailUrl":"https:\/\/www.travel3.com.br\/site\/wp-content\/uploads\/2019\/09\/Escritorio-do-Jardim-Foto-Jomar-Braganca_A.jpg","keywords":["arquitetura","CASACOR","design","Projeto Janelas Casacor"],"articleSection":["Destaque"],"inLanguage":"pt-BR","potentialAction":[{"@type":"CommentAction","name":"Comment","target":["https:\/\/www.travel3.com.br\/site\/destaque\/projeto-janelas-casacor-tem-inicio-nesta-sexta\/#respond"]}]},{"@type":"WebPage","@id":"https:\/\/www.travel3.com.br\/site\/destaque\/projeto-janelas-casacor-tem-inicio-nesta-sexta\/","url":"https:\/\/www.travel3.com.br\/site\/destaque\/projeto-janelas-casacor-tem-inicio-nesta-sexta\/","name":"Projeto Janelas Casacor tem in\u00edcio nesta sexta-feira - Travel3","isPartOf":{"@id":"https:\/\/www.travel3.com.br\/site\/#website"},"primaryImageOfPage":{"@id":"https:\/\/www.travel3.com.br\/site\/destaque\/projeto-janelas-casacor-tem-inicio-nesta-sexta\/#primaryimage"},"image":{"@id":"https:\/\/www.travel3.com.br\/site\/destaque\/projeto-janelas-casacor-tem-inicio-nesta-sexta\/#primaryimage"},"thumbnailUrl":"https:\/\/www.travel3.com.br\/site\/wp-content\/uploads\/2019\/09\/Escritorio-do-Jardim-Foto-Jomar-Braganca_A.jpg","datePublished":"2020-10-02T17:56:16+00:00","dateModified":"2020-10-02T17:57:41+00:00","description":"Projeto Janelas Casacor tem in\u00edcio nesta sexta-feira; lan\u00e7amento poder\u00e1 ser acompanhado pelas redes sociais da marca, e tem como tema a casa p\u00f3s-pandemia","breadcrumb":{"@id":"https:\/\/www.travel3.com.br\/site\/destaque\/projeto-janelas-casacor-tem-inicio-nesta-sexta\/#breadcrumb"},"inLanguage":"pt-BR","potentialAction":[{"@type":"ReadAction","target":["https:\/\/www.travel3.com.br\/site\/destaque\/projeto-janelas-casacor-tem-inicio-nesta-sexta\/"]}]},{"@type":"ImageObject","inLanguage":"pt-BR","@id":"https:\/\/www.travel3.com.br\/site\/destaque\/projeto-janelas-casacor-tem-inicio-nesta-sexta\/#primaryimage","url":"https:\/\/www.travel3.com.br\/site\/wp-content\/uploads\/2019\/09\/Escritorio-do-Jardim-Foto-Jomar-Braganca_A.jpg","contentUrl":"https:\/\/www.travel3.com.br\/site\/wp-content\/uploads\/2019\/09\/Escritorio-do-Jardim-Foto-Jomar-Braganca_A.jpg","width":1920,"height":1278,"caption":"Escrit\u00f3rio do Jardim (Foto: Jomar Bragan\u00e7a\/Divulga\u00e7\u00e3o)"},{"@type":"BreadcrumbList","@id":"https:\/\/www.travel3.com.br\/site\/destaque\/projeto-janelas-casacor-tem-inicio-nesta-sexta\/#breadcrumb","itemListElement":[{"@type":"ListItem","position":1,"name":"In\u00edcio","item":"https:\/\/www.travel3.com.br\/site\/"},{"@type":"ListItem","position":2,"name":"Projeto Janelas Casacor tem in\u00edcio nesta sexta-feira"}]},{"@type":"WebSite","@id":"https:\/\/www.travel3.com.br\/site\/#website","url":"https:\/\/www.travel3.com.br\/site\/","name":"Travel3","description":"Lazer + Neg&oacute;cios + Aventura","publisher":{"@id":"https:\/\/www.travel3.com.br\/site\/#organization"},"potentialAction":[{"@type":"SearchAction","target":{"@type":"EntryPoint","urlTemplate":"https:\/\/www.travel3.com.br\/site\/?s={search_term_string}"},"query-input":{"@type":"PropertyValueSpecification","valueRequired":true,"valueName":"search_term_string"}}],"inLanguage":"pt-BR"},{"@type":"Organization","@id":"https:\/\/www.travel3.com.br\/site\/#organization","name":"Travel3","url":"https:\/\/www.travel3.com.br\/site\/","logo":{"@type":"ImageObject","inLanguage":"pt-BR","@id":"https:\/\/www.travel3.com.br\/site\/#\/schema\/logo\/image\/","url":"https:\/\/www.travel3.com.br\/site\/wp-content\/uploads\/2020\/01\/logo-travel3-2020.png","contentUrl":"https:\/\/www.travel3.com.br\/site\/wp-content\/uploads\/2020\/01\/logo-travel3-2020.png","width":232,"height":79,"caption":"Travel3"},"image":{"@id":"https:\/\/www.travel3.com.br\/site\/#\/schema\/logo\/image\/"},"sameAs":["https:\/\/www.facebook.com\/travel3media\/","https:\/\/www.instagram.com\/revistatravel3\/","https:\/\/www.youtube.com\/channel\/UCno7J4paGBR3VbZQzvoJ9Eg"]},{"@type":"Person","@id":"https:\/\/www.travel3.com.br\/site\/#\/schema\/person\/9cff8daac0a2f1aa0799f827b8aa8308","name":"Reda\u00e7\u00e3o Travel3","image":{"@type":"ImageObject","inLanguage":"pt-BR","@id":"https:\/\/www.travel3.com.br\/site\/#\/schema\/person\/image\/","url":"https:\/\/secure.gravatar.com\/avatar\/6e6125525e1f04b7b8c607d71556e490?s=96&d=mm&r=g","contentUrl":"https:\/\/secure.gravatar.com\/avatar\/6e6125525e1f04b7b8c607d71556e490?s=96&d=mm&r=g","caption":"Reda\u00e7\u00e3o Travel3"},"sameAs":["http:\/\/www.travel3.com.br"],"url":"https:\/\/www.travel3.com.br\/site\/author\/redacao2\/"}]}},"_links":{"self":[{"href":"https:\/\/www.travel3.com.br\/site\/wp-json\/wp\/v2\/posts\/36710","targetHints":{"allow":["GET"]}}],"collection":[{"href":"https:\/\/www.travel3.com.br\/site\/wp-json\/wp\/v2\/posts"}],"about":[{"href":"https:\/\/www.travel3.com.br\/site\/wp-json\/wp\/v2\/types\/post"}],"author":[{"embeddable":true,"href":"https:\/\/www.travel3.com.br\/site\/wp-json\/wp\/v2\/users\/6"}],"replies":[{"embeddable":true,"href":"https:\/\/www.travel3.com.br\/site\/wp-json\/wp\/v2\/comments?post=36710"}],"version-history":[{"count":3,"href":"https:\/\/www.travel3.com.br\/site\/wp-json\/wp\/v2\/posts\/36710\/revisions"}],"predecessor-version":[{"id":36720,"href":"https:\/\/www.travel3.com.br\/site\/wp-json\/wp\/v2\/posts\/36710\/revisions\/36720"}],"wp:featuredmedia":[{"embeddable":true,"href":"https:\/\/www.travel3.com.br\/site\/wp-json\/wp\/v2\/media\/26683"}],"wp:attachment":[{"href":"https:\/\/www.travel3.com.br\/site\/wp-json\/wp\/v2\/media?parent=36710"}],"wp:term":[{"taxonomy":"category","embeddable":true,"href":"https:\/\/www.travel3.com.br\/site\/wp-json\/wp\/v2\/categories?post=36710"},{"taxonomy":"post_tag","embeddable":true,"href":"https:\/\/www.travel3.com.br\/site\/wp-json\/wp\/v2\/tags?post=36710"}],"curies":[{"name":"wp","href":"https:\/\/api.w.org\/{rel}","templated":true}]}}