{"id":36632,"date":"2020-09-29T18:10:42","date_gmt":"2020-09-29T21:10:42","guid":{"rendered":"https:\/\/www.travel3.com.br\/?p=36632"},"modified":"2020-09-29T18:10:46","modified_gmt":"2020-09-29T21:10:46","slug":"orinter-copa-promoveram-1o-famtour-oficial-da-retomada","status":"publish","type":"post","link":"https:\/\/www.travel3.com.br\/site\/destaque\/orinter-copa-promoveram-1o-famtour-oficial-da-retomada\/","title":{"rendered":"Orinter + Copa promoveram 1\u00ba famtour oficial da retomada"},"content":{"rendered":"\n<figure class=\"wp-block-image\"><img loading=\"lazy\" decoding=\"async\" width=\"1024\" height=\"768\" src=\"https:\/\/www.travel3.com.br\/site\/wp-content\/uploads\/2020\/09\/WhatsApp-Image-2020-09-29-at-18.06.25-1024x768.jpeg\" alt=\"Orinter + Copa\" class=\"wp-image-36635\" srcset=\"https:\/\/www.travel3.com.br\/site\/wp-content\/uploads\/2020\/09\/WhatsApp-Image-2020-09-29-at-18.06.25-1024x768.jpeg 1024w, https:\/\/www.travel3.com.br\/site\/wp-content\/uploads\/2020\/09\/WhatsApp-Image-2020-09-29-at-18.06.25-300x225.jpeg 300w, https:\/\/www.travel3.com.br\/site\/wp-content\/uploads\/2020\/09\/WhatsApp-Image-2020-09-29-at-18.06.25-768x576.jpeg 768w, https:\/\/www.travel3.com.br\/site\/wp-content\/uploads\/2020\/09\/WhatsApp-Image-2020-09-29-at-18.06.25-750x563.jpeg 750w, https:\/\/www.travel3.com.br\/site\/wp-content\/uploads\/2020\/09\/WhatsApp-Image-2020-09-29-at-18.06.25-1140x855.jpeg 1140w, https:\/\/www.travel3.com.br\/site\/wp-content\/uploads\/2020\/09\/WhatsApp-Image-2020-09-29-at-18.06.25.jpeg 1280w\" sizes=\"auto, (max-width: 1024px) 100vw, 1024px\" \/><figcaption>Grupo da Famtour Orinter + Copa (Foto: Divulga\u00e7\u00e3o)<\/figcaption><\/figure>\n\n\n\n<h3 class=\"wp-block-heading\" style=\"text-align:center\">De 18 a 24 de setembro, convidados conferiram os novos protocolos em Canc\u00fan e na Riviera Maya<\/h3>\n\n\n\n<p>Com novas medidas de higiene e seguran\u00e7a, diversos destinos nacionais e internacionais j\u00e1 voltaram a receber turistas. Nesse contexto, a Orinter Tour &amp; Travel promoveu e organizou o 1\u00ba famtour oficial da Copa Airlines desde o in\u00edcio da pandemia, e refor\u00e7ou o protagonismo dos agentes de viagens na retomada do turismo.<\/p>\n\n\n\n<p>A a\u00e7\u00e3o conjunta reuniu, al\u00e9m de agentes, lideran\u00e7as de grupos como UNAV + Integra\u00e7\u00e3o Trade + Clube Turismo; que, juntos, representam quase 2.000 profissionais do setor. Nos destinos, os viajantes puderam vivenciar e divulgar os novos protocolos de seguran\u00e7a e higiene, que alteraram a forma de viajar desde o check-in em Guarulhos at\u00e9 a nova rotina nos hot\u00e9is e nas atra\u00e7\u00f5es de <u><a rel=\"noreferrer noopener\" aria-label=\"Cancun (opens in a new tab)\" href=\"https:\/\/www.travel3.com.br\/destaque\/mexico\/\" target=\"_blank\">Canc\u00fan<\/a><\/u> e da Riviera Maya.<\/p>\n\n\n\n<p>Com o apoio do hotel Palma\u00efa, The House of A\u00efA, da ATTravel e da rede AM Resorts, os participantes do famtour tiveram como meta divulgar as experi\u00eancias nos destinos, com detalhes sobre a nova normalidade das viagens em tempo real. Al\u00e9m disso, os agentes e representantes puderam organizar e divulgar materiais informativos sobre os novos protocolos de seguran\u00e7a. <\/p>\n\n\n\n<blockquote class=\"wp-block-quote is-layout-flow wp-block-quote-is-layout-flow\"><p>Sentimo-nos muito honrados em liderar essa a\u00e7\u00e3o junto aos nossos parceiros e fornecedores e temos a certeza que a recupera\u00e7\u00e3o do turismo n\u00e3o tem outra porta de entrada que n\u00e3o seja atrav\u00e9s do agente de viagens, ainda mais neste momento que o apoio, consultoria e respaldo n\u00e3o se compram na Internet.<\/p><p>O M\u00e9xico ser\u00e1 o primeiro e principal destino internacional a se recuperar e o governo, junto com o trade local, est\u00e3o fazendo um excelente trabalho e para n\u00f3s os resultados j\u00e1 s\u00e3o vis\u00edveis onde o Share internacional da regi\u00e3o \u00e9 de 45%.<\/p><cite>Roberto Sanches &#8211; Diretor daOrinter Tour &amp; Travel<\/cite><\/blockquote>\n\n\n\n<h2 class=\"wp-block-heading\">Voos internacionais da Copa Airlines<\/h2>\n\n\n\n<p>Desde o dia 15 de agosto, <u><a href=\"https:\/\/www.travel3.com.br\/acontece-no-turismo\/copa-airlines-retoma-voos\/\" target=\"_blank\" rel=\"noreferrer noopener\" aria-label=\"j\u00e1 \u00e9 poss\u00edvel viajar com a Copa Airlines (opens in a new tab)\">j\u00e1 \u00e9 poss\u00edvel viajar com a Copa Airlines<\/a><\/u> a partir de Guarulhos. Desde ent\u00e3o, segue em crescimento o n\u00famero de destinos atendidos a partir do hub da companhia, no Panam\u00e1.<\/p>\n\n\n\n<blockquote class=\"wp-block-quote is-layout-flow wp-block-quote-is-layout-flow\"><p>A <u><a href=\"https:\/\/www.copaair.com\/pt\/web\/br\" target=\"_blank\" rel=\"noreferrer noopener\" aria-label=\"Copa Airlines (opens in a new tab)\">Copa Airlines<\/a><\/u>, que j\u00e1 est\u00e1 em opera\u00e7\u00e3o a partir de Guarulhos desde o dia 15 de agosto, j\u00e1 tem sua programa\u00e7\u00e3o prevista para retornar nas demais origens do Brasil, mantendo sua pol\u00edtica de remarca\u00e7\u00f5es super flex\u00edvel para incentivar ainda mais que o cliente compre sua viagem com tranquilidade e seguran\u00e7a.<\/p><cite>Jacqueline Ledo &#8211; Gerente de Vendas da Copa Airlines<\/cite><\/blockquote>\n\n\n\n<h3 class=\"wp-block-heading\" style=\"text-align:center\">Saiba mais = <a rel=\"noreferrer noopener\" aria-label=\"www.orinter.com.br (opens in a new tab)\" href=\"https:\/\/www.orinter.com.br\/\" target=\"_blank\">www.orinter.com.br<\/a><\/h3>\n","protected":false},"excerpt":{"rendered":"<p>De 18 a 24 de setembro, convidados conferiram os novos protocolos em Canc\u00fan e na Riviera Maya Com novas medidas de higiene e seguran\u00e7a, diversos destinos nacionais e internacionais j\u00e1 voltaram a receber turistas. Nesse contexto, a Orinter Tour &amp; Travel promoveu e organizou o 1\u00ba famtour oficial da Copa Airlines desde o in\u00edcio da [&hellip;]<\/p>\n","protected":false},"author":5,"featured_media":36635,"comment_status":"open","ping_status":"open","sticky":false,"template":"","format":"standard","meta":{"footnotes":""},"categories":[969,226,4],"tags":[232,266,262,337,236],"class_list":["post-36632","post","type-post","status-publish","format-standard","has-post-thumbnail","hentry","category-acontece-no-turismo","category-destaque","category-operadoras","tag-cancun","tag-copa-airlines","tag-orinter","tag-orinter-tour-travel","tag-riviera-maya"],"yoast_head":"<!-- This site is optimized with the Yoast SEO plugin v26.2 - https:\/\/yoast.com\/wordpress\/plugins\/seo\/ -->\n<title>Orinter + Copa promoveram 1\u00ba famtour oficial da retomada - Travel3<\/title>\n<meta name=\"description\" content=\"Orinter + Copa promoveram 1\u00ba famtour oficial da retomada; de 18 a 24 de setembro, convidados conferiram os novos protocolos em Canc\u00fan e na Riviera Maya\" \/>\n<meta name=\"robots\" content=\"index, follow, max-snippet:-1, max-image-preview:large, max-video-preview:-1\" \/>\n<link rel=\"canonical\" href=\"https:\/\/www.travel3.com.br\/site\/destaque\/orinter-copa-promoveram-1o-famtour-oficial-da-retomada\/\" \/>\n<meta property=\"og:locale\" content=\"pt_BR\" \/>\n<meta property=\"og:type\" content=\"article\" \/>\n<meta property=\"og:title\" content=\"Orinter + Copa promoveram 1\u00ba famtour oficial da retomada - Travel3\" \/>\n<meta property=\"og:description\" content=\"Orinter + Copa promoveram 1\u00ba famtour oficial da retomada; de 18 a 24 de setembro, convidados conferiram os novos protocolos em Canc\u00fan e na Riviera Maya\" \/>\n<meta property=\"og:url\" content=\"https:\/\/www.travel3.com.br\/site\/destaque\/orinter-copa-promoveram-1o-famtour-oficial-da-retomada\/\" \/>\n<meta property=\"og:site_name\" content=\"Travel3\" \/>\n<meta property=\"article:publisher\" content=\"https:\/\/www.facebook.com\/travel3media\/\" \/>\n<meta property=\"article:published_time\" content=\"2020-09-29T21:10:42+00:00\" \/>\n<meta property=\"article:modified_time\" content=\"2020-09-29T21:10:46+00:00\" \/>\n<meta property=\"og:image\" content=\"https:\/\/www.travel3.com.br\/site\/wp-content\/uploads\/2020\/09\/WhatsApp-Image-2020-09-29-at-18.06.25.jpeg\" \/>\n\t<meta property=\"og:image:width\" content=\"1280\" \/>\n\t<meta property=\"og:image:height\" content=\"960\" \/>\n\t<meta property=\"og:image:type\" content=\"image\/jpeg\" \/>\n<meta name=\"author\" content=\"Reda\u00e7\u00e3o Travel3\" \/>\n<meta name=\"twitter:card\" content=\"summary_large_image\" \/>\n<meta name=\"twitter:label1\" content=\"Escrito por\" \/>\n\t<meta name=\"twitter:data1\" content=\"Reda\u00e7\u00e3o Travel3\" \/>\n\t<meta name=\"twitter:label2\" content=\"Est. tempo de leitura\" \/>\n\t<meta name=\"twitter:data2\" content=\"2 minutos\" \/>\n<script type=\"application\/ld+json\" class=\"yoast-schema-graph\">{\"@context\":\"https:\/\/schema.org\",\"@graph\":[{\"@type\":\"Article\",\"@id\":\"https:\/\/www.travel3.com.br\/site\/destaque\/orinter-copa-promoveram-1o-famtour-oficial-da-retomada\/#article\",\"isPartOf\":{\"@id\":\"https:\/\/www.travel3.com.br\/site\/destaque\/orinter-copa-promoveram-1o-famtour-oficial-da-retomada\/\"},\"author\":{\"name\":\"Reda\u00e7\u00e3o Travel3\",\"@id\":\"https:\/\/www.travel3.com.br\/site\/#\/schema\/person\/89251b0320bc67697de92249f97f3fdb\"},\"headline\":\"Orinter + Copa promoveram 1\u00ba famtour oficial da retomada\",\"datePublished\":\"2020-09-29T21:10:42+00:00\",\"dateModified\":\"2020-09-29T21:10:46+00:00\",\"mainEntityOfPage\":{\"@id\":\"https:\/\/www.travel3.com.br\/site\/destaque\/orinter-copa-promoveram-1o-famtour-oficial-da-retomada\/\"},\"wordCount\":443,\"commentCount\":0,\"publisher\":{\"@id\":\"https:\/\/www.travel3.com.br\/site\/#organization\"},\"image\":{\"@id\":\"https:\/\/www.travel3.com.br\/site\/destaque\/orinter-copa-promoveram-1o-famtour-oficial-da-retomada\/#primaryimage\"},\"thumbnailUrl\":\"https:\/\/www.travel3.com.br\/site\/wp-content\/uploads\/2020\/09\/WhatsApp-Image-2020-09-29-at-18.06.25.jpeg\",\"keywords\":[\"cancun\",\"Copa Airlines\",\"Orinter\",\"Orinter Tour &amp; Travel\",\"Riviera Maya\"],\"articleSection\":[\"Acontece no Turismo\",\"Destaque\",\"Operadoras\"],\"inLanguage\":\"pt-BR\",\"potentialAction\":[{\"@type\":\"CommentAction\",\"name\":\"Comment\",\"target\":[\"https:\/\/www.travel3.com.br\/site\/destaque\/orinter-copa-promoveram-1o-famtour-oficial-da-retomada\/#respond\"]}]},{\"@type\":\"WebPage\",\"@id\":\"https:\/\/www.travel3.com.br\/site\/destaque\/orinter-copa-promoveram-1o-famtour-oficial-da-retomada\/\",\"url\":\"https:\/\/www.travel3.com.br\/site\/destaque\/orinter-copa-promoveram-1o-famtour-oficial-da-retomada\/\",\"name\":\"Orinter + Copa promoveram 1\u00ba famtour oficial da retomada - Travel3\",\"isPartOf\":{\"@id\":\"https:\/\/www.travel3.com.br\/site\/#website\"},\"primaryImageOfPage\":{\"@id\":\"https:\/\/www.travel3.com.br\/site\/destaque\/orinter-copa-promoveram-1o-famtour-oficial-da-retomada\/#primaryimage\"},\"image\":{\"@id\":\"https:\/\/www.travel3.com.br\/site\/destaque\/orinter-copa-promoveram-1o-famtour-oficial-da-retomada\/#primaryimage\"},\"thumbnailUrl\":\"https:\/\/www.travel3.com.br\/site\/wp-content\/uploads\/2020\/09\/WhatsApp-Image-2020-09-29-at-18.06.25.jpeg\",\"datePublished\":\"2020-09-29T21:10:42+00:00\",\"dateModified\":\"2020-09-29T21:10:46+00:00\",\"description\":\"Orinter + Copa promoveram 1\u00ba famtour oficial da retomada; de 18 a 24 de setembro, convidados conferiram os novos protocolos em Canc\u00fan e na Riviera Maya\",\"breadcrumb\":{\"@id\":\"https:\/\/www.travel3.com.br\/site\/destaque\/orinter-copa-promoveram-1o-famtour-oficial-da-retomada\/#breadcrumb\"},\"inLanguage\":\"pt-BR\",\"potentialAction\":[{\"@type\":\"ReadAction\",\"target\":[\"https:\/\/www.travel3.com.br\/site\/destaque\/orinter-copa-promoveram-1o-famtour-oficial-da-retomada\/\"]}]},{\"@type\":\"ImageObject\",\"inLanguage\":\"pt-BR\",\"@id\":\"https:\/\/www.travel3.com.br\/site\/destaque\/orinter-copa-promoveram-1o-famtour-oficial-da-retomada\/#primaryimage\",\"url\":\"https:\/\/www.travel3.com.br\/site\/wp-content\/uploads\/2020\/09\/WhatsApp-Image-2020-09-29-at-18.06.25.jpeg\",\"contentUrl\":\"https:\/\/www.travel3.com.br\/site\/wp-content\/uploads\/2020\/09\/WhatsApp-Image-2020-09-29-at-18.06.25.jpeg\",\"width\":1280,\"height\":960,\"caption\":\"Grupo da Famtour Orinter + Copa (Foto: Divulga\u00e7\u00e3o)\"},{\"@type\":\"BreadcrumbList\",\"@id\":\"https:\/\/www.travel3.com.br\/site\/destaque\/orinter-copa-promoveram-1o-famtour-oficial-da-retomada\/#breadcrumb\",\"itemListElement\":[{\"@type\":\"ListItem\",\"position\":1,\"name\":\"In\u00edcio\",\"item\":\"https:\/\/www.travel3.com.br\/site\/\"},{\"@type\":\"ListItem\",\"position\":2,\"name\":\"Orinter + Copa promoveram 1\u00ba famtour oficial da retomada\"}]},{\"@type\":\"WebSite\",\"@id\":\"https:\/\/www.travel3.com.br\/site\/#website\",\"url\":\"https:\/\/www.travel3.com.br\/site\/\",\"name\":\"Travel3\",\"description\":\"Lazer + Neg&oacute;cios + Aventura\",\"publisher\":{\"@id\":\"https:\/\/www.travel3.com.br\/site\/#organization\"},\"potentialAction\":[{\"@type\":\"SearchAction\",\"target\":{\"@type\":\"EntryPoint\",\"urlTemplate\":\"https:\/\/www.travel3.com.br\/site\/?s={search_term_string}\"},\"query-input\":{\"@type\":\"PropertyValueSpecification\",\"valueRequired\":true,\"valueName\":\"search_term_string\"}}],\"inLanguage\":\"pt-BR\"},{\"@type\":\"Organization\",\"@id\":\"https:\/\/www.travel3.com.br\/site\/#organization\",\"name\":\"Travel3\",\"url\":\"https:\/\/www.travel3.com.br\/site\/\",\"logo\":{\"@type\":\"ImageObject\",\"inLanguage\":\"pt-BR\",\"@id\":\"https:\/\/www.travel3.com.br\/site\/#\/schema\/logo\/image\/\",\"url\":\"https:\/\/www.travel3.com.br\/site\/wp-content\/uploads\/2020\/01\/logo-travel3-2020.png\",\"contentUrl\":\"https:\/\/www.travel3.com.br\/site\/wp-content\/uploads\/2020\/01\/logo-travel3-2020.png\",\"width\":232,\"height\":79,\"caption\":\"Travel3\"},\"image\":{\"@id\":\"https:\/\/www.travel3.com.br\/site\/#\/schema\/logo\/image\/\"},\"sameAs\":[\"https:\/\/www.facebook.com\/travel3media\/\",\"https:\/\/www.instagram.com\/revistatravel3\/\",\"https:\/\/www.youtube.com\/channel\/UCno7J4paGBR3VbZQzvoJ9Eg\"]},{\"@type\":\"Person\",\"@id\":\"https:\/\/www.travel3.com.br\/site\/#\/schema\/person\/89251b0320bc67697de92249f97f3fdb\",\"name\":\"Reda\u00e7\u00e3o Travel3\",\"image\":{\"@type\":\"ImageObject\",\"inLanguage\":\"pt-BR\",\"@id\":\"https:\/\/www.travel3.com.br\/site\/#\/schema\/person\/image\/\",\"url\":\"https:\/\/secure.gravatar.com\/avatar\/85a5ec2ad99b1932f671ebf50c117db6?s=96&d=mm&r=g\",\"contentUrl\":\"https:\/\/secure.gravatar.com\/avatar\/85a5ec2ad99b1932f671ebf50c117db6?s=96&d=mm&r=g\",\"caption\":\"Reda\u00e7\u00e3o Travel3\"},\"sameAs\":[\"http:\/\/www.travel3.com.br\/\"],\"url\":\"https:\/\/www.travel3.com.br\/site\/author\/redacao\/\"}]}<\/script>\n<!-- \/ Yoast SEO plugin. -->","yoast_head_json":{"title":"Orinter + Copa promoveram 1\u00ba famtour oficial da retomada - Travel3","description":"Orinter + Copa promoveram 1\u00ba famtour oficial da retomada; de 18 a 24 de setembro, convidados conferiram os novos protocolos em Canc\u00fan e na Riviera Maya","robots":{"index":"index","follow":"follow","max-snippet":"max-snippet:-1","max-image-preview":"max-image-preview:large","max-video-preview":"max-video-preview:-1"},"canonical":"https:\/\/www.travel3.com.br\/site\/destaque\/orinter-copa-promoveram-1o-famtour-oficial-da-retomada\/","og_locale":"pt_BR","og_type":"article","og_title":"Orinter + Copa promoveram 1\u00ba famtour oficial da retomada - Travel3","og_description":"Orinter + Copa promoveram 1\u00ba famtour oficial da retomada; de 18 a 24 de setembro, convidados conferiram os novos protocolos em Canc\u00fan e na Riviera Maya","og_url":"https:\/\/www.travel3.com.br\/site\/destaque\/orinter-copa-promoveram-1o-famtour-oficial-da-retomada\/","og_site_name":"Travel3","article_publisher":"https:\/\/www.facebook.com\/travel3media\/","article_published_time":"2020-09-29T21:10:42+00:00","article_modified_time":"2020-09-29T21:10:46+00:00","og_image":[{"width":1280,"height":960,"url":"https:\/\/www.travel3.com.br\/site\/wp-content\/uploads\/2020\/09\/WhatsApp-Image-2020-09-29-at-18.06.25.jpeg","type":"image\/jpeg"}],"author":"Reda\u00e7\u00e3o Travel3","twitter_card":"summary_large_image","twitter_misc":{"Escrito por":"Reda\u00e7\u00e3o Travel3","Est. tempo de leitura":"2 minutos"},"schema":{"@context":"https:\/\/schema.org","@graph":[{"@type":"Article","@id":"https:\/\/www.travel3.com.br\/site\/destaque\/orinter-copa-promoveram-1o-famtour-oficial-da-retomada\/#article","isPartOf":{"@id":"https:\/\/www.travel3.com.br\/site\/destaque\/orinter-copa-promoveram-1o-famtour-oficial-da-retomada\/"},"author":{"name":"Reda\u00e7\u00e3o Travel3","@id":"https:\/\/www.travel3.com.br\/site\/#\/schema\/person\/89251b0320bc67697de92249f97f3fdb"},"headline":"Orinter + Copa promoveram 1\u00ba famtour oficial da retomada","datePublished":"2020-09-29T21:10:42+00:00","dateModified":"2020-09-29T21:10:46+00:00","mainEntityOfPage":{"@id":"https:\/\/www.travel3.com.br\/site\/destaque\/orinter-copa-promoveram-1o-famtour-oficial-da-retomada\/"},"wordCount":443,"commentCount":0,"publisher":{"@id":"https:\/\/www.travel3.com.br\/site\/#organization"},"image":{"@id":"https:\/\/www.travel3.com.br\/site\/destaque\/orinter-copa-promoveram-1o-famtour-oficial-da-retomada\/#primaryimage"},"thumbnailUrl":"https:\/\/www.travel3.com.br\/site\/wp-content\/uploads\/2020\/09\/WhatsApp-Image-2020-09-29-at-18.06.25.jpeg","keywords":["cancun","Copa Airlines","Orinter","Orinter Tour &amp; Travel","Riviera Maya"],"articleSection":["Acontece no Turismo","Destaque","Operadoras"],"inLanguage":"pt-BR","potentialAction":[{"@type":"CommentAction","name":"Comment","target":["https:\/\/www.travel3.com.br\/site\/destaque\/orinter-copa-promoveram-1o-famtour-oficial-da-retomada\/#respond"]}]},{"@type":"WebPage","@id":"https:\/\/www.travel3.com.br\/site\/destaque\/orinter-copa-promoveram-1o-famtour-oficial-da-retomada\/","url":"https:\/\/www.travel3.com.br\/site\/destaque\/orinter-copa-promoveram-1o-famtour-oficial-da-retomada\/","name":"Orinter + Copa promoveram 1\u00ba famtour oficial da retomada - Travel3","isPartOf":{"@id":"https:\/\/www.travel3.com.br\/site\/#website"},"primaryImageOfPage":{"@id":"https:\/\/www.travel3.com.br\/site\/destaque\/orinter-copa-promoveram-1o-famtour-oficial-da-retomada\/#primaryimage"},"image":{"@id":"https:\/\/www.travel3.com.br\/site\/destaque\/orinter-copa-promoveram-1o-famtour-oficial-da-retomada\/#primaryimage"},"thumbnailUrl":"https:\/\/www.travel3.com.br\/site\/wp-content\/uploads\/2020\/09\/WhatsApp-Image-2020-09-29-at-18.06.25.jpeg","datePublished":"2020-09-29T21:10:42+00:00","dateModified":"2020-09-29T21:10:46+00:00","description":"Orinter + Copa promoveram 1\u00ba famtour oficial da retomada; de 18 a 24 de setembro, convidados conferiram os novos protocolos em Canc\u00fan e na Riviera Maya","breadcrumb":{"@id":"https:\/\/www.travel3.com.br\/site\/destaque\/orinter-copa-promoveram-1o-famtour-oficial-da-retomada\/#breadcrumb"},"inLanguage":"pt-BR","potentialAction":[{"@type":"ReadAction","target":["https:\/\/www.travel3.com.br\/site\/destaque\/orinter-copa-promoveram-1o-famtour-oficial-da-retomada\/"]}]},{"@type":"ImageObject","inLanguage":"pt-BR","@id":"https:\/\/www.travel3.com.br\/site\/destaque\/orinter-copa-promoveram-1o-famtour-oficial-da-retomada\/#primaryimage","url":"https:\/\/www.travel3.com.br\/site\/wp-content\/uploads\/2020\/09\/WhatsApp-Image-2020-09-29-at-18.06.25.jpeg","contentUrl":"https:\/\/www.travel3.com.br\/site\/wp-content\/uploads\/2020\/09\/WhatsApp-Image-2020-09-29-at-18.06.25.jpeg","width":1280,"height":960,"caption":"Grupo da Famtour Orinter + Copa (Foto: Divulga\u00e7\u00e3o)"},{"@type":"BreadcrumbList","@id":"https:\/\/www.travel3.com.br\/site\/destaque\/orinter-copa-promoveram-1o-famtour-oficial-da-retomada\/#breadcrumb","itemListElement":[{"@type":"ListItem","position":1,"name":"In\u00edcio","item":"https:\/\/www.travel3.com.br\/site\/"},{"@type":"ListItem","position":2,"name":"Orinter + Copa promoveram 1\u00ba famtour oficial da retomada"}]},{"@type":"WebSite","@id":"https:\/\/www.travel3.com.br\/site\/#website","url":"https:\/\/www.travel3.com.br\/site\/","name":"Travel3","description":"Lazer + Neg&oacute;cios + Aventura","publisher":{"@id":"https:\/\/www.travel3.com.br\/site\/#organization"},"potentialAction":[{"@type":"SearchAction","target":{"@type":"EntryPoint","urlTemplate":"https:\/\/www.travel3.com.br\/site\/?s={search_term_string}"},"query-input":{"@type":"PropertyValueSpecification","valueRequired":true,"valueName":"search_term_string"}}],"inLanguage":"pt-BR"},{"@type":"Organization","@id":"https:\/\/www.travel3.com.br\/site\/#organization","name":"Travel3","url":"https:\/\/www.travel3.com.br\/site\/","logo":{"@type":"ImageObject","inLanguage":"pt-BR","@id":"https:\/\/www.travel3.com.br\/site\/#\/schema\/logo\/image\/","url":"https:\/\/www.travel3.com.br\/site\/wp-content\/uploads\/2020\/01\/logo-travel3-2020.png","contentUrl":"https:\/\/www.travel3.com.br\/site\/wp-content\/uploads\/2020\/01\/logo-travel3-2020.png","width":232,"height":79,"caption":"Travel3"},"image":{"@id":"https:\/\/www.travel3.com.br\/site\/#\/schema\/logo\/image\/"},"sameAs":["https:\/\/www.facebook.com\/travel3media\/","https:\/\/www.instagram.com\/revistatravel3\/","https:\/\/www.youtube.com\/channel\/UCno7J4paGBR3VbZQzvoJ9Eg"]},{"@type":"Person","@id":"https:\/\/www.travel3.com.br\/site\/#\/schema\/person\/89251b0320bc67697de92249f97f3fdb","name":"Reda\u00e7\u00e3o Travel3","image":{"@type":"ImageObject","inLanguage":"pt-BR","@id":"https:\/\/www.travel3.com.br\/site\/#\/schema\/person\/image\/","url":"https:\/\/secure.gravatar.com\/avatar\/85a5ec2ad99b1932f671ebf50c117db6?s=96&d=mm&r=g","contentUrl":"https:\/\/secure.gravatar.com\/avatar\/85a5ec2ad99b1932f671ebf50c117db6?s=96&d=mm&r=g","caption":"Reda\u00e7\u00e3o Travel3"},"sameAs":["http:\/\/www.travel3.com.br\/"],"url":"https:\/\/www.travel3.com.br\/site\/author\/redacao\/"}]}},"_links":{"self":[{"href":"https:\/\/www.travel3.com.br\/site\/wp-json\/wp\/v2\/posts\/36632","targetHints":{"allow":["GET"]}}],"collection":[{"href":"https:\/\/www.travel3.com.br\/site\/wp-json\/wp\/v2\/posts"}],"about":[{"href":"https:\/\/www.travel3.com.br\/site\/wp-json\/wp\/v2\/types\/post"}],"author":[{"embeddable":true,"href":"https:\/\/www.travel3.com.br\/site\/wp-json\/wp\/v2\/users\/5"}],"replies":[{"embeddable":true,"href":"https:\/\/www.travel3.com.br\/site\/wp-json\/wp\/v2\/comments?post=36632"}],"version-history":[{"count":2,"href":"https:\/\/www.travel3.com.br\/site\/wp-json\/wp\/v2\/posts\/36632\/revisions"}],"predecessor-version":[{"id":36637,"href":"https:\/\/www.travel3.com.br\/site\/wp-json\/wp\/v2\/posts\/36632\/revisions\/36637"}],"wp:featuredmedia":[{"embeddable":true,"href":"https:\/\/www.travel3.com.br\/site\/wp-json\/wp\/v2\/media\/36635"}],"wp:attachment":[{"href":"https:\/\/www.travel3.com.br\/site\/wp-json\/wp\/v2\/media?parent=36632"}],"wp:term":[{"taxonomy":"category","embeddable":true,"href":"https:\/\/www.travel3.com.br\/site\/wp-json\/wp\/v2\/categories?post=36632"},{"taxonomy":"post_tag","embeddable":true,"href":"https:\/\/www.travel3.com.br\/site\/wp-json\/wp\/v2\/tags?post=36632"}],"curies":[{"name":"wp","href":"https:\/\/api.w.org\/{rel}","templated":true}]}}