{"id":36613,"date":"2020-09-30T05:00:05","date_gmt":"2020-09-30T08:00:05","guid":{"rendered":"https:\/\/www.travel3.com.br\/?p=36613"},"modified":"2020-09-27T23:51:02","modified_gmt":"2020-09-28T02:51:02","slug":"tres-coroas-flexibiliza-restricoes-ao-turismo","status":"publish","type":"post","link":"https:\/\/www.travel3.com.br\/site\/destaque\/tres-coroas-flexibiliza-restricoes-ao-turismo\/","title":{"rendered":"Tr\u00eas Coroas flexibiliza restri\u00e7\u00f5es ao turismo"},"content":{"rendered":"\n<figure class=\"wp-block-image\"><img loading=\"lazy\" decoding=\"async\" width=\"1024\" height=\"683\" src=\"https:\/\/www.travel3.com.br\/site\/wp-content\/uploads\/2020\/09\/IMG-0557-1024x683.jpg\" alt=\"Tr\u00eas Coroas\" class=\"wp-image-36619\" srcset=\"https:\/\/www.travel3.com.br\/site\/wp-content\/uploads\/2020\/09\/IMG-0557-1024x683.jpg 1024w, https:\/\/www.travel3.com.br\/site\/wp-content\/uploads\/2020\/09\/IMG-0557-300x200.jpg 300w, https:\/\/www.travel3.com.br\/site\/wp-content\/uploads\/2020\/09\/IMG-0557-768x512.jpg 768w, https:\/\/www.travel3.com.br\/site\/wp-content\/uploads\/2020\/09\/IMG-0557-750x500.jpg 750w, https:\/\/www.travel3.com.br\/site\/wp-content\/uploads\/2020\/09\/IMG-0557-1140x760.jpg 1140w, https:\/\/www.travel3.com.br\/site\/wp-content\/uploads\/2020\/09\/IMG-0557.jpg 1920w\" sizes=\"auto, (max-width: 1024px) 100vw, 1024px\" \/><figcaption>Rafting pelo Rio Parananha \u00e9 a principal atra\u00e7\u00e3o tur\u00edstica de Tr\u00eas Coroas (Foto: Divulga\u00e7\u00e3o)<\/figcaption><\/figure>\n\n\n\n<h3 class=\"wp-block-heading\" style=\"text-align:center\">No Rio Grande do Sul, cidade avan\u00e7a na retomada do ecoturismo e volta a permitir rafting<\/h3>\n\n\n\n<p>O turismo \u00e9 <u><a rel=\"noreferrer noopener\" aria-label=\"gradualmente retomado (opens in a new tab)\" href=\"https:\/\/www.travel3.com.br\/destaque\/room-office-e-novidade-do-maksoud-plaza-para-a-retomada\/\" target=\"_blank\">gradualmente retomado<\/a><\/u> em diferentes destinos brasileiros, com reabertura de atrativos e <u><a href=\"https:\/\/www.travel3.com.br\/destaque\/governo-de-minas-flexibiliza\/\" target=\"_blank\" rel=\"noreferrer noopener\" aria-label=\"flexibiliza\u00e7\u00e3o de restri\u00e7\u00f5es (opens in a new tab)\">flexibiliza\u00e7\u00e3o de restri\u00e7\u00f5es<\/a><\/u>. Nesse contexto, o munic\u00edpio de Tr\u00eas Coroas, no Rio Grande do Sul, acaba de liberar a pr\u00e1tica do rafting; que volta a ser oferecido pelos parques e empresas tur\u00edsticas locais.<\/p>\n\n\n\n<p>A flexibiliza\u00e7\u00e3o foi comemorada pelas 5 empresas e parques que integram o grupo Aventura Tr\u00eas Coroas, que esperam um aumento do n\u00famero de visitantes.<\/p>\n\n\n\n<p>Praticado no Rio Parananha, o rafting \u00e9 a principal atividade tur\u00edstica de Tr\u00eas Coroas, e volta a ser permitido ap\u00f3s a reabertura de parques ainda no in\u00edcio de setembro. A 90km de Porto Alegre e a 40km de Gramado, o destino oferece, ainda, diversos atrativos de aventura na natureza; como tirolesa + rapel + arvorismo + passeios de quadriciclo + trilhas.<\/p>\n\n\n\n<blockquote class=\"wp-block-quote is-layout-flow wp-block-quote-is-layout-flow\"><p>As pessoas est\u00e3o buscando op\u00e7\u00f5es de turismo e lazer que ofere\u00e7am o contato com a natureza ou que sejam totalmente ao ar livre, exatamente a proposta que oferecemos aqui na cidade.<\/p><cite>\u00c9drei Ascencio &#8211; Eco Aventura Turismo <\/cite><\/blockquote>\n\n\n\n<h2 class=\"wp-block-heading\">Medidas de Seguran\u00e7a<\/h2>\n\n\n\n<p>A retomada de atividades tur\u00edsticas s\u00f3 \u00e9 poss\u00edvel se acompanhada por medidas de seguran\u00e7a e protocolos de higiene. Nesse sentido, o rafting volta a ser praticado com novas regras de distanciamento e reserva antecipada obrigat\u00f3ria, que se estende a outras atividades e refei\u00e7\u00f5es.<\/p>\n\n\n\n<p>J\u00e1 o uso de m\u00e1scaras pelos turistas \u00e9 obrigat\u00f3rio at\u00e9 o embarque nos botes, que receber\u00e3o at\u00e9 4 pessoas por vez &#8211; ou no m\u00e1ximo 6 se todos forem da mesma fam\u00edlia ou grupo de conv\u00edvio. E as medidas sanit\u00e1rias incluem uso de produtos de limpeza espec\u00edficos na limpeza de ambientes e superf\u00edcies, al\u00e9m de \u00e1lcool em gel para as m\u00e3os.<\/p>\n\n\n\n<blockquote class=\"wp-block-quote is-layout-flow wp-block-quote-is-layout-flow\"><p>Queremos que nosso visitante esteja ciente de seus poss\u00edveis impactos nas pequenas comunidades locais, por isso orientamos quanto ao uso da m\u00e1scara, do distanciamento f\u00edsico, mas principalmente que n\u00e3o venham aos parques caso tenham qualquer sintoma.<\/p><cite>Enio Winkler &#8211; Central Sul Raft<\/cite><\/blockquote>\n","protected":false},"excerpt":{"rendered":"<p>No Rio Grande do Sul, cidade avan\u00e7a na retomada do ecoturismo e volta a permitir rafting O turismo \u00e9 gradualmente retomado em diferentes destinos brasileiros, com reabertura de atrativos e flexibiliza\u00e7\u00e3o de restri\u00e7\u00f5es. Nesse contexto, o munic\u00edpio de Tr\u00eas Coroas, no Rio Grande do Sul, acaba de liberar a pr\u00e1tica do rafting; que volta a [&hellip;]<\/p>\n","protected":false},"author":6,"featured_media":36619,"comment_status":"open","ping_status":"open","sticky":false,"template":"","format":"standard","meta":{"footnotes":""},"categories":[226],"tags":[186,974,4304,4117,646,4303],"class_list":["post-36613","post","type-post","status-publish","format-standard","has-post-thumbnail","hentry","category-destaque","tag-aventura","tag-ecoturismo","tag-rafting","tag-retomada-do-turismo","tag-rio-grande-do-sul","tag-tres-coroas"],"yoast_head":"<!-- This site is optimized with the Yoast SEO plugin v26.2 - https:\/\/yoast.com\/wordpress\/plugins\/seo\/ -->\n<title>Tr\u00eas Coroas flexibiliza restri\u00e7\u00f5es ao turismo - Travel3<\/title>\n<meta name=\"description\" content=\"Tr\u00eas Coroas flexibiliza restri\u00e7\u00f5es ao turismo; no Rio Grande do Sul, cidade avan\u00e7a na retomada do ecoturismo e volta a permitir rafting\" \/>\n<meta name=\"robots\" content=\"index, follow, max-snippet:-1, max-image-preview:large, max-video-preview:-1\" \/>\n<link rel=\"canonical\" href=\"https:\/\/www.travel3.com.br\/site\/destaque\/tres-coroas-flexibiliza-restricoes-ao-turismo\/\" \/>\n<meta property=\"og:locale\" content=\"pt_BR\" \/>\n<meta property=\"og:type\" content=\"article\" \/>\n<meta property=\"og:title\" content=\"Tr\u00eas Coroas flexibiliza restri\u00e7\u00f5es ao turismo - Travel3\" \/>\n<meta property=\"og:description\" content=\"Tr\u00eas Coroas flexibiliza restri\u00e7\u00f5es ao turismo; no Rio Grande do Sul, cidade avan\u00e7a na retomada do ecoturismo e volta a permitir rafting\" \/>\n<meta property=\"og:url\" content=\"https:\/\/www.travel3.com.br\/site\/destaque\/tres-coroas-flexibiliza-restricoes-ao-turismo\/\" \/>\n<meta property=\"og:site_name\" content=\"Travel3\" \/>\n<meta property=\"article:publisher\" content=\"https:\/\/www.facebook.com\/travel3media\/\" \/>\n<meta property=\"article:published_time\" content=\"2020-09-30T08:00:05+00:00\" \/>\n<meta property=\"og:image\" content=\"https:\/\/www.travel3.com.br\/site\/wp-content\/uploads\/2020\/09\/IMG-0557.jpg\" \/>\n\t<meta property=\"og:image:width\" content=\"1920\" \/>\n\t<meta property=\"og:image:height\" content=\"1280\" \/>\n\t<meta property=\"og:image:type\" content=\"image\/jpeg\" \/>\n<meta name=\"author\" content=\"Reda\u00e7\u00e3o Travel3\" \/>\n<meta name=\"twitter:card\" content=\"summary_large_image\" \/>\n<meta name=\"twitter:label1\" content=\"Escrito por\" \/>\n\t<meta name=\"twitter:data1\" content=\"Reda\u00e7\u00e3o Travel3\" \/>\n\t<meta name=\"twitter:label2\" content=\"Est. tempo de leitura\" \/>\n\t<meta name=\"twitter:data2\" content=\"2 minutos\" \/>\n<script type=\"application\/ld+json\" class=\"yoast-schema-graph\">{\"@context\":\"https:\/\/schema.org\",\"@graph\":[{\"@type\":\"Article\",\"@id\":\"https:\/\/www.travel3.com.br\/site\/destaque\/tres-coroas-flexibiliza-restricoes-ao-turismo\/#article\",\"isPartOf\":{\"@id\":\"https:\/\/www.travel3.com.br\/site\/destaque\/tres-coroas-flexibiliza-restricoes-ao-turismo\/\"},\"author\":{\"name\":\"Reda\u00e7\u00e3o Travel3\",\"@id\":\"https:\/\/www.travel3.com.br\/site\/#\/schema\/person\/9cff8daac0a2f1aa0799f827b8aa8308\"},\"headline\":\"Tr\u00eas Coroas flexibiliza restri\u00e7\u00f5es ao turismo\",\"datePublished\":\"2020-09-30T08:00:05+00:00\",\"mainEntityOfPage\":{\"@id\":\"https:\/\/www.travel3.com.br\/site\/destaque\/tres-coroas-flexibiliza-restricoes-ao-turismo\/\"},\"wordCount\":386,\"commentCount\":0,\"publisher\":{\"@id\":\"https:\/\/www.travel3.com.br\/site\/#organization\"},\"image\":{\"@id\":\"https:\/\/www.travel3.com.br\/site\/destaque\/tres-coroas-flexibiliza-restricoes-ao-turismo\/#primaryimage\"},\"thumbnailUrl\":\"https:\/\/www.travel3.com.br\/site\/wp-content\/uploads\/2020\/09\/IMG-0557.jpg\",\"keywords\":[\"Aventura\",\"ecoturismo\",\"Rafting\",\"Retomada do Turismo\",\"Rio Grande do Sul\",\"Tr\u00eas Coroas\"],\"articleSection\":[\"Destaque\"],\"inLanguage\":\"pt-BR\",\"potentialAction\":[{\"@type\":\"CommentAction\",\"name\":\"Comment\",\"target\":[\"https:\/\/www.travel3.com.br\/site\/destaque\/tres-coroas-flexibiliza-restricoes-ao-turismo\/#respond\"]}]},{\"@type\":\"WebPage\",\"@id\":\"https:\/\/www.travel3.com.br\/site\/destaque\/tres-coroas-flexibiliza-restricoes-ao-turismo\/\",\"url\":\"https:\/\/www.travel3.com.br\/site\/destaque\/tres-coroas-flexibiliza-restricoes-ao-turismo\/\",\"name\":\"Tr\u00eas Coroas flexibiliza restri\u00e7\u00f5es ao turismo - Travel3\",\"isPartOf\":{\"@id\":\"https:\/\/www.travel3.com.br\/site\/#website\"},\"primaryImageOfPage\":{\"@id\":\"https:\/\/www.travel3.com.br\/site\/destaque\/tres-coroas-flexibiliza-restricoes-ao-turismo\/#primaryimage\"},\"image\":{\"@id\":\"https:\/\/www.travel3.com.br\/site\/destaque\/tres-coroas-flexibiliza-restricoes-ao-turismo\/#primaryimage\"},\"thumbnailUrl\":\"https:\/\/www.travel3.com.br\/site\/wp-content\/uploads\/2020\/09\/IMG-0557.jpg\",\"datePublished\":\"2020-09-30T08:00:05+00:00\",\"description\":\"Tr\u00eas Coroas flexibiliza restri\u00e7\u00f5es ao turismo; no Rio Grande do Sul, cidade avan\u00e7a na retomada do ecoturismo e volta a permitir rafting\",\"breadcrumb\":{\"@id\":\"https:\/\/www.travel3.com.br\/site\/destaque\/tres-coroas-flexibiliza-restricoes-ao-turismo\/#breadcrumb\"},\"inLanguage\":\"pt-BR\",\"potentialAction\":[{\"@type\":\"ReadAction\",\"target\":[\"https:\/\/www.travel3.com.br\/site\/destaque\/tres-coroas-flexibiliza-restricoes-ao-turismo\/\"]}]},{\"@type\":\"ImageObject\",\"inLanguage\":\"pt-BR\",\"@id\":\"https:\/\/www.travel3.com.br\/site\/destaque\/tres-coroas-flexibiliza-restricoes-ao-turismo\/#primaryimage\",\"url\":\"https:\/\/www.travel3.com.br\/site\/wp-content\/uploads\/2020\/09\/IMG-0557.jpg\",\"contentUrl\":\"https:\/\/www.travel3.com.br\/site\/wp-content\/uploads\/2020\/09\/IMG-0557.jpg\",\"width\":1920,\"height\":1280,\"caption\":\"Rafting pelo Rio Parananha \u00e9 a principal atra\u00e7\u00e3o tur\u00edstica de Tr\u00eas Coroas (Foto: Divulga\u00e7\u00e3o)\"},{\"@type\":\"BreadcrumbList\",\"@id\":\"https:\/\/www.travel3.com.br\/site\/destaque\/tres-coroas-flexibiliza-restricoes-ao-turismo\/#breadcrumb\",\"itemListElement\":[{\"@type\":\"ListItem\",\"position\":1,\"name\":\"In\u00edcio\",\"item\":\"https:\/\/www.travel3.com.br\/site\/\"},{\"@type\":\"ListItem\",\"position\":2,\"name\":\"Tr\u00eas Coroas flexibiliza restri\u00e7\u00f5es ao turismo\"}]},{\"@type\":\"WebSite\",\"@id\":\"https:\/\/www.travel3.com.br\/site\/#website\",\"url\":\"https:\/\/www.travel3.com.br\/site\/\",\"name\":\"Travel3\",\"description\":\"Lazer + Neg&oacute;cios + Aventura\",\"publisher\":{\"@id\":\"https:\/\/www.travel3.com.br\/site\/#organization\"},\"potentialAction\":[{\"@type\":\"SearchAction\",\"target\":{\"@type\":\"EntryPoint\",\"urlTemplate\":\"https:\/\/www.travel3.com.br\/site\/?s={search_term_string}\"},\"query-input\":{\"@type\":\"PropertyValueSpecification\",\"valueRequired\":true,\"valueName\":\"search_term_string\"}}],\"inLanguage\":\"pt-BR\"},{\"@type\":\"Organization\",\"@id\":\"https:\/\/www.travel3.com.br\/site\/#organization\",\"name\":\"Travel3\",\"url\":\"https:\/\/www.travel3.com.br\/site\/\",\"logo\":{\"@type\":\"ImageObject\",\"inLanguage\":\"pt-BR\",\"@id\":\"https:\/\/www.travel3.com.br\/site\/#\/schema\/logo\/image\/\",\"url\":\"https:\/\/www.travel3.com.br\/site\/wp-content\/uploads\/2020\/01\/logo-travel3-2020.png\",\"contentUrl\":\"https:\/\/www.travel3.com.br\/site\/wp-content\/uploads\/2020\/01\/logo-travel3-2020.png\",\"width\":232,\"height\":79,\"caption\":\"Travel3\"},\"image\":{\"@id\":\"https:\/\/www.travel3.com.br\/site\/#\/schema\/logo\/image\/\"},\"sameAs\":[\"https:\/\/www.facebook.com\/travel3media\/\",\"https:\/\/www.instagram.com\/revistatravel3\/\",\"https:\/\/www.youtube.com\/channel\/UCno7J4paGBR3VbZQzvoJ9Eg\"]},{\"@type\":\"Person\",\"@id\":\"https:\/\/www.travel3.com.br\/site\/#\/schema\/person\/9cff8daac0a2f1aa0799f827b8aa8308\",\"name\":\"Reda\u00e7\u00e3o Travel3\",\"image\":{\"@type\":\"ImageObject\",\"inLanguage\":\"pt-BR\",\"@id\":\"https:\/\/www.travel3.com.br\/site\/#\/schema\/person\/image\/\",\"url\":\"https:\/\/secure.gravatar.com\/avatar\/6e6125525e1f04b7b8c607d71556e490?s=96&d=mm&r=g\",\"contentUrl\":\"https:\/\/secure.gravatar.com\/avatar\/6e6125525e1f04b7b8c607d71556e490?s=96&d=mm&r=g\",\"caption\":\"Reda\u00e7\u00e3o Travel3\"},\"sameAs\":[\"http:\/\/www.travel3.com.br\"],\"url\":\"https:\/\/www.travel3.com.br\/site\/author\/redacao2\/\"}]}<\/script>\n<!-- \/ Yoast SEO plugin. -->","yoast_head_json":{"title":"Tr\u00eas Coroas flexibiliza restri\u00e7\u00f5es ao turismo - Travel3","description":"Tr\u00eas Coroas flexibiliza restri\u00e7\u00f5es ao turismo; no Rio Grande do Sul, cidade avan\u00e7a na retomada do ecoturismo e volta a permitir rafting","robots":{"index":"index","follow":"follow","max-snippet":"max-snippet:-1","max-image-preview":"max-image-preview:large","max-video-preview":"max-video-preview:-1"},"canonical":"https:\/\/www.travel3.com.br\/site\/destaque\/tres-coroas-flexibiliza-restricoes-ao-turismo\/","og_locale":"pt_BR","og_type":"article","og_title":"Tr\u00eas Coroas flexibiliza restri\u00e7\u00f5es ao turismo - Travel3","og_description":"Tr\u00eas Coroas flexibiliza restri\u00e7\u00f5es ao turismo; no Rio Grande do Sul, cidade avan\u00e7a na retomada do ecoturismo e volta a permitir rafting","og_url":"https:\/\/www.travel3.com.br\/site\/destaque\/tres-coroas-flexibiliza-restricoes-ao-turismo\/","og_site_name":"Travel3","article_publisher":"https:\/\/www.facebook.com\/travel3media\/","article_published_time":"2020-09-30T08:00:05+00:00","og_image":[{"width":1920,"height":1280,"url":"https:\/\/www.travel3.com.br\/site\/wp-content\/uploads\/2020\/09\/IMG-0557.jpg","type":"image\/jpeg"}],"author":"Reda\u00e7\u00e3o Travel3","twitter_card":"summary_large_image","twitter_misc":{"Escrito por":"Reda\u00e7\u00e3o Travel3","Est. tempo de leitura":"2 minutos"},"schema":{"@context":"https:\/\/schema.org","@graph":[{"@type":"Article","@id":"https:\/\/www.travel3.com.br\/site\/destaque\/tres-coroas-flexibiliza-restricoes-ao-turismo\/#article","isPartOf":{"@id":"https:\/\/www.travel3.com.br\/site\/destaque\/tres-coroas-flexibiliza-restricoes-ao-turismo\/"},"author":{"name":"Reda\u00e7\u00e3o Travel3","@id":"https:\/\/www.travel3.com.br\/site\/#\/schema\/person\/9cff8daac0a2f1aa0799f827b8aa8308"},"headline":"Tr\u00eas Coroas flexibiliza restri\u00e7\u00f5es ao turismo","datePublished":"2020-09-30T08:00:05+00:00","mainEntityOfPage":{"@id":"https:\/\/www.travel3.com.br\/site\/destaque\/tres-coroas-flexibiliza-restricoes-ao-turismo\/"},"wordCount":386,"commentCount":0,"publisher":{"@id":"https:\/\/www.travel3.com.br\/site\/#organization"},"image":{"@id":"https:\/\/www.travel3.com.br\/site\/destaque\/tres-coroas-flexibiliza-restricoes-ao-turismo\/#primaryimage"},"thumbnailUrl":"https:\/\/www.travel3.com.br\/site\/wp-content\/uploads\/2020\/09\/IMG-0557.jpg","keywords":["Aventura","ecoturismo","Rafting","Retomada do Turismo","Rio Grande do Sul","Tr\u00eas Coroas"],"articleSection":["Destaque"],"inLanguage":"pt-BR","potentialAction":[{"@type":"CommentAction","name":"Comment","target":["https:\/\/www.travel3.com.br\/site\/destaque\/tres-coroas-flexibiliza-restricoes-ao-turismo\/#respond"]}]},{"@type":"WebPage","@id":"https:\/\/www.travel3.com.br\/site\/destaque\/tres-coroas-flexibiliza-restricoes-ao-turismo\/","url":"https:\/\/www.travel3.com.br\/site\/destaque\/tres-coroas-flexibiliza-restricoes-ao-turismo\/","name":"Tr\u00eas Coroas flexibiliza restri\u00e7\u00f5es ao turismo - Travel3","isPartOf":{"@id":"https:\/\/www.travel3.com.br\/site\/#website"},"primaryImageOfPage":{"@id":"https:\/\/www.travel3.com.br\/site\/destaque\/tres-coroas-flexibiliza-restricoes-ao-turismo\/#primaryimage"},"image":{"@id":"https:\/\/www.travel3.com.br\/site\/destaque\/tres-coroas-flexibiliza-restricoes-ao-turismo\/#primaryimage"},"thumbnailUrl":"https:\/\/www.travel3.com.br\/site\/wp-content\/uploads\/2020\/09\/IMG-0557.jpg","datePublished":"2020-09-30T08:00:05+00:00","description":"Tr\u00eas Coroas flexibiliza restri\u00e7\u00f5es ao turismo; no Rio Grande do Sul, cidade avan\u00e7a na retomada do ecoturismo e volta a permitir rafting","breadcrumb":{"@id":"https:\/\/www.travel3.com.br\/site\/destaque\/tres-coroas-flexibiliza-restricoes-ao-turismo\/#breadcrumb"},"inLanguage":"pt-BR","potentialAction":[{"@type":"ReadAction","target":["https:\/\/www.travel3.com.br\/site\/destaque\/tres-coroas-flexibiliza-restricoes-ao-turismo\/"]}]},{"@type":"ImageObject","inLanguage":"pt-BR","@id":"https:\/\/www.travel3.com.br\/site\/destaque\/tres-coroas-flexibiliza-restricoes-ao-turismo\/#primaryimage","url":"https:\/\/www.travel3.com.br\/site\/wp-content\/uploads\/2020\/09\/IMG-0557.jpg","contentUrl":"https:\/\/www.travel3.com.br\/site\/wp-content\/uploads\/2020\/09\/IMG-0557.jpg","width":1920,"height":1280,"caption":"Rafting pelo Rio Parananha \u00e9 a principal atra\u00e7\u00e3o tur\u00edstica de Tr\u00eas Coroas (Foto: Divulga\u00e7\u00e3o)"},{"@type":"BreadcrumbList","@id":"https:\/\/www.travel3.com.br\/site\/destaque\/tres-coroas-flexibiliza-restricoes-ao-turismo\/#breadcrumb","itemListElement":[{"@type":"ListItem","position":1,"name":"In\u00edcio","item":"https:\/\/www.travel3.com.br\/site\/"},{"@type":"ListItem","position":2,"name":"Tr\u00eas Coroas flexibiliza restri\u00e7\u00f5es ao turismo"}]},{"@type":"WebSite","@id":"https:\/\/www.travel3.com.br\/site\/#website","url":"https:\/\/www.travel3.com.br\/site\/","name":"Travel3","description":"Lazer + Neg&oacute;cios + Aventura","publisher":{"@id":"https:\/\/www.travel3.com.br\/site\/#organization"},"potentialAction":[{"@type":"SearchAction","target":{"@type":"EntryPoint","urlTemplate":"https:\/\/www.travel3.com.br\/site\/?s={search_term_string}"},"query-input":{"@type":"PropertyValueSpecification","valueRequired":true,"valueName":"search_term_string"}}],"inLanguage":"pt-BR"},{"@type":"Organization","@id":"https:\/\/www.travel3.com.br\/site\/#organization","name":"Travel3","url":"https:\/\/www.travel3.com.br\/site\/","logo":{"@type":"ImageObject","inLanguage":"pt-BR","@id":"https:\/\/www.travel3.com.br\/site\/#\/schema\/logo\/image\/","url":"https:\/\/www.travel3.com.br\/site\/wp-content\/uploads\/2020\/01\/logo-travel3-2020.png","contentUrl":"https:\/\/www.travel3.com.br\/site\/wp-content\/uploads\/2020\/01\/logo-travel3-2020.png","width":232,"height":79,"caption":"Travel3"},"image":{"@id":"https:\/\/www.travel3.com.br\/site\/#\/schema\/logo\/image\/"},"sameAs":["https:\/\/www.facebook.com\/travel3media\/","https:\/\/www.instagram.com\/revistatravel3\/","https:\/\/www.youtube.com\/channel\/UCno7J4paGBR3VbZQzvoJ9Eg"]},{"@type":"Person","@id":"https:\/\/www.travel3.com.br\/site\/#\/schema\/person\/9cff8daac0a2f1aa0799f827b8aa8308","name":"Reda\u00e7\u00e3o Travel3","image":{"@type":"ImageObject","inLanguage":"pt-BR","@id":"https:\/\/www.travel3.com.br\/site\/#\/schema\/person\/image\/","url":"https:\/\/secure.gravatar.com\/avatar\/6e6125525e1f04b7b8c607d71556e490?s=96&d=mm&r=g","contentUrl":"https:\/\/secure.gravatar.com\/avatar\/6e6125525e1f04b7b8c607d71556e490?s=96&d=mm&r=g","caption":"Reda\u00e7\u00e3o Travel3"},"sameAs":["http:\/\/www.travel3.com.br"],"url":"https:\/\/www.travel3.com.br\/site\/author\/redacao2\/"}]}},"_links":{"self":[{"href":"https:\/\/www.travel3.com.br\/site\/wp-json\/wp\/v2\/posts\/36613","targetHints":{"allow":["GET"]}}],"collection":[{"href":"https:\/\/www.travel3.com.br\/site\/wp-json\/wp\/v2\/posts"}],"about":[{"href":"https:\/\/www.travel3.com.br\/site\/wp-json\/wp\/v2\/types\/post"}],"author":[{"embeddable":true,"href":"https:\/\/www.travel3.com.br\/site\/wp-json\/wp\/v2\/users\/6"}],"replies":[{"embeddable":true,"href":"https:\/\/www.travel3.com.br\/site\/wp-json\/wp\/v2\/comments?post=36613"}],"version-history":[{"count":2,"href":"https:\/\/www.travel3.com.br\/site\/wp-json\/wp\/v2\/posts\/36613\/revisions"}],"predecessor-version":[{"id":36620,"href":"https:\/\/www.travel3.com.br\/site\/wp-json\/wp\/v2\/posts\/36613\/revisions\/36620"}],"wp:featuredmedia":[{"embeddable":true,"href":"https:\/\/www.travel3.com.br\/site\/wp-json\/wp\/v2\/media\/36619"}],"wp:attachment":[{"href":"https:\/\/www.travel3.com.br\/site\/wp-json\/wp\/v2\/media?parent=36613"}],"wp:term":[{"taxonomy":"category","embeddable":true,"href":"https:\/\/www.travel3.com.br\/site\/wp-json\/wp\/v2\/categories?post=36613"},{"taxonomy":"post_tag","embeddable":true,"href":"https:\/\/www.travel3.com.br\/site\/wp-json\/wp\/v2\/tags?post=36613"}],"curies":[{"name":"wp","href":"https:\/\/api.w.org\/{rel}","templated":true}]}}