{"id":3595,"date":"2017-08-26T15:50:19","date_gmt":"2017-08-26T15:50:19","guid":{"rendered":"http:\/\/www.travel3.com.br\/site\/ir-e-vir\/ar\/abracorp-mostra-recuo-de-vendas-no-terceiro-trimestre\/"},"modified":"2017-08-26T15:50:19","modified_gmt":"2017-08-26T15:50:19","slug":"abracorp-mostra-recuo-de-vendas-no-terceiro-trimestre","status":"publish","type":"post","link":"https:\/\/www.travel3.com.br\/site\/sem-categoria\/abracorp-mostra-recuo-de-vendas-no-terceiro-trimestre\/","title":{"rendered":"ABRACORP MOSTRA RECUO DE VENDAS NO TERCEIRO TRIMESTRE"},"content":{"rendered":"<p><span style=\"color: #40acad; font-family: -apple-system, system-ui, 'Segoe UI', Roboto, Oxygen-Sans, Ubuntu, Cantarell, 'Helvetica Neue', sans-serif; font-size: 12px; font-weight: bold;\"><\/p>\n<p style=\"text-align:justify\">Durante reuni\u00e3o no Blue Tree Hotel Morumbi, a Abracorp mostrou os resultados de vendas referentes ao\u00a03\u00ba trimestre de 2016, mais um per\u00edodo de retra\u00e7\u00e3o nas vendas corporativas, como aconteceu nos dois primeiros\u00a0 trimestres. O per\u00edodo Julho\/Agosto\/Setembro teve queda do volume total de vendas em 11,9%, em compara\u00e7\u00e3o com igual per\u00edodo de 2015.\u00a0<\/p>\n<p style=\"text-align:justify\">Em n\u00fameros absolutos, os R$\u00a03.106.321.911\u00a0do ano passado ca\u00edram para R$\u00a02.736.456.259, neste per\u00edodo e \u00a0no acumulado dos tr\u00eas trimestres deste ano. S\u00e3o R$\u00a07.787.799.381, o que representa varia\u00e7\u00e3o negativa de 11,6%.\u00a0<\/p>\n<p style=\"text-align:justify\">Confira os principais numeros referentes a companhias a\u00e9reas (nacional e internacional), hotelaria, loca\u00e7\u00e3o, cart\u00f5es e outros.<\/p>\n<p style=\"text-align:justify\">O segmento a\u00e9reo\u00a0dom\u00e9stico apresentou uma redu\u00e7\u00e3o de 12,6% nas vendas e de 9,3% nos bilhetes emitidos e uma tarifa m\u00e9dia de R$ 620,00,<\/p>\n<p style=\"text-align:justify\">Na participa\u00e7\u00e3o do mercado, em bilhetes emitidos, a Gol liderou com 31%, seguida pela TAM (30%); Azul (25%); Avianca (12%) e \u2018demais\u2019 (2%). Em vendas, empate tr\u00edplice entre Azul, Gol e TAM (30% cada). A Avianca ficou com 9% e as \u2018demais\u2019 com 1%.<\/p>\n<p style=\"text-align:justify\">No internacional, a redu\u00e7\u00e3o foi menor, apontando varia\u00e7\u00e3o negativa de 7,9% em vendas e 6,2% em bilhetes emitidos. Nos bilhetes emitidos, a TAM cresceu 5% (de 37.178 para 39.042). Tamb\u00e9m registraram varia\u00e7\u00e3o positiva a TAP (17,4% ou de 9.963 para 11.346) e a Copa (14% ou de 10.524 para 11.995). Em queda, a American United Lufthansa\/Swiss, \u00a0Air France\/KLM e Delta \u00a0que sofreram varia\u00e7\u00f5es negativas.\u00a0\u00a0<\/p>\n<p style=\"text-align:justify\">O maior faturamento, foi da TAM R$ 134.926.772. Por\u00e9m, recuou 4,1% em rela\u00e7\u00e3o ao 3\u00ba trimestre de 2015, quando vendeu R$ 140.630.650. Outras evolu\u00e7\u00f5es foram da \u00a0TAP com resultado positivo de 52% (de R$ 37.486.298 para R$ 39.432.935). A Avianca subiu 9,2% (de R$ 29.590.830 para R$ 32.304.592) e a Copa Airlines aumentou o faturamento em 16,1% (de R$ 30.180.842 para 35.046.130).\u00a0<\/p>\n<p style=\"text-align:justify\"><strong>\u00a0HOTELARIA<\/strong><\/p>\n<p style=\"text-align:justify\">A rede BHG\/Solare destacou-se na venda de room-nights e faturamento, evoluiu de 53.260 para 76.396 di\u00e1rias vendidas, com crescimento de 43,4%. A Blue Tree Hotels cresceu de 53.322 para 61.831 di\u00e1rias vendidas (16,0%), A venda de room-nights do Meli\u00e1 oscilou de 28.312 para\u00a031.565 (11,5%), enquanto as demais companhias hoteleiras registraram resultados descendentes.<\/p>\n<p style=\"text-align:justify\">A tarifa m\u00e9dia da hotelaria nacional foi reduzida em 4%, ficando em R$ 212,00.\u00a0O recuo nas vendas de room-nights se deu de 1.167.750 para\u00a01.032.719 (-11,6%) e no montante de vendas caiu de R$ 214.829.656 para R$\u00a0179.610.271 (-16,4%). A tarifa m\u00e9dia da hotelaria nacional foi reduzida em 4%, ficando em R$ 212,00.\u00a0<\/p>\n<p style=\"text-align:justify\"><strong>DEMAIS SEGMENTOS<\/strong><\/p>\n<p style=\"text-align:justify\">Na loca\u00e7\u00e3o de ve\u00edculos nacional, destaque para o desempenho da Movida, que evoluiu de 103.419 para 127.805 di\u00e1rias (23,6%) e de R$ 7.753.948 para R$\u00a09.628.013 (24,2%) no faturamento. O valor m\u00e9dio da di\u00e1ria caiu 4,4%, ficando em R$ 94. Na loca\u00e7\u00e3o internacional, o faturamento da Hertz oscilou de R$ 5.073.878 para R$\u00a03.567.303 (-29,7%), enquanto que o da Localiza diminuiu de R$ 94.994 para R$\u00a061.902 (-34,8%).<\/p>\n<p style=\"text-align:justify\">O cart\u00e3o de cr\u00e9dito liderou os pagamentos no segmento a\u00e9reo (75%), contra 25% de venda faturada. Dos 75% referentes \u00e0 modalidade, 32% ficaram com a American Express. Visa (15%), MasterCard (14%) e outros (14%). Na hotelaria e outros servi\u00e7os, os cart\u00f5es de cr\u00e9dito aparecem com 52%, contra 48% das vendas faturadas.<\/p>\n<p style=\"text-align:justify\">No c\u00f4mputo deste relat\u00f3rio trimestral, vale destacar a performance positiva do segmento de eventos corporativos, que evoluiu de R$ 146.112.011 para R$ 151.309.604 \u2013 \u00a0com varia\u00e7\u00e3o positiva de 3,6%.<\/p>\n<p style=\"text-align:justify\">At\u00e9 para demonstrar maior otimismo, a Abracorp dever\u00e1 realizar sua conven\u00e7\u00e3o anual no exterior. Est\u00e3o sendo finalizados acordos com a TAP e a hotelaria de Lisboa para que o evento aconte\u00e7a em dezembro pr\u00f3ximo, esta ser\u00e1 a terceira vez que a entidade promove sua conven\u00e7\u00e3o fora, a primeira na Europa.<\/p>\n<p style=\"text-align:justify\"><a class=\"fancybox-media\" href=\"..\/_uploads\/_noticia\/2016-10\/imagem-release-788010--2-.jpg\" rel=\"portfolio\"><img decoding=\"async\" alt=\"\" src=\"..\/_uploads\/_noticia\/2016-10\/imagem-release-788010--2-.jpg\" \/><\/a><\/p>\n<p style=\"text-align:justify\"><strong>A dire\u00e7\u00e3o da Abracorp foi recepcionada pela dama da hotelaria, Chieko Aoki, que manifestou uma vez mais o seu apre\u00e7o aos executivos das ag\u00eancias operadoras e o bom relacionamento com a rede Blue tree Hotels<\/strong><\/p>\n<p style=\"text-align:justify\">\u00a0<\/p>\n<p>\u00a0<\/p>\n<p><\/span><\/p>\n","protected":false},"excerpt":{"rendered":"<p>Com queda de 11,9%, volume foi pouco acima dos R$ 2,7 milh\u00f5es, elevando a varia\u00e7\u00e3o negativa do ano para 11,6%<\/p>\n","protected":false},"author":1,"featured_media":0,"comment_status":"open","ping_status":"open","sticky":false,"template":"","format":"standard","meta":{"footnotes":""},"categories":[],"tags":[],"class_list":["post-3595","post","type-post","status-publish","format-standard","hentry"],"yoast_head":"<!-- This site is optimized with the Yoast SEO plugin v26.2 - https:\/\/yoast.com\/wordpress\/plugins\/seo\/ -->\n<title>ABRACORP MOSTRA RECUO DE VENDAS NO TERCEIRO TRIMESTRE - Travel3<\/title>\n<meta name=\"description\" content=\"A TRAVEL3 \u00e9 um portal de conte\u00fado voltado para o turismo, encontre destinos, viagens, hospedagem, passagens, guias, not\u00edcias sobre o mercado do turismo, dicas de viagem, v\u00eddeos e podcast.\" \/>\n<meta name=\"robots\" content=\"index, follow, max-snippet:-1, max-image-preview:large, max-video-preview:-1\" \/>\n<link rel=\"canonical\" href=\"https:\/\/www.travel3.com.br\/site\/sem-categoria\/abracorp-mostra-recuo-de-vendas-no-terceiro-trimestre\/\" \/>\n<meta property=\"og:locale\" content=\"pt_BR\" \/>\n<meta property=\"og:type\" content=\"article\" \/>\n<meta property=\"og:title\" content=\"ABRACORP MOSTRA RECUO DE VENDAS NO TERCEIRO TRIMESTRE - Travel3\" \/>\n<meta property=\"og:description\" content=\"A TRAVEL3 \u00e9 um portal de conte\u00fado voltado para o turismo, encontre destinos, viagens, hospedagem, passagens, guias, not\u00edcias sobre o mercado do turismo, dicas de viagem, v\u00eddeos e podcast.\" \/>\n<meta property=\"og:url\" content=\"https:\/\/www.travel3.com.br\/site\/sem-categoria\/abracorp-mostra-recuo-de-vendas-no-terceiro-trimestre\/\" \/>\n<meta property=\"og:site_name\" content=\"Travel3\" \/>\n<meta property=\"article:publisher\" content=\"https:\/\/www.facebook.com\/travel3media\/\" \/>\n<meta property=\"article:published_time\" content=\"2017-08-26T15:50:19+00:00\" \/>\n<meta name=\"author\" content=\"admin\" \/>\n<meta name=\"twitter:card\" content=\"summary_large_image\" \/>\n<meta name=\"twitter:label1\" content=\"Escrito por\" \/>\n\t<meta name=\"twitter:data1\" content=\"admin\" \/>\n\t<meta name=\"twitter:label2\" content=\"Est. tempo de leitura\" \/>\n\t<meta name=\"twitter:data2\" content=\"3 minutos\" \/>\n<script type=\"application\/ld+json\" class=\"yoast-schema-graph\">{\"@context\":\"https:\/\/schema.org\",\"@graph\":[{\"@type\":\"Article\",\"@id\":\"https:\/\/www.travel3.com.br\/site\/sem-categoria\/abracorp-mostra-recuo-de-vendas-no-terceiro-trimestre\/#article\",\"isPartOf\":{\"@id\":\"https:\/\/www.travel3.com.br\/site\/sem-categoria\/abracorp-mostra-recuo-de-vendas-no-terceiro-trimestre\/\"},\"author\":{\"name\":\"admin\",\"@id\":\"https:\/\/www.travel3.com.br\/site\/#\/schema\/person\/a69d71e41a024999b6ab82369ac0bd1e\"},\"headline\":\"ABRACORP MOSTRA RECUO DE VENDAS NO TERCEIRO TRIMESTRE\",\"datePublished\":\"2017-08-26T15:50:19+00:00\",\"mainEntityOfPage\":{\"@id\":\"https:\/\/www.travel3.com.br\/site\/sem-categoria\/abracorp-mostra-recuo-de-vendas-no-terceiro-trimestre\/\"},\"wordCount\":621,\"commentCount\":0,\"publisher\":{\"@id\":\"https:\/\/www.travel3.com.br\/site\/#organization\"},\"inLanguage\":\"pt-BR\",\"potentialAction\":[{\"@type\":\"CommentAction\",\"name\":\"Comment\",\"target\":[\"https:\/\/www.travel3.com.br\/site\/sem-categoria\/abracorp-mostra-recuo-de-vendas-no-terceiro-trimestre\/#respond\"]}]},{\"@type\":\"WebPage\",\"@id\":\"https:\/\/www.travel3.com.br\/site\/sem-categoria\/abracorp-mostra-recuo-de-vendas-no-terceiro-trimestre\/\",\"url\":\"https:\/\/www.travel3.com.br\/site\/sem-categoria\/abracorp-mostra-recuo-de-vendas-no-terceiro-trimestre\/\",\"name\":\"ABRACORP MOSTRA RECUO DE VENDAS NO TERCEIRO TRIMESTRE - Travel3\",\"isPartOf\":{\"@id\":\"https:\/\/www.travel3.com.br\/site\/#website\"},\"datePublished\":\"2017-08-26T15:50:19+00:00\",\"description\":\"A TRAVEL3 \u00e9 um portal de conte\u00fado voltado para o turismo, encontre destinos, viagens, hospedagem, passagens, guias, not\u00edcias sobre o mercado do turismo, dicas de viagem, v\u00eddeos e podcast.\",\"breadcrumb\":{\"@id\":\"https:\/\/www.travel3.com.br\/site\/sem-categoria\/abracorp-mostra-recuo-de-vendas-no-terceiro-trimestre\/#breadcrumb\"},\"inLanguage\":\"pt-BR\",\"potentialAction\":[{\"@type\":\"ReadAction\",\"target\":[\"https:\/\/www.travel3.com.br\/site\/sem-categoria\/abracorp-mostra-recuo-de-vendas-no-terceiro-trimestre\/\"]}]},{\"@type\":\"BreadcrumbList\",\"@id\":\"https:\/\/www.travel3.com.br\/site\/sem-categoria\/abracorp-mostra-recuo-de-vendas-no-terceiro-trimestre\/#breadcrumb\",\"itemListElement\":[{\"@type\":\"ListItem\",\"position\":1,\"name\":\"In\u00edcio\",\"item\":\"https:\/\/www.travel3.com.br\/site\/\"},{\"@type\":\"ListItem\",\"position\":2,\"name\":\"ABRACORP MOSTRA RECUO DE VENDAS NO TERCEIRO TRIMESTRE\"}]},{\"@type\":\"WebSite\",\"@id\":\"https:\/\/www.travel3.com.br\/site\/#website\",\"url\":\"https:\/\/www.travel3.com.br\/site\/\",\"name\":\"Travel3\",\"description\":\"Lazer + Neg&oacute;cios + Aventura\",\"publisher\":{\"@id\":\"https:\/\/www.travel3.com.br\/site\/#organization\"},\"potentialAction\":[{\"@type\":\"SearchAction\",\"target\":{\"@type\":\"EntryPoint\",\"urlTemplate\":\"https:\/\/www.travel3.com.br\/site\/?s={search_term_string}\"},\"query-input\":{\"@type\":\"PropertyValueSpecification\",\"valueRequired\":true,\"valueName\":\"search_term_string\"}}],\"inLanguage\":\"pt-BR\"},{\"@type\":\"Organization\",\"@id\":\"https:\/\/www.travel3.com.br\/site\/#organization\",\"name\":\"Travel3\",\"url\":\"https:\/\/www.travel3.com.br\/site\/\",\"logo\":{\"@type\":\"ImageObject\",\"inLanguage\":\"pt-BR\",\"@id\":\"https:\/\/www.travel3.com.br\/site\/#\/schema\/logo\/image\/\",\"url\":\"https:\/\/www.travel3.com.br\/site\/wp-content\/uploads\/2020\/01\/logo-travel3-2020.png\",\"contentUrl\":\"https:\/\/www.travel3.com.br\/site\/wp-content\/uploads\/2020\/01\/logo-travel3-2020.png\",\"width\":232,\"height\":79,\"caption\":\"Travel3\"},\"image\":{\"@id\":\"https:\/\/www.travel3.com.br\/site\/#\/schema\/logo\/image\/\"},\"sameAs\":[\"https:\/\/www.facebook.com\/travel3media\/\",\"https:\/\/www.instagram.com\/revistatravel3\/\",\"https:\/\/www.youtube.com\/channel\/UCno7J4paGBR3VbZQzvoJ9Eg\"]},{\"@type\":\"Person\",\"@id\":\"https:\/\/www.travel3.com.br\/site\/#\/schema\/person\/a69d71e41a024999b6ab82369ac0bd1e\",\"name\":\"admin\",\"image\":{\"@type\":\"ImageObject\",\"inLanguage\":\"pt-BR\",\"@id\":\"https:\/\/www.travel3.com.br\/site\/#\/schema\/person\/image\/\",\"url\":\"https:\/\/secure.gravatar.com\/avatar\/732a67adfd764da2a47ba10ce731c4c0?s=96&d=mm&r=g\",\"contentUrl\":\"https:\/\/secure.gravatar.com\/avatar\/732a67adfd764da2a47ba10ce731c4c0?s=96&d=mm&r=g\",\"caption\":\"admin\"},\"url\":\"https:\/\/www.travel3.com.br\/site\/author\/admin\/\"}]}<\/script>\n<!-- \/ Yoast SEO plugin. -->","yoast_head_json":{"title":"ABRACORP MOSTRA RECUO DE VENDAS NO TERCEIRO TRIMESTRE - Travel3","description":"A TRAVEL3 \u00e9 um portal de conte\u00fado voltado para o turismo, encontre destinos, viagens, hospedagem, passagens, guias, not\u00edcias sobre o mercado do turismo, dicas de viagem, v\u00eddeos e podcast.","robots":{"index":"index","follow":"follow","max-snippet":"max-snippet:-1","max-image-preview":"max-image-preview:large","max-video-preview":"max-video-preview:-1"},"canonical":"https:\/\/www.travel3.com.br\/site\/sem-categoria\/abracorp-mostra-recuo-de-vendas-no-terceiro-trimestre\/","og_locale":"pt_BR","og_type":"article","og_title":"ABRACORP MOSTRA RECUO DE VENDAS NO TERCEIRO TRIMESTRE - Travel3","og_description":"A TRAVEL3 \u00e9 um portal de conte\u00fado voltado para o turismo, encontre destinos, viagens, hospedagem, passagens, guias, not\u00edcias sobre o mercado do turismo, dicas de viagem, v\u00eddeos e podcast.","og_url":"https:\/\/www.travel3.com.br\/site\/sem-categoria\/abracorp-mostra-recuo-de-vendas-no-terceiro-trimestre\/","og_site_name":"Travel3","article_publisher":"https:\/\/www.facebook.com\/travel3media\/","article_published_time":"2017-08-26T15:50:19+00:00","author":"admin","twitter_card":"summary_large_image","twitter_misc":{"Escrito por":"admin","Est. tempo de leitura":"3 minutos"},"schema":{"@context":"https:\/\/schema.org","@graph":[{"@type":"Article","@id":"https:\/\/www.travel3.com.br\/site\/sem-categoria\/abracorp-mostra-recuo-de-vendas-no-terceiro-trimestre\/#article","isPartOf":{"@id":"https:\/\/www.travel3.com.br\/site\/sem-categoria\/abracorp-mostra-recuo-de-vendas-no-terceiro-trimestre\/"},"author":{"name":"admin","@id":"https:\/\/www.travel3.com.br\/site\/#\/schema\/person\/a69d71e41a024999b6ab82369ac0bd1e"},"headline":"ABRACORP MOSTRA RECUO DE VENDAS NO TERCEIRO TRIMESTRE","datePublished":"2017-08-26T15:50:19+00:00","mainEntityOfPage":{"@id":"https:\/\/www.travel3.com.br\/site\/sem-categoria\/abracorp-mostra-recuo-de-vendas-no-terceiro-trimestre\/"},"wordCount":621,"commentCount":0,"publisher":{"@id":"https:\/\/www.travel3.com.br\/site\/#organization"},"inLanguage":"pt-BR","potentialAction":[{"@type":"CommentAction","name":"Comment","target":["https:\/\/www.travel3.com.br\/site\/sem-categoria\/abracorp-mostra-recuo-de-vendas-no-terceiro-trimestre\/#respond"]}]},{"@type":"WebPage","@id":"https:\/\/www.travel3.com.br\/site\/sem-categoria\/abracorp-mostra-recuo-de-vendas-no-terceiro-trimestre\/","url":"https:\/\/www.travel3.com.br\/site\/sem-categoria\/abracorp-mostra-recuo-de-vendas-no-terceiro-trimestre\/","name":"ABRACORP MOSTRA RECUO DE VENDAS NO TERCEIRO TRIMESTRE - Travel3","isPartOf":{"@id":"https:\/\/www.travel3.com.br\/site\/#website"},"datePublished":"2017-08-26T15:50:19+00:00","description":"A TRAVEL3 \u00e9 um portal de conte\u00fado voltado para o turismo, encontre destinos, viagens, hospedagem, passagens, guias, not\u00edcias sobre o mercado do turismo, dicas de viagem, v\u00eddeos e podcast.","breadcrumb":{"@id":"https:\/\/www.travel3.com.br\/site\/sem-categoria\/abracorp-mostra-recuo-de-vendas-no-terceiro-trimestre\/#breadcrumb"},"inLanguage":"pt-BR","potentialAction":[{"@type":"ReadAction","target":["https:\/\/www.travel3.com.br\/site\/sem-categoria\/abracorp-mostra-recuo-de-vendas-no-terceiro-trimestre\/"]}]},{"@type":"BreadcrumbList","@id":"https:\/\/www.travel3.com.br\/site\/sem-categoria\/abracorp-mostra-recuo-de-vendas-no-terceiro-trimestre\/#breadcrumb","itemListElement":[{"@type":"ListItem","position":1,"name":"In\u00edcio","item":"https:\/\/www.travel3.com.br\/site\/"},{"@type":"ListItem","position":2,"name":"ABRACORP MOSTRA RECUO DE VENDAS NO TERCEIRO TRIMESTRE"}]},{"@type":"WebSite","@id":"https:\/\/www.travel3.com.br\/site\/#website","url":"https:\/\/www.travel3.com.br\/site\/","name":"Travel3","description":"Lazer + Neg&oacute;cios + Aventura","publisher":{"@id":"https:\/\/www.travel3.com.br\/site\/#organization"},"potentialAction":[{"@type":"SearchAction","target":{"@type":"EntryPoint","urlTemplate":"https:\/\/www.travel3.com.br\/site\/?s={search_term_string}"},"query-input":{"@type":"PropertyValueSpecification","valueRequired":true,"valueName":"search_term_string"}}],"inLanguage":"pt-BR"},{"@type":"Organization","@id":"https:\/\/www.travel3.com.br\/site\/#organization","name":"Travel3","url":"https:\/\/www.travel3.com.br\/site\/","logo":{"@type":"ImageObject","inLanguage":"pt-BR","@id":"https:\/\/www.travel3.com.br\/site\/#\/schema\/logo\/image\/","url":"https:\/\/www.travel3.com.br\/site\/wp-content\/uploads\/2020\/01\/logo-travel3-2020.png","contentUrl":"https:\/\/www.travel3.com.br\/site\/wp-content\/uploads\/2020\/01\/logo-travel3-2020.png","width":232,"height":79,"caption":"Travel3"},"image":{"@id":"https:\/\/www.travel3.com.br\/site\/#\/schema\/logo\/image\/"},"sameAs":["https:\/\/www.facebook.com\/travel3media\/","https:\/\/www.instagram.com\/revistatravel3\/","https:\/\/www.youtube.com\/channel\/UCno7J4paGBR3VbZQzvoJ9Eg"]},{"@type":"Person","@id":"https:\/\/www.travel3.com.br\/site\/#\/schema\/person\/a69d71e41a024999b6ab82369ac0bd1e","name":"admin","image":{"@type":"ImageObject","inLanguage":"pt-BR","@id":"https:\/\/www.travel3.com.br\/site\/#\/schema\/person\/image\/","url":"https:\/\/secure.gravatar.com\/avatar\/732a67adfd764da2a47ba10ce731c4c0?s=96&d=mm&r=g","contentUrl":"https:\/\/secure.gravatar.com\/avatar\/732a67adfd764da2a47ba10ce731c4c0?s=96&d=mm&r=g","caption":"admin"},"url":"https:\/\/www.travel3.com.br\/site\/author\/admin\/"}]}},"_links":{"self":[{"href":"https:\/\/www.travel3.com.br\/site\/wp-json\/wp\/v2\/posts\/3595","targetHints":{"allow":["GET"]}}],"collection":[{"href":"https:\/\/www.travel3.com.br\/site\/wp-json\/wp\/v2\/posts"}],"about":[{"href":"https:\/\/www.travel3.com.br\/site\/wp-json\/wp\/v2\/types\/post"}],"author":[{"embeddable":true,"href":"https:\/\/www.travel3.com.br\/site\/wp-json\/wp\/v2\/users\/1"}],"replies":[{"embeddable":true,"href":"https:\/\/www.travel3.com.br\/site\/wp-json\/wp\/v2\/comments?post=3595"}],"version-history":[{"count":0,"href":"https:\/\/www.travel3.com.br\/site\/wp-json\/wp\/v2\/posts\/3595\/revisions"}],"wp:attachment":[{"href":"https:\/\/www.travel3.com.br\/site\/wp-json\/wp\/v2\/media?parent=3595"}],"wp:term":[{"taxonomy":"category","embeddable":true,"href":"https:\/\/www.travel3.com.br\/site\/wp-json\/wp\/v2\/categories?post=3595"},{"taxonomy":"post_tag","embeddable":true,"href":"https:\/\/www.travel3.com.br\/site\/wp-json\/wp\/v2\/tags?post=3595"}],"curies":[{"name":"wp","href":"https:\/\/api.w.org\/{rel}","templated":true}]}}