{"id":35857,"date":"2020-09-08T05:00:47","date_gmt":"2020-09-08T08:00:47","guid":{"rendered":"https:\/\/www.travel3.com.br\/?p=35857"},"modified":"2020-09-06T12:55:05","modified_gmt":"2020-09-06T15:55:05","slug":"air-canada-retoma-voos-entre-sao-paulo-e-toronto","status":"publish","type":"post","link":"https:\/\/www.travel3.com.br\/site\/ir-e-vir\/air-canada-retoma-voos-entre-sao-paulo-e-toronto\/","title":{"rendered":"Air Canada retoma voos entre S\u00e3o Paulo e Toronto"},"content":{"rendered":"\n<figure class=\"wp-block-image\"><img loading=\"lazy\" decoding=\"async\" width=\"610\" height=\"401\" src=\"https:\/\/www.travel3.com.br\/site\/wp-content\/uploads\/2020\/09\/unnamed-21.jpg\" alt=\"Air Canada retoma\" class=\"wp-image-35858\" srcset=\"https:\/\/www.travel3.com.br\/site\/wp-content\/uploads\/2020\/09\/unnamed-21.jpg 610w, https:\/\/www.travel3.com.br\/site\/wp-content\/uploads\/2020\/09\/unnamed-21-300x197.jpg 300w\" sizes=\"auto, (max-width: 610px) 100vw, 610px\" \/><figcaption>Foto: Divulga\u00e7\u00e3o<\/figcaption><\/figure>\n\n\n\n<h3 class=\"wp-block-heading\" style=\"text-align:center\">Rota direta voltou a ser operada no dia 1\u00b0 de setembro, com 3 frequ\u00eancias semanais<\/h3>\n\n\n\n<p>De volta ao Brasil, a Air Canada retoma os voos diretos entre S\u00e3o Paulo e <a rel=\"noreferrer noopener\" aria-label=\"Toronto (opens in a new tab)\" href=\"https:\/\/www.travel3.com.br\/destinos\/tv-travel3-aterrissando-em-toronto\/\" target=\"_blank\">Toronto<\/a>. Inicialmente com 3 frequ\u00eancias semanais, a opera\u00e7\u00e3o da rota ser\u00e1 gradualmente ampliada; assim como o n\u00famero de voos da companhia canadense, que tem o Brasil como um dos principais mercados na <a href=\"https:\/\/www.travel3.com.br\/acontece-no-turismo\/eventos-e-feiras\/wtm-la-promoveu-webinar-sobre-adiamento\/\" target=\"_blank\" rel=\"noreferrer noopener\" aria-label=\"Am\u00e9rica Latina (opens in a new tab)\">Am\u00e9rica Latina<\/a>.<\/p>\n\n\n\n<p>Neste 1\u00b0 momento, a Air Canada ter\u00e1 partidas de S\u00e3o Paulo aos domingos, quartas e sextas. J\u00e1 em novembro o planejamento da empresa \u00e9 ampliar para 5 o n\u00famero de sa\u00eddas por semana; e em dezembro a canadense espera restaurar a opera\u00e7\u00e3o di\u00e1ria da rota S\u00e3o Paulo &#8211; Toronto.<\/p>\n\n\n\n<p>No trecho, a aeronave utilizada pela Air Canada \u00e9 o Boeing 787-9, com 30 assentos na <em>International Business <\/em>+ 21 na <em>Premium Economy <\/em>+ 247 na <em>Economy<\/em>. E os passageiros podem aproveitar a parceria da companhia com Gol + Latam + Azul para voos dom\u00e9sticos.<\/p>\n\n\n\n<h2 class=\"wp-block-heading\">Seguran\u00e7a a bordo<\/h2>\n\n\n\n<p>A Air Canada retoma voos no Brasil com novos protocolos de higiene com foco no Programa <em>CleanCare+<\/em>. Entre as medidas espec\u00edficas, destacam-se o uso obrigat\u00f3rio de m\u00e1scaras, a promo\u00e7\u00e3o de question\u00e1rios de sa\u00fade e a realiza\u00e7\u00e3o de checagens de temperatura antes do voo. Al\u00e9m disso, ser\u00e3o distribu\u00eddos aos passageiros kits de limpeza e higiene das m\u00e3os.<\/p>\n\n\n\n<p>Enquanto isso, a companhia promover\u00e1 medidas sanit\u00e1rias refor\u00e7adas para refor\u00e7ar o padr\u00e3o de limpeza nas cabines; como pulveriza\u00e7\u00e3o eletrost\u00e1tica al\u00e9m do uso de desinfetantes de padr\u00e3o hospitalar &#8211; j\u00e1 adotados pela companhia.<\/p>\n\n\n\n<h3 class=\"wp-block-heading\" style=\"text-align:center\">Saiba mais = <a href=\"http:\/\/www.aircanada.com.br\/beta\/\" target=\"_blank\" rel=\"noreferrer noopener\" aria-label=\"www.aircanada.com.br (opens in a new tab)\">www.aircanada.com.br<\/a><\/h3>\n","protected":false},"excerpt":{"rendered":"<p>Rota direta voltou a ser operada no dia 1\u00b0 de setembro, com 3 frequ\u00eancias semanais De volta ao Brasil, a Air Canada retoma os voos diretos entre S\u00e3o Paulo e Toronto. Inicialmente com 3 frequ\u00eancias semanais, a opera\u00e7\u00e3o da rota ser\u00e1 gradualmente ampliada; assim como o n\u00famero de voos da companhia canadense, que tem o [&hellip;]<\/p>\n","protected":false},"author":6,"featured_media":35858,"comment_status":"open","ping_status":"open","sticky":false,"template":"","format":"standard","meta":{"footnotes":""},"categories":[309,226,8],"tags":[257,1211,4117,648,443],"class_list":["post-35857","post","type-post","status-publish","format-standard","has-post-thumbnail","hentry","category-ar","category-destaque","category-ir-e-vir","tag-air-canada","tag-companhias-aereas","tag-retomada-do-turismo","tag-sao-paulo","tag-toronto"],"yoast_head":"<!-- This site is optimized with the Yoast SEO plugin v26.2 - https:\/\/yoast.com\/wordpress\/plugins\/seo\/ -->\n<title>Air Canada retoma voos entre S\u00e3o Paulo e Toronto - Travel3<\/title>\n<meta name=\"description\" content=\"Air Canada retoma voos entre S\u00e3o Paulo e Toronto; rota direta voltou a ser operada no dia 1\u00b0 de setembro, com 3 frequ\u00eancias semanais\" \/>\n<meta name=\"robots\" content=\"index, follow, max-snippet:-1, max-image-preview:large, max-video-preview:-1\" \/>\n<link rel=\"canonical\" href=\"https:\/\/www.travel3.com.br\/site\/ir-e-vir\/air-canada-retoma-voos-entre-sao-paulo-e-toronto\/\" \/>\n<meta property=\"og:locale\" content=\"pt_BR\" \/>\n<meta property=\"og:type\" content=\"article\" \/>\n<meta property=\"og:title\" content=\"Air Canada retoma voos entre S\u00e3o Paulo e Toronto - Travel3\" \/>\n<meta property=\"og:description\" content=\"Air Canada retoma voos entre S\u00e3o Paulo e Toronto; rota direta voltou a ser operada no dia 1\u00b0 de setembro, com 3 frequ\u00eancias semanais\" \/>\n<meta property=\"og:url\" content=\"https:\/\/www.travel3.com.br\/site\/ir-e-vir\/air-canada-retoma-voos-entre-sao-paulo-e-toronto\/\" \/>\n<meta property=\"og:site_name\" content=\"Travel3\" \/>\n<meta property=\"article:publisher\" content=\"https:\/\/www.facebook.com\/travel3media\/\" \/>\n<meta property=\"article:published_time\" content=\"2020-09-08T08:00:47+00:00\" \/>\n<meta property=\"og:image\" content=\"https:\/\/www.travel3.com.br\/site\/wp-content\/uploads\/2020\/09\/unnamed-21.jpg\" \/>\n\t<meta property=\"og:image:width\" content=\"610\" \/>\n\t<meta property=\"og:image:height\" content=\"401\" \/>\n\t<meta property=\"og:image:type\" content=\"image\/jpeg\" \/>\n<meta name=\"author\" content=\"Reda\u00e7\u00e3o Travel3\" \/>\n<meta name=\"twitter:card\" content=\"summary_large_image\" \/>\n<meta name=\"twitter:label1\" content=\"Escrito por\" \/>\n\t<meta name=\"twitter:data1\" content=\"Reda\u00e7\u00e3o Travel3\" \/>\n\t<meta name=\"twitter:label2\" content=\"Est. tempo de leitura\" \/>\n\t<meta name=\"twitter:data2\" content=\"1 minuto\" \/>\n<script type=\"application\/ld+json\" class=\"yoast-schema-graph\">{\"@context\":\"https:\/\/schema.org\",\"@graph\":[{\"@type\":\"Article\",\"@id\":\"https:\/\/www.travel3.com.br\/site\/ir-e-vir\/air-canada-retoma-voos-entre-sao-paulo-e-toronto\/#article\",\"isPartOf\":{\"@id\":\"https:\/\/www.travel3.com.br\/site\/ir-e-vir\/air-canada-retoma-voos-entre-sao-paulo-e-toronto\/\"},\"author\":{\"name\":\"Reda\u00e7\u00e3o Travel3\",\"@id\":\"https:\/\/www.travel3.com.br\/site\/#\/schema\/person\/9cff8daac0a2f1aa0799f827b8aa8308\"},\"headline\":\"Air Canada retoma voos entre S\u00e3o Paulo e Toronto\",\"datePublished\":\"2020-09-08T08:00:47+00:00\",\"mainEntityOfPage\":{\"@id\":\"https:\/\/www.travel3.com.br\/site\/ir-e-vir\/air-canada-retoma-voos-entre-sao-paulo-e-toronto\/\"},\"wordCount\":287,\"commentCount\":0,\"publisher\":{\"@id\":\"https:\/\/www.travel3.com.br\/site\/#organization\"},\"image\":{\"@id\":\"https:\/\/www.travel3.com.br\/site\/ir-e-vir\/air-canada-retoma-voos-entre-sao-paulo-e-toronto\/#primaryimage\"},\"thumbnailUrl\":\"https:\/\/www.travel3.com.br\/site\/wp-content\/uploads\/2020\/09\/unnamed-21.jpg\",\"keywords\":[\"Air Canada\",\"companhias a\u00e9reas\",\"Retomada do Turismo\",\"S\u00e3o Paulo\",\"Toronto\"],\"articleSection\":[\"Ar\",\"Destaque\",\"Ir e Vir\"],\"inLanguage\":\"pt-BR\",\"potentialAction\":[{\"@type\":\"CommentAction\",\"name\":\"Comment\",\"target\":[\"https:\/\/www.travel3.com.br\/site\/ir-e-vir\/air-canada-retoma-voos-entre-sao-paulo-e-toronto\/#respond\"]}]},{\"@type\":\"WebPage\",\"@id\":\"https:\/\/www.travel3.com.br\/site\/ir-e-vir\/air-canada-retoma-voos-entre-sao-paulo-e-toronto\/\",\"url\":\"https:\/\/www.travel3.com.br\/site\/ir-e-vir\/air-canada-retoma-voos-entre-sao-paulo-e-toronto\/\",\"name\":\"Air Canada retoma voos entre S\u00e3o Paulo e Toronto - Travel3\",\"isPartOf\":{\"@id\":\"https:\/\/www.travel3.com.br\/site\/#website\"},\"primaryImageOfPage\":{\"@id\":\"https:\/\/www.travel3.com.br\/site\/ir-e-vir\/air-canada-retoma-voos-entre-sao-paulo-e-toronto\/#primaryimage\"},\"image\":{\"@id\":\"https:\/\/www.travel3.com.br\/site\/ir-e-vir\/air-canada-retoma-voos-entre-sao-paulo-e-toronto\/#primaryimage\"},\"thumbnailUrl\":\"https:\/\/www.travel3.com.br\/site\/wp-content\/uploads\/2020\/09\/unnamed-21.jpg\",\"datePublished\":\"2020-09-08T08:00:47+00:00\",\"description\":\"Air Canada retoma voos entre S\u00e3o Paulo e Toronto; rota direta voltou a ser operada no dia 1\u00b0 de setembro, com 3 frequ\u00eancias semanais\",\"breadcrumb\":{\"@id\":\"https:\/\/www.travel3.com.br\/site\/ir-e-vir\/air-canada-retoma-voos-entre-sao-paulo-e-toronto\/#breadcrumb\"},\"inLanguage\":\"pt-BR\",\"potentialAction\":[{\"@type\":\"ReadAction\",\"target\":[\"https:\/\/www.travel3.com.br\/site\/ir-e-vir\/air-canada-retoma-voos-entre-sao-paulo-e-toronto\/\"]}]},{\"@type\":\"ImageObject\",\"inLanguage\":\"pt-BR\",\"@id\":\"https:\/\/www.travel3.com.br\/site\/ir-e-vir\/air-canada-retoma-voos-entre-sao-paulo-e-toronto\/#primaryimage\",\"url\":\"https:\/\/www.travel3.com.br\/site\/wp-content\/uploads\/2020\/09\/unnamed-21.jpg\",\"contentUrl\":\"https:\/\/www.travel3.com.br\/site\/wp-content\/uploads\/2020\/09\/unnamed-21.jpg\",\"width\":610,\"height\":401,\"caption\":\"Foto: Divulga\u00e7\u00e3o\"},{\"@type\":\"BreadcrumbList\",\"@id\":\"https:\/\/www.travel3.com.br\/site\/ir-e-vir\/air-canada-retoma-voos-entre-sao-paulo-e-toronto\/#breadcrumb\",\"itemListElement\":[{\"@type\":\"ListItem\",\"position\":1,\"name\":\"In\u00edcio\",\"item\":\"https:\/\/www.travel3.com.br\/site\/\"},{\"@type\":\"ListItem\",\"position\":2,\"name\":\"Air Canada retoma voos entre S\u00e3o Paulo e Toronto\"}]},{\"@type\":\"WebSite\",\"@id\":\"https:\/\/www.travel3.com.br\/site\/#website\",\"url\":\"https:\/\/www.travel3.com.br\/site\/\",\"name\":\"Travel3\",\"description\":\"Lazer + Neg&oacute;cios + Aventura\",\"publisher\":{\"@id\":\"https:\/\/www.travel3.com.br\/site\/#organization\"},\"potentialAction\":[{\"@type\":\"SearchAction\",\"target\":{\"@type\":\"EntryPoint\",\"urlTemplate\":\"https:\/\/www.travel3.com.br\/site\/?s={search_term_string}\"},\"query-input\":{\"@type\":\"PropertyValueSpecification\",\"valueRequired\":true,\"valueName\":\"search_term_string\"}}],\"inLanguage\":\"pt-BR\"},{\"@type\":\"Organization\",\"@id\":\"https:\/\/www.travel3.com.br\/site\/#organization\",\"name\":\"Travel3\",\"url\":\"https:\/\/www.travel3.com.br\/site\/\",\"logo\":{\"@type\":\"ImageObject\",\"inLanguage\":\"pt-BR\",\"@id\":\"https:\/\/www.travel3.com.br\/site\/#\/schema\/logo\/image\/\",\"url\":\"https:\/\/www.travel3.com.br\/site\/wp-content\/uploads\/2020\/01\/logo-travel3-2020.png\",\"contentUrl\":\"https:\/\/www.travel3.com.br\/site\/wp-content\/uploads\/2020\/01\/logo-travel3-2020.png\",\"width\":232,\"height\":79,\"caption\":\"Travel3\"},\"image\":{\"@id\":\"https:\/\/www.travel3.com.br\/site\/#\/schema\/logo\/image\/\"},\"sameAs\":[\"https:\/\/www.facebook.com\/travel3media\/\",\"https:\/\/www.instagram.com\/revistatravel3\/\",\"https:\/\/www.youtube.com\/channel\/UCno7J4paGBR3VbZQzvoJ9Eg\"]},{\"@type\":\"Person\",\"@id\":\"https:\/\/www.travel3.com.br\/site\/#\/schema\/person\/9cff8daac0a2f1aa0799f827b8aa8308\",\"name\":\"Reda\u00e7\u00e3o Travel3\",\"image\":{\"@type\":\"ImageObject\",\"inLanguage\":\"pt-BR\",\"@id\":\"https:\/\/www.travel3.com.br\/site\/#\/schema\/person\/image\/\",\"url\":\"https:\/\/secure.gravatar.com\/avatar\/6e6125525e1f04b7b8c607d71556e490?s=96&d=mm&r=g\",\"contentUrl\":\"https:\/\/secure.gravatar.com\/avatar\/6e6125525e1f04b7b8c607d71556e490?s=96&d=mm&r=g\",\"caption\":\"Reda\u00e7\u00e3o Travel3\"},\"sameAs\":[\"http:\/\/www.travel3.com.br\"],\"url\":\"https:\/\/www.travel3.com.br\/site\/author\/redacao2\/\"}]}<\/script>\n<!-- \/ Yoast SEO plugin. -->","yoast_head_json":{"title":"Air Canada retoma voos entre S\u00e3o Paulo e Toronto - Travel3","description":"Air Canada retoma voos entre S\u00e3o Paulo e Toronto; rota direta voltou a ser operada no dia 1\u00b0 de setembro, com 3 frequ\u00eancias semanais","robots":{"index":"index","follow":"follow","max-snippet":"max-snippet:-1","max-image-preview":"max-image-preview:large","max-video-preview":"max-video-preview:-1"},"canonical":"https:\/\/www.travel3.com.br\/site\/ir-e-vir\/air-canada-retoma-voos-entre-sao-paulo-e-toronto\/","og_locale":"pt_BR","og_type":"article","og_title":"Air Canada retoma voos entre S\u00e3o Paulo e Toronto - Travel3","og_description":"Air Canada retoma voos entre S\u00e3o Paulo e Toronto; rota direta voltou a ser operada no dia 1\u00b0 de setembro, com 3 frequ\u00eancias semanais","og_url":"https:\/\/www.travel3.com.br\/site\/ir-e-vir\/air-canada-retoma-voos-entre-sao-paulo-e-toronto\/","og_site_name":"Travel3","article_publisher":"https:\/\/www.facebook.com\/travel3media\/","article_published_time":"2020-09-08T08:00:47+00:00","og_image":[{"width":610,"height":401,"url":"https:\/\/www.travel3.com.br\/site\/wp-content\/uploads\/2020\/09\/unnamed-21.jpg","type":"image\/jpeg"}],"author":"Reda\u00e7\u00e3o Travel3","twitter_card":"summary_large_image","twitter_misc":{"Escrito por":"Reda\u00e7\u00e3o Travel3","Est. tempo de leitura":"1 minuto"},"schema":{"@context":"https:\/\/schema.org","@graph":[{"@type":"Article","@id":"https:\/\/www.travel3.com.br\/site\/ir-e-vir\/air-canada-retoma-voos-entre-sao-paulo-e-toronto\/#article","isPartOf":{"@id":"https:\/\/www.travel3.com.br\/site\/ir-e-vir\/air-canada-retoma-voos-entre-sao-paulo-e-toronto\/"},"author":{"name":"Reda\u00e7\u00e3o Travel3","@id":"https:\/\/www.travel3.com.br\/site\/#\/schema\/person\/9cff8daac0a2f1aa0799f827b8aa8308"},"headline":"Air Canada retoma voos entre S\u00e3o Paulo e Toronto","datePublished":"2020-09-08T08:00:47+00:00","mainEntityOfPage":{"@id":"https:\/\/www.travel3.com.br\/site\/ir-e-vir\/air-canada-retoma-voos-entre-sao-paulo-e-toronto\/"},"wordCount":287,"commentCount":0,"publisher":{"@id":"https:\/\/www.travel3.com.br\/site\/#organization"},"image":{"@id":"https:\/\/www.travel3.com.br\/site\/ir-e-vir\/air-canada-retoma-voos-entre-sao-paulo-e-toronto\/#primaryimage"},"thumbnailUrl":"https:\/\/www.travel3.com.br\/site\/wp-content\/uploads\/2020\/09\/unnamed-21.jpg","keywords":["Air Canada","companhias a\u00e9reas","Retomada do Turismo","S\u00e3o Paulo","Toronto"],"articleSection":["Ar","Destaque","Ir e Vir"],"inLanguage":"pt-BR","potentialAction":[{"@type":"CommentAction","name":"Comment","target":["https:\/\/www.travel3.com.br\/site\/ir-e-vir\/air-canada-retoma-voos-entre-sao-paulo-e-toronto\/#respond"]}]},{"@type":"WebPage","@id":"https:\/\/www.travel3.com.br\/site\/ir-e-vir\/air-canada-retoma-voos-entre-sao-paulo-e-toronto\/","url":"https:\/\/www.travel3.com.br\/site\/ir-e-vir\/air-canada-retoma-voos-entre-sao-paulo-e-toronto\/","name":"Air Canada retoma voos entre S\u00e3o Paulo e Toronto - Travel3","isPartOf":{"@id":"https:\/\/www.travel3.com.br\/site\/#website"},"primaryImageOfPage":{"@id":"https:\/\/www.travel3.com.br\/site\/ir-e-vir\/air-canada-retoma-voos-entre-sao-paulo-e-toronto\/#primaryimage"},"image":{"@id":"https:\/\/www.travel3.com.br\/site\/ir-e-vir\/air-canada-retoma-voos-entre-sao-paulo-e-toronto\/#primaryimage"},"thumbnailUrl":"https:\/\/www.travel3.com.br\/site\/wp-content\/uploads\/2020\/09\/unnamed-21.jpg","datePublished":"2020-09-08T08:00:47+00:00","description":"Air Canada retoma voos entre S\u00e3o Paulo e Toronto; rota direta voltou a ser operada no dia 1\u00b0 de setembro, com 3 frequ\u00eancias semanais","breadcrumb":{"@id":"https:\/\/www.travel3.com.br\/site\/ir-e-vir\/air-canada-retoma-voos-entre-sao-paulo-e-toronto\/#breadcrumb"},"inLanguage":"pt-BR","potentialAction":[{"@type":"ReadAction","target":["https:\/\/www.travel3.com.br\/site\/ir-e-vir\/air-canada-retoma-voos-entre-sao-paulo-e-toronto\/"]}]},{"@type":"ImageObject","inLanguage":"pt-BR","@id":"https:\/\/www.travel3.com.br\/site\/ir-e-vir\/air-canada-retoma-voos-entre-sao-paulo-e-toronto\/#primaryimage","url":"https:\/\/www.travel3.com.br\/site\/wp-content\/uploads\/2020\/09\/unnamed-21.jpg","contentUrl":"https:\/\/www.travel3.com.br\/site\/wp-content\/uploads\/2020\/09\/unnamed-21.jpg","width":610,"height":401,"caption":"Foto: Divulga\u00e7\u00e3o"},{"@type":"BreadcrumbList","@id":"https:\/\/www.travel3.com.br\/site\/ir-e-vir\/air-canada-retoma-voos-entre-sao-paulo-e-toronto\/#breadcrumb","itemListElement":[{"@type":"ListItem","position":1,"name":"In\u00edcio","item":"https:\/\/www.travel3.com.br\/site\/"},{"@type":"ListItem","position":2,"name":"Air Canada retoma voos entre S\u00e3o Paulo e Toronto"}]},{"@type":"WebSite","@id":"https:\/\/www.travel3.com.br\/site\/#website","url":"https:\/\/www.travel3.com.br\/site\/","name":"Travel3","description":"Lazer + Neg&oacute;cios + Aventura","publisher":{"@id":"https:\/\/www.travel3.com.br\/site\/#organization"},"potentialAction":[{"@type":"SearchAction","target":{"@type":"EntryPoint","urlTemplate":"https:\/\/www.travel3.com.br\/site\/?s={search_term_string}"},"query-input":{"@type":"PropertyValueSpecification","valueRequired":true,"valueName":"search_term_string"}}],"inLanguage":"pt-BR"},{"@type":"Organization","@id":"https:\/\/www.travel3.com.br\/site\/#organization","name":"Travel3","url":"https:\/\/www.travel3.com.br\/site\/","logo":{"@type":"ImageObject","inLanguage":"pt-BR","@id":"https:\/\/www.travel3.com.br\/site\/#\/schema\/logo\/image\/","url":"https:\/\/www.travel3.com.br\/site\/wp-content\/uploads\/2020\/01\/logo-travel3-2020.png","contentUrl":"https:\/\/www.travel3.com.br\/site\/wp-content\/uploads\/2020\/01\/logo-travel3-2020.png","width":232,"height":79,"caption":"Travel3"},"image":{"@id":"https:\/\/www.travel3.com.br\/site\/#\/schema\/logo\/image\/"},"sameAs":["https:\/\/www.facebook.com\/travel3media\/","https:\/\/www.instagram.com\/revistatravel3\/","https:\/\/www.youtube.com\/channel\/UCno7J4paGBR3VbZQzvoJ9Eg"]},{"@type":"Person","@id":"https:\/\/www.travel3.com.br\/site\/#\/schema\/person\/9cff8daac0a2f1aa0799f827b8aa8308","name":"Reda\u00e7\u00e3o Travel3","image":{"@type":"ImageObject","inLanguage":"pt-BR","@id":"https:\/\/www.travel3.com.br\/site\/#\/schema\/person\/image\/","url":"https:\/\/secure.gravatar.com\/avatar\/6e6125525e1f04b7b8c607d71556e490?s=96&d=mm&r=g","contentUrl":"https:\/\/secure.gravatar.com\/avatar\/6e6125525e1f04b7b8c607d71556e490?s=96&d=mm&r=g","caption":"Reda\u00e7\u00e3o Travel3"},"sameAs":["http:\/\/www.travel3.com.br"],"url":"https:\/\/www.travel3.com.br\/site\/author\/redacao2\/"}]}},"_links":{"self":[{"href":"https:\/\/www.travel3.com.br\/site\/wp-json\/wp\/v2\/posts\/35857","targetHints":{"allow":["GET"]}}],"collection":[{"href":"https:\/\/www.travel3.com.br\/site\/wp-json\/wp\/v2\/posts"}],"about":[{"href":"https:\/\/www.travel3.com.br\/site\/wp-json\/wp\/v2\/types\/post"}],"author":[{"embeddable":true,"href":"https:\/\/www.travel3.com.br\/site\/wp-json\/wp\/v2\/users\/6"}],"replies":[{"embeddable":true,"href":"https:\/\/www.travel3.com.br\/site\/wp-json\/wp\/v2\/comments?post=35857"}],"version-history":[{"count":1,"href":"https:\/\/www.travel3.com.br\/site\/wp-json\/wp\/v2\/posts\/35857\/revisions"}],"predecessor-version":[{"id":35859,"href":"https:\/\/www.travel3.com.br\/site\/wp-json\/wp\/v2\/posts\/35857\/revisions\/35859"}],"wp:featuredmedia":[{"embeddable":true,"href":"https:\/\/www.travel3.com.br\/site\/wp-json\/wp\/v2\/media\/35858"}],"wp:attachment":[{"href":"https:\/\/www.travel3.com.br\/site\/wp-json\/wp\/v2\/media?parent=35857"}],"wp:term":[{"taxonomy":"category","embeddable":true,"href":"https:\/\/www.travel3.com.br\/site\/wp-json\/wp\/v2\/categories?post=35857"},{"taxonomy":"post_tag","embeddable":true,"href":"https:\/\/www.travel3.com.br\/site\/wp-json\/wp\/v2\/tags?post=35857"}],"curies":[{"name":"wp","href":"https:\/\/api.w.org\/{rel}","templated":true}]}}