{"id":35717,"date":"2020-08-25T09:49:46","date_gmt":"2020-08-25T12:49:46","guid":{"rendered":"https:\/\/www.travel3.com.br\/?p=35717"},"modified":"2020-08-25T09:51:41","modified_gmt":"2020-08-25T12:51:41","slug":"diversa-apresenta-novo-executivo-de-relacionamento-campinas","status":"publish","type":"post","link":"https:\/\/www.travel3.com.br\/site\/acontece-no-turismo\/operadoras\/diversa-apresenta-novo-executivo-de-relacionamento-campinas\/","title":{"rendered":"Diversa apresenta novo Executivo de Relacionamento Campinas"},"content":{"rendered":"\n<figure class=\"wp-block-image\"><img loading=\"lazy\" decoding=\"async\" width=\"1006\" height=\"636\" src=\"https:\/\/www.travel3.com.br\/site\/wp-content\/uploads\/2020\/08\/mauricio.jpg\" alt=\"Diversa apresenta novo Executivo\" class=\"wp-image-35718\" srcset=\"https:\/\/www.travel3.com.br\/site\/wp-content\/uploads\/2020\/08\/mauricio.jpg 1006w, https:\/\/www.travel3.com.br\/site\/wp-content\/uploads\/2020\/08\/mauricio-300x190.jpg 300w, https:\/\/www.travel3.com.br\/site\/wp-content\/uploads\/2020\/08\/mauricio-768x486.jpg 768w, https:\/\/www.travel3.com.br\/site\/wp-content\/uploads\/2020\/08\/mauricio-750x474.jpg 750w\" sizes=\"auto, (max-width: 1006px) 100vw, 1006px\" \/><figcaption>Waldir Souza, Gerente Comercial e Vendas + Maur\u00edcio Anias, novo Executivo de Relacionamento + James Giacomini, Diretor Comercial e Vendas da Diversa Turismo<\/figcaption><\/figure>\n\n\n\n<h3 class=\"wp-block-heading\" style=\"text-align:center\">Ex-Flytour com mais de 15 anos de mercado, Maur\u00edcio Anias \u00e9 novo contratado da operadora<\/h3>\n\n\n\n<p>A Diversa Turismo acaba de apresentar o novo executivo de relacionamento para a regi\u00e3o de Campinas. Com passagens por CVC, Queensberry, Decolar e Flytour, Maur\u00edcio Anias chega ao time da operadora; e refor\u00e7a a atua\u00e7\u00e3o na regi\u00e3o com mais de 15 anos de experi\u00eancia.<\/p>\n\n\n\n<blockquote class=\"wp-block-quote is-layout-flow wp-block-quote-is-layout-flow\"><p>Estou muito feliz com essa oportunidade na Diversa, operadora que traz um jeito especial de lidar com turismo e com seus clientes. Acredito muito que esse conceito ser\u00e1 essencial para o mercado neste novo cen\u00e1rio de retomada, em que as viagens e os passageiros precisar\u00e3o de um cuidado mais do que especial.<\/p><p>Estou entrando num grupo s\u00f3lido e com profissionais experientes, a f\u00f3rmula ideal para iniciar um trabalho com muita dedica\u00e7\u00e3o e entusiasmo<\/p><cite>Maur\u00edcio Anias &#8211; novo Executivo de Relacionamento da Diversa em Campinas<\/cite><\/blockquote>\n\n\n\n<p>Bacharel em turismo e p\u00f3s-graduado em gest\u00e3o empresarial, Anias chega em meio \u00e0 prepara\u00e7\u00e3o para a retomada do turismo; que j\u00e1 d\u00e1 <a rel=\"noreferrer noopener\" aria-label=\"sinais de melhora (opens in a new tab)\" href=\"https:\/\/www.travel3.com.br\/destaque\/turismo-registrou-crescimento-em-junho\/\" target=\"_blank\">sinais de melhora<\/a> em todo o pa\u00eds. Al\u00e9m disso, para o diretor da Diversa, James Giacomini, a contrata\u00e7\u00e3o demonstra confian\u00e7a + otimismo para o futuro da operadora.<\/p>\n\n\n\n<blockquote class=\"wp-block-quote is-layout-flow wp-block-quote-is-layout-flow\"><p>Estamos trabalhando muito, abrindo novas frentes comerciais. A vinda do Maur\u00edcio como executivo de relacionamento para o interior de S\u00e3o Paulo vai complementar e ampliar a presen\u00e7a que a Diversa j\u00e1 desenvolveu junto aos agentes de viagens, principalmente pela intensa atividade de marketing, treinamentos e promo\u00e7\u00f5es que fizemos ao longo dos \u00faltimos meses.<\/p><cite>James Giacomini &#8211; Diretor da Diversa<\/cite><\/blockquote>\n\n\n\n<h3 class=\"wp-block-heading\" style=\"text-align:center\">Saiba mais = <a href=\"https:\/\/diversaturismo.com.br\/\" target=\"_blank\" rel=\"noreferrer noopener\" aria-label=\"diversaturismo.com.br (opens in a new tab)\">diversaturismo.com.br<\/a><\/h3>\n","protected":false},"excerpt":{"rendered":"<p>Ex-Flytour com mais de 15 anos de mercado, Maur\u00edcio Anias \u00e9 novo contratado da operadora A Diversa Turismo acaba de apresentar o novo executivo de relacionamento para a regi\u00e3o de Campinas. Com passagens por CVC, Queensberry, Decolar e Flytour, Maur\u00edcio Anias chega ao time da operadora; e refor\u00e7a a atua\u00e7\u00e3o na regi\u00e3o com mais de [&hellip;]<\/p>\n","protected":false},"author":6,"featured_media":35718,"comment_status":"open","ping_status":"open","sticky":false,"template":"","format":"standard","meta":{"footnotes":""},"categories":[969,226,4],"tags":[693,2076,403,4117],"class_list":["post-35717","post","type-post","status-publish","format-standard","has-post-thumbnail","hentry","category-acontece-no-turismo","category-destaque","category-operadoras","tag-campinas","tag-diversa-turismo","tag-operadoras","tag-retomada-do-turismo"],"yoast_head":"<!-- This site is optimized with the Yoast SEO plugin v26.2 - https:\/\/yoast.com\/wordpress\/plugins\/seo\/ -->\n<title>Diversa apresenta novo Executivo de Relacionamento Campinas - Travel3<\/title>\n<meta name=\"description\" content=\"Diversa apresenta novo Executivo de Relacionamento Campinas; ex-Flytour com mais de 15 anos de mercado, Maur\u00edcio Anias \u00e9 novo contratado da operadora\" \/>\n<meta name=\"robots\" content=\"index, follow, max-snippet:-1, max-image-preview:large, max-video-preview:-1\" \/>\n<link rel=\"canonical\" href=\"https:\/\/www.travel3.com.br\/site\/acontece-no-turismo\/operadoras\/diversa-apresenta-novo-executivo-de-relacionamento-campinas\/\" \/>\n<meta property=\"og:locale\" content=\"pt_BR\" \/>\n<meta property=\"og:type\" content=\"article\" \/>\n<meta property=\"og:title\" content=\"Diversa apresenta novo Executivo de Relacionamento Campinas - Travel3\" \/>\n<meta property=\"og:description\" content=\"Diversa apresenta novo Executivo de Relacionamento Campinas; ex-Flytour com mais de 15 anos de mercado, Maur\u00edcio Anias \u00e9 novo contratado da operadora\" \/>\n<meta property=\"og:url\" content=\"https:\/\/www.travel3.com.br\/site\/acontece-no-turismo\/operadoras\/diversa-apresenta-novo-executivo-de-relacionamento-campinas\/\" \/>\n<meta property=\"og:site_name\" content=\"Travel3\" \/>\n<meta property=\"article:publisher\" content=\"https:\/\/www.facebook.com\/travel3media\/\" \/>\n<meta property=\"article:published_time\" content=\"2020-08-25T12:49:46+00:00\" \/>\n<meta property=\"article:modified_time\" content=\"2020-08-25T12:51:41+00:00\" \/>\n<meta property=\"og:image\" content=\"https:\/\/www.travel3.com.br\/site\/wp-content\/uploads\/2020\/08\/mauricio.jpg\" \/>\n\t<meta property=\"og:image:width\" content=\"1006\" \/>\n\t<meta property=\"og:image:height\" content=\"636\" \/>\n\t<meta property=\"og:image:type\" content=\"image\/jpeg\" \/>\n<meta name=\"author\" content=\"Reda\u00e7\u00e3o Travel3\" \/>\n<meta name=\"twitter:card\" content=\"summary_large_image\" \/>\n<meta name=\"twitter:label1\" content=\"Escrito por\" \/>\n\t<meta name=\"twitter:data1\" content=\"Reda\u00e7\u00e3o Travel3\" \/>\n\t<meta name=\"twitter:label2\" content=\"Est. tempo de leitura\" \/>\n\t<meta name=\"twitter:data2\" content=\"1 minuto\" \/>\n<script type=\"application\/ld+json\" class=\"yoast-schema-graph\">{\"@context\":\"https:\/\/schema.org\",\"@graph\":[{\"@type\":\"Article\",\"@id\":\"https:\/\/www.travel3.com.br\/site\/acontece-no-turismo\/operadoras\/diversa-apresenta-novo-executivo-de-relacionamento-campinas\/#article\",\"isPartOf\":{\"@id\":\"https:\/\/www.travel3.com.br\/site\/acontece-no-turismo\/operadoras\/diversa-apresenta-novo-executivo-de-relacionamento-campinas\/\"},\"author\":{\"name\":\"Reda\u00e7\u00e3o Travel3\",\"@id\":\"https:\/\/www.travel3.com.br\/site\/#\/schema\/person\/9cff8daac0a2f1aa0799f827b8aa8308\"},\"headline\":\"Diversa apresenta novo Executivo de Relacionamento Campinas\",\"datePublished\":\"2020-08-25T12:49:46+00:00\",\"dateModified\":\"2020-08-25T12:51:41+00:00\",\"mainEntityOfPage\":{\"@id\":\"https:\/\/www.travel3.com.br\/site\/acontece-no-turismo\/operadoras\/diversa-apresenta-novo-executivo-de-relacionamento-campinas\/\"},\"wordCount\":304,\"commentCount\":0,\"publisher\":{\"@id\":\"https:\/\/www.travel3.com.br\/site\/#organization\"},\"image\":{\"@id\":\"https:\/\/www.travel3.com.br\/site\/acontece-no-turismo\/operadoras\/diversa-apresenta-novo-executivo-de-relacionamento-campinas\/#primaryimage\"},\"thumbnailUrl\":\"https:\/\/www.travel3.com.br\/site\/wp-content\/uploads\/2020\/08\/mauricio.jpg\",\"keywords\":[\"Campinas\",\"Diversa Turismo\",\"Operadoras\",\"Retomada do Turismo\"],\"articleSection\":[\"Acontece no Turismo\",\"Destaque\",\"Operadoras\"],\"inLanguage\":\"pt-BR\",\"potentialAction\":[{\"@type\":\"CommentAction\",\"name\":\"Comment\",\"target\":[\"https:\/\/www.travel3.com.br\/site\/acontece-no-turismo\/operadoras\/diversa-apresenta-novo-executivo-de-relacionamento-campinas\/#respond\"]}]},{\"@type\":\"WebPage\",\"@id\":\"https:\/\/www.travel3.com.br\/site\/acontece-no-turismo\/operadoras\/diversa-apresenta-novo-executivo-de-relacionamento-campinas\/\",\"url\":\"https:\/\/www.travel3.com.br\/site\/acontece-no-turismo\/operadoras\/diversa-apresenta-novo-executivo-de-relacionamento-campinas\/\",\"name\":\"Diversa apresenta novo Executivo de Relacionamento Campinas - Travel3\",\"isPartOf\":{\"@id\":\"https:\/\/www.travel3.com.br\/site\/#website\"},\"primaryImageOfPage\":{\"@id\":\"https:\/\/www.travel3.com.br\/site\/acontece-no-turismo\/operadoras\/diversa-apresenta-novo-executivo-de-relacionamento-campinas\/#primaryimage\"},\"image\":{\"@id\":\"https:\/\/www.travel3.com.br\/site\/acontece-no-turismo\/operadoras\/diversa-apresenta-novo-executivo-de-relacionamento-campinas\/#primaryimage\"},\"thumbnailUrl\":\"https:\/\/www.travel3.com.br\/site\/wp-content\/uploads\/2020\/08\/mauricio.jpg\",\"datePublished\":\"2020-08-25T12:49:46+00:00\",\"dateModified\":\"2020-08-25T12:51:41+00:00\",\"description\":\"Diversa apresenta novo Executivo de Relacionamento Campinas; ex-Flytour com mais de 15 anos de mercado, Maur\u00edcio Anias \u00e9 novo contratado da operadora\",\"breadcrumb\":{\"@id\":\"https:\/\/www.travel3.com.br\/site\/acontece-no-turismo\/operadoras\/diversa-apresenta-novo-executivo-de-relacionamento-campinas\/#breadcrumb\"},\"inLanguage\":\"pt-BR\",\"potentialAction\":[{\"@type\":\"ReadAction\",\"target\":[\"https:\/\/www.travel3.com.br\/site\/acontece-no-turismo\/operadoras\/diversa-apresenta-novo-executivo-de-relacionamento-campinas\/\"]}]},{\"@type\":\"ImageObject\",\"inLanguage\":\"pt-BR\",\"@id\":\"https:\/\/www.travel3.com.br\/site\/acontece-no-turismo\/operadoras\/diversa-apresenta-novo-executivo-de-relacionamento-campinas\/#primaryimage\",\"url\":\"https:\/\/www.travel3.com.br\/site\/wp-content\/uploads\/2020\/08\/mauricio.jpg\",\"contentUrl\":\"https:\/\/www.travel3.com.br\/site\/wp-content\/uploads\/2020\/08\/mauricio.jpg\",\"width\":1006,\"height\":636,\"caption\":\"Waldir Souza, Gerente Comercial e Vendas + Maur\u00edcio Anias, novo Executivo de Relacionamento + James Giacomini, Diretor Comercial e Vendas da Diversa Turismo\"},{\"@type\":\"BreadcrumbList\",\"@id\":\"https:\/\/www.travel3.com.br\/site\/acontece-no-turismo\/operadoras\/diversa-apresenta-novo-executivo-de-relacionamento-campinas\/#breadcrumb\",\"itemListElement\":[{\"@type\":\"ListItem\",\"position\":1,\"name\":\"In\u00edcio\",\"item\":\"https:\/\/www.travel3.com.br\/site\/\"},{\"@type\":\"ListItem\",\"position\":2,\"name\":\"Diversa apresenta novo Executivo de Relacionamento Campinas\"}]},{\"@type\":\"WebSite\",\"@id\":\"https:\/\/www.travel3.com.br\/site\/#website\",\"url\":\"https:\/\/www.travel3.com.br\/site\/\",\"name\":\"Travel3\",\"description\":\"Lazer + Neg&oacute;cios + Aventura\",\"publisher\":{\"@id\":\"https:\/\/www.travel3.com.br\/site\/#organization\"},\"potentialAction\":[{\"@type\":\"SearchAction\",\"target\":{\"@type\":\"EntryPoint\",\"urlTemplate\":\"https:\/\/www.travel3.com.br\/site\/?s={search_term_string}\"},\"query-input\":{\"@type\":\"PropertyValueSpecification\",\"valueRequired\":true,\"valueName\":\"search_term_string\"}}],\"inLanguage\":\"pt-BR\"},{\"@type\":\"Organization\",\"@id\":\"https:\/\/www.travel3.com.br\/site\/#organization\",\"name\":\"Travel3\",\"url\":\"https:\/\/www.travel3.com.br\/site\/\",\"logo\":{\"@type\":\"ImageObject\",\"inLanguage\":\"pt-BR\",\"@id\":\"https:\/\/www.travel3.com.br\/site\/#\/schema\/logo\/image\/\",\"url\":\"https:\/\/www.travel3.com.br\/site\/wp-content\/uploads\/2020\/01\/logo-travel3-2020.png\",\"contentUrl\":\"https:\/\/www.travel3.com.br\/site\/wp-content\/uploads\/2020\/01\/logo-travel3-2020.png\",\"width\":232,\"height\":79,\"caption\":\"Travel3\"},\"image\":{\"@id\":\"https:\/\/www.travel3.com.br\/site\/#\/schema\/logo\/image\/\"},\"sameAs\":[\"https:\/\/www.facebook.com\/travel3media\/\",\"https:\/\/www.instagram.com\/revistatravel3\/\",\"https:\/\/www.youtube.com\/channel\/UCno7J4paGBR3VbZQzvoJ9Eg\"]},{\"@type\":\"Person\",\"@id\":\"https:\/\/www.travel3.com.br\/site\/#\/schema\/person\/9cff8daac0a2f1aa0799f827b8aa8308\",\"name\":\"Reda\u00e7\u00e3o Travel3\",\"image\":{\"@type\":\"ImageObject\",\"inLanguage\":\"pt-BR\",\"@id\":\"https:\/\/www.travel3.com.br\/site\/#\/schema\/person\/image\/\",\"url\":\"https:\/\/secure.gravatar.com\/avatar\/6e6125525e1f04b7b8c607d71556e490?s=96&d=mm&r=g\",\"contentUrl\":\"https:\/\/secure.gravatar.com\/avatar\/6e6125525e1f04b7b8c607d71556e490?s=96&d=mm&r=g\",\"caption\":\"Reda\u00e7\u00e3o Travel3\"},\"sameAs\":[\"http:\/\/www.travel3.com.br\"],\"url\":\"https:\/\/www.travel3.com.br\/site\/author\/redacao2\/\"}]}<\/script>\n<!-- \/ Yoast SEO plugin. -->","yoast_head_json":{"title":"Diversa apresenta novo Executivo de Relacionamento Campinas - Travel3","description":"Diversa apresenta novo Executivo de Relacionamento Campinas; ex-Flytour com mais de 15 anos de mercado, Maur\u00edcio Anias \u00e9 novo contratado da operadora","robots":{"index":"index","follow":"follow","max-snippet":"max-snippet:-1","max-image-preview":"max-image-preview:large","max-video-preview":"max-video-preview:-1"},"canonical":"https:\/\/www.travel3.com.br\/site\/acontece-no-turismo\/operadoras\/diversa-apresenta-novo-executivo-de-relacionamento-campinas\/","og_locale":"pt_BR","og_type":"article","og_title":"Diversa apresenta novo Executivo de Relacionamento Campinas - Travel3","og_description":"Diversa apresenta novo Executivo de Relacionamento Campinas; ex-Flytour com mais de 15 anos de mercado, Maur\u00edcio Anias \u00e9 novo contratado da operadora","og_url":"https:\/\/www.travel3.com.br\/site\/acontece-no-turismo\/operadoras\/diversa-apresenta-novo-executivo-de-relacionamento-campinas\/","og_site_name":"Travel3","article_publisher":"https:\/\/www.facebook.com\/travel3media\/","article_published_time":"2020-08-25T12:49:46+00:00","article_modified_time":"2020-08-25T12:51:41+00:00","og_image":[{"width":1006,"height":636,"url":"https:\/\/www.travel3.com.br\/site\/wp-content\/uploads\/2020\/08\/mauricio.jpg","type":"image\/jpeg"}],"author":"Reda\u00e7\u00e3o Travel3","twitter_card":"summary_large_image","twitter_misc":{"Escrito por":"Reda\u00e7\u00e3o Travel3","Est. tempo de leitura":"1 minuto"},"schema":{"@context":"https:\/\/schema.org","@graph":[{"@type":"Article","@id":"https:\/\/www.travel3.com.br\/site\/acontece-no-turismo\/operadoras\/diversa-apresenta-novo-executivo-de-relacionamento-campinas\/#article","isPartOf":{"@id":"https:\/\/www.travel3.com.br\/site\/acontece-no-turismo\/operadoras\/diversa-apresenta-novo-executivo-de-relacionamento-campinas\/"},"author":{"name":"Reda\u00e7\u00e3o Travel3","@id":"https:\/\/www.travel3.com.br\/site\/#\/schema\/person\/9cff8daac0a2f1aa0799f827b8aa8308"},"headline":"Diversa apresenta novo Executivo de Relacionamento Campinas","datePublished":"2020-08-25T12:49:46+00:00","dateModified":"2020-08-25T12:51:41+00:00","mainEntityOfPage":{"@id":"https:\/\/www.travel3.com.br\/site\/acontece-no-turismo\/operadoras\/diversa-apresenta-novo-executivo-de-relacionamento-campinas\/"},"wordCount":304,"commentCount":0,"publisher":{"@id":"https:\/\/www.travel3.com.br\/site\/#organization"},"image":{"@id":"https:\/\/www.travel3.com.br\/site\/acontece-no-turismo\/operadoras\/diversa-apresenta-novo-executivo-de-relacionamento-campinas\/#primaryimage"},"thumbnailUrl":"https:\/\/www.travel3.com.br\/site\/wp-content\/uploads\/2020\/08\/mauricio.jpg","keywords":["Campinas","Diversa Turismo","Operadoras","Retomada do Turismo"],"articleSection":["Acontece no Turismo","Destaque","Operadoras"],"inLanguage":"pt-BR","potentialAction":[{"@type":"CommentAction","name":"Comment","target":["https:\/\/www.travel3.com.br\/site\/acontece-no-turismo\/operadoras\/diversa-apresenta-novo-executivo-de-relacionamento-campinas\/#respond"]}]},{"@type":"WebPage","@id":"https:\/\/www.travel3.com.br\/site\/acontece-no-turismo\/operadoras\/diversa-apresenta-novo-executivo-de-relacionamento-campinas\/","url":"https:\/\/www.travel3.com.br\/site\/acontece-no-turismo\/operadoras\/diversa-apresenta-novo-executivo-de-relacionamento-campinas\/","name":"Diversa apresenta novo Executivo de Relacionamento Campinas - Travel3","isPartOf":{"@id":"https:\/\/www.travel3.com.br\/site\/#website"},"primaryImageOfPage":{"@id":"https:\/\/www.travel3.com.br\/site\/acontece-no-turismo\/operadoras\/diversa-apresenta-novo-executivo-de-relacionamento-campinas\/#primaryimage"},"image":{"@id":"https:\/\/www.travel3.com.br\/site\/acontece-no-turismo\/operadoras\/diversa-apresenta-novo-executivo-de-relacionamento-campinas\/#primaryimage"},"thumbnailUrl":"https:\/\/www.travel3.com.br\/site\/wp-content\/uploads\/2020\/08\/mauricio.jpg","datePublished":"2020-08-25T12:49:46+00:00","dateModified":"2020-08-25T12:51:41+00:00","description":"Diversa apresenta novo Executivo de Relacionamento Campinas; ex-Flytour com mais de 15 anos de mercado, Maur\u00edcio Anias \u00e9 novo contratado da operadora","breadcrumb":{"@id":"https:\/\/www.travel3.com.br\/site\/acontece-no-turismo\/operadoras\/diversa-apresenta-novo-executivo-de-relacionamento-campinas\/#breadcrumb"},"inLanguage":"pt-BR","potentialAction":[{"@type":"ReadAction","target":["https:\/\/www.travel3.com.br\/site\/acontece-no-turismo\/operadoras\/diversa-apresenta-novo-executivo-de-relacionamento-campinas\/"]}]},{"@type":"ImageObject","inLanguage":"pt-BR","@id":"https:\/\/www.travel3.com.br\/site\/acontece-no-turismo\/operadoras\/diversa-apresenta-novo-executivo-de-relacionamento-campinas\/#primaryimage","url":"https:\/\/www.travel3.com.br\/site\/wp-content\/uploads\/2020\/08\/mauricio.jpg","contentUrl":"https:\/\/www.travel3.com.br\/site\/wp-content\/uploads\/2020\/08\/mauricio.jpg","width":1006,"height":636,"caption":"Waldir Souza, Gerente Comercial e Vendas + Maur\u00edcio Anias, novo Executivo de Relacionamento + James Giacomini, Diretor Comercial e Vendas da Diversa Turismo"},{"@type":"BreadcrumbList","@id":"https:\/\/www.travel3.com.br\/site\/acontece-no-turismo\/operadoras\/diversa-apresenta-novo-executivo-de-relacionamento-campinas\/#breadcrumb","itemListElement":[{"@type":"ListItem","position":1,"name":"In\u00edcio","item":"https:\/\/www.travel3.com.br\/site\/"},{"@type":"ListItem","position":2,"name":"Diversa apresenta novo Executivo de Relacionamento Campinas"}]},{"@type":"WebSite","@id":"https:\/\/www.travel3.com.br\/site\/#website","url":"https:\/\/www.travel3.com.br\/site\/","name":"Travel3","description":"Lazer + Neg&oacute;cios + Aventura","publisher":{"@id":"https:\/\/www.travel3.com.br\/site\/#organization"},"potentialAction":[{"@type":"SearchAction","target":{"@type":"EntryPoint","urlTemplate":"https:\/\/www.travel3.com.br\/site\/?s={search_term_string}"},"query-input":{"@type":"PropertyValueSpecification","valueRequired":true,"valueName":"search_term_string"}}],"inLanguage":"pt-BR"},{"@type":"Organization","@id":"https:\/\/www.travel3.com.br\/site\/#organization","name":"Travel3","url":"https:\/\/www.travel3.com.br\/site\/","logo":{"@type":"ImageObject","inLanguage":"pt-BR","@id":"https:\/\/www.travel3.com.br\/site\/#\/schema\/logo\/image\/","url":"https:\/\/www.travel3.com.br\/site\/wp-content\/uploads\/2020\/01\/logo-travel3-2020.png","contentUrl":"https:\/\/www.travel3.com.br\/site\/wp-content\/uploads\/2020\/01\/logo-travel3-2020.png","width":232,"height":79,"caption":"Travel3"},"image":{"@id":"https:\/\/www.travel3.com.br\/site\/#\/schema\/logo\/image\/"},"sameAs":["https:\/\/www.facebook.com\/travel3media\/","https:\/\/www.instagram.com\/revistatravel3\/","https:\/\/www.youtube.com\/channel\/UCno7J4paGBR3VbZQzvoJ9Eg"]},{"@type":"Person","@id":"https:\/\/www.travel3.com.br\/site\/#\/schema\/person\/9cff8daac0a2f1aa0799f827b8aa8308","name":"Reda\u00e7\u00e3o Travel3","image":{"@type":"ImageObject","inLanguage":"pt-BR","@id":"https:\/\/www.travel3.com.br\/site\/#\/schema\/person\/image\/","url":"https:\/\/secure.gravatar.com\/avatar\/6e6125525e1f04b7b8c607d71556e490?s=96&d=mm&r=g","contentUrl":"https:\/\/secure.gravatar.com\/avatar\/6e6125525e1f04b7b8c607d71556e490?s=96&d=mm&r=g","caption":"Reda\u00e7\u00e3o Travel3"},"sameAs":["http:\/\/www.travel3.com.br"],"url":"https:\/\/www.travel3.com.br\/site\/author\/redacao2\/"}]}},"_links":{"self":[{"href":"https:\/\/www.travel3.com.br\/site\/wp-json\/wp\/v2\/posts\/35717","targetHints":{"allow":["GET"]}}],"collection":[{"href":"https:\/\/www.travel3.com.br\/site\/wp-json\/wp\/v2\/posts"}],"about":[{"href":"https:\/\/www.travel3.com.br\/site\/wp-json\/wp\/v2\/types\/post"}],"author":[{"embeddable":true,"href":"https:\/\/www.travel3.com.br\/site\/wp-json\/wp\/v2\/users\/6"}],"replies":[{"embeddable":true,"href":"https:\/\/www.travel3.com.br\/site\/wp-json\/wp\/v2\/comments?post=35717"}],"version-history":[{"count":2,"href":"https:\/\/www.travel3.com.br\/site\/wp-json\/wp\/v2\/posts\/35717\/revisions"}],"predecessor-version":[{"id":35720,"href":"https:\/\/www.travel3.com.br\/site\/wp-json\/wp\/v2\/posts\/35717\/revisions\/35720"}],"wp:featuredmedia":[{"embeddable":true,"href":"https:\/\/www.travel3.com.br\/site\/wp-json\/wp\/v2\/media\/35718"}],"wp:attachment":[{"href":"https:\/\/www.travel3.com.br\/site\/wp-json\/wp\/v2\/media?parent=35717"}],"wp:term":[{"taxonomy":"category","embeddable":true,"href":"https:\/\/www.travel3.com.br\/site\/wp-json\/wp\/v2\/categories?post=35717"},{"taxonomy":"post_tag","embeddable":true,"href":"https:\/\/www.travel3.com.br\/site\/wp-json\/wp\/v2\/tags?post=35717"}],"curies":[{"name":"wp","href":"https:\/\/api.w.org\/{rel}","templated":true}]}}