{"id":35679,"date":"2020-08-27T10:00:17","date_gmt":"2020-08-27T13:00:17","guid":{"rendered":"https:\/\/www.travel3.com.br\/?p=35679"},"modified":"2020-08-23T14:27:14","modified_gmt":"2020-08-23T17:27:14","slug":"covid-19-situacao-aereas","status":"publish","type":"post","link":"https:\/\/www.travel3.com.br\/site\/acontece-no-turismo\/covid-19-situacao-aereas\/","title":{"rendered":"COVID-19 e a situa\u00e7\u00e3o das companhias a\u00e9reas brasileiras"},"content":{"rendered":"\n<div class=\"wp-block-image\"><figure class=\"aligncenter\"><img loading=\"lazy\" decoding=\"async\" width=\"1024\" height=\"772\" src=\"https:\/\/www.travel3.com.br\/site\/wp-content\/uploads\/2020\/08\/Aviao_A-1024x772.jpg\" alt=\"avi\u00e3o situa\u00e7\u00e3o das cias a\u00e9reas\" class=\"wp-image-35692\" srcset=\"https:\/\/www.travel3.com.br\/site\/wp-content\/uploads\/2020\/08\/Aviao_A-1024x772.jpg 1024w, https:\/\/www.travel3.com.br\/site\/wp-content\/uploads\/2020\/08\/Aviao_A-300x226.jpg 300w, https:\/\/www.travel3.com.br\/site\/wp-content\/uploads\/2020\/08\/Aviao_A-768x579.jpg 768w, https:\/\/www.travel3.com.br\/site\/wp-content\/uploads\/2020\/08\/Aviao_A-750x565.jpg 750w, https:\/\/www.travel3.com.br\/site\/wp-content\/uploads\/2020\/08\/Aviao_A-1140x859.jpg 1140w, https:\/\/www.travel3.com.br\/site\/wp-content\/uploads\/2020\/08\/Aviao_A.jpg 1920w\" sizes=\"auto, (max-width: 1024px) 100vw, 1024px\" \/><figcaption>(Desenho: Claudia Tonaco)<\/figcaption><\/figure><\/div>\n\n\n\n<h3 class=\"wp-block-heading\" style=\"text-align:center\">2020 j\u00e1 \u00e9 o pior ano da hist\u00f3ria da avia\u00e7\u00e3o comercial no Brasil<\/h3>\n\n\n\n<p>Ningu\u00e9m sabe quando a Pandemia do Coronav\u00edrus chegar\u00e1 ao fim. Muito menos quando ser\u00e1 colocada no mercado uma vacina que seja eficiente para proteger as pessoas e, neste caso, os viajantes, do cont\u00e1gio do Coronav\u00edrus. A \u00fanica certeza que temos, at\u00e9 agora \u00e9 que 2020 j\u00e1 \u00e9 considerado o pior ano da hist\u00f3ria da avia\u00e7\u00e3o comercial no Brasil. Sofrendo um impacto radical no n\u00famero de passageiros, que encolheu cerca de 90% nos \u00faltimos meses, nossas 3 principais companhias a\u00e9reas est\u00e3o trabalhando com diferentes estrat\u00e9gicas para vencer este momento t\u00e3o dif\u00edcil. Segundo a <a rel=\"noreferrer noopener\" aria-label=\"Lafis (opens in a new tab)\" href=\"https:\/\/www.lafis.com.br\" target=\"_blank\">Lafis<\/a>, empresa de consultoria de neg\u00f3cios, em comum elas t\u00eam um balan\u00e7o financeiro vulner\u00e1vel e a consci\u00eancia de que uma eventual recupera\u00e7\u00e3o s\u00f3 acontecer\u00e1 a longo prazo.<\/p>\n\n\n\n<h2 class=\"wp-block-heading\">Confira a situa\u00e7\u00e3o e a estrat\u00e9gia da Latam<\/h2>\n\n\n\n<p>A Latam decidiu entrar, ao lado das afiliadas do grupo, com um pedido de recupera\u00e7\u00e3o judicial nos Estados Unidos. Para a Latam Brasil, isso significa obter vantagens adicionais para lidar com uma d\u00edvida futura avaliada em R$ 13 bilh\u00f5es.<\/p>\n\n\n\n<h2 class=\"wp-block-heading\">O plano da GOL tamb\u00e9m foi tra\u00e7ado<\/h2>\n\n\n\n<p>J\u00e1 a GOL Linhas A\u00e9reas anunciou que pretende reduzir sua frota em at\u00e9 65 aeronaves. Essa redu\u00e7\u00e3o ir\u00e1, consequentemente diminuir os custos e os investimentos da empresa, at\u00e9 o ano de 2022. O plano da GOL inclui devolver alguns dos seus avi\u00f5es e cancelar a encomenda j\u00e1 feita de futuros equipamentos. <\/p>\n\n\n\n<h2 class=\"wp-block-heading\">A situa\u00e7\u00e3o da Azul inclui preservar ao m\u00e1ximo seus recursos<\/h2>\n\n\n\n<p>Por fim, a Azul, que alegou estar preparada para operar durante aproximadamente mais um ano dentro desse ambiente extremamente in\u00f3spito. Ainda assim, a empresa a\u00e9rea anunciou que tem feito v\u00e1rias negocia\u00e7\u00f5es paralelas. Essas negocia\u00e7\u00f5es incluem acordos com bancos, fornecedores e outros parceiros. Desta maneira a Azul conseguir\u00e1 preservar ao m\u00e1ximo os seus recursos dentro desse per\u00edodo.<\/p>\n","protected":false},"excerpt":{"rendered":"<p>2020 j\u00e1 \u00e9 o pior ano da hist\u00f3ria da avia\u00e7\u00e3o comercial no Brasil Ningu\u00e9m sabe quando a Pandemia do Coronav\u00edrus chegar\u00e1 ao fim. Muito menos quando ser\u00e1 colocada no mercado uma vacina que seja eficiente para proteger as pessoas e, neste caso, os viajantes, do cont\u00e1gio do Coronav\u00edrus. A \u00fanica certeza que temos, at\u00e9 agora [&hellip;]<\/p>\n","protected":false},"author":6,"featured_media":35692,"comment_status":"open","ping_status":"open","sticky":false,"template":"","format":"standard","meta":{"footnotes":""},"categories":[969,309,226,8],"tags":[],"class_list":["post-35679","post","type-post","status-publish","format-standard","has-post-thumbnail","hentry","category-acontece-no-turismo","category-ar","category-destaque","category-ir-e-vir"],"yoast_head":"<!-- This site is optimized with the Yoast SEO plugin v26.2 - https:\/\/yoast.com\/wordpress\/plugins\/seo\/ -->\n<title>COVID-19 e a situa\u00e7\u00e3o das companhias a\u00e9reas brasileiras - Travel3<\/title>\n<meta name=\"description\" content=\"COVID-19 e a situa\u00e7\u00e3o das companhias a\u00e9reas brasileiras; 2020 j\u00e1 \u00e9 considerado o pior ano para a avia\u00e7\u00e3o comercial do Brasil\" \/>\n<meta name=\"robots\" content=\"index, follow, max-snippet:-1, max-image-preview:large, max-video-preview:-1\" \/>\n<link rel=\"canonical\" href=\"https:\/\/www.travel3.com.br\/site\/acontece-no-turismo\/covid-19-situacao-aereas\/\" \/>\n<meta property=\"og:locale\" content=\"pt_BR\" \/>\n<meta property=\"og:type\" content=\"article\" \/>\n<meta property=\"og:title\" content=\"COVID-19 e a situa\u00e7\u00e3o das companhias a\u00e9reas brasileiras - Travel3\" \/>\n<meta property=\"og:description\" content=\"COVID-19 e a situa\u00e7\u00e3o das companhias a\u00e9reas brasileiras; 2020 j\u00e1 \u00e9 considerado o pior ano para a avia\u00e7\u00e3o comercial do Brasil\" \/>\n<meta property=\"og:url\" content=\"https:\/\/www.travel3.com.br\/site\/acontece-no-turismo\/covid-19-situacao-aereas\/\" \/>\n<meta property=\"og:site_name\" content=\"Travel3\" \/>\n<meta property=\"article:publisher\" content=\"https:\/\/www.facebook.com\/travel3media\/\" \/>\n<meta property=\"article:published_time\" content=\"2020-08-27T13:00:17+00:00\" \/>\n<meta property=\"og:image\" content=\"https:\/\/www.travel3.com.br\/site\/wp-content\/uploads\/2020\/08\/Aviao_A.jpg\" \/>\n\t<meta property=\"og:image:width\" content=\"1920\" \/>\n\t<meta property=\"og:image:height\" content=\"1447\" \/>\n\t<meta property=\"og:image:type\" content=\"image\/jpeg\" \/>\n<meta name=\"author\" content=\"Reda\u00e7\u00e3o Travel3\" \/>\n<meta name=\"twitter:card\" content=\"summary_large_image\" \/>\n<meta name=\"twitter:label1\" content=\"Escrito por\" \/>\n\t<meta name=\"twitter:data1\" content=\"Reda\u00e7\u00e3o Travel3\" \/>\n\t<meta name=\"twitter:label2\" content=\"Est. tempo de leitura\" \/>\n\t<meta name=\"twitter:data2\" content=\"2 minutos\" \/>\n<script type=\"application\/ld+json\" class=\"yoast-schema-graph\">{\"@context\":\"https:\/\/schema.org\",\"@graph\":[{\"@type\":\"Article\",\"@id\":\"https:\/\/www.travel3.com.br\/site\/acontece-no-turismo\/covid-19-situacao-aereas\/#article\",\"isPartOf\":{\"@id\":\"https:\/\/www.travel3.com.br\/site\/acontece-no-turismo\/covid-19-situacao-aereas\/\"},\"author\":{\"name\":\"Reda\u00e7\u00e3o Travel3\",\"@id\":\"https:\/\/www.travel3.com.br\/site\/#\/schema\/person\/9cff8daac0a2f1aa0799f827b8aa8308\"},\"headline\":\"COVID-19 e a situa\u00e7\u00e3o das companhias a\u00e9reas brasileiras\",\"datePublished\":\"2020-08-27T13:00:17+00:00\",\"mainEntityOfPage\":{\"@id\":\"https:\/\/www.travel3.com.br\/site\/acontece-no-turismo\/covid-19-situacao-aereas\/\"},\"wordCount\":345,\"commentCount\":0,\"publisher\":{\"@id\":\"https:\/\/www.travel3.com.br\/site\/#organization\"},\"image\":{\"@id\":\"https:\/\/www.travel3.com.br\/site\/acontece-no-turismo\/covid-19-situacao-aereas\/#primaryimage\"},\"thumbnailUrl\":\"https:\/\/www.travel3.com.br\/site\/wp-content\/uploads\/2020\/08\/Aviao_A.jpg\",\"articleSection\":[\"Acontece no Turismo\",\"Ar\",\"Destaque\",\"Ir e Vir\"],\"inLanguage\":\"pt-BR\",\"potentialAction\":[{\"@type\":\"CommentAction\",\"name\":\"Comment\",\"target\":[\"https:\/\/www.travel3.com.br\/site\/acontece-no-turismo\/covid-19-situacao-aereas\/#respond\"]}]},{\"@type\":\"WebPage\",\"@id\":\"https:\/\/www.travel3.com.br\/site\/acontece-no-turismo\/covid-19-situacao-aereas\/\",\"url\":\"https:\/\/www.travel3.com.br\/site\/acontece-no-turismo\/covid-19-situacao-aereas\/\",\"name\":\"COVID-19 e a situa\u00e7\u00e3o das companhias a\u00e9reas brasileiras - Travel3\",\"isPartOf\":{\"@id\":\"https:\/\/www.travel3.com.br\/site\/#website\"},\"primaryImageOfPage\":{\"@id\":\"https:\/\/www.travel3.com.br\/site\/acontece-no-turismo\/covid-19-situacao-aereas\/#primaryimage\"},\"image\":{\"@id\":\"https:\/\/www.travel3.com.br\/site\/acontece-no-turismo\/covid-19-situacao-aereas\/#primaryimage\"},\"thumbnailUrl\":\"https:\/\/www.travel3.com.br\/site\/wp-content\/uploads\/2020\/08\/Aviao_A.jpg\",\"datePublished\":\"2020-08-27T13:00:17+00:00\",\"description\":\"COVID-19 e a situa\u00e7\u00e3o das companhias a\u00e9reas brasileiras; 2020 j\u00e1 \u00e9 considerado o pior ano para a avia\u00e7\u00e3o comercial do Brasil\",\"breadcrumb\":{\"@id\":\"https:\/\/www.travel3.com.br\/site\/acontece-no-turismo\/covid-19-situacao-aereas\/#breadcrumb\"},\"inLanguage\":\"pt-BR\",\"potentialAction\":[{\"@type\":\"ReadAction\",\"target\":[\"https:\/\/www.travel3.com.br\/site\/acontece-no-turismo\/covid-19-situacao-aereas\/\"]}]},{\"@type\":\"ImageObject\",\"inLanguage\":\"pt-BR\",\"@id\":\"https:\/\/www.travel3.com.br\/site\/acontece-no-turismo\/covid-19-situacao-aereas\/#primaryimage\",\"url\":\"https:\/\/www.travel3.com.br\/site\/wp-content\/uploads\/2020\/08\/Aviao_A.jpg\",\"contentUrl\":\"https:\/\/www.travel3.com.br\/site\/wp-content\/uploads\/2020\/08\/Aviao_A.jpg\",\"width\":1920,\"height\":1447,\"caption\":\"(Desenho: Claudia Tonaco)\"},{\"@type\":\"BreadcrumbList\",\"@id\":\"https:\/\/www.travel3.com.br\/site\/acontece-no-turismo\/covid-19-situacao-aereas\/#breadcrumb\",\"itemListElement\":[{\"@type\":\"ListItem\",\"position\":1,\"name\":\"In\u00edcio\",\"item\":\"https:\/\/www.travel3.com.br\/site\/\"},{\"@type\":\"ListItem\",\"position\":2,\"name\":\"COVID-19 e a situa\u00e7\u00e3o das companhias a\u00e9reas brasileiras\"}]},{\"@type\":\"WebSite\",\"@id\":\"https:\/\/www.travel3.com.br\/site\/#website\",\"url\":\"https:\/\/www.travel3.com.br\/site\/\",\"name\":\"Travel3\",\"description\":\"Lazer + Neg&oacute;cios + Aventura\",\"publisher\":{\"@id\":\"https:\/\/www.travel3.com.br\/site\/#organization\"},\"potentialAction\":[{\"@type\":\"SearchAction\",\"target\":{\"@type\":\"EntryPoint\",\"urlTemplate\":\"https:\/\/www.travel3.com.br\/site\/?s={search_term_string}\"},\"query-input\":{\"@type\":\"PropertyValueSpecification\",\"valueRequired\":true,\"valueName\":\"search_term_string\"}}],\"inLanguage\":\"pt-BR\"},{\"@type\":\"Organization\",\"@id\":\"https:\/\/www.travel3.com.br\/site\/#organization\",\"name\":\"Travel3\",\"url\":\"https:\/\/www.travel3.com.br\/site\/\",\"logo\":{\"@type\":\"ImageObject\",\"inLanguage\":\"pt-BR\",\"@id\":\"https:\/\/www.travel3.com.br\/site\/#\/schema\/logo\/image\/\",\"url\":\"https:\/\/www.travel3.com.br\/site\/wp-content\/uploads\/2020\/01\/logo-travel3-2020.png\",\"contentUrl\":\"https:\/\/www.travel3.com.br\/site\/wp-content\/uploads\/2020\/01\/logo-travel3-2020.png\",\"width\":232,\"height\":79,\"caption\":\"Travel3\"},\"image\":{\"@id\":\"https:\/\/www.travel3.com.br\/site\/#\/schema\/logo\/image\/\"},\"sameAs\":[\"https:\/\/www.facebook.com\/travel3media\/\",\"https:\/\/www.instagram.com\/revistatravel3\/\",\"https:\/\/www.youtube.com\/channel\/UCno7J4paGBR3VbZQzvoJ9Eg\"]},{\"@type\":\"Person\",\"@id\":\"https:\/\/www.travel3.com.br\/site\/#\/schema\/person\/9cff8daac0a2f1aa0799f827b8aa8308\",\"name\":\"Reda\u00e7\u00e3o Travel3\",\"image\":{\"@type\":\"ImageObject\",\"inLanguage\":\"pt-BR\",\"@id\":\"https:\/\/www.travel3.com.br\/site\/#\/schema\/person\/image\/\",\"url\":\"https:\/\/secure.gravatar.com\/avatar\/6e6125525e1f04b7b8c607d71556e490?s=96&d=mm&r=g\",\"contentUrl\":\"https:\/\/secure.gravatar.com\/avatar\/6e6125525e1f04b7b8c607d71556e490?s=96&d=mm&r=g\",\"caption\":\"Reda\u00e7\u00e3o Travel3\"},\"sameAs\":[\"http:\/\/www.travel3.com.br\"],\"url\":\"https:\/\/www.travel3.com.br\/site\/author\/redacao2\/\"}]}<\/script>\n<!-- \/ Yoast SEO plugin. -->","yoast_head_json":{"title":"COVID-19 e a situa\u00e7\u00e3o das companhias a\u00e9reas brasileiras - Travel3","description":"COVID-19 e a situa\u00e7\u00e3o das companhias a\u00e9reas brasileiras; 2020 j\u00e1 \u00e9 considerado o pior ano para a avia\u00e7\u00e3o comercial do Brasil","robots":{"index":"index","follow":"follow","max-snippet":"max-snippet:-1","max-image-preview":"max-image-preview:large","max-video-preview":"max-video-preview:-1"},"canonical":"https:\/\/www.travel3.com.br\/site\/acontece-no-turismo\/covid-19-situacao-aereas\/","og_locale":"pt_BR","og_type":"article","og_title":"COVID-19 e a situa\u00e7\u00e3o das companhias a\u00e9reas brasileiras - Travel3","og_description":"COVID-19 e a situa\u00e7\u00e3o das companhias a\u00e9reas brasileiras; 2020 j\u00e1 \u00e9 considerado o pior ano para a avia\u00e7\u00e3o comercial do Brasil","og_url":"https:\/\/www.travel3.com.br\/site\/acontece-no-turismo\/covid-19-situacao-aereas\/","og_site_name":"Travel3","article_publisher":"https:\/\/www.facebook.com\/travel3media\/","article_published_time":"2020-08-27T13:00:17+00:00","og_image":[{"width":1920,"height":1447,"url":"https:\/\/www.travel3.com.br\/site\/wp-content\/uploads\/2020\/08\/Aviao_A.jpg","type":"image\/jpeg"}],"author":"Reda\u00e7\u00e3o Travel3","twitter_card":"summary_large_image","twitter_misc":{"Escrito por":"Reda\u00e7\u00e3o Travel3","Est. tempo de leitura":"2 minutos"},"schema":{"@context":"https:\/\/schema.org","@graph":[{"@type":"Article","@id":"https:\/\/www.travel3.com.br\/site\/acontece-no-turismo\/covid-19-situacao-aereas\/#article","isPartOf":{"@id":"https:\/\/www.travel3.com.br\/site\/acontece-no-turismo\/covid-19-situacao-aereas\/"},"author":{"name":"Reda\u00e7\u00e3o Travel3","@id":"https:\/\/www.travel3.com.br\/site\/#\/schema\/person\/9cff8daac0a2f1aa0799f827b8aa8308"},"headline":"COVID-19 e a situa\u00e7\u00e3o das companhias a\u00e9reas brasileiras","datePublished":"2020-08-27T13:00:17+00:00","mainEntityOfPage":{"@id":"https:\/\/www.travel3.com.br\/site\/acontece-no-turismo\/covid-19-situacao-aereas\/"},"wordCount":345,"commentCount":0,"publisher":{"@id":"https:\/\/www.travel3.com.br\/site\/#organization"},"image":{"@id":"https:\/\/www.travel3.com.br\/site\/acontece-no-turismo\/covid-19-situacao-aereas\/#primaryimage"},"thumbnailUrl":"https:\/\/www.travel3.com.br\/site\/wp-content\/uploads\/2020\/08\/Aviao_A.jpg","articleSection":["Acontece no Turismo","Ar","Destaque","Ir e Vir"],"inLanguage":"pt-BR","potentialAction":[{"@type":"CommentAction","name":"Comment","target":["https:\/\/www.travel3.com.br\/site\/acontece-no-turismo\/covid-19-situacao-aereas\/#respond"]}]},{"@type":"WebPage","@id":"https:\/\/www.travel3.com.br\/site\/acontece-no-turismo\/covid-19-situacao-aereas\/","url":"https:\/\/www.travel3.com.br\/site\/acontece-no-turismo\/covid-19-situacao-aereas\/","name":"COVID-19 e a situa\u00e7\u00e3o das companhias a\u00e9reas brasileiras - Travel3","isPartOf":{"@id":"https:\/\/www.travel3.com.br\/site\/#website"},"primaryImageOfPage":{"@id":"https:\/\/www.travel3.com.br\/site\/acontece-no-turismo\/covid-19-situacao-aereas\/#primaryimage"},"image":{"@id":"https:\/\/www.travel3.com.br\/site\/acontece-no-turismo\/covid-19-situacao-aereas\/#primaryimage"},"thumbnailUrl":"https:\/\/www.travel3.com.br\/site\/wp-content\/uploads\/2020\/08\/Aviao_A.jpg","datePublished":"2020-08-27T13:00:17+00:00","description":"COVID-19 e a situa\u00e7\u00e3o das companhias a\u00e9reas brasileiras; 2020 j\u00e1 \u00e9 considerado o pior ano para a avia\u00e7\u00e3o comercial do Brasil","breadcrumb":{"@id":"https:\/\/www.travel3.com.br\/site\/acontece-no-turismo\/covid-19-situacao-aereas\/#breadcrumb"},"inLanguage":"pt-BR","potentialAction":[{"@type":"ReadAction","target":["https:\/\/www.travel3.com.br\/site\/acontece-no-turismo\/covid-19-situacao-aereas\/"]}]},{"@type":"ImageObject","inLanguage":"pt-BR","@id":"https:\/\/www.travel3.com.br\/site\/acontece-no-turismo\/covid-19-situacao-aereas\/#primaryimage","url":"https:\/\/www.travel3.com.br\/site\/wp-content\/uploads\/2020\/08\/Aviao_A.jpg","contentUrl":"https:\/\/www.travel3.com.br\/site\/wp-content\/uploads\/2020\/08\/Aviao_A.jpg","width":1920,"height":1447,"caption":"(Desenho: Claudia Tonaco)"},{"@type":"BreadcrumbList","@id":"https:\/\/www.travel3.com.br\/site\/acontece-no-turismo\/covid-19-situacao-aereas\/#breadcrumb","itemListElement":[{"@type":"ListItem","position":1,"name":"In\u00edcio","item":"https:\/\/www.travel3.com.br\/site\/"},{"@type":"ListItem","position":2,"name":"COVID-19 e a situa\u00e7\u00e3o das companhias a\u00e9reas brasileiras"}]},{"@type":"WebSite","@id":"https:\/\/www.travel3.com.br\/site\/#website","url":"https:\/\/www.travel3.com.br\/site\/","name":"Travel3","description":"Lazer + Neg&oacute;cios + Aventura","publisher":{"@id":"https:\/\/www.travel3.com.br\/site\/#organization"},"potentialAction":[{"@type":"SearchAction","target":{"@type":"EntryPoint","urlTemplate":"https:\/\/www.travel3.com.br\/site\/?s={search_term_string}"},"query-input":{"@type":"PropertyValueSpecification","valueRequired":true,"valueName":"search_term_string"}}],"inLanguage":"pt-BR"},{"@type":"Organization","@id":"https:\/\/www.travel3.com.br\/site\/#organization","name":"Travel3","url":"https:\/\/www.travel3.com.br\/site\/","logo":{"@type":"ImageObject","inLanguage":"pt-BR","@id":"https:\/\/www.travel3.com.br\/site\/#\/schema\/logo\/image\/","url":"https:\/\/www.travel3.com.br\/site\/wp-content\/uploads\/2020\/01\/logo-travel3-2020.png","contentUrl":"https:\/\/www.travel3.com.br\/site\/wp-content\/uploads\/2020\/01\/logo-travel3-2020.png","width":232,"height":79,"caption":"Travel3"},"image":{"@id":"https:\/\/www.travel3.com.br\/site\/#\/schema\/logo\/image\/"},"sameAs":["https:\/\/www.facebook.com\/travel3media\/","https:\/\/www.instagram.com\/revistatravel3\/","https:\/\/www.youtube.com\/channel\/UCno7J4paGBR3VbZQzvoJ9Eg"]},{"@type":"Person","@id":"https:\/\/www.travel3.com.br\/site\/#\/schema\/person\/9cff8daac0a2f1aa0799f827b8aa8308","name":"Reda\u00e7\u00e3o Travel3","image":{"@type":"ImageObject","inLanguage":"pt-BR","@id":"https:\/\/www.travel3.com.br\/site\/#\/schema\/person\/image\/","url":"https:\/\/secure.gravatar.com\/avatar\/6e6125525e1f04b7b8c607d71556e490?s=96&d=mm&r=g","contentUrl":"https:\/\/secure.gravatar.com\/avatar\/6e6125525e1f04b7b8c607d71556e490?s=96&d=mm&r=g","caption":"Reda\u00e7\u00e3o Travel3"},"sameAs":["http:\/\/www.travel3.com.br"],"url":"https:\/\/www.travel3.com.br\/site\/author\/redacao2\/"}]}},"_links":{"self":[{"href":"https:\/\/www.travel3.com.br\/site\/wp-json\/wp\/v2\/posts\/35679","targetHints":{"allow":["GET"]}}],"collection":[{"href":"https:\/\/www.travel3.com.br\/site\/wp-json\/wp\/v2\/posts"}],"about":[{"href":"https:\/\/www.travel3.com.br\/site\/wp-json\/wp\/v2\/types\/post"}],"author":[{"embeddable":true,"href":"https:\/\/www.travel3.com.br\/site\/wp-json\/wp\/v2\/users\/6"}],"replies":[{"embeddable":true,"href":"https:\/\/www.travel3.com.br\/site\/wp-json\/wp\/v2\/comments?post=35679"}],"version-history":[{"count":11,"href":"https:\/\/www.travel3.com.br\/site\/wp-json\/wp\/v2\/posts\/35679\/revisions"}],"predecessor-version":[{"id":35693,"href":"https:\/\/www.travel3.com.br\/site\/wp-json\/wp\/v2\/posts\/35679\/revisions\/35693"}],"wp:featuredmedia":[{"embeddable":true,"href":"https:\/\/www.travel3.com.br\/site\/wp-json\/wp\/v2\/media\/35692"}],"wp:attachment":[{"href":"https:\/\/www.travel3.com.br\/site\/wp-json\/wp\/v2\/media?parent=35679"}],"wp:term":[{"taxonomy":"category","embeddable":true,"href":"https:\/\/www.travel3.com.br\/site\/wp-json\/wp\/v2\/categories?post=35679"},{"taxonomy":"post_tag","embeddable":true,"href":"https:\/\/www.travel3.com.br\/site\/wp-json\/wp\/v2\/tags?post=35679"}],"curies":[{"name":"wp","href":"https:\/\/api.w.org\/{rel}","templated":true}]}}