{"id":35562,"date":"2020-08-19T21:09:01","date_gmt":"2020-08-20T00:09:01","guid":{"rendered":"https:\/\/www.travel3.com.br\/?p=35562"},"modified":"2020-08-19T21:09:14","modified_gmt":"2020-08-20T00:09:14","slug":"dia-mundial-da-fotografia","status":"publish","type":"post","link":"https:\/\/www.travel3.com.br\/site\/comece-a-viajar\/dia-mundial-da-fotografia\/","title":{"rendered":"Um Roteiro Mineiro para viajar no Dia Mundial da Fotografia"},"content":{"rendered":"\n<h3 class=\"wp-block-heading\" style=\"text-align:center\">Porque fotografar cada vez mais, tem tudo a ver com viagem<\/h3>\n\n\n\n<p class=\"has-drop-cap has-medium-font-size\">Hoje \u00e9 o dia mundial da fotografia. Seja pelo celular ou pela cada vez menos utilizada m\u00e1quina fotogr\u00e1fica, clicar todo e qualquer tipo de cena se tornou quase uma obsess\u00e3o. Isso acontece, obviamente, desde o advento das m\u00eddias sociais. Quem viaja e n\u00e3o faz fotos para publicar no <a href=\"https:\/\/www.instagram.com\/revistatravel3\/\" target=\"_blank\" rel=\"noreferrer noopener\" aria-label=\"Instagram (opens in a new tab)\">Instagram<\/a>, n\u00e3o vive neste planeta.<\/p>\n\n\n\n<p class=\"has-medium-font-size\">Dito isso, devo confessar que eu n\u00e3o gosto de fotografar. S\u00f3 o fa\u00e7o pois \u00e9 parte da minha profiss\u00e3o. O que gosto mesmo \u00e9 de apreciar uma imagem, principalmente as cores, as formas, as texturas e tudo o que vem de carona com a cena. Curto sentir os cheiros, os sons, os ru\u00eddos e a temperatura do ambiente, tanto quanto observar a rea\u00e7\u00e3o das pessoas que est\u00e3o ali tamb\u00e9m, olhando para aquela mesma imagem. E cada vez mais, as pessoas olham menos para o que est\u00e3o fotografando porque o objetivo final delas n\u00e3o \u00e9 a imagem em si. Mas isso \u00e9 assunto para uma outra viagem.<\/p>\n\n\n\n<p class=\"has-medium-font-size\">Um grande pretexto que uso para apreciar um cen\u00e1rio, um monumento, ou um pr\u00e9dio de linhas surpreendentes \u00e9 escolher um lugar tranquilo onde eu possa me sentar, abrir meu di\u00e1rio de viagens e desenhar. Esse sim \u00e9 o meu grande prazer. Provavelmente foi por causa dele que decidi ser uma narradora de viagens. <\/p>\n\n\n\n<p class=\"has-medium-font-size\">Os lugares mais fotog\u00eanicos que conheci n\u00e3o est\u00e3o no meu arquivo de fotos. Preferi passar o meu tempo ali, n\u00e3o fotografando, mas desenhando croquis ou fazendo pequenas aquarelas para guardar, do jeito mais prazeroso, aquelas paisagens esteticamente belas, ou de cores emocionantes, ou de significados arrebatadores. <\/p>\n\n\n\n<figure class=\"wp-block-image\"><img loading=\"lazy\" decoding=\"async\" width=\"1024\" height=\"768\" src=\"https:\/\/www.travel3.com.br\/site\/wp-content\/uploads\/2020\/08\/Diario13_A-1024x768.jpg\" alt=\"Igreja Barroca Minas Gerais\" class=\"wp-image-35574\" srcset=\"https:\/\/www.travel3.com.br\/site\/wp-content\/uploads\/2020\/08\/Diario13_A-1024x768.jpg 1024w, https:\/\/www.travel3.com.br\/site\/wp-content\/uploads\/2020\/08\/Diario13_A-300x225.jpg 300w, https:\/\/www.travel3.com.br\/site\/wp-content\/uploads\/2020\/08\/Diario13_A-768x576.jpg 768w, https:\/\/www.travel3.com.br\/site\/wp-content\/uploads\/2020\/08\/Diario13_A-750x563.jpg 750w, https:\/\/www.travel3.com.br\/site\/wp-content\/uploads\/2020\/08\/Diario13_A-1140x855.jpg 1140w, https:\/\/www.travel3.com.br\/site\/wp-content\/uploads\/2020\/08\/Diario13_A.jpg 1920w\" sizes=\"auto, (max-width: 1024px) 100vw, 1024px\" \/><figcaption>(Desenhos: Claudia Tonaco)<\/figcaption><\/figure>\n\n\n\n<h2 class=\"wp-block-heading\">Mas hoje \u00e9 o Dia Mundial da Fotografia, que tem tudo a ver com viagens. Por isso eu fiz um roteiro tem\u00e1tico que come\u00e7a em Minas Gerais. \u00a0<\/h2>\n\n\n\n<p class=\"has-medium-font-size\">Esse estado \u00e9 t\u00e3o lindo que, n\u00e3o importa a dire\u00e7\u00e3o que voc\u00ea resolva tomar. Qualquer que seja o seu Norte, todos os pontos cardeais te levar\u00e3o at\u00e9 um cen\u00e1rio de tirar o f\u00f4lego. Uma viagem por Minas \u00e9 colorida pelos tons terrosos, que v\u00e3o da clara poeira das estradinhas de terra do interior, ao marrom enferrujado que tinge a vegeta\u00e7\u00e3o, consequ\u00eancia das riquezas extra\u00eddas do nosso subsolo. Esse roteiro deve incluir paradas no meio do caminho, para voc\u00ea admirar ao longe, telhados tortos de fazendas solit\u00e1rias boiando sobre o t\u00e3o falado mar de montanhas. A fotogenia mineira est\u00e1 nos tons brilhantes dos tachos de cobre que fumegam um vermelho viscoso durante o preparo da mais aut\u00eantica goiabada, sobre um fog\u00e3o a lenha tingido de fuligem. E a porteira de madeira acinzentada fica bem enquadrada, ao lado do lat\u00e3o de leite, que espera paciente ser levado para a cooperativa.<\/p>\n\n\n\n<p class=\"has-medium-font-size\">Viajar por estradas mineiras tamb\u00e9m \u00e9 seguir as linhas intrigantes da arquitetura barroca, cheia de dourados e prateados; os amarelos mostarda e os azuis angelicais da arte sacra, guardadas pelas cidades hist\u00f3ricas. Por fim, \u00e9 poss\u00edvel combinar, numa \u00fanica imagem, os pequenos respiros de verdes que resistem entre as tonalidades concretas das cidades grandes. Acrescente o cheiro, o ru\u00eddo e as pessoas e voc\u00ea ter\u00e1 um cart\u00e3o postal de Minas Gerais.<\/p>\n","protected":false},"excerpt":{"rendered":"<p>Porque fotografar cada vez mais, tem tudo a ver com viagem Hoje \u00e9 o dia mundial da fotografia. Seja pelo celular ou pela cada vez menos utilizada m\u00e1quina fotogr\u00e1fica, clicar todo e qualquer tipo de cena se tornou quase uma obsess\u00e3o. Isso acontece, obviamente, desde o advento das m\u00eddias sociais. Quem viaja e n\u00e3o faz [&hellip;]<\/p>\n","protected":false},"author":4,"featured_media":35573,"comment_status":"open","ping_status":"open","sticky":false,"template":"","format":"standard","meta":{"footnotes":""},"categories":[178,884,226,10],"tags":[4253,355,181,251],"class_list":["post-35562","post","type-post","status-publish","format-standard","has-post-thumbnail","hentry","category-brasil","category-comece-a-viajar","category-destaque","category-destinos","tag-dia-mundial-da-fotografia","tag-minas-gerais","tag-viagem","tag-viagem-nacional"],"yoast_head":"<!-- This site is optimized with the Yoast SEO plugin v26.2 - https:\/\/yoast.com\/wordpress\/plugins\/seo\/ -->\n<title>Um Roteiro Mineiro para viajar no Dia Mundial da Fotografia - Travel3<\/title>\n<meta name=\"description\" content=\"Um roteiro mineiro para viajar no Dia Mundial da Fotografia; porque fotografar cada vez mais tem tudo a ver com embarcar em uma viagem\" \/>\n<meta name=\"robots\" content=\"index, follow, max-snippet:-1, max-image-preview:large, max-video-preview:-1\" \/>\n<link rel=\"canonical\" href=\"https:\/\/www.travel3.com.br\/site\/comece-a-viajar\/dia-mundial-da-fotografia\/\" \/>\n<meta property=\"og:locale\" content=\"pt_BR\" \/>\n<meta property=\"og:type\" content=\"article\" \/>\n<meta property=\"og:title\" content=\"Um Roteiro Mineiro para viajar no Dia Mundial da Fotografia - Travel3\" \/>\n<meta property=\"og:description\" content=\"Um roteiro mineiro para viajar no Dia Mundial da Fotografia; porque fotografar cada vez mais tem tudo a ver com embarcar em uma viagem\" \/>\n<meta property=\"og:url\" content=\"https:\/\/www.travel3.com.br\/site\/comece-a-viajar\/dia-mundial-da-fotografia\/\" \/>\n<meta property=\"og:site_name\" content=\"Travel3\" \/>\n<meta property=\"article:publisher\" content=\"https:\/\/www.facebook.com\/travel3media\/\" \/>\n<meta property=\"article:published_time\" content=\"2020-08-20T00:09:01+00:00\" \/>\n<meta property=\"article:modified_time\" content=\"2020-08-20T00:09:14+00:00\" \/>\n<meta property=\"og:image\" content=\"https:\/\/www.travel3.com.br\/site\/wp-content\/uploads\/2020\/08\/Diario10_AA.jpg\" \/>\n\t<meta property=\"og:image:width\" content=\"1920\" \/>\n\t<meta property=\"og:image:height\" content=\"1382\" \/>\n\t<meta property=\"og:image:type\" content=\"image\/jpeg\" \/>\n<meta name=\"author\" content=\"Claudia Tonaco\" \/>\n<meta name=\"twitter:card\" content=\"summary_large_image\" \/>\n<meta name=\"twitter:label1\" content=\"Escrito por\" \/>\n\t<meta name=\"twitter:data1\" content=\"Claudia Tonaco\" \/>\n\t<meta name=\"twitter:label2\" content=\"Est. tempo de leitura\" \/>\n\t<meta name=\"twitter:data2\" content=\"3 minutos\" \/>\n<script type=\"application\/ld+json\" class=\"yoast-schema-graph\">{\"@context\":\"https:\/\/schema.org\",\"@graph\":[{\"@type\":\"Article\",\"@id\":\"https:\/\/www.travel3.com.br\/site\/comece-a-viajar\/dia-mundial-da-fotografia\/#article\",\"isPartOf\":{\"@id\":\"https:\/\/www.travel3.com.br\/site\/comece-a-viajar\/dia-mundial-da-fotografia\/\"},\"author\":{\"name\":\"Claudia Tonaco\",\"@id\":\"https:\/\/www.travel3.com.br\/site\/#\/schema\/person\/ad24a6ccba88dcd54877f3d2fb76c605\"},\"headline\":\"Um Roteiro Mineiro para viajar no Dia Mundial da Fotografia\",\"datePublished\":\"2020-08-20T00:09:01+00:00\",\"dateModified\":\"2020-08-20T00:09:14+00:00\",\"mainEntityOfPage\":{\"@id\":\"https:\/\/www.travel3.com.br\/site\/comece-a-viajar\/dia-mundial-da-fotografia\/\"},\"wordCount\":560,\"commentCount\":0,\"publisher\":{\"@id\":\"https:\/\/www.travel3.com.br\/site\/#organization\"},\"image\":{\"@id\":\"https:\/\/www.travel3.com.br\/site\/comece-a-viajar\/dia-mundial-da-fotografia\/#primaryimage\"},\"thumbnailUrl\":\"https:\/\/www.travel3.com.br\/site\/wp-content\/uploads\/2020\/08\/Diario10_AA.jpg\",\"keywords\":[\"Dia Mundial da Fotografia\",\"Minas Gerais\",\"Viagem\",\"viagem nacional\"],\"articleSection\":[\"Brasil\",\"Comece a Viajar\",\"Destaque\",\"Destinos\"],\"inLanguage\":\"pt-BR\",\"potentialAction\":[{\"@type\":\"CommentAction\",\"name\":\"Comment\",\"target\":[\"https:\/\/www.travel3.com.br\/site\/comece-a-viajar\/dia-mundial-da-fotografia\/#respond\"]}]},{\"@type\":\"WebPage\",\"@id\":\"https:\/\/www.travel3.com.br\/site\/comece-a-viajar\/dia-mundial-da-fotografia\/\",\"url\":\"https:\/\/www.travel3.com.br\/site\/comece-a-viajar\/dia-mundial-da-fotografia\/\",\"name\":\"Um Roteiro Mineiro para viajar no Dia Mundial da Fotografia - Travel3\",\"isPartOf\":{\"@id\":\"https:\/\/www.travel3.com.br\/site\/#website\"},\"primaryImageOfPage\":{\"@id\":\"https:\/\/www.travel3.com.br\/site\/comece-a-viajar\/dia-mundial-da-fotografia\/#primaryimage\"},\"image\":{\"@id\":\"https:\/\/www.travel3.com.br\/site\/comece-a-viajar\/dia-mundial-da-fotografia\/#primaryimage\"},\"thumbnailUrl\":\"https:\/\/www.travel3.com.br\/site\/wp-content\/uploads\/2020\/08\/Diario10_AA.jpg\",\"datePublished\":\"2020-08-20T00:09:01+00:00\",\"dateModified\":\"2020-08-20T00:09:14+00:00\",\"description\":\"Um roteiro mineiro para viajar no Dia Mundial da Fotografia; porque fotografar cada vez mais tem tudo a ver com embarcar em uma viagem\",\"breadcrumb\":{\"@id\":\"https:\/\/www.travel3.com.br\/site\/comece-a-viajar\/dia-mundial-da-fotografia\/#breadcrumb\"},\"inLanguage\":\"pt-BR\",\"potentialAction\":[{\"@type\":\"ReadAction\",\"target\":[\"https:\/\/www.travel3.com.br\/site\/comece-a-viajar\/dia-mundial-da-fotografia\/\"]}]},{\"@type\":\"ImageObject\",\"inLanguage\":\"pt-BR\",\"@id\":\"https:\/\/www.travel3.com.br\/site\/comece-a-viajar\/dia-mundial-da-fotografia\/#primaryimage\",\"url\":\"https:\/\/www.travel3.com.br\/site\/wp-content\/uploads\/2020\/08\/Diario10_AA.jpg\",\"contentUrl\":\"https:\/\/www.travel3.com.br\/site\/wp-content\/uploads\/2020\/08\/Diario10_AA.jpg\",\"width\":1920,\"height\":1382,\"caption\":\"(Desenho: Claudia Tonaco)\"},{\"@type\":\"BreadcrumbList\",\"@id\":\"https:\/\/www.travel3.com.br\/site\/comece-a-viajar\/dia-mundial-da-fotografia\/#breadcrumb\",\"itemListElement\":[{\"@type\":\"ListItem\",\"position\":1,\"name\":\"In\u00edcio\",\"item\":\"https:\/\/www.travel3.com.br\/site\/\"},{\"@type\":\"ListItem\",\"position\":2,\"name\":\"Um Roteiro Mineiro para viajar no Dia Mundial da Fotografia\"}]},{\"@type\":\"WebSite\",\"@id\":\"https:\/\/www.travel3.com.br\/site\/#website\",\"url\":\"https:\/\/www.travel3.com.br\/site\/\",\"name\":\"Travel3\",\"description\":\"Lazer + Neg&oacute;cios + Aventura\",\"publisher\":{\"@id\":\"https:\/\/www.travel3.com.br\/site\/#organization\"},\"potentialAction\":[{\"@type\":\"SearchAction\",\"target\":{\"@type\":\"EntryPoint\",\"urlTemplate\":\"https:\/\/www.travel3.com.br\/site\/?s={search_term_string}\"},\"query-input\":{\"@type\":\"PropertyValueSpecification\",\"valueRequired\":true,\"valueName\":\"search_term_string\"}}],\"inLanguage\":\"pt-BR\"},{\"@type\":\"Organization\",\"@id\":\"https:\/\/www.travel3.com.br\/site\/#organization\",\"name\":\"Travel3\",\"url\":\"https:\/\/www.travel3.com.br\/site\/\",\"logo\":{\"@type\":\"ImageObject\",\"inLanguage\":\"pt-BR\",\"@id\":\"https:\/\/www.travel3.com.br\/site\/#\/schema\/logo\/image\/\",\"url\":\"https:\/\/www.travel3.com.br\/site\/wp-content\/uploads\/2020\/01\/logo-travel3-2020.png\",\"contentUrl\":\"https:\/\/www.travel3.com.br\/site\/wp-content\/uploads\/2020\/01\/logo-travel3-2020.png\",\"width\":232,\"height\":79,\"caption\":\"Travel3\"},\"image\":{\"@id\":\"https:\/\/www.travel3.com.br\/site\/#\/schema\/logo\/image\/\"},\"sameAs\":[\"https:\/\/www.facebook.com\/travel3media\/\",\"https:\/\/www.instagram.com\/revistatravel3\/\",\"https:\/\/www.youtube.com\/channel\/UCno7J4paGBR3VbZQzvoJ9Eg\"]},{\"@type\":\"Person\",\"@id\":\"https:\/\/www.travel3.com.br\/site\/#\/schema\/person\/ad24a6ccba88dcd54877f3d2fb76c605\",\"name\":\"Claudia Tonaco\",\"image\":{\"@type\":\"ImageObject\",\"inLanguage\":\"pt-BR\",\"@id\":\"https:\/\/www.travel3.com.br\/site\/#\/schema\/person\/image\/\",\"url\":\"https:\/\/secure.gravatar.com\/avatar\/7c64bb31135bb8c28f49658a042f8b8a?s=96&d=mm&r=g\",\"contentUrl\":\"https:\/\/secure.gravatar.com\/avatar\/7c64bb31135bb8c28f49658a042f8b8a?s=96&d=mm&r=g\",\"caption\":\"Claudia Tonaco\"},\"sameAs\":[\"http:\/\/www.travel3.com.br\"],\"url\":\"https:\/\/www.travel3.com.br\/site\/author\/tonaco\/\"}]}<\/script>\n<!-- \/ Yoast SEO plugin. -->","yoast_head_json":{"title":"Um Roteiro Mineiro para viajar no Dia Mundial da Fotografia - Travel3","description":"Um roteiro mineiro para viajar no Dia Mundial da Fotografia; porque fotografar cada vez mais tem tudo a ver com embarcar em uma viagem","robots":{"index":"index","follow":"follow","max-snippet":"max-snippet:-1","max-image-preview":"max-image-preview:large","max-video-preview":"max-video-preview:-1"},"canonical":"https:\/\/www.travel3.com.br\/site\/comece-a-viajar\/dia-mundial-da-fotografia\/","og_locale":"pt_BR","og_type":"article","og_title":"Um Roteiro Mineiro para viajar no Dia Mundial da Fotografia - Travel3","og_description":"Um roteiro mineiro para viajar no Dia Mundial da Fotografia; porque fotografar cada vez mais tem tudo a ver com embarcar em uma viagem","og_url":"https:\/\/www.travel3.com.br\/site\/comece-a-viajar\/dia-mundial-da-fotografia\/","og_site_name":"Travel3","article_publisher":"https:\/\/www.facebook.com\/travel3media\/","article_published_time":"2020-08-20T00:09:01+00:00","article_modified_time":"2020-08-20T00:09:14+00:00","og_image":[{"width":1920,"height":1382,"url":"https:\/\/www.travel3.com.br\/site\/wp-content\/uploads\/2020\/08\/Diario10_AA.jpg","type":"image\/jpeg"}],"author":"Claudia Tonaco","twitter_card":"summary_large_image","twitter_misc":{"Escrito por":"Claudia Tonaco","Est. tempo de leitura":"3 minutos"},"schema":{"@context":"https:\/\/schema.org","@graph":[{"@type":"Article","@id":"https:\/\/www.travel3.com.br\/site\/comece-a-viajar\/dia-mundial-da-fotografia\/#article","isPartOf":{"@id":"https:\/\/www.travel3.com.br\/site\/comece-a-viajar\/dia-mundial-da-fotografia\/"},"author":{"name":"Claudia Tonaco","@id":"https:\/\/www.travel3.com.br\/site\/#\/schema\/person\/ad24a6ccba88dcd54877f3d2fb76c605"},"headline":"Um Roteiro Mineiro para viajar no Dia Mundial da Fotografia","datePublished":"2020-08-20T00:09:01+00:00","dateModified":"2020-08-20T00:09:14+00:00","mainEntityOfPage":{"@id":"https:\/\/www.travel3.com.br\/site\/comece-a-viajar\/dia-mundial-da-fotografia\/"},"wordCount":560,"commentCount":0,"publisher":{"@id":"https:\/\/www.travel3.com.br\/site\/#organization"},"image":{"@id":"https:\/\/www.travel3.com.br\/site\/comece-a-viajar\/dia-mundial-da-fotografia\/#primaryimage"},"thumbnailUrl":"https:\/\/www.travel3.com.br\/site\/wp-content\/uploads\/2020\/08\/Diario10_AA.jpg","keywords":["Dia Mundial da Fotografia","Minas Gerais","Viagem","viagem nacional"],"articleSection":["Brasil","Comece a Viajar","Destaque","Destinos"],"inLanguage":"pt-BR","potentialAction":[{"@type":"CommentAction","name":"Comment","target":["https:\/\/www.travel3.com.br\/site\/comece-a-viajar\/dia-mundial-da-fotografia\/#respond"]}]},{"@type":"WebPage","@id":"https:\/\/www.travel3.com.br\/site\/comece-a-viajar\/dia-mundial-da-fotografia\/","url":"https:\/\/www.travel3.com.br\/site\/comece-a-viajar\/dia-mundial-da-fotografia\/","name":"Um Roteiro Mineiro para viajar no Dia Mundial da Fotografia - Travel3","isPartOf":{"@id":"https:\/\/www.travel3.com.br\/site\/#website"},"primaryImageOfPage":{"@id":"https:\/\/www.travel3.com.br\/site\/comece-a-viajar\/dia-mundial-da-fotografia\/#primaryimage"},"image":{"@id":"https:\/\/www.travel3.com.br\/site\/comece-a-viajar\/dia-mundial-da-fotografia\/#primaryimage"},"thumbnailUrl":"https:\/\/www.travel3.com.br\/site\/wp-content\/uploads\/2020\/08\/Diario10_AA.jpg","datePublished":"2020-08-20T00:09:01+00:00","dateModified":"2020-08-20T00:09:14+00:00","description":"Um roteiro mineiro para viajar no Dia Mundial da Fotografia; porque fotografar cada vez mais tem tudo a ver com embarcar em uma viagem","breadcrumb":{"@id":"https:\/\/www.travel3.com.br\/site\/comece-a-viajar\/dia-mundial-da-fotografia\/#breadcrumb"},"inLanguage":"pt-BR","potentialAction":[{"@type":"ReadAction","target":["https:\/\/www.travel3.com.br\/site\/comece-a-viajar\/dia-mundial-da-fotografia\/"]}]},{"@type":"ImageObject","inLanguage":"pt-BR","@id":"https:\/\/www.travel3.com.br\/site\/comece-a-viajar\/dia-mundial-da-fotografia\/#primaryimage","url":"https:\/\/www.travel3.com.br\/site\/wp-content\/uploads\/2020\/08\/Diario10_AA.jpg","contentUrl":"https:\/\/www.travel3.com.br\/site\/wp-content\/uploads\/2020\/08\/Diario10_AA.jpg","width":1920,"height":1382,"caption":"(Desenho: Claudia Tonaco)"},{"@type":"BreadcrumbList","@id":"https:\/\/www.travel3.com.br\/site\/comece-a-viajar\/dia-mundial-da-fotografia\/#breadcrumb","itemListElement":[{"@type":"ListItem","position":1,"name":"In\u00edcio","item":"https:\/\/www.travel3.com.br\/site\/"},{"@type":"ListItem","position":2,"name":"Um Roteiro Mineiro para viajar no Dia Mundial da Fotografia"}]},{"@type":"WebSite","@id":"https:\/\/www.travel3.com.br\/site\/#website","url":"https:\/\/www.travel3.com.br\/site\/","name":"Travel3","description":"Lazer + Neg&oacute;cios + Aventura","publisher":{"@id":"https:\/\/www.travel3.com.br\/site\/#organization"},"potentialAction":[{"@type":"SearchAction","target":{"@type":"EntryPoint","urlTemplate":"https:\/\/www.travel3.com.br\/site\/?s={search_term_string}"},"query-input":{"@type":"PropertyValueSpecification","valueRequired":true,"valueName":"search_term_string"}}],"inLanguage":"pt-BR"},{"@type":"Organization","@id":"https:\/\/www.travel3.com.br\/site\/#organization","name":"Travel3","url":"https:\/\/www.travel3.com.br\/site\/","logo":{"@type":"ImageObject","inLanguage":"pt-BR","@id":"https:\/\/www.travel3.com.br\/site\/#\/schema\/logo\/image\/","url":"https:\/\/www.travel3.com.br\/site\/wp-content\/uploads\/2020\/01\/logo-travel3-2020.png","contentUrl":"https:\/\/www.travel3.com.br\/site\/wp-content\/uploads\/2020\/01\/logo-travel3-2020.png","width":232,"height":79,"caption":"Travel3"},"image":{"@id":"https:\/\/www.travel3.com.br\/site\/#\/schema\/logo\/image\/"},"sameAs":["https:\/\/www.facebook.com\/travel3media\/","https:\/\/www.instagram.com\/revistatravel3\/","https:\/\/www.youtube.com\/channel\/UCno7J4paGBR3VbZQzvoJ9Eg"]},{"@type":"Person","@id":"https:\/\/www.travel3.com.br\/site\/#\/schema\/person\/ad24a6ccba88dcd54877f3d2fb76c605","name":"Claudia Tonaco","image":{"@type":"ImageObject","inLanguage":"pt-BR","@id":"https:\/\/www.travel3.com.br\/site\/#\/schema\/person\/image\/","url":"https:\/\/secure.gravatar.com\/avatar\/7c64bb31135bb8c28f49658a042f8b8a?s=96&d=mm&r=g","contentUrl":"https:\/\/secure.gravatar.com\/avatar\/7c64bb31135bb8c28f49658a042f8b8a?s=96&d=mm&r=g","caption":"Claudia Tonaco"},"sameAs":["http:\/\/www.travel3.com.br"],"url":"https:\/\/www.travel3.com.br\/site\/author\/tonaco\/"}]}},"_links":{"self":[{"href":"https:\/\/www.travel3.com.br\/site\/wp-json\/wp\/v2\/posts\/35562","targetHints":{"allow":["GET"]}}],"collection":[{"href":"https:\/\/www.travel3.com.br\/site\/wp-json\/wp\/v2\/posts"}],"about":[{"href":"https:\/\/www.travel3.com.br\/site\/wp-json\/wp\/v2\/types\/post"}],"author":[{"embeddable":true,"href":"https:\/\/www.travel3.com.br\/site\/wp-json\/wp\/v2\/users\/4"}],"replies":[{"embeddable":true,"href":"https:\/\/www.travel3.com.br\/site\/wp-json\/wp\/v2\/comments?post=35562"}],"version-history":[{"count":11,"href":"https:\/\/www.travel3.com.br\/site\/wp-json\/wp\/v2\/posts\/35562\/revisions"}],"predecessor-version":[{"id":35575,"href":"https:\/\/www.travel3.com.br\/site\/wp-json\/wp\/v2\/posts\/35562\/revisions\/35575"}],"wp:featuredmedia":[{"embeddable":true,"href":"https:\/\/www.travel3.com.br\/site\/wp-json\/wp\/v2\/media\/35573"}],"wp:attachment":[{"href":"https:\/\/www.travel3.com.br\/site\/wp-json\/wp\/v2\/media?parent=35562"}],"wp:term":[{"taxonomy":"category","embeddable":true,"href":"https:\/\/www.travel3.com.br\/site\/wp-json\/wp\/v2\/categories?post=35562"},{"taxonomy":"post_tag","embeddable":true,"href":"https:\/\/www.travel3.com.br\/site\/wp-json\/wp\/v2\/tags?post=35562"}],"curies":[{"name":"wp","href":"https:\/\/api.w.org\/{rel}","templated":true}]}}