{"id":35559,"date":"2020-08-20T11:45:48","date_gmt":"2020-08-20T14:45:48","guid":{"rendered":"https:\/\/www.travel3.com.br\/?p=35559"},"modified":"2020-08-20T12:00:14","modified_gmt":"2020-08-20T15:00:14","slug":"turismo-registrou-crescimento-em-junho","status":"publish","type":"post","link":"https:\/\/www.travel3.com.br\/site\/destaque\/turismo-registrou-crescimento-em-junho\/","title":{"rendered":"Turismo registrou crescimento em junho, aponta IBGE"},"content":{"rendered":"\n<div class=\"wp-block-image\"><figure class=\"aligncenter\"><img loading=\"lazy\" decoding=\"async\" width=\"1024\" height=\"683\" src=\"https:\/\/www.travel3.com.br\/site\/wp-content\/uploads\/2019\/01\/hiker-1149877_1920-1024x683.jpg\" alt=\"Tend\u00eancias viagem 2019 Ego Travel\" class=\"wp-image-19042\" srcset=\"https:\/\/www.travel3.com.br\/site\/wp-content\/uploads\/2019\/01\/hiker-1149877_1920-1024x683.jpg 1024w, https:\/\/www.travel3.com.br\/site\/wp-content\/uploads\/2019\/01\/hiker-1149877_1920-300x200.jpg 300w, https:\/\/www.travel3.com.br\/site\/wp-content\/uploads\/2019\/01\/hiker-1149877_1920-768x512.jpg 768w, https:\/\/www.travel3.com.br\/site\/wp-content\/uploads\/2019\/01\/hiker-1149877_1920-750x500.jpg 750w, https:\/\/www.travel3.com.br\/site\/wp-content\/uploads\/2019\/01\/hiker-1149877_1920-1140x760.jpg 1140w, https:\/\/www.travel3.com.br\/site\/wp-content\/uploads\/2019\/01\/hiker-1149877_1920.jpg 1920w\" sizes=\"auto, (max-width: 1024px) 100vw, 1024px\" \/><figcaption>(Foto: Divulga\u00e7\u00e3o)<\/figcaption><\/figure><\/div>\n\n\n\n<h3 class=\"wp-block-heading\" style=\"text-align:center\">Na compara\u00e7\u00e3o com maio, atividades tur\u00edsticas tiveram incremento de 19,8%<\/h3>\n\n\n\n<p>\u00c0 medida que <a rel=\"noreferrer noopener\" aria-label=\"voos s\u00e3o retomados (opens in a new tab)\" href=\"https:\/\/www.travel3.com.br\/acontece-no-turismo\/copa-airlines-retoma-voos\/\" target=\"_blank\">voos s\u00e3o retomados<\/a> e <a rel=\"noreferrer noopener\" aria-label=\"hot\u00e9is reabrem (opens in a new tab)\" href=\"https:\/\/www.travel3.com.br\/destaque\/transamerica-resort-volta-a-receber-hospedes-em-comandatuba\/\" target=\"_blank\">hot\u00e9is reabrem<\/a>, o setor do turismo &#8211; que <a rel=\"noreferrer noopener\" aria-label=\"registrou uma das maiores quedas (opens in a new tab)\" href=\"https:\/\/www.travel3.com.br\/ir-e-vir\/ar\/demanda-de-passageiros-caiu-pela-metade-em-marco\/\" target=\"_blank\">registrou uma das maiores quedas<\/a> em meio \u00e0 pandemia de Covid-19 &#8211; come\u00e7a a se reerguer. Nesse contexto, o IBGE divulgou a Pesquisa Mensal de Servi\u00e7os; estudo que permite medir a velocidade da retomada e que apontou incremento de 19,8% nas atividades tur\u00edsticas em junho.<\/p>\n\n\n\n<p>A melhora em rela\u00e7\u00e3o aos n\u00fameros de maio acontece ap\u00f3s queda de 68,1% nas atividades entre mar\u00e7o e abril; e \u00e9 impulsionada pelo setor a\u00e9reo, que registrou crescimento de 58,9%. Al\u00e9m dos voos, servi\u00e7os como alojamento e alimenta\u00e7\u00e3o tamb\u00e9m se destacaram, e avan\u00e7aram 17,3%.<\/p>\n\n\n\n<blockquote class=\"wp-block-quote is-layout-flow wp-block-quote-is-layout-flow\"><p>A nossa preocupa\u00e7\u00e3o era ajudar o setor a n\u00e3o desmontar e podemos ver que o trabalho realizado deu certo.<\/p><p>Esperamos ver o turismo brasileiro de volta aos trilhos do crescimento, observando todos os protocolos de biosseguran\u00e7a e garantindo destinos seguros para os nossos turistas. Dessa forma, o turismo vai seguir desempenhando sua voca\u00e7\u00e3o de contribuir para a gera\u00e7\u00e3o de emprego e renda no nosso pa\u00eds.<\/p><cite>Marcelo \u00c1lvaro Ant\u00f4nio &#8211; Ministro do Turismo<\/cite><\/blockquote>\n\n\n\n<p>Para o Ministro do Turismo, Marcelo \u00c1lvaro Ant\u00f4nio, a\u00e7\u00f5es do governo foram determinantes na prepara\u00e7\u00e3o para a retomada do turismo. Nesse sentido, destacam-se MPs como a 948\/20, que disp\u00f5e sobre cancelamentos e remarca\u00e7\u00f5es; a MP 936\/20, que instituiu medidas trabalhistas; e a MP 963, que destinou R$ 5 bilh\u00f5es para financiamentos via <a rel=\"noreferrer noopener\" aria-label=\"Fungetur (opens in a new tab)\" href=\"http:\/\/www.turismo.gov.br\/fungetur.html\" target=\"_blank\">Fungetur<\/a>.<\/p>\n\n\n\n<h2 class=\"wp-block-heading\">Destaque para S\u00e3o Paulo + Rio + Santa Catarina<\/h2>\n\n\n\n<p>Al\u00e9m de medir a velocidade de retomada da economia, a Pesquisa Mensal de Servi\u00e7os, realizada pelo IBGE, tamb\u00e9m permite analisar a evolu\u00e7\u00e3o do turismo em cada estado; e indica que a maior recupera\u00e7\u00e3o foi em Santa Catarina, Rio de Janeiro e S\u00e3o Paulo. Cada um dos estados registrou, respectivamente, incremento de 26,1%, 23,7% e 19,6% nas atividades tur\u00edsticas.<\/p>\n","protected":false},"excerpt":{"rendered":"<p>Na compara\u00e7\u00e3o com maio, atividades tur\u00edsticas tiveram incremento de 19,8% \u00c0 medida que voos s\u00e3o retomados e hot\u00e9is reabrem, o setor do turismo &#8211; que registrou uma das maiores quedas em meio \u00e0 pandemia de Covid-19 &#8211; come\u00e7a a se reerguer. Nesse contexto, o IBGE divulgou a Pesquisa Mensal de Servi\u00e7os; estudo que permite medir [&hellip;]<\/p>\n","protected":false},"author":5,"featured_media":19042,"comment_status":"open","ping_status":"open","sticky":false,"template":"","format":"standard","meta":{"footnotes":""},"categories":[969,226],"tags":[4252,4043,4041,4117],"class_list":["post-35559","post","type-post","status-publish","format-standard","has-post-thumbnail","hentry","category-acontece-no-turismo","category-destaque","tag-ibge","tag-marcelo-alvaro-antonio","tag-ministerio-do-turismo","tag-retomada-do-turismo"],"yoast_head":"<!-- This site is optimized with the Yoast SEO plugin v26.2 - https:\/\/yoast.com\/wordpress\/plugins\/seo\/ -->\n<title>Turismo registrou crescimento em junho, aponta IBGE - Travel3<\/title>\n<meta name=\"description\" content=\"Turismo registrou crescimento em junho, aponta IBGE; na compara\u00e7\u00e3o com maio, atividades tur\u00edsticas tiveram incremento de 19,8%\" \/>\n<meta name=\"robots\" content=\"index, follow, max-snippet:-1, max-image-preview:large, max-video-preview:-1\" \/>\n<link rel=\"canonical\" href=\"https:\/\/www.travel3.com.br\/site\/destaque\/turismo-registrou-crescimento-em-junho\/\" \/>\n<meta property=\"og:locale\" content=\"pt_BR\" \/>\n<meta property=\"og:type\" content=\"article\" \/>\n<meta property=\"og:title\" content=\"Turismo registrou crescimento em junho, aponta IBGE - Travel3\" \/>\n<meta property=\"og:description\" content=\"Turismo registrou crescimento em junho, aponta IBGE; na compara\u00e7\u00e3o com maio, atividades tur\u00edsticas tiveram incremento de 19,8%\" \/>\n<meta property=\"og:url\" content=\"https:\/\/www.travel3.com.br\/site\/destaque\/turismo-registrou-crescimento-em-junho\/\" \/>\n<meta property=\"og:site_name\" content=\"Travel3\" \/>\n<meta property=\"article:publisher\" content=\"https:\/\/www.facebook.com\/travel3media\/\" \/>\n<meta property=\"article:published_time\" content=\"2020-08-20T14:45:48+00:00\" \/>\n<meta property=\"article:modified_time\" content=\"2020-08-20T15:00:14+00:00\" \/>\n<meta property=\"og:image\" content=\"https:\/\/www.travel3.com.br\/site\/wp-content\/uploads\/2019\/01\/hiker-1149877_1920.jpg\" \/>\n\t<meta property=\"og:image:width\" content=\"1920\" \/>\n\t<meta property=\"og:image:height\" content=\"1280\" \/>\n\t<meta property=\"og:image:type\" content=\"image\/jpeg\" \/>\n<meta name=\"author\" content=\"Reda\u00e7\u00e3o Travel3\" \/>\n<meta name=\"twitter:card\" content=\"summary_large_image\" \/>\n<meta name=\"twitter:label1\" content=\"Escrito por\" \/>\n\t<meta name=\"twitter:data1\" content=\"Reda\u00e7\u00e3o Travel3\" \/>\n\t<meta name=\"twitter:label2\" content=\"Est. tempo de leitura\" \/>\n\t<meta name=\"twitter:data2\" content=\"2 minutos\" \/>\n<script type=\"application\/ld+json\" class=\"yoast-schema-graph\">{\"@context\":\"https:\/\/schema.org\",\"@graph\":[{\"@type\":\"Article\",\"@id\":\"https:\/\/www.travel3.com.br\/site\/destaque\/turismo-registrou-crescimento-em-junho\/#article\",\"isPartOf\":{\"@id\":\"https:\/\/www.travel3.com.br\/site\/destaque\/turismo-registrou-crescimento-em-junho\/\"},\"author\":{\"name\":\"Reda\u00e7\u00e3o Travel3\",\"@id\":\"https:\/\/www.travel3.com.br\/site\/#\/schema\/person\/89251b0320bc67697de92249f97f3fdb\"},\"headline\":\"Turismo registrou crescimento em junho, aponta IBGE\",\"datePublished\":\"2020-08-20T14:45:48+00:00\",\"dateModified\":\"2020-08-20T15:00:14+00:00\",\"mainEntityOfPage\":{\"@id\":\"https:\/\/www.travel3.com.br\/site\/destaque\/turismo-registrou-crescimento-em-junho\/\"},\"wordCount\":337,\"commentCount\":0,\"publisher\":{\"@id\":\"https:\/\/www.travel3.com.br\/site\/#organization\"},\"image\":{\"@id\":\"https:\/\/www.travel3.com.br\/site\/destaque\/turismo-registrou-crescimento-em-junho\/#primaryimage\"},\"thumbnailUrl\":\"https:\/\/www.travel3.com.br\/site\/wp-content\/uploads\/2019\/01\/hiker-1149877_1920.jpg\",\"keywords\":[\"IBGE\",\"Marcelo \u00c1lvaro Ant\u00f4nio\",\"Minist\u00e9rio do Turismo\",\"Retomada do Turismo\"],\"articleSection\":[\"Acontece no Turismo\",\"Destaque\"],\"inLanguage\":\"pt-BR\",\"potentialAction\":[{\"@type\":\"CommentAction\",\"name\":\"Comment\",\"target\":[\"https:\/\/www.travel3.com.br\/site\/destaque\/turismo-registrou-crescimento-em-junho\/#respond\"]}]},{\"@type\":\"WebPage\",\"@id\":\"https:\/\/www.travel3.com.br\/site\/destaque\/turismo-registrou-crescimento-em-junho\/\",\"url\":\"https:\/\/www.travel3.com.br\/site\/destaque\/turismo-registrou-crescimento-em-junho\/\",\"name\":\"Turismo registrou crescimento em junho, aponta IBGE - Travel3\",\"isPartOf\":{\"@id\":\"https:\/\/www.travel3.com.br\/site\/#website\"},\"primaryImageOfPage\":{\"@id\":\"https:\/\/www.travel3.com.br\/site\/destaque\/turismo-registrou-crescimento-em-junho\/#primaryimage\"},\"image\":{\"@id\":\"https:\/\/www.travel3.com.br\/site\/destaque\/turismo-registrou-crescimento-em-junho\/#primaryimage\"},\"thumbnailUrl\":\"https:\/\/www.travel3.com.br\/site\/wp-content\/uploads\/2019\/01\/hiker-1149877_1920.jpg\",\"datePublished\":\"2020-08-20T14:45:48+00:00\",\"dateModified\":\"2020-08-20T15:00:14+00:00\",\"description\":\"Turismo registrou crescimento em junho, aponta IBGE; na compara\u00e7\u00e3o com maio, atividades tur\u00edsticas tiveram incremento de 19,8%\",\"breadcrumb\":{\"@id\":\"https:\/\/www.travel3.com.br\/site\/destaque\/turismo-registrou-crescimento-em-junho\/#breadcrumb\"},\"inLanguage\":\"pt-BR\",\"potentialAction\":[{\"@type\":\"ReadAction\",\"target\":[\"https:\/\/www.travel3.com.br\/site\/destaque\/turismo-registrou-crescimento-em-junho\/\"]}]},{\"@type\":\"ImageObject\",\"inLanguage\":\"pt-BR\",\"@id\":\"https:\/\/www.travel3.com.br\/site\/destaque\/turismo-registrou-crescimento-em-junho\/#primaryimage\",\"url\":\"https:\/\/www.travel3.com.br\/site\/wp-content\/uploads\/2019\/01\/hiker-1149877_1920.jpg\",\"contentUrl\":\"https:\/\/www.travel3.com.br\/site\/wp-content\/uploads\/2019\/01\/hiker-1149877_1920.jpg\",\"width\":1920,\"height\":1280,\"caption\":\"Para o viajante do ego n\u00e3o existem f\u00e9rias e sim jornadas\"},{\"@type\":\"BreadcrumbList\",\"@id\":\"https:\/\/www.travel3.com.br\/site\/destaque\/turismo-registrou-crescimento-em-junho\/#breadcrumb\",\"itemListElement\":[{\"@type\":\"ListItem\",\"position\":1,\"name\":\"In\u00edcio\",\"item\":\"https:\/\/www.travel3.com.br\/site\/\"},{\"@type\":\"ListItem\",\"position\":2,\"name\":\"Turismo registrou crescimento em junho, aponta IBGE\"}]},{\"@type\":\"WebSite\",\"@id\":\"https:\/\/www.travel3.com.br\/site\/#website\",\"url\":\"https:\/\/www.travel3.com.br\/site\/\",\"name\":\"Travel3\",\"description\":\"Lazer + Neg&oacute;cios + Aventura\",\"publisher\":{\"@id\":\"https:\/\/www.travel3.com.br\/site\/#organization\"},\"potentialAction\":[{\"@type\":\"SearchAction\",\"target\":{\"@type\":\"EntryPoint\",\"urlTemplate\":\"https:\/\/www.travel3.com.br\/site\/?s={search_term_string}\"},\"query-input\":{\"@type\":\"PropertyValueSpecification\",\"valueRequired\":true,\"valueName\":\"search_term_string\"}}],\"inLanguage\":\"pt-BR\"},{\"@type\":\"Organization\",\"@id\":\"https:\/\/www.travel3.com.br\/site\/#organization\",\"name\":\"Travel3\",\"url\":\"https:\/\/www.travel3.com.br\/site\/\",\"logo\":{\"@type\":\"ImageObject\",\"inLanguage\":\"pt-BR\",\"@id\":\"https:\/\/www.travel3.com.br\/site\/#\/schema\/logo\/image\/\",\"url\":\"https:\/\/www.travel3.com.br\/site\/wp-content\/uploads\/2020\/01\/logo-travel3-2020.png\",\"contentUrl\":\"https:\/\/www.travel3.com.br\/site\/wp-content\/uploads\/2020\/01\/logo-travel3-2020.png\",\"width\":232,\"height\":79,\"caption\":\"Travel3\"},\"image\":{\"@id\":\"https:\/\/www.travel3.com.br\/site\/#\/schema\/logo\/image\/\"},\"sameAs\":[\"https:\/\/www.facebook.com\/travel3media\/\",\"https:\/\/www.instagram.com\/revistatravel3\/\",\"https:\/\/www.youtube.com\/channel\/UCno7J4paGBR3VbZQzvoJ9Eg\"]},{\"@type\":\"Person\",\"@id\":\"https:\/\/www.travel3.com.br\/site\/#\/schema\/person\/89251b0320bc67697de92249f97f3fdb\",\"name\":\"Reda\u00e7\u00e3o Travel3\",\"image\":{\"@type\":\"ImageObject\",\"inLanguage\":\"pt-BR\",\"@id\":\"https:\/\/www.travel3.com.br\/site\/#\/schema\/person\/image\/\",\"url\":\"https:\/\/secure.gravatar.com\/avatar\/85a5ec2ad99b1932f671ebf50c117db6?s=96&d=mm&r=g\",\"contentUrl\":\"https:\/\/secure.gravatar.com\/avatar\/85a5ec2ad99b1932f671ebf50c117db6?s=96&d=mm&r=g\",\"caption\":\"Reda\u00e7\u00e3o Travel3\"},\"sameAs\":[\"http:\/\/www.travel3.com.br\/\"],\"url\":\"https:\/\/www.travel3.com.br\/site\/author\/redacao\/\"}]}<\/script>\n<!-- \/ Yoast SEO plugin. -->","yoast_head_json":{"title":"Turismo registrou crescimento em junho, aponta IBGE - Travel3","description":"Turismo registrou crescimento em junho, aponta IBGE; na compara\u00e7\u00e3o com maio, atividades tur\u00edsticas tiveram incremento de 19,8%","robots":{"index":"index","follow":"follow","max-snippet":"max-snippet:-1","max-image-preview":"max-image-preview:large","max-video-preview":"max-video-preview:-1"},"canonical":"https:\/\/www.travel3.com.br\/site\/destaque\/turismo-registrou-crescimento-em-junho\/","og_locale":"pt_BR","og_type":"article","og_title":"Turismo registrou crescimento em junho, aponta IBGE - Travel3","og_description":"Turismo registrou crescimento em junho, aponta IBGE; na compara\u00e7\u00e3o com maio, atividades tur\u00edsticas tiveram incremento de 19,8%","og_url":"https:\/\/www.travel3.com.br\/site\/destaque\/turismo-registrou-crescimento-em-junho\/","og_site_name":"Travel3","article_publisher":"https:\/\/www.facebook.com\/travel3media\/","article_published_time":"2020-08-20T14:45:48+00:00","article_modified_time":"2020-08-20T15:00:14+00:00","og_image":[{"width":1920,"height":1280,"url":"https:\/\/www.travel3.com.br\/site\/wp-content\/uploads\/2019\/01\/hiker-1149877_1920.jpg","type":"image\/jpeg"}],"author":"Reda\u00e7\u00e3o Travel3","twitter_card":"summary_large_image","twitter_misc":{"Escrito por":"Reda\u00e7\u00e3o Travel3","Est. tempo de leitura":"2 minutos"},"schema":{"@context":"https:\/\/schema.org","@graph":[{"@type":"Article","@id":"https:\/\/www.travel3.com.br\/site\/destaque\/turismo-registrou-crescimento-em-junho\/#article","isPartOf":{"@id":"https:\/\/www.travel3.com.br\/site\/destaque\/turismo-registrou-crescimento-em-junho\/"},"author":{"name":"Reda\u00e7\u00e3o Travel3","@id":"https:\/\/www.travel3.com.br\/site\/#\/schema\/person\/89251b0320bc67697de92249f97f3fdb"},"headline":"Turismo registrou crescimento em junho, aponta IBGE","datePublished":"2020-08-20T14:45:48+00:00","dateModified":"2020-08-20T15:00:14+00:00","mainEntityOfPage":{"@id":"https:\/\/www.travel3.com.br\/site\/destaque\/turismo-registrou-crescimento-em-junho\/"},"wordCount":337,"commentCount":0,"publisher":{"@id":"https:\/\/www.travel3.com.br\/site\/#organization"},"image":{"@id":"https:\/\/www.travel3.com.br\/site\/destaque\/turismo-registrou-crescimento-em-junho\/#primaryimage"},"thumbnailUrl":"https:\/\/www.travel3.com.br\/site\/wp-content\/uploads\/2019\/01\/hiker-1149877_1920.jpg","keywords":["IBGE","Marcelo \u00c1lvaro Ant\u00f4nio","Minist\u00e9rio do Turismo","Retomada do Turismo"],"articleSection":["Acontece no Turismo","Destaque"],"inLanguage":"pt-BR","potentialAction":[{"@type":"CommentAction","name":"Comment","target":["https:\/\/www.travel3.com.br\/site\/destaque\/turismo-registrou-crescimento-em-junho\/#respond"]}]},{"@type":"WebPage","@id":"https:\/\/www.travel3.com.br\/site\/destaque\/turismo-registrou-crescimento-em-junho\/","url":"https:\/\/www.travel3.com.br\/site\/destaque\/turismo-registrou-crescimento-em-junho\/","name":"Turismo registrou crescimento em junho, aponta IBGE - Travel3","isPartOf":{"@id":"https:\/\/www.travel3.com.br\/site\/#website"},"primaryImageOfPage":{"@id":"https:\/\/www.travel3.com.br\/site\/destaque\/turismo-registrou-crescimento-em-junho\/#primaryimage"},"image":{"@id":"https:\/\/www.travel3.com.br\/site\/destaque\/turismo-registrou-crescimento-em-junho\/#primaryimage"},"thumbnailUrl":"https:\/\/www.travel3.com.br\/site\/wp-content\/uploads\/2019\/01\/hiker-1149877_1920.jpg","datePublished":"2020-08-20T14:45:48+00:00","dateModified":"2020-08-20T15:00:14+00:00","description":"Turismo registrou crescimento em junho, aponta IBGE; na compara\u00e7\u00e3o com maio, atividades tur\u00edsticas tiveram incremento de 19,8%","breadcrumb":{"@id":"https:\/\/www.travel3.com.br\/site\/destaque\/turismo-registrou-crescimento-em-junho\/#breadcrumb"},"inLanguage":"pt-BR","potentialAction":[{"@type":"ReadAction","target":["https:\/\/www.travel3.com.br\/site\/destaque\/turismo-registrou-crescimento-em-junho\/"]}]},{"@type":"ImageObject","inLanguage":"pt-BR","@id":"https:\/\/www.travel3.com.br\/site\/destaque\/turismo-registrou-crescimento-em-junho\/#primaryimage","url":"https:\/\/www.travel3.com.br\/site\/wp-content\/uploads\/2019\/01\/hiker-1149877_1920.jpg","contentUrl":"https:\/\/www.travel3.com.br\/site\/wp-content\/uploads\/2019\/01\/hiker-1149877_1920.jpg","width":1920,"height":1280,"caption":"Para o viajante do ego n\u00e3o existem f\u00e9rias e sim jornadas"},{"@type":"BreadcrumbList","@id":"https:\/\/www.travel3.com.br\/site\/destaque\/turismo-registrou-crescimento-em-junho\/#breadcrumb","itemListElement":[{"@type":"ListItem","position":1,"name":"In\u00edcio","item":"https:\/\/www.travel3.com.br\/site\/"},{"@type":"ListItem","position":2,"name":"Turismo registrou crescimento em junho, aponta IBGE"}]},{"@type":"WebSite","@id":"https:\/\/www.travel3.com.br\/site\/#website","url":"https:\/\/www.travel3.com.br\/site\/","name":"Travel3","description":"Lazer + Neg&oacute;cios + Aventura","publisher":{"@id":"https:\/\/www.travel3.com.br\/site\/#organization"},"potentialAction":[{"@type":"SearchAction","target":{"@type":"EntryPoint","urlTemplate":"https:\/\/www.travel3.com.br\/site\/?s={search_term_string}"},"query-input":{"@type":"PropertyValueSpecification","valueRequired":true,"valueName":"search_term_string"}}],"inLanguage":"pt-BR"},{"@type":"Organization","@id":"https:\/\/www.travel3.com.br\/site\/#organization","name":"Travel3","url":"https:\/\/www.travel3.com.br\/site\/","logo":{"@type":"ImageObject","inLanguage":"pt-BR","@id":"https:\/\/www.travel3.com.br\/site\/#\/schema\/logo\/image\/","url":"https:\/\/www.travel3.com.br\/site\/wp-content\/uploads\/2020\/01\/logo-travel3-2020.png","contentUrl":"https:\/\/www.travel3.com.br\/site\/wp-content\/uploads\/2020\/01\/logo-travel3-2020.png","width":232,"height":79,"caption":"Travel3"},"image":{"@id":"https:\/\/www.travel3.com.br\/site\/#\/schema\/logo\/image\/"},"sameAs":["https:\/\/www.facebook.com\/travel3media\/","https:\/\/www.instagram.com\/revistatravel3\/","https:\/\/www.youtube.com\/channel\/UCno7J4paGBR3VbZQzvoJ9Eg"]},{"@type":"Person","@id":"https:\/\/www.travel3.com.br\/site\/#\/schema\/person\/89251b0320bc67697de92249f97f3fdb","name":"Reda\u00e7\u00e3o Travel3","image":{"@type":"ImageObject","inLanguage":"pt-BR","@id":"https:\/\/www.travel3.com.br\/site\/#\/schema\/person\/image\/","url":"https:\/\/secure.gravatar.com\/avatar\/85a5ec2ad99b1932f671ebf50c117db6?s=96&d=mm&r=g","contentUrl":"https:\/\/secure.gravatar.com\/avatar\/85a5ec2ad99b1932f671ebf50c117db6?s=96&d=mm&r=g","caption":"Reda\u00e7\u00e3o Travel3"},"sameAs":["http:\/\/www.travel3.com.br\/"],"url":"https:\/\/www.travel3.com.br\/site\/author\/redacao\/"}]}},"_links":{"self":[{"href":"https:\/\/www.travel3.com.br\/site\/wp-json\/wp\/v2\/posts\/35559","targetHints":{"allow":["GET"]}}],"collection":[{"href":"https:\/\/www.travel3.com.br\/site\/wp-json\/wp\/v2\/posts"}],"about":[{"href":"https:\/\/www.travel3.com.br\/site\/wp-json\/wp\/v2\/types\/post"}],"author":[{"embeddable":true,"href":"https:\/\/www.travel3.com.br\/site\/wp-json\/wp\/v2\/users\/5"}],"replies":[{"embeddable":true,"href":"https:\/\/www.travel3.com.br\/site\/wp-json\/wp\/v2\/comments?post=35559"}],"version-history":[{"count":3,"href":"https:\/\/www.travel3.com.br\/site\/wp-json\/wp\/v2\/posts\/35559\/revisions"}],"predecessor-version":[{"id":35577,"href":"https:\/\/www.travel3.com.br\/site\/wp-json\/wp\/v2\/posts\/35559\/revisions\/35577"}],"wp:featuredmedia":[{"embeddable":true,"href":"https:\/\/www.travel3.com.br\/site\/wp-json\/wp\/v2\/media\/19042"}],"wp:attachment":[{"href":"https:\/\/www.travel3.com.br\/site\/wp-json\/wp\/v2\/media?parent=35559"}],"wp:term":[{"taxonomy":"category","embeddable":true,"href":"https:\/\/www.travel3.com.br\/site\/wp-json\/wp\/v2\/categories?post=35559"},{"taxonomy":"post_tag","embeddable":true,"href":"https:\/\/www.travel3.com.br\/site\/wp-json\/wp\/v2\/tags?post=35559"}],"curies":[{"name":"wp","href":"https:\/\/api.w.org\/{rel}","templated":true}]}}