{"id":3554,"date":"2017-08-23T02:10:43","date_gmt":"2017-08-23T02:10:43","guid":{"rendered":"http:\/\/www.travel3.com.br\/site\/ir-e-vir\/ar\/festuris-2016-confira-os-principais-momentos-da-abertura\/"},"modified":"2017-08-23T02:10:43","modified_gmt":"2017-08-23T02:10:43","slug":"festuris-2016-confira-os-principais-momentos-da-abertura","status":"publish","type":"post","link":"https:\/\/www.travel3.com.br\/site\/sem-categoria\/festuris-2016-confira-os-principais-momentos-da-abertura\/","title":{"rendered":"FESTURIS 2016: CONFIRA OS PRINCIPAIS MOMENTOS DA ABERTURA"},"content":{"rendered":"<p><span style=\"color: #40acad; font-family: -apple-system, system-ui, 'Segoe UI', Roboto, Oxygen-Sans, Ubuntu, Cantarell, 'Helvetica Neue', sans-serif; font-size: 12px; font-weight: bold;\"><\/p>\n<p style=\"text-align:justify\"><strong>Os convidados de honra, como o Ministro do Turismo, Marx Beltr\u00e3o; o presidente da Embratur, Vinicius Lummertz; da CNC, Alexandre Sampaio, e da Abav Nacional, Edmar Bull, entre outros, ao lado do p\u00fablico, ouvem a execu\u00e7\u00e3o do Hino Nacional, em estilo ga\u00facho (Fotos: Claudia Tonaco)<\/strong><\/p>\n<p>A abertura do Festuris \u2013 Feira Internacional de Turismo de Gramado, reuniu os principais nomes brasileiros do setor, e algumas das mais importantes representa\u00e7\u00f5es da Ind\u00fastria do Turismo internacional.<\/p>\n<p>\u00c9 interessante notar que, a cada ano, a solenidade de abertura ganha mais pompa em sua produ\u00e7\u00e3o. O Pal\u00e1cio dos Festivais permanece sendo o local da prestigiada solenidade de abertura, como bem assinalou Marta Rossi, diretora da Rossi &#038; Zorzanello, em seu discurso:<\/p>\n<p>\u201cNos reunimos nesta sala, h\u00e1 28 anos e trabalhamos com afinco o ano inteiro para nos encontrarmos aqui em novembro\u201d, disse a empres\u00e1ria, diante de um audit\u00f3rio completamente ocupado por profissionais, pol\u00edticos e empres\u00e1rios. \u00a0<\/p>\n<p>Marta Rossi fez ainda quest\u00e3o de dar ao evento, o t\u00edtulo de \u201cmaior feira de neg\u00f3cios de turismo da Am\u00e9rica do Sul\u201d.<\/p>\n<p>No palco, al\u00e9m dos diretores da Rossi &#038; Zorzanello, estavam o Ministro do Turismo, Marx Beltr\u00e3o; Luiz Antonio Barbacovi, prefeito interino de Gramado, Vinicius Lummertz, presidente da Embratur; Victor Hugo Alves da Silva, secretario do Turismo, Esporte &#038; Lazer do Rio Grande do Sul, representando o governador do estado, Jos\u00e9 Ivo Sartori; Alexandre Sampaio, presidente da CNC; Michel Tuma Ness, presidente da Fenactur; Edmar Bull, presidente da Abav-Nacional; Miriam Petrone, presidente da Abrajet-Nacional; Ana Claudia Bittencourt, presidente da ABEOC; Jo\u00e3o Chagas, presidente da Abav-Rio Grande do Sul e Igor Kim de Miranda, diretor da Latam.<\/p>\n<p>Ainda em seu discurso, Marta pediu a aten\u00e7\u00e3o do Ministro do Turismo para o que chamou de \u201creconstru\u00e7\u00e3o da economia do pa\u00eds\u201d, e no papel primordial do turismo para tal:<\/p>\n<p>O turismo \u00e9 uma atividade promissora mas \u00e9 preciso destravar amarras que impedem o crescimento do setor. Mais tarde, em seu pronunciamento, o Ministro Marx Beltr\u00e3o disse que, em se tratando de turismo, \u201co Brasil \u00e9 um grande transatl\u00e2ntico parado em um a\u00e7ude\u201d<\/p>\n<p style=\"text-align:justify\"><a class=\"fancybox-media\" href=\"..\/_uploads\/_noticia\/2016-11\/2016-festuris001.jpg\" rel=\"portfolio\"><img decoding=\"async\" alt=\"\" src=\"..\/_uploads\/_noticia\/2016-11\/2016-festuris001.jpg\" \/><\/a><strong>Eduardo Zorzanello, Marta e Marcus Vin\u00edcius Rossi, na abertura oficial do Festuris 2016<\/strong><\/p>\n<p style=\"text-align:justify\"><a class=\"fancybox-media\" href=\"..\/_uploads\/_noticia\/2016-11\/2016-festuris008.jpg\" rel=\"portfolio\"><img decoding=\"async\" alt=\"\" src=\"..\/_uploads\/_noticia\/2016-11\/2016-festuris008.jpg\" \/><\/a><strong>Alexandre Sampaio, da CNC ouviu os elogios proferidos por Marta Rossi, a qual agradeceu e destacou &#8220;as a\u00e7\u00f5es contundentes que a Confedera\u00e7\u00e3o Nacional do Com\u00e9rcio de Bens, Servi\u00e7os e Turismo tem feito em prol do turismo nacional&#8221;<\/strong><\/p>\n<p><a class=\"fancybox-media\" href=\"..\/_uploads\/_noticia\/2016-11\/2016-festuris009.jpg\" rel=\"portfolio\"><img decoding=\"async\" alt=\"\" src=\"..\/_uploads\/_noticia\/2016-11\/2016-festuris009.jpg\" \/><\/a><strong>O audit\u00f3rio do Pal\u00e1cio dos Festivais foi tomado por profissionais, pol\u00edticos e empres\u00e1rios do setor<\/strong><\/p>\n<p><a class=\"fancybox-media\" href=\"..\/_uploads\/_noticia\/2016-11\/2016-festuris014.jpg\" rel=\"portfolio\"><img decoding=\"async\" alt=\"\" src=\"..\/_uploads\/_noticia\/2016-11\/2016-festuris014.jpg\" \/><\/a><strong>A solenidade de abertura do Festuris ganhou as cores e os sons do Rio Grande do Sul<\/strong><\/p>\n<p><a class=\"fancybox-media\" href=\"..\/_uploads\/_noticia\/2016-11\/2016-festuris049.jpg\" rel=\"portfolio\"><img decoding=\"async\" alt=\"\" src=\"..\/_uploads\/_noticia\/2016-11\/2016-festuris049.jpg\" \/><\/a><strong>Os presentes ouvem o Hino Nacional, tocado em estilo ga\u00facho<\/strong><\/p>\n<p><a class=\"fancybox-media\" href=\"..\/_uploads\/_noticia\/2016-11\/2016-festuris017.jpg\" rel=\"portfolio\"><img decoding=\"async\" alt=\"\" src=\"..\/_uploads\/_noticia\/2016-11\/2016-festuris017.jpg\" \/><\/a><strong>Marcus Vin\u00edcius Rossi conversa com Vinicius Lummertz, presidente da Embratur, ao lado de Alexandre Sampaio, da CNC e Edmar Bull, presidente da Abav-Nacional<\/strong><\/p>\n<p><a class=\"fancybox-media\" href=\"..\/_uploads\/_noticia\/2016-11\/2016-festuris022.jpg\" rel=\"portfolio\"><img decoding=\"async\" alt=\"\" src=\"..\/_uploads\/_noticia\/2016-11\/2016-festuris022.jpg\" \/><\/a><strong>Eduardo Zorzanello, o prefeito interino de Gramado, Luiz Antonio Barbacovi, e Marta Rossi, que conversa com o Ministro do Turismo Marx Beltr\u00e3o<\/strong>\u00a0<\/p>\n<p><a class=\"fancybox-media\" href=\"..\/_uploads\/_noticia\/2016-11\/2016-festuris031.jpg\" rel=\"portfolio\"><img decoding=\"async\" alt=\"\" src=\"..\/_uploads\/_noticia\/2016-11\/2016-festuris031.jpg\" \/><\/a><strong>Guilherme Paulus, presidente da GJP<\/strong><\/p>\n<p><a class=\"fancybox-media\" href=\"..\/_uploads\/_noticia\/2016-11\/2016-festuris074.jpg\" rel=\"portfolio\"><img decoding=\"async\" alt=\"\" src=\"..\/_uploads\/_noticia\/2016-11\/2016-festuris074.jpg\" \/><\/a><strong>Marta Rossi em seu discurso de boas vindas aos convidados<\/strong><\/p>\n<p><a class=\"fancybox-media\" href=\"..\/_uploads\/_noticia\/2016-11\/2016-festuris072.jpg\" rel=\"portfolio\"><img decoding=\"async\" alt=\"\" src=\"..\/_uploads\/_noticia\/2016-11\/2016-festuris072.jpg\" \/><\/a><strong>&#8220;Quando a iniciativa privada se imp\u00f5e, a obriga\u00e7\u00e3o de bem governar \u00e9 maior&#8221;, destacou Marta Rossi<\/strong><\/p>\n<p><a class=\"fancybox-media\" href=\"..\/_uploads\/_noticia\/2016-11\/2016-festuris078.jpg\" rel=\"portfolio\"><img decoding=\"async\" alt=\"\" src=\"..\/_uploads\/_noticia\/2016-11\/2016-festuris078.jpg\" \/><\/a><strong>O Ministro do Turismo Marx Beltr\u00e3o comparou o Brasil a &#8220;um grande transatl\u00e2ntico parado em um a\u00e7ude&#8221;<\/strong><\/p>\n<p><a class=\"fancybox-media\" href=\"..\/_uploads\/_noticia\/2016-11\/2016-festuris083.jpg\" rel=\"portfolio\"><img decoding=\"async\" alt=\"\" src=\"..\/_uploads\/_noticia\/2016-11\/2016-festuris083.jpg\" \/><\/a><strong>Na plateia, Deco Borges e\u00a0Lia Somavilla, da MMTGapnet; Amarildo Limah, da Sanchat Tour, e Rudi Carmello, da MMTGapnet<\/strong><\/p>\n<p><a class=\"fancybox-media\" href=\"..\/_uploads\/_noticia\/2016-11\/2016-festuris084.jpg\" rel=\"portfolio\"><img decoding=\"async\" alt=\"\" src=\"..\/_uploads\/_noticia\/2016-11\/2016-festuris084.jpg\" \/><\/a><strong>A equipe da April = Celsinho + Agnaldo + Claudia + Carlos, com Neide Carvalho, da QBE Brasil Seguros S.A.<\/strong><\/p>\n<p><\/span><\/p>\n","protected":false},"excerpt":{"rendered":"<p>&#8220;Quando a iniciativa privada se imp\u00f5e, a obriga\u00e7\u00e3o de bem governar \u00e9 maior&#8221;, destacou Marta Rossi em seu discurso de boas vindas<\/p>\n","protected":false},"author":1,"featured_media":0,"comment_status":"open","ping_status":"open","sticky":false,"template":"","format":"standard","meta":{"footnotes":""},"categories":[],"tags":[],"class_list":["post-3554","post","type-post","status-publish","format-standard","hentry"],"yoast_head":"<!-- This site is optimized with the Yoast SEO plugin v26.2 - https:\/\/yoast.com\/wordpress\/plugins\/seo\/ -->\n<title>FESTURIS 2016: CONFIRA OS PRINCIPAIS MOMENTOS DA ABERTURA - Travel3<\/title>\n<meta name=\"description\" content=\"A TRAVEL3 \u00e9 um portal de conte\u00fado voltado para o turismo, encontre destinos, viagens, hospedagem, passagens, guias, not\u00edcias sobre o mercado do turismo, dicas de viagem, v\u00eddeos e podcast.\" \/>\n<meta name=\"robots\" content=\"index, follow, max-snippet:-1, max-image-preview:large, max-video-preview:-1\" \/>\n<link rel=\"canonical\" href=\"https:\/\/www.travel3.com.br\/site\/sem-categoria\/festuris-2016-confira-os-principais-momentos-da-abertura\/\" \/>\n<meta property=\"og:locale\" content=\"pt_BR\" \/>\n<meta property=\"og:type\" content=\"article\" \/>\n<meta property=\"og:title\" content=\"FESTURIS 2016: CONFIRA OS PRINCIPAIS MOMENTOS DA ABERTURA - Travel3\" \/>\n<meta property=\"og:description\" content=\"A TRAVEL3 \u00e9 um portal de conte\u00fado voltado para o turismo, encontre destinos, viagens, hospedagem, passagens, guias, not\u00edcias sobre o mercado do turismo, dicas de viagem, v\u00eddeos e podcast.\" \/>\n<meta property=\"og:url\" content=\"https:\/\/www.travel3.com.br\/site\/sem-categoria\/festuris-2016-confira-os-principais-momentos-da-abertura\/\" \/>\n<meta property=\"og:site_name\" content=\"Travel3\" \/>\n<meta property=\"article:publisher\" content=\"https:\/\/www.facebook.com\/travel3media\/\" \/>\n<meta property=\"article:published_time\" content=\"2017-08-23T02:10:43+00:00\" \/>\n<meta name=\"author\" content=\"admin\" \/>\n<meta name=\"twitter:card\" content=\"summary_large_image\" \/>\n<meta name=\"twitter:label1\" content=\"Escrito por\" \/>\n\t<meta name=\"twitter:data1\" content=\"admin\" \/>\n\t<meta name=\"twitter:label2\" content=\"Est. tempo de leitura\" \/>\n\t<meta name=\"twitter:data2\" content=\"3 minutos\" \/>\n<script type=\"application\/ld+json\" class=\"yoast-schema-graph\">{\"@context\":\"https:\/\/schema.org\",\"@graph\":[{\"@type\":\"Article\",\"@id\":\"https:\/\/www.travel3.com.br\/site\/sem-categoria\/festuris-2016-confira-os-principais-momentos-da-abertura\/#article\",\"isPartOf\":{\"@id\":\"https:\/\/www.travel3.com.br\/site\/sem-categoria\/festuris-2016-confira-os-principais-momentos-da-abertura\/\"},\"author\":{\"name\":\"admin\",\"@id\":\"https:\/\/www.travel3.com.br\/site\/#\/schema\/person\/a69d71e41a024999b6ab82369ac0bd1e\"},\"headline\":\"FESTURIS 2016: CONFIRA OS PRINCIPAIS MOMENTOS DA ABERTURA\",\"datePublished\":\"2017-08-23T02:10:43+00:00\",\"mainEntityOfPage\":{\"@id\":\"https:\/\/www.travel3.com.br\/site\/sem-categoria\/festuris-2016-confira-os-principais-momentos-da-abertura\/\"},\"wordCount\":600,\"commentCount\":0,\"publisher\":{\"@id\":\"https:\/\/www.travel3.com.br\/site\/#organization\"},\"inLanguage\":\"pt-BR\",\"potentialAction\":[{\"@type\":\"CommentAction\",\"name\":\"Comment\",\"target\":[\"https:\/\/www.travel3.com.br\/site\/sem-categoria\/festuris-2016-confira-os-principais-momentos-da-abertura\/#respond\"]}]},{\"@type\":\"WebPage\",\"@id\":\"https:\/\/www.travel3.com.br\/site\/sem-categoria\/festuris-2016-confira-os-principais-momentos-da-abertura\/\",\"url\":\"https:\/\/www.travel3.com.br\/site\/sem-categoria\/festuris-2016-confira-os-principais-momentos-da-abertura\/\",\"name\":\"FESTURIS 2016: CONFIRA OS PRINCIPAIS MOMENTOS DA ABERTURA - Travel3\",\"isPartOf\":{\"@id\":\"https:\/\/www.travel3.com.br\/site\/#website\"},\"datePublished\":\"2017-08-23T02:10:43+00:00\",\"description\":\"A TRAVEL3 \u00e9 um portal de conte\u00fado voltado para o turismo, encontre destinos, viagens, hospedagem, passagens, guias, not\u00edcias sobre o mercado do turismo, dicas de viagem, v\u00eddeos e podcast.\",\"breadcrumb\":{\"@id\":\"https:\/\/www.travel3.com.br\/site\/sem-categoria\/festuris-2016-confira-os-principais-momentos-da-abertura\/#breadcrumb\"},\"inLanguage\":\"pt-BR\",\"potentialAction\":[{\"@type\":\"ReadAction\",\"target\":[\"https:\/\/www.travel3.com.br\/site\/sem-categoria\/festuris-2016-confira-os-principais-momentos-da-abertura\/\"]}]},{\"@type\":\"BreadcrumbList\",\"@id\":\"https:\/\/www.travel3.com.br\/site\/sem-categoria\/festuris-2016-confira-os-principais-momentos-da-abertura\/#breadcrumb\",\"itemListElement\":[{\"@type\":\"ListItem\",\"position\":1,\"name\":\"In\u00edcio\",\"item\":\"https:\/\/www.travel3.com.br\/site\/\"},{\"@type\":\"ListItem\",\"position\":2,\"name\":\"FESTURIS 2016: CONFIRA OS PRINCIPAIS MOMENTOS DA ABERTURA\"}]},{\"@type\":\"WebSite\",\"@id\":\"https:\/\/www.travel3.com.br\/site\/#website\",\"url\":\"https:\/\/www.travel3.com.br\/site\/\",\"name\":\"Travel3\",\"description\":\"Lazer + Neg&oacute;cios + Aventura\",\"publisher\":{\"@id\":\"https:\/\/www.travel3.com.br\/site\/#organization\"},\"potentialAction\":[{\"@type\":\"SearchAction\",\"target\":{\"@type\":\"EntryPoint\",\"urlTemplate\":\"https:\/\/www.travel3.com.br\/site\/?s={search_term_string}\"},\"query-input\":{\"@type\":\"PropertyValueSpecification\",\"valueRequired\":true,\"valueName\":\"search_term_string\"}}],\"inLanguage\":\"pt-BR\"},{\"@type\":\"Organization\",\"@id\":\"https:\/\/www.travel3.com.br\/site\/#organization\",\"name\":\"Travel3\",\"url\":\"https:\/\/www.travel3.com.br\/site\/\",\"logo\":{\"@type\":\"ImageObject\",\"inLanguage\":\"pt-BR\",\"@id\":\"https:\/\/www.travel3.com.br\/site\/#\/schema\/logo\/image\/\",\"url\":\"https:\/\/www.travel3.com.br\/site\/wp-content\/uploads\/2020\/01\/logo-travel3-2020.png\",\"contentUrl\":\"https:\/\/www.travel3.com.br\/site\/wp-content\/uploads\/2020\/01\/logo-travel3-2020.png\",\"width\":232,\"height\":79,\"caption\":\"Travel3\"},\"image\":{\"@id\":\"https:\/\/www.travel3.com.br\/site\/#\/schema\/logo\/image\/\"},\"sameAs\":[\"https:\/\/www.facebook.com\/travel3media\/\",\"https:\/\/www.instagram.com\/revistatravel3\/\",\"https:\/\/www.youtube.com\/channel\/UCno7J4paGBR3VbZQzvoJ9Eg\"]},{\"@type\":\"Person\",\"@id\":\"https:\/\/www.travel3.com.br\/site\/#\/schema\/person\/a69d71e41a024999b6ab82369ac0bd1e\",\"name\":\"admin\",\"image\":{\"@type\":\"ImageObject\",\"inLanguage\":\"pt-BR\",\"@id\":\"https:\/\/www.travel3.com.br\/site\/#\/schema\/person\/image\/\",\"url\":\"https:\/\/secure.gravatar.com\/avatar\/732a67adfd764da2a47ba10ce731c4c0?s=96&d=mm&r=g\",\"contentUrl\":\"https:\/\/secure.gravatar.com\/avatar\/732a67adfd764da2a47ba10ce731c4c0?s=96&d=mm&r=g\",\"caption\":\"admin\"},\"url\":\"https:\/\/www.travel3.com.br\/site\/author\/admin\/\"}]}<\/script>\n<!-- \/ Yoast SEO plugin. -->","yoast_head_json":{"title":"FESTURIS 2016: CONFIRA OS PRINCIPAIS MOMENTOS DA ABERTURA - Travel3","description":"A TRAVEL3 \u00e9 um portal de conte\u00fado voltado para o turismo, encontre destinos, viagens, hospedagem, passagens, guias, not\u00edcias sobre o mercado do turismo, dicas de viagem, v\u00eddeos e podcast.","robots":{"index":"index","follow":"follow","max-snippet":"max-snippet:-1","max-image-preview":"max-image-preview:large","max-video-preview":"max-video-preview:-1"},"canonical":"https:\/\/www.travel3.com.br\/site\/sem-categoria\/festuris-2016-confira-os-principais-momentos-da-abertura\/","og_locale":"pt_BR","og_type":"article","og_title":"FESTURIS 2016: CONFIRA OS PRINCIPAIS MOMENTOS DA ABERTURA - Travel3","og_description":"A TRAVEL3 \u00e9 um portal de conte\u00fado voltado para o turismo, encontre destinos, viagens, hospedagem, passagens, guias, not\u00edcias sobre o mercado do turismo, dicas de viagem, v\u00eddeos e podcast.","og_url":"https:\/\/www.travel3.com.br\/site\/sem-categoria\/festuris-2016-confira-os-principais-momentos-da-abertura\/","og_site_name":"Travel3","article_publisher":"https:\/\/www.facebook.com\/travel3media\/","article_published_time":"2017-08-23T02:10:43+00:00","author":"admin","twitter_card":"summary_large_image","twitter_misc":{"Escrito por":"admin","Est. tempo de leitura":"3 minutos"},"schema":{"@context":"https:\/\/schema.org","@graph":[{"@type":"Article","@id":"https:\/\/www.travel3.com.br\/site\/sem-categoria\/festuris-2016-confira-os-principais-momentos-da-abertura\/#article","isPartOf":{"@id":"https:\/\/www.travel3.com.br\/site\/sem-categoria\/festuris-2016-confira-os-principais-momentos-da-abertura\/"},"author":{"name":"admin","@id":"https:\/\/www.travel3.com.br\/site\/#\/schema\/person\/a69d71e41a024999b6ab82369ac0bd1e"},"headline":"FESTURIS 2016: CONFIRA OS PRINCIPAIS MOMENTOS DA ABERTURA","datePublished":"2017-08-23T02:10:43+00:00","mainEntityOfPage":{"@id":"https:\/\/www.travel3.com.br\/site\/sem-categoria\/festuris-2016-confira-os-principais-momentos-da-abertura\/"},"wordCount":600,"commentCount":0,"publisher":{"@id":"https:\/\/www.travel3.com.br\/site\/#organization"},"inLanguage":"pt-BR","potentialAction":[{"@type":"CommentAction","name":"Comment","target":["https:\/\/www.travel3.com.br\/site\/sem-categoria\/festuris-2016-confira-os-principais-momentos-da-abertura\/#respond"]}]},{"@type":"WebPage","@id":"https:\/\/www.travel3.com.br\/site\/sem-categoria\/festuris-2016-confira-os-principais-momentos-da-abertura\/","url":"https:\/\/www.travel3.com.br\/site\/sem-categoria\/festuris-2016-confira-os-principais-momentos-da-abertura\/","name":"FESTURIS 2016: CONFIRA OS PRINCIPAIS MOMENTOS DA ABERTURA - Travel3","isPartOf":{"@id":"https:\/\/www.travel3.com.br\/site\/#website"},"datePublished":"2017-08-23T02:10:43+00:00","description":"A TRAVEL3 \u00e9 um portal de conte\u00fado voltado para o turismo, encontre destinos, viagens, hospedagem, passagens, guias, not\u00edcias sobre o mercado do turismo, dicas de viagem, v\u00eddeos e podcast.","breadcrumb":{"@id":"https:\/\/www.travel3.com.br\/site\/sem-categoria\/festuris-2016-confira-os-principais-momentos-da-abertura\/#breadcrumb"},"inLanguage":"pt-BR","potentialAction":[{"@type":"ReadAction","target":["https:\/\/www.travel3.com.br\/site\/sem-categoria\/festuris-2016-confira-os-principais-momentos-da-abertura\/"]}]},{"@type":"BreadcrumbList","@id":"https:\/\/www.travel3.com.br\/site\/sem-categoria\/festuris-2016-confira-os-principais-momentos-da-abertura\/#breadcrumb","itemListElement":[{"@type":"ListItem","position":1,"name":"In\u00edcio","item":"https:\/\/www.travel3.com.br\/site\/"},{"@type":"ListItem","position":2,"name":"FESTURIS 2016: CONFIRA OS PRINCIPAIS MOMENTOS DA ABERTURA"}]},{"@type":"WebSite","@id":"https:\/\/www.travel3.com.br\/site\/#website","url":"https:\/\/www.travel3.com.br\/site\/","name":"Travel3","description":"Lazer + Neg&oacute;cios + Aventura","publisher":{"@id":"https:\/\/www.travel3.com.br\/site\/#organization"},"potentialAction":[{"@type":"SearchAction","target":{"@type":"EntryPoint","urlTemplate":"https:\/\/www.travel3.com.br\/site\/?s={search_term_string}"},"query-input":{"@type":"PropertyValueSpecification","valueRequired":true,"valueName":"search_term_string"}}],"inLanguage":"pt-BR"},{"@type":"Organization","@id":"https:\/\/www.travel3.com.br\/site\/#organization","name":"Travel3","url":"https:\/\/www.travel3.com.br\/site\/","logo":{"@type":"ImageObject","inLanguage":"pt-BR","@id":"https:\/\/www.travel3.com.br\/site\/#\/schema\/logo\/image\/","url":"https:\/\/www.travel3.com.br\/site\/wp-content\/uploads\/2020\/01\/logo-travel3-2020.png","contentUrl":"https:\/\/www.travel3.com.br\/site\/wp-content\/uploads\/2020\/01\/logo-travel3-2020.png","width":232,"height":79,"caption":"Travel3"},"image":{"@id":"https:\/\/www.travel3.com.br\/site\/#\/schema\/logo\/image\/"},"sameAs":["https:\/\/www.facebook.com\/travel3media\/","https:\/\/www.instagram.com\/revistatravel3\/","https:\/\/www.youtube.com\/channel\/UCno7J4paGBR3VbZQzvoJ9Eg"]},{"@type":"Person","@id":"https:\/\/www.travel3.com.br\/site\/#\/schema\/person\/a69d71e41a024999b6ab82369ac0bd1e","name":"admin","image":{"@type":"ImageObject","inLanguage":"pt-BR","@id":"https:\/\/www.travel3.com.br\/site\/#\/schema\/person\/image\/","url":"https:\/\/secure.gravatar.com\/avatar\/732a67adfd764da2a47ba10ce731c4c0?s=96&d=mm&r=g","contentUrl":"https:\/\/secure.gravatar.com\/avatar\/732a67adfd764da2a47ba10ce731c4c0?s=96&d=mm&r=g","caption":"admin"},"url":"https:\/\/www.travel3.com.br\/site\/author\/admin\/"}]}},"_links":{"self":[{"href":"https:\/\/www.travel3.com.br\/site\/wp-json\/wp\/v2\/posts\/3554","targetHints":{"allow":["GET"]}}],"collection":[{"href":"https:\/\/www.travel3.com.br\/site\/wp-json\/wp\/v2\/posts"}],"about":[{"href":"https:\/\/www.travel3.com.br\/site\/wp-json\/wp\/v2\/types\/post"}],"author":[{"embeddable":true,"href":"https:\/\/www.travel3.com.br\/site\/wp-json\/wp\/v2\/users\/1"}],"replies":[{"embeddable":true,"href":"https:\/\/www.travel3.com.br\/site\/wp-json\/wp\/v2\/comments?post=3554"}],"version-history":[{"count":0,"href":"https:\/\/www.travel3.com.br\/site\/wp-json\/wp\/v2\/posts\/3554\/revisions"}],"wp:attachment":[{"href":"https:\/\/www.travel3.com.br\/site\/wp-json\/wp\/v2\/media?parent=3554"}],"wp:term":[{"taxonomy":"category","embeddable":true,"href":"https:\/\/www.travel3.com.br\/site\/wp-json\/wp\/v2\/categories?post=3554"},{"taxonomy":"post_tag","embeddable":true,"href":"https:\/\/www.travel3.com.br\/site\/wp-json\/wp\/v2\/tags?post=3554"}],"curies":[{"name":"wp","href":"https:\/\/api.w.org\/{rel}","templated":true}]}}