{"id":35516,"date":"2020-08-21T10:00:37","date_gmt":"2020-08-21T13:00:37","guid":{"rendered":"https:\/\/www.travel3.com.br\/?p=35516"},"modified":"2020-08-20T11:49:40","modified_gmt":"2020-08-20T14:49:40","slug":"alemanha-em-2-rodas-rotas-e-trilhas-para-todos-os-gostos","status":"publish","type":"post","link":"https:\/\/www.travel3.com.br\/site\/destaque\/alemanha-em-2-rodas-rotas-e-trilhas-para-todos-os-gostos\/","title":{"rendered":"Alemanha em 2 rodas = rotas e trilhas para todos os gostos"},"content":{"rendered":"\n<figure class=\"wp-block-image\"><img loading=\"lazy\" decoding=\"async\" width=\"1024\" height=\"682\" src=\"https:\/\/www.travel3.com.br\/site\/wp-content\/uploads\/2020\/08\/10-1024x682.jpeg\" alt=\"Alemanha em 2 rodas\" class=\"wp-image-35518\" srcset=\"https:\/\/www.travel3.com.br\/site\/wp-content\/uploads\/2020\/08\/10-1024x682.jpeg 1024w, https:\/\/www.travel3.com.br\/site\/wp-content\/uploads\/2020\/08\/10-300x200.jpeg 300w, https:\/\/www.travel3.com.br\/site\/wp-content\/uploads\/2020\/08\/10-768x511.jpeg 768w, https:\/\/www.travel3.com.br\/site\/wp-content\/uploads\/2020\/08\/10-750x499.jpeg 750w, https:\/\/www.travel3.com.br\/site\/wp-content\/uploads\/2020\/08\/10-1140x759.jpeg 1140w, https:\/\/www.travel3.com.br\/site\/wp-content\/uploads\/2020\/08\/10.jpeg 1200w\" sizes=\"auto, (max-width: 1024px) 100vw, 1024px\" \/><figcaption>Foto: Divulga\u00e7\u00e3o<\/figcaption><\/figure>\n\n\n\n<h3 class=\"wp-block-heading\" style=\"text-align:center\">Mais de 70 mil km de ciclovias conectam o pa\u00eds e atendem a todos os tipos de ciclistas<\/h3>\n\n\n\n<p>Conhecer a Alemanha em 2 rodas \u00e9 uma excelente op\u00e7\u00e3o para os amantes do ciclismo. No pa\u00eds, mais de 200 rotas somam mais de 7 mil km, e oferecem trilhas e ciclovias para todos os gostos.<\/p>\n\n\n\n<p>As experi\u00eancias atendem tanto a iniciantes quanto a ciclistas profissionais; e abrangem desde passeios naturais por belas paisagens at\u00e9 atividades culturais, como visitas a museus. <\/p>\n\n\n\n<p>Os viajantes podem, por exemplo, conhecer cidades hist\u00f3ricas ou percorrer as ruas das maiores metr\u00f3poles alem\u00e3s. Podem tamb\u00e9m acompanhar montanhas, rios e praias enquanto apreciam os cen\u00e1rios; que parecem ter sa\u00eddo de contos de fadas.<\/p>\n\n\n\n<p>As op\u00e7\u00f5es de rotas n\u00e3o param por a\u00ed, e atendem a diferentes perfis de ciclistas e viajantes. Aos mais experientes, um desafio \u00e9 subir os Alpes de bicicleta; enquanto os vinhedos oferecem rotas mais leves e com experi\u00eancias variadas. E para fam\u00edlias, as in\u00fameras rotas ao longo dos rios que atravessam o pa\u00eds s\u00e3o \u00f3timas op\u00e7\u00f5es. <\/p>\n\n\n\n<h3 class=\"wp-block-heading\">Vale do Mosela <\/h3>\n\n\n\n<p>Entre tantas rotas, destacam-se aquelas da regi\u00e3o do vale do Rio Mosela &#8211; um dos afluentes do Reno. A partir de Perl, na divisa com Luxemburgo, e por mais de 248 km, a trilha margeia o vale at\u00e9 Koblenz, onde Mosela e Reno se encontram.<\/p>\n\n\n\n<p>Pelo caminho, os viajantes encontram vin\u00edcolas e vinhedos, forma\u00e7\u00f5es rochosas e cidades medievais produtoras de vinho &#8211; como Bernkastel-Kues; al\u00e9m de locais antigos e castelos impressionantes.<\/p>\n\n\n\n<h2 class=\"wp-block-heading\"><em>Bed &amp; Bike <\/em>= hospedagem para percorrer a Alemanha em 2 rodas<\/h2>\n\n\n\n<p>Hospedagens <em>Bed &amp; Bike <\/em>s\u00e3o pensadas especialmente para os ciclistas que buscam conhecer as in\u00fameras trilhas que a Alemanha oferece. As mais de 5,5 mil acomoda\u00e7\u00f5es s\u00e3o certificadas desde 1995 pela Federa\u00e7\u00e3o Alem\u00e3 de Ciclistas, e oferecem servi\u00e7os como:<\/p>\n\n\n\n<p class=\"has-medium-font-size\">Possibilidade de hospedagem por apenas uma noite.<\/p>\n\n\n\n<p class=\"has-medium-font-size\">Armazenamento seguro para as bicicletas.<\/p>\n\n\n\n<p class=\"has-medium-font-size\">Fornecimento de ferramentas para reparos b\u00e1sicos.<\/p>\n\n\n\n<p class=\"has-medium-font-size\">Acervo de mapas.<\/p>\n","protected":false},"excerpt":{"rendered":"<p>Mais de 70 mil km de ciclovias conectam o pa\u00eds e atendem a todos os tipos de ciclistas Conhecer a Alemanha em 2 rodas \u00e9 uma excelente op\u00e7\u00e3o para os amantes do ciclismo. No pa\u00eds, mais de 200 rotas somam mais de 7 mil km, e oferecem trilhas e ciclovias para todos os gostos. As [&hellip;]<\/p>\n","protected":false},"author":6,"featured_media":35518,"comment_status":"open","ping_status":"open","sticky":false,"template":"","format":"standard","meta":{"footnotes":""},"categories":[884,226,10,170],"tags":[1005,1265,2686,585],"class_list":["post-35516","post","type-post","status-publish","format-standard","has-post-thumbnail","hentry","category-comece-a-viajar","category-destaque","category-destinos","category-europa","tag-alemanha","tag-bicicleta","tag-mountain-bike","tag-passeios-de-bicicleta"],"yoast_head":"<!-- This site is optimized with the Yoast SEO plugin v26.2 - https:\/\/yoast.com\/wordpress\/plugins\/seo\/ -->\n<title>Alemanha em 2 rodas = rotas e trilhas para todos os gostos - Travel3<\/title>\n<meta name=\"description\" content=\"Alemanha em 2 rodas = rotas e trilhas para todos os gostos; mais de 70 mil km de ciclovias conectam o pa\u00eds e atendem a todos os tipos de ciclistas\" \/>\n<meta name=\"robots\" content=\"index, follow, max-snippet:-1, max-image-preview:large, max-video-preview:-1\" \/>\n<link rel=\"canonical\" href=\"https:\/\/www.travel3.com.br\/site\/destaque\/alemanha-em-2-rodas-rotas-e-trilhas-para-todos-os-gostos\/\" \/>\n<meta property=\"og:locale\" content=\"pt_BR\" \/>\n<meta property=\"og:type\" content=\"article\" \/>\n<meta property=\"og:title\" content=\"Alemanha em 2 rodas = rotas e trilhas para todos os gostos - Travel3\" \/>\n<meta property=\"og:description\" content=\"Alemanha em 2 rodas = rotas e trilhas para todos os gostos; mais de 70 mil km de ciclovias conectam o pa\u00eds e atendem a todos os tipos de ciclistas\" \/>\n<meta property=\"og:url\" content=\"https:\/\/www.travel3.com.br\/site\/destaque\/alemanha-em-2-rodas-rotas-e-trilhas-para-todos-os-gostos\/\" \/>\n<meta property=\"og:site_name\" content=\"Travel3\" \/>\n<meta property=\"article:publisher\" content=\"https:\/\/www.facebook.com\/travel3media\/\" \/>\n<meta property=\"article:published_time\" content=\"2020-08-21T13:00:37+00:00\" \/>\n<meta property=\"og:image\" content=\"https:\/\/www.travel3.com.br\/site\/wp-content\/uploads\/2020\/08\/10.jpeg\" \/>\n\t<meta property=\"og:image:width\" content=\"1200\" \/>\n\t<meta property=\"og:image:height\" content=\"799\" \/>\n\t<meta property=\"og:image:type\" content=\"image\/jpeg\" \/>\n<meta name=\"author\" content=\"Reda\u00e7\u00e3o Travel3\" \/>\n<meta name=\"twitter:card\" content=\"summary_large_image\" \/>\n<meta name=\"twitter:label1\" content=\"Escrito por\" \/>\n\t<meta name=\"twitter:data1\" content=\"Reda\u00e7\u00e3o Travel3\" \/>\n\t<meta name=\"twitter:label2\" content=\"Est. tempo de leitura\" \/>\n\t<meta name=\"twitter:data2\" content=\"2 minutos\" \/>\n<script type=\"application\/ld+json\" class=\"yoast-schema-graph\">{\"@context\":\"https:\/\/schema.org\",\"@graph\":[{\"@type\":\"Article\",\"@id\":\"https:\/\/www.travel3.com.br\/site\/destaque\/alemanha-em-2-rodas-rotas-e-trilhas-para-todos-os-gostos\/#article\",\"isPartOf\":{\"@id\":\"https:\/\/www.travel3.com.br\/site\/destaque\/alemanha-em-2-rodas-rotas-e-trilhas-para-todos-os-gostos\/\"},\"author\":{\"name\":\"Reda\u00e7\u00e3o Travel3\",\"@id\":\"https:\/\/www.travel3.com.br\/site\/#\/schema\/person\/9cff8daac0a2f1aa0799f827b8aa8308\"},\"headline\":\"Alemanha em 2 rodas = rotas e trilhas para todos os gostos\",\"datePublished\":\"2020-08-21T13:00:37+00:00\",\"mainEntityOfPage\":{\"@id\":\"https:\/\/www.travel3.com.br\/site\/destaque\/alemanha-em-2-rodas-rotas-e-trilhas-para-todos-os-gostos\/\"},\"wordCount\":347,\"commentCount\":0,\"publisher\":{\"@id\":\"https:\/\/www.travel3.com.br\/site\/#organization\"},\"image\":{\"@id\":\"https:\/\/www.travel3.com.br\/site\/destaque\/alemanha-em-2-rodas-rotas-e-trilhas-para-todos-os-gostos\/#primaryimage\"},\"thumbnailUrl\":\"https:\/\/www.travel3.com.br\/site\/wp-content\/uploads\/2020\/08\/10.jpeg\",\"keywords\":[\"Alemanha\",\"Bicicleta\",\"Mountain Bike\",\"passeios de bicicleta\"],\"articleSection\":[\"Comece a Viajar\",\"Destaque\",\"Destinos\",\"Europa\"],\"inLanguage\":\"pt-BR\",\"potentialAction\":[{\"@type\":\"CommentAction\",\"name\":\"Comment\",\"target\":[\"https:\/\/www.travel3.com.br\/site\/destaque\/alemanha-em-2-rodas-rotas-e-trilhas-para-todos-os-gostos\/#respond\"]}]},{\"@type\":\"WebPage\",\"@id\":\"https:\/\/www.travel3.com.br\/site\/destaque\/alemanha-em-2-rodas-rotas-e-trilhas-para-todos-os-gostos\/\",\"url\":\"https:\/\/www.travel3.com.br\/site\/destaque\/alemanha-em-2-rodas-rotas-e-trilhas-para-todos-os-gostos\/\",\"name\":\"Alemanha em 2 rodas = rotas e trilhas para todos os gostos - Travel3\",\"isPartOf\":{\"@id\":\"https:\/\/www.travel3.com.br\/site\/#website\"},\"primaryImageOfPage\":{\"@id\":\"https:\/\/www.travel3.com.br\/site\/destaque\/alemanha-em-2-rodas-rotas-e-trilhas-para-todos-os-gostos\/#primaryimage\"},\"image\":{\"@id\":\"https:\/\/www.travel3.com.br\/site\/destaque\/alemanha-em-2-rodas-rotas-e-trilhas-para-todos-os-gostos\/#primaryimage\"},\"thumbnailUrl\":\"https:\/\/www.travel3.com.br\/site\/wp-content\/uploads\/2020\/08\/10.jpeg\",\"datePublished\":\"2020-08-21T13:00:37+00:00\",\"description\":\"Alemanha em 2 rodas = rotas e trilhas para todos os gostos; mais de 70 mil km de ciclovias conectam o pa\u00eds e atendem a todos os tipos de ciclistas\",\"breadcrumb\":{\"@id\":\"https:\/\/www.travel3.com.br\/site\/destaque\/alemanha-em-2-rodas-rotas-e-trilhas-para-todos-os-gostos\/#breadcrumb\"},\"inLanguage\":\"pt-BR\",\"potentialAction\":[{\"@type\":\"ReadAction\",\"target\":[\"https:\/\/www.travel3.com.br\/site\/destaque\/alemanha-em-2-rodas-rotas-e-trilhas-para-todos-os-gostos\/\"]}]},{\"@type\":\"ImageObject\",\"inLanguage\":\"pt-BR\",\"@id\":\"https:\/\/www.travel3.com.br\/site\/destaque\/alemanha-em-2-rodas-rotas-e-trilhas-para-todos-os-gostos\/#primaryimage\",\"url\":\"https:\/\/www.travel3.com.br\/site\/wp-content\/uploads\/2020\/08\/10.jpeg\",\"contentUrl\":\"https:\/\/www.travel3.com.br\/site\/wp-content\/uploads\/2020\/08\/10.jpeg\",\"width\":1200,\"height\":799,\"caption\":\"Foto: Divulga\u00e7\u00e3o\"},{\"@type\":\"BreadcrumbList\",\"@id\":\"https:\/\/www.travel3.com.br\/site\/destaque\/alemanha-em-2-rodas-rotas-e-trilhas-para-todos-os-gostos\/#breadcrumb\",\"itemListElement\":[{\"@type\":\"ListItem\",\"position\":1,\"name\":\"In\u00edcio\",\"item\":\"https:\/\/www.travel3.com.br\/site\/\"},{\"@type\":\"ListItem\",\"position\":2,\"name\":\"Alemanha em 2 rodas = rotas e trilhas para todos os gostos\"}]},{\"@type\":\"WebSite\",\"@id\":\"https:\/\/www.travel3.com.br\/site\/#website\",\"url\":\"https:\/\/www.travel3.com.br\/site\/\",\"name\":\"Travel3\",\"description\":\"Lazer + Neg&oacute;cios + Aventura\",\"publisher\":{\"@id\":\"https:\/\/www.travel3.com.br\/site\/#organization\"},\"potentialAction\":[{\"@type\":\"SearchAction\",\"target\":{\"@type\":\"EntryPoint\",\"urlTemplate\":\"https:\/\/www.travel3.com.br\/site\/?s={search_term_string}\"},\"query-input\":{\"@type\":\"PropertyValueSpecification\",\"valueRequired\":true,\"valueName\":\"search_term_string\"}}],\"inLanguage\":\"pt-BR\"},{\"@type\":\"Organization\",\"@id\":\"https:\/\/www.travel3.com.br\/site\/#organization\",\"name\":\"Travel3\",\"url\":\"https:\/\/www.travel3.com.br\/site\/\",\"logo\":{\"@type\":\"ImageObject\",\"inLanguage\":\"pt-BR\",\"@id\":\"https:\/\/www.travel3.com.br\/site\/#\/schema\/logo\/image\/\",\"url\":\"https:\/\/www.travel3.com.br\/site\/wp-content\/uploads\/2020\/01\/logo-travel3-2020.png\",\"contentUrl\":\"https:\/\/www.travel3.com.br\/site\/wp-content\/uploads\/2020\/01\/logo-travel3-2020.png\",\"width\":232,\"height\":79,\"caption\":\"Travel3\"},\"image\":{\"@id\":\"https:\/\/www.travel3.com.br\/site\/#\/schema\/logo\/image\/\"},\"sameAs\":[\"https:\/\/www.facebook.com\/travel3media\/\",\"https:\/\/www.instagram.com\/revistatravel3\/\",\"https:\/\/www.youtube.com\/channel\/UCno7J4paGBR3VbZQzvoJ9Eg\"]},{\"@type\":\"Person\",\"@id\":\"https:\/\/www.travel3.com.br\/site\/#\/schema\/person\/9cff8daac0a2f1aa0799f827b8aa8308\",\"name\":\"Reda\u00e7\u00e3o Travel3\",\"image\":{\"@type\":\"ImageObject\",\"inLanguage\":\"pt-BR\",\"@id\":\"https:\/\/www.travel3.com.br\/site\/#\/schema\/person\/image\/\",\"url\":\"https:\/\/secure.gravatar.com\/avatar\/6e6125525e1f04b7b8c607d71556e490?s=96&d=mm&r=g\",\"contentUrl\":\"https:\/\/secure.gravatar.com\/avatar\/6e6125525e1f04b7b8c607d71556e490?s=96&d=mm&r=g\",\"caption\":\"Reda\u00e7\u00e3o Travel3\"},\"sameAs\":[\"http:\/\/www.travel3.com.br\"],\"url\":\"https:\/\/www.travel3.com.br\/site\/author\/redacao2\/\"}]}<\/script>\n<!-- \/ Yoast SEO plugin. -->","yoast_head_json":{"title":"Alemanha em 2 rodas = rotas e trilhas para todos os gostos - Travel3","description":"Alemanha em 2 rodas = rotas e trilhas para todos os gostos; mais de 70 mil km de ciclovias conectam o pa\u00eds e atendem a todos os tipos de ciclistas","robots":{"index":"index","follow":"follow","max-snippet":"max-snippet:-1","max-image-preview":"max-image-preview:large","max-video-preview":"max-video-preview:-1"},"canonical":"https:\/\/www.travel3.com.br\/site\/destaque\/alemanha-em-2-rodas-rotas-e-trilhas-para-todos-os-gostos\/","og_locale":"pt_BR","og_type":"article","og_title":"Alemanha em 2 rodas = rotas e trilhas para todos os gostos - Travel3","og_description":"Alemanha em 2 rodas = rotas e trilhas para todos os gostos; mais de 70 mil km de ciclovias conectam o pa\u00eds e atendem a todos os tipos de ciclistas","og_url":"https:\/\/www.travel3.com.br\/site\/destaque\/alemanha-em-2-rodas-rotas-e-trilhas-para-todos-os-gostos\/","og_site_name":"Travel3","article_publisher":"https:\/\/www.facebook.com\/travel3media\/","article_published_time":"2020-08-21T13:00:37+00:00","og_image":[{"width":1200,"height":799,"url":"https:\/\/www.travel3.com.br\/site\/wp-content\/uploads\/2020\/08\/10.jpeg","type":"image\/jpeg"}],"author":"Reda\u00e7\u00e3o Travel3","twitter_card":"summary_large_image","twitter_misc":{"Escrito por":"Reda\u00e7\u00e3o Travel3","Est. tempo de leitura":"2 minutos"},"schema":{"@context":"https:\/\/schema.org","@graph":[{"@type":"Article","@id":"https:\/\/www.travel3.com.br\/site\/destaque\/alemanha-em-2-rodas-rotas-e-trilhas-para-todos-os-gostos\/#article","isPartOf":{"@id":"https:\/\/www.travel3.com.br\/site\/destaque\/alemanha-em-2-rodas-rotas-e-trilhas-para-todos-os-gostos\/"},"author":{"name":"Reda\u00e7\u00e3o Travel3","@id":"https:\/\/www.travel3.com.br\/site\/#\/schema\/person\/9cff8daac0a2f1aa0799f827b8aa8308"},"headline":"Alemanha em 2 rodas = rotas e trilhas para todos os gostos","datePublished":"2020-08-21T13:00:37+00:00","mainEntityOfPage":{"@id":"https:\/\/www.travel3.com.br\/site\/destaque\/alemanha-em-2-rodas-rotas-e-trilhas-para-todos-os-gostos\/"},"wordCount":347,"commentCount":0,"publisher":{"@id":"https:\/\/www.travel3.com.br\/site\/#organization"},"image":{"@id":"https:\/\/www.travel3.com.br\/site\/destaque\/alemanha-em-2-rodas-rotas-e-trilhas-para-todos-os-gostos\/#primaryimage"},"thumbnailUrl":"https:\/\/www.travel3.com.br\/site\/wp-content\/uploads\/2020\/08\/10.jpeg","keywords":["Alemanha","Bicicleta","Mountain Bike","passeios de bicicleta"],"articleSection":["Comece a Viajar","Destaque","Destinos","Europa"],"inLanguage":"pt-BR","potentialAction":[{"@type":"CommentAction","name":"Comment","target":["https:\/\/www.travel3.com.br\/site\/destaque\/alemanha-em-2-rodas-rotas-e-trilhas-para-todos-os-gostos\/#respond"]}]},{"@type":"WebPage","@id":"https:\/\/www.travel3.com.br\/site\/destaque\/alemanha-em-2-rodas-rotas-e-trilhas-para-todos-os-gostos\/","url":"https:\/\/www.travel3.com.br\/site\/destaque\/alemanha-em-2-rodas-rotas-e-trilhas-para-todos-os-gostos\/","name":"Alemanha em 2 rodas = rotas e trilhas para todos os gostos - Travel3","isPartOf":{"@id":"https:\/\/www.travel3.com.br\/site\/#website"},"primaryImageOfPage":{"@id":"https:\/\/www.travel3.com.br\/site\/destaque\/alemanha-em-2-rodas-rotas-e-trilhas-para-todos-os-gostos\/#primaryimage"},"image":{"@id":"https:\/\/www.travel3.com.br\/site\/destaque\/alemanha-em-2-rodas-rotas-e-trilhas-para-todos-os-gostos\/#primaryimage"},"thumbnailUrl":"https:\/\/www.travel3.com.br\/site\/wp-content\/uploads\/2020\/08\/10.jpeg","datePublished":"2020-08-21T13:00:37+00:00","description":"Alemanha em 2 rodas = rotas e trilhas para todos os gostos; mais de 70 mil km de ciclovias conectam o pa\u00eds e atendem a todos os tipos de ciclistas","breadcrumb":{"@id":"https:\/\/www.travel3.com.br\/site\/destaque\/alemanha-em-2-rodas-rotas-e-trilhas-para-todos-os-gostos\/#breadcrumb"},"inLanguage":"pt-BR","potentialAction":[{"@type":"ReadAction","target":["https:\/\/www.travel3.com.br\/site\/destaque\/alemanha-em-2-rodas-rotas-e-trilhas-para-todos-os-gostos\/"]}]},{"@type":"ImageObject","inLanguage":"pt-BR","@id":"https:\/\/www.travel3.com.br\/site\/destaque\/alemanha-em-2-rodas-rotas-e-trilhas-para-todos-os-gostos\/#primaryimage","url":"https:\/\/www.travel3.com.br\/site\/wp-content\/uploads\/2020\/08\/10.jpeg","contentUrl":"https:\/\/www.travel3.com.br\/site\/wp-content\/uploads\/2020\/08\/10.jpeg","width":1200,"height":799,"caption":"Foto: Divulga\u00e7\u00e3o"},{"@type":"BreadcrumbList","@id":"https:\/\/www.travel3.com.br\/site\/destaque\/alemanha-em-2-rodas-rotas-e-trilhas-para-todos-os-gostos\/#breadcrumb","itemListElement":[{"@type":"ListItem","position":1,"name":"In\u00edcio","item":"https:\/\/www.travel3.com.br\/site\/"},{"@type":"ListItem","position":2,"name":"Alemanha em 2 rodas = rotas e trilhas para todos os gostos"}]},{"@type":"WebSite","@id":"https:\/\/www.travel3.com.br\/site\/#website","url":"https:\/\/www.travel3.com.br\/site\/","name":"Travel3","description":"Lazer + Neg&oacute;cios + Aventura","publisher":{"@id":"https:\/\/www.travel3.com.br\/site\/#organization"},"potentialAction":[{"@type":"SearchAction","target":{"@type":"EntryPoint","urlTemplate":"https:\/\/www.travel3.com.br\/site\/?s={search_term_string}"},"query-input":{"@type":"PropertyValueSpecification","valueRequired":true,"valueName":"search_term_string"}}],"inLanguage":"pt-BR"},{"@type":"Organization","@id":"https:\/\/www.travel3.com.br\/site\/#organization","name":"Travel3","url":"https:\/\/www.travel3.com.br\/site\/","logo":{"@type":"ImageObject","inLanguage":"pt-BR","@id":"https:\/\/www.travel3.com.br\/site\/#\/schema\/logo\/image\/","url":"https:\/\/www.travel3.com.br\/site\/wp-content\/uploads\/2020\/01\/logo-travel3-2020.png","contentUrl":"https:\/\/www.travel3.com.br\/site\/wp-content\/uploads\/2020\/01\/logo-travel3-2020.png","width":232,"height":79,"caption":"Travel3"},"image":{"@id":"https:\/\/www.travel3.com.br\/site\/#\/schema\/logo\/image\/"},"sameAs":["https:\/\/www.facebook.com\/travel3media\/","https:\/\/www.instagram.com\/revistatravel3\/","https:\/\/www.youtube.com\/channel\/UCno7J4paGBR3VbZQzvoJ9Eg"]},{"@type":"Person","@id":"https:\/\/www.travel3.com.br\/site\/#\/schema\/person\/9cff8daac0a2f1aa0799f827b8aa8308","name":"Reda\u00e7\u00e3o Travel3","image":{"@type":"ImageObject","inLanguage":"pt-BR","@id":"https:\/\/www.travel3.com.br\/site\/#\/schema\/person\/image\/","url":"https:\/\/secure.gravatar.com\/avatar\/6e6125525e1f04b7b8c607d71556e490?s=96&d=mm&r=g","contentUrl":"https:\/\/secure.gravatar.com\/avatar\/6e6125525e1f04b7b8c607d71556e490?s=96&d=mm&r=g","caption":"Reda\u00e7\u00e3o Travel3"},"sameAs":["http:\/\/www.travel3.com.br"],"url":"https:\/\/www.travel3.com.br\/site\/author\/redacao2\/"}]}},"_links":{"self":[{"href":"https:\/\/www.travel3.com.br\/site\/wp-json\/wp\/v2\/posts\/35516","targetHints":{"allow":["GET"]}}],"collection":[{"href":"https:\/\/www.travel3.com.br\/site\/wp-json\/wp\/v2\/posts"}],"about":[{"href":"https:\/\/www.travel3.com.br\/site\/wp-json\/wp\/v2\/types\/post"}],"author":[{"embeddable":true,"href":"https:\/\/www.travel3.com.br\/site\/wp-json\/wp\/v2\/users\/6"}],"replies":[{"embeddable":true,"href":"https:\/\/www.travel3.com.br\/site\/wp-json\/wp\/v2\/comments?post=35516"}],"version-history":[{"count":2,"href":"https:\/\/www.travel3.com.br\/site\/wp-json\/wp\/v2\/posts\/35516\/revisions"}],"predecessor-version":[{"id":35578,"href":"https:\/\/www.travel3.com.br\/site\/wp-json\/wp\/v2\/posts\/35516\/revisions\/35578"}],"wp:featuredmedia":[{"embeddable":true,"href":"https:\/\/www.travel3.com.br\/site\/wp-json\/wp\/v2\/media\/35518"}],"wp:attachment":[{"href":"https:\/\/www.travel3.com.br\/site\/wp-json\/wp\/v2\/media?parent=35516"}],"wp:term":[{"taxonomy":"category","embeddable":true,"href":"https:\/\/www.travel3.com.br\/site\/wp-json\/wp\/v2\/categories?post=35516"},{"taxonomy":"post_tag","embeddable":true,"href":"https:\/\/www.travel3.com.br\/site\/wp-json\/wp\/v2\/tags?post=35516"}],"curies":[{"name":"wp","href":"https:\/\/api.w.org\/{rel}","templated":true}]}}