{"id":35457,"date":"2020-08-18T10:00:15","date_gmt":"2020-08-18T13:00:15","guid":{"rendered":"https:\/\/www.travel3.com.br\/?p=35457"},"modified":"2020-08-15T20:41:12","modified_gmt":"2020-08-15T23:41:12","slug":"copa-airlines-retoma-voos","status":"publish","type":"post","link":"https:\/\/www.travel3.com.br\/site\/acontece-no-turismo\/copa-airlines-retoma-voos\/","title":{"rendered":"Copa Airlines retoma voos entre Brasil e Panam\u00e1"},"content":{"rendered":"\n<div class=\"wp-block-image\"><figure class=\"aligncenter\"><img loading=\"lazy\" decoding=\"async\" width=\"1024\" height=\"819\" src=\"https:\/\/www.travel3.com.br\/site\/wp-content\/uploads\/2020\/04\/boeing737_800_2014-1024x819.jpg\" alt=\"Avi\u00e3o Copa Airlines\" class=\"wp-image-32842\" srcset=\"https:\/\/www.travel3.com.br\/site\/wp-content\/uploads\/2020\/04\/boeing737_800_2014-1024x819.jpg 1024w, https:\/\/www.travel3.com.br\/site\/wp-content\/uploads\/2020\/04\/boeing737_800_2014-300x240.jpg 300w, https:\/\/www.travel3.com.br\/site\/wp-content\/uploads\/2020\/04\/boeing737_800_2014-768x614.jpg 768w, https:\/\/www.travel3.com.br\/site\/wp-content\/uploads\/2020\/04\/boeing737_800_2014-750x600.jpg 750w, https:\/\/www.travel3.com.br\/site\/wp-content\/uploads\/2020\/04\/boeing737_800_2014-1140x912.jpg 1140w, https:\/\/www.travel3.com.br\/site\/wp-content\/uploads\/2020\/04\/boeing737_800_2014.jpg 1920w\" sizes=\"auto, (max-width: 1024px) 100vw, 1024px\" \/><figcaption>(Foto: Divulga\u00e7\u00e3o)<\/figcaption><\/figure><\/div>\n\n\n\n<h3 class=\"wp-block-heading\" style=\"text-align:center\">Retorno da companhia permite conex\u00e3o entre S\u00e3o Paulo e 6 destinos internacionais<\/h3>\n\n\n\n<p>A Copa Airlines inicia a sua volta ao Brasil, e retoma voos entre S\u00e3o Paulo e o Aeroporto Internacional de Tocumen, no Panam\u00e1. Acompanhado por novas medidas de seguran\u00e7a, o retorno da companhia busca atender \u00e0 crescente demanda por voos, e ainda apoiar a retomada econ\u00f4mica internacional.<\/p>\n\n\n\n<p>Inicialmente, a companhia panamenha ir\u00e1 voar com 6 frequ\u00eancias semanais; e permitir\u00e1 a conex\u00e3o entre Brasil e outros 5 destinos internacionais al\u00e9m da Cidade do Panam\u00e1. S\u00e3o eles = Quito + Guayaquil, no Equador + Santo Domingo, na Rep\u00fablica Dominicana + Miami, nos Estados Unidos + S\u00e3o Jos\u00e9, na Costa Rica.<\/p>\n\n\n\n<p>Nesse sentido, de acordo com a Copa Airlines, a retomada de mais voos ocorrer\u00e1 gradualmente; e levar\u00e1 em considera\u00e7\u00e3o determina\u00e7\u00f5es governamentais e medidas de seguran\u00e7a.<\/p>\n\n\n\n<blockquote class=\"wp-block-quote is-layout-flow wp-block-quote-is-layout-flow\"><p>Esperamos que a retomada dos voos ajude milhares de passageiros que desejam voltar para casa, reunir-se com suas fam\u00edlias, atender a quest\u00f5es de sa\u00fade, reuni\u00f5es importantes ou compromissos familiares ou profissionais.<\/p><p>Continuamos trabalhando com os governos da regi\u00e3o para ampliar o n\u00famero de destinos; e assim atender o maior n\u00famero de pessoas poss\u00edvel.<\/p><cite>Pedro Heilbron &#8211; CEO da Copa Airlines<\/cite><\/blockquote>\n\n\n\n<h4 class=\"wp-block-heading\">Seguran\u00e7a a bordo<\/h4>\n\n\n\n<p>A Copa Airlines retoma voos com <a rel=\"noreferrer noopener\" aria-label=\"novas medidas de seguran\u00e7a (opens in a new tab)\" href=\"https:\/\/www.travel3.com.br\/ir-e-vir\/ar\/copa-airlines-compartilha-novas-medidas-de-higiene-a-bordo\/\" target=\"_blank\">novas medidas de seguran\u00e7a<\/a>, como higieniza\u00e7\u00e3o espec\u00edfica + uso obrigat\u00f3rio de m\u00e1scaras. Al\u00e9m disso, os filtros padr\u00e3o HEPA eliminam da cabine germes como o coronav\u00edrus, e promovem a r\u00e1pida renova\u00e7\u00e3o do ar.<\/p>\n\n\n\n<h3 class=\"wp-block-heading\" style=\"text-align:center\">Saiba mais = <a href=\"http:\/\/copa.com\" target=\"_blank\" rel=\"noreferrer noopener\" aria-label=\"copa.com (opens in a new tab)\">copa.com<\/a><\/h3>\n","protected":false},"excerpt":{"rendered":"<p>Retorno da companhia permite conex\u00e3o entre S\u00e3o Paulo e 6 destinos internacionais A Copa Airlines inicia a sua volta ao Brasil, e retoma voos entre S\u00e3o Paulo e o Aeroporto Internacional de Tocumen, no Panam\u00e1. Acompanhado por novas medidas de seguran\u00e7a, o retorno da companhia busca atender \u00e0 crescente demanda por voos, e ainda apoiar [&hellip;]<\/p>\n","protected":false},"author":6,"featured_media":32842,"comment_status":"open","ping_status":"open","sticky":false,"template":"","format":"standard","meta":{"footnotes":""},"categories":[969,309,226,8],"tags":[1211,266,4117],"class_list":["post-35457","post","type-post","status-publish","format-standard","has-post-thumbnail","hentry","category-acontece-no-turismo","category-ar","category-destaque","category-ir-e-vir","tag-companhias-aereas","tag-copa-airlines","tag-retomada-do-turismo"],"yoast_head":"<!-- This site is optimized with the Yoast SEO plugin v26.2 - https:\/\/yoast.com\/wordpress\/plugins\/seo\/ -->\n<title>Copa Airlines retoma voos entre Brasil e Panam\u00e1 - Travel3<\/title>\n<meta name=\"description\" content=\"Copa Airlines retoma voos entre Brasil e Panam\u00e1; retorno da companhia permite conex\u00e3o entre S\u00e3o Paulo e 6 destinos internacionais\" \/>\n<meta name=\"robots\" content=\"index, follow, max-snippet:-1, max-image-preview:large, max-video-preview:-1\" \/>\n<link rel=\"canonical\" href=\"https:\/\/www.travel3.com.br\/site\/acontece-no-turismo\/copa-airlines-retoma-voos\/\" \/>\n<meta property=\"og:locale\" content=\"pt_BR\" \/>\n<meta property=\"og:type\" content=\"article\" \/>\n<meta property=\"og:title\" content=\"Copa Airlines retoma voos entre Brasil e Panam\u00e1 - Travel3\" \/>\n<meta property=\"og:description\" content=\"Copa Airlines retoma voos entre Brasil e Panam\u00e1; retorno da companhia permite conex\u00e3o entre S\u00e3o Paulo e 6 destinos internacionais\" \/>\n<meta property=\"og:url\" content=\"https:\/\/www.travel3.com.br\/site\/acontece-no-turismo\/copa-airlines-retoma-voos\/\" \/>\n<meta property=\"og:site_name\" content=\"Travel3\" \/>\n<meta property=\"article:publisher\" content=\"https:\/\/www.facebook.com\/travel3media\/\" \/>\n<meta property=\"article:published_time\" content=\"2020-08-18T13:00:15+00:00\" \/>\n<meta property=\"og:image\" content=\"https:\/\/www.travel3.com.br\/site\/wp-content\/uploads\/2020\/04\/boeing737_800_2014.jpg\" \/>\n\t<meta property=\"og:image:width\" content=\"1920\" \/>\n\t<meta property=\"og:image:height\" content=\"1536\" \/>\n\t<meta property=\"og:image:type\" content=\"image\/jpeg\" \/>\n<meta name=\"author\" content=\"Reda\u00e7\u00e3o Travel3\" \/>\n<meta name=\"twitter:card\" content=\"summary_large_image\" \/>\n<meta name=\"twitter:label1\" content=\"Escrito por\" \/>\n\t<meta name=\"twitter:data1\" content=\"Reda\u00e7\u00e3o Travel3\" \/>\n\t<meta name=\"twitter:label2\" content=\"Est. tempo de leitura\" \/>\n\t<meta name=\"twitter:data2\" content=\"1 minuto\" \/>\n<script type=\"application\/ld+json\" class=\"yoast-schema-graph\">{\"@context\":\"https:\/\/schema.org\",\"@graph\":[{\"@type\":\"Article\",\"@id\":\"https:\/\/www.travel3.com.br\/site\/acontece-no-turismo\/copa-airlines-retoma-voos\/#article\",\"isPartOf\":{\"@id\":\"https:\/\/www.travel3.com.br\/site\/acontece-no-turismo\/copa-airlines-retoma-voos\/\"},\"author\":{\"name\":\"Reda\u00e7\u00e3o Travel3\",\"@id\":\"https:\/\/www.travel3.com.br\/site\/#\/schema\/person\/9cff8daac0a2f1aa0799f827b8aa8308\"},\"headline\":\"Copa Airlines retoma voos entre Brasil e Panam\u00e1\",\"datePublished\":\"2020-08-18T13:00:15+00:00\",\"mainEntityOfPage\":{\"@id\":\"https:\/\/www.travel3.com.br\/site\/acontece-no-turismo\/copa-airlines-retoma-voos\/\"},\"wordCount\":274,\"commentCount\":0,\"publisher\":{\"@id\":\"https:\/\/www.travel3.com.br\/site\/#organization\"},\"image\":{\"@id\":\"https:\/\/www.travel3.com.br\/site\/acontece-no-turismo\/copa-airlines-retoma-voos\/#primaryimage\"},\"thumbnailUrl\":\"https:\/\/www.travel3.com.br\/site\/wp-content\/uploads\/2020\/04\/boeing737_800_2014.jpg\",\"keywords\":[\"companhias a\u00e9reas\",\"Copa Airlines\",\"Retomada do Turismo\"],\"articleSection\":[\"Acontece no Turismo\",\"Ar\",\"Destaque\",\"Ir e Vir\"],\"inLanguage\":\"pt-BR\",\"potentialAction\":[{\"@type\":\"CommentAction\",\"name\":\"Comment\",\"target\":[\"https:\/\/www.travel3.com.br\/site\/acontece-no-turismo\/copa-airlines-retoma-voos\/#respond\"]}]},{\"@type\":\"WebPage\",\"@id\":\"https:\/\/www.travel3.com.br\/site\/acontece-no-turismo\/copa-airlines-retoma-voos\/\",\"url\":\"https:\/\/www.travel3.com.br\/site\/acontece-no-turismo\/copa-airlines-retoma-voos\/\",\"name\":\"Copa Airlines retoma voos entre Brasil e Panam\u00e1 - Travel3\",\"isPartOf\":{\"@id\":\"https:\/\/www.travel3.com.br\/site\/#website\"},\"primaryImageOfPage\":{\"@id\":\"https:\/\/www.travel3.com.br\/site\/acontece-no-turismo\/copa-airlines-retoma-voos\/#primaryimage\"},\"image\":{\"@id\":\"https:\/\/www.travel3.com.br\/site\/acontece-no-turismo\/copa-airlines-retoma-voos\/#primaryimage\"},\"thumbnailUrl\":\"https:\/\/www.travel3.com.br\/site\/wp-content\/uploads\/2020\/04\/boeing737_800_2014.jpg\",\"datePublished\":\"2020-08-18T13:00:15+00:00\",\"description\":\"Copa Airlines retoma voos entre Brasil e Panam\u00e1; retorno da companhia permite conex\u00e3o entre S\u00e3o Paulo e 6 destinos internacionais\",\"breadcrumb\":{\"@id\":\"https:\/\/www.travel3.com.br\/site\/acontece-no-turismo\/copa-airlines-retoma-voos\/#breadcrumb\"},\"inLanguage\":\"pt-BR\",\"potentialAction\":[{\"@type\":\"ReadAction\",\"target\":[\"https:\/\/www.travel3.com.br\/site\/acontece-no-turismo\/copa-airlines-retoma-voos\/\"]}]},{\"@type\":\"ImageObject\",\"inLanguage\":\"pt-BR\",\"@id\":\"https:\/\/www.travel3.com.br\/site\/acontece-no-turismo\/copa-airlines-retoma-voos\/#primaryimage\",\"url\":\"https:\/\/www.travel3.com.br\/site\/wp-content\/uploads\/2020\/04\/boeing737_800_2014.jpg\",\"contentUrl\":\"https:\/\/www.travel3.com.br\/site\/wp-content\/uploads\/2020\/04\/boeing737_800_2014.jpg\",\"width\":1920,\"height\":1536,\"caption\":\"(Foto: Divulga\u00e7\u00e3o)\"},{\"@type\":\"BreadcrumbList\",\"@id\":\"https:\/\/www.travel3.com.br\/site\/acontece-no-turismo\/copa-airlines-retoma-voos\/#breadcrumb\",\"itemListElement\":[{\"@type\":\"ListItem\",\"position\":1,\"name\":\"In\u00edcio\",\"item\":\"https:\/\/www.travel3.com.br\/site\/\"},{\"@type\":\"ListItem\",\"position\":2,\"name\":\"Copa Airlines retoma voos entre Brasil e Panam\u00e1\"}]},{\"@type\":\"WebSite\",\"@id\":\"https:\/\/www.travel3.com.br\/site\/#website\",\"url\":\"https:\/\/www.travel3.com.br\/site\/\",\"name\":\"Travel3\",\"description\":\"Lazer + Neg&oacute;cios + Aventura\",\"publisher\":{\"@id\":\"https:\/\/www.travel3.com.br\/site\/#organization\"},\"potentialAction\":[{\"@type\":\"SearchAction\",\"target\":{\"@type\":\"EntryPoint\",\"urlTemplate\":\"https:\/\/www.travel3.com.br\/site\/?s={search_term_string}\"},\"query-input\":{\"@type\":\"PropertyValueSpecification\",\"valueRequired\":true,\"valueName\":\"search_term_string\"}}],\"inLanguage\":\"pt-BR\"},{\"@type\":\"Organization\",\"@id\":\"https:\/\/www.travel3.com.br\/site\/#organization\",\"name\":\"Travel3\",\"url\":\"https:\/\/www.travel3.com.br\/site\/\",\"logo\":{\"@type\":\"ImageObject\",\"inLanguage\":\"pt-BR\",\"@id\":\"https:\/\/www.travel3.com.br\/site\/#\/schema\/logo\/image\/\",\"url\":\"https:\/\/www.travel3.com.br\/site\/wp-content\/uploads\/2020\/01\/logo-travel3-2020.png\",\"contentUrl\":\"https:\/\/www.travel3.com.br\/site\/wp-content\/uploads\/2020\/01\/logo-travel3-2020.png\",\"width\":232,\"height\":79,\"caption\":\"Travel3\"},\"image\":{\"@id\":\"https:\/\/www.travel3.com.br\/site\/#\/schema\/logo\/image\/\"},\"sameAs\":[\"https:\/\/www.facebook.com\/travel3media\/\",\"https:\/\/www.instagram.com\/revistatravel3\/\",\"https:\/\/www.youtube.com\/channel\/UCno7J4paGBR3VbZQzvoJ9Eg\"]},{\"@type\":\"Person\",\"@id\":\"https:\/\/www.travel3.com.br\/site\/#\/schema\/person\/9cff8daac0a2f1aa0799f827b8aa8308\",\"name\":\"Reda\u00e7\u00e3o Travel3\",\"image\":{\"@type\":\"ImageObject\",\"inLanguage\":\"pt-BR\",\"@id\":\"https:\/\/www.travel3.com.br\/site\/#\/schema\/person\/image\/\",\"url\":\"https:\/\/secure.gravatar.com\/avatar\/6e6125525e1f04b7b8c607d71556e490?s=96&d=mm&r=g\",\"contentUrl\":\"https:\/\/secure.gravatar.com\/avatar\/6e6125525e1f04b7b8c607d71556e490?s=96&d=mm&r=g\",\"caption\":\"Reda\u00e7\u00e3o Travel3\"},\"sameAs\":[\"http:\/\/www.travel3.com.br\"],\"url\":\"https:\/\/www.travel3.com.br\/site\/author\/redacao2\/\"}]}<\/script>\n<!-- \/ Yoast SEO plugin. -->","yoast_head_json":{"title":"Copa Airlines retoma voos entre Brasil e Panam\u00e1 - Travel3","description":"Copa Airlines retoma voos entre Brasil e Panam\u00e1; retorno da companhia permite conex\u00e3o entre S\u00e3o Paulo e 6 destinos internacionais","robots":{"index":"index","follow":"follow","max-snippet":"max-snippet:-1","max-image-preview":"max-image-preview:large","max-video-preview":"max-video-preview:-1"},"canonical":"https:\/\/www.travel3.com.br\/site\/acontece-no-turismo\/copa-airlines-retoma-voos\/","og_locale":"pt_BR","og_type":"article","og_title":"Copa Airlines retoma voos entre Brasil e Panam\u00e1 - Travel3","og_description":"Copa Airlines retoma voos entre Brasil e Panam\u00e1; retorno da companhia permite conex\u00e3o entre S\u00e3o Paulo e 6 destinos internacionais","og_url":"https:\/\/www.travel3.com.br\/site\/acontece-no-turismo\/copa-airlines-retoma-voos\/","og_site_name":"Travel3","article_publisher":"https:\/\/www.facebook.com\/travel3media\/","article_published_time":"2020-08-18T13:00:15+00:00","og_image":[{"width":1920,"height":1536,"url":"https:\/\/www.travel3.com.br\/site\/wp-content\/uploads\/2020\/04\/boeing737_800_2014.jpg","type":"image\/jpeg"}],"author":"Reda\u00e7\u00e3o Travel3","twitter_card":"summary_large_image","twitter_misc":{"Escrito por":"Reda\u00e7\u00e3o Travel3","Est. tempo de leitura":"1 minuto"},"schema":{"@context":"https:\/\/schema.org","@graph":[{"@type":"Article","@id":"https:\/\/www.travel3.com.br\/site\/acontece-no-turismo\/copa-airlines-retoma-voos\/#article","isPartOf":{"@id":"https:\/\/www.travel3.com.br\/site\/acontece-no-turismo\/copa-airlines-retoma-voos\/"},"author":{"name":"Reda\u00e7\u00e3o Travel3","@id":"https:\/\/www.travel3.com.br\/site\/#\/schema\/person\/9cff8daac0a2f1aa0799f827b8aa8308"},"headline":"Copa Airlines retoma voos entre Brasil e Panam\u00e1","datePublished":"2020-08-18T13:00:15+00:00","mainEntityOfPage":{"@id":"https:\/\/www.travel3.com.br\/site\/acontece-no-turismo\/copa-airlines-retoma-voos\/"},"wordCount":274,"commentCount":0,"publisher":{"@id":"https:\/\/www.travel3.com.br\/site\/#organization"},"image":{"@id":"https:\/\/www.travel3.com.br\/site\/acontece-no-turismo\/copa-airlines-retoma-voos\/#primaryimage"},"thumbnailUrl":"https:\/\/www.travel3.com.br\/site\/wp-content\/uploads\/2020\/04\/boeing737_800_2014.jpg","keywords":["companhias a\u00e9reas","Copa Airlines","Retomada do Turismo"],"articleSection":["Acontece no Turismo","Ar","Destaque","Ir e Vir"],"inLanguage":"pt-BR","potentialAction":[{"@type":"CommentAction","name":"Comment","target":["https:\/\/www.travel3.com.br\/site\/acontece-no-turismo\/copa-airlines-retoma-voos\/#respond"]}]},{"@type":"WebPage","@id":"https:\/\/www.travel3.com.br\/site\/acontece-no-turismo\/copa-airlines-retoma-voos\/","url":"https:\/\/www.travel3.com.br\/site\/acontece-no-turismo\/copa-airlines-retoma-voos\/","name":"Copa Airlines retoma voos entre Brasil e Panam\u00e1 - Travel3","isPartOf":{"@id":"https:\/\/www.travel3.com.br\/site\/#website"},"primaryImageOfPage":{"@id":"https:\/\/www.travel3.com.br\/site\/acontece-no-turismo\/copa-airlines-retoma-voos\/#primaryimage"},"image":{"@id":"https:\/\/www.travel3.com.br\/site\/acontece-no-turismo\/copa-airlines-retoma-voos\/#primaryimage"},"thumbnailUrl":"https:\/\/www.travel3.com.br\/site\/wp-content\/uploads\/2020\/04\/boeing737_800_2014.jpg","datePublished":"2020-08-18T13:00:15+00:00","description":"Copa Airlines retoma voos entre Brasil e Panam\u00e1; retorno da companhia permite conex\u00e3o entre S\u00e3o Paulo e 6 destinos internacionais","breadcrumb":{"@id":"https:\/\/www.travel3.com.br\/site\/acontece-no-turismo\/copa-airlines-retoma-voos\/#breadcrumb"},"inLanguage":"pt-BR","potentialAction":[{"@type":"ReadAction","target":["https:\/\/www.travel3.com.br\/site\/acontece-no-turismo\/copa-airlines-retoma-voos\/"]}]},{"@type":"ImageObject","inLanguage":"pt-BR","@id":"https:\/\/www.travel3.com.br\/site\/acontece-no-turismo\/copa-airlines-retoma-voos\/#primaryimage","url":"https:\/\/www.travel3.com.br\/site\/wp-content\/uploads\/2020\/04\/boeing737_800_2014.jpg","contentUrl":"https:\/\/www.travel3.com.br\/site\/wp-content\/uploads\/2020\/04\/boeing737_800_2014.jpg","width":1920,"height":1536,"caption":"(Foto: Divulga\u00e7\u00e3o)"},{"@type":"BreadcrumbList","@id":"https:\/\/www.travel3.com.br\/site\/acontece-no-turismo\/copa-airlines-retoma-voos\/#breadcrumb","itemListElement":[{"@type":"ListItem","position":1,"name":"In\u00edcio","item":"https:\/\/www.travel3.com.br\/site\/"},{"@type":"ListItem","position":2,"name":"Copa Airlines retoma voos entre Brasil e Panam\u00e1"}]},{"@type":"WebSite","@id":"https:\/\/www.travel3.com.br\/site\/#website","url":"https:\/\/www.travel3.com.br\/site\/","name":"Travel3","description":"Lazer + Neg&oacute;cios + Aventura","publisher":{"@id":"https:\/\/www.travel3.com.br\/site\/#organization"},"potentialAction":[{"@type":"SearchAction","target":{"@type":"EntryPoint","urlTemplate":"https:\/\/www.travel3.com.br\/site\/?s={search_term_string}"},"query-input":{"@type":"PropertyValueSpecification","valueRequired":true,"valueName":"search_term_string"}}],"inLanguage":"pt-BR"},{"@type":"Organization","@id":"https:\/\/www.travel3.com.br\/site\/#organization","name":"Travel3","url":"https:\/\/www.travel3.com.br\/site\/","logo":{"@type":"ImageObject","inLanguage":"pt-BR","@id":"https:\/\/www.travel3.com.br\/site\/#\/schema\/logo\/image\/","url":"https:\/\/www.travel3.com.br\/site\/wp-content\/uploads\/2020\/01\/logo-travel3-2020.png","contentUrl":"https:\/\/www.travel3.com.br\/site\/wp-content\/uploads\/2020\/01\/logo-travel3-2020.png","width":232,"height":79,"caption":"Travel3"},"image":{"@id":"https:\/\/www.travel3.com.br\/site\/#\/schema\/logo\/image\/"},"sameAs":["https:\/\/www.facebook.com\/travel3media\/","https:\/\/www.instagram.com\/revistatravel3\/","https:\/\/www.youtube.com\/channel\/UCno7J4paGBR3VbZQzvoJ9Eg"]},{"@type":"Person","@id":"https:\/\/www.travel3.com.br\/site\/#\/schema\/person\/9cff8daac0a2f1aa0799f827b8aa8308","name":"Reda\u00e7\u00e3o Travel3","image":{"@type":"ImageObject","inLanguage":"pt-BR","@id":"https:\/\/www.travel3.com.br\/site\/#\/schema\/person\/image\/","url":"https:\/\/secure.gravatar.com\/avatar\/6e6125525e1f04b7b8c607d71556e490?s=96&d=mm&r=g","contentUrl":"https:\/\/secure.gravatar.com\/avatar\/6e6125525e1f04b7b8c607d71556e490?s=96&d=mm&r=g","caption":"Reda\u00e7\u00e3o Travel3"},"sameAs":["http:\/\/www.travel3.com.br"],"url":"https:\/\/www.travel3.com.br\/site\/author\/redacao2\/"}]}},"_links":{"self":[{"href":"https:\/\/www.travel3.com.br\/site\/wp-json\/wp\/v2\/posts\/35457","targetHints":{"allow":["GET"]}}],"collection":[{"href":"https:\/\/www.travel3.com.br\/site\/wp-json\/wp\/v2\/posts"}],"about":[{"href":"https:\/\/www.travel3.com.br\/site\/wp-json\/wp\/v2\/types\/post"}],"author":[{"embeddable":true,"href":"https:\/\/www.travel3.com.br\/site\/wp-json\/wp\/v2\/users\/6"}],"replies":[{"embeddable":true,"href":"https:\/\/www.travel3.com.br\/site\/wp-json\/wp\/v2\/comments?post=35457"}],"version-history":[{"count":2,"href":"https:\/\/www.travel3.com.br\/site\/wp-json\/wp\/v2\/posts\/35457\/revisions"}],"predecessor-version":[{"id":35466,"href":"https:\/\/www.travel3.com.br\/site\/wp-json\/wp\/v2\/posts\/35457\/revisions\/35466"}],"wp:featuredmedia":[{"embeddable":true,"href":"https:\/\/www.travel3.com.br\/site\/wp-json\/wp\/v2\/media\/32842"}],"wp:attachment":[{"href":"https:\/\/www.travel3.com.br\/site\/wp-json\/wp\/v2\/media?parent=35457"}],"wp:term":[{"taxonomy":"category","embeddable":true,"href":"https:\/\/www.travel3.com.br\/site\/wp-json\/wp\/v2\/categories?post=35457"},{"taxonomy":"post_tag","embeddable":true,"href":"https:\/\/www.travel3.com.br\/site\/wp-json\/wp\/v2\/tags?post=35457"}],"curies":[{"name":"wp","href":"https:\/\/api.w.org\/{rel}","templated":true}]}}