{"id":3532,"date":"2017-08-23T01:12:43","date_gmt":"2017-08-23T01:12:43","guid":{"rendered":"http:\/\/www.travel3.com.br\/site\/ir-e-vir\/ar\/beach-park-sedia-a-4a-festa-literaria-de-aquiraz\/"},"modified":"2017-08-23T01:12:43","modified_gmt":"2017-08-23T01:12:43","slug":"beach-park-sedia-a-4a-festa-literaria-de-aquiraz","status":"publish","type":"post","link":"https:\/\/www.travel3.com.br\/site\/sem-categoria\/beach-park-sedia-a-4a-festa-literaria-de-aquiraz\/","title":{"rendered":"BEACH PARK SEDIA A 4a FESTA LITER\u00c1RIA DE AQUIRAZ"},"content":{"rendered":"<p><span style=\"color: #40acad; font-family: -apple-system, system-ui, 'Segoe UI', Roboto, Oxygen-Sans, Ubuntu, Cantarell, 'Helvetica Neue', sans-serif; font-size: 12px; font-weight: bold;\"><\/p>\n<p style=\"text-align:justify\"><a class=\"fancybox-media\" href=\"..\/_uploads\/_noticia\/2016-11\/298727-656575-marilia-lovatel.jpg\" rel=\"portfolio\"><img decoding=\"async\" alt=\"\" src=\"..\/_uploads\/_noticia\/2016-11\/298727-656575-marilia-lovatel.jpg\" \/><\/a><\/p>\n<p style=\"text-align:justify\"><strong>IV Festa Liter\u00e1ria de Aquiraz &#8211; Marilia Lovatel (Foto: Divulga\u00e7\u00e3o)<\/strong><\/p>\n<p style=\"text-align:justify\">A Vila Azul do Mar \u00e9 um espa\u00e7o de conviv\u00eancia e porta de entrada para o melhor parque aqu\u00e1tico da Am\u00e9rica Latina, o Beach Park. De 10 a 13 de novembro, acontece a Festa Liter\u00e1ria de Aquiraz, o primeiro e um dos principais eventos liter\u00e1rios do estado.<\/p>\n<p style=\"text-align:justify\"><a class=\"fancybox-media\" href=\"..\/_uploads\/_noticia\/2016-11\/298727-656498-paula-pimenta.jpg\" rel=\"portfolio\"><img decoding=\"async\" alt=\"\" src=\"..\/_uploads\/_noticia\/2016-11\/298727-656498-paula-pimenta.jpg\" \/><\/a><\/p>\n<p style=\"text-align:justify\"><strong>IV Festa Liter\u00e1ria de Aquiraz &#8211; Paula Pimenta \u00a0(Foto: Divulga\u00e7\u00e3o)<\/strong><\/p>\n<p style=\"text-align:justify\">Nesta edi\u00e7\u00e3o, o escritor, m\u00e9dico e dramaturgo brasileiro, Ronaldo Correia, ser\u00e1 homenageado. O evento contar\u00e1, ainda, com palestras, espa\u00e7o para conta\u00e7\u00e3o de hist\u00f3rias, livraria e momento para aut\u00f3grafos com os autores. Entre os confirmados, est\u00e3o Paula Pimenta (MG), Fabio Yabu (SP), Socorro Acciolli (CE), Paulo Linhares (CE), Pablo Arellano (MEX), Marco Severo (CE), Juliana Diniz (CE), Solange Lasalvia (PE), Schneider Carpeggiani (PE), Fabiano Santos (CE), Dellano Rios (CE), Nelson Louren\u00e7o (CE), Tino Freitas (CE), Marilia Lovatel (CE) e Carlos Vaconcelos (CE).<\/p>\n<p style=\"text-align:justify\"><strong>Confira a programa\u00e7\u00e3o completa:<\/strong><\/p>\n<p style=\"text-align:justify\"><strong>Quinta-feira &#8211; 10\/11<\/strong><br \/>\n10 horas: Hist\u00f3ria Compartilhada &#8211; Elsa Annie Guillot &#8211; &#8220;Contos a Viver&#8221;<br \/>\n17 horas: Encontro com o autor Tino Freitas &#8211; &#8220;A palavra tamb\u00e9m \u00e9 brinquedo&#8221;<br \/>\n18h30min: Mesa Liter\u00e1ria &#8211; &#8220;Como e porque ler Ronaldo Correia de Brito&#8221; &#8211; Participa\u00e7\u00e3o de Marco Severo, Carlos Vasconcelos e Nelson Louren\u00e7o<br \/>\n20 horas: Mesa Liter\u00e1ria &#8211; &#8220;Como nascem as hist\u00f3rias?&#8221; &#8211; Participa\u00e7\u00e3o de Mar\u00edlia Lovatel e Solange Lasalvia<\/p>\n<p style=\"text-align:justify\"><strong>Sexta-feira &#8211; 11\/11<\/strong><br \/>\n10 horas: Hist\u00f3ria Compartilhada &#8211; Solange Lasalvia &#8211; &#8220;Sapenilda e o Tesouro Perdido<br \/>\n17 horas: Encontro com o autor &#8211; Tino Freitas &#8211; &#8220;Quem quer brincar comigo?&#8221;<br \/>\n18h30min: Feira Liter\u00e1ria &#8211; &#8220;A ponte real entre o livro e o leitor&#8221; &#8211; Participa\u00e7\u00e3o de Schneider Carpeggian, Dellano Rios e Nelson Louren\u00e7o<br \/>\n19h45min: Lan\u00e7amento do livro &#8220;As Itiner\u00e2ncias de Ronaldo&#8221; &#8211; Participa\u00e7\u00e3o de Ronaldo Correia Brito, Schneider Carpeggian e Fabiano Santos<\/p>\n<p style=\"text-align:justify\"><strong>S\u00e1bado 12\/11<\/strong><br \/>\n17 horas: Encontro com os autores Paula Pimenta, Fabio Yabu e Socorro Acioli &#8211; &#8220;Entre Princesas e Vil\u00f5es<br \/>\n18h15min: Lan\u00e7amento do livro &#8220;Sapenilda e o Tesouro Perdido&#8221; &#8211; Solange Lasalvia &#8211; Editora Dem\u00f3crito Rocha<br \/>\n18h30min: Mesa Liter\u00e1ria &#8211; Tr\u00eas contistas na noite: Encontro com o Mestre&#8221; &#8211; Participa\u00e7\u00e3o de Marco Severo, Juliana Diniz e Ronaldo Correia de Brito<br \/>\n20 horas: Mesa Liter\u00e1ria &#8211; &#8220;Sobre a palavra e a imagem&#8221; &#8211; Participa\u00e7\u00e3o de Paulo Linhares e Pablo Arellano\u00a0<\/p>\n<p style=\"text-align:justify\"><strong>Domingo 13\/11<\/strong><br \/>\n17 horas: Parque das Letras &#8211; Musical Doidisse que d\u00e1 &#8211; Paula Tesse e Natalia Faria<\/p>\n<p><\/span><\/p>\n","protected":false},"excerpt":{"rendered":"<p>O evento acontecer\u00e1 no espa\u00e7o Vila Azul do Mar e expectativa \u00e9 reunir grande p\u00fablico para ouvir autores nacionais e internacionais<\/p>\n","protected":false},"author":1,"featured_media":0,"comment_status":"open","ping_status":"open","sticky":false,"template":"","format":"standard","meta":{"footnotes":""},"categories":[],"tags":[],"class_list":["post-3532","post","type-post","status-publish","format-standard","hentry"],"yoast_head":"<!-- This site is optimized with the Yoast SEO plugin v26.2 - https:\/\/yoast.com\/wordpress\/plugins\/seo\/ -->\n<title>BEACH PARK SEDIA A 4a FESTA LITER\u00c1RIA DE AQUIRAZ - Travel3<\/title>\n<meta name=\"description\" content=\"A TRAVEL3 \u00e9 um portal de conte\u00fado voltado para o turismo, encontre destinos, viagens, hospedagem, passagens, guias, not\u00edcias sobre o mercado do turismo, dicas de viagem, v\u00eddeos e podcast.\" \/>\n<meta name=\"robots\" content=\"index, follow, max-snippet:-1, max-image-preview:large, max-video-preview:-1\" \/>\n<link rel=\"canonical\" href=\"https:\/\/www.travel3.com.br\/site\/sem-categoria\/beach-park-sedia-a-4a-festa-literaria-de-aquiraz\/\" \/>\n<meta property=\"og:locale\" content=\"pt_BR\" \/>\n<meta property=\"og:type\" content=\"article\" \/>\n<meta property=\"og:title\" content=\"BEACH PARK SEDIA A 4a FESTA LITER\u00c1RIA DE AQUIRAZ - Travel3\" \/>\n<meta property=\"og:description\" content=\"A TRAVEL3 \u00e9 um portal de conte\u00fado voltado para o turismo, encontre destinos, viagens, hospedagem, passagens, guias, not\u00edcias sobre o mercado do turismo, dicas de viagem, v\u00eddeos e podcast.\" \/>\n<meta property=\"og:url\" content=\"https:\/\/www.travel3.com.br\/site\/sem-categoria\/beach-park-sedia-a-4a-festa-literaria-de-aquiraz\/\" \/>\n<meta property=\"og:site_name\" content=\"Travel3\" \/>\n<meta property=\"article:publisher\" content=\"https:\/\/www.facebook.com\/travel3media\/\" \/>\n<meta property=\"article:published_time\" content=\"2017-08-23T01:12:43+00:00\" \/>\n<meta name=\"author\" content=\"admin\" \/>\n<meta name=\"twitter:card\" content=\"summary_large_image\" \/>\n<meta name=\"twitter:label1\" content=\"Escrito por\" \/>\n\t<meta name=\"twitter:data1\" content=\"admin\" \/>\n\t<meta name=\"twitter:label2\" content=\"Est. tempo de leitura\" \/>\n\t<meta name=\"twitter:data2\" content=\"2 minutos\" \/>\n<script type=\"application\/ld+json\" class=\"yoast-schema-graph\">{\"@context\":\"https:\/\/schema.org\",\"@graph\":[{\"@type\":\"Article\",\"@id\":\"https:\/\/www.travel3.com.br\/site\/sem-categoria\/beach-park-sedia-a-4a-festa-literaria-de-aquiraz\/#article\",\"isPartOf\":{\"@id\":\"https:\/\/www.travel3.com.br\/site\/sem-categoria\/beach-park-sedia-a-4a-festa-literaria-de-aquiraz\/\"},\"author\":{\"name\":\"admin\",\"@id\":\"https:\/\/www.travel3.com.br\/site\/#\/schema\/person\/a69d71e41a024999b6ab82369ac0bd1e\"},\"headline\":\"BEACH PARK SEDIA A 4a FESTA LITER\u00c1RIA DE AQUIRAZ\",\"datePublished\":\"2017-08-23T01:12:43+00:00\",\"mainEntityOfPage\":{\"@id\":\"https:\/\/www.travel3.com.br\/site\/sem-categoria\/beach-park-sedia-a-4a-festa-literaria-de-aquiraz\/\"},\"wordCount\":432,\"commentCount\":0,\"publisher\":{\"@id\":\"https:\/\/www.travel3.com.br\/site\/#organization\"},\"inLanguage\":\"pt-BR\",\"potentialAction\":[{\"@type\":\"CommentAction\",\"name\":\"Comment\",\"target\":[\"https:\/\/www.travel3.com.br\/site\/sem-categoria\/beach-park-sedia-a-4a-festa-literaria-de-aquiraz\/#respond\"]}]},{\"@type\":\"WebPage\",\"@id\":\"https:\/\/www.travel3.com.br\/site\/sem-categoria\/beach-park-sedia-a-4a-festa-literaria-de-aquiraz\/\",\"url\":\"https:\/\/www.travel3.com.br\/site\/sem-categoria\/beach-park-sedia-a-4a-festa-literaria-de-aquiraz\/\",\"name\":\"BEACH PARK SEDIA A 4a FESTA LITER\u00c1RIA DE AQUIRAZ - Travel3\",\"isPartOf\":{\"@id\":\"https:\/\/www.travel3.com.br\/site\/#website\"},\"datePublished\":\"2017-08-23T01:12:43+00:00\",\"description\":\"A TRAVEL3 \u00e9 um portal de conte\u00fado voltado para o turismo, encontre destinos, viagens, hospedagem, passagens, guias, not\u00edcias sobre o mercado do turismo, dicas de viagem, v\u00eddeos e podcast.\",\"breadcrumb\":{\"@id\":\"https:\/\/www.travel3.com.br\/site\/sem-categoria\/beach-park-sedia-a-4a-festa-literaria-de-aquiraz\/#breadcrumb\"},\"inLanguage\":\"pt-BR\",\"potentialAction\":[{\"@type\":\"ReadAction\",\"target\":[\"https:\/\/www.travel3.com.br\/site\/sem-categoria\/beach-park-sedia-a-4a-festa-literaria-de-aquiraz\/\"]}]},{\"@type\":\"BreadcrumbList\",\"@id\":\"https:\/\/www.travel3.com.br\/site\/sem-categoria\/beach-park-sedia-a-4a-festa-literaria-de-aquiraz\/#breadcrumb\",\"itemListElement\":[{\"@type\":\"ListItem\",\"position\":1,\"name\":\"In\u00edcio\",\"item\":\"https:\/\/www.travel3.com.br\/site\/\"},{\"@type\":\"ListItem\",\"position\":2,\"name\":\"BEACH PARK SEDIA A 4a FESTA LITER\u00c1RIA DE AQUIRAZ\"}]},{\"@type\":\"WebSite\",\"@id\":\"https:\/\/www.travel3.com.br\/site\/#website\",\"url\":\"https:\/\/www.travel3.com.br\/site\/\",\"name\":\"Travel3\",\"description\":\"Lazer + Neg&oacute;cios + Aventura\",\"publisher\":{\"@id\":\"https:\/\/www.travel3.com.br\/site\/#organization\"},\"potentialAction\":[{\"@type\":\"SearchAction\",\"target\":{\"@type\":\"EntryPoint\",\"urlTemplate\":\"https:\/\/www.travel3.com.br\/site\/?s={search_term_string}\"},\"query-input\":{\"@type\":\"PropertyValueSpecification\",\"valueRequired\":true,\"valueName\":\"search_term_string\"}}],\"inLanguage\":\"pt-BR\"},{\"@type\":\"Organization\",\"@id\":\"https:\/\/www.travel3.com.br\/site\/#organization\",\"name\":\"Travel3\",\"url\":\"https:\/\/www.travel3.com.br\/site\/\",\"logo\":{\"@type\":\"ImageObject\",\"inLanguage\":\"pt-BR\",\"@id\":\"https:\/\/www.travel3.com.br\/site\/#\/schema\/logo\/image\/\",\"url\":\"https:\/\/www.travel3.com.br\/site\/wp-content\/uploads\/2020\/01\/logo-travel3-2020.png\",\"contentUrl\":\"https:\/\/www.travel3.com.br\/site\/wp-content\/uploads\/2020\/01\/logo-travel3-2020.png\",\"width\":232,\"height\":79,\"caption\":\"Travel3\"},\"image\":{\"@id\":\"https:\/\/www.travel3.com.br\/site\/#\/schema\/logo\/image\/\"},\"sameAs\":[\"https:\/\/www.facebook.com\/travel3media\/\",\"https:\/\/www.instagram.com\/revistatravel3\/\",\"https:\/\/www.youtube.com\/channel\/UCno7J4paGBR3VbZQzvoJ9Eg\"]},{\"@type\":\"Person\",\"@id\":\"https:\/\/www.travel3.com.br\/site\/#\/schema\/person\/a69d71e41a024999b6ab82369ac0bd1e\",\"name\":\"admin\",\"image\":{\"@type\":\"ImageObject\",\"inLanguage\":\"pt-BR\",\"@id\":\"https:\/\/www.travel3.com.br\/site\/#\/schema\/person\/image\/\",\"url\":\"https:\/\/secure.gravatar.com\/avatar\/732a67adfd764da2a47ba10ce731c4c0?s=96&d=mm&r=g\",\"contentUrl\":\"https:\/\/secure.gravatar.com\/avatar\/732a67adfd764da2a47ba10ce731c4c0?s=96&d=mm&r=g\",\"caption\":\"admin\"},\"url\":\"https:\/\/www.travel3.com.br\/site\/author\/admin\/\"}]}<\/script>\n<!-- \/ Yoast SEO plugin. -->","yoast_head_json":{"title":"BEACH PARK SEDIA A 4a FESTA LITER\u00c1RIA DE AQUIRAZ - Travel3","description":"A TRAVEL3 \u00e9 um portal de conte\u00fado voltado para o turismo, encontre destinos, viagens, hospedagem, passagens, guias, not\u00edcias sobre o mercado do turismo, dicas de viagem, v\u00eddeos e podcast.","robots":{"index":"index","follow":"follow","max-snippet":"max-snippet:-1","max-image-preview":"max-image-preview:large","max-video-preview":"max-video-preview:-1"},"canonical":"https:\/\/www.travel3.com.br\/site\/sem-categoria\/beach-park-sedia-a-4a-festa-literaria-de-aquiraz\/","og_locale":"pt_BR","og_type":"article","og_title":"BEACH PARK SEDIA A 4a FESTA LITER\u00c1RIA DE AQUIRAZ - Travel3","og_description":"A TRAVEL3 \u00e9 um portal de conte\u00fado voltado para o turismo, encontre destinos, viagens, hospedagem, passagens, guias, not\u00edcias sobre o mercado do turismo, dicas de viagem, v\u00eddeos e podcast.","og_url":"https:\/\/www.travel3.com.br\/site\/sem-categoria\/beach-park-sedia-a-4a-festa-literaria-de-aquiraz\/","og_site_name":"Travel3","article_publisher":"https:\/\/www.facebook.com\/travel3media\/","article_published_time":"2017-08-23T01:12:43+00:00","author":"admin","twitter_card":"summary_large_image","twitter_misc":{"Escrito por":"admin","Est. tempo de leitura":"2 minutos"},"schema":{"@context":"https:\/\/schema.org","@graph":[{"@type":"Article","@id":"https:\/\/www.travel3.com.br\/site\/sem-categoria\/beach-park-sedia-a-4a-festa-literaria-de-aquiraz\/#article","isPartOf":{"@id":"https:\/\/www.travel3.com.br\/site\/sem-categoria\/beach-park-sedia-a-4a-festa-literaria-de-aquiraz\/"},"author":{"name":"admin","@id":"https:\/\/www.travel3.com.br\/site\/#\/schema\/person\/a69d71e41a024999b6ab82369ac0bd1e"},"headline":"BEACH PARK SEDIA A 4a FESTA LITER\u00c1RIA DE AQUIRAZ","datePublished":"2017-08-23T01:12:43+00:00","mainEntityOfPage":{"@id":"https:\/\/www.travel3.com.br\/site\/sem-categoria\/beach-park-sedia-a-4a-festa-literaria-de-aquiraz\/"},"wordCount":432,"commentCount":0,"publisher":{"@id":"https:\/\/www.travel3.com.br\/site\/#organization"},"inLanguage":"pt-BR","potentialAction":[{"@type":"CommentAction","name":"Comment","target":["https:\/\/www.travel3.com.br\/site\/sem-categoria\/beach-park-sedia-a-4a-festa-literaria-de-aquiraz\/#respond"]}]},{"@type":"WebPage","@id":"https:\/\/www.travel3.com.br\/site\/sem-categoria\/beach-park-sedia-a-4a-festa-literaria-de-aquiraz\/","url":"https:\/\/www.travel3.com.br\/site\/sem-categoria\/beach-park-sedia-a-4a-festa-literaria-de-aquiraz\/","name":"BEACH PARK SEDIA A 4a FESTA LITER\u00c1RIA DE AQUIRAZ - Travel3","isPartOf":{"@id":"https:\/\/www.travel3.com.br\/site\/#website"},"datePublished":"2017-08-23T01:12:43+00:00","description":"A TRAVEL3 \u00e9 um portal de conte\u00fado voltado para o turismo, encontre destinos, viagens, hospedagem, passagens, guias, not\u00edcias sobre o mercado do turismo, dicas de viagem, v\u00eddeos e podcast.","breadcrumb":{"@id":"https:\/\/www.travel3.com.br\/site\/sem-categoria\/beach-park-sedia-a-4a-festa-literaria-de-aquiraz\/#breadcrumb"},"inLanguage":"pt-BR","potentialAction":[{"@type":"ReadAction","target":["https:\/\/www.travel3.com.br\/site\/sem-categoria\/beach-park-sedia-a-4a-festa-literaria-de-aquiraz\/"]}]},{"@type":"BreadcrumbList","@id":"https:\/\/www.travel3.com.br\/site\/sem-categoria\/beach-park-sedia-a-4a-festa-literaria-de-aquiraz\/#breadcrumb","itemListElement":[{"@type":"ListItem","position":1,"name":"In\u00edcio","item":"https:\/\/www.travel3.com.br\/site\/"},{"@type":"ListItem","position":2,"name":"BEACH PARK SEDIA A 4a FESTA LITER\u00c1RIA DE AQUIRAZ"}]},{"@type":"WebSite","@id":"https:\/\/www.travel3.com.br\/site\/#website","url":"https:\/\/www.travel3.com.br\/site\/","name":"Travel3","description":"Lazer + Neg&oacute;cios + Aventura","publisher":{"@id":"https:\/\/www.travel3.com.br\/site\/#organization"},"potentialAction":[{"@type":"SearchAction","target":{"@type":"EntryPoint","urlTemplate":"https:\/\/www.travel3.com.br\/site\/?s={search_term_string}"},"query-input":{"@type":"PropertyValueSpecification","valueRequired":true,"valueName":"search_term_string"}}],"inLanguage":"pt-BR"},{"@type":"Organization","@id":"https:\/\/www.travel3.com.br\/site\/#organization","name":"Travel3","url":"https:\/\/www.travel3.com.br\/site\/","logo":{"@type":"ImageObject","inLanguage":"pt-BR","@id":"https:\/\/www.travel3.com.br\/site\/#\/schema\/logo\/image\/","url":"https:\/\/www.travel3.com.br\/site\/wp-content\/uploads\/2020\/01\/logo-travel3-2020.png","contentUrl":"https:\/\/www.travel3.com.br\/site\/wp-content\/uploads\/2020\/01\/logo-travel3-2020.png","width":232,"height":79,"caption":"Travel3"},"image":{"@id":"https:\/\/www.travel3.com.br\/site\/#\/schema\/logo\/image\/"},"sameAs":["https:\/\/www.facebook.com\/travel3media\/","https:\/\/www.instagram.com\/revistatravel3\/","https:\/\/www.youtube.com\/channel\/UCno7J4paGBR3VbZQzvoJ9Eg"]},{"@type":"Person","@id":"https:\/\/www.travel3.com.br\/site\/#\/schema\/person\/a69d71e41a024999b6ab82369ac0bd1e","name":"admin","image":{"@type":"ImageObject","inLanguage":"pt-BR","@id":"https:\/\/www.travel3.com.br\/site\/#\/schema\/person\/image\/","url":"https:\/\/secure.gravatar.com\/avatar\/732a67adfd764da2a47ba10ce731c4c0?s=96&d=mm&r=g","contentUrl":"https:\/\/secure.gravatar.com\/avatar\/732a67adfd764da2a47ba10ce731c4c0?s=96&d=mm&r=g","caption":"admin"},"url":"https:\/\/www.travel3.com.br\/site\/author\/admin\/"}]}},"_links":{"self":[{"href":"https:\/\/www.travel3.com.br\/site\/wp-json\/wp\/v2\/posts\/3532","targetHints":{"allow":["GET"]}}],"collection":[{"href":"https:\/\/www.travel3.com.br\/site\/wp-json\/wp\/v2\/posts"}],"about":[{"href":"https:\/\/www.travel3.com.br\/site\/wp-json\/wp\/v2\/types\/post"}],"author":[{"embeddable":true,"href":"https:\/\/www.travel3.com.br\/site\/wp-json\/wp\/v2\/users\/1"}],"replies":[{"embeddable":true,"href":"https:\/\/www.travel3.com.br\/site\/wp-json\/wp\/v2\/comments?post=3532"}],"version-history":[{"count":0,"href":"https:\/\/www.travel3.com.br\/site\/wp-json\/wp\/v2\/posts\/3532\/revisions"}],"wp:attachment":[{"href":"https:\/\/www.travel3.com.br\/site\/wp-json\/wp\/v2\/media?parent=3532"}],"wp:term":[{"taxonomy":"category","embeddable":true,"href":"https:\/\/www.travel3.com.br\/site\/wp-json\/wp\/v2\/categories?post=3532"},{"taxonomy":"post_tag","embeddable":true,"href":"https:\/\/www.travel3.com.br\/site\/wp-json\/wp\/v2\/tags?post=3532"}],"curies":[{"name":"wp","href":"https:\/\/api.w.org\/{rel}","templated":true}]}}