{"id":35206,"date":"2020-08-03T05:00:17","date_gmt":"2020-08-03T08:00:17","guid":{"rendered":"https:\/\/www.travel3.com.br\/?p=35206"},"modified":"2020-08-02T15:46:13","modified_gmt":"2020-08-02T18:46:13","slug":"transporte-aereo-de-cargas-teve-leve-melhora-em-junho","status":"publish","type":"post","link":"https:\/\/www.travel3.com.br\/site\/destaque\/transporte-aereo-de-cargas-teve-leve-melhora-em-junho\/","title":{"rendered":"Transporte a\u00e9reo de cargas teve leve melhora em junho"},"content":{"rendered":"\n<div class=\"wp-block-image\"><figure class=\"aligncenter\"><img loading=\"lazy\" decoding=\"async\" width=\"1024\" height=\"678\" src=\"https:\/\/www.travel3.com.br\/site\/wp-content\/uploads\/2020\/08\/boeing-266531_1920-1024x678.jpg\" alt=\"Avi\u00e3o Preto e Branco\" class=\"wp-image-35210\" srcset=\"https:\/\/www.travel3.com.br\/site\/wp-content\/uploads\/2020\/08\/boeing-266531_1920-1024x678.jpg 1024w, https:\/\/www.travel3.com.br\/site\/wp-content\/uploads\/2020\/08\/boeing-266531_1920-300x199.jpg 300w, https:\/\/www.travel3.com.br\/site\/wp-content\/uploads\/2020\/08\/boeing-266531_1920-768x508.jpg 768w, https:\/\/www.travel3.com.br\/site\/wp-content\/uploads\/2020\/08\/boeing-266531_1920-750x496.jpg 750w, https:\/\/www.travel3.com.br\/site\/wp-content\/uploads\/2020\/08\/boeing-266531_1920-1140x755.jpg 1140w, https:\/\/www.travel3.com.br\/site\/wp-content\/uploads\/2020\/08\/boeing-266531_1920.jpg 1920w\" sizes=\"auto, (max-width: 1024px) 100vw, 1024px\" \/><figcaption>(Foto: Divulga\u00e7\u00e3o)<\/figcaption><\/figure><\/div>\n\n\n\n<h3 class=\"wp-block-heading\" style=\"text-align:center\">No entanto, segundo IATA, ritmo da recupera\u00e7\u00e3o do setor ainda \u00e9 lento<\/h3>\n\n\n\n<p>Assim como os voos de passageiros, o transporte a\u00e9reo de cargas foi vigorosamente impactado pela pandemia de Covid-19. Felizmente, com a flexibiliza\u00e7\u00e3o \u00e0s restri\u00e7\u00f5es de viagem, o setor apresentou sinais de retomada pelo 2\u00b0 m\u00eas consecutivo; por\u00e9m, segundo a Associa\u00e7\u00e3o Internacional de Transporte A\u00e9reo (IATA), o ritmo ainda \u00e9 lento.<\/p>\n\n\n\n<p>Em compara\u00e7\u00e3o com o m\u00eas passado, indicadores referentes ao setor, como demanda e capacidade, tiveram uma leve alta. A demanda global, por exemplo, medida em toneladas de carga por quil\u00f4metro &#8211; CTKs &#8211; foi um dos n\u00fameros que melhorou; e teve a queda em rela\u00e7\u00e3o a 2019 reduzida, de 20,1% em maio para 17,6% em junho.<\/p>\n\n\n\n<p>J\u00e1 a capacidade global, medida em toneladas de carga dispon\u00edvel por quil\u00f4metro &#8211; ACTKs &#8211; apresentou uma situa\u00e7\u00e3o semelhante \u00e0 de maio; e manteve uma queda de 34,1% em rela\u00e7\u00e3o a 2019.<\/p>\n\n\n\n<p>E a capacidade de transporte de carga em aeronaves de passageiros acumulou 70% de queda em rela\u00e7\u00e3o a junho de 2019. O n\u00famero, no entanto, \u00e9 parcialmente compensado pelo aumento de 32% na capacidade de aeronaves de carga otimizadas.<\/p>\n\n\n\n<blockquote class=\"wp-block-quote is-layout-flow wp-block-quote-is-layout-flow\"><p>A <a href=\"https:\/\/www.travel3.com.br\/destaque\/ethiopian-cargo-atua-no-combate-ao-coronavirus\/\" target=\"_blank\" rel=\"noreferrer noopener\" aria-label=\"corrida para levar equipamentos (opens in a new tab)\">corrida para levar equipamentos<\/a> de prote\u00e7\u00e3o individual (EPIs) aos v\u00e1rios mercados diminuiu com a normaliza\u00e7\u00e3o das cadeias de suprimentos, permitindo que os despachantes usem op\u00e7\u00f5es mais baratas; como o transporte mar\u00edtimo e ferrovi\u00e1rio.<\/p><p>Al\u00e9m disso, a crise de capacidade continua por conta do ritmo mais lento na retomada das opera\u00e7\u00f5es de passageiros<\/p><cite>Alexandre de Juniac &#8211; Diretor Geral e CEO da IATA<\/cite><\/blockquote>\n\n\n\n<h4 class=\"wp-block-heading\">Influ\u00eancia do com\u00e9rcio global sobre o Transporte a\u00e9reo de cargas<\/h4>\n\n\n\n<p>Em junho, o \u00edndice do PMI &#8211; <em>Purchasing Managers Index<\/em> &#8211; que mede a atividade de gestores de compras subiu 11 pontos em rela\u00e7\u00e3o a maio. Al\u00e9m disso, outro indicador do PMI que analisa a produ\u00e7\u00e3o global do setor de manufaturas tamb\u00e9m apresentou melhora; e chegou ao n\u00edvel mais alto desde janeiro.<\/p>\n\n\n\n<blockquote class=\"wp-block-quote is-layout-flow wp-block-quote-is-layout-flow\"><p>O transporte a\u00e9reo de carga est\u00e1, de longe, <a href=\"https:\/\/www.travel3.com.br\/destaque\/iata-avalia-preocupacoes-de-viajantes-em-meio-a-covid-19\/\" target=\"_blank\" rel=\"noreferrer noopener\" aria-label=\"mais saud\u00e1vel do que o mercado de passageiros (opens in a new tab)\">mais saud\u00e1vel do que o mercado de passageiros<\/a>, mas os neg\u00f3cios continuam enfrentando desafios.<\/p><p>Embora a atividade econ\u00f4mica esteja sendo retomada ap\u00f3s grandes interrup\u00e7\u00f5es por causa da pandemia, n\u00e3o houve um grande aumento na demanda.<\/p><p><\/p><cite>Alexandre de Juniac &#8211; Diretor Geral e CEO da IATA<\/cite><\/blockquote>\n\n\n\n<h2 class=\"wp-block-heading\">Por regi\u00e3o, como est\u00e1 a situa\u00e7\u00e3o do Transporte a\u00e9reo de cargas<\/h2>\n\n\n\n<p>Em rela\u00e7\u00e3o a junho do ano passado, todas as regi\u00f5es sofrem com a queda do setor. Nesse contexto, as companhias mais atingidas s\u00e3o as da Am\u00e9rica Latina, com queda anual de 29,4% na demanda internacional. <\/p>\n\n\n\n<p>Logo em seguida, as companhias da Europa enfrentam queda anual de 27,6% nos volumes de carga internacional em junho; com uma pequena melhora em rela\u00e7\u00e3o aos -29,5% registrados em maio.<\/p>\n\n\n\n<p>Enquanto isso, as transportadoras do Oriente M\u00e9dio acumulam queda anual de 19,1% em junho; com um bom avan\u00e7o em rela\u00e7\u00e3o a maio, quando a queda era de 24,9%. Por outro lado, o Oriente M\u00e9dio registra a menor redu\u00e7\u00e3o da capacidade internacional, que diminuiu 25,8% em compara\u00e7\u00e3o com junho de 2019.<\/p>\n\n\n\n<p>Na \u00c1sia-Pac\u00edfico, a demanda por carga a\u00e9rea internacional acumulava queda de 20% em junho; uma ligeira melhora em rela\u00e7\u00e3o ao -21,3% registrado em maio.<\/p>\n\n\n\n<p>Na contram\u00e3o, a \u00c1frica viu a demanda pelo transporte a\u00e9reo de cargas cair em rela\u00e7\u00e3o a maio. A contra\u00e7\u00e3o anual da demanda, que no m\u00eas anterior era de 7,3%, cresceu para 13,8% em junho.<\/p>\n\n\n\n<p>Por fim, as companhias da Am\u00e9rica do Norte s\u00e3o as que registram menor impacto anual. Na regi\u00e3o, a demanda por carga internacional registra varia\u00e7\u00e3o de -8,8%, gra\u00e7as \u00e0 frota de cargueiros e ao apoio fiscal do governo dos Estados Unidos.<\/p>\n","protected":false},"excerpt":{"rendered":"<p>No entanto, segundo IATA, ritmo da recupera\u00e7\u00e3o do setor ainda \u00e9 lento Assim como os voos de passageiros, o transporte a\u00e9reo de cargas foi vigorosamente impactado pela pandemia de Covid-19. Felizmente, com a flexibiliza\u00e7\u00e3o \u00e0s restri\u00e7\u00f5es de viagem, o setor apresentou sinais de retomada pelo 2\u00b0 m\u00eas consecutivo; por\u00e9m, segundo a Associa\u00e7\u00e3o Internacional de Transporte [&hellip;]<\/p>\n","protected":false},"author":6,"featured_media":35210,"comment_status":"open","ping_status":"open","sticky":false,"template":"","format":"standard","meta":{"footnotes":""},"categories":[309,226,8],"tags":[4008,3490,4117,3966],"class_list":["post-35206","post","type-post","status-publish","format-standard","has-post-thumbnail","hentry","category-ar","category-destaque","category-ir-e-vir","tag-coronavirus","tag-iata","tag-retomada-do-turismo","tag-transporte-aereo-de-carga"],"yoast_head":"<!-- This site is optimized with the Yoast SEO plugin v26.2 - https:\/\/yoast.com\/wordpress\/plugins\/seo\/ -->\n<title>Transporte a\u00e9reo de cargas teve leve melhora em junho - Travel3<\/title>\n<meta name=\"description\" content=\"Transporte a\u00e9reo de cargas teve leve melhora em junho; no entanto, segundo IATA, ritmo da recupera\u00e7\u00e3o do setor ainda \u00e9 lento\" \/>\n<meta name=\"robots\" content=\"index, follow, max-snippet:-1, max-image-preview:large, max-video-preview:-1\" \/>\n<link rel=\"canonical\" href=\"https:\/\/www.travel3.com.br\/site\/destaque\/transporte-aereo-de-cargas-teve-leve-melhora-em-junho\/\" \/>\n<meta property=\"og:locale\" content=\"pt_BR\" \/>\n<meta property=\"og:type\" content=\"article\" \/>\n<meta property=\"og:title\" content=\"Transporte a\u00e9reo de cargas teve leve melhora em junho - Travel3\" \/>\n<meta property=\"og:description\" content=\"Transporte a\u00e9reo de cargas teve leve melhora em junho; no entanto, segundo IATA, ritmo da recupera\u00e7\u00e3o do setor ainda \u00e9 lento\" \/>\n<meta property=\"og:url\" content=\"https:\/\/www.travel3.com.br\/site\/destaque\/transporte-aereo-de-cargas-teve-leve-melhora-em-junho\/\" \/>\n<meta property=\"og:site_name\" content=\"Travel3\" \/>\n<meta property=\"article:publisher\" content=\"https:\/\/www.facebook.com\/travel3media\/\" \/>\n<meta property=\"article:published_time\" content=\"2020-08-03T08:00:17+00:00\" \/>\n<meta property=\"og:image\" content=\"https:\/\/www.travel3.com.br\/site\/wp-content\/uploads\/2020\/08\/boeing-266531_1920.jpg\" \/>\n\t<meta property=\"og:image:width\" content=\"1920\" \/>\n\t<meta property=\"og:image:height\" content=\"1271\" \/>\n\t<meta property=\"og:image:type\" content=\"image\/jpeg\" \/>\n<meta name=\"author\" content=\"Reda\u00e7\u00e3o Travel3\" \/>\n<meta name=\"twitter:card\" content=\"summary_large_image\" \/>\n<meta name=\"twitter:label1\" content=\"Escrito por\" \/>\n\t<meta name=\"twitter:data1\" content=\"Reda\u00e7\u00e3o Travel3\" \/>\n\t<meta name=\"twitter:label2\" content=\"Est. tempo de leitura\" \/>\n\t<meta name=\"twitter:data2\" content=\"3 minutos\" \/>\n<script type=\"application\/ld+json\" class=\"yoast-schema-graph\">{\"@context\":\"https:\/\/schema.org\",\"@graph\":[{\"@type\":\"Article\",\"@id\":\"https:\/\/www.travel3.com.br\/site\/destaque\/transporte-aereo-de-cargas-teve-leve-melhora-em-junho\/#article\",\"isPartOf\":{\"@id\":\"https:\/\/www.travel3.com.br\/site\/destaque\/transporte-aereo-de-cargas-teve-leve-melhora-em-junho\/\"},\"author\":{\"name\":\"Reda\u00e7\u00e3o Travel3\",\"@id\":\"https:\/\/www.travel3.com.br\/site\/#\/schema\/person\/9cff8daac0a2f1aa0799f827b8aa8308\"},\"headline\":\"Transporte a\u00e9reo de cargas teve leve melhora em junho\",\"datePublished\":\"2020-08-03T08:00:17+00:00\",\"mainEntityOfPage\":{\"@id\":\"https:\/\/www.travel3.com.br\/site\/destaque\/transporte-aereo-de-cargas-teve-leve-melhora-em-junho\/\"},\"wordCount\":649,\"commentCount\":0,\"publisher\":{\"@id\":\"https:\/\/www.travel3.com.br\/site\/#organization\"},\"image\":{\"@id\":\"https:\/\/www.travel3.com.br\/site\/destaque\/transporte-aereo-de-cargas-teve-leve-melhora-em-junho\/#primaryimage\"},\"thumbnailUrl\":\"https:\/\/www.travel3.com.br\/site\/wp-content\/uploads\/2020\/08\/boeing-266531_1920.jpg\",\"keywords\":[\"Coronav\u00edrus\",\"IATA\",\"Retomada do Turismo\",\"Transporte A\u00e9reo de Carga\"],\"articleSection\":[\"Ar\",\"Destaque\",\"Ir e Vir\"],\"inLanguage\":\"pt-BR\",\"potentialAction\":[{\"@type\":\"CommentAction\",\"name\":\"Comment\",\"target\":[\"https:\/\/www.travel3.com.br\/site\/destaque\/transporte-aereo-de-cargas-teve-leve-melhora-em-junho\/#respond\"]}]},{\"@type\":\"WebPage\",\"@id\":\"https:\/\/www.travel3.com.br\/site\/destaque\/transporte-aereo-de-cargas-teve-leve-melhora-em-junho\/\",\"url\":\"https:\/\/www.travel3.com.br\/site\/destaque\/transporte-aereo-de-cargas-teve-leve-melhora-em-junho\/\",\"name\":\"Transporte a\u00e9reo de cargas teve leve melhora em junho - Travel3\",\"isPartOf\":{\"@id\":\"https:\/\/www.travel3.com.br\/site\/#website\"},\"primaryImageOfPage\":{\"@id\":\"https:\/\/www.travel3.com.br\/site\/destaque\/transporte-aereo-de-cargas-teve-leve-melhora-em-junho\/#primaryimage\"},\"image\":{\"@id\":\"https:\/\/www.travel3.com.br\/site\/destaque\/transporte-aereo-de-cargas-teve-leve-melhora-em-junho\/#primaryimage\"},\"thumbnailUrl\":\"https:\/\/www.travel3.com.br\/site\/wp-content\/uploads\/2020\/08\/boeing-266531_1920.jpg\",\"datePublished\":\"2020-08-03T08:00:17+00:00\",\"description\":\"Transporte a\u00e9reo de cargas teve leve melhora em junho; no entanto, segundo IATA, ritmo da recupera\u00e7\u00e3o do setor ainda \u00e9 lento\",\"breadcrumb\":{\"@id\":\"https:\/\/www.travel3.com.br\/site\/destaque\/transporte-aereo-de-cargas-teve-leve-melhora-em-junho\/#breadcrumb\"},\"inLanguage\":\"pt-BR\",\"potentialAction\":[{\"@type\":\"ReadAction\",\"target\":[\"https:\/\/www.travel3.com.br\/site\/destaque\/transporte-aereo-de-cargas-teve-leve-melhora-em-junho\/\"]}]},{\"@type\":\"ImageObject\",\"inLanguage\":\"pt-BR\",\"@id\":\"https:\/\/www.travel3.com.br\/site\/destaque\/transporte-aereo-de-cargas-teve-leve-melhora-em-junho\/#primaryimage\",\"url\":\"https:\/\/www.travel3.com.br\/site\/wp-content\/uploads\/2020\/08\/boeing-266531_1920.jpg\",\"contentUrl\":\"https:\/\/www.travel3.com.br\/site\/wp-content\/uploads\/2020\/08\/boeing-266531_1920.jpg\",\"width\":1920,\"height\":1271,\"caption\":\"(Foto: Divulga\u00e7\u00e3o)\"},{\"@type\":\"BreadcrumbList\",\"@id\":\"https:\/\/www.travel3.com.br\/site\/destaque\/transporte-aereo-de-cargas-teve-leve-melhora-em-junho\/#breadcrumb\",\"itemListElement\":[{\"@type\":\"ListItem\",\"position\":1,\"name\":\"In\u00edcio\",\"item\":\"https:\/\/www.travel3.com.br\/site\/\"},{\"@type\":\"ListItem\",\"position\":2,\"name\":\"Transporte a\u00e9reo de cargas teve leve melhora em junho\"}]},{\"@type\":\"WebSite\",\"@id\":\"https:\/\/www.travel3.com.br\/site\/#website\",\"url\":\"https:\/\/www.travel3.com.br\/site\/\",\"name\":\"Travel3\",\"description\":\"Lazer + Neg&oacute;cios + Aventura\",\"publisher\":{\"@id\":\"https:\/\/www.travel3.com.br\/site\/#organization\"},\"potentialAction\":[{\"@type\":\"SearchAction\",\"target\":{\"@type\":\"EntryPoint\",\"urlTemplate\":\"https:\/\/www.travel3.com.br\/site\/?s={search_term_string}\"},\"query-input\":{\"@type\":\"PropertyValueSpecification\",\"valueRequired\":true,\"valueName\":\"search_term_string\"}}],\"inLanguage\":\"pt-BR\"},{\"@type\":\"Organization\",\"@id\":\"https:\/\/www.travel3.com.br\/site\/#organization\",\"name\":\"Travel3\",\"url\":\"https:\/\/www.travel3.com.br\/site\/\",\"logo\":{\"@type\":\"ImageObject\",\"inLanguage\":\"pt-BR\",\"@id\":\"https:\/\/www.travel3.com.br\/site\/#\/schema\/logo\/image\/\",\"url\":\"https:\/\/www.travel3.com.br\/site\/wp-content\/uploads\/2020\/01\/logo-travel3-2020.png\",\"contentUrl\":\"https:\/\/www.travel3.com.br\/site\/wp-content\/uploads\/2020\/01\/logo-travel3-2020.png\",\"width\":232,\"height\":79,\"caption\":\"Travel3\"},\"image\":{\"@id\":\"https:\/\/www.travel3.com.br\/site\/#\/schema\/logo\/image\/\"},\"sameAs\":[\"https:\/\/www.facebook.com\/travel3media\/\",\"https:\/\/www.instagram.com\/revistatravel3\/\",\"https:\/\/www.youtube.com\/channel\/UCno7J4paGBR3VbZQzvoJ9Eg\"]},{\"@type\":\"Person\",\"@id\":\"https:\/\/www.travel3.com.br\/site\/#\/schema\/person\/9cff8daac0a2f1aa0799f827b8aa8308\",\"name\":\"Reda\u00e7\u00e3o Travel3\",\"image\":{\"@type\":\"ImageObject\",\"inLanguage\":\"pt-BR\",\"@id\":\"https:\/\/www.travel3.com.br\/site\/#\/schema\/person\/image\/\",\"url\":\"https:\/\/secure.gravatar.com\/avatar\/6e6125525e1f04b7b8c607d71556e490?s=96&d=mm&r=g\",\"contentUrl\":\"https:\/\/secure.gravatar.com\/avatar\/6e6125525e1f04b7b8c607d71556e490?s=96&d=mm&r=g\",\"caption\":\"Reda\u00e7\u00e3o Travel3\"},\"sameAs\":[\"http:\/\/www.travel3.com.br\"],\"url\":\"https:\/\/www.travel3.com.br\/site\/author\/redacao2\/\"}]}<\/script>\n<!-- \/ Yoast SEO plugin. -->","yoast_head_json":{"title":"Transporte a\u00e9reo de cargas teve leve melhora em junho - Travel3","description":"Transporte a\u00e9reo de cargas teve leve melhora em junho; no entanto, segundo IATA, ritmo da recupera\u00e7\u00e3o do setor ainda \u00e9 lento","robots":{"index":"index","follow":"follow","max-snippet":"max-snippet:-1","max-image-preview":"max-image-preview:large","max-video-preview":"max-video-preview:-1"},"canonical":"https:\/\/www.travel3.com.br\/site\/destaque\/transporte-aereo-de-cargas-teve-leve-melhora-em-junho\/","og_locale":"pt_BR","og_type":"article","og_title":"Transporte a\u00e9reo de cargas teve leve melhora em junho - Travel3","og_description":"Transporte a\u00e9reo de cargas teve leve melhora em junho; no entanto, segundo IATA, ritmo da recupera\u00e7\u00e3o do setor ainda \u00e9 lento","og_url":"https:\/\/www.travel3.com.br\/site\/destaque\/transporte-aereo-de-cargas-teve-leve-melhora-em-junho\/","og_site_name":"Travel3","article_publisher":"https:\/\/www.facebook.com\/travel3media\/","article_published_time":"2020-08-03T08:00:17+00:00","og_image":[{"width":1920,"height":1271,"url":"https:\/\/www.travel3.com.br\/site\/wp-content\/uploads\/2020\/08\/boeing-266531_1920.jpg","type":"image\/jpeg"}],"author":"Reda\u00e7\u00e3o Travel3","twitter_card":"summary_large_image","twitter_misc":{"Escrito por":"Reda\u00e7\u00e3o Travel3","Est. tempo de leitura":"3 minutos"},"schema":{"@context":"https:\/\/schema.org","@graph":[{"@type":"Article","@id":"https:\/\/www.travel3.com.br\/site\/destaque\/transporte-aereo-de-cargas-teve-leve-melhora-em-junho\/#article","isPartOf":{"@id":"https:\/\/www.travel3.com.br\/site\/destaque\/transporte-aereo-de-cargas-teve-leve-melhora-em-junho\/"},"author":{"name":"Reda\u00e7\u00e3o Travel3","@id":"https:\/\/www.travel3.com.br\/site\/#\/schema\/person\/9cff8daac0a2f1aa0799f827b8aa8308"},"headline":"Transporte a\u00e9reo de cargas teve leve melhora em junho","datePublished":"2020-08-03T08:00:17+00:00","mainEntityOfPage":{"@id":"https:\/\/www.travel3.com.br\/site\/destaque\/transporte-aereo-de-cargas-teve-leve-melhora-em-junho\/"},"wordCount":649,"commentCount":0,"publisher":{"@id":"https:\/\/www.travel3.com.br\/site\/#organization"},"image":{"@id":"https:\/\/www.travel3.com.br\/site\/destaque\/transporte-aereo-de-cargas-teve-leve-melhora-em-junho\/#primaryimage"},"thumbnailUrl":"https:\/\/www.travel3.com.br\/site\/wp-content\/uploads\/2020\/08\/boeing-266531_1920.jpg","keywords":["Coronav\u00edrus","IATA","Retomada do Turismo","Transporte A\u00e9reo de Carga"],"articleSection":["Ar","Destaque","Ir e Vir"],"inLanguage":"pt-BR","potentialAction":[{"@type":"CommentAction","name":"Comment","target":["https:\/\/www.travel3.com.br\/site\/destaque\/transporte-aereo-de-cargas-teve-leve-melhora-em-junho\/#respond"]}]},{"@type":"WebPage","@id":"https:\/\/www.travel3.com.br\/site\/destaque\/transporte-aereo-de-cargas-teve-leve-melhora-em-junho\/","url":"https:\/\/www.travel3.com.br\/site\/destaque\/transporte-aereo-de-cargas-teve-leve-melhora-em-junho\/","name":"Transporte a\u00e9reo de cargas teve leve melhora em junho - Travel3","isPartOf":{"@id":"https:\/\/www.travel3.com.br\/site\/#website"},"primaryImageOfPage":{"@id":"https:\/\/www.travel3.com.br\/site\/destaque\/transporte-aereo-de-cargas-teve-leve-melhora-em-junho\/#primaryimage"},"image":{"@id":"https:\/\/www.travel3.com.br\/site\/destaque\/transporte-aereo-de-cargas-teve-leve-melhora-em-junho\/#primaryimage"},"thumbnailUrl":"https:\/\/www.travel3.com.br\/site\/wp-content\/uploads\/2020\/08\/boeing-266531_1920.jpg","datePublished":"2020-08-03T08:00:17+00:00","description":"Transporte a\u00e9reo de cargas teve leve melhora em junho; no entanto, segundo IATA, ritmo da recupera\u00e7\u00e3o do setor ainda \u00e9 lento","breadcrumb":{"@id":"https:\/\/www.travel3.com.br\/site\/destaque\/transporte-aereo-de-cargas-teve-leve-melhora-em-junho\/#breadcrumb"},"inLanguage":"pt-BR","potentialAction":[{"@type":"ReadAction","target":["https:\/\/www.travel3.com.br\/site\/destaque\/transporte-aereo-de-cargas-teve-leve-melhora-em-junho\/"]}]},{"@type":"ImageObject","inLanguage":"pt-BR","@id":"https:\/\/www.travel3.com.br\/site\/destaque\/transporte-aereo-de-cargas-teve-leve-melhora-em-junho\/#primaryimage","url":"https:\/\/www.travel3.com.br\/site\/wp-content\/uploads\/2020\/08\/boeing-266531_1920.jpg","contentUrl":"https:\/\/www.travel3.com.br\/site\/wp-content\/uploads\/2020\/08\/boeing-266531_1920.jpg","width":1920,"height":1271,"caption":"(Foto: Divulga\u00e7\u00e3o)"},{"@type":"BreadcrumbList","@id":"https:\/\/www.travel3.com.br\/site\/destaque\/transporte-aereo-de-cargas-teve-leve-melhora-em-junho\/#breadcrumb","itemListElement":[{"@type":"ListItem","position":1,"name":"In\u00edcio","item":"https:\/\/www.travel3.com.br\/site\/"},{"@type":"ListItem","position":2,"name":"Transporte a\u00e9reo de cargas teve leve melhora em junho"}]},{"@type":"WebSite","@id":"https:\/\/www.travel3.com.br\/site\/#website","url":"https:\/\/www.travel3.com.br\/site\/","name":"Travel3","description":"Lazer + Neg&oacute;cios + Aventura","publisher":{"@id":"https:\/\/www.travel3.com.br\/site\/#organization"},"potentialAction":[{"@type":"SearchAction","target":{"@type":"EntryPoint","urlTemplate":"https:\/\/www.travel3.com.br\/site\/?s={search_term_string}"},"query-input":{"@type":"PropertyValueSpecification","valueRequired":true,"valueName":"search_term_string"}}],"inLanguage":"pt-BR"},{"@type":"Organization","@id":"https:\/\/www.travel3.com.br\/site\/#organization","name":"Travel3","url":"https:\/\/www.travel3.com.br\/site\/","logo":{"@type":"ImageObject","inLanguage":"pt-BR","@id":"https:\/\/www.travel3.com.br\/site\/#\/schema\/logo\/image\/","url":"https:\/\/www.travel3.com.br\/site\/wp-content\/uploads\/2020\/01\/logo-travel3-2020.png","contentUrl":"https:\/\/www.travel3.com.br\/site\/wp-content\/uploads\/2020\/01\/logo-travel3-2020.png","width":232,"height":79,"caption":"Travel3"},"image":{"@id":"https:\/\/www.travel3.com.br\/site\/#\/schema\/logo\/image\/"},"sameAs":["https:\/\/www.facebook.com\/travel3media\/","https:\/\/www.instagram.com\/revistatravel3\/","https:\/\/www.youtube.com\/channel\/UCno7J4paGBR3VbZQzvoJ9Eg"]},{"@type":"Person","@id":"https:\/\/www.travel3.com.br\/site\/#\/schema\/person\/9cff8daac0a2f1aa0799f827b8aa8308","name":"Reda\u00e7\u00e3o Travel3","image":{"@type":"ImageObject","inLanguage":"pt-BR","@id":"https:\/\/www.travel3.com.br\/site\/#\/schema\/person\/image\/","url":"https:\/\/secure.gravatar.com\/avatar\/6e6125525e1f04b7b8c607d71556e490?s=96&d=mm&r=g","contentUrl":"https:\/\/secure.gravatar.com\/avatar\/6e6125525e1f04b7b8c607d71556e490?s=96&d=mm&r=g","caption":"Reda\u00e7\u00e3o Travel3"},"sameAs":["http:\/\/www.travel3.com.br"],"url":"https:\/\/www.travel3.com.br\/site\/author\/redacao2\/"}]}},"_links":{"self":[{"href":"https:\/\/www.travel3.com.br\/site\/wp-json\/wp\/v2\/posts\/35206","targetHints":{"allow":["GET"]}}],"collection":[{"href":"https:\/\/www.travel3.com.br\/site\/wp-json\/wp\/v2\/posts"}],"about":[{"href":"https:\/\/www.travel3.com.br\/site\/wp-json\/wp\/v2\/types\/post"}],"author":[{"embeddable":true,"href":"https:\/\/www.travel3.com.br\/site\/wp-json\/wp\/v2\/users\/6"}],"replies":[{"embeddable":true,"href":"https:\/\/www.travel3.com.br\/site\/wp-json\/wp\/v2\/comments?post=35206"}],"version-history":[{"count":3,"href":"https:\/\/www.travel3.com.br\/site\/wp-json\/wp\/v2\/posts\/35206\/revisions"}],"predecessor-version":[{"id":35211,"href":"https:\/\/www.travel3.com.br\/site\/wp-json\/wp\/v2\/posts\/35206\/revisions\/35211"}],"wp:featuredmedia":[{"embeddable":true,"href":"https:\/\/www.travel3.com.br\/site\/wp-json\/wp\/v2\/media\/35210"}],"wp:attachment":[{"href":"https:\/\/www.travel3.com.br\/site\/wp-json\/wp\/v2\/media?parent=35206"}],"wp:term":[{"taxonomy":"category","embeddable":true,"href":"https:\/\/www.travel3.com.br\/site\/wp-json\/wp\/v2\/categories?post=35206"},{"taxonomy":"post_tag","embeddable":true,"href":"https:\/\/www.travel3.com.br\/site\/wp-json\/wp\/v2\/tags?post=35206"}],"curies":[{"name":"wp","href":"https:\/\/api.w.org\/{rel}","templated":true}]}}