{"id":3518,"date":"2017-08-18T18:02:41","date_gmt":"2017-08-18T18:02:41","guid":{"rendered":"http:\/\/www.travel3.com.br\/site\/ir-e-vir\/ar\/eleicao-de-trump-provoca-a-maior-alta-do-dolar-em-8-anos\/"},"modified":"2017-08-18T18:02:41","modified_gmt":"2017-08-18T18:02:41","slug":"eleicao-de-trump-provoca-a-maior-alta-do-dolar-em-8-anos","status":"publish","type":"post","link":"https:\/\/www.travel3.com.br\/site\/sem-categoria\/eleicao-de-trump-provoca-a-maior-alta-do-dolar-em-8-anos\/","title":{"rendered":"ELEI\u00c7\u00c3O DE TRUMP PROVOCA A MAIOR ALTA DO D\u00d3LAR EM 8 ANOS"},"content":{"rendered":"<p><span style=\"color: #40acad; font-family: -apple-system, system-ui, 'Segoe UI', Roboto, Oxygen-Sans, Ubuntu, Cantarell, 'Helvetica Neue', sans-serif; font-size: 12px; font-weight: bold;\"><\/p>\n<p style=\"text-align:justify\">O mundo inteiro ainda reage sobre os efeitos da elei\u00e7\u00e3o de Donald Trump\u00a0que mereceu elogios na Internet por parte do Estado isl\u00e2mido e da Al Qaeda, teve rasga\u00e7\u00e3o de seda completa por parte de Putin e provocou uma escala inicial de alta no pre\u00e7o do d\u00f3lar, embora as bolsas internacionais tenham reagido de maneira mais confi\u00e1vel depois das oscila\u00e7\u00f5es de ontem, ainda sob o impacto maior do resultado com o triunfo incontest\u00e1vel do candidato republicano.<\/p>\n<p style=\"text-align:justify\">Hoje, um dia com manifesta\u00e7\u00f5es contr\u00e1rias ao resultado em v\u00e1rias localidades norte-americanas (25), a come\u00e7ar de Nova York, o presidente eleito esteve na Casa Branca para o primeiro encontro com Barak Obama no in\u00edcio da\u00a0transi\u00e7\u00e3o, com a forma\u00e7\u00e3o de um conselho espec\u00edfico.<\/p>\n<p style=\"text-align:justify\">O encontro durou hora e meia, quando ambos conversaram sobre assuntos de infraestrutura operacional e pol\u00edticas interna e externa. Trump, depois, muito mais comedido, disse que o atual presidente \u00e9 um <em>&#39;good man&#39;.<\/em><\/p>\n<p style=\"text-align:justify\"><a class=\"fancybox-media\" href=\"..\/_uploads\/_noticia\/2016-11\/euaobamaetrumpformais.jpg\" rel=\"portfolio\"><img decoding=\"async\" alt=\"\" src=\"..\/_uploads\/_noticia\/2016-11\/euaobamaetrumpformais.jpg\" \/><\/a><strong>Segundo Trump, esta primeira reuni\u00e3o foi muito proveitosa, embora na foto ambos pare\u00e7am pouco \u00e0 vontade<\/strong><\/p>\n<p style=\"text-align:justify\">Houve tamb\u00e9m o encontro privado entre Michelle Obama e Melanie Trup, no ch\u00e1 e conversa de mulheres, bem mais ameno certamente.<\/p>\n<p style=\"text-align:justify\"><a class=\"fancybox-media\" href=\"..\/_uploads\/_noticia\/2016-11\/euatrumpmelanieemichelleobamacha--2-.jpg\" rel=\"portfolio\"><img decoding=\"async\" alt=\"\" src=\"..\/_uploads\/_noticia\/2016-11\/euatrumpmelanieemichelleobamacha--2-.jpg\" \/><\/a>.<\/p>\n<p style=\"text-align:justify\">Assunto que continua monopolizando o notici\u00e1rio em todo o mundo, a vit\u00f3ria de Trump mostra aspectos bem distintos. Um, a recorda\u00e7\u00e3o da previs\u00e3o de Nixon, em 1987, quando o ex-presidente declarou que o bilion\u00e1rio colecionador de carros e magnata de muitos neg\u00f3cios, chegaria \u00e0 presid\u00eancia do maior pa\u00eds da economia mundial.<\/p>\n<p style=\"text-align:justify\">O outro foi a quase\u00a0barriga m\u00e1xima da conceituada revista <em>Newsweek<\/em>\u00a0com a capa de sua edi\u00e7\u00e3o semanal apresentando a <em>Senhora Presidente<\/em>, em clara alus\u00e3o \u00e0 uma poss\u00edvel vit\u00f3ria da favorita Hillary Clinton.<\/p>\n<p style=\"text-align:justify\">Ali\u00e1s, sobre previs\u00f5es, \u00e9 correto que algumas acertaram pr\u00e1 valer, casos do Los Angeles Times, o \u00fanico \u00f3rg\u00e3o de comunica\u00e7\u00e3o social em toda a Am\u00e9rica que\u00a0publicou uma sondagem de opini\u00e3o\u00a0que dava a vit\u00f3ria a Donald Trump. Ou do professor Allan J. Lichmann, titular da cadeira de hist\u00f3ria da Universidade de Washington que criou um sistema de previs\u00e3o eleitoral que apontou o vencedor das elei\u00e7\u00f5es americanas nas \u00faltimas 3\u00a0d\u00e9cadas e que desta vez tamb\u00e9m acertou indicando Trump.<\/p>\n<p style=\"text-align:justify\">E o casal de apresentadores Joe Scarborough e Mika Brzezinski\u00a0(do canal MSNBC) que em seu programa matinal de variedades come\u00e7aram a dizer que Trump seria o vencedor no dia em que ele anunciou sua candidatura. E persistiram at\u00e9 o resultado final.<\/p>\n<p style=\"text-align:justify\">No Brasil, o d\u00f3lar teve a\u00a0maior alta em 8\u00a0anos (desde outubro de 2008), com eleva\u00e7\u00e3o de 5%, chegando a R$3,36.<\/p>\n<p>\u00a0<\/p>\n<p><\/span><\/p>\n","protected":false},"excerpt":{"rendered":"<p>Saiba quem acertou que Trump iria chegar \u00e0 vit\u00f3ria e sobre o primeiro encontro que ele teve com o presidente Obama na Casa Branca<\/p>\n","protected":false},"author":1,"featured_media":0,"comment_status":"open","ping_status":"open","sticky":false,"template":"","format":"standard","meta":{"footnotes":""},"categories":[],"tags":[],"class_list":["post-3518","post","type-post","status-publish","format-standard","hentry"],"yoast_head":"<!-- This site is optimized with the Yoast SEO plugin v26.2 - https:\/\/yoast.com\/wordpress\/plugins\/seo\/ -->\n<title>ELEI\u00c7\u00c3O DE TRUMP PROVOCA A MAIOR ALTA DO D\u00d3LAR EM 8 ANOS - Travel3<\/title>\n<meta name=\"description\" content=\"A TRAVEL3 \u00e9 um portal de conte\u00fado voltado para o turismo, encontre destinos, viagens, hospedagem, passagens, guias, not\u00edcias sobre o mercado do turismo, dicas de viagem, v\u00eddeos e podcast.\" \/>\n<meta name=\"robots\" content=\"index, follow, max-snippet:-1, max-image-preview:large, max-video-preview:-1\" \/>\n<link rel=\"canonical\" href=\"https:\/\/www.travel3.com.br\/site\/sem-categoria\/eleicao-de-trump-provoca-a-maior-alta-do-dolar-em-8-anos\/\" \/>\n<meta property=\"og:locale\" content=\"pt_BR\" \/>\n<meta property=\"og:type\" content=\"article\" \/>\n<meta property=\"og:title\" content=\"ELEI\u00c7\u00c3O DE TRUMP PROVOCA A MAIOR ALTA DO D\u00d3LAR EM 8 ANOS - Travel3\" \/>\n<meta property=\"og:description\" content=\"A TRAVEL3 \u00e9 um portal de conte\u00fado voltado para o turismo, encontre destinos, viagens, hospedagem, passagens, guias, not\u00edcias sobre o mercado do turismo, dicas de viagem, v\u00eddeos e podcast.\" \/>\n<meta property=\"og:url\" content=\"https:\/\/www.travel3.com.br\/site\/sem-categoria\/eleicao-de-trump-provoca-a-maior-alta-do-dolar-em-8-anos\/\" \/>\n<meta property=\"og:site_name\" content=\"Travel3\" \/>\n<meta property=\"article:publisher\" content=\"https:\/\/www.facebook.com\/travel3media\/\" \/>\n<meta property=\"article:published_time\" content=\"2017-08-18T18:02:41+00:00\" \/>\n<meta name=\"author\" content=\"admin\" \/>\n<meta name=\"twitter:card\" content=\"summary_large_image\" \/>\n<meta name=\"twitter:label1\" content=\"Escrito por\" \/>\n\t<meta name=\"twitter:data1\" content=\"admin\" \/>\n\t<meta name=\"twitter:label2\" content=\"Est. tempo de leitura\" \/>\n\t<meta name=\"twitter:data2\" content=\"2 minutos\" \/>\n<script type=\"application\/ld+json\" class=\"yoast-schema-graph\">{\"@context\":\"https:\/\/schema.org\",\"@graph\":[{\"@type\":\"Article\",\"@id\":\"https:\/\/www.travel3.com.br\/site\/sem-categoria\/eleicao-de-trump-provoca-a-maior-alta-do-dolar-em-8-anos\/#article\",\"isPartOf\":{\"@id\":\"https:\/\/www.travel3.com.br\/site\/sem-categoria\/eleicao-de-trump-provoca-a-maior-alta-do-dolar-em-8-anos\/\"},\"author\":{\"name\":\"admin\",\"@id\":\"https:\/\/www.travel3.com.br\/site\/#\/schema\/person\/a69d71e41a024999b6ab82369ac0bd1e\"},\"headline\":\"ELEI\u00c7\u00c3O DE TRUMP PROVOCA A MAIOR ALTA DO D\u00d3LAR EM 8 ANOS\",\"datePublished\":\"2017-08-18T18:02:41+00:00\",\"mainEntityOfPage\":{\"@id\":\"https:\/\/www.travel3.com.br\/site\/sem-categoria\/eleicao-de-trump-provoca-a-maior-alta-do-dolar-em-8-anos\/\"},\"wordCount\":466,\"commentCount\":0,\"publisher\":{\"@id\":\"https:\/\/www.travel3.com.br\/site\/#organization\"},\"inLanguage\":\"pt-BR\",\"potentialAction\":[{\"@type\":\"CommentAction\",\"name\":\"Comment\",\"target\":[\"https:\/\/www.travel3.com.br\/site\/sem-categoria\/eleicao-de-trump-provoca-a-maior-alta-do-dolar-em-8-anos\/#respond\"]}]},{\"@type\":\"WebPage\",\"@id\":\"https:\/\/www.travel3.com.br\/site\/sem-categoria\/eleicao-de-trump-provoca-a-maior-alta-do-dolar-em-8-anos\/\",\"url\":\"https:\/\/www.travel3.com.br\/site\/sem-categoria\/eleicao-de-trump-provoca-a-maior-alta-do-dolar-em-8-anos\/\",\"name\":\"ELEI\u00c7\u00c3O DE TRUMP PROVOCA A MAIOR ALTA DO D\u00d3LAR EM 8 ANOS - Travel3\",\"isPartOf\":{\"@id\":\"https:\/\/www.travel3.com.br\/site\/#website\"},\"datePublished\":\"2017-08-18T18:02:41+00:00\",\"description\":\"A TRAVEL3 \u00e9 um portal de conte\u00fado voltado para o turismo, encontre destinos, viagens, hospedagem, passagens, guias, not\u00edcias sobre o mercado do turismo, dicas de viagem, v\u00eddeos e podcast.\",\"breadcrumb\":{\"@id\":\"https:\/\/www.travel3.com.br\/site\/sem-categoria\/eleicao-de-trump-provoca-a-maior-alta-do-dolar-em-8-anos\/#breadcrumb\"},\"inLanguage\":\"pt-BR\",\"potentialAction\":[{\"@type\":\"ReadAction\",\"target\":[\"https:\/\/www.travel3.com.br\/site\/sem-categoria\/eleicao-de-trump-provoca-a-maior-alta-do-dolar-em-8-anos\/\"]}]},{\"@type\":\"BreadcrumbList\",\"@id\":\"https:\/\/www.travel3.com.br\/site\/sem-categoria\/eleicao-de-trump-provoca-a-maior-alta-do-dolar-em-8-anos\/#breadcrumb\",\"itemListElement\":[{\"@type\":\"ListItem\",\"position\":1,\"name\":\"In\u00edcio\",\"item\":\"https:\/\/www.travel3.com.br\/site\/\"},{\"@type\":\"ListItem\",\"position\":2,\"name\":\"ELEI\u00c7\u00c3O DE TRUMP PROVOCA A MAIOR ALTA DO D\u00d3LAR EM 8 ANOS\"}]},{\"@type\":\"WebSite\",\"@id\":\"https:\/\/www.travel3.com.br\/site\/#website\",\"url\":\"https:\/\/www.travel3.com.br\/site\/\",\"name\":\"Travel3\",\"description\":\"Lazer + Neg&oacute;cios + Aventura\",\"publisher\":{\"@id\":\"https:\/\/www.travel3.com.br\/site\/#organization\"},\"potentialAction\":[{\"@type\":\"SearchAction\",\"target\":{\"@type\":\"EntryPoint\",\"urlTemplate\":\"https:\/\/www.travel3.com.br\/site\/?s={search_term_string}\"},\"query-input\":{\"@type\":\"PropertyValueSpecification\",\"valueRequired\":true,\"valueName\":\"search_term_string\"}}],\"inLanguage\":\"pt-BR\"},{\"@type\":\"Organization\",\"@id\":\"https:\/\/www.travel3.com.br\/site\/#organization\",\"name\":\"Travel3\",\"url\":\"https:\/\/www.travel3.com.br\/site\/\",\"logo\":{\"@type\":\"ImageObject\",\"inLanguage\":\"pt-BR\",\"@id\":\"https:\/\/www.travel3.com.br\/site\/#\/schema\/logo\/image\/\",\"url\":\"https:\/\/www.travel3.com.br\/site\/wp-content\/uploads\/2020\/01\/logo-travel3-2020.png\",\"contentUrl\":\"https:\/\/www.travel3.com.br\/site\/wp-content\/uploads\/2020\/01\/logo-travel3-2020.png\",\"width\":232,\"height\":79,\"caption\":\"Travel3\"},\"image\":{\"@id\":\"https:\/\/www.travel3.com.br\/site\/#\/schema\/logo\/image\/\"},\"sameAs\":[\"https:\/\/www.facebook.com\/travel3media\/\",\"https:\/\/www.instagram.com\/revistatravel3\/\",\"https:\/\/www.youtube.com\/channel\/UCno7J4paGBR3VbZQzvoJ9Eg\"]},{\"@type\":\"Person\",\"@id\":\"https:\/\/www.travel3.com.br\/site\/#\/schema\/person\/a69d71e41a024999b6ab82369ac0bd1e\",\"name\":\"admin\",\"image\":{\"@type\":\"ImageObject\",\"inLanguage\":\"pt-BR\",\"@id\":\"https:\/\/www.travel3.com.br\/site\/#\/schema\/person\/image\/\",\"url\":\"https:\/\/secure.gravatar.com\/avatar\/732a67adfd764da2a47ba10ce731c4c0?s=96&d=mm&r=g\",\"contentUrl\":\"https:\/\/secure.gravatar.com\/avatar\/732a67adfd764da2a47ba10ce731c4c0?s=96&d=mm&r=g\",\"caption\":\"admin\"},\"url\":\"https:\/\/www.travel3.com.br\/site\/author\/admin\/\"}]}<\/script>\n<!-- \/ Yoast SEO plugin. -->","yoast_head_json":{"title":"ELEI\u00c7\u00c3O DE TRUMP PROVOCA A MAIOR ALTA DO D\u00d3LAR EM 8 ANOS - Travel3","description":"A TRAVEL3 \u00e9 um portal de conte\u00fado voltado para o turismo, encontre destinos, viagens, hospedagem, passagens, guias, not\u00edcias sobre o mercado do turismo, dicas de viagem, v\u00eddeos e podcast.","robots":{"index":"index","follow":"follow","max-snippet":"max-snippet:-1","max-image-preview":"max-image-preview:large","max-video-preview":"max-video-preview:-1"},"canonical":"https:\/\/www.travel3.com.br\/site\/sem-categoria\/eleicao-de-trump-provoca-a-maior-alta-do-dolar-em-8-anos\/","og_locale":"pt_BR","og_type":"article","og_title":"ELEI\u00c7\u00c3O DE TRUMP PROVOCA A MAIOR ALTA DO D\u00d3LAR EM 8 ANOS - Travel3","og_description":"A TRAVEL3 \u00e9 um portal de conte\u00fado voltado para o turismo, encontre destinos, viagens, hospedagem, passagens, guias, not\u00edcias sobre o mercado do turismo, dicas de viagem, v\u00eddeos e podcast.","og_url":"https:\/\/www.travel3.com.br\/site\/sem-categoria\/eleicao-de-trump-provoca-a-maior-alta-do-dolar-em-8-anos\/","og_site_name":"Travel3","article_publisher":"https:\/\/www.facebook.com\/travel3media\/","article_published_time":"2017-08-18T18:02:41+00:00","author":"admin","twitter_card":"summary_large_image","twitter_misc":{"Escrito por":"admin","Est. tempo de leitura":"2 minutos"},"schema":{"@context":"https:\/\/schema.org","@graph":[{"@type":"Article","@id":"https:\/\/www.travel3.com.br\/site\/sem-categoria\/eleicao-de-trump-provoca-a-maior-alta-do-dolar-em-8-anos\/#article","isPartOf":{"@id":"https:\/\/www.travel3.com.br\/site\/sem-categoria\/eleicao-de-trump-provoca-a-maior-alta-do-dolar-em-8-anos\/"},"author":{"name":"admin","@id":"https:\/\/www.travel3.com.br\/site\/#\/schema\/person\/a69d71e41a024999b6ab82369ac0bd1e"},"headline":"ELEI\u00c7\u00c3O DE TRUMP PROVOCA A MAIOR ALTA DO D\u00d3LAR EM 8 ANOS","datePublished":"2017-08-18T18:02:41+00:00","mainEntityOfPage":{"@id":"https:\/\/www.travel3.com.br\/site\/sem-categoria\/eleicao-de-trump-provoca-a-maior-alta-do-dolar-em-8-anos\/"},"wordCount":466,"commentCount":0,"publisher":{"@id":"https:\/\/www.travel3.com.br\/site\/#organization"},"inLanguage":"pt-BR","potentialAction":[{"@type":"CommentAction","name":"Comment","target":["https:\/\/www.travel3.com.br\/site\/sem-categoria\/eleicao-de-trump-provoca-a-maior-alta-do-dolar-em-8-anos\/#respond"]}]},{"@type":"WebPage","@id":"https:\/\/www.travel3.com.br\/site\/sem-categoria\/eleicao-de-trump-provoca-a-maior-alta-do-dolar-em-8-anos\/","url":"https:\/\/www.travel3.com.br\/site\/sem-categoria\/eleicao-de-trump-provoca-a-maior-alta-do-dolar-em-8-anos\/","name":"ELEI\u00c7\u00c3O DE TRUMP PROVOCA A MAIOR ALTA DO D\u00d3LAR EM 8 ANOS - Travel3","isPartOf":{"@id":"https:\/\/www.travel3.com.br\/site\/#website"},"datePublished":"2017-08-18T18:02:41+00:00","description":"A TRAVEL3 \u00e9 um portal de conte\u00fado voltado para o turismo, encontre destinos, viagens, hospedagem, passagens, guias, not\u00edcias sobre o mercado do turismo, dicas de viagem, v\u00eddeos e podcast.","breadcrumb":{"@id":"https:\/\/www.travel3.com.br\/site\/sem-categoria\/eleicao-de-trump-provoca-a-maior-alta-do-dolar-em-8-anos\/#breadcrumb"},"inLanguage":"pt-BR","potentialAction":[{"@type":"ReadAction","target":["https:\/\/www.travel3.com.br\/site\/sem-categoria\/eleicao-de-trump-provoca-a-maior-alta-do-dolar-em-8-anos\/"]}]},{"@type":"BreadcrumbList","@id":"https:\/\/www.travel3.com.br\/site\/sem-categoria\/eleicao-de-trump-provoca-a-maior-alta-do-dolar-em-8-anos\/#breadcrumb","itemListElement":[{"@type":"ListItem","position":1,"name":"In\u00edcio","item":"https:\/\/www.travel3.com.br\/site\/"},{"@type":"ListItem","position":2,"name":"ELEI\u00c7\u00c3O DE TRUMP PROVOCA A MAIOR ALTA DO D\u00d3LAR EM 8 ANOS"}]},{"@type":"WebSite","@id":"https:\/\/www.travel3.com.br\/site\/#website","url":"https:\/\/www.travel3.com.br\/site\/","name":"Travel3","description":"Lazer + Neg&oacute;cios + Aventura","publisher":{"@id":"https:\/\/www.travel3.com.br\/site\/#organization"},"potentialAction":[{"@type":"SearchAction","target":{"@type":"EntryPoint","urlTemplate":"https:\/\/www.travel3.com.br\/site\/?s={search_term_string}"},"query-input":{"@type":"PropertyValueSpecification","valueRequired":true,"valueName":"search_term_string"}}],"inLanguage":"pt-BR"},{"@type":"Organization","@id":"https:\/\/www.travel3.com.br\/site\/#organization","name":"Travel3","url":"https:\/\/www.travel3.com.br\/site\/","logo":{"@type":"ImageObject","inLanguage":"pt-BR","@id":"https:\/\/www.travel3.com.br\/site\/#\/schema\/logo\/image\/","url":"https:\/\/www.travel3.com.br\/site\/wp-content\/uploads\/2020\/01\/logo-travel3-2020.png","contentUrl":"https:\/\/www.travel3.com.br\/site\/wp-content\/uploads\/2020\/01\/logo-travel3-2020.png","width":232,"height":79,"caption":"Travel3"},"image":{"@id":"https:\/\/www.travel3.com.br\/site\/#\/schema\/logo\/image\/"},"sameAs":["https:\/\/www.facebook.com\/travel3media\/","https:\/\/www.instagram.com\/revistatravel3\/","https:\/\/www.youtube.com\/channel\/UCno7J4paGBR3VbZQzvoJ9Eg"]},{"@type":"Person","@id":"https:\/\/www.travel3.com.br\/site\/#\/schema\/person\/a69d71e41a024999b6ab82369ac0bd1e","name":"admin","image":{"@type":"ImageObject","inLanguage":"pt-BR","@id":"https:\/\/www.travel3.com.br\/site\/#\/schema\/person\/image\/","url":"https:\/\/secure.gravatar.com\/avatar\/732a67adfd764da2a47ba10ce731c4c0?s=96&d=mm&r=g","contentUrl":"https:\/\/secure.gravatar.com\/avatar\/732a67adfd764da2a47ba10ce731c4c0?s=96&d=mm&r=g","caption":"admin"},"url":"https:\/\/www.travel3.com.br\/site\/author\/admin\/"}]}},"_links":{"self":[{"href":"https:\/\/www.travel3.com.br\/site\/wp-json\/wp\/v2\/posts\/3518","targetHints":{"allow":["GET"]}}],"collection":[{"href":"https:\/\/www.travel3.com.br\/site\/wp-json\/wp\/v2\/posts"}],"about":[{"href":"https:\/\/www.travel3.com.br\/site\/wp-json\/wp\/v2\/types\/post"}],"author":[{"embeddable":true,"href":"https:\/\/www.travel3.com.br\/site\/wp-json\/wp\/v2\/users\/1"}],"replies":[{"embeddable":true,"href":"https:\/\/www.travel3.com.br\/site\/wp-json\/wp\/v2\/comments?post=3518"}],"version-history":[{"count":0,"href":"https:\/\/www.travel3.com.br\/site\/wp-json\/wp\/v2\/posts\/3518\/revisions"}],"wp:attachment":[{"href":"https:\/\/www.travel3.com.br\/site\/wp-json\/wp\/v2\/media?parent=3518"}],"wp:term":[{"taxonomy":"category","embeddable":true,"href":"https:\/\/www.travel3.com.br\/site\/wp-json\/wp\/v2\/categories?post=3518"},{"taxonomy":"post_tag","embeddable":true,"href":"https:\/\/www.travel3.com.br\/site\/wp-json\/wp\/v2\/tags?post=3518"}],"curies":[{"name":"wp","href":"https:\/\/api.w.org\/{rel}","templated":true}]}}