{"id":35098,"date":"2020-07-28T10:00:25","date_gmt":"2020-07-28T13:00:25","guid":{"rendered":"https:\/\/www.travel3.com.br\/?p=35098"},"modified":"2020-07-28T01:05:01","modified_gmt":"2020-07-28T04:05:01","slug":"belo-horizonte-hotel-lanca-pacotes-para-quem-nao-pode-viajar","status":"publish","type":"post","link":"https:\/\/www.travel3.com.br\/site\/destaque\/belo-horizonte-hotel-lanca-pacotes-para-quem-nao-pode-viajar\/","title":{"rendered":"Belo Horizonte = hotel lan\u00e7a pacotes para quem quer curtir a cidade"},"content":{"rendered":"\n<figure class=\"wp-block-image\"><img loading=\"lazy\" decoding=\"async\" width=\"1024\" height=\"638\" src=\"https:\/\/www.travel3.com.br\/site\/wp-content\/uploads\/2020\/07\/Hotel-Vivenzo-Cr\u00e9d-Gabriel-Fran\u00e7a-2-1024x638.jpg\" alt=\"Hotel Vivenzo\" class=\"wp-image-35103\" srcset=\"https:\/\/www.travel3.com.br\/site\/wp-content\/uploads\/2020\/07\/Hotel-Vivenzo-Cr\u00e9d-Gabriel-Fran\u00e7a-2-1024x638.jpg 1024w, https:\/\/www.travel3.com.br\/site\/wp-content\/uploads\/2020\/07\/Hotel-Vivenzo-Cr\u00e9d-Gabriel-Fran\u00e7a-2-300x187.jpg 300w, https:\/\/www.travel3.com.br\/site\/wp-content\/uploads\/2020\/07\/Hotel-Vivenzo-Cr\u00e9d-Gabriel-Fran\u00e7a-2-768x479.jpg 768w, https:\/\/www.travel3.com.br\/site\/wp-content\/uploads\/2020\/07\/Hotel-Vivenzo-Cr\u00e9d-Gabriel-Fran\u00e7a-2-750x467.jpg 750w, https:\/\/www.travel3.com.br\/site\/wp-content\/uploads\/2020\/07\/Hotel-Vivenzo-Cr\u00e9d-Gabriel-Fran\u00e7a-2-1140x710.jpg 1140w, https:\/\/www.travel3.com.br\/site\/wp-content\/uploads\/2020\/07\/Hotel-Vivenzo-Cr\u00e9d-Gabriel-Fran\u00e7a-2.jpg 1920w\" sizes=\"auto, (max-width: 1024px) 100vw, 1024px\" \/><figcaption>Hotel Vivenzo apresentou novos protocolos de seguran\u00e7a ainda em mar\u00e7o (Foto: Pedro Vilela\/Agencia i7\/Divulga\u00e7\u00e3o)<\/figcaption><\/figure>\n\n\n\n<h3 class=\"wp-block-heading\" style=\"text-align:center\">Com promessa de seguran\u00e7a + boa gastronomia, Vivenzo Savassi apresenta o <em>Minif\u00e9rias&nbsp;em&nbsp;BH<\/em><\/h3>\n\n\n\n<p>Em Belo Horizonte, o hotel Vivenzo Savassi acaba de apresentar a campanha <em>Minif\u00e9rias&nbsp;em&nbsp;BH.<\/em> Os novos pacotes, voltados aos viajantes que tiveram que cancelar uma viagem em meio \u00e0 pandemia, t\u00eam como foco &#8211; al\u00e9m da seguran\u00e7a &#8211; a gastronomia.<\/p>\n\n\n\n<p>De acordo com o hotel, que se destacou <a rel=\"noreferrer noopener\" href=\"https:\/\/www.travel3.com.br\/acontece-no-turismo\/hotel-em-belo-horizonte-afirma-ser-o-pioneiro-no-combate-a-covid-19\/\" target=\"_blank\">na r\u00e1pida elabora\u00e7\u00e3o de protocolos sanit\u00e1rios<\/a>, ser\u00e3o oferecidos pratos livres de conservantes e condimentos industrializados, preparados pelo chef Eduardo Campos. Al\u00e9m disso, o card\u00e1pio inclui op\u00e7\u00f5es especiais para veganos + vegetarianos e intolerantes a lactose.<\/p>\n\n\n\n<blockquote class=\"wp-block-quote is-layout-flow wp-block-quote-is-layout-flow\"><p>A pandemia adiou os planos de quem viajaria nas f\u00e9rias de julho. Estamos h\u00e1 mais de 100 dias em quarentena na capital mineira; e em menor ou maior grau isso afeta a sa\u00fade mental das pessoas que est\u00e3o cansadas, ansiosas e estressadas.<\/p><p>Chega um momento em que todos sentem necessidade de encontrar alguma atra\u00e7\u00e3o segura fora de casa para relaxar.<\/p><cite>Frederico Amaral &#8211; Fundador e CEO da Macna Digital Hotels, da qual o Vivenzo Savassi faz parte<\/cite><\/blockquote>\n\n\n\n<h4 class=\"wp-block-heading\">Reservas<\/h4>\n\n\n\n<p>De acordo com o Vivenzo Savassi, as di\u00e1rias estar\u00e3o por tempo limitado no valor de R$250, com direito a acompanhante. Al\u00e9m disso, o pacote d\u00e1 direito a jantar = entrada + prato principal + sobremesa + ta\u00e7a de vinho, preparado pelo chef Eduardo Campos + caf\u00e9 da manh\u00e3; ambos entregues no quarto.<\/p>\n\n\n\n<figure class=\"wp-block-image\"><img loading=\"lazy\" decoding=\"async\" width=\"1024\" height=\"681\" src=\"https:\/\/www.travel3.com.br\/site\/wp-content\/uploads\/2020\/07\/Hotel-Vivenzo-Cr\u00e9d-Gabriel-Fran\u00e7a-1-1024x681.jpg\" alt=\"Hotel Belo Horizonte\" class=\"wp-image-35102\" srcset=\"https:\/\/www.travel3.com.br\/site\/wp-content\/uploads\/2020\/07\/Hotel-Vivenzo-Cr\u00e9d-Gabriel-Fran\u00e7a-1-1024x681.jpg 1024w, https:\/\/www.travel3.com.br\/site\/wp-content\/uploads\/2020\/07\/Hotel-Vivenzo-Cr\u00e9d-Gabriel-Fran\u00e7a-1-300x200.jpg 300w, https:\/\/www.travel3.com.br\/site\/wp-content\/uploads\/2020\/07\/Hotel-Vivenzo-Cr\u00e9d-Gabriel-Fran\u00e7a-1-768x511.jpg 768w, https:\/\/www.travel3.com.br\/site\/wp-content\/uploads\/2020\/07\/Hotel-Vivenzo-Cr\u00e9d-Gabriel-Fran\u00e7a-1-750x499.jpg 750w, https:\/\/www.travel3.com.br\/site\/wp-content\/uploads\/2020\/07\/Hotel-Vivenzo-Cr\u00e9d-Gabriel-Fran\u00e7a-1-1140x759.jpg 1140w, https:\/\/www.travel3.com.br\/site\/wp-content\/uploads\/2020\/07\/Hotel-Vivenzo-Cr\u00e9d-Gabriel-Fran\u00e7a-1.jpg 1920w\" sizes=\"auto, (max-width: 1024px) 100vw, 1024px\" \/><figcaption>Refei\u00e7\u00f5es s\u00e3o entregues nos quartos (Foto: Pedro Vilela\/Agencia i7\/Divulga\u00e7\u00e3o)<\/figcaption><\/figure>\n\n\n\n<h2 class=\"wp-block-heading\">Servi\u00e7o de entregas<\/h2>\n\n\n\n<p>Outra op\u00e7\u00e3o recentemente apresentada em Belo Horizonte pelo Hotel Vivenzo Savassi \u00e9 o servi\u00e7o de entrega de refei\u00e7\u00f5es saud\u00e1veis, tamb\u00e9m preparadas pelo chef Eduardo Campos.<\/p>\n\n\n\n<p>Al\u00e9m de livres de conservantes ou condimentos industrializados, os pratos s\u00e3o entregues em embalagens especialmente selecionadas.<\/p>\n\n\n\n<blockquote class=\"wp-block-quote is-layout-flow wp-block-quote-is-layout-flow\"><p>Fizemos uma intensa pesquisa e importamos embalagens que n\u00e3o s\u00e3o encontradas no mercado brasileiro, cujos revestimentos n\u00e3o s\u00e3o de pl\u00e1stico; pois este libera res\u00edduos t\u00f3xicos quando aquecido.<\/p><cite>Frederico Amaral &#8211; Fundador e CEO da Macna Digital Hotels, da qual o Vivenzo Savassi faz parte<\/cite><\/blockquote>\n\n\n\n<p>Alguns exemplos de pratos preparados com uso reduzido de s\u00f3dio, a\u00e7\u00facar e gordura s\u00e3o os <em>falsos&nbsp;risotos;&nbsp;<\/em>preparados nas vers\u00f5es com camar\u00e3o, fil\u00e9 mignon, frango ou cogumelos shitake e acompanhados de br\u00f3colis grelhados na manteiga com cebolas + creme de queijo.<\/p>\n\n\n\n<p>S\u00e3o ainda 9 op\u00e7\u00f5es de pratos vegetarianos + petiscos + saladas variadas. E para o p\u00fablico intolerante a lactose, \u00e9 poss\u00edvel substituir a manteiga por azeite de oliva extra virgem. Nesse caso, um dos destaques \u00e9 o fil\u00e9 de til\u00e1pia assado com azeite ao molho tai com cebolas e escamas de batata.<\/p>\n\n\n\n<h3 class=\"wp-block-heading\" style=\"text-align:center\">\u00ad<a href=\"https:\/\/www.booking.com\/hotel\/br\/tulip-inn-savassi.en.html?aid=1921604&amp;no_rooms=1&amp;group_adults=2\">Saiba mais<\/a><\/h3>\n","protected":false},"excerpt":{"rendered":"<p>Com promessa de seguran\u00e7a + boa gastronomia, Vivenzo Savassi apresenta o Minif\u00e9rias&nbsp;em&nbsp;BH Em Belo Horizonte, o hotel Vivenzo Savassi acaba de apresentar a campanha Minif\u00e9rias&nbsp;em&nbsp;BH. Os novos pacotes, voltados aos viajantes que tiveram que cancelar uma viagem em meio \u00e0 pandemia, t\u00eam como foco &#8211; al\u00e9m da seguran\u00e7a &#8211; a gastronomia. De acordo com o [&hellip;]<\/p>\n","protected":false},"author":6,"featured_media":35103,"comment_status":"open","ping_status":"open","sticky":false,"template":"","format":"standard","meta":{"footnotes":""},"categories":[969,884,226],"tags":[394,4218,4133,4117],"class_list":["post-35098","post","type-post","status-publish","format-standard","has-post-thumbnail","hentry","category-acontece-no-turismo","category-comece-a-viajar","category-destaque","tag-belo-horizonte","tag-ferias-adiadas","tag-hotel-vivenzo-savassi","tag-retomada-do-turismo"],"yoast_head":"<!-- This site is optimized with the Yoast SEO plugin v26.2 - https:\/\/yoast.com\/wordpress\/plugins\/seo\/ -->\n<title>Belo Horizonte = hotel lan\u00e7a pacotes para quem quer curtir a cidade - Travel3<\/title>\n<meta name=\"description\" content=\"Belo Horizonte = hotel lan\u00e7a pacotes para quem n\u00e3o p\u00f4de viajar; com promessa de seguran\u00e7a + boa gastronomia, Vivenzo Savassi apresenta o Minif\u00e9rias em BH\" \/>\n<meta name=\"robots\" content=\"index, follow, max-snippet:-1, max-image-preview:large, max-video-preview:-1\" \/>\n<link rel=\"canonical\" href=\"https:\/\/www.travel3.com.br\/site\/destaque\/belo-horizonte-hotel-lanca-pacotes-para-quem-nao-pode-viajar\/\" \/>\n<meta property=\"og:locale\" content=\"pt_BR\" \/>\n<meta property=\"og:type\" content=\"article\" \/>\n<meta property=\"og:title\" content=\"Belo Horizonte = hotel lan\u00e7a pacotes para quem quer curtir a cidade - Travel3\" \/>\n<meta property=\"og:description\" content=\"Belo Horizonte = hotel lan\u00e7a pacotes para quem n\u00e3o p\u00f4de viajar; com promessa de seguran\u00e7a + boa gastronomia, Vivenzo Savassi apresenta o Minif\u00e9rias em BH\" \/>\n<meta property=\"og:url\" content=\"https:\/\/www.travel3.com.br\/site\/destaque\/belo-horizonte-hotel-lanca-pacotes-para-quem-nao-pode-viajar\/\" \/>\n<meta property=\"og:site_name\" content=\"Travel3\" \/>\n<meta property=\"article:publisher\" content=\"https:\/\/www.facebook.com\/travel3media\/\" \/>\n<meta property=\"article:published_time\" content=\"2020-07-28T13:00:25+00:00\" \/>\n<meta property=\"og:image\" content=\"https:\/\/www.travel3.com.br\/site\/wp-content\/uploads\/2020\/07\/Hotel-Vivenzo-Cr\u00e9d-Gabriel-Fran\u00e7a-2.jpg\" \/>\n\t<meta property=\"og:image:width\" content=\"1920\" \/>\n\t<meta property=\"og:image:height\" content=\"1197\" \/>\n\t<meta property=\"og:image:type\" content=\"image\/jpeg\" \/>\n<meta name=\"author\" content=\"Reda\u00e7\u00e3o Travel3\" \/>\n<meta name=\"twitter:card\" content=\"summary_large_image\" \/>\n<meta name=\"twitter:label1\" content=\"Escrito por\" \/>\n\t<meta name=\"twitter:data1\" content=\"Reda\u00e7\u00e3o Travel3\" \/>\n\t<meta name=\"twitter:label2\" content=\"Est. tempo de leitura\" \/>\n\t<meta name=\"twitter:data2\" content=\"2 minutos\" \/>\n<script type=\"application\/ld+json\" class=\"yoast-schema-graph\">{\"@context\":\"https:\/\/schema.org\",\"@graph\":[{\"@type\":\"Article\",\"@id\":\"https:\/\/www.travel3.com.br\/site\/destaque\/belo-horizonte-hotel-lanca-pacotes-para-quem-nao-pode-viajar\/#article\",\"isPartOf\":{\"@id\":\"https:\/\/www.travel3.com.br\/site\/destaque\/belo-horizonte-hotel-lanca-pacotes-para-quem-nao-pode-viajar\/\"},\"author\":{\"name\":\"Reda\u00e7\u00e3o Travel3\",\"@id\":\"https:\/\/www.travel3.com.br\/site\/#\/schema\/person\/9cff8daac0a2f1aa0799f827b8aa8308\"},\"headline\":\"Belo Horizonte = hotel lan\u00e7a pacotes para quem quer curtir a cidade\",\"datePublished\":\"2020-07-28T13:00:25+00:00\",\"mainEntityOfPage\":{\"@id\":\"https:\/\/www.travel3.com.br\/site\/destaque\/belo-horizonte-hotel-lanca-pacotes-para-quem-nao-pode-viajar\/\"},\"wordCount\":493,\"commentCount\":0,\"publisher\":{\"@id\":\"https:\/\/www.travel3.com.br\/site\/#organization\"},\"image\":{\"@id\":\"https:\/\/www.travel3.com.br\/site\/destaque\/belo-horizonte-hotel-lanca-pacotes-para-quem-nao-pode-viajar\/#primaryimage\"},\"thumbnailUrl\":\"https:\/\/www.travel3.com.br\/site\/wp-content\/uploads\/2020\/07\/Hotel-Vivenzo-Cr\u00e9d-Gabriel-Fran\u00e7a-2.jpg\",\"keywords\":[\"Belo Horizonte\",\"F\u00e9rias Adiadas\",\"Hotel Vivenzo Savassi\",\"Retomada do Turismo\"],\"articleSection\":[\"Acontece no Turismo\",\"Comece a Viajar\",\"Destaque\"],\"inLanguage\":\"pt-BR\",\"potentialAction\":[{\"@type\":\"CommentAction\",\"name\":\"Comment\",\"target\":[\"https:\/\/www.travel3.com.br\/site\/destaque\/belo-horizonte-hotel-lanca-pacotes-para-quem-nao-pode-viajar\/#respond\"]}]},{\"@type\":\"WebPage\",\"@id\":\"https:\/\/www.travel3.com.br\/site\/destaque\/belo-horizonte-hotel-lanca-pacotes-para-quem-nao-pode-viajar\/\",\"url\":\"https:\/\/www.travel3.com.br\/site\/destaque\/belo-horizonte-hotel-lanca-pacotes-para-quem-nao-pode-viajar\/\",\"name\":\"Belo Horizonte = hotel lan\u00e7a pacotes para quem quer curtir a cidade - Travel3\",\"isPartOf\":{\"@id\":\"https:\/\/www.travel3.com.br\/site\/#website\"},\"primaryImageOfPage\":{\"@id\":\"https:\/\/www.travel3.com.br\/site\/destaque\/belo-horizonte-hotel-lanca-pacotes-para-quem-nao-pode-viajar\/#primaryimage\"},\"image\":{\"@id\":\"https:\/\/www.travel3.com.br\/site\/destaque\/belo-horizonte-hotel-lanca-pacotes-para-quem-nao-pode-viajar\/#primaryimage\"},\"thumbnailUrl\":\"https:\/\/www.travel3.com.br\/site\/wp-content\/uploads\/2020\/07\/Hotel-Vivenzo-Cr\u00e9d-Gabriel-Fran\u00e7a-2.jpg\",\"datePublished\":\"2020-07-28T13:00:25+00:00\",\"description\":\"Belo Horizonte = hotel lan\u00e7a pacotes para quem n\u00e3o p\u00f4de viajar; com promessa de seguran\u00e7a + boa gastronomia, Vivenzo Savassi apresenta o Minif\u00e9rias em BH\",\"breadcrumb\":{\"@id\":\"https:\/\/www.travel3.com.br\/site\/destaque\/belo-horizonte-hotel-lanca-pacotes-para-quem-nao-pode-viajar\/#breadcrumb\"},\"inLanguage\":\"pt-BR\",\"potentialAction\":[{\"@type\":\"ReadAction\",\"target\":[\"https:\/\/www.travel3.com.br\/site\/destaque\/belo-horizonte-hotel-lanca-pacotes-para-quem-nao-pode-viajar\/\"]}]},{\"@type\":\"ImageObject\",\"inLanguage\":\"pt-BR\",\"@id\":\"https:\/\/www.travel3.com.br\/site\/destaque\/belo-horizonte-hotel-lanca-pacotes-para-quem-nao-pode-viajar\/#primaryimage\",\"url\":\"https:\/\/www.travel3.com.br\/site\/wp-content\/uploads\/2020\/07\/Hotel-Vivenzo-Cr\u00e9d-Gabriel-Fran\u00e7a-2.jpg\",\"contentUrl\":\"https:\/\/www.travel3.com.br\/site\/wp-content\/uploads\/2020\/07\/Hotel-Vivenzo-Cr\u00e9d-Gabriel-Fran\u00e7a-2.jpg\",\"width\":1920,\"height\":1197,\"caption\":\"Hotel Vivenzo apresentou novos protocolos de seguran\u00e7a ainda em mar\u00e7o (Foto: Pedro Vilela\/Agencia i7\/Divulga\u00e7\u00e3o)\"},{\"@type\":\"BreadcrumbList\",\"@id\":\"https:\/\/www.travel3.com.br\/site\/destaque\/belo-horizonte-hotel-lanca-pacotes-para-quem-nao-pode-viajar\/#breadcrumb\",\"itemListElement\":[{\"@type\":\"ListItem\",\"position\":1,\"name\":\"In\u00edcio\",\"item\":\"https:\/\/www.travel3.com.br\/site\/\"},{\"@type\":\"ListItem\",\"position\":2,\"name\":\"Belo Horizonte = hotel lan\u00e7a pacotes para quem quer curtir a cidade\"}]},{\"@type\":\"WebSite\",\"@id\":\"https:\/\/www.travel3.com.br\/site\/#website\",\"url\":\"https:\/\/www.travel3.com.br\/site\/\",\"name\":\"Travel3\",\"description\":\"Lazer + Neg&oacute;cios + Aventura\",\"publisher\":{\"@id\":\"https:\/\/www.travel3.com.br\/site\/#organization\"},\"potentialAction\":[{\"@type\":\"SearchAction\",\"target\":{\"@type\":\"EntryPoint\",\"urlTemplate\":\"https:\/\/www.travel3.com.br\/site\/?s={search_term_string}\"},\"query-input\":{\"@type\":\"PropertyValueSpecification\",\"valueRequired\":true,\"valueName\":\"search_term_string\"}}],\"inLanguage\":\"pt-BR\"},{\"@type\":\"Organization\",\"@id\":\"https:\/\/www.travel3.com.br\/site\/#organization\",\"name\":\"Travel3\",\"url\":\"https:\/\/www.travel3.com.br\/site\/\",\"logo\":{\"@type\":\"ImageObject\",\"inLanguage\":\"pt-BR\",\"@id\":\"https:\/\/www.travel3.com.br\/site\/#\/schema\/logo\/image\/\",\"url\":\"https:\/\/www.travel3.com.br\/site\/wp-content\/uploads\/2020\/01\/logo-travel3-2020.png\",\"contentUrl\":\"https:\/\/www.travel3.com.br\/site\/wp-content\/uploads\/2020\/01\/logo-travel3-2020.png\",\"width\":232,\"height\":79,\"caption\":\"Travel3\"},\"image\":{\"@id\":\"https:\/\/www.travel3.com.br\/site\/#\/schema\/logo\/image\/\"},\"sameAs\":[\"https:\/\/www.facebook.com\/travel3media\/\",\"https:\/\/www.instagram.com\/revistatravel3\/\",\"https:\/\/www.youtube.com\/channel\/UCno7J4paGBR3VbZQzvoJ9Eg\"]},{\"@type\":\"Person\",\"@id\":\"https:\/\/www.travel3.com.br\/site\/#\/schema\/person\/9cff8daac0a2f1aa0799f827b8aa8308\",\"name\":\"Reda\u00e7\u00e3o Travel3\",\"image\":{\"@type\":\"ImageObject\",\"inLanguage\":\"pt-BR\",\"@id\":\"https:\/\/www.travel3.com.br\/site\/#\/schema\/person\/image\/\",\"url\":\"https:\/\/secure.gravatar.com\/avatar\/6e6125525e1f04b7b8c607d71556e490?s=96&d=mm&r=g\",\"contentUrl\":\"https:\/\/secure.gravatar.com\/avatar\/6e6125525e1f04b7b8c607d71556e490?s=96&d=mm&r=g\",\"caption\":\"Reda\u00e7\u00e3o Travel3\"},\"sameAs\":[\"http:\/\/www.travel3.com.br\"],\"url\":\"https:\/\/www.travel3.com.br\/site\/author\/redacao2\/\"}]}<\/script>\n<!-- \/ Yoast SEO plugin. -->","yoast_head_json":{"title":"Belo Horizonte = hotel lan\u00e7a pacotes para quem quer curtir a cidade - Travel3","description":"Belo Horizonte = hotel lan\u00e7a pacotes para quem n\u00e3o p\u00f4de viajar; com promessa de seguran\u00e7a + boa gastronomia, Vivenzo Savassi apresenta o Minif\u00e9rias em BH","robots":{"index":"index","follow":"follow","max-snippet":"max-snippet:-1","max-image-preview":"max-image-preview:large","max-video-preview":"max-video-preview:-1"},"canonical":"https:\/\/www.travel3.com.br\/site\/destaque\/belo-horizonte-hotel-lanca-pacotes-para-quem-nao-pode-viajar\/","og_locale":"pt_BR","og_type":"article","og_title":"Belo Horizonte = hotel lan\u00e7a pacotes para quem quer curtir a cidade - Travel3","og_description":"Belo Horizonte = hotel lan\u00e7a pacotes para quem n\u00e3o p\u00f4de viajar; com promessa de seguran\u00e7a + boa gastronomia, Vivenzo Savassi apresenta o Minif\u00e9rias em BH","og_url":"https:\/\/www.travel3.com.br\/site\/destaque\/belo-horizonte-hotel-lanca-pacotes-para-quem-nao-pode-viajar\/","og_site_name":"Travel3","article_publisher":"https:\/\/www.facebook.com\/travel3media\/","article_published_time":"2020-07-28T13:00:25+00:00","og_image":[{"width":1920,"height":1197,"url":"https:\/\/www.travel3.com.br\/site\/wp-content\/uploads\/2020\/07\/Hotel-Vivenzo-Cr\u00e9d-Gabriel-Fran\u00e7a-2.jpg","type":"image\/jpeg"}],"author":"Reda\u00e7\u00e3o Travel3","twitter_card":"summary_large_image","twitter_misc":{"Escrito por":"Reda\u00e7\u00e3o Travel3","Est. tempo de leitura":"2 minutos"},"schema":{"@context":"https:\/\/schema.org","@graph":[{"@type":"Article","@id":"https:\/\/www.travel3.com.br\/site\/destaque\/belo-horizonte-hotel-lanca-pacotes-para-quem-nao-pode-viajar\/#article","isPartOf":{"@id":"https:\/\/www.travel3.com.br\/site\/destaque\/belo-horizonte-hotel-lanca-pacotes-para-quem-nao-pode-viajar\/"},"author":{"name":"Reda\u00e7\u00e3o Travel3","@id":"https:\/\/www.travel3.com.br\/site\/#\/schema\/person\/9cff8daac0a2f1aa0799f827b8aa8308"},"headline":"Belo Horizonte = hotel lan\u00e7a pacotes para quem quer curtir a cidade","datePublished":"2020-07-28T13:00:25+00:00","mainEntityOfPage":{"@id":"https:\/\/www.travel3.com.br\/site\/destaque\/belo-horizonte-hotel-lanca-pacotes-para-quem-nao-pode-viajar\/"},"wordCount":493,"commentCount":0,"publisher":{"@id":"https:\/\/www.travel3.com.br\/site\/#organization"},"image":{"@id":"https:\/\/www.travel3.com.br\/site\/destaque\/belo-horizonte-hotel-lanca-pacotes-para-quem-nao-pode-viajar\/#primaryimage"},"thumbnailUrl":"https:\/\/www.travel3.com.br\/site\/wp-content\/uploads\/2020\/07\/Hotel-Vivenzo-Cr\u00e9d-Gabriel-Fran\u00e7a-2.jpg","keywords":["Belo Horizonte","F\u00e9rias Adiadas","Hotel Vivenzo Savassi","Retomada do Turismo"],"articleSection":["Acontece no Turismo","Comece a Viajar","Destaque"],"inLanguage":"pt-BR","potentialAction":[{"@type":"CommentAction","name":"Comment","target":["https:\/\/www.travel3.com.br\/site\/destaque\/belo-horizonte-hotel-lanca-pacotes-para-quem-nao-pode-viajar\/#respond"]}]},{"@type":"WebPage","@id":"https:\/\/www.travel3.com.br\/site\/destaque\/belo-horizonte-hotel-lanca-pacotes-para-quem-nao-pode-viajar\/","url":"https:\/\/www.travel3.com.br\/site\/destaque\/belo-horizonte-hotel-lanca-pacotes-para-quem-nao-pode-viajar\/","name":"Belo Horizonte = hotel lan\u00e7a pacotes para quem quer curtir a cidade - Travel3","isPartOf":{"@id":"https:\/\/www.travel3.com.br\/site\/#website"},"primaryImageOfPage":{"@id":"https:\/\/www.travel3.com.br\/site\/destaque\/belo-horizonte-hotel-lanca-pacotes-para-quem-nao-pode-viajar\/#primaryimage"},"image":{"@id":"https:\/\/www.travel3.com.br\/site\/destaque\/belo-horizonte-hotel-lanca-pacotes-para-quem-nao-pode-viajar\/#primaryimage"},"thumbnailUrl":"https:\/\/www.travel3.com.br\/site\/wp-content\/uploads\/2020\/07\/Hotel-Vivenzo-Cr\u00e9d-Gabriel-Fran\u00e7a-2.jpg","datePublished":"2020-07-28T13:00:25+00:00","description":"Belo Horizonte = hotel lan\u00e7a pacotes para quem n\u00e3o p\u00f4de viajar; com promessa de seguran\u00e7a + boa gastronomia, Vivenzo Savassi apresenta o Minif\u00e9rias em BH","breadcrumb":{"@id":"https:\/\/www.travel3.com.br\/site\/destaque\/belo-horizonte-hotel-lanca-pacotes-para-quem-nao-pode-viajar\/#breadcrumb"},"inLanguage":"pt-BR","potentialAction":[{"@type":"ReadAction","target":["https:\/\/www.travel3.com.br\/site\/destaque\/belo-horizonte-hotel-lanca-pacotes-para-quem-nao-pode-viajar\/"]}]},{"@type":"ImageObject","inLanguage":"pt-BR","@id":"https:\/\/www.travel3.com.br\/site\/destaque\/belo-horizonte-hotel-lanca-pacotes-para-quem-nao-pode-viajar\/#primaryimage","url":"https:\/\/www.travel3.com.br\/site\/wp-content\/uploads\/2020\/07\/Hotel-Vivenzo-Cr\u00e9d-Gabriel-Fran\u00e7a-2.jpg","contentUrl":"https:\/\/www.travel3.com.br\/site\/wp-content\/uploads\/2020\/07\/Hotel-Vivenzo-Cr\u00e9d-Gabriel-Fran\u00e7a-2.jpg","width":1920,"height":1197,"caption":"Hotel Vivenzo apresentou novos protocolos de seguran\u00e7a ainda em mar\u00e7o (Foto: Pedro Vilela\/Agencia i7\/Divulga\u00e7\u00e3o)"},{"@type":"BreadcrumbList","@id":"https:\/\/www.travel3.com.br\/site\/destaque\/belo-horizonte-hotel-lanca-pacotes-para-quem-nao-pode-viajar\/#breadcrumb","itemListElement":[{"@type":"ListItem","position":1,"name":"In\u00edcio","item":"https:\/\/www.travel3.com.br\/site\/"},{"@type":"ListItem","position":2,"name":"Belo Horizonte = hotel lan\u00e7a pacotes para quem quer curtir a cidade"}]},{"@type":"WebSite","@id":"https:\/\/www.travel3.com.br\/site\/#website","url":"https:\/\/www.travel3.com.br\/site\/","name":"Travel3","description":"Lazer + Neg&oacute;cios + Aventura","publisher":{"@id":"https:\/\/www.travel3.com.br\/site\/#organization"},"potentialAction":[{"@type":"SearchAction","target":{"@type":"EntryPoint","urlTemplate":"https:\/\/www.travel3.com.br\/site\/?s={search_term_string}"},"query-input":{"@type":"PropertyValueSpecification","valueRequired":true,"valueName":"search_term_string"}}],"inLanguage":"pt-BR"},{"@type":"Organization","@id":"https:\/\/www.travel3.com.br\/site\/#organization","name":"Travel3","url":"https:\/\/www.travel3.com.br\/site\/","logo":{"@type":"ImageObject","inLanguage":"pt-BR","@id":"https:\/\/www.travel3.com.br\/site\/#\/schema\/logo\/image\/","url":"https:\/\/www.travel3.com.br\/site\/wp-content\/uploads\/2020\/01\/logo-travel3-2020.png","contentUrl":"https:\/\/www.travel3.com.br\/site\/wp-content\/uploads\/2020\/01\/logo-travel3-2020.png","width":232,"height":79,"caption":"Travel3"},"image":{"@id":"https:\/\/www.travel3.com.br\/site\/#\/schema\/logo\/image\/"},"sameAs":["https:\/\/www.facebook.com\/travel3media\/","https:\/\/www.instagram.com\/revistatravel3\/","https:\/\/www.youtube.com\/channel\/UCno7J4paGBR3VbZQzvoJ9Eg"]},{"@type":"Person","@id":"https:\/\/www.travel3.com.br\/site\/#\/schema\/person\/9cff8daac0a2f1aa0799f827b8aa8308","name":"Reda\u00e7\u00e3o Travel3","image":{"@type":"ImageObject","inLanguage":"pt-BR","@id":"https:\/\/www.travel3.com.br\/site\/#\/schema\/person\/image\/","url":"https:\/\/secure.gravatar.com\/avatar\/6e6125525e1f04b7b8c607d71556e490?s=96&d=mm&r=g","contentUrl":"https:\/\/secure.gravatar.com\/avatar\/6e6125525e1f04b7b8c607d71556e490?s=96&d=mm&r=g","caption":"Reda\u00e7\u00e3o Travel3"},"sameAs":["http:\/\/www.travel3.com.br"],"url":"https:\/\/www.travel3.com.br\/site\/author\/redacao2\/"}]}},"_links":{"self":[{"href":"https:\/\/www.travel3.com.br\/site\/wp-json\/wp\/v2\/posts\/35098","targetHints":{"allow":["GET"]}}],"collection":[{"href":"https:\/\/www.travel3.com.br\/site\/wp-json\/wp\/v2\/posts"}],"about":[{"href":"https:\/\/www.travel3.com.br\/site\/wp-json\/wp\/v2\/types\/post"}],"author":[{"embeddable":true,"href":"https:\/\/www.travel3.com.br\/site\/wp-json\/wp\/v2\/users\/6"}],"replies":[{"embeddable":true,"href":"https:\/\/www.travel3.com.br\/site\/wp-json\/wp\/v2\/comments?post=35098"}],"version-history":[{"count":3,"href":"https:\/\/www.travel3.com.br\/site\/wp-json\/wp\/v2\/posts\/35098\/revisions"}],"predecessor-version":[{"id":35118,"href":"https:\/\/www.travel3.com.br\/site\/wp-json\/wp\/v2\/posts\/35098\/revisions\/35118"}],"wp:featuredmedia":[{"embeddable":true,"href":"https:\/\/www.travel3.com.br\/site\/wp-json\/wp\/v2\/media\/35103"}],"wp:attachment":[{"href":"https:\/\/www.travel3.com.br\/site\/wp-json\/wp\/v2\/media?parent=35098"}],"wp:term":[{"taxonomy":"category","embeddable":true,"href":"https:\/\/www.travel3.com.br\/site\/wp-json\/wp\/v2\/categories?post=35098"},{"taxonomy":"post_tag","embeddable":true,"href":"https:\/\/www.travel3.com.br\/site\/wp-json\/wp\/v2\/tags?post=35098"}],"curies":[{"name":"wp","href":"https:\/\/api.w.org\/{rel}","templated":true}]}}