{"id":35049,"date":"2020-07-27T05:00:53","date_gmt":"2020-07-27T08:00:53","guid":{"rendered":"https:\/\/www.travel3.com.br\/?p=35049"},"modified":"2020-07-26T17:27:01","modified_gmt":"2020-07-26T20:27:01","slug":"estacao-de-paranagua-e-reinaugurada-apos-passar-por-reforma","status":"publish","type":"post","link":"https:\/\/www.travel3.com.br\/site\/destaque\/estacao-de-paranagua-e-reinaugurada-apos-passar-por-reforma\/","title":{"rendered":"Esta\u00e7\u00e3o de Paranagu\u00e1 \u00e9 reinaugurada ap\u00f3s reformas"},"content":{"rendered":"\n<figure class=\"wp-block-image\"><img loading=\"lazy\" decoding=\"async\" width=\"760\" height=\"507\" src=\"https:\/\/www.travel3.com.br\/site\/wp-content\/uploads\/2020\/07\/13.07.2020_Esta\u00e7\u00e3o_Ferrovi\u00e1ria_PR.jpg\" alt=\"Esta\u00e7\u00e3o de Paranagu\u00e1\" class=\"wp-image-35059\" srcset=\"https:\/\/www.travel3.com.br\/site\/wp-content\/uploads\/2020\/07\/13.07.2020_Esta\u00e7\u00e3o_Ferrovi\u00e1ria_PR.jpg 760w, https:\/\/www.travel3.com.br\/site\/wp-content\/uploads\/2020\/07\/13.07.2020_Esta\u00e7\u00e3o_Ferrovi\u00e1ria_PR-300x200.jpg 300w, https:\/\/www.travel3.com.br\/site\/wp-content\/uploads\/2020\/07\/13.07.2020_Esta\u00e7\u00e3o_Ferrovi\u00e1ria_PR-750x500.jpg 750w\" sizes=\"auto, (max-width: 760px) 100vw, 760px\" \/><figcaption>Fachada da Esta\u00e7\u00e3o ap\u00f3s a reforma (Foto: Divulga\u00e7\u00e3o)<\/figcaption><\/figure>\n\n\n\n<h3 class=\"wp-block-heading\" style=\"text-align:center\">Al\u00e9m de revitaliza\u00e7\u00e3o, edif\u00edcio hist\u00f3rico ganhou maior acessibilidade e conforto<\/h3>\n\n\n\n<p>Ap\u00f3s a conclus\u00e3o de obras de revitaliza\u00e7\u00e3o e adequa\u00e7\u00e3o, a Esta\u00e7\u00e3o Ferrovi\u00e1ria de Paranagu\u00e1 reabre com maior acessibilidade e comodidade para os visitantes. Datado de 1884, o edif\u00edcio recebeu, ao todo, um investimento de cerca de R$2,2 milh\u00f5es; dos quais R$1,7 milh\u00f5es foram aplicados pelo <a href=\"https:\/\/www.travel3.com.br\/destaque\/parques-de-minas-gerais-receberao-investimentos-federais\/\" target=\"_blank\" rel=\"noreferrer noopener\" aria-label=\"Minist\u00e9rio do Turismo (opens in a new tab)\">Minist\u00e9rio do Turismo<\/a>.<\/p>\n\n\n\n<p>Com os recursos, o pr\u00e9dio hist\u00f3rico ganhou adapta\u00e7\u00f5es para beneficiar pessoas com dificuldades de locomo\u00e7\u00e3o, como rampas e sanit\u00e1rios acess\u00edveis.<\/p>\n\n\n\n<p>O telhado foi reconstru\u00eddo e um arco fechado em uma reforma anterior foi reaberto. Al\u00e9m disso, a bilheteria central e o biombo de anteparo visual da entrada dos banheiros foram completamente restaurados. <\/p>\n\n\n\n<p>Todas as interven\u00e7\u00f5es foram feitas de modo a manter a arquitetura original do local, e aprovadas pelos \u00f3rg\u00e3os de prote\u00e7\u00e3o ao patrim\u00f4nio cultural. No edif\u00edcio, a hist\u00f3ria \u00e9 destaque tanto nos tra\u00e7os neocl\u00e1ssicos quanto nas obras reunidas em seu interior. S\u00e3o pe\u00e7as que contam a constru\u00e7\u00e3o da ferrovia e da pr\u00f3pria esta\u00e7\u00e3o, inaugurada \u00e0 \u00e9poca pela princesa Isabel.<\/p>\n\n\n\n<blockquote class=\"wp-block-quote is-layout-flow wp-block-quote-is-layout-flow\"><p>Temos mais um ponto hist\u00f3rico e cultural do Brasil recuperado e pronto para ajudar no desenvolvimento tur\u00edstico do Paran\u00e1 e, consequentemente, do pa\u00eds.<\/p><p>Vamos juntos, transformar obras que estavam h\u00e1 tempos para serem feitas em gera\u00e7\u00e3o de emprego e renda para nossa popula\u00e7\u00e3o. Este \u00e9 o nosso trabalho.<\/p><cite>Marcelo \u00c1lvaro Ant\u00f4nio &#8211; <a href=\"http:\/\/www.turismo.gov.br\/\" target=\"_blank\" rel=\"noreferrer noopener\" aria-label=\"Ministro do Turismo (opens in a new tab)\">Ministro do Turismo<\/a><\/cite><\/blockquote>\n","protected":false},"excerpt":{"rendered":"<p>Al\u00e9m de revitaliza\u00e7\u00e3o, edif\u00edcio hist\u00f3rico ganhou maior acessibilidade e conforto Ap\u00f3s a conclus\u00e3o de obras de revitaliza\u00e7\u00e3o e adequa\u00e7\u00e3o, a Esta\u00e7\u00e3o Ferrovi\u00e1ria de Paranagu\u00e1 reabre com maior acessibilidade e comodidade para os visitantes. Datado de 1884, o edif\u00edcio recebeu, ao todo, um investimento de cerca de R$2,2 milh\u00f5es; dos quais R$1,7 milh\u00f5es foram aplicados pelo [&hellip;]<\/p>\n","protected":false},"author":6,"featured_media":35059,"comment_status":"open","ping_status":"open","sticky":false,"template":"","format":"standard","meta":{"footnotes":""},"categories":[969,178,226],"tags":[4214,4041,3406,4215],"class_list":["post-35049","post","type-post","status-publish","format-standard","has-post-thumbnail","hentry","category-acontece-no-turismo","category-brasil","category-destaque","tag-estacao-ferroviaria-de-paranagua","tag-ministerio-do-turismo","tag-parana","tag-paranagua"],"yoast_head":"<!-- This site is optimized with the Yoast SEO plugin v26.2 - https:\/\/yoast.com\/wordpress\/plugins\/seo\/ -->\n<title>Esta\u00e7\u00e3o de Paranagu\u00e1 \u00e9 reinaugurada ap\u00f3s reformas - Travel3<\/title>\n<meta name=\"description\" content=\"Esta\u00e7\u00e3o de Paranagu\u00e1 \u00e9 reinaugurada ap\u00f3s reformas; al\u00e9m de revitaliza\u00e7\u00e3o, edif\u00edcio hist\u00f3rico ganhou maior acessibilidade e conforto\" \/>\n<meta name=\"robots\" content=\"index, follow, max-snippet:-1, max-image-preview:large, max-video-preview:-1\" \/>\n<link rel=\"canonical\" href=\"https:\/\/www.travel3.com.br\/site\/destaque\/estacao-de-paranagua-e-reinaugurada-apos-passar-por-reforma\/\" \/>\n<meta property=\"og:locale\" content=\"pt_BR\" \/>\n<meta property=\"og:type\" content=\"article\" \/>\n<meta property=\"og:title\" content=\"Esta\u00e7\u00e3o de Paranagu\u00e1 \u00e9 reinaugurada ap\u00f3s reformas - Travel3\" \/>\n<meta property=\"og:description\" content=\"Esta\u00e7\u00e3o de Paranagu\u00e1 \u00e9 reinaugurada ap\u00f3s reformas; al\u00e9m de revitaliza\u00e7\u00e3o, edif\u00edcio hist\u00f3rico ganhou maior acessibilidade e conforto\" \/>\n<meta property=\"og:url\" content=\"https:\/\/www.travel3.com.br\/site\/destaque\/estacao-de-paranagua-e-reinaugurada-apos-passar-por-reforma\/\" \/>\n<meta property=\"og:site_name\" content=\"Travel3\" \/>\n<meta property=\"article:publisher\" content=\"https:\/\/www.facebook.com\/travel3media\/\" \/>\n<meta property=\"article:published_time\" content=\"2020-07-27T08:00:53+00:00\" \/>\n<meta property=\"og:image\" content=\"https:\/\/www.travel3.com.br\/site\/wp-content\/uploads\/2020\/07\/13.07.2020_Esta\u00e7\u00e3o_Ferrovi\u00e1ria_PR.jpg\" \/>\n\t<meta property=\"og:image:width\" content=\"760\" \/>\n\t<meta property=\"og:image:height\" content=\"507\" \/>\n\t<meta property=\"og:image:type\" content=\"image\/jpeg\" \/>\n<meta name=\"author\" content=\"Reda\u00e7\u00e3o Travel3\" \/>\n<meta name=\"twitter:card\" content=\"summary_large_image\" \/>\n<meta name=\"twitter:label1\" content=\"Escrito por\" \/>\n\t<meta name=\"twitter:data1\" content=\"Reda\u00e7\u00e3o Travel3\" \/>\n\t<meta name=\"twitter:label2\" content=\"Est. tempo de leitura\" \/>\n\t<meta name=\"twitter:data2\" content=\"1 minuto\" \/>\n<script type=\"application\/ld+json\" class=\"yoast-schema-graph\">{\"@context\":\"https:\/\/schema.org\",\"@graph\":[{\"@type\":\"Article\",\"@id\":\"https:\/\/www.travel3.com.br\/site\/destaque\/estacao-de-paranagua-e-reinaugurada-apos-passar-por-reforma\/#article\",\"isPartOf\":{\"@id\":\"https:\/\/www.travel3.com.br\/site\/destaque\/estacao-de-paranagua-e-reinaugurada-apos-passar-por-reforma\/\"},\"author\":{\"name\":\"Reda\u00e7\u00e3o Travel3\",\"@id\":\"https:\/\/www.travel3.com.br\/site\/#\/schema\/person\/9cff8daac0a2f1aa0799f827b8aa8308\"},\"headline\":\"Esta\u00e7\u00e3o de Paranagu\u00e1 \u00e9 reinaugurada ap\u00f3s reformas\",\"datePublished\":\"2020-07-27T08:00:53+00:00\",\"mainEntityOfPage\":{\"@id\":\"https:\/\/www.travel3.com.br\/site\/destaque\/estacao-de-paranagua-e-reinaugurada-apos-passar-por-reforma\/\"},\"wordCount\":279,\"commentCount\":0,\"publisher\":{\"@id\":\"https:\/\/www.travel3.com.br\/site\/#organization\"},\"image\":{\"@id\":\"https:\/\/www.travel3.com.br\/site\/destaque\/estacao-de-paranagua-e-reinaugurada-apos-passar-por-reforma\/#primaryimage\"},\"thumbnailUrl\":\"https:\/\/www.travel3.com.br\/site\/wp-content\/uploads\/2020\/07\/13.07.2020_Esta\u00e7\u00e3o_Ferrovi\u00e1ria_PR.jpg\",\"keywords\":[\"Esta\u00e7\u00e3o Ferrovi\u00e1ria de Paranagu\u00e1\",\"Minist\u00e9rio do Turismo\",\"Paran\u00e1\",\"Paranagu\u00e1\"],\"articleSection\":[\"Acontece no Turismo\",\"Brasil\",\"Destaque\"],\"inLanguage\":\"pt-BR\",\"potentialAction\":[{\"@type\":\"CommentAction\",\"name\":\"Comment\",\"target\":[\"https:\/\/www.travel3.com.br\/site\/destaque\/estacao-de-paranagua-e-reinaugurada-apos-passar-por-reforma\/#respond\"]}]},{\"@type\":\"WebPage\",\"@id\":\"https:\/\/www.travel3.com.br\/site\/destaque\/estacao-de-paranagua-e-reinaugurada-apos-passar-por-reforma\/\",\"url\":\"https:\/\/www.travel3.com.br\/site\/destaque\/estacao-de-paranagua-e-reinaugurada-apos-passar-por-reforma\/\",\"name\":\"Esta\u00e7\u00e3o de Paranagu\u00e1 \u00e9 reinaugurada ap\u00f3s reformas - Travel3\",\"isPartOf\":{\"@id\":\"https:\/\/www.travel3.com.br\/site\/#website\"},\"primaryImageOfPage\":{\"@id\":\"https:\/\/www.travel3.com.br\/site\/destaque\/estacao-de-paranagua-e-reinaugurada-apos-passar-por-reforma\/#primaryimage\"},\"image\":{\"@id\":\"https:\/\/www.travel3.com.br\/site\/destaque\/estacao-de-paranagua-e-reinaugurada-apos-passar-por-reforma\/#primaryimage\"},\"thumbnailUrl\":\"https:\/\/www.travel3.com.br\/site\/wp-content\/uploads\/2020\/07\/13.07.2020_Esta\u00e7\u00e3o_Ferrovi\u00e1ria_PR.jpg\",\"datePublished\":\"2020-07-27T08:00:53+00:00\",\"description\":\"Esta\u00e7\u00e3o de Paranagu\u00e1 \u00e9 reinaugurada ap\u00f3s reformas; al\u00e9m de revitaliza\u00e7\u00e3o, edif\u00edcio hist\u00f3rico ganhou maior acessibilidade e conforto\",\"breadcrumb\":{\"@id\":\"https:\/\/www.travel3.com.br\/site\/destaque\/estacao-de-paranagua-e-reinaugurada-apos-passar-por-reforma\/#breadcrumb\"},\"inLanguage\":\"pt-BR\",\"potentialAction\":[{\"@type\":\"ReadAction\",\"target\":[\"https:\/\/www.travel3.com.br\/site\/destaque\/estacao-de-paranagua-e-reinaugurada-apos-passar-por-reforma\/\"]}]},{\"@type\":\"ImageObject\",\"inLanguage\":\"pt-BR\",\"@id\":\"https:\/\/www.travel3.com.br\/site\/destaque\/estacao-de-paranagua-e-reinaugurada-apos-passar-por-reforma\/#primaryimage\",\"url\":\"https:\/\/www.travel3.com.br\/site\/wp-content\/uploads\/2020\/07\/13.07.2020_Esta\u00e7\u00e3o_Ferrovi\u00e1ria_PR.jpg\",\"contentUrl\":\"https:\/\/www.travel3.com.br\/site\/wp-content\/uploads\/2020\/07\/13.07.2020_Esta\u00e7\u00e3o_Ferrovi\u00e1ria_PR.jpg\",\"width\":760,\"height\":507,\"caption\":\"Fachada da Esta\u00e7\u00e3o ap\u00f3s a reforma (Foto: Divulga\u00e7\u00e3o)\"},{\"@type\":\"BreadcrumbList\",\"@id\":\"https:\/\/www.travel3.com.br\/site\/destaque\/estacao-de-paranagua-e-reinaugurada-apos-passar-por-reforma\/#breadcrumb\",\"itemListElement\":[{\"@type\":\"ListItem\",\"position\":1,\"name\":\"In\u00edcio\",\"item\":\"https:\/\/www.travel3.com.br\/site\/\"},{\"@type\":\"ListItem\",\"position\":2,\"name\":\"Esta\u00e7\u00e3o de Paranagu\u00e1 \u00e9 reinaugurada ap\u00f3s reformas\"}]},{\"@type\":\"WebSite\",\"@id\":\"https:\/\/www.travel3.com.br\/site\/#website\",\"url\":\"https:\/\/www.travel3.com.br\/site\/\",\"name\":\"Travel3\",\"description\":\"Lazer + Neg&oacute;cios + Aventura\",\"publisher\":{\"@id\":\"https:\/\/www.travel3.com.br\/site\/#organization\"},\"potentialAction\":[{\"@type\":\"SearchAction\",\"target\":{\"@type\":\"EntryPoint\",\"urlTemplate\":\"https:\/\/www.travel3.com.br\/site\/?s={search_term_string}\"},\"query-input\":{\"@type\":\"PropertyValueSpecification\",\"valueRequired\":true,\"valueName\":\"search_term_string\"}}],\"inLanguage\":\"pt-BR\"},{\"@type\":\"Organization\",\"@id\":\"https:\/\/www.travel3.com.br\/site\/#organization\",\"name\":\"Travel3\",\"url\":\"https:\/\/www.travel3.com.br\/site\/\",\"logo\":{\"@type\":\"ImageObject\",\"inLanguage\":\"pt-BR\",\"@id\":\"https:\/\/www.travel3.com.br\/site\/#\/schema\/logo\/image\/\",\"url\":\"https:\/\/www.travel3.com.br\/site\/wp-content\/uploads\/2020\/01\/logo-travel3-2020.png\",\"contentUrl\":\"https:\/\/www.travel3.com.br\/site\/wp-content\/uploads\/2020\/01\/logo-travel3-2020.png\",\"width\":232,\"height\":79,\"caption\":\"Travel3\"},\"image\":{\"@id\":\"https:\/\/www.travel3.com.br\/site\/#\/schema\/logo\/image\/\"},\"sameAs\":[\"https:\/\/www.facebook.com\/travel3media\/\",\"https:\/\/www.instagram.com\/revistatravel3\/\",\"https:\/\/www.youtube.com\/channel\/UCno7J4paGBR3VbZQzvoJ9Eg\"]},{\"@type\":\"Person\",\"@id\":\"https:\/\/www.travel3.com.br\/site\/#\/schema\/person\/9cff8daac0a2f1aa0799f827b8aa8308\",\"name\":\"Reda\u00e7\u00e3o Travel3\",\"image\":{\"@type\":\"ImageObject\",\"inLanguage\":\"pt-BR\",\"@id\":\"https:\/\/www.travel3.com.br\/site\/#\/schema\/person\/image\/\",\"url\":\"https:\/\/secure.gravatar.com\/avatar\/6e6125525e1f04b7b8c607d71556e490?s=96&d=mm&r=g\",\"contentUrl\":\"https:\/\/secure.gravatar.com\/avatar\/6e6125525e1f04b7b8c607d71556e490?s=96&d=mm&r=g\",\"caption\":\"Reda\u00e7\u00e3o Travel3\"},\"sameAs\":[\"http:\/\/www.travel3.com.br\"],\"url\":\"https:\/\/www.travel3.com.br\/site\/author\/redacao2\/\"}]}<\/script>\n<!-- \/ Yoast SEO plugin. -->","yoast_head_json":{"title":"Esta\u00e7\u00e3o de Paranagu\u00e1 \u00e9 reinaugurada ap\u00f3s reformas - Travel3","description":"Esta\u00e7\u00e3o de Paranagu\u00e1 \u00e9 reinaugurada ap\u00f3s reformas; al\u00e9m de revitaliza\u00e7\u00e3o, edif\u00edcio hist\u00f3rico ganhou maior acessibilidade e conforto","robots":{"index":"index","follow":"follow","max-snippet":"max-snippet:-1","max-image-preview":"max-image-preview:large","max-video-preview":"max-video-preview:-1"},"canonical":"https:\/\/www.travel3.com.br\/site\/destaque\/estacao-de-paranagua-e-reinaugurada-apos-passar-por-reforma\/","og_locale":"pt_BR","og_type":"article","og_title":"Esta\u00e7\u00e3o de Paranagu\u00e1 \u00e9 reinaugurada ap\u00f3s reformas - Travel3","og_description":"Esta\u00e7\u00e3o de Paranagu\u00e1 \u00e9 reinaugurada ap\u00f3s reformas; al\u00e9m de revitaliza\u00e7\u00e3o, edif\u00edcio hist\u00f3rico ganhou maior acessibilidade e conforto","og_url":"https:\/\/www.travel3.com.br\/site\/destaque\/estacao-de-paranagua-e-reinaugurada-apos-passar-por-reforma\/","og_site_name":"Travel3","article_publisher":"https:\/\/www.facebook.com\/travel3media\/","article_published_time":"2020-07-27T08:00:53+00:00","og_image":[{"width":760,"height":507,"url":"https:\/\/www.travel3.com.br\/site\/wp-content\/uploads\/2020\/07\/13.07.2020_Esta\u00e7\u00e3o_Ferrovi\u00e1ria_PR.jpg","type":"image\/jpeg"}],"author":"Reda\u00e7\u00e3o Travel3","twitter_card":"summary_large_image","twitter_misc":{"Escrito por":"Reda\u00e7\u00e3o Travel3","Est. tempo de leitura":"1 minuto"},"schema":{"@context":"https:\/\/schema.org","@graph":[{"@type":"Article","@id":"https:\/\/www.travel3.com.br\/site\/destaque\/estacao-de-paranagua-e-reinaugurada-apos-passar-por-reforma\/#article","isPartOf":{"@id":"https:\/\/www.travel3.com.br\/site\/destaque\/estacao-de-paranagua-e-reinaugurada-apos-passar-por-reforma\/"},"author":{"name":"Reda\u00e7\u00e3o Travel3","@id":"https:\/\/www.travel3.com.br\/site\/#\/schema\/person\/9cff8daac0a2f1aa0799f827b8aa8308"},"headline":"Esta\u00e7\u00e3o de Paranagu\u00e1 \u00e9 reinaugurada ap\u00f3s reformas","datePublished":"2020-07-27T08:00:53+00:00","mainEntityOfPage":{"@id":"https:\/\/www.travel3.com.br\/site\/destaque\/estacao-de-paranagua-e-reinaugurada-apos-passar-por-reforma\/"},"wordCount":279,"commentCount":0,"publisher":{"@id":"https:\/\/www.travel3.com.br\/site\/#organization"},"image":{"@id":"https:\/\/www.travel3.com.br\/site\/destaque\/estacao-de-paranagua-e-reinaugurada-apos-passar-por-reforma\/#primaryimage"},"thumbnailUrl":"https:\/\/www.travel3.com.br\/site\/wp-content\/uploads\/2020\/07\/13.07.2020_Esta\u00e7\u00e3o_Ferrovi\u00e1ria_PR.jpg","keywords":["Esta\u00e7\u00e3o Ferrovi\u00e1ria de Paranagu\u00e1","Minist\u00e9rio do Turismo","Paran\u00e1","Paranagu\u00e1"],"articleSection":["Acontece no Turismo","Brasil","Destaque"],"inLanguage":"pt-BR","potentialAction":[{"@type":"CommentAction","name":"Comment","target":["https:\/\/www.travel3.com.br\/site\/destaque\/estacao-de-paranagua-e-reinaugurada-apos-passar-por-reforma\/#respond"]}]},{"@type":"WebPage","@id":"https:\/\/www.travel3.com.br\/site\/destaque\/estacao-de-paranagua-e-reinaugurada-apos-passar-por-reforma\/","url":"https:\/\/www.travel3.com.br\/site\/destaque\/estacao-de-paranagua-e-reinaugurada-apos-passar-por-reforma\/","name":"Esta\u00e7\u00e3o de Paranagu\u00e1 \u00e9 reinaugurada ap\u00f3s reformas - Travel3","isPartOf":{"@id":"https:\/\/www.travel3.com.br\/site\/#website"},"primaryImageOfPage":{"@id":"https:\/\/www.travel3.com.br\/site\/destaque\/estacao-de-paranagua-e-reinaugurada-apos-passar-por-reforma\/#primaryimage"},"image":{"@id":"https:\/\/www.travel3.com.br\/site\/destaque\/estacao-de-paranagua-e-reinaugurada-apos-passar-por-reforma\/#primaryimage"},"thumbnailUrl":"https:\/\/www.travel3.com.br\/site\/wp-content\/uploads\/2020\/07\/13.07.2020_Esta\u00e7\u00e3o_Ferrovi\u00e1ria_PR.jpg","datePublished":"2020-07-27T08:00:53+00:00","description":"Esta\u00e7\u00e3o de Paranagu\u00e1 \u00e9 reinaugurada ap\u00f3s reformas; al\u00e9m de revitaliza\u00e7\u00e3o, edif\u00edcio hist\u00f3rico ganhou maior acessibilidade e conforto","breadcrumb":{"@id":"https:\/\/www.travel3.com.br\/site\/destaque\/estacao-de-paranagua-e-reinaugurada-apos-passar-por-reforma\/#breadcrumb"},"inLanguage":"pt-BR","potentialAction":[{"@type":"ReadAction","target":["https:\/\/www.travel3.com.br\/site\/destaque\/estacao-de-paranagua-e-reinaugurada-apos-passar-por-reforma\/"]}]},{"@type":"ImageObject","inLanguage":"pt-BR","@id":"https:\/\/www.travel3.com.br\/site\/destaque\/estacao-de-paranagua-e-reinaugurada-apos-passar-por-reforma\/#primaryimage","url":"https:\/\/www.travel3.com.br\/site\/wp-content\/uploads\/2020\/07\/13.07.2020_Esta\u00e7\u00e3o_Ferrovi\u00e1ria_PR.jpg","contentUrl":"https:\/\/www.travel3.com.br\/site\/wp-content\/uploads\/2020\/07\/13.07.2020_Esta\u00e7\u00e3o_Ferrovi\u00e1ria_PR.jpg","width":760,"height":507,"caption":"Fachada da Esta\u00e7\u00e3o ap\u00f3s a reforma (Foto: Divulga\u00e7\u00e3o)"},{"@type":"BreadcrumbList","@id":"https:\/\/www.travel3.com.br\/site\/destaque\/estacao-de-paranagua-e-reinaugurada-apos-passar-por-reforma\/#breadcrumb","itemListElement":[{"@type":"ListItem","position":1,"name":"In\u00edcio","item":"https:\/\/www.travel3.com.br\/site\/"},{"@type":"ListItem","position":2,"name":"Esta\u00e7\u00e3o de Paranagu\u00e1 \u00e9 reinaugurada ap\u00f3s reformas"}]},{"@type":"WebSite","@id":"https:\/\/www.travel3.com.br\/site\/#website","url":"https:\/\/www.travel3.com.br\/site\/","name":"Travel3","description":"Lazer + Neg&oacute;cios + Aventura","publisher":{"@id":"https:\/\/www.travel3.com.br\/site\/#organization"},"potentialAction":[{"@type":"SearchAction","target":{"@type":"EntryPoint","urlTemplate":"https:\/\/www.travel3.com.br\/site\/?s={search_term_string}"},"query-input":{"@type":"PropertyValueSpecification","valueRequired":true,"valueName":"search_term_string"}}],"inLanguage":"pt-BR"},{"@type":"Organization","@id":"https:\/\/www.travel3.com.br\/site\/#organization","name":"Travel3","url":"https:\/\/www.travel3.com.br\/site\/","logo":{"@type":"ImageObject","inLanguage":"pt-BR","@id":"https:\/\/www.travel3.com.br\/site\/#\/schema\/logo\/image\/","url":"https:\/\/www.travel3.com.br\/site\/wp-content\/uploads\/2020\/01\/logo-travel3-2020.png","contentUrl":"https:\/\/www.travel3.com.br\/site\/wp-content\/uploads\/2020\/01\/logo-travel3-2020.png","width":232,"height":79,"caption":"Travel3"},"image":{"@id":"https:\/\/www.travel3.com.br\/site\/#\/schema\/logo\/image\/"},"sameAs":["https:\/\/www.facebook.com\/travel3media\/","https:\/\/www.instagram.com\/revistatravel3\/","https:\/\/www.youtube.com\/channel\/UCno7J4paGBR3VbZQzvoJ9Eg"]},{"@type":"Person","@id":"https:\/\/www.travel3.com.br\/site\/#\/schema\/person\/9cff8daac0a2f1aa0799f827b8aa8308","name":"Reda\u00e7\u00e3o Travel3","image":{"@type":"ImageObject","inLanguage":"pt-BR","@id":"https:\/\/www.travel3.com.br\/site\/#\/schema\/person\/image\/","url":"https:\/\/secure.gravatar.com\/avatar\/6e6125525e1f04b7b8c607d71556e490?s=96&d=mm&r=g","contentUrl":"https:\/\/secure.gravatar.com\/avatar\/6e6125525e1f04b7b8c607d71556e490?s=96&d=mm&r=g","caption":"Reda\u00e7\u00e3o Travel3"},"sameAs":["http:\/\/www.travel3.com.br"],"url":"https:\/\/www.travel3.com.br\/site\/author\/redacao2\/"}]}},"_links":{"self":[{"href":"https:\/\/www.travel3.com.br\/site\/wp-json\/wp\/v2\/posts\/35049","targetHints":{"allow":["GET"]}}],"collection":[{"href":"https:\/\/www.travel3.com.br\/site\/wp-json\/wp\/v2\/posts"}],"about":[{"href":"https:\/\/www.travel3.com.br\/site\/wp-json\/wp\/v2\/types\/post"}],"author":[{"embeddable":true,"href":"https:\/\/www.travel3.com.br\/site\/wp-json\/wp\/v2\/users\/6"}],"replies":[{"embeddable":true,"href":"https:\/\/www.travel3.com.br\/site\/wp-json\/wp\/v2\/comments?post=35049"}],"version-history":[{"count":3,"href":"https:\/\/www.travel3.com.br\/site\/wp-json\/wp\/v2\/posts\/35049\/revisions"}],"predecessor-version":[{"id":35062,"href":"https:\/\/www.travel3.com.br\/site\/wp-json\/wp\/v2\/posts\/35049\/revisions\/35062"}],"wp:featuredmedia":[{"embeddable":true,"href":"https:\/\/www.travel3.com.br\/site\/wp-json\/wp\/v2\/media\/35059"}],"wp:attachment":[{"href":"https:\/\/www.travel3.com.br\/site\/wp-json\/wp\/v2\/media?parent=35049"}],"wp:term":[{"taxonomy":"category","embeddable":true,"href":"https:\/\/www.travel3.com.br\/site\/wp-json\/wp\/v2\/categories?post=35049"},{"taxonomy":"post_tag","embeddable":true,"href":"https:\/\/www.travel3.com.br\/site\/wp-json\/wp\/v2\/tags?post=35049"}],"curies":[{"name":"wp","href":"https:\/\/api.w.org\/{rel}","templated":true}]}}