{"id":3478,"date":"2017-07-28T13:35:16","date_gmt":"2017-07-28T13:35:16","guid":{"rendered":"http:\/\/www.travel3.com.br\/site\/ir-e-vir\/ar\/razao-nao-e-trump-mas-aeromexico-pode-reconsiderar-alianca-com-delta\/"},"modified":"2017-07-28T13:35:16","modified_gmt":"2017-07-28T13:35:16","slug":"razao-nao-e-trump-mas-aeromexico-pode-reconsiderar-alianca-com-delta","status":"publish","type":"post","link":"https:\/\/www.travel3.com.br\/site\/sem-categoria\/razao-nao-e-trump-mas-aeromexico-pode-reconsiderar-alianca-com-delta\/","title":{"rendered":"RAZ\u00c3O N\u00c3O \u00c9 TRUMP, MAS AEROM\u00c9XICO PODE RECONSIDERAR  ALIAN\u00c7A COM DELTA"},"content":{"rendered":"<p><span style=\"color: #40acad; font-family: -apple-system, system-ui, 'Segoe UI', Roboto, Oxygen-Sans, Ubuntu, Cantarell, 'Helvetica Neue', sans-serif; font-size: 12px; font-weight: bold;\"><\/p>\n<p style=\"text-align:justify\">A empresa de bandeira mexicana est\u00e1 reconsiderando seriamente a constitui\u00e7\u00e3o da opera\u00e7\u00e3o conjunta com a Delta Airlines e nada tem a ver com a quest\u00e3o da elei\u00e7\u00e3o de Donald Trump e suas diferen\u00e7as em rela\u00e7\u00e3o \u00e0 pol\u00edtica dos Estados Unidos com o M\u00e9xico.\u00a0 A situa\u00e7\u00e3o pe outra, tem a ver com a condi\u00e7\u00e3o com o Departamento de Transportes americano exigir que a Aeromexico se desfa\u00e7a das 30 posi\u00e7\u00f5es de slots que tem tanto na Cidade do M\u00e9xico, sua hub principal, como no John Kennedy, aeroporto de Nova York.<\/p>\n<p style=\"text-align:justify\"><a class=\"fancybox-media\" href=\"..\/_uploads\/_noticia\/2016-11\/aeromexico.jpg\" rel=\"portfolio\"><img decoding=\"async\" alt=\"\" src=\"..\/_uploads\/_noticia\/2016-11\/aeromexico.jpg\" \/><\/a><\/p>\n<p style=\"text-align:justify\"><strong>A decis\u00e3o tem que ser tomada nestes pr\u00f3ximos dias para apresentar as solu\u00e7\u00f5es junto ao setor a\u00e9reo americano.<\/strong><\/p>\n<p style=\"text-align:justify\">Caso aceite, a Aeromexico ter\u00e1 que se desfazer de duas das bases mais rent\u00e1veis, al\u00e9m de ceder espa\u00e7o para o ingresso de outros competidores. \u00a0Uma solu\u00e7\u00e3o pode ser a cess\u00e3o de outras rotas cmo aquelas entre a capital mexicana e localidades como Miami, Houston e Los Angeles.<\/p>\n<p style=\"text-align:justify\">A negocia\u00e7\u00e3o entre a Delta e a companhia mexicana estabelece a aquisi\u00e7\u00e3o de 49% das a\u00e7\u00f5es da linha a\u00e9rea dirigida por Andres Conesa. O executivo tamb\u00e9m contesta outras decis\u00f5es do departamento americano sobre a concentra\u00e7\u00e3o do tr\u00e1fego de passageiros em Nova York, pois pretende tamb\u00e9m que o aeroporto de Newark seja inclu\u00eddo j\u00e1 que n\u00e3o est\u00e1 sendo considerado como mercado de relev\u00e2ncia.<\/p>\n<p style=\"text-align:justify\">Quanto \u00e0 inten\u00e7\u00e3o de Donald Trump em renegociar o tratado de livre com\u00e9rcio, com implica\u00e7\u00f5es diretas no relacionamento do transporte a\u00e9reo entre os dois pa\u00edses vizinhos, Conesa diz esperar que \u2018prevale\u00e7a a raz\u00e3o e possa sobressair-se a integra\u00e7\u00e3o comercial\u2019.<\/p>\n<p>\u00a0<\/p>\n<p><\/span><\/p>\n","protected":false},"excerpt":{"rendered":"<p>Departamento de Transportes dos EUA estabelece condi\u00e7\u00f5es que a empresa mexicana contesta quanto ao tr\u00e1fego nas duas principais rotas<\/p>\n","protected":false},"author":1,"featured_media":0,"comment_status":"open","ping_status":"open","sticky":false,"template":"","format":"standard","meta":{"footnotes":""},"categories":[],"tags":[],"class_list":["post-3478","post","type-post","status-publish","format-standard","hentry"],"yoast_head":"<!-- This site is optimized with the Yoast SEO plugin v26.2 - https:\/\/yoast.com\/wordpress\/plugins\/seo\/ -->\n<title>RAZ\u00c3O N\u00c3O \u00c9 TRUMP, MAS AEROM\u00c9XICO PODE RECONSIDERAR ALIAN\u00c7A COM DELTA - Travel3<\/title>\n<meta name=\"description\" content=\"A TRAVEL3 \u00e9 um portal de conte\u00fado voltado para o turismo, encontre destinos, viagens, hospedagem, passagens, guias, not\u00edcias sobre o mercado do turismo, dicas de viagem, v\u00eddeos e podcast.\" \/>\n<meta name=\"robots\" content=\"index, follow, max-snippet:-1, max-image-preview:large, max-video-preview:-1\" \/>\n<link rel=\"canonical\" href=\"https:\/\/www.travel3.com.br\/site\/sem-categoria\/razao-nao-e-trump-mas-aeromexico-pode-reconsiderar-alianca-com-delta\/\" \/>\n<meta property=\"og:locale\" content=\"pt_BR\" \/>\n<meta property=\"og:type\" content=\"article\" \/>\n<meta property=\"og:title\" content=\"RAZ\u00c3O N\u00c3O \u00c9 TRUMP, MAS AEROM\u00c9XICO PODE RECONSIDERAR ALIAN\u00c7A COM DELTA - Travel3\" \/>\n<meta property=\"og:description\" content=\"A TRAVEL3 \u00e9 um portal de conte\u00fado voltado para o turismo, encontre destinos, viagens, hospedagem, passagens, guias, not\u00edcias sobre o mercado do turismo, dicas de viagem, v\u00eddeos e podcast.\" \/>\n<meta property=\"og:url\" content=\"https:\/\/www.travel3.com.br\/site\/sem-categoria\/razao-nao-e-trump-mas-aeromexico-pode-reconsiderar-alianca-com-delta\/\" \/>\n<meta property=\"og:site_name\" content=\"Travel3\" \/>\n<meta property=\"article:publisher\" content=\"https:\/\/www.facebook.com\/travel3media\/\" \/>\n<meta property=\"article:published_time\" content=\"2017-07-28T13:35:16+00:00\" \/>\n<meta name=\"author\" content=\"admin\" \/>\n<meta name=\"twitter:card\" content=\"summary_large_image\" \/>\n<meta name=\"twitter:label1\" content=\"Escrito por\" \/>\n\t<meta name=\"twitter:data1\" content=\"admin\" \/>\n\t<meta name=\"twitter:label2\" content=\"Est. tempo de leitura\" \/>\n\t<meta name=\"twitter:data2\" content=\"1 minuto\" \/>\n<script type=\"application\/ld+json\" class=\"yoast-schema-graph\">{\"@context\":\"https:\/\/schema.org\",\"@graph\":[{\"@type\":\"Article\",\"@id\":\"https:\/\/www.travel3.com.br\/site\/sem-categoria\/razao-nao-e-trump-mas-aeromexico-pode-reconsiderar-alianca-com-delta\/#article\",\"isPartOf\":{\"@id\":\"https:\/\/www.travel3.com.br\/site\/sem-categoria\/razao-nao-e-trump-mas-aeromexico-pode-reconsiderar-alianca-com-delta\/\"},\"author\":{\"name\":\"admin\",\"@id\":\"https:\/\/www.travel3.com.br\/site\/#\/schema\/person\/a69d71e41a024999b6ab82369ac0bd1e\"},\"headline\":\"RAZ\u00c3O N\u00c3O \u00c9 TRUMP, MAS AEROM\u00c9XICO PODE RECONSIDERAR ALIAN\u00c7A COM DELTA\",\"datePublished\":\"2017-07-28T13:35:16+00:00\",\"mainEntityOfPage\":{\"@id\":\"https:\/\/www.travel3.com.br\/site\/sem-categoria\/razao-nao-e-trump-mas-aeromexico-pode-reconsiderar-alianca-com-delta\/\"},\"wordCount\":306,\"commentCount\":0,\"publisher\":{\"@id\":\"https:\/\/www.travel3.com.br\/site\/#organization\"},\"inLanguage\":\"pt-BR\",\"potentialAction\":[{\"@type\":\"CommentAction\",\"name\":\"Comment\",\"target\":[\"https:\/\/www.travel3.com.br\/site\/sem-categoria\/razao-nao-e-trump-mas-aeromexico-pode-reconsiderar-alianca-com-delta\/#respond\"]}]},{\"@type\":\"WebPage\",\"@id\":\"https:\/\/www.travel3.com.br\/site\/sem-categoria\/razao-nao-e-trump-mas-aeromexico-pode-reconsiderar-alianca-com-delta\/\",\"url\":\"https:\/\/www.travel3.com.br\/site\/sem-categoria\/razao-nao-e-trump-mas-aeromexico-pode-reconsiderar-alianca-com-delta\/\",\"name\":\"RAZ\u00c3O N\u00c3O \u00c9 TRUMP, MAS AEROM\u00c9XICO PODE RECONSIDERAR ALIAN\u00c7A COM DELTA - Travel3\",\"isPartOf\":{\"@id\":\"https:\/\/www.travel3.com.br\/site\/#website\"},\"datePublished\":\"2017-07-28T13:35:16+00:00\",\"description\":\"A TRAVEL3 \u00e9 um portal de conte\u00fado voltado para o turismo, encontre destinos, viagens, hospedagem, passagens, guias, not\u00edcias sobre o mercado do turismo, dicas de viagem, v\u00eddeos e podcast.\",\"breadcrumb\":{\"@id\":\"https:\/\/www.travel3.com.br\/site\/sem-categoria\/razao-nao-e-trump-mas-aeromexico-pode-reconsiderar-alianca-com-delta\/#breadcrumb\"},\"inLanguage\":\"pt-BR\",\"potentialAction\":[{\"@type\":\"ReadAction\",\"target\":[\"https:\/\/www.travel3.com.br\/site\/sem-categoria\/razao-nao-e-trump-mas-aeromexico-pode-reconsiderar-alianca-com-delta\/\"]}]},{\"@type\":\"BreadcrumbList\",\"@id\":\"https:\/\/www.travel3.com.br\/site\/sem-categoria\/razao-nao-e-trump-mas-aeromexico-pode-reconsiderar-alianca-com-delta\/#breadcrumb\",\"itemListElement\":[{\"@type\":\"ListItem\",\"position\":1,\"name\":\"In\u00edcio\",\"item\":\"https:\/\/www.travel3.com.br\/site\/\"},{\"@type\":\"ListItem\",\"position\":2,\"name\":\"RAZ\u00c3O N\u00c3O \u00c9 TRUMP, MAS AEROM\u00c9XICO PODE RECONSIDERAR ALIAN\u00c7A COM DELTA\"}]},{\"@type\":\"WebSite\",\"@id\":\"https:\/\/www.travel3.com.br\/site\/#website\",\"url\":\"https:\/\/www.travel3.com.br\/site\/\",\"name\":\"Travel3\",\"description\":\"Lazer + Neg&oacute;cios + Aventura\",\"publisher\":{\"@id\":\"https:\/\/www.travel3.com.br\/site\/#organization\"},\"potentialAction\":[{\"@type\":\"SearchAction\",\"target\":{\"@type\":\"EntryPoint\",\"urlTemplate\":\"https:\/\/www.travel3.com.br\/site\/?s={search_term_string}\"},\"query-input\":{\"@type\":\"PropertyValueSpecification\",\"valueRequired\":true,\"valueName\":\"search_term_string\"}}],\"inLanguage\":\"pt-BR\"},{\"@type\":\"Organization\",\"@id\":\"https:\/\/www.travel3.com.br\/site\/#organization\",\"name\":\"Travel3\",\"url\":\"https:\/\/www.travel3.com.br\/site\/\",\"logo\":{\"@type\":\"ImageObject\",\"inLanguage\":\"pt-BR\",\"@id\":\"https:\/\/www.travel3.com.br\/site\/#\/schema\/logo\/image\/\",\"url\":\"https:\/\/www.travel3.com.br\/site\/wp-content\/uploads\/2020\/01\/logo-travel3-2020.png\",\"contentUrl\":\"https:\/\/www.travel3.com.br\/site\/wp-content\/uploads\/2020\/01\/logo-travel3-2020.png\",\"width\":232,\"height\":79,\"caption\":\"Travel3\"},\"image\":{\"@id\":\"https:\/\/www.travel3.com.br\/site\/#\/schema\/logo\/image\/\"},\"sameAs\":[\"https:\/\/www.facebook.com\/travel3media\/\",\"https:\/\/www.instagram.com\/revistatravel3\/\",\"https:\/\/www.youtube.com\/channel\/UCno7J4paGBR3VbZQzvoJ9Eg\"]},{\"@type\":\"Person\",\"@id\":\"https:\/\/www.travel3.com.br\/site\/#\/schema\/person\/a69d71e41a024999b6ab82369ac0bd1e\",\"name\":\"admin\",\"image\":{\"@type\":\"ImageObject\",\"inLanguage\":\"pt-BR\",\"@id\":\"https:\/\/www.travel3.com.br\/site\/#\/schema\/person\/image\/\",\"url\":\"https:\/\/secure.gravatar.com\/avatar\/732a67adfd764da2a47ba10ce731c4c0?s=96&d=mm&r=g\",\"contentUrl\":\"https:\/\/secure.gravatar.com\/avatar\/732a67adfd764da2a47ba10ce731c4c0?s=96&d=mm&r=g\",\"caption\":\"admin\"},\"url\":\"https:\/\/www.travel3.com.br\/site\/author\/admin\/\"}]}<\/script>\n<!-- \/ Yoast SEO plugin. -->","yoast_head_json":{"title":"RAZ\u00c3O N\u00c3O \u00c9 TRUMP, MAS AEROM\u00c9XICO PODE RECONSIDERAR ALIAN\u00c7A COM DELTA - Travel3","description":"A TRAVEL3 \u00e9 um portal de conte\u00fado voltado para o turismo, encontre destinos, viagens, hospedagem, passagens, guias, not\u00edcias sobre o mercado do turismo, dicas de viagem, v\u00eddeos e podcast.","robots":{"index":"index","follow":"follow","max-snippet":"max-snippet:-1","max-image-preview":"max-image-preview:large","max-video-preview":"max-video-preview:-1"},"canonical":"https:\/\/www.travel3.com.br\/site\/sem-categoria\/razao-nao-e-trump-mas-aeromexico-pode-reconsiderar-alianca-com-delta\/","og_locale":"pt_BR","og_type":"article","og_title":"RAZ\u00c3O N\u00c3O \u00c9 TRUMP, MAS AEROM\u00c9XICO PODE RECONSIDERAR ALIAN\u00c7A COM DELTA - Travel3","og_description":"A TRAVEL3 \u00e9 um portal de conte\u00fado voltado para o turismo, encontre destinos, viagens, hospedagem, passagens, guias, not\u00edcias sobre o mercado do turismo, dicas de viagem, v\u00eddeos e podcast.","og_url":"https:\/\/www.travel3.com.br\/site\/sem-categoria\/razao-nao-e-trump-mas-aeromexico-pode-reconsiderar-alianca-com-delta\/","og_site_name":"Travel3","article_publisher":"https:\/\/www.facebook.com\/travel3media\/","article_published_time":"2017-07-28T13:35:16+00:00","author":"admin","twitter_card":"summary_large_image","twitter_misc":{"Escrito por":"admin","Est. tempo de leitura":"1 minuto"},"schema":{"@context":"https:\/\/schema.org","@graph":[{"@type":"Article","@id":"https:\/\/www.travel3.com.br\/site\/sem-categoria\/razao-nao-e-trump-mas-aeromexico-pode-reconsiderar-alianca-com-delta\/#article","isPartOf":{"@id":"https:\/\/www.travel3.com.br\/site\/sem-categoria\/razao-nao-e-trump-mas-aeromexico-pode-reconsiderar-alianca-com-delta\/"},"author":{"name":"admin","@id":"https:\/\/www.travel3.com.br\/site\/#\/schema\/person\/a69d71e41a024999b6ab82369ac0bd1e"},"headline":"RAZ\u00c3O N\u00c3O \u00c9 TRUMP, MAS AEROM\u00c9XICO PODE RECONSIDERAR ALIAN\u00c7A COM DELTA","datePublished":"2017-07-28T13:35:16+00:00","mainEntityOfPage":{"@id":"https:\/\/www.travel3.com.br\/site\/sem-categoria\/razao-nao-e-trump-mas-aeromexico-pode-reconsiderar-alianca-com-delta\/"},"wordCount":306,"commentCount":0,"publisher":{"@id":"https:\/\/www.travel3.com.br\/site\/#organization"},"inLanguage":"pt-BR","potentialAction":[{"@type":"CommentAction","name":"Comment","target":["https:\/\/www.travel3.com.br\/site\/sem-categoria\/razao-nao-e-trump-mas-aeromexico-pode-reconsiderar-alianca-com-delta\/#respond"]}]},{"@type":"WebPage","@id":"https:\/\/www.travel3.com.br\/site\/sem-categoria\/razao-nao-e-trump-mas-aeromexico-pode-reconsiderar-alianca-com-delta\/","url":"https:\/\/www.travel3.com.br\/site\/sem-categoria\/razao-nao-e-trump-mas-aeromexico-pode-reconsiderar-alianca-com-delta\/","name":"RAZ\u00c3O N\u00c3O \u00c9 TRUMP, MAS AEROM\u00c9XICO PODE RECONSIDERAR ALIAN\u00c7A COM DELTA - Travel3","isPartOf":{"@id":"https:\/\/www.travel3.com.br\/site\/#website"},"datePublished":"2017-07-28T13:35:16+00:00","description":"A TRAVEL3 \u00e9 um portal de conte\u00fado voltado para o turismo, encontre destinos, viagens, hospedagem, passagens, guias, not\u00edcias sobre o mercado do turismo, dicas de viagem, v\u00eddeos e podcast.","breadcrumb":{"@id":"https:\/\/www.travel3.com.br\/site\/sem-categoria\/razao-nao-e-trump-mas-aeromexico-pode-reconsiderar-alianca-com-delta\/#breadcrumb"},"inLanguage":"pt-BR","potentialAction":[{"@type":"ReadAction","target":["https:\/\/www.travel3.com.br\/site\/sem-categoria\/razao-nao-e-trump-mas-aeromexico-pode-reconsiderar-alianca-com-delta\/"]}]},{"@type":"BreadcrumbList","@id":"https:\/\/www.travel3.com.br\/site\/sem-categoria\/razao-nao-e-trump-mas-aeromexico-pode-reconsiderar-alianca-com-delta\/#breadcrumb","itemListElement":[{"@type":"ListItem","position":1,"name":"In\u00edcio","item":"https:\/\/www.travel3.com.br\/site\/"},{"@type":"ListItem","position":2,"name":"RAZ\u00c3O N\u00c3O \u00c9 TRUMP, MAS AEROM\u00c9XICO PODE RECONSIDERAR ALIAN\u00c7A COM DELTA"}]},{"@type":"WebSite","@id":"https:\/\/www.travel3.com.br\/site\/#website","url":"https:\/\/www.travel3.com.br\/site\/","name":"Travel3","description":"Lazer + Neg&oacute;cios + Aventura","publisher":{"@id":"https:\/\/www.travel3.com.br\/site\/#organization"},"potentialAction":[{"@type":"SearchAction","target":{"@type":"EntryPoint","urlTemplate":"https:\/\/www.travel3.com.br\/site\/?s={search_term_string}"},"query-input":{"@type":"PropertyValueSpecification","valueRequired":true,"valueName":"search_term_string"}}],"inLanguage":"pt-BR"},{"@type":"Organization","@id":"https:\/\/www.travel3.com.br\/site\/#organization","name":"Travel3","url":"https:\/\/www.travel3.com.br\/site\/","logo":{"@type":"ImageObject","inLanguage":"pt-BR","@id":"https:\/\/www.travel3.com.br\/site\/#\/schema\/logo\/image\/","url":"https:\/\/www.travel3.com.br\/site\/wp-content\/uploads\/2020\/01\/logo-travel3-2020.png","contentUrl":"https:\/\/www.travel3.com.br\/site\/wp-content\/uploads\/2020\/01\/logo-travel3-2020.png","width":232,"height":79,"caption":"Travel3"},"image":{"@id":"https:\/\/www.travel3.com.br\/site\/#\/schema\/logo\/image\/"},"sameAs":["https:\/\/www.facebook.com\/travel3media\/","https:\/\/www.instagram.com\/revistatravel3\/","https:\/\/www.youtube.com\/channel\/UCno7J4paGBR3VbZQzvoJ9Eg"]},{"@type":"Person","@id":"https:\/\/www.travel3.com.br\/site\/#\/schema\/person\/a69d71e41a024999b6ab82369ac0bd1e","name":"admin","image":{"@type":"ImageObject","inLanguage":"pt-BR","@id":"https:\/\/www.travel3.com.br\/site\/#\/schema\/person\/image\/","url":"https:\/\/secure.gravatar.com\/avatar\/732a67adfd764da2a47ba10ce731c4c0?s=96&d=mm&r=g","contentUrl":"https:\/\/secure.gravatar.com\/avatar\/732a67adfd764da2a47ba10ce731c4c0?s=96&d=mm&r=g","caption":"admin"},"url":"https:\/\/www.travel3.com.br\/site\/author\/admin\/"}]}},"_links":{"self":[{"href":"https:\/\/www.travel3.com.br\/site\/wp-json\/wp\/v2\/posts\/3478","targetHints":{"allow":["GET"]}}],"collection":[{"href":"https:\/\/www.travel3.com.br\/site\/wp-json\/wp\/v2\/posts"}],"about":[{"href":"https:\/\/www.travel3.com.br\/site\/wp-json\/wp\/v2\/types\/post"}],"author":[{"embeddable":true,"href":"https:\/\/www.travel3.com.br\/site\/wp-json\/wp\/v2\/users\/1"}],"replies":[{"embeddable":true,"href":"https:\/\/www.travel3.com.br\/site\/wp-json\/wp\/v2\/comments?post=3478"}],"version-history":[{"count":0,"href":"https:\/\/www.travel3.com.br\/site\/wp-json\/wp\/v2\/posts\/3478\/revisions"}],"wp:attachment":[{"href":"https:\/\/www.travel3.com.br\/site\/wp-json\/wp\/v2\/media?parent=3478"}],"wp:term":[{"taxonomy":"category","embeddable":true,"href":"https:\/\/www.travel3.com.br\/site\/wp-json\/wp\/v2\/categories?post=3478"},{"taxonomy":"post_tag","embeddable":true,"href":"https:\/\/www.travel3.com.br\/site\/wp-json\/wp\/v2\/tags?post=3478"}],"curies":[{"name":"wp","href":"https:\/\/api.w.org\/{rel}","templated":true}]}}