{"id":3475,"date":"2017-08-08T03:39:40","date_gmt":"2017-08-08T03:39:40","guid":{"rendered":"http:\/\/www.travel3.com.br\/site\/ir-e-vir\/ar\/turismo-receptivo-esta-em-foco-no-grupo-da-abav\/"},"modified":"2017-08-08T03:39:40","modified_gmt":"2017-08-08T03:39:40","slug":"turismo-receptivo-esta-em-foco-no-grupo-da-abav","status":"publish","type":"post","link":"https:\/\/www.travel3.com.br\/site\/sem-categoria\/turismo-receptivo-esta-em-foco-no-grupo-da-abav\/","title":{"rendered":"TURISMO RECEPTIVO EST\u00c1 EM FOCO NO GRUPO DA ABAV"},"content":{"rendered":"<p><span style=\"color: #40acad; font-family: -apple-system, system-ui, 'Segoe UI', Roboto, Oxygen-Sans, Ubuntu, Cantarell, 'Helvetica Neue', sans-serif; font-size: 12px; font-weight: bold;\"><\/p>\n<p style=\"text-align: justify;\">Com a cria\u00e7\u00e3o de um Grupo de Turismo Especializado, a ABAV Nacional iniciou um trabalho que pretende identificar as ag\u00eancias de viagens associadas que atuam com\u00a0alguma diferencia\u00e7\u00e3o de nicho ou segmenta\u00e7\u00e3o, e dessa forma possibilitar apoio em seus neg\u00f3cios.<\/p>\n<p style=\"text-align: justify;\">O primeiro diagn\u00f3stico identificou associadas com atua\u00e7\u00e3o no segmento receptivo \u2013 cerca de 260 \u2013 e parte delas foram reunidas em um encontro de relacionamento promovido durante a 44\u00aa ABAV \u2013 Expo Internacional de Turismo &#038; 46\u00ba Encontro Comercial Braztoa. Foi uma primeira iniciativa visando aproximar essas ag\u00eancias de outros players do mercado envolvidos no segmento.<\/p>\n<p style=\"text-align: justify;\">&#8220;Temos muitos m\u00e9dios e pequenos empres\u00e1rios dentro dessa base e queremos ajud\u00e1-los desenvolvendo a\u00e7\u00f5es focadas em tr\u00eas eixos: comercializa\u00e7\u00e3o,\u00a0 divulga\u00e7\u00e3o e capacita\u00e7\u00e3o, este \u00faltimo com o envolvimento direto do nosso Instituto de Capacita\u00e7\u00e3o e Certifica\u00e7\u00e3o (ICCABAV)&#8221;, explica o presidente da ABAV Nacional, Edmar Bull.<\/p>\n<p style=\"text-align: justify;\">O grupo est\u00e1 sob a responsabilidade de Ney Gon\u00e7alves, vice-presidente da \u00e1rea que acrescenta\u00a0 um projeto atrelado para cada a\u00e7\u00e3o que que fomente o envolvimento de parceiros comerciais,\u00a0 estrat\u00e9gicos e institucionais.\u00a0 &#8220;Visitei todos os estandes da \u00c1rea Brasil da ABAV Expo e notei que tivemos nesta edi\u00e7\u00e3o\u00a0 um grande n\u00famero de receptivos, isto mostrou que temos uma frente ampla de trabalho\u00a0 para desenvolver, especialmente de pequenos empres\u00e1rios que atuam fora das grandes capitais&#8221;.<\/p>\n<p style=\"text-align: justify;\">&#8220;Uma das frentes em que pretendemos atuar, ancorados no\u00a0trabalho\u00a0do Grupo, \u00e9 no apoio \u00e0 formata\u00e7\u00e3o e comercializa\u00e7\u00e3o de roteiros integrados com os pa\u00edses do Mercosul&#8221;, completa Bull, que recentemente participou de mesa redonda sobre o tema com representantes do turismo argentino.<\/p>\n<p style=\"text-align: justify;\">O assunto volta \u00e0 pauta da entidade esta semana, com\u00a0 a participa\u00e7\u00e3o de Ney Gon\u00e7alves em painel do 3\u00ba Semin\u00e1rio de Turismo de Fronteira Brasil \u2013 Paraguai, que se realizar\u00e1 no pr\u00f3ximo\u00a0 s\u00e1bado (18) em Ponta Por\u00e3, no Mato Grosso do Sul.\u00a0 \u00a0<\/p>\n<p style=\"text-align: justify;\">Al\u00e9m de Ney Gon\u00e7alves, integram o Grupo de Trabalho de Turismo Especializado da ABAV representantes de sete ABAVs estaduais: Jean Paul (Bahia), Felipe Gonzalez (Paran\u00e1)\u00a0 Antonio da Matta e L\u00facio Ribeiro (Minas Gerais),\u00a0 Cristina Fritsch (Rio de Janeiro), Cl\u00f3vis Rosa (Rio Grande do Sul), S\u00e9rgio Lima Oliveira (Sergipe) e Ana Carolina Medeiros (Maranh\u00e3o).<\/p>\n<p style=\"text-align: justify;\">\u00a0<\/p>\n<p><\/span><\/p>\n","protected":false},"excerpt":{"rendered":"<p>Primeiro diagn\u00f3stico identificou mais de 260 ag\u00eancias associadas com atua\u00e7\u00e3o no segmento<\/p>\n","protected":false},"author":1,"featured_media":0,"comment_status":"open","ping_status":"open","sticky":false,"template":"","format":"standard","meta":{"footnotes":""},"categories":[],"tags":[],"class_list":["post-3475","post","type-post","status-publish","format-standard","hentry"],"yoast_head":"<!-- This site is optimized with the Yoast SEO plugin v26.2 - https:\/\/yoast.com\/wordpress\/plugins\/seo\/ -->\n<title>TURISMO RECEPTIVO EST\u00c1 EM FOCO NO GRUPO DA ABAV - Travel3<\/title>\n<meta name=\"description\" content=\"A TRAVEL3 \u00e9 um portal de conte\u00fado voltado para o turismo, encontre destinos, viagens, hospedagem, passagens, guias, not\u00edcias sobre o mercado do turismo, dicas de viagem, v\u00eddeos e podcast.\" \/>\n<meta name=\"robots\" content=\"index, follow, max-snippet:-1, max-image-preview:large, max-video-preview:-1\" \/>\n<link rel=\"canonical\" href=\"https:\/\/www.travel3.com.br\/site\/sem-categoria\/turismo-receptivo-esta-em-foco-no-grupo-da-abav\/\" \/>\n<meta property=\"og:locale\" content=\"pt_BR\" \/>\n<meta property=\"og:type\" content=\"article\" \/>\n<meta property=\"og:title\" content=\"TURISMO RECEPTIVO EST\u00c1 EM FOCO NO GRUPO DA ABAV - Travel3\" \/>\n<meta property=\"og:description\" content=\"A TRAVEL3 \u00e9 um portal de conte\u00fado voltado para o turismo, encontre destinos, viagens, hospedagem, passagens, guias, not\u00edcias sobre o mercado do turismo, dicas de viagem, v\u00eddeos e podcast.\" \/>\n<meta property=\"og:url\" content=\"https:\/\/www.travel3.com.br\/site\/sem-categoria\/turismo-receptivo-esta-em-foco-no-grupo-da-abav\/\" \/>\n<meta property=\"og:site_name\" content=\"Travel3\" \/>\n<meta property=\"article:publisher\" content=\"https:\/\/www.facebook.com\/travel3media\/\" \/>\n<meta property=\"article:published_time\" content=\"2017-08-08T03:39:40+00:00\" \/>\n<meta name=\"author\" content=\"admin\" \/>\n<meta name=\"twitter:card\" content=\"summary_large_image\" \/>\n<meta name=\"twitter:label1\" content=\"Escrito por\" \/>\n\t<meta name=\"twitter:data1\" content=\"admin\" \/>\n\t<meta name=\"twitter:label2\" content=\"Est. tempo de leitura\" \/>\n\t<meta name=\"twitter:data2\" content=\"2 minutos\" \/>\n<script type=\"application\/ld+json\" class=\"yoast-schema-graph\">{\"@context\":\"https:\/\/schema.org\",\"@graph\":[{\"@type\":\"Article\",\"@id\":\"https:\/\/www.travel3.com.br\/site\/sem-categoria\/turismo-receptivo-esta-em-foco-no-grupo-da-abav\/#article\",\"isPartOf\":{\"@id\":\"https:\/\/www.travel3.com.br\/site\/sem-categoria\/turismo-receptivo-esta-em-foco-no-grupo-da-abav\/\"},\"author\":{\"name\":\"admin\",\"@id\":\"https:\/\/www.travel3.com.br\/site\/#\/schema\/person\/a69d71e41a024999b6ab82369ac0bd1e\"},\"headline\":\"TURISMO RECEPTIVO EST\u00c1 EM FOCO NO GRUPO DA ABAV\",\"datePublished\":\"2017-08-08T03:39:40+00:00\",\"mainEntityOfPage\":{\"@id\":\"https:\/\/www.travel3.com.br\/site\/sem-categoria\/turismo-receptivo-esta-em-foco-no-grupo-da-abav\/\"},\"wordCount\":385,\"commentCount\":0,\"publisher\":{\"@id\":\"https:\/\/www.travel3.com.br\/site\/#organization\"},\"inLanguage\":\"pt-BR\",\"potentialAction\":[{\"@type\":\"CommentAction\",\"name\":\"Comment\",\"target\":[\"https:\/\/www.travel3.com.br\/site\/sem-categoria\/turismo-receptivo-esta-em-foco-no-grupo-da-abav\/#respond\"]}]},{\"@type\":\"WebPage\",\"@id\":\"https:\/\/www.travel3.com.br\/site\/sem-categoria\/turismo-receptivo-esta-em-foco-no-grupo-da-abav\/\",\"url\":\"https:\/\/www.travel3.com.br\/site\/sem-categoria\/turismo-receptivo-esta-em-foco-no-grupo-da-abav\/\",\"name\":\"TURISMO RECEPTIVO EST\u00c1 EM FOCO NO GRUPO DA ABAV - Travel3\",\"isPartOf\":{\"@id\":\"https:\/\/www.travel3.com.br\/site\/#website\"},\"datePublished\":\"2017-08-08T03:39:40+00:00\",\"description\":\"A TRAVEL3 \u00e9 um portal de conte\u00fado voltado para o turismo, encontre destinos, viagens, hospedagem, passagens, guias, not\u00edcias sobre o mercado do turismo, dicas de viagem, v\u00eddeos e podcast.\",\"breadcrumb\":{\"@id\":\"https:\/\/www.travel3.com.br\/site\/sem-categoria\/turismo-receptivo-esta-em-foco-no-grupo-da-abav\/#breadcrumb\"},\"inLanguage\":\"pt-BR\",\"potentialAction\":[{\"@type\":\"ReadAction\",\"target\":[\"https:\/\/www.travel3.com.br\/site\/sem-categoria\/turismo-receptivo-esta-em-foco-no-grupo-da-abav\/\"]}]},{\"@type\":\"BreadcrumbList\",\"@id\":\"https:\/\/www.travel3.com.br\/site\/sem-categoria\/turismo-receptivo-esta-em-foco-no-grupo-da-abav\/#breadcrumb\",\"itemListElement\":[{\"@type\":\"ListItem\",\"position\":1,\"name\":\"In\u00edcio\",\"item\":\"https:\/\/www.travel3.com.br\/site\/\"},{\"@type\":\"ListItem\",\"position\":2,\"name\":\"TURISMO RECEPTIVO EST\u00c1 EM FOCO NO GRUPO DA ABAV\"}]},{\"@type\":\"WebSite\",\"@id\":\"https:\/\/www.travel3.com.br\/site\/#website\",\"url\":\"https:\/\/www.travel3.com.br\/site\/\",\"name\":\"Travel3\",\"description\":\"Lazer + Neg&oacute;cios + Aventura\",\"publisher\":{\"@id\":\"https:\/\/www.travel3.com.br\/site\/#organization\"},\"potentialAction\":[{\"@type\":\"SearchAction\",\"target\":{\"@type\":\"EntryPoint\",\"urlTemplate\":\"https:\/\/www.travel3.com.br\/site\/?s={search_term_string}\"},\"query-input\":{\"@type\":\"PropertyValueSpecification\",\"valueRequired\":true,\"valueName\":\"search_term_string\"}}],\"inLanguage\":\"pt-BR\"},{\"@type\":\"Organization\",\"@id\":\"https:\/\/www.travel3.com.br\/site\/#organization\",\"name\":\"Travel3\",\"url\":\"https:\/\/www.travel3.com.br\/site\/\",\"logo\":{\"@type\":\"ImageObject\",\"inLanguage\":\"pt-BR\",\"@id\":\"https:\/\/www.travel3.com.br\/site\/#\/schema\/logo\/image\/\",\"url\":\"https:\/\/www.travel3.com.br\/site\/wp-content\/uploads\/2020\/01\/logo-travel3-2020.png\",\"contentUrl\":\"https:\/\/www.travel3.com.br\/site\/wp-content\/uploads\/2020\/01\/logo-travel3-2020.png\",\"width\":232,\"height\":79,\"caption\":\"Travel3\"},\"image\":{\"@id\":\"https:\/\/www.travel3.com.br\/site\/#\/schema\/logo\/image\/\"},\"sameAs\":[\"https:\/\/www.facebook.com\/travel3media\/\",\"https:\/\/www.instagram.com\/revistatravel3\/\",\"https:\/\/www.youtube.com\/channel\/UCno7J4paGBR3VbZQzvoJ9Eg\"]},{\"@type\":\"Person\",\"@id\":\"https:\/\/www.travel3.com.br\/site\/#\/schema\/person\/a69d71e41a024999b6ab82369ac0bd1e\",\"name\":\"admin\",\"image\":{\"@type\":\"ImageObject\",\"inLanguage\":\"pt-BR\",\"@id\":\"https:\/\/www.travel3.com.br\/site\/#\/schema\/person\/image\/\",\"url\":\"https:\/\/secure.gravatar.com\/avatar\/732a67adfd764da2a47ba10ce731c4c0?s=96&d=mm&r=g\",\"contentUrl\":\"https:\/\/secure.gravatar.com\/avatar\/732a67adfd764da2a47ba10ce731c4c0?s=96&d=mm&r=g\",\"caption\":\"admin\"},\"url\":\"https:\/\/www.travel3.com.br\/site\/author\/admin\/\"}]}<\/script>\n<!-- \/ Yoast SEO plugin. -->","yoast_head_json":{"title":"TURISMO RECEPTIVO EST\u00c1 EM FOCO NO GRUPO DA ABAV - Travel3","description":"A TRAVEL3 \u00e9 um portal de conte\u00fado voltado para o turismo, encontre destinos, viagens, hospedagem, passagens, guias, not\u00edcias sobre o mercado do turismo, dicas de viagem, v\u00eddeos e podcast.","robots":{"index":"index","follow":"follow","max-snippet":"max-snippet:-1","max-image-preview":"max-image-preview:large","max-video-preview":"max-video-preview:-1"},"canonical":"https:\/\/www.travel3.com.br\/site\/sem-categoria\/turismo-receptivo-esta-em-foco-no-grupo-da-abav\/","og_locale":"pt_BR","og_type":"article","og_title":"TURISMO RECEPTIVO EST\u00c1 EM FOCO NO GRUPO DA ABAV - Travel3","og_description":"A TRAVEL3 \u00e9 um portal de conte\u00fado voltado para o turismo, encontre destinos, viagens, hospedagem, passagens, guias, not\u00edcias sobre o mercado do turismo, dicas de viagem, v\u00eddeos e podcast.","og_url":"https:\/\/www.travel3.com.br\/site\/sem-categoria\/turismo-receptivo-esta-em-foco-no-grupo-da-abav\/","og_site_name":"Travel3","article_publisher":"https:\/\/www.facebook.com\/travel3media\/","article_published_time":"2017-08-08T03:39:40+00:00","author":"admin","twitter_card":"summary_large_image","twitter_misc":{"Escrito por":"admin","Est. tempo de leitura":"2 minutos"},"schema":{"@context":"https:\/\/schema.org","@graph":[{"@type":"Article","@id":"https:\/\/www.travel3.com.br\/site\/sem-categoria\/turismo-receptivo-esta-em-foco-no-grupo-da-abav\/#article","isPartOf":{"@id":"https:\/\/www.travel3.com.br\/site\/sem-categoria\/turismo-receptivo-esta-em-foco-no-grupo-da-abav\/"},"author":{"name":"admin","@id":"https:\/\/www.travel3.com.br\/site\/#\/schema\/person\/a69d71e41a024999b6ab82369ac0bd1e"},"headline":"TURISMO RECEPTIVO EST\u00c1 EM FOCO NO GRUPO DA ABAV","datePublished":"2017-08-08T03:39:40+00:00","mainEntityOfPage":{"@id":"https:\/\/www.travel3.com.br\/site\/sem-categoria\/turismo-receptivo-esta-em-foco-no-grupo-da-abav\/"},"wordCount":385,"commentCount":0,"publisher":{"@id":"https:\/\/www.travel3.com.br\/site\/#organization"},"inLanguage":"pt-BR","potentialAction":[{"@type":"CommentAction","name":"Comment","target":["https:\/\/www.travel3.com.br\/site\/sem-categoria\/turismo-receptivo-esta-em-foco-no-grupo-da-abav\/#respond"]}]},{"@type":"WebPage","@id":"https:\/\/www.travel3.com.br\/site\/sem-categoria\/turismo-receptivo-esta-em-foco-no-grupo-da-abav\/","url":"https:\/\/www.travel3.com.br\/site\/sem-categoria\/turismo-receptivo-esta-em-foco-no-grupo-da-abav\/","name":"TURISMO RECEPTIVO EST\u00c1 EM FOCO NO GRUPO DA ABAV - Travel3","isPartOf":{"@id":"https:\/\/www.travel3.com.br\/site\/#website"},"datePublished":"2017-08-08T03:39:40+00:00","description":"A TRAVEL3 \u00e9 um portal de conte\u00fado voltado para o turismo, encontre destinos, viagens, hospedagem, passagens, guias, not\u00edcias sobre o mercado do turismo, dicas de viagem, v\u00eddeos e podcast.","breadcrumb":{"@id":"https:\/\/www.travel3.com.br\/site\/sem-categoria\/turismo-receptivo-esta-em-foco-no-grupo-da-abav\/#breadcrumb"},"inLanguage":"pt-BR","potentialAction":[{"@type":"ReadAction","target":["https:\/\/www.travel3.com.br\/site\/sem-categoria\/turismo-receptivo-esta-em-foco-no-grupo-da-abav\/"]}]},{"@type":"BreadcrumbList","@id":"https:\/\/www.travel3.com.br\/site\/sem-categoria\/turismo-receptivo-esta-em-foco-no-grupo-da-abav\/#breadcrumb","itemListElement":[{"@type":"ListItem","position":1,"name":"In\u00edcio","item":"https:\/\/www.travel3.com.br\/site\/"},{"@type":"ListItem","position":2,"name":"TURISMO RECEPTIVO EST\u00c1 EM FOCO NO GRUPO DA ABAV"}]},{"@type":"WebSite","@id":"https:\/\/www.travel3.com.br\/site\/#website","url":"https:\/\/www.travel3.com.br\/site\/","name":"Travel3","description":"Lazer + Neg&oacute;cios + Aventura","publisher":{"@id":"https:\/\/www.travel3.com.br\/site\/#organization"},"potentialAction":[{"@type":"SearchAction","target":{"@type":"EntryPoint","urlTemplate":"https:\/\/www.travel3.com.br\/site\/?s={search_term_string}"},"query-input":{"@type":"PropertyValueSpecification","valueRequired":true,"valueName":"search_term_string"}}],"inLanguage":"pt-BR"},{"@type":"Organization","@id":"https:\/\/www.travel3.com.br\/site\/#organization","name":"Travel3","url":"https:\/\/www.travel3.com.br\/site\/","logo":{"@type":"ImageObject","inLanguage":"pt-BR","@id":"https:\/\/www.travel3.com.br\/site\/#\/schema\/logo\/image\/","url":"https:\/\/www.travel3.com.br\/site\/wp-content\/uploads\/2020\/01\/logo-travel3-2020.png","contentUrl":"https:\/\/www.travel3.com.br\/site\/wp-content\/uploads\/2020\/01\/logo-travel3-2020.png","width":232,"height":79,"caption":"Travel3"},"image":{"@id":"https:\/\/www.travel3.com.br\/site\/#\/schema\/logo\/image\/"},"sameAs":["https:\/\/www.facebook.com\/travel3media\/","https:\/\/www.instagram.com\/revistatravel3\/","https:\/\/www.youtube.com\/channel\/UCno7J4paGBR3VbZQzvoJ9Eg"]},{"@type":"Person","@id":"https:\/\/www.travel3.com.br\/site\/#\/schema\/person\/a69d71e41a024999b6ab82369ac0bd1e","name":"admin","image":{"@type":"ImageObject","inLanguage":"pt-BR","@id":"https:\/\/www.travel3.com.br\/site\/#\/schema\/person\/image\/","url":"https:\/\/secure.gravatar.com\/avatar\/732a67adfd764da2a47ba10ce731c4c0?s=96&d=mm&r=g","contentUrl":"https:\/\/secure.gravatar.com\/avatar\/732a67adfd764da2a47ba10ce731c4c0?s=96&d=mm&r=g","caption":"admin"},"url":"https:\/\/www.travel3.com.br\/site\/author\/admin\/"}]}},"_links":{"self":[{"href":"https:\/\/www.travel3.com.br\/site\/wp-json\/wp\/v2\/posts\/3475","targetHints":{"allow":["GET"]}}],"collection":[{"href":"https:\/\/www.travel3.com.br\/site\/wp-json\/wp\/v2\/posts"}],"about":[{"href":"https:\/\/www.travel3.com.br\/site\/wp-json\/wp\/v2\/types\/post"}],"author":[{"embeddable":true,"href":"https:\/\/www.travel3.com.br\/site\/wp-json\/wp\/v2\/users\/1"}],"replies":[{"embeddable":true,"href":"https:\/\/www.travel3.com.br\/site\/wp-json\/wp\/v2\/comments?post=3475"}],"version-history":[{"count":0,"href":"https:\/\/www.travel3.com.br\/site\/wp-json\/wp\/v2\/posts\/3475\/revisions"}],"wp:attachment":[{"href":"https:\/\/www.travel3.com.br\/site\/wp-json\/wp\/v2\/media?parent=3475"}],"wp:term":[{"taxonomy":"category","embeddable":true,"href":"https:\/\/www.travel3.com.br\/site\/wp-json\/wp\/v2\/categories?post=3475"},{"taxonomy":"post_tag","embeddable":true,"href":"https:\/\/www.travel3.com.br\/site\/wp-json\/wp\/v2\/tags?post=3475"}],"curies":[{"name":"wp","href":"https:\/\/api.w.org\/{rel}","templated":true}]}}