{"id":3469,"date":"2017-08-23T13:08:47","date_gmt":"2017-08-23T13:08:47","guid":{"rendered":"http:\/\/www.travel3.com.br\/site\/ir-e-vir\/ar\/costa-do-sauipe-foi-local-escolhido-para-premiacao-da-rci\/"},"modified":"2017-08-23T13:08:47","modified_gmt":"2017-08-23T13:08:47","slug":"costa-do-sauipe-foi-local-escolhido-para-premiacao-da-rci","status":"publish","type":"post","link":"https:\/\/www.travel3.com.br\/site\/sem-categoria\/costa-do-sauipe-foi-local-escolhido-para-premiacao-da-rci\/","title":{"rendered":"COSTA DO SAU\u00cdPE FOI LOCAL ESCOLHIDO PARA PREMIA\u00c7\u00c3O DA RCI"},"content":{"rendered":"<p><span style=\"color: #40acad; font-family: -apple-system, system-ui, 'Segoe UI', Roboto, Oxygen-Sans, Ubuntu, Cantarell, 'Helvetica Neue', sans-serif; font-size: 12px; font-weight: bold;\"><\/p>\n<p style=\"text-align:justify\"><strong>A equipe da RCI celebra o \u00eaxito\u00a0do 4<sup>o<\/sup> Top Seller Event, que reuniu mais de 400 pessoas no complexo Costa do Sau\u00edpe, na Bahia (Foto: Divulga\u00e7\u00e3o)<\/strong><\/p>\n<p style=\"text-align:justify\">O Top Seller Event, realizado pela RCI, contou com uma intensa agenda para os aproximadamente 400 profissionais participantes.<\/p>\n<p style=\"text-align:justify\">Houve debates e outras a\u00e7\u00f5es interativas, com temas focados no que impacta a rotina dos profissionais da ind\u00fastria de propriedade compartilhada.<\/p>\n<p style=\"text-align:justify\">Os dois dias de muitas reflex\u00f5es fecharam em grande estilo, com a festa de confraterniza\u00e7\u00e3o + entrega de pr\u00eamios aos que mais se empenharam e dedicaram para o crescimento do setor.<\/p>\n<p style=\"text-align:justify\">Os executivos Ricardo Montaudon, presidente e diretor-executivo da RCI Am\u00e9rica Latina; Juan Ignacio, vice-presidente s\u00eanior de Desenvolvimento de Neg\u00f3cios para a Am\u00e9rica Latina; e Jos\u00e9 Antonio Villavicencio Acosta, gerente s\u00eanior de Comunica\u00e7\u00e3o Corporativa e Rela\u00e7\u00f5es P\u00fablicas para a RCI Am\u00e9rica Latina marcaram n\u00e3o apenas a presen\u00e7a na agenda din\u00e2mica do evento, como interagiram com os presentes.<\/p>\n<p style=\"text-align:justify\">Segundo\u00a0Maria Carolina Pinheiro, diretora-geral RCI Brasil, \u201ca cada ano, o evento se amplia e supera nossas expectativas, o que \u00e9 reflexo direto da consolida\u00e7\u00e3o da nossa ind\u00fastria. S\u00e3o bons tempos\u201d, avaliou Maria Carolina Pinheiro.<\/p>\n<p style=\"text-align:justify\">A\u00a0RCI entregou ainda o President\u2019s Club Awards, aos empreendimentos Beach Park, diRoma, Enotel, e Rio Quente Resorts, que reconhece o empreendedorismo dos afiliados em prol da evolu\u00e7\u00e3o do segmento.<\/p>\n<p><\/span><\/p>\n","protected":false},"excerpt":{"rendered":"<p>Evento reuniu mais de 400 profissionais, no complexo hoteleiro da Bahia, que, al\u00e9m da premia\u00e7\u00e3o, participaram de uma intensa agenda<\/p>\n","protected":false},"author":1,"featured_media":0,"comment_status":"open","ping_status":"open","sticky":false,"template":"","format":"standard","meta":{"footnotes":""},"categories":[],"tags":[],"class_list":["post-3469","post","type-post","status-publish","format-standard","hentry"],"yoast_head":"<!-- This site is optimized with the Yoast SEO plugin v26.2 - https:\/\/yoast.com\/wordpress\/plugins\/seo\/ -->\n<title>COSTA DO SAU\u00cdPE FOI LOCAL ESCOLHIDO PARA PREMIA\u00c7\u00c3O DA RCI - Travel3<\/title>\n<meta name=\"description\" content=\"A TRAVEL3 \u00e9 um portal de conte\u00fado voltado para o turismo, encontre destinos, viagens, hospedagem, passagens, guias, not\u00edcias sobre o mercado do turismo, dicas de viagem, v\u00eddeos e podcast.\" \/>\n<meta name=\"robots\" content=\"index, follow, max-snippet:-1, max-image-preview:large, max-video-preview:-1\" \/>\n<link rel=\"canonical\" href=\"https:\/\/www.travel3.com.br\/site\/sem-categoria\/costa-do-sauipe-foi-local-escolhido-para-premiacao-da-rci\/\" \/>\n<meta property=\"og:locale\" content=\"pt_BR\" \/>\n<meta property=\"og:type\" content=\"article\" \/>\n<meta property=\"og:title\" content=\"COSTA DO SAU\u00cdPE FOI LOCAL ESCOLHIDO PARA PREMIA\u00c7\u00c3O DA RCI - Travel3\" \/>\n<meta property=\"og:description\" content=\"A TRAVEL3 \u00e9 um portal de conte\u00fado voltado para o turismo, encontre destinos, viagens, hospedagem, passagens, guias, not\u00edcias sobre o mercado do turismo, dicas de viagem, v\u00eddeos e podcast.\" \/>\n<meta property=\"og:url\" content=\"https:\/\/www.travel3.com.br\/site\/sem-categoria\/costa-do-sauipe-foi-local-escolhido-para-premiacao-da-rci\/\" \/>\n<meta property=\"og:site_name\" content=\"Travel3\" \/>\n<meta property=\"article:publisher\" content=\"https:\/\/www.facebook.com\/travel3media\/\" \/>\n<meta property=\"article:published_time\" content=\"2017-08-23T13:08:47+00:00\" \/>\n<meta name=\"author\" content=\"admin\" \/>\n<meta name=\"twitter:card\" content=\"summary_large_image\" \/>\n<meta name=\"twitter:label1\" content=\"Escrito por\" \/>\n\t<meta name=\"twitter:data1\" content=\"admin\" \/>\n\t<meta name=\"twitter:label2\" content=\"Est. tempo de leitura\" \/>\n\t<meta name=\"twitter:data2\" content=\"1 minuto\" \/>\n<script type=\"application\/ld+json\" class=\"yoast-schema-graph\">{\"@context\":\"https:\/\/schema.org\",\"@graph\":[{\"@type\":\"Article\",\"@id\":\"https:\/\/www.travel3.com.br\/site\/sem-categoria\/costa-do-sauipe-foi-local-escolhido-para-premiacao-da-rci\/#article\",\"isPartOf\":{\"@id\":\"https:\/\/www.travel3.com.br\/site\/sem-categoria\/costa-do-sauipe-foi-local-escolhido-para-premiacao-da-rci\/\"},\"author\":{\"name\":\"admin\",\"@id\":\"https:\/\/www.travel3.com.br\/site\/#\/schema\/person\/a69d71e41a024999b6ab82369ac0bd1e\"},\"headline\":\"COSTA DO SAU\u00cdPE FOI LOCAL ESCOLHIDO PARA PREMIA\u00c7\u00c3O DA RCI\",\"datePublished\":\"2017-08-23T13:08:47+00:00\",\"mainEntityOfPage\":{\"@id\":\"https:\/\/www.travel3.com.br\/site\/sem-categoria\/costa-do-sauipe-foi-local-escolhido-para-premiacao-da-rci\/\"},\"wordCount\":250,\"commentCount\":0,\"publisher\":{\"@id\":\"https:\/\/www.travel3.com.br\/site\/#organization\"},\"inLanguage\":\"pt-BR\",\"potentialAction\":[{\"@type\":\"CommentAction\",\"name\":\"Comment\",\"target\":[\"https:\/\/www.travel3.com.br\/site\/sem-categoria\/costa-do-sauipe-foi-local-escolhido-para-premiacao-da-rci\/#respond\"]}]},{\"@type\":\"WebPage\",\"@id\":\"https:\/\/www.travel3.com.br\/site\/sem-categoria\/costa-do-sauipe-foi-local-escolhido-para-premiacao-da-rci\/\",\"url\":\"https:\/\/www.travel3.com.br\/site\/sem-categoria\/costa-do-sauipe-foi-local-escolhido-para-premiacao-da-rci\/\",\"name\":\"COSTA DO SAU\u00cdPE FOI LOCAL ESCOLHIDO PARA PREMIA\u00c7\u00c3O DA RCI - Travel3\",\"isPartOf\":{\"@id\":\"https:\/\/www.travel3.com.br\/site\/#website\"},\"datePublished\":\"2017-08-23T13:08:47+00:00\",\"description\":\"A TRAVEL3 \u00e9 um portal de conte\u00fado voltado para o turismo, encontre destinos, viagens, hospedagem, passagens, guias, not\u00edcias sobre o mercado do turismo, dicas de viagem, v\u00eddeos e podcast.\",\"breadcrumb\":{\"@id\":\"https:\/\/www.travel3.com.br\/site\/sem-categoria\/costa-do-sauipe-foi-local-escolhido-para-premiacao-da-rci\/#breadcrumb\"},\"inLanguage\":\"pt-BR\",\"potentialAction\":[{\"@type\":\"ReadAction\",\"target\":[\"https:\/\/www.travel3.com.br\/site\/sem-categoria\/costa-do-sauipe-foi-local-escolhido-para-premiacao-da-rci\/\"]}]},{\"@type\":\"BreadcrumbList\",\"@id\":\"https:\/\/www.travel3.com.br\/site\/sem-categoria\/costa-do-sauipe-foi-local-escolhido-para-premiacao-da-rci\/#breadcrumb\",\"itemListElement\":[{\"@type\":\"ListItem\",\"position\":1,\"name\":\"In\u00edcio\",\"item\":\"https:\/\/www.travel3.com.br\/site\/\"},{\"@type\":\"ListItem\",\"position\":2,\"name\":\"COSTA DO SAU\u00cdPE FOI LOCAL ESCOLHIDO PARA PREMIA\u00c7\u00c3O DA RCI\"}]},{\"@type\":\"WebSite\",\"@id\":\"https:\/\/www.travel3.com.br\/site\/#website\",\"url\":\"https:\/\/www.travel3.com.br\/site\/\",\"name\":\"Travel3\",\"description\":\"Lazer + Neg&oacute;cios + Aventura\",\"publisher\":{\"@id\":\"https:\/\/www.travel3.com.br\/site\/#organization\"},\"potentialAction\":[{\"@type\":\"SearchAction\",\"target\":{\"@type\":\"EntryPoint\",\"urlTemplate\":\"https:\/\/www.travel3.com.br\/site\/?s={search_term_string}\"},\"query-input\":{\"@type\":\"PropertyValueSpecification\",\"valueRequired\":true,\"valueName\":\"search_term_string\"}}],\"inLanguage\":\"pt-BR\"},{\"@type\":\"Organization\",\"@id\":\"https:\/\/www.travel3.com.br\/site\/#organization\",\"name\":\"Travel3\",\"url\":\"https:\/\/www.travel3.com.br\/site\/\",\"logo\":{\"@type\":\"ImageObject\",\"inLanguage\":\"pt-BR\",\"@id\":\"https:\/\/www.travel3.com.br\/site\/#\/schema\/logo\/image\/\",\"url\":\"https:\/\/www.travel3.com.br\/site\/wp-content\/uploads\/2020\/01\/logo-travel3-2020.png\",\"contentUrl\":\"https:\/\/www.travel3.com.br\/site\/wp-content\/uploads\/2020\/01\/logo-travel3-2020.png\",\"width\":232,\"height\":79,\"caption\":\"Travel3\"},\"image\":{\"@id\":\"https:\/\/www.travel3.com.br\/site\/#\/schema\/logo\/image\/\"},\"sameAs\":[\"https:\/\/www.facebook.com\/travel3media\/\",\"https:\/\/www.instagram.com\/revistatravel3\/\",\"https:\/\/www.youtube.com\/channel\/UCno7J4paGBR3VbZQzvoJ9Eg\"]},{\"@type\":\"Person\",\"@id\":\"https:\/\/www.travel3.com.br\/site\/#\/schema\/person\/a69d71e41a024999b6ab82369ac0bd1e\",\"name\":\"admin\",\"image\":{\"@type\":\"ImageObject\",\"inLanguage\":\"pt-BR\",\"@id\":\"https:\/\/www.travel3.com.br\/site\/#\/schema\/person\/image\/\",\"url\":\"https:\/\/secure.gravatar.com\/avatar\/732a67adfd764da2a47ba10ce731c4c0?s=96&d=mm&r=g\",\"contentUrl\":\"https:\/\/secure.gravatar.com\/avatar\/732a67adfd764da2a47ba10ce731c4c0?s=96&d=mm&r=g\",\"caption\":\"admin\"},\"url\":\"https:\/\/www.travel3.com.br\/site\/author\/admin\/\"}]}<\/script>\n<!-- \/ Yoast SEO plugin. -->","yoast_head_json":{"title":"COSTA DO SAU\u00cdPE FOI LOCAL ESCOLHIDO PARA PREMIA\u00c7\u00c3O DA RCI - Travel3","description":"A TRAVEL3 \u00e9 um portal de conte\u00fado voltado para o turismo, encontre destinos, viagens, hospedagem, passagens, guias, not\u00edcias sobre o mercado do turismo, dicas de viagem, v\u00eddeos e podcast.","robots":{"index":"index","follow":"follow","max-snippet":"max-snippet:-1","max-image-preview":"max-image-preview:large","max-video-preview":"max-video-preview:-1"},"canonical":"https:\/\/www.travel3.com.br\/site\/sem-categoria\/costa-do-sauipe-foi-local-escolhido-para-premiacao-da-rci\/","og_locale":"pt_BR","og_type":"article","og_title":"COSTA DO SAU\u00cdPE FOI LOCAL ESCOLHIDO PARA PREMIA\u00c7\u00c3O DA RCI - Travel3","og_description":"A TRAVEL3 \u00e9 um portal de conte\u00fado voltado para o turismo, encontre destinos, viagens, hospedagem, passagens, guias, not\u00edcias sobre o mercado do turismo, dicas de viagem, v\u00eddeos e podcast.","og_url":"https:\/\/www.travel3.com.br\/site\/sem-categoria\/costa-do-sauipe-foi-local-escolhido-para-premiacao-da-rci\/","og_site_name":"Travel3","article_publisher":"https:\/\/www.facebook.com\/travel3media\/","article_published_time":"2017-08-23T13:08:47+00:00","author":"admin","twitter_card":"summary_large_image","twitter_misc":{"Escrito por":"admin","Est. tempo de leitura":"1 minuto"},"schema":{"@context":"https:\/\/schema.org","@graph":[{"@type":"Article","@id":"https:\/\/www.travel3.com.br\/site\/sem-categoria\/costa-do-sauipe-foi-local-escolhido-para-premiacao-da-rci\/#article","isPartOf":{"@id":"https:\/\/www.travel3.com.br\/site\/sem-categoria\/costa-do-sauipe-foi-local-escolhido-para-premiacao-da-rci\/"},"author":{"name":"admin","@id":"https:\/\/www.travel3.com.br\/site\/#\/schema\/person\/a69d71e41a024999b6ab82369ac0bd1e"},"headline":"COSTA DO SAU\u00cdPE FOI LOCAL ESCOLHIDO PARA PREMIA\u00c7\u00c3O DA RCI","datePublished":"2017-08-23T13:08:47+00:00","mainEntityOfPage":{"@id":"https:\/\/www.travel3.com.br\/site\/sem-categoria\/costa-do-sauipe-foi-local-escolhido-para-premiacao-da-rci\/"},"wordCount":250,"commentCount":0,"publisher":{"@id":"https:\/\/www.travel3.com.br\/site\/#organization"},"inLanguage":"pt-BR","potentialAction":[{"@type":"CommentAction","name":"Comment","target":["https:\/\/www.travel3.com.br\/site\/sem-categoria\/costa-do-sauipe-foi-local-escolhido-para-premiacao-da-rci\/#respond"]}]},{"@type":"WebPage","@id":"https:\/\/www.travel3.com.br\/site\/sem-categoria\/costa-do-sauipe-foi-local-escolhido-para-premiacao-da-rci\/","url":"https:\/\/www.travel3.com.br\/site\/sem-categoria\/costa-do-sauipe-foi-local-escolhido-para-premiacao-da-rci\/","name":"COSTA DO SAU\u00cdPE FOI LOCAL ESCOLHIDO PARA PREMIA\u00c7\u00c3O DA RCI - Travel3","isPartOf":{"@id":"https:\/\/www.travel3.com.br\/site\/#website"},"datePublished":"2017-08-23T13:08:47+00:00","description":"A TRAVEL3 \u00e9 um portal de conte\u00fado voltado para o turismo, encontre destinos, viagens, hospedagem, passagens, guias, not\u00edcias sobre o mercado do turismo, dicas de viagem, v\u00eddeos e podcast.","breadcrumb":{"@id":"https:\/\/www.travel3.com.br\/site\/sem-categoria\/costa-do-sauipe-foi-local-escolhido-para-premiacao-da-rci\/#breadcrumb"},"inLanguage":"pt-BR","potentialAction":[{"@type":"ReadAction","target":["https:\/\/www.travel3.com.br\/site\/sem-categoria\/costa-do-sauipe-foi-local-escolhido-para-premiacao-da-rci\/"]}]},{"@type":"BreadcrumbList","@id":"https:\/\/www.travel3.com.br\/site\/sem-categoria\/costa-do-sauipe-foi-local-escolhido-para-premiacao-da-rci\/#breadcrumb","itemListElement":[{"@type":"ListItem","position":1,"name":"In\u00edcio","item":"https:\/\/www.travel3.com.br\/site\/"},{"@type":"ListItem","position":2,"name":"COSTA DO SAU\u00cdPE FOI LOCAL ESCOLHIDO PARA PREMIA\u00c7\u00c3O DA RCI"}]},{"@type":"WebSite","@id":"https:\/\/www.travel3.com.br\/site\/#website","url":"https:\/\/www.travel3.com.br\/site\/","name":"Travel3","description":"Lazer + Neg&oacute;cios + Aventura","publisher":{"@id":"https:\/\/www.travel3.com.br\/site\/#organization"},"potentialAction":[{"@type":"SearchAction","target":{"@type":"EntryPoint","urlTemplate":"https:\/\/www.travel3.com.br\/site\/?s={search_term_string}"},"query-input":{"@type":"PropertyValueSpecification","valueRequired":true,"valueName":"search_term_string"}}],"inLanguage":"pt-BR"},{"@type":"Organization","@id":"https:\/\/www.travel3.com.br\/site\/#organization","name":"Travel3","url":"https:\/\/www.travel3.com.br\/site\/","logo":{"@type":"ImageObject","inLanguage":"pt-BR","@id":"https:\/\/www.travel3.com.br\/site\/#\/schema\/logo\/image\/","url":"https:\/\/www.travel3.com.br\/site\/wp-content\/uploads\/2020\/01\/logo-travel3-2020.png","contentUrl":"https:\/\/www.travel3.com.br\/site\/wp-content\/uploads\/2020\/01\/logo-travel3-2020.png","width":232,"height":79,"caption":"Travel3"},"image":{"@id":"https:\/\/www.travel3.com.br\/site\/#\/schema\/logo\/image\/"},"sameAs":["https:\/\/www.facebook.com\/travel3media\/","https:\/\/www.instagram.com\/revistatravel3\/","https:\/\/www.youtube.com\/channel\/UCno7J4paGBR3VbZQzvoJ9Eg"]},{"@type":"Person","@id":"https:\/\/www.travel3.com.br\/site\/#\/schema\/person\/a69d71e41a024999b6ab82369ac0bd1e","name":"admin","image":{"@type":"ImageObject","inLanguage":"pt-BR","@id":"https:\/\/www.travel3.com.br\/site\/#\/schema\/person\/image\/","url":"https:\/\/secure.gravatar.com\/avatar\/732a67adfd764da2a47ba10ce731c4c0?s=96&d=mm&r=g","contentUrl":"https:\/\/secure.gravatar.com\/avatar\/732a67adfd764da2a47ba10ce731c4c0?s=96&d=mm&r=g","caption":"admin"},"url":"https:\/\/www.travel3.com.br\/site\/author\/admin\/"}]}},"_links":{"self":[{"href":"https:\/\/www.travel3.com.br\/site\/wp-json\/wp\/v2\/posts\/3469","targetHints":{"allow":["GET"]}}],"collection":[{"href":"https:\/\/www.travel3.com.br\/site\/wp-json\/wp\/v2\/posts"}],"about":[{"href":"https:\/\/www.travel3.com.br\/site\/wp-json\/wp\/v2\/types\/post"}],"author":[{"embeddable":true,"href":"https:\/\/www.travel3.com.br\/site\/wp-json\/wp\/v2\/users\/1"}],"replies":[{"embeddable":true,"href":"https:\/\/www.travel3.com.br\/site\/wp-json\/wp\/v2\/comments?post=3469"}],"version-history":[{"count":0,"href":"https:\/\/www.travel3.com.br\/site\/wp-json\/wp\/v2\/posts\/3469\/revisions"}],"wp:attachment":[{"href":"https:\/\/www.travel3.com.br\/site\/wp-json\/wp\/v2\/media?parent=3469"}],"wp:term":[{"taxonomy":"category","embeddable":true,"href":"https:\/\/www.travel3.com.br\/site\/wp-json\/wp\/v2\/categories?post=3469"},{"taxonomy":"post_tag","embeddable":true,"href":"https:\/\/www.travel3.com.br\/site\/wp-json\/wp\/v2\/tags?post=3469"}],"curies":[{"name":"wp","href":"https:\/\/api.w.org\/{rel}","templated":true}]}}