{"id":34605,"date":"2020-07-15T10:00:55","date_gmt":"2020-07-15T13:00:55","guid":{"rendered":"https:\/\/www.travel3.com.br\/?p=34605"},"modified":"2020-07-12T12:43:09","modified_gmt":"2020-07-12T15:43:09","slug":"klm-anuncia-retorno-de-voos-diarios","status":"publish","type":"post","link":"https:\/\/www.travel3.com.br\/site\/ir-e-vir\/ar\/klm-anuncia-retorno-de-voos-diarios\/","title":{"rendered":"KLM anuncia retorno de voos di\u00e1rios entre S\u00e3o Paulo e Amsterd\u00e3"},"content":{"rendered":"\n<figure class=\"wp-block-image\"><img loading=\"lazy\" decoding=\"async\" width=\"750\" height=\"500\" src=\"https:\/\/www.travel3.com.br\/site\/wp-content\/uploads\/2020\/07\/unnamed-89.jpg\" alt=\"KLM anuncia\" class=\"wp-image-34609\" srcset=\"https:\/\/www.travel3.com.br\/site\/wp-content\/uploads\/2020\/07\/unnamed-89.jpg 750w, https:\/\/www.travel3.com.br\/site\/wp-content\/uploads\/2020\/07\/unnamed-89-300x200.jpg 300w\" sizes=\"auto, (max-width: 750px) 100vw, 750px\" \/><figcaption>Foto: Divulga\u00e7\u00e3o<\/figcaption><\/figure>\n\n\n\n<h3 class=\"wp-block-heading\" style=\"text-align:center\">Ap\u00f3s quase 4 meses, companhia atinge os n\u00edveis pr\u00e9-Covid na capital paulista<\/h3>\n\n\n\n<p>Em meio \u00e0 gradual <a rel=\"noreferrer noopener\" aria-label=\"abertura de fronteiras (opens in a new tab)\" href=\"https:\/\/www.travel3.com.br\/destaque\/jamaica-reabre-fronteiras\/\" target=\"_blank\">abertura de fronteiras<\/a> em todo o mundo, a KLM anuncia que retoma suas opera\u00e7\u00f5es em S\u00e3o Paulo aos n\u00edveis praticados antes da crise provocada pela Covid-19. Com in\u00edcio no dia 13 de julho, a companhia holandesa passa a voar diariamente na capital paulista; entre Amsterd\u00e3 = AMS e GRU.<\/p>\n\n\n\n<p>Enquanto isso, a KLM mant\u00e9m 4 voos semanais entre a capital holandesa e a cidade do Rio de Janeiro; e o grupo Air France-KLM chega a 19 voos Brasil-Europa por semana, com 8 opera\u00e7\u00f5es semanais da companhia francesa para Paris. <\/p>\n\n\n\n<blockquote class=\"wp-block-quote is-layout-flow wp-block-quote-is-layout-flow\"><p>Somos l\u00edder de opera\u00e7\u00e3o entre a Europa e o Brasil, e voltar a ter uma opera\u00e7\u00e3o di\u00e1ria entre S\u00e3o Paulo e Amsterd\u00e3 \u00e9 um feito que nos traz orgulho.<\/p><p>Ainda que estejamos aumentando os nossos voos ao n\u00edvel que t\u00ednhamos antes da crise, seguimos tendo cautela. Todas as medidas de higiene continuam sendo adotadas a bordo e em solo.<\/p><cite>Jean-Marc Pouchol Diretor Geral Air France-KLM para a Am\u00e9rica do Sul<\/cite><\/blockquote>\n\n\n\n<h2 class=\"wp-block-heading\">Biosseguran\u00e7a em tempos de Covid-19<\/h2>\n\n\n\n<p>Para garantir a <a rel=\"noreferrer noopener\" aria-label=\"seguran\u00e7a dos passageiros (opens in a new tab)\" href=\"https:\/\/www.travel3.com.br\/acontece-no-turismo\/operadoras\/visual-turismo-trend-lancam-selo-de-biosseguranca\/\" target=\"_blank\">seguran\u00e7a dos passageiros<\/a>, o grupo <a href=\"https:\/\/yinbetebireusxe.i-mpr.com\/link.php?code=bDpodHRwJTNBJTJGJTJGd3d3LmFpcmZyYW5jZS5jb20uYnIlMkZCUiUyRmVuJTJGY29tbW9uJTJGcGFnZV9mbG90dGFudGUlMkZpbmZvcm1hdGlvbiUyRmNvcm9uYXZpcnVzLmh0bToxODI1NTU1MDI3OnRvbmFjb0B0cmF2ZWwzLmNvbS5icjo2NmM4OTc=\" target=\"_blank\" rel=\"noreferrer noopener\" aria-label=\"Air France (opens in a new tab)\">Air France<\/a> + KLM anuncia diversas medidas sanit\u00e1rias, tanto a bordo das aeronaves quanto nos aeroportos. S\u00e3o pr\u00e1ticas como distanciamento no atendimento, refor\u00e7o de limpeza e <a rel=\"noreferrer noopener\" aria-label=\"uso de equipamentos de prote\u00e7\u00e3o a bordo (opens in a new tab)\" href=\"https:\/\/www.travel3.com.br\/ir-e-vir\/ar\/uso-de-mascaras-sera-obrigatorio-em-voos-air-france-klm\/\" target=\"_blank\">uso de equipamentos de prote\u00e7\u00e3o a bordo<\/a>.<\/p>\n\n\n\n<p>Al\u00e9m disso, em v\u00eddeo, a KLM detalha o funcionamento dos filtros HEPA utilizados nas aeronaves. Os equipamentos retiram do ambiente mais 99,99% dos menores v\u00edrus &#8211; inclu\u00eddos a\u00ed os coronav\u00edrus; e s\u00e3o utilizados em conjunto com a circula\u00e7\u00e3o e constante renova\u00e7\u00e3o do ar da cabine.<\/p>\n\n\n\n<figure class=\"wp-block-embed-youtube wp-block-embed is-type-video is-provider-youtube wp-embed-aspect-16-9 wp-has-aspect-ratio\"><div class=\"wp-block-embed__wrapper\">\n<div class=\"jeg_video_container jeg_video_content\"><iframe loading=\"lazy\" title=\"Qualidade do ar a bordo das aeronaves da KLM\" width=\"500\" height=\"281\" src=\"https:\/\/www.youtube.com\/embed\/MhQWS7xBHS0?feature=oembed\" frameborder=\"0\" allow=\"accelerometer; autoplay; clipboard-write; encrypted-media; gyroscope; picture-in-picture; web-share\" referrerpolicy=\"strict-origin-when-cross-origin\" allowfullscreen><\/iframe><\/div>\n<\/div><\/figure>\n","protected":false},"excerpt":{"rendered":"<p>Ap\u00f3s quase 4 meses, companhia atinge os n\u00edveis pr\u00e9-Covid na capital paulista Em meio \u00e0 gradual abertura de fronteiras em todo o mundo, a KLM anuncia que retoma suas opera\u00e7\u00f5es em S\u00e3o Paulo aos n\u00edveis praticados antes da crise provocada pela Covid-19. Com in\u00edcio no dia 13 de julho, a companhia holandesa passa a voar [&hellip;]<\/p>\n","protected":false},"author":5,"featured_media":34609,"comment_status":"open","ping_status":"open","sticky":false,"template":"","format":"standard","meta":{"footnotes":""},"categories":[309,884,226,8],"tags":[1967,4105,1211,4008,1968,4117],"class_list":["post-34605","post","type-post","status-publish","format-standard","has-post-thumbnail","hentry","category-ar","category-comece-a-viajar","category-destaque","category-ir-e-vir","tag-air-france","tag-air-france-klm","tag-companhias-aereas","tag-coronavirus","tag-klm","tag-retomada-do-turismo"],"yoast_head":"<!-- This site is optimized with the Yoast SEO plugin v26.2 - https:\/\/yoast.com\/wordpress\/plugins\/seo\/ -->\n<title>KLM anuncia retorno de voos di\u00e1rios entre S\u00e3o Paulo e Amsterd\u00e3 - Travel3<\/title>\n<meta name=\"description\" content=\"KLM anuncia retorno de voos di\u00e1rios entre S\u00e3o Paulo e Amsterd\u00e3; ap\u00f3s quase 4 meses, companhia atinge os n\u00edveis pr\u00e9-Covid na capital paulista\" \/>\n<meta name=\"robots\" content=\"index, follow, max-snippet:-1, max-image-preview:large, max-video-preview:-1\" \/>\n<link rel=\"canonical\" href=\"https:\/\/www.travel3.com.br\/site\/ir-e-vir\/ar\/klm-anuncia-retorno-de-voos-diarios\/\" \/>\n<meta property=\"og:locale\" content=\"pt_BR\" \/>\n<meta property=\"og:type\" content=\"article\" \/>\n<meta property=\"og:title\" content=\"KLM anuncia retorno de voos di\u00e1rios entre S\u00e3o Paulo e Amsterd\u00e3 - Travel3\" \/>\n<meta property=\"og:description\" content=\"KLM anuncia retorno de voos di\u00e1rios entre S\u00e3o Paulo e Amsterd\u00e3; ap\u00f3s quase 4 meses, companhia atinge os n\u00edveis pr\u00e9-Covid na capital paulista\" \/>\n<meta property=\"og:url\" content=\"https:\/\/www.travel3.com.br\/site\/ir-e-vir\/ar\/klm-anuncia-retorno-de-voos-diarios\/\" \/>\n<meta property=\"og:site_name\" content=\"Travel3\" \/>\n<meta property=\"article:publisher\" content=\"https:\/\/www.facebook.com\/travel3media\/\" \/>\n<meta property=\"article:published_time\" content=\"2020-07-15T13:00:55+00:00\" \/>\n<meta property=\"og:image\" content=\"https:\/\/www.travel3.com.br\/site\/wp-content\/uploads\/2020\/07\/unnamed-89.jpg\" \/>\n\t<meta property=\"og:image:width\" content=\"750\" \/>\n\t<meta property=\"og:image:height\" content=\"500\" \/>\n\t<meta property=\"og:image:type\" content=\"image\/jpeg\" \/>\n<meta name=\"author\" content=\"Reda\u00e7\u00e3o Travel3\" \/>\n<meta name=\"twitter:card\" content=\"summary_large_image\" \/>\n<meta name=\"twitter:label1\" content=\"Escrito por\" \/>\n\t<meta name=\"twitter:data1\" content=\"Reda\u00e7\u00e3o Travel3\" \/>\n\t<meta name=\"twitter:label2\" content=\"Est. tempo de leitura\" \/>\n\t<meta name=\"twitter:data2\" content=\"1 minuto\" \/>\n<script type=\"application\/ld+json\" class=\"yoast-schema-graph\">{\"@context\":\"https:\/\/schema.org\",\"@graph\":[{\"@type\":\"Article\",\"@id\":\"https:\/\/www.travel3.com.br\/site\/ir-e-vir\/ar\/klm-anuncia-retorno-de-voos-diarios\/#article\",\"isPartOf\":{\"@id\":\"https:\/\/www.travel3.com.br\/site\/ir-e-vir\/ar\/klm-anuncia-retorno-de-voos-diarios\/\"},\"author\":{\"name\":\"Reda\u00e7\u00e3o Travel3\",\"@id\":\"https:\/\/www.travel3.com.br\/site\/#\/schema\/person\/89251b0320bc67697de92249f97f3fdb\"},\"headline\":\"KLM anuncia retorno de voos di\u00e1rios entre S\u00e3o Paulo e Amsterd\u00e3\",\"datePublished\":\"2020-07-15T13:00:55+00:00\",\"mainEntityOfPage\":{\"@id\":\"https:\/\/www.travel3.com.br\/site\/ir-e-vir\/ar\/klm-anuncia-retorno-de-voos-diarios\/\"},\"wordCount\":312,\"commentCount\":0,\"publisher\":{\"@id\":\"https:\/\/www.travel3.com.br\/site\/#organization\"},\"image\":{\"@id\":\"https:\/\/www.travel3.com.br\/site\/ir-e-vir\/ar\/klm-anuncia-retorno-de-voos-diarios\/#primaryimage\"},\"thumbnailUrl\":\"https:\/\/www.travel3.com.br\/site\/wp-content\/uploads\/2020\/07\/unnamed-89.jpg\",\"keywords\":[\"air france\",\"Air France - KLM\",\"companhias a\u00e9reas\",\"Coronav\u00edrus\",\"klm\",\"Retomada do Turismo\"],\"articleSection\":[\"Ar\",\"Comece a Viajar\",\"Destaque\",\"Ir e Vir\"],\"inLanguage\":\"pt-BR\",\"potentialAction\":[{\"@type\":\"CommentAction\",\"name\":\"Comment\",\"target\":[\"https:\/\/www.travel3.com.br\/site\/ir-e-vir\/ar\/klm-anuncia-retorno-de-voos-diarios\/#respond\"]}]},{\"@type\":\"WebPage\",\"@id\":\"https:\/\/www.travel3.com.br\/site\/ir-e-vir\/ar\/klm-anuncia-retorno-de-voos-diarios\/\",\"url\":\"https:\/\/www.travel3.com.br\/site\/ir-e-vir\/ar\/klm-anuncia-retorno-de-voos-diarios\/\",\"name\":\"KLM anuncia retorno de voos di\u00e1rios entre S\u00e3o Paulo e Amsterd\u00e3 - Travel3\",\"isPartOf\":{\"@id\":\"https:\/\/www.travel3.com.br\/site\/#website\"},\"primaryImageOfPage\":{\"@id\":\"https:\/\/www.travel3.com.br\/site\/ir-e-vir\/ar\/klm-anuncia-retorno-de-voos-diarios\/#primaryimage\"},\"image\":{\"@id\":\"https:\/\/www.travel3.com.br\/site\/ir-e-vir\/ar\/klm-anuncia-retorno-de-voos-diarios\/#primaryimage\"},\"thumbnailUrl\":\"https:\/\/www.travel3.com.br\/site\/wp-content\/uploads\/2020\/07\/unnamed-89.jpg\",\"datePublished\":\"2020-07-15T13:00:55+00:00\",\"description\":\"KLM anuncia retorno de voos di\u00e1rios entre S\u00e3o Paulo e Amsterd\u00e3; ap\u00f3s quase 4 meses, companhia atinge os n\u00edveis pr\u00e9-Covid na capital paulista\",\"breadcrumb\":{\"@id\":\"https:\/\/www.travel3.com.br\/site\/ir-e-vir\/ar\/klm-anuncia-retorno-de-voos-diarios\/#breadcrumb\"},\"inLanguage\":\"pt-BR\",\"potentialAction\":[{\"@type\":\"ReadAction\",\"target\":[\"https:\/\/www.travel3.com.br\/site\/ir-e-vir\/ar\/klm-anuncia-retorno-de-voos-diarios\/\"]}]},{\"@type\":\"ImageObject\",\"inLanguage\":\"pt-BR\",\"@id\":\"https:\/\/www.travel3.com.br\/site\/ir-e-vir\/ar\/klm-anuncia-retorno-de-voos-diarios\/#primaryimage\",\"url\":\"https:\/\/www.travel3.com.br\/site\/wp-content\/uploads\/2020\/07\/unnamed-89.jpg\",\"contentUrl\":\"https:\/\/www.travel3.com.br\/site\/wp-content\/uploads\/2020\/07\/unnamed-89.jpg\",\"width\":750,\"height\":500,\"caption\":\"Foto: Divulga\u00e7\u00e3o\"},{\"@type\":\"BreadcrumbList\",\"@id\":\"https:\/\/www.travel3.com.br\/site\/ir-e-vir\/ar\/klm-anuncia-retorno-de-voos-diarios\/#breadcrumb\",\"itemListElement\":[{\"@type\":\"ListItem\",\"position\":1,\"name\":\"In\u00edcio\",\"item\":\"https:\/\/www.travel3.com.br\/site\/\"},{\"@type\":\"ListItem\",\"position\":2,\"name\":\"KLM anuncia retorno de voos di\u00e1rios entre S\u00e3o Paulo e Amsterd\u00e3\"}]},{\"@type\":\"WebSite\",\"@id\":\"https:\/\/www.travel3.com.br\/site\/#website\",\"url\":\"https:\/\/www.travel3.com.br\/site\/\",\"name\":\"Travel3\",\"description\":\"Lazer + Neg&oacute;cios + Aventura\",\"publisher\":{\"@id\":\"https:\/\/www.travel3.com.br\/site\/#organization\"},\"potentialAction\":[{\"@type\":\"SearchAction\",\"target\":{\"@type\":\"EntryPoint\",\"urlTemplate\":\"https:\/\/www.travel3.com.br\/site\/?s={search_term_string}\"},\"query-input\":{\"@type\":\"PropertyValueSpecification\",\"valueRequired\":true,\"valueName\":\"search_term_string\"}}],\"inLanguage\":\"pt-BR\"},{\"@type\":\"Organization\",\"@id\":\"https:\/\/www.travel3.com.br\/site\/#organization\",\"name\":\"Travel3\",\"url\":\"https:\/\/www.travel3.com.br\/site\/\",\"logo\":{\"@type\":\"ImageObject\",\"inLanguage\":\"pt-BR\",\"@id\":\"https:\/\/www.travel3.com.br\/site\/#\/schema\/logo\/image\/\",\"url\":\"https:\/\/www.travel3.com.br\/site\/wp-content\/uploads\/2020\/01\/logo-travel3-2020.png\",\"contentUrl\":\"https:\/\/www.travel3.com.br\/site\/wp-content\/uploads\/2020\/01\/logo-travel3-2020.png\",\"width\":232,\"height\":79,\"caption\":\"Travel3\"},\"image\":{\"@id\":\"https:\/\/www.travel3.com.br\/site\/#\/schema\/logo\/image\/\"},\"sameAs\":[\"https:\/\/www.facebook.com\/travel3media\/\",\"https:\/\/www.instagram.com\/revistatravel3\/\",\"https:\/\/www.youtube.com\/channel\/UCno7J4paGBR3VbZQzvoJ9Eg\"]},{\"@type\":\"Person\",\"@id\":\"https:\/\/www.travel3.com.br\/site\/#\/schema\/person\/89251b0320bc67697de92249f97f3fdb\",\"name\":\"Reda\u00e7\u00e3o Travel3\",\"image\":{\"@type\":\"ImageObject\",\"inLanguage\":\"pt-BR\",\"@id\":\"https:\/\/www.travel3.com.br\/site\/#\/schema\/person\/image\/\",\"url\":\"https:\/\/secure.gravatar.com\/avatar\/85a5ec2ad99b1932f671ebf50c117db6?s=96&d=mm&r=g\",\"contentUrl\":\"https:\/\/secure.gravatar.com\/avatar\/85a5ec2ad99b1932f671ebf50c117db6?s=96&d=mm&r=g\",\"caption\":\"Reda\u00e7\u00e3o Travel3\"},\"sameAs\":[\"http:\/\/www.travel3.com.br\/\"],\"url\":\"https:\/\/www.travel3.com.br\/site\/author\/redacao\/\"}]}<\/script>\n<!-- \/ Yoast SEO plugin. -->","yoast_head_json":{"title":"KLM anuncia retorno de voos di\u00e1rios entre S\u00e3o Paulo e Amsterd\u00e3 - Travel3","description":"KLM anuncia retorno de voos di\u00e1rios entre S\u00e3o Paulo e Amsterd\u00e3; ap\u00f3s quase 4 meses, companhia atinge os n\u00edveis pr\u00e9-Covid na capital paulista","robots":{"index":"index","follow":"follow","max-snippet":"max-snippet:-1","max-image-preview":"max-image-preview:large","max-video-preview":"max-video-preview:-1"},"canonical":"https:\/\/www.travel3.com.br\/site\/ir-e-vir\/ar\/klm-anuncia-retorno-de-voos-diarios\/","og_locale":"pt_BR","og_type":"article","og_title":"KLM anuncia retorno de voos di\u00e1rios entre S\u00e3o Paulo e Amsterd\u00e3 - Travel3","og_description":"KLM anuncia retorno de voos di\u00e1rios entre S\u00e3o Paulo e Amsterd\u00e3; ap\u00f3s quase 4 meses, companhia atinge os n\u00edveis pr\u00e9-Covid na capital paulista","og_url":"https:\/\/www.travel3.com.br\/site\/ir-e-vir\/ar\/klm-anuncia-retorno-de-voos-diarios\/","og_site_name":"Travel3","article_publisher":"https:\/\/www.facebook.com\/travel3media\/","article_published_time":"2020-07-15T13:00:55+00:00","og_image":[{"width":750,"height":500,"url":"https:\/\/www.travel3.com.br\/site\/wp-content\/uploads\/2020\/07\/unnamed-89.jpg","type":"image\/jpeg"}],"author":"Reda\u00e7\u00e3o Travel3","twitter_card":"summary_large_image","twitter_misc":{"Escrito por":"Reda\u00e7\u00e3o Travel3","Est. tempo de leitura":"1 minuto"},"schema":{"@context":"https:\/\/schema.org","@graph":[{"@type":"Article","@id":"https:\/\/www.travel3.com.br\/site\/ir-e-vir\/ar\/klm-anuncia-retorno-de-voos-diarios\/#article","isPartOf":{"@id":"https:\/\/www.travel3.com.br\/site\/ir-e-vir\/ar\/klm-anuncia-retorno-de-voos-diarios\/"},"author":{"name":"Reda\u00e7\u00e3o Travel3","@id":"https:\/\/www.travel3.com.br\/site\/#\/schema\/person\/89251b0320bc67697de92249f97f3fdb"},"headline":"KLM anuncia retorno de voos di\u00e1rios entre S\u00e3o Paulo e Amsterd\u00e3","datePublished":"2020-07-15T13:00:55+00:00","mainEntityOfPage":{"@id":"https:\/\/www.travel3.com.br\/site\/ir-e-vir\/ar\/klm-anuncia-retorno-de-voos-diarios\/"},"wordCount":312,"commentCount":0,"publisher":{"@id":"https:\/\/www.travel3.com.br\/site\/#organization"},"image":{"@id":"https:\/\/www.travel3.com.br\/site\/ir-e-vir\/ar\/klm-anuncia-retorno-de-voos-diarios\/#primaryimage"},"thumbnailUrl":"https:\/\/www.travel3.com.br\/site\/wp-content\/uploads\/2020\/07\/unnamed-89.jpg","keywords":["air france","Air France - KLM","companhias a\u00e9reas","Coronav\u00edrus","klm","Retomada do Turismo"],"articleSection":["Ar","Comece a Viajar","Destaque","Ir e Vir"],"inLanguage":"pt-BR","potentialAction":[{"@type":"CommentAction","name":"Comment","target":["https:\/\/www.travel3.com.br\/site\/ir-e-vir\/ar\/klm-anuncia-retorno-de-voos-diarios\/#respond"]}]},{"@type":"WebPage","@id":"https:\/\/www.travel3.com.br\/site\/ir-e-vir\/ar\/klm-anuncia-retorno-de-voos-diarios\/","url":"https:\/\/www.travel3.com.br\/site\/ir-e-vir\/ar\/klm-anuncia-retorno-de-voos-diarios\/","name":"KLM anuncia retorno de voos di\u00e1rios entre S\u00e3o Paulo e Amsterd\u00e3 - Travel3","isPartOf":{"@id":"https:\/\/www.travel3.com.br\/site\/#website"},"primaryImageOfPage":{"@id":"https:\/\/www.travel3.com.br\/site\/ir-e-vir\/ar\/klm-anuncia-retorno-de-voos-diarios\/#primaryimage"},"image":{"@id":"https:\/\/www.travel3.com.br\/site\/ir-e-vir\/ar\/klm-anuncia-retorno-de-voos-diarios\/#primaryimage"},"thumbnailUrl":"https:\/\/www.travel3.com.br\/site\/wp-content\/uploads\/2020\/07\/unnamed-89.jpg","datePublished":"2020-07-15T13:00:55+00:00","description":"KLM anuncia retorno de voos di\u00e1rios entre S\u00e3o Paulo e Amsterd\u00e3; ap\u00f3s quase 4 meses, companhia atinge os n\u00edveis pr\u00e9-Covid na capital paulista","breadcrumb":{"@id":"https:\/\/www.travel3.com.br\/site\/ir-e-vir\/ar\/klm-anuncia-retorno-de-voos-diarios\/#breadcrumb"},"inLanguage":"pt-BR","potentialAction":[{"@type":"ReadAction","target":["https:\/\/www.travel3.com.br\/site\/ir-e-vir\/ar\/klm-anuncia-retorno-de-voos-diarios\/"]}]},{"@type":"ImageObject","inLanguage":"pt-BR","@id":"https:\/\/www.travel3.com.br\/site\/ir-e-vir\/ar\/klm-anuncia-retorno-de-voos-diarios\/#primaryimage","url":"https:\/\/www.travel3.com.br\/site\/wp-content\/uploads\/2020\/07\/unnamed-89.jpg","contentUrl":"https:\/\/www.travel3.com.br\/site\/wp-content\/uploads\/2020\/07\/unnamed-89.jpg","width":750,"height":500,"caption":"Foto: Divulga\u00e7\u00e3o"},{"@type":"BreadcrumbList","@id":"https:\/\/www.travel3.com.br\/site\/ir-e-vir\/ar\/klm-anuncia-retorno-de-voos-diarios\/#breadcrumb","itemListElement":[{"@type":"ListItem","position":1,"name":"In\u00edcio","item":"https:\/\/www.travel3.com.br\/site\/"},{"@type":"ListItem","position":2,"name":"KLM anuncia retorno de voos di\u00e1rios entre S\u00e3o Paulo e Amsterd\u00e3"}]},{"@type":"WebSite","@id":"https:\/\/www.travel3.com.br\/site\/#website","url":"https:\/\/www.travel3.com.br\/site\/","name":"Travel3","description":"Lazer + Neg&oacute;cios + Aventura","publisher":{"@id":"https:\/\/www.travel3.com.br\/site\/#organization"},"potentialAction":[{"@type":"SearchAction","target":{"@type":"EntryPoint","urlTemplate":"https:\/\/www.travel3.com.br\/site\/?s={search_term_string}"},"query-input":{"@type":"PropertyValueSpecification","valueRequired":true,"valueName":"search_term_string"}}],"inLanguage":"pt-BR"},{"@type":"Organization","@id":"https:\/\/www.travel3.com.br\/site\/#organization","name":"Travel3","url":"https:\/\/www.travel3.com.br\/site\/","logo":{"@type":"ImageObject","inLanguage":"pt-BR","@id":"https:\/\/www.travel3.com.br\/site\/#\/schema\/logo\/image\/","url":"https:\/\/www.travel3.com.br\/site\/wp-content\/uploads\/2020\/01\/logo-travel3-2020.png","contentUrl":"https:\/\/www.travel3.com.br\/site\/wp-content\/uploads\/2020\/01\/logo-travel3-2020.png","width":232,"height":79,"caption":"Travel3"},"image":{"@id":"https:\/\/www.travel3.com.br\/site\/#\/schema\/logo\/image\/"},"sameAs":["https:\/\/www.facebook.com\/travel3media\/","https:\/\/www.instagram.com\/revistatravel3\/","https:\/\/www.youtube.com\/channel\/UCno7J4paGBR3VbZQzvoJ9Eg"]},{"@type":"Person","@id":"https:\/\/www.travel3.com.br\/site\/#\/schema\/person\/89251b0320bc67697de92249f97f3fdb","name":"Reda\u00e7\u00e3o Travel3","image":{"@type":"ImageObject","inLanguage":"pt-BR","@id":"https:\/\/www.travel3.com.br\/site\/#\/schema\/person\/image\/","url":"https:\/\/secure.gravatar.com\/avatar\/85a5ec2ad99b1932f671ebf50c117db6?s=96&d=mm&r=g","contentUrl":"https:\/\/secure.gravatar.com\/avatar\/85a5ec2ad99b1932f671ebf50c117db6?s=96&d=mm&r=g","caption":"Reda\u00e7\u00e3o Travel3"},"sameAs":["http:\/\/www.travel3.com.br\/"],"url":"https:\/\/www.travel3.com.br\/site\/author\/redacao\/"}]}},"_links":{"self":[{"href":"https:\/\/www.travel3.com.br\/site\/wp-json\/wp\/v2\/posts\/34605","targetHints":{"allow":["GET"]}}],"collection":[{"href":"https:\/\/www.travel3.com.br\/site\/wp-json\/wp\/v2\/posts"}],"about":[{"href":"https:\/\/www.travel3.com.br\/site\/wp-json\/wp\/v2\/types\/post"}],"author":[{"embeddable":true,"href":"https:\/\/www.travel3.com.br\/site\/wp-json\/wp\/v2\/users\/5"}],"replies":[{"embeddable":true,"href":"https:\/\/www.travel3.com.br\/site\/wp-json\/wp\/v2\/comments?post=34605"}],"version-history":[{"count":3,"href":"https:\/\/www.travel3.com.br\/site\/wp-json\/wp\/v2\/posts\/34605\/revisions"}],"predecessor-version":[{"id":34613,"href":"https:\/\/www.travel3.com.br\/site\/wp-json\/wp\/v2\/posts\/34605\/revisions\/34613"}],"wp:featuredmedia":[{"embeddable":true,"href":"https:\/\/www.travel3.com.br\/site\/wp-json\/wp\/v2\/media\/34609"}],"wp:attachment":[{"href":"https:\/\/www.travel3.com.br\/site\/wp-json\/wp\/v2\/media?parent=34605"}],"wp:term":[{"taxonomy":"category","embeddable":true,"href":"https:\/\/www.travel3.com.br\/site\/wp-json\/wp\/v2\/categories?post=34605"},{"taxonomy":"post_tag","embeddable":true,"href":"https:\/\/www.travel3.com.br\/site\/wp-json\/wp\/v2\/tags?post=34605"}],"curies":[{"name":"wp","href":"https:\/\/api.w.org\/{rel}","templated":true}]}}