{"id":34586,"date":"2020-07-16T05:00:23","date_gmt":"2020-07-16T08:00:23","guid":{"rendered":"https:\/\/www.travel3.com.br\/?p=34586"},"modified":"2020-07-12T12:46:49","modified_gmt":"2020-07-12T15:46:49","slug":"parques-de-minas-gerais-receberao-investimentos-federais","status":"publish","type":"post","link":"https:\/\/www.travel3.com.br\/site\/destaque\/parques-de-minas-gerais-receberao-investimentos-federais\/","title":{"rendered":"Parques de Minas Gerais receber\u00e3o investimentos federais"},"content":{"rendered":"\n<figure class=\"wp-block-image\"><img loading=\"lazy\" decoding=\"async\" width=\"1024\" height=\"683\" src=\"https:\/\/www.travel3.com.br\/site\/wp-content\/uploads\/2020\/07\/freedom-1327791_1920-1024x683.jpg\" alt=\"Minas Gerais Parques Estaduais Nacionais\" class=\"wp-image-34820\" srcset=\"https:\/\/www.travel3.com.br\/site\/wp-content\/uploads\/2020\/07\/freedom-1327791_1920-1024x683.jpg 1024w, https:\/\/www.travel3.com.br\/site\/wp-content\/uploads\/2020\/07\/freedom-1327791_1920-300x200.jpg 300w, https:\/\/www.travel3.com.br\/site\/wp-content\/uploads\/2020\/07\/freedom-1327791_1920-768x512.jpg 768w, https:\/\/www.travel3.com.br\/site\/wp-content\/uploads\/2020\/07\/freedom-1327791_1920-750x500.jpg 750w, https:\/\/www.travel3.com.br\/site\/wp-content\/uploads\/2020\/07\/freedom-1327791_1920-1140x760.jpg 1140w, https:\/\/www.travel3.com.br\/site\/wp-content\/uploads\/2020\/07\/freedom-1327791_1920.jpg 1920w\" sizes=\"auto, (max-width: 1024px) 100vw, 1024px\" \/><figcaption>(Foto: Divulga\u00e7\u00e3o)<\/figcaption><\/figure>\n\n\n\n<h3 class=\"wp-block-heading\" style=\"text-align:center\">Valor de R$ 150 milh\u00f5es \u00e9 fruto de acordo com a Vale, e ser\u00e1 repassado a 7 locais do estado<\/h3>\n\n\n\n<p>Os parques de Minas Gerais ir\u00e3o receber R$ 150 milh\u00f5es do Governo Federal, entre investimentos em reformas e promo\u00e7\u00e3o dos destinos. O an\u00fancio foi feito pelo Ministro do Turismo, Marcelo \u00c1lvaro Ant\u00f4nio, no \u00faltimo dia 6, em evento em Belo Horizonte.<\/p>\n\n\n\n<p>Na ocasi\u00e3o, estiveram presentes, al\u00e9m de \u00c1lvaro Ant\u00f4nio, o Ministro do Meio Ambiente, Ricardo Salles; o governador de Minas Gerais, Romeu Zema; o diretor da Vale, Luiz Ricardo Santiago; e outras lideran\u00e7as pol\u00edticas do estado.<\/p>\n\n\n\n<p>Os R$ 150 milh\u00f5es a serem investidos s\u00e3o parte de um acordo firmado entre o Governo Federal e a Vale &#8211; que arca com multas aplicadas ap\u00f3s a <a rel=\"noreferrer noopener\" aria-label=\"Brumadinho (opens in a new tab)\" href=\"https:\/\/www.travel3.com.br\/radio\/licoes-para-nao-serem-esquecidas\/\" target=\"_blank\">trag\u00e9dia de Brumadinho<\/a>. Os recursos ser\u00e3o destinados \u00e0 reforma de 7 parques nacionais = <a rel=\"noreferrer noopener\" aria-label=\"Serra do Cip\u00f3 (opens in a new tab)\" href=\"https:\/\/www.travel3.com.br\/comece-a-viajar\/serra-do-cipo-e-dica-para-quem-quer-viajar-depois-da-pandemia\/\" target=\"_blank\">Serra do Cip\u00f3<\/a> + Capara\u00f3 + Grande Sert\u00e3o Veredas + Canastra + Cavernas do Perua\u00e7u + Sempre-Vivas + Gandarela.<\/p>\n\n\n\n<p>Nesses locais, a Vale ir\u00e1 realizar obras que abrangem desde a infraestrutura at\u00e9 o incentivo ao ecoturismo e o combate a inc\u00eandios. Enquanto isso, o Minist\u00e9rio do Turismo ser\u00e1 respons\u00e1vel pela promo\u00e7\u00e3o e divulga\u00e7\u00e3o dos parques.<\/p>\n\n\n\n<blockquote class=\"wp-block-quote is-layout-flow wp-block-quote-is-layout-flow\"><p>Desde a trag\u00e9dia, os Governos Federal e Estadual tiveram uma atua\u00e7\u00e3o expressiva e fundamental. J\u00e1 existem estudos que o ecoturismo ser\u00e1 um dos segmentos mais procurados p\u00f3s pandemia. \u00c9 importante que tenhamos n\u00e3o apenas trilhas e espa\u00e7os estruturados, mas tamb\u00e9m um amplo trabalho de promo\u00e7\u00e3o.<\/p><p>Isto resultar\u00e1 em mais turistas e maior movimento para a economia, gerando empregos e renda para as popula\u00e7\u00f5es locais.<\/p><cite>Marcelo \u00c1lvaro Ant\u00f4nio &#8211; Ministro do Turismo<\/cite><\/blockquote>\n\n\n\n<h2 class=\"wp-block-heading\">Recursos tamb\u00e9m ser\u00e3o destinados a a\u00e7\u00f5es ambientais<\/h2>\n\n\n\n<p>Al\u00e9m do investimento nos parques de Minas Gerais, o acordo entre Governo Federal e Vale ir\u00e1 destinar R$ 100 milh\u00f5es ao Minist\u00e9rio do Meio Ambiente. Com os recursos, a pasta ir\u00e1 realizar obras de infraestrutura em cidades carentes de Minas; com foco em saneamento, em \u00e1reas verdes urbanas e no programa Lix\u00e3o Zero.<\/p>\n","protected":false},"excerpt":{"rendered":"<p>Valor de R$ 150 milh\u00f5es \u00e9 fruto de acordo com a Vale, e ser\u00e1 repassado a 7 locais do estado Os parques de Minas Gerais ir\u00e3o receber R$ 150 milh\u00f5es do Governo Federal, entre investimentos em reformas e promo\u00e7\u00e3o dos destinos. O an\u00fancio foi feito pelo Ministro do Turismo, Marcelo \u00c1lvaro Ant\u00f4nio, no \u00faltimo dia [&hellip;]<\/p>\n","protected":false},"author":6,"featured_media":34820,"comment_status":"open","ping_status":"open","sticky":false,"template":"","format":"standard","meta":{"footnotes":""},"categories":[969,226],"tags":[974,4043,355,4041],"class_list":["post-34586","post","type-post","status-publish","format-standard","has-post-thumbnail","hentry","category-acontece-no-turismo","category-destaque","tag-ecoturismo","tag-marcelo-alvaro-antonio","tag-minas-gerais","tag-ministerio-do-turismo"],"yoast_head":"<!-- This site is optimized with the Yoast SEO plugin v26.2 - https:\/\/yoast.com\/wordpress\/plugins\/seo\/ -->\n<title>Parques de Minas Gerais receber\u00e3o investimentos federais - Travel3<\/title>\n<meta name=\"description\" content=\"Parques de Minas Gerais receber\u00e3o investimentos federais; valor de R$ 150 milh\u00f5es \u00e9 fruto de acordo com a Vale, e ser\u00e1 repassado a 7 locais do estado\" \/>\n<meta name=\"robots\" content=\"index, follow, max-snippet:-1, max-image-preview:large, max-video-preview:-1\" \/>\n<link rel=\"canonical\" href=\"https:\/\/www.travel3.com.br\/site\/destaque\/parques-de-minas-gerais-receberao-investimentos-federais\/\" \/>\n<meta property=\"og:locale\" content=\"pt_BR\" \/>\n<meta property=\"og:type\" content=\"article\" \/>\n<meta property=\"og:title\" content=\"Parques de Minas Gerais receber\u00e3o investimentos federais - Travel3\" \/>\n<meta property=\"og:description\" content=\"Parques de Minas Gerais receber\u00e3o investimentos federais; valor de R$ 150 milh\u00f5es \u00e9 fruto de acordo com a Vale, e ser\u00e1 repassado a 7 locais do estado\" \/>\n<meta property=\"og:url\" content=\"https:\/\/www.travel3.com.br\/site\/destaque\/parques-de-minas-gerais-receberao-investimentos-federais\/\" \/>\n<meta property=\"og:site_name\" content=\"Travel3\" \/>\n<meta property=\"article:publisher\" content=\"https:\/\/www.facebook.com\/travel3media\/\" \/>\n<meta property=\"article:published_time\" content=\"2020-07-16T08:00:23+00:00\" \/>\n<meta property=\"og:image\" content=\"https:\/\/www.travel3.com.br\/site\/wp-content\/uploads\/2020\/07\/freedom-1327791_1920.jpg\" \/>\n\t<meta property=\"og:image:width\" content=\"1920\" \/>\n\t<meta property=\"og:image:height\" content=\"1280\" \/>\n\t<meta property=\"og:image:type\" content=\"image\/jpeg\" \/>\n<meta name=\"author\" content=\"Reda\u00e7\u00e3o Travel3\" \/>\n<meta name=\"twitter:card\" content=\"summary_large_image\" \/>\n<meta name=\"twitter:label1\" content=\"Escrito por\" \/>\n\t<meta name=\"twitter:data1\" content=\"Reda\u00e7\u00e3o Travel3\" \/>\n\t<meta name=\"twitter:label2\" content=\"Est. tempo de leitura\" \/>\n\t<meta name=\"twitter:data2\" content=\"2 minutos\" \/>\n<script type=\"application\/ld+json\" class=\"yoast-schema-graph\">{\"@context\":\"https:\/\/schema.org\",\"@graph\":[{\"@type\":\"Article\",\"@id\":\"https:\/\/www.travel3.com.br\/site\/destaque\/parques-de-minas-gerais-receberao-investimentos-federais\/#article\",\"isPartOf\":{\"@id\":\"https:\/\/www.travel3.com.br\/site\/destaque\/parques-de-minas-gerais-receberao-investimentos-federais\/\"},\"author\":{\"name\":\"Reda\u00e7\u00e3o Travel3\",\"@id\":\"https:\/\/www.travel3.com.br\/site\/#\/schema\/person\/9cff8daac0a2f1aa0799f827b8aa8308\"},\"headline\":\"Parques de Minas Gerais receber\u00e3o investimentos federais\",\"datePublished\":\"2020-07-16T08:00:23+00:00\",\"mainEntityOfPage\":{\"@id\":\"https:\/\/www.travel3.com.br\/site\/destaque\/parques-de-minas-gerais-receberao-investimentos-federais\/\"},\"wordCount\":357,\"commentCount\":0,\"publisher\":{\"@id\":\"https:\/\/www.travel3.com.br\/site\/#organization\"},\"image\":{\"@id\":\"https:\/\/www.travel3.com.br\/site\/destaque\/parques-de-minas-gerais-receberao-investimentos-federais\/#primaryimage\"},\"thumbnailUrl\":\"https:\/\/www.travel3.com.br\/site\/wp-content\/uploads\/2020\/07\/freedom-1327791_1920.jpg\",\"keywords\":[\"ecoturismo\",\"Marcelo \u00c1lvaro Ant\u00f4nio\",\"Minas Gerais\",\"Minist\u00e9rio do Turismo\"],\"articleSection\":[\"Acontece no Turismo\",\"Destaque\"],\"inLanguage\":\"pt-BR\",\"potentialAction\":[{\"@type\":\"CommentAction\",\"name\":\"Comment\",\"target\":[\"https:\/\/www.travel3.com.br\/site\/destaque\/parques-de-minas-gerais-receberao-investimentos-federais\/#respond\"]}]},{\"@type\":\"WebPage\",\"@id\":\"https:\/\/www.travel3.com.br\/site\/destaque\/parques-de-minas-gerais-receberao-investimentos-federais\/\",\"url\":\"https:\/\/www.travel3.com.br\/site\/destaque\/parques-de-minas-gerais-receberao-investimentos-federais\/\",\"name\":\"Parques de Minas Gerais receber\u00e3o investimentos federais - Travel3\",\"isPartOf\":{\"@id\":\"https:\/\/www.travel3.com.br\/site\/#website\"},\"primaryImageOfPage\":{\"@id\":\"https:\/\/www.travel3.com.br\/site\/destaque\/parques-de-minas-gerais-receberao-investimentos-federais\/#primaryimage\"},\"image\":{\"@id\":\"https:\/\/www.travel3.com.br\/site\/destaque\/parques-de-minas-gerais-receberao-investimentos-federais\/#primaryimage\"},\"thumbnailUrl\":\"https:\/\/www.travel3.com.br\/site\/wp-content\/uploads\/2020\/07\/freedom-1327791_1920.jpg\",\"datePublished\":\"2020-07-16T08:00:23+00:00\",\"description\":\"Parques de Minas Gerais receber\u00e3o investimentos federais; valor de R$ 150 milh\u00f5es \u00e9 fruto de acordo com a Vale, e ser\u00e1 repassado a 7 locais do estado\",\"breadcrumb\":{\"@id\":\"https:\/\/www.travel3.com.br\/site\/destaque\/parques-de-minas-gerais-receberao-investimentos-federais\/#breadcrumb\"},\"inLanguage\":\"pt-BR\",\"potentialAction\":[{\"@type\":\"ReadAction\",\"target\":[\"https:\/\/www.travel3.com.br\/site\/destaque\/parques-de-minas-gerais-receberao-investimentos-federais\/\"]}]},{\"@type\":\"ImageObject\",\"inLanguage\":\"pt-BR\",\"@id\":\"https:\/\/www.travel3.com.br\/site\/destaque\/parques-de-minas-gerais-receberao-investimentos-federais\/#primaryimage\",\"url\":\"https:\/\/www.travel3.com.br\/site\/wp-content\/uploads\/2020\/07\/freedom-1327791_1920.jpg\",\"contentUrl\":\"https:\/\/www.travel3.com.br\/site\/wp-content\/uploads\/2020\/07\/freedom-1327791_1920.jpg\",\"width\":1920,\"height\":1280,\"caption\":\"(Foto: Divulga\u00e7\u00e3o)\"},{\"@type\":\"BreadcrumbList\",\"@id\":\"https:\/\/www.travel3.com.br\/site\/destaque\/parques-de-minas-gerais-receberao-investimentos-federais\/#breadcrumb\",\"itemListElement\":[{\"@type\":\"ListItem\",\"position\":1,\"name\":\"In\u00edcio\",\"item\":\"https:\/\/www.travel3.com.br\/site\/\"},{\"@type\":\"ListItem\",\"position\":2,\"name\":\"Parques de Minas Gerais receber\u00e3o investimentos federais\"}]},{\"@type\":\"WebSite\",\"@id\":\"https:\/\/www.travel3.com.br\/site\/#website\",\"url\":\"https:\/\/www.travel3.com.br\/site\/\",\"name\":\"Travel3\",\"description\":\"Lazer + Neg&oacute;cios + Aventura\",\"publisher\":{\"@id\":\"https:\/\/www.travel3.com.br\/site\/#organization\"},\"potentialAction\":[{\"@type\":\"SearchAction\",\"target\":{\"@type\":\"EntryPoint\",\"urlTemplate\":\"https:\/\/www.travel3.com.br\/site\/?s={search_term_string}\"},\"query-input\":{\"@type\":\"PropertyValueSpecification\",\"valueRequired\":true,\"valueName\":\"search_term_string\"}}],\"inLanguage\":\"pt-BR\"},{\"@type\":\"Organization\",\"@id\":\"https:\/\/www.travel3.com.br\/site\/#organization\",\"name\":\"Travel3\",\"url\":\"https:\/\/www.travel3.com.br\/site\/\",\"logo\":{\"@type\":\"ImageObject\",\"inLanguage\":\"pt-BR\",\"@id\":\"https:\/\/www.travel3.com.br\/site\/#\/schema\/logo\/image\/\",\"url\":\"https:\/\/www.travel3.com.br\/site\/wp-content\/uploads\/2020\/01\/logo-travel3-2020.png\",\"contentUrl\":\"https:\/\/www.travel3.com.br\/site\/wp-content\/uploads\/2020\/01\/logo-travel3-2020.png\",\"width\":232,\"height\":79,\"caption\":\"Travel3\"},\"image\":{\"@id\":\"https:\/\/www.travel3.com.br\/site\/#\/schema\/logo\/image\/\"},\"sameAs\":[\"https:\/\/www.facebook.com\/travel3media\/\",\"https:\/\/www.instagram.com\/revistatravel3\/\",\"https:\/\/www.youtube.com\/channel\/UCno7J4paGBR3VbZQzvoJ9Eg\"]},{\"@type\":\"Person\",\"@id\":\"https:\/\/www.travel3.com.br\/site\/#\/schema\/person\/9cff8daac0a2f1aa0799f827b8aa8308\",\"name\":\"Reda\u00e7\u00e3o Travel3\",\"image\":{\"@type\":\"ImageObject\",\"inLanguage\":\"pt-BR\",\"@id\":\"https:\/\/www.travel3.com.br\/site\/#\/schema\/person\/image\/\",\"url\":\"https:\/\/secure.gravatar.com\/avatar\/6e6125525e1f04b7b8c607d71556e490?s=96&d=mm&r=g\",\"contentUrl\":\"https:\/\/secure.gravatar.com\/avatar\/6e6125525e1f04b7b8c607d71556e490?s=96&d=mm&r=g\",\"caption\":\"Reda\u00e7\u00e3o Travel3\"},\"sameAs\":[\"http:\/\/www.travel3.com.br\"],\"url\":\"https:\/\/www.travel3.com.br\/site\/author\/redacao2\/\"}]}<\/script>\n<!-- \/ Yoast SEO plugin. -->","yoast_head_json":{"title":"Parques de Minas Gerais receber\u00e3o investimentos federais - Travel3","description":"Parques de Minas Gerais receber\u00e3o investimentos federais; valor de R$ 150 milh\u00f5es \u00e9 fruto de acordo com a Vale, e ser\u00e1 repassado a 7 locais do estado","robots":{"index":"index","follow":"follow","max-snippet":"max-snippet:-1","max-image-preview":"max-image-preview:large","max-video-preview":"max-video-preview:-1"},"canonical":"https:\/\/www.travel3.com.br\/site\/destaque\/parques-de-minas-gerais-receberao-investimentos-federais\/","og_locale":"pt_BR","og_type":"article","og_title":"Parques de Minas Gerais receber\u00e3o investimentos federais - Travel3","og_description":"Parques de Minas Gerais receber\u00e3o investimentos federais; valor de R$ 150 milh\u00f5es \u00e9 fruto de acordo com a Vale, e ser\u00e1 repassado a 7 locais do estado","og_url":"https:\/\/www.travel3.com.br\/site\/destaque\/parques-de-minas-gerais-receberao-investimentos-federais\/","og_site_name":"Travel3","article_publisher":"https:\/\/www.facebook.com\/travel3media\/","article_published_time":"2020-07-16T08:00:23+00:00","og_image":[{"width":1920,"height":1280,"url":"https:\/\/www.travel3.com.br\/site\/wp-content\/uploads\/2020\/07\/freedom-1327791_1920.jpg","type":"image\/jpeg"}],"author":"Reda\u00e7\u00e3o Travel3","twitter_card":"summary_large_image","twitter_misc":{"Escrito por":"Reda\u00e7\u00e3o Travel3","Est. tempo de leitura":"2 minutos"},"schema":{"@context":"https:\/\/schema.org","@graph":[{"@type":"Article","@id":"https:\/\/www.travel3.com.br\/site\/destaque\/parques-de-minas-gerais-receberao-investimentos-federais\/#article","isPartOf":{"@id":"https:\/\/www.travel3.com.br\/site\/destaque\/parques-de-minas-gerais-receberao-investimentos-federais\/"},"author":{"name":"Reda\u00e7\u00e3o Travel3","@id":"https:\/\/www.travel3.com.br\/site\/#\/schema\/person\/9cff8daac0a2f1aa0799f827b8aa8308"},"headline":"Parques de Minas Gerais receber\u00e3o investimentos federais","datePublished":"2020-07-16T08:00:23+00:00","mainEntityOfPage":{"@id":"https:\/\/www.travel3.com.br\/site\/destaque\/parques-de-minas-gerais-receberao-investimentos-federais\/"},"wordCount":357,"commentCount":0,"publisher":{"@id":"https:\/\/www.travel3.com.br\/site\/#organization"},"image":{"@id":"https:\/\/www.travel3.com.br\/site\/destaque\/parques-de-minas-gerais-receberao-investimentos-federais\/#primaryimage"},"thumbnailUrl":"https:\/\/www.travel3.com.br\/site\/wp-content\/uploads\/2020\/07\/freedom-1327791_1920.jpg","keywords":["ecoturismo","Marcelo \u00c1lvaro Ant\u00f4nio","Minas Gerais","Minist\u00e9rio do Turismo"],"articleSection":["Acontece no Turismo","Destaque"],"inLanguage":"pt-BR","potentialAction":[{"@type":"CommentAction","name":"Comment","target":["https:\/\/www.travel3.com.br\/site\/destaque\/parques-de-minas-gerais-receberao-investimentos-federais\/#respond"]}]},{"@type":"WebPage","@id":"https:\/\/www.travel3.com.br\/site\/destaque\/parques-de-minas-gerais-receberao-investimentos-federais\/","url":"https:\/\/www.travel3.com.br\/site\/destaque\/parques-de-minas-gerais-receberao-investimentos-federais\/","name":"Parques de Minas Gerais receber\u00e3o investimentos federais - Travel3","isPartOf":{"@id":"https:\/\/www.travel3.com.br\/site\/#website"},"primaryImageOfPage":{"@id":"https:\/\/www.travel3.com.br\/site\/destaque\/parques-de-minas-gerais-receberao-investimentos-federais\/#primaryimage"},"image":{"@id":"https:\/\/www.travel3.com.br\/site\/destaque\/parques-de-minas-gerais-receberao-investimentos-federais\/#primaryimage"},"thumbnailUrl":"https:\/\/www.travel3.com.br\/site\/wp-content\/uploads\/2020\/07\/freedom-1327791_1920.jpg","datePublished":"2020-07-16T08:00:23+00:00","description":"Parques de Minas Gerais receber\u00e3o investimentos federais; valor de R$ 150 milh\u00f5es \u00e9 fruto de acordo com a Vale, e ser\u00e1 repassado a 7 locais do estado","breadcrumb":{"@id":"https:\/\/www.travel3.com.br\/site\/destaque\/parques-de-minas-gerais-receberao-investimentos-federais\/#breadcrumb"},"inLanguage":"pt-BR","potentialAction":[{"@type":"ReadAction","target":["https:\/\/www.travel3.com.br\/site\/destaque\/parques-de-minas-gerais-receberao-investimentos-federais\/"]}]},{"@type":"ImageObject","inLanguage":"pt-BR","@id":"https:\/\/www.travel3.com.br\/site\/destaque\/parques-de-minas-gerais-receberao-investimentos-federais\/#primaryimage","url":"https:\/\/www.travel3.com.br\/site\/wp-content\/uploads\/2020\/07\/freedom-1327791_1920.jpg","contentUrl":"https:\/\/www.travel3.com.br\/site\/wp-content\/uploads\/2020\/07\/freedom-1327791_1920.jpg","width":1920,"height":1280,"caption":"(Foto: Divulga\u00e7\u00e3o)"},{"@type":"BreadcrumbList","@id":"https:\/\/www.travel3.com.br\/site\/destaque\/parques-de-minas-gerais-receberao-investimentos-federais\/#breadcrumb","itemListElement":[{"@type":"ListItem","position":1,"name":"In\u00edcio","item":"https:\/\/www.travel3.com.br\/site\/"},{"@type":"ListItem","position":2,"name":"Parques de Minas Gerais receber\u00e3o investimentos federais"}]},{"@type":"WebSite","@id":"https:\/\/www.travel3.com.br\/site\/#website","url":"https:\/\/www.travel3.com.br\/site\/","name":"Travel3","description":"Lazer + Neg&oacute;cios + Aventura","publisher":{"@id":"https:\/\/www.travel3.com.br\/site\/#organization"},"potentialAction":[{"@type":"SearchAction","target":{"@type":"EntryPoint","urlTemplate":"https:\/\/www.travel3.com.br\/site\/?s={search_term_string}"},"query-input":{"@type":"PropertyValueSpecification","valueRequired":true,"valueName":"search_term_string"}}],"inLanguage":"pt-BR"},{"@type":"Organization","@id":"https:\/\/www.travel3.com.br\/site\/#organization","name":"Travel3","url":"https:\/\/www.travel3.com.br\/site\/","logo":{"@type":"ImageObject","inLanguage":"pt-BR","@id":"https:\/\/www.travel3.com.br\/site\/#\/schema\/logo\/image\/","url":"https:\/\/www.travel3.com.br\/site\/wp-content\/uploads\/2020\/01\/logo-travel3-2020.png","contentUrl":"https:\/\/www.travel3.com.br\/site\/wp-content\/uploads\/2020\/01\/logo-travel3-2020.png","width":232,"height":79,"caption":"Travel3"},"image":{"@id":"https:\/\/www.travel3.com.br\/site\/#\/schema\/logo\/image\/"},"sameAs":["https:\/\/www.facebook.com\/travel3media\/","https:\/\/www.instagram.com\/revistatravel3\/","https:\/\/www.youtube.com\/channel\/UCno7J4paGBR3VbZQzvoJ9Eg"]},{"@type":"Person","@id":"https:\/\/www.travel3.com.br\/site\/#\/schema\/person\/9cff8daac0a2f1aa0799f827b8aa8308","name":"Reda\u00e7\u00e3o Travel3","image":{"@type":"ImageObject","inLanguage":"pt-BR","@id":"https:\/\/www.travel3.com.br\/site\/#\/schema\/person\/image\/","url":"https:\/\/secure.gravatar.com\/avatar\/6e6125525e1f04b7b8c607d71556e490?s=96&d=mm&r=g","contentUrl":"https:\/\/secure.gravatar.com\/avatar\/6e6125525e1f04b7b8c607d71556e490?s=96&d=mm&r=g","caption":"Reda\u00e7\u00e3o Travel3"},"sameAs":["http:\/\/www.travel3.com.br"],"url":"https:\/\/www.travel3.com.br\/site\/author\/redacao2\/"}]}},"_links":{"self":[{"href":"https:\/\/www.travel3.com.br\/site\/wp-json\/wp\/v2\/posts\/34586","targetHints":{"allow":["GET"]}}],"collection":[{"href":"https:\/\/www.travel3.com.br\/site\/wp-json\/wp\/v2\/posts"}],"about":[{"href":"https:\/\/www.travel3.com.br\/site\/wp-json\/wp\/v2\/types\/post"}],"author":[{"embeddable":true,"href":"https:\/\/www.travel3.com.br\/site\/wp-json\/wp\/v2\/users\/6"}],"replies":[{"embeddable":true,"href":"https:\/\/www.travel3.com.br\/site\/wp-json\/wp\/v2\/comments?post=34586"}],"version-history":[{"count":3,"href":"https:\/\/www.travel3.com.br\/site\/wp-json\/wp\/v2\/posts\/34586\/revisions"}],"predecessor-version":[{"id":34822,"href":"https:\/\/www.travel3.com.br\/site\/wp-json\/wp\/v2\/posts\/34586\/revisions\/34822"}],"wp:featuredmedia":[{"embeddable":true,"href":"https:\/\/www.travel3.com.br\/site\/wp-json\/wp\/v2\/media\/34820"}],"wp:attachment":[{"href":"https:\/\/www.travel3.com.br\/site\/wp-json\/wp\/v2\/media?parent=34586"}],"wp:term":[{"taxonomy":"category","embeddable":true,"href":"https:\/\/www.travel3.com.br\/site\/wp-json\/wp\/v2\/categories?post=34586"},{"taxonomy":"post_tag","embeddable":true,"href":"https:\/\/www.travel3.com.br\/site\/wp-json\/wp\/v2\/tags?post=34586"}],"curies":[{"name":"wp","href":"https:\/\/api.w.org\/{rel}","templated":true}]}}