{"id":34542,"date":"2020-07-14T05:00:40","date_gmt":"2020-07-14T08:00:40","guid":{"rendered":"https:\/\/www.travel3.com.br\/?p=34542"},"modified":"2020-07-12T12:49:18","modified_gmt":"2020-07-12T15:49:18","slug":"trend-celebra-28-anos","status":"publish","type":"post","link":"https:\/\/www.travel3.com.br\/site\/destaque\/trend-celebra-28-anos\/","title":{"rendered":"Trend celebra 28 anos com ofertas para a retomada das viagens"},"content":{"rendered":"\n<figure class=\"wp-block-image\"><img loading=\"lazy\" decoding=\"async\" width=\"1024\" height=\"680\" src=\"https:\/\/www.travel3.com.br\/site\/wp-content\/uploads\/2020\/07\/stars-1128772_1920-1024x680.jpg\" alt=\"estrelas classifica\u00e7\u00e3o hotel\" class=\"wp-image-34810\" srcset=\"https:\/\/www.travel3.com.br\/site\/wp-content\/uploads\/2020\/07\/stars-1128772_1920-1024x680.jpg 1024w, https:\/\/www.travel3.com.br\/site\/wp-content\/uploads\/2020\/07\/stars-1128772_1920-300x199.jpg 300w, https:\/\/www.travel3.com.br\/site\/wp-content\/uploads\/2020\/07\/stars-1128772_1920-768x510.jpg 768w, https:\/\/www.travel3.com.br\/site\/wp-content\/uploads\/2020\/07\/stars-1128772_1920-750x498.jpg 750w, https:\/\/www.travel3.com.br\/site\/wp-content\/uploads\/2020\/07\/stars-1128772_1920-1140x757.jpg 1140w, https:\/\/www.travel3.com.br\/site\/wp-content\/uploads\/2020\/07\/stars-1128772_1920.jpg 1920w\" sizes=\"auto, (max-width: 1024px) 100vw, 1024px\" \/><figcaption>(Foto: Divulga\u00e7\u00e3o)<\/figcaption><\/figure>\n\n\n\n<h3 class=\"wp-block-heading\" style=\"text-align:center\">Em julho, consolidadora da CVC Corp re\u00fane mais de 1.000 hot\u00e9is com descontos de at\u00e9 50%<\/h3>\n\n\n\n<p>A Trend celebra 28 anos no pr\u00f3ximo dia 23, e anunciou uma s\u00e9rie de a\u00e7\u00f5es para comemorar a data junto aos clientes. Ao longo do m\u00eas de julho, a consolidadora ir\u00e1 promover desde descontos e servi\u00e7os especiais at\u00e9 treinamentos e encontros virtuais com agentes.<\/p>\n\n\n\n<p>Na hotelaria nacional, por exemplo, s\u00e3o mais de 1.000 hot\u00e9is com descontos de at\u00e9 50% em compara\u00e7\u00e3o com 2019. As ofertas tamb\u00e9m incluem servi\u00e7os especiais como <em>upgrade <\/em>garantido + <em>early check-in +<\/em> <em>late check-out free <\/em>+ regime <em>all inclusive <\/em>pelo valor de meia pens\u00e3o.<\/p>\n\n\n\n<p>Enquanto isso, na hotelaria internacional, destacam-se os embarques para 2021; que ganham descontos de at\u00e9 40%. Nos Estados Unidos, por exemplo, s\u00e3o oferecidas vantagens como tarifas flex\u00edveis + hospedagem gr\u00e1tis para crian\u00e7as + promo\u00e7\u00f5es nos parques de Orlando; como 3 parques pelo pre\u00e7o de 2 ou 2 dias extras na compra de 2 dias de parque.<\/p>\n\n\n\n<p>A Trend tamb\u00e9m celebra os 28 anos com pre\u00e7os especiais da <a href=\"https:\/\/www.travel3.com.br\/acontece-no-turismo\/vacation-homes-collection\/\">VHC<\/a>; empresa especializada em administra\u00e7\u00e3o e loca\u00e7\u00e3o de casas de f\u00e9rias. At\u00e9 o fim de julho, casas nos EUA e em <a href=\"https:\/\/www.travel3.com.br\/acontece-no-turismo\/gramado-permite-reabertura-de-hoteis-parques-e-museus\/\" target=\"_blank\" rel=\"noreferrer noopener\" aria-label=\"Gramado (opens in a new tab)\">Gramado<\/a> poder\u00e3o ser alugadas com 20% de desconto, para embarques at\u00e9 31\/01\/2021.<\/p>\n\n\n\n<p>E o m\u00eas de julho tamb\u00e9m \u00e9 marcado pela volta das atividades da Central do Carro. A empresa estava em pausa desde o in\u00edcio da quarentena, e anunciou o retorno com descontos de at\u00e9 15% + condi\u00e7\u00f5es especiais, como isen\u00e7\u00e3o de taxa de retorno.<\/p>\n\n\n\n<blockquote class=\"wp-block-quote is-layout-flow wp-block-quote-is-layout-flow\"><p>A Trend completa mais um ano e segue como a maior consolidadora hoteleira do pa\u00eds, trazendo uma s\u00e9rie de benef\u00edcios aos agentes de viagens. Esse \u00e9 o foco de todas as nossas marcas B2B, que trabalham alinhadas e com servi\u00e7os complementares para atender esses nossos parceiros t\u00e3o importantes.<\/p><p>Parab\u00e9ns, Trend, e que venham muitos anos mais.<\/p><cite>Luciano Guimar\u00e3es &#8211; Diretor da Unidade de Neg\u00f3cios B2B da CVC Corp<\/cite><\/blockquote>\n\n\n\n<h2 class=\"wp-block-heading\">Eventos e a\u00e7\u00f5es virtuais<\/h2>\n\n\n\n<p>A Trend tamb\u00e9m celebra os 28 anos com eventos e a\u00e7\u00f5es virtuais; e o cronograma da consolidadora prev\u00ea, por exemplo, treinamentos para colaboradores e agentes de viagens. Com os principais fornecedores, os encontros virtuais ir\u00e3o abordar temas como ingressos e retomada de parques. <\/p>\n\n\n\n<p>Al\u00e9m disso, durante o m\u00eas, as visitas virtuais da consolidadora a ag\u00eancias parceiras tamb\u00e9m ter\u00e3o formato especial; al\u00e9m da participa\u00e7\u00e3o de executivos e da equipe de produtos da consolidadora.<\/p>\n\n\n\n<p>Por fim, rodadas de neg\u00f3cios com clientes ir\u00e3o reunir equipes de vendas e produtos + parceiros de hotelaria, carros e parques.<\/p>\n\n\n\n<h3 class=\"wp-block-heading\" style=\"text-align:center\">Saiba mais = <a href=\"https:\/\/www.trendviagens.com.br\/28anos\/?utm_source=akna&amp;utm_medium=email&amp;utm_campaign=2020-07-03-Aniversario-TREND\" target=\"_blank\" rel=\"noreferrer noopener\" aria-label=\"trendviagens.com.br (opens in a new tab)\">trendviagens.com.br<\/a><\/h3>\n","protected":false},"excerpt":{"rendered":"<p>Em julho, consolidadora da CVC Corp re\u00fane mais de 1.000 hot\u00e9is com descontos de at\u00e9 50% A Trend celebra 28 anos no pr\u00f3ximo dia 23, e anunciou uma s\u00e9rie de a\u00e7\u00f5es para comemorar a data junto aos clientes. Ao longo do m\u00eas de julho, a consolidadora ir\u00e1 promover desde descontos e servi\u00e7os especiais at\u00e9 treinamentos [&hellip;]<\/p>\n","protected":false},"author":6,"featured_media":34810,"comment_status":"open","ping_status":"open","sticky":false,"template":"","format":"standard","meta":{"footnotes":""},"categories":[969,226,4],"tags":[3077,4117,4003,4193],"class_list":["post-34542","post","type-post","status-publish","format-standard","has-post-thumbnail","hentry","category-acontece-no-turismo","category-destaque","category-operadoras","tag-cvc-corp","tag-retomada-do-turismo","tag-trend","tag-trend-consolidadora"],"yoast_head":"<!-- This site is optimized with the Yoast SEO plugin v26.2 - https:\/\/yoast.com\/wordpress\/plugins\/seo\/ -->\n<title>Trend celebra 28 anos com ofertas para a retomada das viagens - Travel3<\/title>\n<meta name=\"description\" content=\"Trend celebra 28 anos com ofertas para a retomada das viagens; em julho, consolidadora da CVC Corp re\u00fane mais de 1.000 hot\u00e9is com descontos de at\u00e9 50%\" \/>\n<meta name=\"robots\" content=\"index, follow, max-snippet:-1, max-image-preview:large, max-video-preview:-1\" \/>\n<link rel=\"canonical\" href=\"https:\/\/www.travel3.com.br\/site\/destaque\/trend-celebra-28-anos\/\" \/>\n<meta property=\"og:locale\" content=\"pt_BR\" \/>\n<meta property=\"og:type\" content=\"article\" \/>\n<meta property=\"og:title\" content=\"Trend celebra 28 anos com ofertas para a retomada das viagens - Travel3\" \/>\n<meta property=\"og:description\" content=\"Trend celebra 28 anos com ofertas para a retomada das viagens; em julho, consolidadora da CVC Corp re\u00fane mais de 1.000 hot\u00e9is com descontos de at\u00e9 50%\" \/>\n<meta property=\"og:url\" content=\"https:\/\/www.travel3.com.br\/site\/destaque\/trend-celebra-28-anos\/\" \/>\n<meta property=\"og:site_name\" content=\"Travel3\" \/>\n<meta property=\"article:publisher\" content=\"https:\/\/www.facebook.com\/travel3media\/\" \/>\n<meta property=\"article:published_time\" content=\"2020-07-14T08:00:40+00:00\" \/>\n<meta property=\"og:image\" content=\"https:\/\/www.travel3.com.br\/site\/wp-content\/uploads\/2020\/07\/stars-1128772_1920.jpg\" \/>\n\t<meta property=\"og:image:width\" content=\"1920\" \/>\n\t<meta property=\"og:image:height\" content=\"1275\" \/>\n\t<meta property=\"og:image:type\" content=\"image\/jpeg\" \/>\n<meta name=\"author\" content=\"Reda\u00e7\u00e3o Travel3\" \/>\n<meta name=\"twitter:card\" content=\"summary_large_image\" \/>\n<meta name=\"twitter:label1\" content=\"Escrito por\" \/>\n\t<meta name=\"twitter:data1\" content=\"Reda\u00e7\u00e3o Travel3\" \/>\n\t<meta name=\"twitter:label2\" content=\"Est. tempo de leitura\" \/>\n\t<meta name=\"twitter:data2\" content=\"2 minutos\" \/>\n<script type=\"application\/ld+json\" class=\"yoast-schema-graph\">{\"@context\":\"https:\/\/schema.org\",\"@graph\":[{\"@type\":\"Article\",\"@id\":\"https:\/\/www.travel3.com.br\/site\/destaque\/trend-celebra-28-anos\/#article\",\"isPartOf\":{\"@id\":\"https:\/\/www.travel3.com.br\/site\/destaque\/trend-celebra-28-anos\/\"},\"author\":{\"name\":\"Reda\u00e7\u00e3o Travel3\",\"@id\":\"https:\/\/www.travel3.com.br\/site\/#\/schema\/person\/9cff8daac0a2f1aa0799f827b8aa8308\"},\"headline\":\"Trend celebra 28 anos com ofertas para a retomada das viagens\",\"datePublished\":\"2020-07-14T08:00:40+00:00\",\"mainEntityOfPage\":{\"@id\":\"https:\/\/www.travel3.com.br\/site\/destaque\/trend-celebra-28-anos\/\"},\"wordCount\":457,\"commentCount\":0,\"publisher\":{\"@id\":\"https:\/\/www.travel3.com.br\/site\/#organization\"},\"image\":{\"@id\":\"https:\/\/www.travel3.com.br\/site\/destaque\/trend-celebra-28-anos\/#primaryimage\"},\"thumbnailUrl\":\"https:\/\/www.travel3.com.br\/site\/wp-content\/uploads\/2020\/07\/stars-1128772_1920.jpg\",\"keywords\":[\"cvc corp\",\"Retomada do Turismo\",\"Trend\",\"Trend Consolidadora\"],\"articleSection\":[\"Acontece no Turismo\",\"Destaque\",\"Operadoras\"],\"inLanguage\":\"pt-BR\",\"potentialAction\":[{\"@type\":\"CommentAction\",\"name\":\"Comment\",\"target\":[\"https:\/\/www.travel3.com.br\/site\/destaque\/trend-celebra-28-anos\/#respond\"]}]},{\"@type\":\"WebPage\",\"@id\":\"https:\/\/www.travel3.com.br\/site\/destaque\/trend-celebra-28-anos\/\",\"url\":\"https:\/\/www.travel3.com.br\/site\/destaque\/trend-celebra-28-anos\/\",\"name\":\"Trend celebra 28 anos com ofertas para a retomada das viagens - Travel3\",\"isPartOf\":{\"@id\":\"https:\/\/www.travel3.com.br\/site\/#website\"},\"primaryImageOfPage\":{\"@id\":\"https:\/\/www.travel3.com.br\/site\/destaque\/trend-celebra-28-anos\/#primaryimage\"},\"image\":{\"@id\":\"https:\/\/www.travel3.com.br\/site\/destaque\/trend-celebra-28-anos\/#primaryimage\"},\"thumbnailUrl\":\"https:\/\/www.travel3.com.br\/site\/wp-content\/uploads\/2020\/07\/stars-1128772_1920.jpg\",\"datePublished\":\"2020-07-14T08:00:40+00:00\",\"description\":\"Trend celebra 28 anos com ofertas para a retomada das viagens; em julho, consolidadora da CVC Corp re\u00fane mais de 1.000 hot\u00e9is com descontos de at\u00e9 50%\",\"breadcrumb\":{\"@id\":\"https:\/\/www.travel3.com.br\/site\/destaque\/trend-celebra-28-anos\/#breadcrumb\"},\"inLanguage\":\"pt-BR\",\"potentialAction\":[{\"@type\":\"ReadAction\",\"target\":[\"https:\/\/www.travel3.com.br\/site\/destaque\/trend-celebra-28-anos\/\"]}]},{\"@type\":\"ImageObject\",\"inLanguage\":\"pt-BR\",\"@id\":\"https:\/\/www.travel3.com.br\/site\/destaque\/trend-celebra-28-anos\/#primaryimage\",\"url\":\"https:\/\/www.travel3.com.br\/site\/wp-content\/uploads\/2020\/07\/stars-1128772_1920.jpg\",\"contentUrl\":\"https:\/\/www.travel3.com.br\/site\/wp-content\/uploads\/2020\/07\/stars-1128772_1920.jpg\",\"width\":1920,\"height\":1275,\"caption\":\"(Foto: Divulga\u00e7\u00e3o)\"},{\"@type\":\"BreadcrumbList\",\"@id\":\"https:\/\/www.travel3.com.br\/site\/destaque\/trend-celebra-28-anos\/#breadcrumb\",\"itemListElement\":[{\"@type\":\"ListItem\",\"position\":1,\"name\":\"In\u00edcio\",\"item\":\"https:\/\/www.travel3.com.br\/site\/\"},{\"@type\":\"ListItem\",\"position\":2,\"name\":\"Trend celebra 28 anos com ofertas para a retomada das viagens\"}]},{\"@type\":\"WebSite\",\"@id\":\"https:\/\/www.travel3.com.br\/site\/#website\",\"url\":\"https:\/\/www.travel3.com.br\/site\/\",\"name\":\"Travel3\",\"description\":\"Lazer + Neg&oacute;cios + Aventura\",\"publisher\":{\"@id\":\"https:\/\/www.travel3.com.br\/site\/#organization\"},\"potentialAction\":[{\"@type\":\"SearchAction\",\"target\":{\"@type\":\"EntryPoint\",\"urlTemplate\":\"https:\/\/www.travel3.com.br\/site\/?s={search_term_string}\"},\"query-input\":{\"@type\":\"PropertyValueSpecification\",\"valueRequired\":true,\"valueName\":\"search_term_string\"}}],\"inLanguage\":\"pt-BR\"},{\"@type\":\"Organization\",\"@id\":\"https:\/\/www.travel3.com.br\/site\/#organization\",\"name\":\"Travel3\",\"url\":\"https:\/\/www.travel3.com.br\/site\/\",\"logo\":{\"@type\":\"ImageObject\",\"inLanguage\":\"pt-BR\",\"@id\":\"https:\/\/www.travel3.com.br\/site\/#\/schema\/logo\/image\/\",\"url\":\"https:\/\/www.travel3.com.br\/site\/wp-content\/uploads\/2020\/01\/logo-travel3-2020.png\",\"contentUrl\":\"https:\/\/www.travel3.com.br\/site\/wp-content\/uploads\/2020\/01\/logo-travel3-2020.png\",\"width\":232,\"height\":79,\"caption\":\"Travel3\"},\"image\":{\"@id\":\"https:\/\/www.travel3.com.br\/site\/#\/schema\/logo\/image\/\"},\"sameAs\":[\"https:\/\/www.facebook.com\/travel3media\/\",\"https:\/\/www.instagram.com\/revistatravel3\/\",\"https:\/\/www.youtube.com\/channel\/UCno7J4paGBR3VbZQzvoJ9Eg\"]},{\"@type\":\"Person\",\"@id\":\"https:\/\/www.travel3.com.br\/site\/#\/schema\/person\/9cff8daac0a2f1aa0799f827b8aa8308\",\"name\":\"Reda\u00e7\u00e3o Travel3\",\"image\":{\"@type\":\"ImageObject\",\"inLanguage\":\"pt-BR\",\"@id\":\"https:\/\/www.travel3.com.br\/site\/#\/schema\/person\/image\/\",\"url\":\"https:\/\/secure.gravatar.com\/avatar\/6e6125525e1f04b7b8c607d71556e490?s=96&d=mm&r=g\",\"contentUrl\":\"https:\/\/secure.gravatar.com\/avatar\/6e6125525e1f04b7b8c607d71556e490?s=96&d=mm&r=g\",\"caption\":\"Reda\u00e7\u00e3o Travel3\"},\"sameAs\":[\"http:\/\/www.travel3.com.br\"],\"url\":\"https:\/\/www.travel3.com.br\/site\/author\/redacao2\/\"}]}<\/script>\n<!-- \/ Yoast SEO plugin. -->","yoast_head_json":{"title":"Trend celebra 28 anos com ofertas para a retomada das viagens - Travel3","description":"Trend celebra 28 anos com ofertas para a retomada das viagens; em julho, consolidadora da CVC Corp re\u00fane mais de 1.000 hot\u00e9is com descontos de at\u00e9 50%","robots":{"index":"index","follow":"follow","max-snippet":"max-snippet:-1","max-image-preview":"max-image-preview:large","max-video-preview":"max-video-preview:-1"},"canonical":"https:\/\/www.travel3.com.br\/site\/destaque\/trend-celebra-28-anos\/","og_locale":"pt_BR","og_type":"article","og_title":"Trend celebra 28 anos com ofertas para a retomada das viagens - Travel3","og_description":"Trend celebra 28 anos com ofertas para a retomada das viagens; em julho, consolidadora da CVC Corp re\u00fane mais de 1.000 hot\u00e9is com descontos de at\u00e9 50%","og_url":"https:\/\/www.travel3.com.br\/site\/destaque\/trend-celebra-28-anos\/","og_site_name":"Travel3","article_publisher":"https:\/\/www.facebook.com\/travel3media\/","article_published_time":"2020-07-14T08:00:40+00:00","og_image":[{"width":1920,"height":1275,"url":"https:\/\/www.travel3.com.br\/site\/wp-content\/uploads\/2020\/07\/stars-1128772_1920.jpg","type":"image\/jpeg"}],"author":"Reda\u00e7\u00e3o Travel3","twitter_card":"summary_large_image","twitter_misc":{"Escrito por":"Reda\u00e7\u00e3o Travel3","Est. tempo de leitura":"2 minutos"},"schema":{"@context":"https:\/\/schema.org","@graph":[{"@type":"Article","@id":"https:\/\/www.travel3.com.br\/site\/destaque\/trend-celebra-28-anos\/#article","isPartOf":{"@id":"https:\/\/www.travel3.com.br\/site\/destaque\/trend-celebra-28-anos\/"},"author":{"name":"Reda\u00e7\u00e3o Travel3","@id":"https:\/\/www.travel3.com.br\/site\/#\/schema\/person\/9cff8daac0a2f1aa0799f827b8aa8308"},"headline":"Trend celebra 28 anos com ofertas para a retomada das viagens","datePublished":"2020-07-14T08:00:40+00:00","mainEntityOfPage":{"@id":"https:\/\/www.travel3.com.br\/site\/destaque\/trend-celebra-28-anos\/"},"wordCount":457,"commentCount":0,"publisher":{"@id":"https:\/\/www.travel3.com.br\/site\/#organization"},"image":{"@id":"https:\/\/www.travel3.com.br\/site\/destaque\/trend-celebra-28-anos\/#primaryimage"},"thumbnailUrl":"https:\/\/www.travel3.com.br\/site\/wp-content\/uploads\/2020\/07\/stars-1128772_1920.jpg","keywords":["cvc corp","Retomada do Turismo","Trend","Trend Consolidadora"],"articleSection":["Acontece no Turismo","Destaque","Operadoras"],"inLanguage":"pt-BR","potentialAction":[{"@type":"CommentAction","name":"Comment","target":["https:\/\/www.travel3.com.br\/site\/destaque\/trend-celebra-28-anos\/#respond"]}]},{"@type":"WebPage","@id":"https:\/\/www.travel3.com.br\/site\/destaque\/trend-celebra-28-anos\/","url":"https:\/\/www.travel3.com.br\/site\/destaque\/trend-celebra-28-anos\/","name":"Trend celebra 28 anos com ofertas para a retomada das viagens - Travel3","isPartOf":{"@id":"https:\/\/www.travel3.com.br\/site\/#website"},"primaryImageOfPage":{"@id":"https:\/\/www.travel3.com.br\/site\/destaque\/trend-celebra-28-anos\/#primaryimage"},"image":{"@id":"https:\/\/www.travel3.com.br\/site\/destaque\/trend-celebra-28-anos\/#primaryimage"},"thumbnailUrl":"https:\/\/www.travel3.com.br\/site\/wp-content\/uploads\/2020\/07\/stars-1128772_1920.jpg","datePublished":"2020-07-14T08:00:40+00:00","description":"Trend celebra 28 anos com ofertas para a retomada das viagens; em julho, consolidadora da CVC Corp re\u00fane mais de 1.000 hot\u00e9is com descontos de at\u00e9 50%","breadcrumb":{"@id":"https:\/\/www.travel3.com.br\/site\/destaque\/trend-celebra-28-anos\/#breadcrumb"},"inLanguage":"pt-BR","potentialAction":[{"@type":"ReadAction","target":["https:\/\/www.travel3.com.br\/site\/destaque\/trend-celebra-28-anos\/"]}]},{"@type":"ImageObject","inLanguage":"pt-BR","@id":"https:\/\/www.travel3.com.br\/site\/destaque\/trend-celebra-28-anos\/#primaryimage","url":"https:\/\/www.travel3.com.br\/site\/wp-content\/uploads\/2020\/07\/stars-1128772_1920.jpg","contentUrl":"https:\/\/www.travel3.com.br\/site\/wp-content\/uploads\/2020\/07\/stars-1128772_1920.jpg","width":1920,"height":1275,"caption":"(Foto: Divulga\u00e7\u00e3o)"},{"@type":"BreadcrumbList","@id":"https:\/\/www.travel3.com.br\/site\/destaque\/trend-celebra-28-anos\/#breadcrumb","itemListElement":[{"@type":"ListItem","position":1,"name":"In\u00edcio","item":"https:\/\/www.travel3.com.br\/site\/"},{"@type":"ListItem","position":2,"name":"Trend celebra 28 anos com ofertas para a retomada das viagens"}]},{"@type":"WebSite","@id":"https:\/\/www.travel3.com.br\/site\/#website","url":"https:\/\/www.travel3.com.br\/site\/","name":"Travel3","description":"Lazer + Neg&oacute;cios + Aventura","publisher":{"@id":"https:\/\/www.travel3.com.br\/site\/#organization"},"potentialAction":[{"@type":"SearchAction","target":{"@type":"EntryPoint","urlTemplate":"https:\/\/www.travel3.com.br\/site\/?s={search_term_string}"},"query-input":{"@type":"PropertyValueSpecification","valueRequired":true,"valueName":"search_term_string"}}],"inLanguage":"pt-BR"},{"@type":"Organization","@id":"https:\/\/www.travel3.com.br\/site\/#organization","name":"Travel3","url":"https:\/\/www.travel3.com.br\/site\/","logo":{"@type":"ImageObject","inLanguage":"pt-BR","@id":"https:\/\/www.travel3.com.br\/site\/#\/schema\/logo\/image\/","url":"https:\/\/www.travel3.com.br\/site\/wp-content\/uploads\/2020\/01\/logo-travel3-2020.png","contentUrl":"https:\/\/www.travel3.com.br\/site\/wp-content\/uploads\/2020\/01\/logo-travel3-2020.png","width":232,"height":79,"caption":"Travel3"},"image":{"@id":"https:\/\/www.travel3.com.br\/site\/#\/schema\/logo\/image\/"},"sameAs":["https:\/\/www.facebook.com\/travel3media\/","https:\/\/www.instagram.com\/revistatravel3\/","https:\/\/www.youtube.com\/channel\/UCno7J4paGBR3VbZQzvoJ9Eg"]},{"@type":"Person","@id":"https:\/\/www.travel3.com.br\/site\/#\/schema\/person\/9cff8daac0a2f1aa0799f827b8aa8308","name":"Reda\u00e7\u00e3o Travel3","image":{"@type":"ImageObject","inLanguage":"pt-BR","@id":"https:\/\/www.travel3.com.br\/site\/#\/schema\/person\/image\/","url":"https:\/\/secure.gravatar.com\/avatar\/6e6125525e1f04b7b8c607d71556e490?s=96&d=mm&r=g","contentUrl":"https:\/\/secure.gravatar.com\/avatar\/6e6125525e1f04b7b8c607d71556e490?s=96&d=mm&r=g","caption":"Reda\u00e7\u00e3o Travel3"},"sameAs":["http:\/\/www.travel3.com.br"],"url":"https:\/\/www.travel3.com.br\/site\/author\/redacao2\/"}]}},"_links":{"self":[{"href":"https:\/\/www.travel3.com.br\/site\/wp-json\/wp\/v2\/posts\/34542","targetHints":{"allow":["GET"]}}],"collection":[{"href":"https:\/\/www.travel3.com.br\/site\/wp-json\/wp\/v2\/posts"}],"about":[{"href":"https:\/\/www.travel3.com.br\/site\/wp-json\/wp\/v2\/types\/post"}],"author":[{"embeddable":true,"href":"https:\/\/www.travel3.com.br\/site\/wp-json\/wp\/v2\/users\/6"}],"replies":[{"embeddable":true,"href":"https:\/\/www.travel3.com.br\/site\/wp-json\/wp\/v2\/comments?post=34542"}],"version-history":[{"count":4,"href":"https:\/\/www.travel3.com.br\/site\/wp-json\/wp\/v2\/posts\/34542\/revisions"}],"predecessor-version":[{"id":34812,"href":"https:\/\/www.travel3.com.br\/site\/wp-json\/wp\/v2\/posts\/34542\/revisions\/34812"}],"wp:featuredmedia":[{"embeddable":true,"href":"https:\/\/www.travel3.com.br\/site\/wp-json\/wp\/v2\/media\/34810"}],"wp:attachment":[{"href":"https:\/\/www.travel3.com.br\/site\/wp-json\/wp\/v2\/media?parent=34542"}],"wp:term":[{"taxonomy":"category","embeddable":true,"href":"https:\/\/www.travel3.com.br\/site\/wp-json\/wp\/v2\/categories?post=34542"},{"taxonomy":"post_tag","embeddable":true,"href":"https:\/\/www.travel3.com.br\/site\/wp-json\/wp\/v2\/tags?post=34542"}],"curies":[{"name":"wp","href":"https:\/\/api.w.org\/{rel}","templated":true}]}}