{"id":3454,"date":"2017-08-23T06:26:41","date_gmt":"2017-08-23T06:26:41","guid":{"rendered":"http:\/\/www.travel3.com.br\/site\/ir-e-vir\/ar\/setor-parlamentar-comemora-o-cinquentenario-da-embratur\/"},"modified":"2017-08-23T06:26:41","modified_gmt":"2017-08-23T06:26:41","slug":"setor-parlamentar-comemora-o-cinquentenario-da-embratur","status":"publish","type":"post","link":"https:\/\/www.travel3.com.br\/site\/sem-categoria\/setor-parlamentar-comemora-o-cinquentenario-da-embratur\/","title":{"rendered":"SETOR PARLAMENTAR COMEMORA O CINQUENTEN\u00c1RIO DA EMBRATUR"},"content":{"rendered":"<p><span style=\"color: #40acad; font-family: -apple-system, system-ui, 'Segoe UI', Roboto, Oxygen-Sans, Ubuntu, Cantarell, 'Helvetica Neue', sans-serif; font-size: 12px; font-weight: bold;\"><\/p>\n<p style=\"text-align:justify\">A C\u00e2mara dos Deputados celebrou os 50 anos da Embratur (Instituto Brasileiro de Turismo) e o presidente da Comiss\u00e3o de Turismo (CTur), deputado federal Herculano Passos (PSD-SP) foi o anfitri\u00e3o das comemora\u00e7\u00f5es, que come\u00e7aram com a realiza\u00e7\u00e3o do F\u00f3rum \u201cO Futuro do Turismo Internacional &#8211; Perspectivas Brasil\u201d e foram completados hoje (17), com uma sess\u00e3o solene no Plen\u00e1rio Ulysses Guimar\u00e3es.\u00a0<\/p>\n<p style=\"text-align:justify\">\u00a0\u201cA Embratur \u00e9 quem abre as portas do Brasil para os estrangeiros, mas, infelizmente, ainda n\u00e3o tem um or\u00e7amento compat\u00edvel com as necessidades do papel que exerce. Por isso, a Comiss\u00e3o de Turismo indicou, para o or\u00e7amento do ano que vem, uma emenda de R$ 400 milh\u00f5es para a divulga\u00e7\u00e3o do Brasil no exterior\u201d, confirmou o parlamentar.<\/p>\n<p style=\"text-align:justify\"><a class=\"fancybox-media\" href=\"..\/_uploads\/_noticia\/2016-11\/claudio-araujo--25-.jpg\" rel=\"portfolio\"><img decoding=\"async\" alt=\"\" src=\"..\/_uploads\/_noticia\/2016-11\/claudio-araujo--25-.jpg\" \/><\/a><\/p>\n<p style=\"text-align:justify\">Nos \u00faltimos 13 anos, as receitas cambiais do turismo brasileiro cresceram 132% gra\u00e7as \u00e0 atua\u00e7\u00e3o do instituto. No entanto, como atestou o presidente Vinicius Lummertz,\u00a0 afirmando que o pa\u00eds ainda est\u00e1 muito aqu\u00e9m do seu potencial. \u201cNo Oriente, pa\u00edses como a China e a Tail\u00e2ndia se transformaram em pot\u00eancias do turismo. O Jap\u00e3o recentemente duplicou sua meta de 20 milh\u00f5es para 40 milh\u00f5es de turistas internacionais. E mesmo a Austr\u00e1lia, com n\u00fameros parecidos com os nossos, fatura cinco vezes mais, \u00a0apoiando-se na cultura e nos parques naturais\u201d.<\/p>\n<p style=\"text-align:justify\">A proposta de Lummertz para fazer frente a esse mercado competitivo \u00e9 revisar o modelo institucional da entidade, modernizando-a e ganhando flexibilidade em parcerias com a iniciativa privada, estados e munic\u00edpios. \u201cQueremos alcan\u00e7ar, at\u00e9 2022, 12 milh\u00f5es de turistas e U$ 19 bilh\u00f5es em receita cambial, patamar de crescimento in\u00e9dito do setor no Brasil\u201d, assinalou.<\/p>\n<p style=\"text-align:justify\">A Embratur passa agora para uma fase mais tecnol\u00f3gica, se tornando uma plataforma de divulga\u00e7\u00e3o do Brasil no exterior. \u201cEstamos nos projetando um digital forte e com plano estrat\u00e9gico forte nessa dire\u00e7\u00e3o, buscando o entendimento do governo de que a pol\u00edtica do turismo tem que ser uma pol\u00edtica de Estado. O tamanho de pa\u00eds que n\u00f3s temos justifica um grande projeto de turismo e \u00e9 isso que n\u00f3s estamos defendendo\u201d.<\/p>\n<p style=\"text-align:justify\">O ministro do turismo, Marx Beltr\u00e3o, indicou que h\u00e1 interesse do governo de fazer do turismo uma pol\u00edtica de estado. \u201cHouve uma decis\u00e3o de que o turismo deveria ser levado a s\u00e9rio, com investimentos em infraestrutura e promo\u00e7\u00e3o internacional. Estamos discutindo o Pa\u00eds que queremos ser e qual imagem queremos ter\u201d, afirmou, lembrando que ser\u00e3o apresentadas ao governo medidas para reduzir a burocracia e destravar o avan\u00e7o do turismo.<\/p>\n<p style=\"text-align:justify\"><a class=\"fancybox-media\" href=\"..\/_uploads\/_noticia\/2016-11\/claudio-araujo--17---1-.jpg\" rel=\"portfolio\"><img decoding=\"async\" alt=\"\" src=\"..\/_uploads\/_noticia\/2016-11\/claudio-araujo--17---1-.jpg\" \/><\/a><\/p>\n<p style=\"text-align:justify\"><em>(Fotos\/Divulga\u00e7\u00e3o: Claudio Araujo)<\/em><\/p>\n<p style=\"text-align:justify\">Exemplos positivos do turismo foram relacionados. O deputado Mauro Mariani, membro da CTur, usou Santa Catarina como exemplo de sucesso no turismo, pois o estado atingiu a maior arrecada\u00e7\u00e3o de sua hist\u00f3ria nos meses de janeiro e fevereiro deste ano, por conta do ver\u00e3o. \u201cEsta \u00e9 uma prova da import\u00e2ncia do turismo para a recupera\u00e7\u00e3o econ\u00f4mica. No Brasil, isso \u00e9 refor\u00e7ado pela capacidade da Embratur de impulsionar a gera\u00e7\u00e3o de empregos, cria\u00e7\u00e3o de novos neg\u00f3cios, desenvolvimento regional e de sustentabilidade\u201d, disse.<\/p>\n<p style=\"text-align:justify\">Outro membro da Comiss\u00e3o de Turismo, o deputado Edinho Bez enfatizou o papel do Instituto. \u201cO trabalho da Embratur \u00e9 essencial para levarmos a nossa cultura para o mundo. O turismo significa emprego e renda e, para o Brasil recuperar sua economia, o turismo est\u00e1 entre os itens mais importantes. \u201d<\/p>\n<p style=\"text-align:justify\">J\u00e1 o deputado Ot\u00e1vio Leite pediu mais aten\u00e7\u00e3o \u00e0 autarquia. \u201cA Embratur precisa ser fortalecida, devido ao papel emblem\u00e1tico que cumpre na atua\u00e7\u00e3o nos mercados nacionais e internacionais. O turismo deve ser tratado em uma dimens\u00e3o acima dos partidos pol\u00edticos por tudo que representa para o desenvolvimento do Brasil\u201d.<\/p>\n<p style=\"text-align:justify\">Durante o F\u00f3rum, foi apresentado o mapa estrat\u00e9gico que orientar\u00e1 as a\u00e7\u00f5es da Embratur para os pr\u00f3ximos anos,<\/p>\n<p>\u00a0<\/p>\n<p>\u00a0<\/p>\n<p>\u00a0<\/p>\n<p>\u00a0<\/p>\n<p><\/span><\/p>\n","protected":false},"excerpt":{"rendered":"<p>Sess\u00e3o solene na C\u00e2mara dos Deputados, presidida pelo deputado Herculano Passos, mostrou refer\u00eancias do instituto e necessidade de maior<\/p>\n","protected":false},"author":1,"featured_media":0,"comment_status":"open","ping_status":"open","sticky":false,"template":"","format":"standard","meta":{"footnotes":""},"categories":[],"tags":[],"class_list":["post-3454","post","type-post","status-publish","format-standard","hentry"],"yoast_head":"<!-- This site is optimized with the Yoast SEO plugin v26.2 - https:\/\/yoast.com\/wordpress\/plugins\/seo\/ -->\n<title>SETOR PARLAMENTAR COMEMORA O CINQUENTEN\u00c1RIO DA EMBRATUR - Travel3<\/title>\n<meta name=\"description\" content=\"A TRAVEL3 \u00e9 um portal de conte\u00fado voltado para o turismo, encontre destinos, viagens, hospedagem, passagens, guias, not\u00edcias sobre o mercado do turismo, dicas de viagem, v\u00eddeos e podcast.\" \/>\n<meta name=\"robots\" content=\"index, follow, max-snippet:-1, max-image-preview:large, max-video-preview:-1\" \/>\n<link rel=\"canonical\" href=\"https:\/\/www.travel3.com.br\/site\/sem-categoria\/setor-parlamentar-comemora-o-cinquentenario-da-embratur\/\" \/>\n<meta property=\"og:locale\" content=\"pt_BR\" \/>\n<meta property=\"og:type\" content=\"article\" \/>\n<meta property=\"og:title\" content=\"SETOR PARLAMENTAR COMEMORA O CINQUENTEN\u00c1RIO DA EMBRATUR - Travel3\" \/>\n<meta property=\"og:description\" content=\"A TRAVEL3 \u00e9 um portal de conte\u00fado voltado para o turismo, encontre destinos, viagens, hospedagem, passagens, guias, not\u00edcias sobre o mercado do turismo, dicas de viagem, v\u00eddeos e podcast.\" \/>\n<meta property=\"og:url\" content=\"https:\/\/www.travel3.com.br\/site\/sem-categoria\/setor-parlamentar-comemora-o-cinquentenario-da-embratur\/\" \/>\n<meta property=\"og:site_name\" content=\"Travel3\" \/>\n<meta property=\"article:publisher\" content=\"https:\/\/www.facebook.com\/travel3media\/\" \/>\n<meta property=\"article:published_time\" content=\"2017-08-23T06:26:41+00:00\" \/>\n<meta name=\"author\" content=\"admin\" \/>\n<meta name=\"twitter:card\" content=\"summary_large_image\" \/>\n<meta name=\"twitter:label1\" content=\"Escrito por\" \/>\n\t<meta name=\"twitter:data1\" content=\"admin\" \/>\n\t<meta name=\"twitter:label2\" content=\"Est. tempo de leitura\" \/>\n\t<meta name=\"twitter:data2\" content=\"3 minutos\" \/>\n<script type=\"application\/ld+json\" class=\"yoast-schema-graph\">{\"@context\":\"https:\/\/schema.org\",\"@graph\":[{\"@type\":\"Article\",\"@id\":\"https:\/\/www.travel3.com.br\/site\/sem-categoria\/setor-parlamentar-comemora-o-cinquentenario-da-embratur\/#article\",\"isPartOf\":{\"@id\":\"https:\/\/www.travel3.com.br\/site\/sem-categoria\/setor-parlamentar-comemora-o-cinquentenario-da-embratur\/\"},\"author\":{\"name\":\"admin\",\"@id\":\"https:\/\/www.travel3.com.br\/site\/#\/schema\/person\/a69d71e41a024999b6ab82369ac0bd1e\"},\"headline\":\"SETOR PARLAMENTAR COMEMORA O CINQUENTEN\u00c1RIO DA EMBRATUR\",\"datePublished\":\"2017-08-23T06:26:41+00:00\",\"mainEntityOfPage\":{\"@id\":\"https:\/\/www.travel3.com.br\/site\/sem-categoria\/setor-parlamentar-comemora-o-cinquentenario-da-embratur\/\"},\"wordCount\":663,\"commentCount\":0,\"publisher\":{\"@id\":\"https:\/\/www.travel3.com.br\/site\/#organization\"},\"inLanguage\":\"pt-BR\",\"potentialAction\":[{\"@type\":\"CommentAction\",\"name\":\"Comment\",\"target\":[\"https:\/\/www.travel3.com.br\/site\/sem-categoria\/setor-parlamentar-comemora-o-cinquentenario-da-embratur\/#respond\"]}]},{\"@type\":\"WebPage\",\"@id\":\"https:\/\/www.travel3.com.br\/site\/sem-categoria\/setor-parlamentar-comemora-o-cinquentenario-da-embratur\/\",\"url\":\"https:\/\/www.travel3.com.br\/site\/sem-categoria\/setor-parlamentar-comemora-o-cinquentenario-da-embratur\/\",\"name\":\"SETOR PARLAMENTAR COMEMORA O CINQUENTEN\u00c1RIO DA EMBRATUR - Travel3\",\"isPartOf\":{\"@id\":\"https:\/\/www.travel3.com.br\/site\/#website\"},\"datePublished\":\"2017-08-23T06:26:41+00:00\",\"description\":\"A TRAVEL3 \u00e9 um portal de conte\u00fado voltado para o turismo, encontre destinos, viagens, hospedagem, passagens, guias, not\u00edcias sobre o mercado do turismo, dicas de viagem, v\u00eddeos e podcast.\",\"breadcrumb\":{\"@id\":\"https:\/\/www.travel3.com.br\/site\/sem-categoria\/setor-parlamentar-comemora-o-cinquentenario-da-embratur\/#breadcrumb\"},\"inLanguage\":\"pt-BR\",\"potentialAction\":[{\"@type\":\"ReadAction\",\"target\":[\"https:\/\/www.travel3.com.br\/site\/sem-categoria\/setor-parlamentar-comemora-o-cinquentenario-da-embratur\/\"]}]},{\"@type\":\"BreadcrumbList\",\"@id\":\"https:\/\/www.travel3.com.br\/site\/sem-categoria\/setor-parlamentar-comemora-o-cinquentenario-da-embratur\/#breadcrumb\",\"itemListElement\":[{\"@type\":\"ListItem\",\"position\":1,\"name\":\"In\u00edcio\",\"item\":\"https:\/\/www.travel3.com.br\/site\/\"},{\"@type\":\"ListItem\",\"position\":2,\"name\":\"SETOR PARLAMENTAR COMEMORA O CINQUENTEN\u00c1RIO DA EMBRATUR\"}]},{\"@type\":\"WebSite\",\"@id\":\"https:\/\/www.travel3.com.br\/site\/#website\",\"url\":\"https:\/\/www.travel3.com.br\/site\/\",\"name\":\"Travel3\",\"description\":\"Lazer + Neg&oacute;cios + Aventura\",\"publisher\":{\"@id\":\"https:\/\/www.travel3.com.br\/site\/#organization\"},\"potentialAction\":[{\"@type\":\"SearchAction\",\"target\":{\"@type\":\"EntryPoint\",\"urlTemplate\":\"https:\/\/www.travel3.com.br\/site\/?s={search_term_string}\"},\"query-input\":{\"@type\":\"PropertyValueSpecification\",\"valueRequired\":true,\"valueName\":\"search_term_string\"}}],\"inLanguage\":\"pt-BR\"},{\"@type\":\"Organization\",\"@id\":\"https:\/\/www.travel3.com.br\/site\/#organization\",\"name\":\"Travel3\",\"url\":\"https:\/\/www.travel3.com.br\/site\/\",\"logo\":{\"@type\":\"ImageObject\",\"inLanguage\":\"pt-BR\",\"@id\":\"https:\/\/www.travel3.com.br\/site\/#\/schema\/logo\/image\/\",\"url\":\"https:\/\/www.travel3.com.br\/site\/wp-content\/uploads\/2020\/01\/logo-travel3-2020.png\",\"contentUrl\":\"https:\/\/www.travel3.com.br\/site\/wp-content\/uploads\/2020\/01\/logo-travel3-2020.png\",\"width\":232,\"height\":79,\"caption\":\"Travel3\"},\"image\":{\"@id\":\"https:\/\/www.travel3.com.br\/site\/#\/schema\/logo\/image\/\"},\"sameAs\":[\"https:\/\/www.facebook.com\/travel3media\/\",\"https:\/\/www.instagram.com\/revistatravel3\/\",\"https:\/\/www.youtube.com\/channel\/UCno7J4paGBR3VbZQzvoJ9Eg\"]},{\"@type\":\"Person\",\"@id\":\"https:\/\/www.travel3.com.br\/site\/#\/schema\/person\/a69d71e41a024999b6ab82369ac0bd1e\",\"name\":\"admin\",\"image\":{\"@type\":\"ImageObject\",\"inLanguage\":\"pt-BR\",\"@id\":\"https:\/\/www.travel3.com.br\/site\/#\/schema\/person\/image\/\",\"url\":\"https:\/\/secure.gravatar.com\/avatar\/732a67adfd764da2a47ba10ce731c4c0?s=96&d=mm&r=g\",\"contentUrl\":\"https:\/\/secure.gravatar.com\/avatar\/732a67adfd764da2a47ba10ce731c4c0?s=96&d=mm&r=g\",\"caption\":\"admin\"},\"url\":\"https:\/\/www.travel3.com.br\/site\/author\/admin\/\"}]}<\/script>\n<!-- \/ Yoast SEO plugin. -->","yoast_head_json":{"title":"SETOR PARLAMENTAR COMEMORA O CINQUENTEN\u00c1RIO DA EMBRATUR - Travel3","description":"A TRAVEL3 \u00e9 um portal de conte\u00fado voltado para o turismo, encontre destinos, viagens, hospedagem, passagens, guias, not\u00edcias sobre o mercado do turismo, dicas de viagem, v\u00eddeos e podcast.","robots":{"index":"index","follow":"follow","max-snippet":"max-snippet:-1","max-image-preview":"max-image-preview:large","max-video-preview":"max-video-preview:-1"},"canonical":"https:\/\/www.travel3.com.br\/site\/sem-categoria\/setor-parlamentar-comemora-o-cinquentenario-da-embratur\/","og_locale":"pt_BR","og_type":"article","og_title":"SETOR PARLAMENTAR COMEMORA O CINQUENTEN\u00c1RIO DA EMBRATUR - Travel3","og_description":"A TRAVEL3 \u00e9 um portal de conte\u00fado voltado para o turismo, encontre destinos, viagens, hospedagem, passagens, guias, not\u00edcias sobre o mercado do turismo, dicas de viagem, v\u00eddeos e podcast.","og_url":"https:\/\/www.travel3.com.br\/site\/sem-categoria\/setor-parlamentar-comemora-o-cinquentenario-da-embratur\/","og_site_name":"Travel3","article_publisher":"https:\/\/www.facebook.com\/travel3media\/","article_published_time":"2017-08-23T06:26:41+00:00","author":"admin","twitter_card":"summary_large_image","twitter_misc":{"Escrito por":"admin","Est. tempo de leitura":"3 minutos"},"schema":{"@context":"https:\/\/schema.org","@graph":[{"@type":"Article","@id":"https:\/\/www.travel3.com.br\/site\/sem-categoria\/setor-parlamentar-comemora-o-cinquentenario-da-embratur\/#article","isPartOf":{"@id":"https:\/\/www.travel3.com.br\/site\/sem-categoria\/setor-parlamentar-comemora-o-cinquentenario-da-embratur\/"},"author":{"name":"admin","@id":"https:\/\/www.travel3.com.br\/site\/#\/schema\/person\/a69d71e41a024999b6ab82369ac0bd1e"},"headline":"SETOR PARLAMENTAR COMEMORA O CINQUENTEN\u00c1RIO DA EMBRATUR","datePublished":"2017-08-23T06:26:41+00:00","mainEntityOfPage":{"@id":"https:\/\/www.travel3.com.br\/site\/sem-categoria\/setor-parlamentar-comemora-o-cinquentenario-da-embratur\/"},"wordCount":663,"commentCount":0,"publisher":{"@id":"https:\/\/www.travel3.com.br\/site\/#organization"},"inLanguage":"pt-BR","potentialAction":[{"@type":"CommentAction","name":"Comment","target":["https:\/\/www.travel3.com.br\/site\/sem-categoria\/setor-parlamentar-comemora-o-cinquentenario-da-embratur\/#respond"]}]},{"@type":"WebPage","@id":"https:\/\/www.travel3.com.br\/site\/sem-categoria\/setor-parlamentar-comemora-o-cinquentenario-da-embratur\/","url":"https:\/\/www.travel3.com.br\/site\/sem-categoria\/setor-parlamentar-comemora-o-cinquentenario-da-embratur\/","name":"SETOR PARLAMENTAR COMEMORA O CINQUENTEN\u00c1RIO DA EMBRATUR - Travel3","isPartOf":{"@id":"https:\/\/www.travel3.com.br\/site\/#website"},"datePublished":"2017-08-23T06:26:41+00:00","description":"A TRAVEL3 \u00e9 um portal de conte\u00fado voltado para o turismo, encontre destinos, viagens, hospedagem, passagens, guias, not\u00edcias sobre o mercado do turismo, dicas de viagem, v\u00eddeos e podcast.","breadcrumb":{"@id":"https:\/\/www.travel3.com.br\/site\/sem-categoria\/setor-parlamentar-comemora-o-cinquentenario-da-embratur\/#breadcrumb"},"inLanguage":"pt-BR","potentialAction":[{"@type":"ReadAction","target":["https:\/\/www.travel3.com.br\/site\/sem-categoria\/setor-parlamentar-comemora-o-cinquentenario-da-embratur\/"]}]},{"@type":"BreadcrumbList","@id":"https:\/\/www.travel3.com.br\/site\/sem-categoria\/setor-parlamentar-comemora-o-cinquentenario-da-embratur\/#breadcrumb","itemListElement":[{"@type":"ListItem","position":1,"name":"In\u00edcio","item":"https:\/\/www.travel3.com.br\/site\/"},{"@type":"ListItem","position":2,"name":"SETOR PARLAMENTAR COMEMORA O CINQUENTEN\u00c1RIO DA EMBRATUR"}]},{"@type":"WebSite","@id":"https:\/\/www.travel3.com.br\/site\/#website","url":"https:\/\/www.travel3.com.br\/site\/","name":"Travel3","description":"Lazer + Neg&oacute;cios + Aventura","publisher":{"@id":"https:\/\/www.travel3.com.br\/site\/#organization"},"potentialAction":[{"@type":"SearchAction","target":{"@type":"EntryPoint","urlTemplate":"https:\/\/www.travel3.com.br\/site\/?s={search_term_string}"},"query-input":{"@type":"PropertyValueSpecification","valueRequired":true,"valueName":"search_term_string"}}],"inLanguage":"pt-BR"},{"@type":"Organization","@id":"https:\/\/www.travel3.com.br\/site\/#organization","name":"Travel3","url":"https:\/\/www.travel3.com.br\/site\/","logo":{"@type":"ImageObject","inLanguage":"pt-BR","@id":"https:\/\/www.travel3.com.br\/site\/#\/schema\/logo\/image\/","url":"https:\/\/www.travel3.com.br\/site\/wp-content\/uploads\/2020\/01\/logo-travel3-2020.png","contentUrl":"https:\/\/www.travel3.com.br\/site\/wp-content\/uploads\/2020\/01\/logo-travel3-2020.png","width":232,"height":79,"caption":"Travel3"},"image":{"@id":"https:\/\/www.travel3.com.br\/site\/#\/schema\/logo\/image\/"},"sameAs":["https:\/\/www.facebook.com\/travel3media\/","https:\/\/www.instagram.com\/revistatravel3\/","https:\/\/www.youtube.com\/channel\/UCno7J4paGBR3VbZQzvoJ9Eg"]},{"@type":"Person","@id":"https:\/\/www.travel3.com.br\/site\/#\/schema\/person\/a69d71e41a024999b6ab82369ac0bd1e","name":"admin","image":{"@type":"ImageObject","inLanguage":"pt-BR","@id":"https:\/\/www.travel3.com.br\/site\/#\/schema\/person\/image\/","url":"https:\/\/secure.gravatar.com\/avatar\/732a67adfd764da2a47ba10ce731c4c0?s=96&d=mm&r=g","contentUrl":"https:\/\/secure.gravatar.com\/avatar\/732a67adfd764da2a47ba10ce731c4c0?s=96&d=mm&r=g","caption":"admin"},"url":"https:\/\/www.travel3.com.br\/site\/author\/admin\/"}]}},"_links":{"self":[{"href":"https:\/\/www.travel3.com.br\/site\/wp-json\/wp\/v2\/posts\/3454","targetHints":{"allow":["GET"]}}],"collection":[{"href":"https:\/\/www.travel3.com.br\/site\/wp-json\/wp\/v2\/posts"}],"about":[{"href":"https:\/\/www.travel3.com.br\/site\/wp-json\/wp\/v2\/types\/post"}],"author":[{"embeddable":true,"href":"https:\/\/www.travel3.com.br\/site\/wp-json\/wp\/v2\/users\/1"}],"replies":[{"embeddable":true,"href":"https:\/\/www.travel3.com.br\/site\/wp-json\/wp\/v2\/comments?post=3454"}],"version-history":[{"count":0,"href":"https:\/\/www.travel3.com.br\/site\/wp-json\/wp\/v2\/posts\/3454\/revisions"}],"wp:attachment":[{"href":"https:\/\/www.travel3.com.br\/site\/wp-json\/wp\/v2\/media?parent=3454"}],"wp:term":[{"taxonomy":"category","embeddable":true,"href":"https:\/\/www.travel3.com.br\/site\/wp-json\/wp\/v2\/categories?post=3454"},{"taxonomy":"post_tag","embeddable":true,"href":"https:\/\/www.travel3.com.br\/site\/wp-json\/wp\/v2\/tags?post=3454"}],"curies":[{"name":"wp","href":"https:\/\/api.w.org\/{rel}","templated":true}]}}