{"id":34475,"date":"2020-07-03T11:36:41","date_gmt":"2020-07-03T14:36:41","guid":{"rendered":"https:\/\/www.travel3.com.br\/?p=34475"},"modified":"2020-07-03T11:36:43","modified_gmt":"2020-07-03T14:36:43","slug":"diversa-turismo-esta-com-tudo-pronto","status":"publish","type":"post","link":"https:\/\/www.travel3.com.br\/site\/acontece-no-turismo\/operadoras\/diversa-turismo-esta-com-tudo-pronto\/","title":{"rendered":"Diversa Turismo est\u00e1 com tudo pronto para a retomada das viagens"},"content":{"rendered":"\n<div class=\"wp-block-image\"><figure class=\"aligncenter\"><img loading=\"lazy\" decoding=\"async\" width=\"1024\" height=\"839\" src=\"https:\/\/www.travel3.com.br\/site\/wp-content\/uploads\/2020\/07\/Diversa-Espanha-BHZ002_James_A-1024x839.jpg\" alt=\"James Giacomini, diretor da Diversa Turismo (Foto: Claudia Tonaco)\" class=\"wp-image-34497\" srcset=\"https:\/\/www.travel3.com.br\/site\/wp-content\/uploads\/2020\/07\/Diversa-Espanha-BHZ002_James_A-1024x839.jpg 1024w, https:\/\/www.travel3.com.br\/site\/wp-content\/uploads\/2020\/07\/Diversa-Espanha-BHZ002_James_A-300x246.jpg 300w, https:\/\/www.travel3.com.br\/site\/wp-content\/uploads\/2020\/07\/Diversa-Espanha-BHZ002_James_A-768x629.jpg 768w, https:\/\/www.travel3.com.br\/site\/wp-content\/uploads\/2020\/07\/Diversa-Espanha-BHZ002_James_A-750x614.jpg 750w, https:\/\/www.travel3.com.br\/site\/wp-content\/uploads\/2020\/07\/Diversa-Espanha-BHZ002_James_A.jpg 1046w\" sizes=\"auto, (max-width: 1024px) 100vw, 1024px\" \/><figcaption>James Giacomini, diretor da Diversa Turismo (Foto: Claudia Tonaco)<\/figcaption><\/figure><\/div>\n\n\n\n<h3 class=\"wp-block-heading\" style=\"text-align:center\">\u00ad\u00adEm webinar comandado por James Giacomini, operadora refor\u00e7ou relacionamento com ag\u00eancias<\/h3>\n\n\n\n<p>A Diversa Turismo est\u00e1 preparada para a retomada das viagens e anunciou suas novidades atrav\u00e9s de um webinar. O evento aconteceu na \u00faltima semana. Respeitando o distanciamento social, um grupo de novos agentes de viagem parceiros participou de <a rel=\"noreferrer noopener\" aria-label=\" (opens in a new tab)\" href=\"https:\/\/www.travel3.com.br\/acontece-no-turismo\/operadoras\/claudemir-oliveira-e-o-convidado-de-webinar-da-diversa-turismo\/\" target=\"_blank\">mais um encontro virtual<\/a> da operadora. Sob o comando do Diretor Comercial James Giacomini, foi apresentado o DNA da Diversa Turismo e a solidez do <a rel=\"noreferrer noopener\" aria-label=\"Grupo Arbo (opens in a new tab)\" href=\"https:\/\/www.travel3.com.br\/acontece-no-turismo\/tv-travel3-entrevista-com-arnaldo-franken-diretor-do-grupo-arbo\/\" target=\"_blank\">Grupo Arbo<\/a>; do qual a operadora faz parte.<\/p>\n\n\n\n<p>Com foco em neg\u00f3cios e novas perspectivas diante da crise da COVID-19, a conversa tamb\u00e9m teve a participa\u00e7\u00e3o de Adriana Fredericce, Diretora de Produtos e Opera\u00e7\u00f5es; Waldir Souza, Gerente de Vendas e Comercial; Bruno Erdmann, Analista de Marketing, e dos Executivos de Relacionamento Jo\u00e3o Cruz e Gustavo Starling. <\/p>\n\n\n\n<p>Sob o conceito de <em>Operadora Boutique<\/em>, a <a rel=\"noreferrer noopener\" aria-label=\"Diversa Turismo (opens in a new tab)\" href=\"https:\/\/diversaturismo.com.br\/\" target=\"_blank\">Diversa Turismo<\/a> destacou a import\u00e2ncia do foco no atendimento aos agentes de viagem parceiros com qualidade diferenciada.<\/p>\n\n\n\n<p>Al\u00e9m disso, no webinar, o diretor da empresa enalteceu a experi\u00eancia e a maturidade de seu time de profissionais; e apresentou os fornecedores e parceiros que integram seu portf\u00f3lio.<\/p>\n\n\n\n<h2 class=\"wp-block-heading\">Prepara\u00e7\u00e3o para a retomada do turismo<\/h2>\n\n\n\n<p>Um dos destaques do webinar foi a exposi\u00e7\u00e3o de <a rel=\"noreferrer noopener\" aria-label=\"novas facilidades aos agentes de viagens (opens in a new tab)\" href=\"https:\/\/www.travel3.com.br\/acontece-no-turismo\/operadoras\/diversa-turismo-special-tours\/\" target=\"_blank\">novas facilidades aos agentes de viagens<\/a>. Durante esse momento de poucas viagens, a operadora aposta no investimento em tecnologia e no aprimoramento on-line.<\/p>\n\n\n\n<p>Nesse sentido, foi apresentado aos agentes o desenvolvimento e personaliza\u00e7\u00e3o de <em>landing pages<\/em>, materiais de divulga\u00e7\u00e3o e <em>newsletter.<\/em><\/p>\n\n\n\n<blockquote class=\"wp-block-quote is-layout-flow wp-block-quote-is-layout-flow\"><p>A Diversa est\u00e1 bem posicionada. Vinha se preparando e fortaleceu muito seu preparo ao longo dessa Pandemia. Pode suportar e passar por esse momento de Covid-19.<\/p><p>Nesse per\u00edodo de recolhimento buscamos melhores parceiros e melhores neg\u00f3cios, n\u00e3o s\u00f3 com escrit\u00f3rios de turismo, mas com fornecedores de circuitos e  hot\u00e9is.<\/p><p>A experi\u00eancia tem sido produtiva e satisfat\u00f3ria para todos n\u00f3s da Diversa. De todos os grupos agendados, tivemos altera\u00e7\u00f5es de datas para 2021 e alguns se mantiveram para outubro e novembro de 2020. Mas a taxa de cancelamento foi zero.<\/p><cite>James Giacomini &#8211; Diretor Comercial da Diversa Turismo <\/cite><\/blockquote>\n","protected":false},"excerpt":{"rendered":"<p>\u00ad\u00adEm webinar comandado por James Giacomini, operadora refor\u00e7ou relacionamento com ag\u00eancias A Diversa Turismo est\u00e1 preparada para a retomada das viagens e anunciou suas novidades atrav\u00e9s de um webinar. O evento aconteceu na \u00faltima semana. Respeitando o distanciamento social, um grupo de novos agentes de viagem parceiros participou de mais um encontro virtual da operadora. [&hellip;]<\/p>\n","protected":false},"author":14,"featured_media":34497,"comment_status":"open","ping_status":"open","sticky":false,"template":"","format":"standard","meta":{"footnotes":""},"categories":[969,226,5,3,4],"tags":[431,4010,2076,3302,403,4117,4166],"class_list":["post-34475","post","type-post","status-publish","format-standard","has-post-thumbnail","hentry","category-acontece-no-turismo","category-destaque","category-eventos-e-feiras","category-negocios","category-operadoras","tag-agentes-de-viagem","tag-diversa","tag-diversa-turismo","tag-james-giacomini","tag-operadoras","tag-retomada-do-turismo","tag-webinar"],"yoast_head":"<!-- This site is optimized with the Yoast SEO plugin v26.2 - https:\/\/yoast.com\/wordpress\/plugins\/seo\/ -->\n<title>Diversa Turismo est\u00e1 com tudo pronto para a retomada das viagens -<\/title>\n<meta name=\"description\" content=\"Diversa Turismo est\u00e1 com tudo pronto para a retomada das viagens; \u00adem webinar comandado por James Giacomini, operadora refor\u00e7ou relacionamento com ag\u00eancias\" \/>\n<meta name=\"robots\" content=\"index, follow, max-snippet:-1, max-image-preview:large, max-video-preview:-1\" \/>\n<link rel=\"canonical\" href=\"https:\/\/www.travel3.com.br\/site\/acontece-no-turismo\/operadoras\/diversa-turismo-esta-com-tudo-pronto\/\" \/>\n<meta property=\"og:locale\" content=\"pt_BR\" \/>\n<meta property=\"og:type\" content=\"article\" \/>\n<meta property=\"og:title\" content=\"Diversa Turismo est\u00e1 com tudo pronto para a retomada das viagens -\" \/>\n<meta property=\"og:description\" content=\"Diversa Turismo est\u00e1 com tudo pronto para a retomada das viagens; \u00adem webinar comandado por James Giacomini, operadora refor\u00e7ou relacionamento com ag\u00eancias\" \/>\n<meta property=\"og:url\" content=\"https:\/\/www.travel3.com.br\/site\/acontece-no-turismo\/operadoras\/diversa-turismo-esta-com-tudo-pronto\/\" \/>\n<meta property=\"og:site_name\" content=\"Travel3\" \/>\n<meta property=\"article:publisher\" content=\"https:\/\/www.facebook.com\/travel3media\/\" \/>\n<meta property=\"article:published_time\" content=\"2020-07-03T14:36:41+00:00\" \/>\n<meta property=\"article:modified_time\" content=\"2020-07-03T14:36:43+00:00\" \/>\n<meta property=\"og:image\" content=\"https:\/\/www.travel3.com.br\/site\/wp-content\/uploads\/2020\/07\/Diversa-Espanha-BHZ002_James_A.jpg\" \/>\n\t<meta property=\"og:image:width\" content=\"1046\" \/>\n\t<meta property=\"og:image:height\" content=\"857\" \/>\n\t<meta property=\"og:image:type\" content=\"image\/jpeg\" \/>\n<meta name=\"author\" content=\"Caroline Tonaco\" \/>\n<meta name=\"twitter:card\" content=\"summary_large_image\" \/>\n<meta name=\"twitter:label1\" content=\"Escrito por\" \/>\n\t<meta name=\"twitter:data1\" content=\"Caroline Tonaco\" \/>\n\t<meta name=\"twitter:label2\" content=\"Est. tempo de leitura\" \/>\n\t<meta name=\"twitter:data2\" content=\"2 minutos\" \/>\n<script type=\"application\/ld+json\" class=\"yoast-schema-graph\">{\"@context\":\"https:\/\/schema.org\",\"@graph\":[{\"@type\":\"Article\",\"@id\":\"https:\/\/www.travel3.com.br\/site\/acontece-no-turismo\/operadoras\/diversa-turismo-esta-com-tudo-pronto\/#article\",\"isPartOf\":{\"@id\":\"https:\/\/www.travel3.com.br\/site\/acontece-no-turismo\/operadoras\/diversa-turismo-esta-com-tudo-pronto\/\"},\"author\":{\"name\":\"Caroline Tonaco\",\"@id\":\"https:\/\/www.travel3.com.br\/site\/#\/schema\/person\/d837eaf73c4e8896e932e0acede946c0\"},\"headline\":\"Diversa Turismo est\u00e1 com tudo pronto para a retomada das viagens\",\"datePublished\":\"2020-07-03T14:36:41+00:00\",\"dateModified\":\"2020-07-03T14:36:43+00:00\",\"mainEntityOfPage\":{\"@id\":\"https:\/\/www.travel3.com.br\/site\/acontece-no-turismo\/operadoras\/diversa-turismo-esta-com-tudo-pronto\/\"},\"wordCount\":379,\"commentCount\":0,\"publisher\":{\"@id\":\"https:\/\/www.travel3.com.br\/site\/#organization\"},\"image\":{\"@id\":\"https:\/\/www.travel3.com.br\/site\/acontece-no-turismo\/operadoras\/diversa-turismo-esta-com-tudo-pronto\/#primaryimage\"},\"thumbnailUrl\":\"https:\/\/www.travel3.com.br\/site\/wp-content\/uploads\/2020\/07\/Diversa-Espanha-BHZ002_James_A.jpg\",\"keywords\":[\"agentes de viagem\",\"Diversa\",\"Diversa Turismo\",\"James Giacomini\",\"Operadoras\",\"Retomada do Turismo\",\"Webinar\"],\"articleSection\":[\"Acontece no Turismo\",\"Destaque\",\"Eventos e Feiras\",\"Neg\u00f3cios\",\"Operadoras\"],\"inLanguage\":\"pt-BR\",\"potentialAction\":[{\"@type\":\"CommentAction\",\"name\":\"Comment\",\"target\":[\"https:\/\/www.travel3.com.br\/site\/acontece-no-turismo\/operadoras\/diversa-turismo-esta-com-tudo-pronto\/#respond\"]}]},{\"@type\":\"WebPage\",\"@id\":\"https:\/\/www.travel3.com.br\/site\/acontece-no-turismo\/operadoras\/diversa-turismo-esta-com-tudo-pronto\/\",\"url\":\"https:\/\/www.travel3.com.br\/site\/acontece-no-turismo\/operadoras\/diversa-turismo-esta-com-tudo-pronto\/\",\"name\":\"Diversa Turismo est\u00e1 com tudo pronto para a retomada das viagens -\",\"isPartOf\":{\"@id\":\"https:\/\/www.travel3.com.br\/site\/#website\"},\"primaryImageOfPage\":{\"@id\":\"https:\/\/www.travel3.com.br\/site\/acontece-no-turismo\/operadoras\/diversa-turismo-esta-com-tudo-pronto\/#primaryimage\"},\"image\":{\"@id\":\"https:\/\/www.travel3.com.br\/site\/acontece-no-turismo\/operadoras\/diversa-turismo-esta-com-tudo-pronto\/#primaryimage\"},\"thumbnailUrl\":\"https:\/\/www.travel3.com.br\/site\/wp-content\/uploads\/2020\/07\/Diversa-Espanha-BHZ002_James_A.jpg\",\"datePublished\":\"2020-07-03T14:36:41+00:00\",\"dateModified\":\"2020-07-03T14:36:43+00:00\",\"description\":\"Diversa Turismo est\u00e1 com tudo pronto para a retomada das viagens; \u00adem webinar comandado por James Giacomini, operadora refor\u00e7ou relacionamento com ag\u00eancias\",\"breadcrumb\":{\"@id\":\"https:\/\/www.travel3.com.br\/site\/acontece-no-turismo\/operadoras\/diversa-turismo-esta-com-tudo-pronto\/#breadcrumb\"},\"inLanguage\":\"pt-BR\",\"potentialAction\":[{\"@type\":\"ReadAction\",\"target\":[\"https:\/\/www.travel3.com.br\/site\/acontece-no-turismo\/operadoras\/diversa-turismo-esta-com-tudo-pronto\/\"]}]},{\"@type\":\"ImageObject\",\"inLanguage\":\"pt-BR\",\"@id\":\"https:\/\/www.travel3.com.br\/site\/acontece-no-turismo\/operadoras\/diversa-turismo-esta-com-tudo-pronto\/#primaryimage\",\"url\":\"https:\/\/www.travel3.com.br\/site\/wp-content\/uploads\/2020\/07\/Diversa-Espanha-BHZ002_James_A.jpg\",\"contentUrl\":\"https:\/\/www.travel3.com.br\/site\/wp-content\/uploads\/2020\/07\/Diversa-Espanha-BHZ002_James_A.jpg\",\"width\":1046,\"height\":857,\"caption\":\"James Giacomini, diretor da Diversa Turismo (Foto: Claudia Tonaco)\"},{\"@type\":\"BreadcrumbList\",\"@id\":\"https:\/\/www.travel3.com.br\/site\/acontece-no-turismo\/operadoras\/diversa-turismo-esta-com-tudo-pronto\/#breadcrumb\",\"itemListElement\":[{\"@type\":\"ListItem\",\"position\":1,\"name\":\"In\u00edcio\",\"item\":\"https:\/\/www.travel3.com.br\/site\/\"},{\"@type\":\"ListItem\",\"position\":2,\"name\":\"Diversa Turismo est\u00e1 com tudo pronto para a retomada das viagens\"}]},{\"@type\":\"WebSite\",\"@id\":\"https:\/\/www.travel3.com.br\/site\/#website\",\"url\":\"https:\/\/www.travel3.com.br\/site\/\",\"name\":\"Travel3\",\"description\":\"Lazer + Neg&oacute;cios + Aventura\",\"publisher\":{\"@id\":\"https:\/\/www.travel3.com.br\/site\/#organization\"},\"potentialAction\":[{\"@type\":\"SearchAction\",\"target\":{\"@type\":\"EntryPoint\",\"urlTemplate\":\"https:\/\/www.travel3.com.br\/site\/?s={search_term_string}\"},\"query-input\":{\"@type\":\"PropertyValueSpecification\",\"valueRequired\":true,\"valueName\":\"search_term_string\"}}],\"inLanguage\":\"pt-BR\"},{\"@type\":\"Organization\",\"@id\":\"https:\/\/www.travel3.com.br\/site\/#organization\",\"name\":\"Travel3\",\"url\":\"https:\/\/www.travel3.com.br\/site\/\",\"logo\":{\"@type\":\"ImageObject\",\"inLanguage\":\"pt-BR\",\"@id\":\"https:\/\/www.travel3.com.br\/site\/#\/schema\/logo\/image\/\",\"url\":\"https:\/\/www.travel3.com.br\/site\/wp-content\/uploads\/2020\/01\/logo-travel3-2020.png\",\"contentUrl\":\"https:\/\/www.travel3.com.br\/site\/wp-content\/uploads\/2020\/01\/logo-travel3-2020.png\",\"width\":232,\"height\":79,\"caption\":\"Travel3\"},\"image\":{\"@id\":\"https:\/\/www.travel3.com.br\/site\/#\/schema\/logo\/image\/\"},\"sameAs\":[\"https:\/\/www.facebook.com\/travel3media\/\",\"https:\/\/www.instagram.com\/revistatravel3\/\",\"https:\/\/www.youtube.com\/channel\/UCno7J4paGBR3VbZQzvoJ9Eg\"]},{\"@type\":\"Person\",\"@id\":\"https:\/\/www.travel3.com.br\/site\/#\/schema\/person\/d837eaf73c4e8896e932e0acede946c0\",\"name\":\"Caroline Tonaco\",\"image\":{\"@type\":\"ImageObject\",\"inLanguage\":\"pt-BR\",\"@id\":\"https:\/\/www.travel3.com.br\/site\/#\/schema\/person\/image\/\",\"url\":\"https:\/\/www.travel3.com.br\/site\/wp-content\/uploads\/2019\/09\/caroline-150x150.jpeg\",\"contentUrl\":\"https:\/\/www.travel3.com.br\/site\/wp-content\/uploads\/2019\/09\/caroline-150x150.jpeg\",\"caption\":\"Caroline Tonaco\"},\"sameAs\":[\"https:\/\/www.travel3.com.br\/\",\"https:\/\/www.instagram.com\/carolinetonaco\/\"],\"url\":\"https:\/\/www.travel3.com.br\/site\/author\/caroline\/\"}]}<\/script>\n<!-- \/ Yoast SEO plugin. -->","yoast_head_json":{"title":"Diversa Turismo est\u00e1 com tudo pronto para a retomada das viagens -","description":"Diversa Turismo est\u00e1 com tudo pronto para a retomada das viagens; \u00adem webinar comandado por James Giacomini, operadora refor\u00e7ou relacionamento com ag\u00eancias","robots":{"index":"index","follow":"follow","max-snippet":"max-snippet:-1","max-image-preview":"max-image-preview:large","max-video-preview":"max-video-preview:-1"},"canonical":"https:\/\/www.travel3.com.br\/site\/acontece-no-turismo\/operadoras\/diversa-turismo-esta-com-tudo-pronto\/","og_locale":"pt_BR","og_type":"article","og_title":"Diversa Turismo est\u00e1 com tudo pronto para a retomada das viagens -","og_description":"Diversa Turismo est\u00e1 com tudo pronto para a retomada das viagens; \u00adem webinar comandado por James Giacomini, operadora refor\u00e7ou relacionamento com ag\u00eancias","og_url":"https:\/\/www.travel3.com.br\/site\/acontece-no-turismo\/operadoras\/diversa-turismo-esta-com-tudo-pronto\/","og_site_name":"Travel3","article_publisher":"https:\/\/www.facebook.com\/travel3media\/","article_published_time":"2020-07-03T14:36:41+00:00","article_modified_time":"2020-07-03T14:36:43+00:00","og_image":[{"width":1046,"height":857,"url":"https:\/\/www.travel3.com.br\/site\/wp-content\/uploads\/2020\/07\/Diversa-Espanha-BHZ002_James_A.jpg","type":"image\/jpeg"}],"author":"Caroline Tonaco","twitter_card":"summary_large_image","twitter_misc":{"Escrito por":"Caroline Tonaco","Est. tempo de leitura":"2 minutos"},"schema":{"@context":"https:\/\/schema.org","@graph":[{"@type":"Article","@id":"https:\/\/www.travel3.com.br\/site\/acontece-no-turismo\/operadoras\/diversa-turismo-esta-com-tudo-pronto\/#article","isPartOf":{"@id":"https:\/\/www.travel3.com.br\/site\/acontece-no-turismo\/operadoras\/diversa-turismo-esta-com-tudo-pronto\/"},"author":{"name":"Caroline Tonaco","@id":"https:\/\/www.travel3.com.br\/site\/#\/schema\/person\/d837eaf73c4e8896e932e0acede946c0"},"headline":"Diversa Turismo est\u00e1 com tudo pronto para a retomada das viagens","datePublished":"2020-07-03T14:36:41+00:00","dateModified":"2020-07-03T14:36:43+00:00","mainEntityOfPage":{"@id":"https:\/\/www.travel3.com.br\/site\/acontece-no-turismo\/operadoras\/diversa-turismo-esta-com-tudo-pronto\/"},"wordCount":379,"commentCount":0,"publisher":{"@id":"https:\/\/www.travel3.com.br\/site\/#organization"},"image":{"@id":"https:\/\/www.travel3.com.br\/site\/acontece-no-turismo\/operadoras\/diversa-turismo-esta-com-tudo-pronto\/#primaryimage"},"thumbnailUrl":"https:\/\/www.travel3.com.br\/site\/wp-content\/uploads\/2020\/07\/Diversa-Espanha-BHZ002_James_A.jpg","keywords":["agentes de viagem","Diversa","Diversa Turismo","James Giacomini","Operadoras","Retomada do Turismo","Webinar"],"articleSection":["Acontece no Turismo","Destaque","Eventos e Feiras","Neg\u00f3cios","Operadoras"],"inLanguage":"pt-BR","potentialAction":[{"@type":"CommentAction","name":"Comment","target":["https:\/\/www.travel3.com.br\/site\/acontece-no-turismo\/operadoras\/diversa-turismo-esta-com-tudo-pronto\/#respond"]}]},{"@type":"WebPage","@id":"https:\/\/www.travel3.com.br\/site\/acontece-no-turismo\/operadoras\/diversa-turismo-esta-com-tudo-pronto\/","url":"https:\/\/www.travel3.com.br\/site\/acontece-no-turismo\/operadoras\/diversa-turismo-esta-com-tudo-pronto\/","name":"Diversa Turismo est\u00e1 com tudo pronto para a retomada das viagens -","isPartOf":{"@id":"https:\/\/www.travel3.com.br\/site\/#website"},"primaryImageOfPage":{"@id":"https:\/\/www.travel3.com.br\/site\/acontece-no-turismo\/operadoras\/diversa-turismo-esta-com-tudo-pronto\/#primaryimage"},"image":{"@id":"https:\/\/www.travel3.com.br\/site\/acontece-no-turismo\/operadoras\/diversa-turismo-esta-com-tudo-pronto\/#primaryimage"},"thumbnailUrl":"https:\/\/www.travel3.com.br\/site\/wp-content\/uploads\/2020\/07\/Diversa-Espanha-BHZ002_James_A.jpg","datePublished":"2020-07-03T14:36:41+00:00","dateModified":"2020-07-03T14:36:43+00:00","description":"Diversa Turismo est\u00e1 com tudo pronto para a retomada das viagens; \u00adem webinar comandado por James Giacomini, operadora refor\u00e7ou relacionamento com ag\u00eancias","breadcrumb":{"@id":"https:\/\/www.travel3.com.br\/site\/acontece-no-turismo\/operadoras\/diversa-turismo-esta-com-tudo-pronto\/#breadcrumb"},"inLanguage":"pt-BR","potentialAction":[{"@type":"ReadAction","target":["https:\/\/www.travel3.com.br\/site\/acontece-no-turismo\/operadoras\/diversa-turismo-esta-com-tudo-pronto\/"]}]},{"@type":"ImageObject","inLanguage":"pt-BR","@id":"https:\/\/www.travel3.com.br\/site\/acontece-no-turismo\/operadoras\/diversa-turismo-esta-com-tudo-pronto\/#primaryimage","url":"https:\/\/www.travel3.com.br\/site\/wp-content\/uploads\/2020\/07\/Diversa-Espanha-BHZ002_James_A.jpg","contentUrl":"https:\/\/www.travel3.com.br\/site\/wp-content\/uploads\/2020\/07\/Diversa-Espanha-BHZ002_James_A.jpg","width":1046,"height":857,"caption":"James Giacomini, diretor da Diversa Turismo (Foto: Claudia Tonaco)"},{"@type":"BreadcrumbList","@id":"https:\/\/www.travel3.com.br\/site\/acontece-no-turismo\/operadoras\/diversa-turismo-esta-com-tudo-pronto\/#breadcrumb","itemListElement":[{"@type":"ListItem","position":1,"name":"In\u00edcio","item":"https:\/\/www.travel3.com.br\/site\/"},{"@type":"ListItem","position":2,"name":"Diversa Turismo est\u00e1 com tudo pronto para a retomada das viagens"}]},{"@type":"WebSite","@id":"https:\/\/www.travel3.com.br\/site\/#website","url":"https:\/\/www.travel3.com.br\/site\/","name":"Travel3","description":"Lazer + Neg&oacute;cios + Aventura","publisher":{"@id":"https:\/\/www.travel3.com.br\/site\/#organization"},"potentialAction":[{"@type":"SearchAction","target":{"@type":"EntryPoint","urlTemplate":"https:\/\/www.travel3.com.br\/site\/?s={search_term_string}"},"query-input":{"@type":"PropertyValueSpecification","valueRequired":true,"valueName":"search_term_string"}}],"inLanguage":"pt-BR"},{"@type":"Organization","@id":"https:\/\/www.travel3.com.br\/site\/#organization","name":"Travel3","url":"https:\/\/www.travel3.com.br\/site\/","logo":{"@type":"ImageObject","inLanguage":"pt-BR","@id":"https:\/\/www.travel3.com.br\/site\/#\/schema\/logo\/image\/","url":"https:\/\/www.travel3.com.br\/site\/wp-content\/uploads\/2020\/01\/logo-travel3-2020.png","contentUrl":"https:\/\/www.travel3.com.br\/site\/wp-content\/uploads\/2020\/01\/logo-travel3-2020.png","width":232,"height":79,"caption":"Travel3"},"image":{"@id":"https:\/\/www.travel3.com.br\/site\/#\/schema\/logo\/image\/"},"sameAs":["https:\/\/www.facebook.com\/travel3media\/","https:\/\/www.instagram.com\/revistatravel3\/","https:\/\/www.youtube.com\/channel\/UCno7J4paGBR3VbZQzvoJ9Eg"]},{"@type":"Person","@id":"https:\/\/www.travel3.com.br\/site\/#\/schema\/person\/d837eaf73c4e8896e932e0acede946c0","name":"Caroline Tonaco","image":{"@type":"ImageObject","inLanguage":"pt-BR","@id":"https:\/\/www.travel3.com.br\/site\/#\/schema\/person\/image\/","url":"https:\/\/www.travel3.com.br\/site\/wp-content\/uploads\/2019\/09\/caroline-150x150.jpeg","contentUrl":"https:\/\/www.travel3.com.br\/site\/wp-content\/uploads\/2019\/09\/caroline-150x150.jpeg","caption":"Caroline Tonaco"},"sameAs":["https:\/\/www.travel3.com.br\/","https:\/\/www.instagram.com\/carolinetonaco\/"],"url":"https:\/\/www.travel3.com.br\/site\/author\/caroline\/"}]}},"_links":{"self":[{"href":"https:\/\/www.travel3.com.br\/site\/wp-json\/wp\/v2\/posts\/34475","targetHints":{"allow":["GET"]}}],"collection":[{"href":"https:\/\/www.travel3.com.br\/site\/wp-json\/wp\/v2\/posts"}],"about":[{"href":"https:\/\/www.travel3.com.br\/site\/wp-json\/wp\/v2\/types\/post"}],"author":[{"embeddable":true,"href":"https:\/\/www.travel3.com.br\/site\/wp-json\/wp\/v2\/users\/14"}],"replies":[{"embeddable":true,"href":"https:\/\/www.travel3.com.br\/site\/wp-json\/wp\/v2\/comments?post=34475"}],"version-history":[{"count":10,"href":"https:\/\/www.travel3.com.br\/site\/wp-json\/wp\/v2\/posts\/34475\/revisions"}],"predecessor-version":[{"id":34498,"href":"https:\/\/www.travel3.com.br\/site\/wp-json\/wp\/v2\/posts\/34475\/revisions\/34498"}],"wp:featuredmedia":[{"embeddable":true,"href":"https:\/\/www.travel3.com.br\/site\/wp-json\/wp\/v2\/media\/34497"}],"wp:attachment":[{"href":"https:\/\/www.travel3.com.br\/site\/wp-json\/wp\/v2\/media?parent=34475"}],"wp:term":[{"taxonomy":"category","embeddable":true,"href":"https:\/\/www.travel3.com.br\/site\/wp-json\/wp\/v2\/categories?post=34475"},{"taxonomy":"post_tag","embeddable":true,"href":"https:\/\/www.travel3.com.br\/site\/wp-json\/wp\/v2\/tags?post=34475"}],"curies":[{"name":"wp","href":"https:\/\/api.w.org\/{rel}","templated":true}]}}