{"id":3434,"date":"2017-08-27T06:09:03","date_gmt":"2017-08-27T06:09:03","guid":{"rendered":"http:\/\/www.travel3.com.br\/site\/ir-e-vir\/ar\/enquanto-isso-em-portugal-acoes-efetivas-nao-esperam\/"},"modified":"2017-08-27T06:09:03","modified_gmt":"2017-08-27T06:09:03","slug":"enquanto-isso-em-portugal-acoes-efetivas-nao-esperam","status":"publish","type":"post","link":"https:\/\/www.travel3.com.br\/site\/sem-categoria\/enquanto-isso-em-portugal-acoes-efetivas-nao-esperam\/","title":{"rendered":"ENQUANTO ISSO, EM PORTUGAL, A\u00c7\u00d5ES EFETIVAS N\u00c3O ESPERAM"},"content":{"rendered":"<p><span style=\"color: #40acad; font-family: -apple-system, system-ui, 'Segoe UI', Roboto, Oxygen-Sans, Ubuntu, Cantarell, 'Helvetica Neue', sans-serif; font-size: 12px; font-weight: bold;\"><\/p>\n<p style=\"text-align:justify\">O turismo de Portugal que vive um momento de alta competitividade e \u00a0avan\u00e7os de marcante sucesso promete ter at\u00e9 o final do ano a montagem efetiva da sua \u00a0estrat\u00e9gia do Turismo para os pr\u00f3ximos dez anos. Depois de um per\u00edodo em em an\u00e1lise, o governo est\u00e1 para fechar os dados e espera ter a estrat\u00e9gia aprovada, segundo a secretaria Ana Mendes Godinho.<\/p>\n<p style=\"text-align:justify\">Ela refor\u00e7ou a ideia que a Estrat\u00e9gia Turismo 2027 resultar\u00e1 de uma discuss\u00e3o compartilhada da rota que o Turismo em Portugal deve seguir e suas principais propostas.<\/p>\n<p style=\"text-align:justify\">A cria\u00e7\u00e3o de um Centro de Inova\u00e7\u00e3o do Turismo, em conjunto das empresas do setor com o Turismo de Portugal foi \u00a0tamb\u00e9m o repto lan\u00e7ado pela secret\u00e1ria de Estado do Turismo, durante a sess\u00e3o de encerramento do Congresso Nacional da Associa\u00e7\u00e3o da Hotelaria de Portugal (AHP), que aconteceu em Ponta Delgada.<\/p>\n<p style=\"text-align:justify\"><a class=\"fancybox-media\" href=\"..\/_uploads\/_noticia\/2016-11\/portugalsecretariadeturismo.jpg\" rel=\"portfolio\"><img decoding=\"async\" alt=\"\" src=\"..\/_uploads\/_noticia\/2016-11\/portugalsecretariadeturismo.jpg\" \/><\/a><\/p>\n<p style=\"text-align:justify\">Para a \u00a0executiva respons\u00e1vel, \u201cPortugal tem condi\u00e7\u00f5es para liderar o Turismo de futuro\u201d, e caso as empresas estejam interessadas no projeto, o governo pretende desenvolver a id\u00e9ia em conjunto.<\/p>\n<p style=\"text-align:justify\">Ana assegurou tamb\u00e9m que a proposta de revis\u00e3o do Regime Jur\u00eddico dos Empreendimentos Tur\u00edsticos (tipo da nossa Lei Geral), ser\u00e1 conhecida at\u00e9 ao final do ano, cumprindo a garantia \u00a0dada aos hoteleiros no in\u00edcio de 2016, Ana Mendes Godinho desafiou os hoteleiros a constru\u00edrem uma proposta para a inclus\u00e3o de um mecanismo de valoriza\u00e7\u00e3o dos recursos humanos na proposta de revis\u00e3o da classifica\u00e7\u00e3o dos empreendimentos tur\u00edsticos como um dos motivos b\u00e1sicos de simplifica\u00e7\u00e3o da atividade.<\/p>\n<p style=\"text-align:justify\">Ana Mendes Godinho lan\u00e7ou ainda \u00a0um outro desafio. O Turismo de Portugal vai desenvolver um projeto que tem como objetivo levar a forma\u00e7\u00e3o das escolas aos locais de trabalho.<\/p>\n<p style=\"text-align:justify\">A Linha de Apoio \u00e0 Qualifica\u00e7\u00e3o da Oferta no valor de 60 milh\u00f5es de euros, lan\u00e7ada no in\u00edcio do ano, est\u00e1 neste momento com uma execu\u00e7\u00e3o de 50%, com \u00a0o alargamento do prazo de reembolso de 12 para 15 anos; a elimina\u00e7\u00e3o da taxa de juro; e o aumento da taxa de cobertura<\/p>\n<p style=\"text-align:justify\">\u00a0<\/p>\n<p>\u00a0<\/p>\n<p><\/span><\/p>\n","protected":false},"excerpt":{"rendered":"<p>At\u00e9 o final do ano governo apresenta estrat\u00e9gia para a pr\u00f3xima d\u00e9cada e entre as a\u00e7\u00f5es prop\u00f5e um centro de inova\u00e7\u00e3o tur\u00edstica<\/p>\n","protected":false},"author":1,"featured_media":0,"comment_status":"open","ping_status":"open","sticky":false,"template":"","format":"standard","meta":{"footnotes":""},"categories":[],"tags":[],"class_list":["post-3434","post","type-post","status-publish","format-standard","hentry"],"yoast_head":"<!-- This site is optimized with the Yoast SEO plugin v26.2 - https:\/\/yoast.com\/wordpress\/plugins\/seo\/ -->\n<title>ENQUANTO ISSO, EM PORTUGAL, A\u00c7\u00d5ES EFETIVAS N\u00c3O ESPERAM - Travel3<\/title>\n<meta name=\"description\" content=\"A TRAVEL3 \u00e9 um portal de conte\u00fado voltado para o turismo, encontre destinos, viagens, hospedagem, passagens, guias, not\u00edcias sobre o mercado do turismo, dicas de viagem, v\u00eddeos e podcast.\" \/>\n<meta name=\"robots\" content=\"index, follow, max-snippet:-1, max-image-preview:large, max-video-preview:-1\" \/>\n<link rel=\"canonical\" href=\"https:\/\/www.travel3.com.br\/site\/sem-categoria\/enquanto-isso-em-portugal-acoes-efetivas-nao-esperam\/\" \/>\n<meta property=\"og:locale\" content=\"pt_BR\" \/>\n<meta property=\"og:type\" content=\"article\" \/>\n<meta property=\"og:title\" content=\"ENQUANTO ISSO, EM PORTUGAL, A\u00c7\u00d5ES EFETIVAS N\u00c3O ESPERAM - Travel3\" \/>\n<meta property=\"og:description\" content=\"A TRAVEL3 \u00e9 um portal de conte\u00fado voltado para o turismo, encontre destinos, viagens, hospedagem, passagens, guias, not\u00edcias sobre o mercado do turismo, dicas de viagem, v\u00eddeos e podcast.\" \/>\n<meta property=\"og:url\" content=\"https:\/\/www.travel3.com.br\/site\/sem-categoria\/enquanto-isso-em-portugal-acoes-efetivas-nao-esperam\/\" \/>\n<meta property=\"og:site_name\" content=\"Travel3\" \/>\n<meta property=\"article:publisher\" content=\"https:\/\/www.facebook.com\/travel3media\/\" \/>\n<meta property=\"article:published_time\" content=\"2017-08-27T06:09:03+00:00\" \/>\n<meta name=\"author\" content=\"admin\" \/>\n<meta name=\"twitter:card\" content=\"summary_large_image\" \/>\n<meta name=\"twitter:label1\" content=\"Escrito por\" \/>\n\t<meta name=\"twitter:data1\" content=\"admin\" \/>\n\t<meta name=\"twitter:label2\" content=\"Est. tempo de leitura\" \/>\n\t<meta name=\"twitter:data2\" content=\"2 minutos\" \/>\n<script type=\"application\/ld+json\" class=\"yoast-schema-graph\">{\"@context\":\"https:\/\/schema.org\",\"@graph\":[{\"@type\":\"Article\",\"@id\":\"https:\/\/www.travel3.com.br\/site\/sem-categoria\/enquanto-isso-em-portugal-acoes-efetivas-nao-esperam\/#article\",\"isPartOf\":{\"@id\":\"https:\/\/www.travel3.com.br\/site\/sem-categoria\/enquanto-isso-em-portugal-acoes-efetivas-nao-esperam\/\"},\"author\":{\"name\":\"admin\",\"@id\":\"https:\/\/www.travel3.com.br\/site\/#\/schema\/person\/a69d71e41a024999b6ab82369ac0bd1e\"},\"headline\":\"ENQUANTO ISSO, EM PORTUGAL, A\u00c7\u00d5ES EFETIVAS N\u00c3O ESPERAM\",\"datePublished\":\"2017-08-27T06:09:03+00:00\",\"mainEntityOfPage\":{\"@id\":\"https:\/\/www.travel3.com.br\/site\/sem-categoria\/enquanto-isso-em-portugal-acoes-efetivas-nao-esperam\/\"},\"wordCount\":369,\"commentCount\":0,\"publisher\":{\"@id\":\"https:\/\/www.travel3.com.br\/site\/#organization\"},\"inLanguage\":\"pt-BR\",\"potentialAction\":[{\"@type\":\"CommentAction\",\"name\":\"Comment\",\"target\":[\"https:\/\/www.travel3.com.br\/site\/sem-categoria\/enquanto-isso-em-portugal-acoes-efetivas-nao-esperam\/#respond\"]}]},{\"@type\":\"WebPage\",\"@id\":\"https:\/\/www.travel3.com.br\/site\/sem-categoria\/enquanto-isso-em-portugal-acoes-efetivas-nao-esperam\/\",\"url\":\"https:\/\/www.travel3.com.br\/site\/sem-categoria\/enquanto-isso-em-portugal-acoes-efetivas-nao-esperam\/\",\"name\":\"ENQUANTO ISSO, EM PORTUGAL, A\u00c7\u00d5ES EFETIVAS N\u00c3O ESPERAM - Travel3\",\"isPartOf\":{\"@id\":\"https:\/\/www.travel3.com.br\/site\/#website\"},\"datePublished\":\"2017-08-27T06:09:03+00:00\",\"description\":\"A TRAVEL3 \u00e9 um portal de conte\u00fado voltado para o turismo, encontre destinos, viagens, hospedagem, passagens, guias, not\u00edcias sobre o mercado do turismo, dicas de viagem, v\u00eddeos e podcast.\",\"breadcrumb\":{\"@id\":\"https:\/\/www.travel3.com.br\/site\/sem-categoria\/enquanto-isso-em-portugal-acoes-efetivas-nao-esperam\/#breadcrumb\"},\"inLanguage\":\"pt-BR\",\"potentialAction\":[{\"@type\":\"ReadAction\",\"target\":[\"https:\/\/www.travel3.com.br\/site\/sem-categoria\/enquanto-isso-em-portugal-acoes-efetivas-nao-esperam\/\"]}]},{\"@type\":\"BreadcrumbList\",\"@id\":\"https:\/\/www.travel3.com.br\/site\/sem-categoria\/enquanto-isso-em-portugal-acoes-efetivas-nao-esperam\/#breadcrumb\",\"itemListElement\":[{\"@type\":\"ListItem\",\"position\":1,\"name\":\"In\u00edcio\",\"item\":\"https:\/\/www.travel3.com.br\/site\/\"},{\"@type\":\"ListItem\",\"position\":2,\"name\":\"ENQUANTO ISSO, EM PORTUGAL, A\u00c7\u00d5ES EFETIVAS N\u00c3O ESPERAM\"}]},{\"@type\":\"WebSite\",\"@id\":\"https:\/\/www.travel3.com.br\/site\/#website\",\"url\":\"https:\/\/www.travel3.com.br\/site\/\",\"name\":\"Travel3\",\"description\":\"Lazer + Neg&oacute;cios + Aventura\",\"publisher\":{\"@id\":\"https:\/\/www.travel3.com.br\/site\/#organization\"},\"potentialAction\":[{\"@type\":\"SearchAction\",\"target\":{\"@type\":\"EntryPoint\",\"urlTemplate\":\"https:\/\/www.travel3.com.br\/site\/?s={search_term_string}\"},\"query-input\":{\"@type\":\"PropertyValueSpecification\",\"valueRequired\":true,\"valueName\":\"search_term_string\"}}],\"inLanguage\":\"pt-BR\"},{\"@type\":\"Organization\",\"@id\":\"https:\/\/www.travel3.com.br\/site\/#organization\",\"name\":\"Travel3\",\"url\":\"https:\/\/www.travel3.com.br\/site\/\",\"logo\":{\"@type\":\"ImageObject\",\"inLanguage\":\"pt-BR\",\"@id\":\"https:\/\/www.travel3.com.br\/site\/#\/schema\/logo\/image\/\",\"url\":\"https:\/\/www.travel3.com.br\/site\/wp-content\/uploads\/2020\/01\/logo-travel3-2020.png\",\"contentUrl\":\"https:\/\/www.travel3.com.br\/site\/wp-content\/uploads\/2020\/01\/logo-travel3-2020.png\",\"width\":232,\"height\":79,\"caption\":\"Travel3\"},\"image\":{\"@id\":\"https:\/\/www.travel3.com.br\/site\/#\/schema\/logo\/image\/\"},\"sameAs\":[\"https:\/\/www.facebook.com\/travel3media\/\",\"https:\/\/www.instagram.com\/revistatravel3\/\",\"https:\/\/www.youtube.com\/channel\/UCno7J4paGBR3VbZQzvoJ9Eg\"]},{\"@type\":\"Person\",\"@id\":\"https:\/\/www.travel3.com.br\/site\/#\/schema\/person\/a69d71e41a024999b6ab82369ac0bd1e\",\"name\":\"admin\",\"image\":{\"@type\":\"ImageObject\",\"inLanguage\":\"pt-BR\",\"@id\":\"https:\/\/www.travel3.com.br\/site\/#\/schema\/person\/image\/\",\"url\":\"https:\/\/secure.gravatar.com\/avatar\/732a67adfd764da2a47ba10ce731c4c0?s=96&d=mm&r=g\",\"contentUrl\":\"https:\/\/secure.gravatar.com\/avatar\/732a67adfd764da2a47ba10ce731c4c0?s=96&d=mm&r=g\",\"caption\":\"admin\"},\"url\":\"https:\/\/www.travel3.com.br\/site\/author\/admin\/\"}]}<\/script>\n<!-- \/ Yoast SEO plugin. -->","yoast_head_json":{"title":"ENQUANTO ISSO, EM PORTUGAL, A\u00c7\u00d5ES EFETIVAS N\u00c3O ESPERAM - Travel3","description":"A TRAVEL3 \u00e9 um portal de conte\u00fado voltado para o turismo, encontre destinos, viagens, hospedagem, passagens, guias, not\u00edcias sobre o mercado do turismo, dicas de viagem, v\u00eddeos e podcast.","robots":{"index":"index","follow":"follow","max-snippet":"max-snippet:-1","max-image-preview":"max-image-preview:large","max-video-preview":"max-video-preview:-1"},"canonical":"https:\/\/www.travel3.com.br\/site\/sem-categoria\/enquanto-isso-em-portugal-acoes-efetivas-nao-esperam\/","og_locale":"pt_BR","og_type":"article","og_title":"ENQUANTO ISSO, EM PORTUGAL, A\u00c7\u00d5ES EFETIVAS N\u00c3O ESPERAM - Travel3","og_description":"A TRAVEL3 \u00e9 um portal de conte\u00fado voltado para o turismo, encontre destinos, viagens, hospedagem, passagens, guias, not\u00edcias sobre o mercado do turismo, dicas de viagem, v\u00eddeos e podcast.","og_url":"https:\/\/www.travel3.com.br\/site\/sem-categoria\/enquanto-isso-em-portugal-acoes-efetivas-nao-esperam\/","og_site_name":"Travel3","article_publisher":"https:\/\/www.facebook.com\/travel3media\/","article_published_time":"2017-08-27T06:09:03+00:00","author":"admin","twitter_card":"summary_large_image","twitter_misc":{"Escrito por":"admin","Est. tempo de leitura":"2 minutos"},"schema":{"@context":"https:\/\/schema.org","@graph":[{"@type":"Article","@id":"https:\/\/www.travel3.com.br\/site\/sem-categoria\/enquanto-isso-em-portugal-acoes-efetivas-nao-esperam\/#article","isPartOf":{"@id":"https:\/\/www.travel3.com.br\/site\/sem-categoria\/enquanto-isso-em-portugal-acoes-efetivas-nao-esperam\/"},"author":{"name":"admin","@id":"https:\/\/www.travel3.com.br\/site\/#\/schema\/person\/a69d71e41a024999b6ab82369ac0bd1e"},"headline":"ENQUANTO ISSO, EM PORTUGAL, A\u00c7\u00d5ES EFETIVAS N\u00c3O ESPERAM","datePublished":"2017-08-27T06:09:03+00:00","mainEntityOfPage":{"@id":"https:\/\/www.travel3.com.br\/site\/sem-categoria\/enquanto-isso-em-portugal-acoes-efetivas-nao-esperam\/"},"wordCount":369,"commentCount":0,"publisher":{"@id":"https:\/\/www.travel3.com.br\/site\/#organization"},"inLanguage":"pt-BR","potentialAction":[{"@type":"CommentAction","name":"Comment","target":["https:\/\/www.travel3.com.br\/site\/sem-categoria\/enquanto-isso-em-portugal-acoes-efetivas-nao-esperam\/#respond"]}]},{"@type":"WebPage","@id":"https:\/\/www.travel3.com.br\/site\/sem-categoria\/enquanto-isso-em-portugal-acoes-efetivas-nao-esperam\/","url":"https:\/\/www.travel3.com.br\/site\/sem-categoria\/enquanto-isso-em-portugal-acoes-efetivas-nao-esperam\/","name":"ENQUANTO ISSO, EM PORTUGAL, A\u00c7\u00d5ES EFETIVAS N\u00c3O ESPERAM - Travel3","isPartOf":{"@id":"https:\/\/www.travel3.com.br\/site\/#website"},"datePublished":"2017-08-27T06:09:03+00:00","description":"A TRAVEL3 \u00e9 um portal de conte\u00fado voltado para o turismo, encontre destinos, viagens, hospedagem, passagens, guias, not\u00edcias sobre o mercado do turismo, dicas de viagem, v\u00eddeos e podcast.","breadcrumb":{"@id":"https:\/\/www.travel3.com.br\/site\/sem-categoria\/enquanto-isso-em-portugal-acoes-efetivas-nao-esperam\/#breadcrumb"},"inLanguage":"pt-BR","potentialAction":[{"@type":"ReadAction","target":["https:\/\/www.travel3.com.br\/site\/sem-categoria\/enquanto-isso-em-portugal-acoes-efetivas-nao-esperam\/"]}]},{"@type":"BreadcrumbList","@id":"https:\/\/www.travel3.com.br\/site\/sem-categoria\/enquanto-isso-em-portugal-acoes-efetivas-nao-esperam\/#breadcrumb","itemListElement":[{"@type":"ListItem","position":1,"name":"In\u00edcio","item":"https:\/\/www.travel3.com.br\/site\/"},{"@type":"ListItem","position":2,"name":"ENQUANTO ISSO, EM PORTUGAL, A\u00c7\u00d5ES EFETIVAS N\u00c3O ESPERAM"}]},{"@type":"WebSite","@id":"https:\/\/www.travel3.com.br\/site\/#website","url":"https:\/\/www.travel3.com.br\/site\/","name":"Travel3","description":"Lazer + Neg&oacute;cios + Aventura","publisher":{"@id":"https:\/\/www.travel3.com.br\/site\/#organization"},"potentialAction":[{"@type":"SearchAction","target":{"@type":"EntryPoint","urlTemplate":"https:\/\/www.travel3.com.br\/site\/?s={search_term_string}"},"query-input":{"@type":"PropertyValueSpecification","valueRequired":true,"valueName":"search_term_string"}}],"inLanguage":"pt-BR"},{"@type":"Organization","@id":"https:\/\/www.travel3.com.br\/site\/#organization","name":"Travel3","url":"https:\/\/www.travel3.com.br\/site\/","logo":{"@type":"ImageObject","inLanguage":"pt-BR","@id":"https:\/\/www.travel3.com.br\/site\/#\/schema\/logo\/image\/","url":"https:\/\/www.travel3.com.br\/site\/wp-content\/uploads\/2020\/01\/logo-travel3-2020.png","contentUrl":"https:\/\/www.travel3.com.br\/site\/wp-content\/uploads\/2020\/01\/logo-travel3-2020.png","width":232,"height":79,"caption":"Travel3"},"image":{"@id":"https:\/\/www.travel3.com.br\/site\/#\/schema\/logo\/image\/"},"sameAs":["https:\/\/www.facebook.com\/travel3media\/","https:\/\/www.instagram.com\/revistatravel3\/","https:\/\/www.youtube.com\/channel\/UCno7J4paGBR3VbZQzvoJ9Eg"]},{"@type":"Person","@id":"https:\/\/www.travel3.com.br\/site\/#\/schema\/person\/a69d71e41a024999b6ab82369ac0bd1e","name":"admin","image":{"@type":"ImageObject","inLanguage":"pt-BR","@id":"https:\/\/www.travel3.com.br\/site\/#\/schema\/person\/image\/","url":"https:\/\/secure.gravatar.com\/avatar\/732a67adfd764da2a47ba10ce731c4c0?s=96&d=mm&r=g","contentUrl":"https:\/\/secure.gravatar.com\/avatar\/732a67adfd764da2a47ba10ce731c4c0?s=96&d=mm&r=g","caption":"admin"},"url":"https:\/\/www.travel3.com.br\/site\/author\/admin\/"}]}},"_links":{"self":[{"href":"https:\/\/www.travel3.com.br\/site\/wp-json\/wp\/v2\/posts\/3434","targetHints":{"allow":["GET"]}}],"collection":[{"href":"https:\/\/www.travel3.com.br\/site\/wp-json\/wp\/v2\/posts"}],"about":[{"href":"https:\/\/www.travel3.com.br\/site\/wp-json\/wp\/v2\/types\/post"}],"author":[{"embeddable":true,"href":"https:\/\/www.travel3.com.br\/site\/wp-json\/wp\/v2\/users\/1"}],"replies":[{"embeddable":true,"href":"https:\/\/www.travel3.com.br\/site\/wp-json\/wp\/v2\/comments?post=3434"}],"version-history":[{"count":0,"href":"https:\/\/www.travel3.com.br\/site\/wp-json\/wp\/v2\/posts\/3434\/revisions"}],"wp:attachment":[{"href":"https:\/\/www.travel3.com.br\/site\/wp-json\/wp\/v2\/media?parent=3434"}],"wp:term":[{"taxonomy":"category","embeddable":true,"href":"https:\/\/www.travel3.com.br\/site\/wp-json\/wp\/v2\/categories?post=3434"},{"taxonomy":"post_tag","embeddable":true,"href":"https:\/\/www.travel3.com.br\/site\/wp-json\/wp\/v2\/tags?post=3434"}],"curies":[{"name":"wp","href":"https:\/\/api.w.org\/{rel}","templated":true}]}}