{"id":34234,"date":"2020-06-30T05:00:46","date_gmt":"2020-06-30T08:00:46","guid":{"rendered":"https:\/\/www.travel3.com.br\/?p=34234"},"modified":"2020-06-28T19:58:06","modified_gmt":"2020-06-28T22:58:06","slug":"parque-das-aves-volta-a-fechar-em-foz-do-iguacu","status":"publish","type":"post","link":"https:\/\/www.travel3.com.br\/site\/destaque\/parque-das-aves-volta-a-fechar-em-foz-do-iguacu\/","title":{"rendered":"Parque das Aves volta a fechar em Foz do Igua\u00e7u"},"content":{"rendered":"\n<figure class=\"wp-block-image\"><img loading=\"lazy\" decoding=\"async\" width=\"1024\" height=\"683\" src=\"https:\/\/www.travel3.com.br\/site\/wp-content\/uploads\/2020\/06\/guar\u00e1-2_Easy-Resize.com_-1024x683.jpg\" alt=\"Parque das Aves\" class=\"wp-image-34235\" srcset=\"https:\/\/www.travel3.com.br\/site\/wp-content\/uploads\/2020\/06\/guar\u00e1-2_Easy-Resize.com_-1024x683.jpg 1024w, https:\/\/www.travel3.com.br\/site\/wp-content\/uploads\/2020\/06\/guar\u00e1-2_Easy-Resize.com_-300x200.jpg 300w, https:\/\/www.travel3.com.br\/site\/wp-content\/uploads\/2020\/06\/guar\u00e1-2_Easy-Resize.com_-768x512.jpg 768w, https:\/\/www.travel3.com.br\/site\/wp-content\/uploads\/2020\/06\/guar\u00e1-2_Easy-Resize.com_-750x500.jpg 750w, https:\/\/www.travel3.com.br\/site\/wp-content\/uploads\/2020\/06\/guar\u00e1-2_Easy-Resize.com_-1140x761.jpg 1140w, https:\/\/www.travel3.com.br\/site\/wp-content\/uploads\/2020\/06\/guar\u00e1-2_Easy-Resize.com_.jpg 1280w\" sizes=\"auto, (max-width: 1024px) 100vw, 1024px\" \/><figcaption>Guar\u00e1s no Parque das Aves (Foto: Divulga\u00e7\u00e3o)<\/figcaption><\/figure>\n\n\n\n<h3 class=\"wp-block-heading\" style=\"text-align:center\">Reaberto em 10 de junho, parque fechou novamente ap\u00f3s novos casos de Covid-19 na regi\u00e3o<\/h3>\n\n\n\n<p>Ap\u00f3s reabrir no dia 10 de junho, o Parque das Aves, em Foz do Igua\u00e7u, voltou a fechar as portas no \u00faltimo dia 23. A decis\u00e3o de interromper as atividades novamente acontece ap\u00f3s o aumento do n\u00famero de <a href=\"https:\/\/www.travel3.com.br\/acontece-no-turismo\/seychelles-afirma-ter-se-livrado-do-coronavirus\/\" target=\"_blank\" rel=\"noreferrer noopener\" aria-label=\"casos de Covid-19 (opens in a new tab)\">casos de Covid-19<\/a> na regi\u00e3o.<\/p>\n\n\n\n<p>No parque, quase 100 funcion\u00e1rios trabalham constantemente no resgate, abrigo, conserva\u00e7\u00e3o e cuidado de mais de 1300 aves. Por isso, mesmo com o parque fechado, s\u00e3o promovidas diferentes <a href=\"https:\/\/www.travel3.com.br\/destaque\/tiradentes-anuncia-novas-medidas-contra-a-covid-19\/\" target=\"_blank\" rel=\"noreferrer noopener\" aria-label=\"medidas de seguran\u00e7a sanit\u00e1ria (opens in a new tab)\">medidas de seguran\u00e7a sanit\u00e1ria<\/a>.<\/p>\n\n\n\n<blockquote class=\"wp-block-quote is-layout-flow wp-block-quote-is-layout-flow\"><p>O Parque das Aves oferece um passeio seguro para seus visitantes, e condi\u00e7\u00f5es sanit\u00e1rias primorosas para seus colaboradores.<\/p><p>Mas com o Parque aberto, muitos colaboradores que trabalham conosco tinham que deixar seus filhos com outras pessoas, entre outras situa\u00e7\u00f5es, gerando um risco desnecess\u00e1rio para nossa comunidade interna; principalmente quando pensamos que nossas aves dependem de n\u00f3s para sobreviver.<\/p><p>Neste momento, precisamos que cada um cuide bem de si mesmo e de sua fam\u00edlia.<\/p><cite>Carmel Croukamp &#8211; Diretora Geral do Parque das Aves<\/cite><\/blockquote>\n\n\n\n<figure class=\"wp-block-image\"><img loading=\"lazy\" decoding=\"async\" width=\"1024\" height=\"683\" src=\"https:\/\/www.travel3.com.br\/site\/wp-content\/uploads\/2020\/06\/tucano-toco-ave-dispersora-de-sementes-de-grandes-\u00e1rvores_Easy-Resize.com_-1024x683.jpg\" alt=\"Parque das Aves\" class=\"wp-image-34236\" srcset=\"https:\/\/www.travel3.com.br\/site\/wp-content\/uploads\/2020\/06\/tucano-toco-ave-dispersora-de-sementes-de-grandes-\u00e1rvores_Easy-Resize.com_-1024x683.jpg 1024w, https:\/\/www.travel3.com.br\/site\/wp-content\/uploads\/2020\/06\/tucano-toco-ave-dispersora-de-sementes-de-grandes-\u00e1rvores_Easy-Resize.com_-300x200.jpg 300w, https:\/\/www.travel3.com.br\/site\/wp-content\/uploads\/2020\/06\/tucano-toco-ave-dispersora-de-sementes-de-grandes-\u00e1rvores_Easy-Resize.com_-768x512.jpg 768w, https:\/\/www.travel3.com.br\/site\/wp-content\/uploads\/2020\/06\/tucano-toco-ave-dispersora-de-sementes-de-grandes-\u00e1rvores_Easy-Resize.com_-750x500.jpg 750w, https:\/\/www.travel3.com.br\/site\/wp-content\/uploads\/2020\/06\/tucano-toco-ave-dispersora-de-sementes-de-grandes-\u00e1rvores_Easy-Resize.com_-1140x761.jpg 1140w, https:\/\/www.travel3.com.br\/site\/wp-content\/uploads\/2020\/06\/tucano-toco-ave-dispersora-de-sementes-de-grandes-\u00e1rvores_Easy-Resize.com_.jpg 1280w\" sizes=\"auto, (max-width: 1024px) 100vw, 1024px\" \/><figcaption>Tucano-toco (Foto: Divulga\u00e7\u00e3o)<\/figcaption><\/figure>\n\n\n\n<h2 class=\"wp-block-heading\">Evolu\u00e7\u00e3o dos n\u00fameros da Covid-19<\/h2>\n\n\n\n<p>Por meses, Foz do Igua\u00e7u e todo o estado do Paran\u00e1 se destacaram pelo baixo n\u00famero de infectados pela Covid-19, e pela pouca ocupa\u00e7\u00e3o de leitos de UTI. No entanto, com o gradual retorno de atividades econ\u00f4micas, a situa\u00e7\u00e3o epidemiol\u00f3gica come\u00e7ou a se agravar.<\/p>\n\n\n\n<p>Em Foz do Igua\u00e7u, 181 casos da doen\u00e7a foram registrados na semana do dia 14 ao dia 21; n\u00famero que representa um aumento de 64,5% em rela\u00e7\u00e3o \u00e0 semana anterior.<\/p>\n\n\n\n<p>Al\u00e9m disso, mais cidades pr\u00f3ximas registraram um aumento repentino do n\u00famero de infec\u00e7\u00f5es &#8211; e, por isso, voltaram a promover medidas contra aglomera\u00e7\u00f5es.<\/p>\n\n\n\n<blockquote class=\"wp-block-quote is-layout-flow wp-block-quote-is-layout-flow\"><p>Quando o Parque das Aves reabriu suas portas para a visita\u00e7\u00e3o, a situa\u00e7\u00e3o epidemiol\u00f3gica em Foz do Igua\u00e7u e no Paran\u00e1 era muito diferente. Concordamos em reabrir de acordo com a leitura constante do estado epidemiol\u00f3gico da cidade, regi\u00e3o e estado. Em cima da nossa leitura atual, n\u00e3o \u00e9 o momento para permanecermos abertos.<\/p><p>Retomada econ\u00f4mica s\u00f3 \u00e9 poss\u00edvel com consci\u00eancia plena da seguran\u00e7a comunit\u00e1ria da parte de cada um.<\/p><cite>Carmel Croukamp &#8211; Diretora Geral do Parque das Aves<\/cite><\/blockquote>\n","protected":false},"excerpt":{"rendered":"<p>Reaberto em 10 de junho, parque fechou novamente ap\u00f3s novos casos de Covid-19 na regi\u00e3o Ap\u00f3s reabrir no dia 10 de junho, o Parque das Aves, em Foz do Igua\u00e7u, voltou a fechar as portas no \u00faltimo dia 23. A decis\u00e3o de interromper as atividades novamente acontece ap\u00f3s o aumento do n\u00famero de casos de [&hellip;]<\/p>\n","protected":false},"author":6,"featured_media":34235,"comment_status":"open","ping_status":"open","sticky":false,"template":"","format":"standard","meta":{"footnotes":""},"categories":[969,226],"tags":[4008,1394,3406,4117],"class_list":["post-34234","post","type-post","status-publish","format-standard","has-post-thumbnail","hentry","category-acontece-no-turismo","category-destaque","tag-coronavirus","tag-foz-do-iguacu","tag-parana","tag-retomada-do-turismo"],"yoast_head":"<!-- This site is optimized with the Yoast SEO plugin v26.2 - https:\/\/yoast.com\/wordpress\/plugins\/seo\/ -->\n<title>Parque das Aves volta a fechar em Foz do Igua\u00e7u - Travel3<\/title>\n<meta name=\"description\" content=\"Parque das Aves volta a fechar em Foz do Igua\u00e7u; reaberto em 10 de junho, parque fechou novamente ap\u00f3s mais casos de Covid-19 na regi\u00e3o\" \/>\n<meta name=\"robots\" content=\"index, follow, max-snippet:-1, max-image-preview:large, max-video-preview:-1\" \/>\n<link rel=\"canonical\" href=\"https:\/\/www.travel3.com.br\/site\/destaque\/parque-das-aves-volta-a-fechar-em-foz-do-iguacu\/\" \/>\n<meta property=\"og:locale\" content=\"pt_BR\" \/>\n<meta property=\"og:type\" content=\"article\" \/>\n<meta property=\"og:title\" content=\"Parque das Aves volta a fechar em Foz do Igua\u00e7u - Travel3\" \/>\n<meta property=\"og:description\" content=\"Parque das Aves volta a fechar em Foz do Igua\u00e7u; reaberto em 10 de junho, parque fechou novamente ap\u00f3s mais casos de Covid-19 na regi\u00e3o\" \/>\n<meta property=\"og:url\" content=\"https:\/\/www.travel3.com.br\/site\/destaque\/parque-das-aves-volta-a-fechar-em-foz-do-iguacu\/\" \/>\n<meta property=\"og:site_name\" content=\"Travel3\" \/>\n<meta property=\"article:publisher\" content=\"https:\/\/www.facebook.com\/travel3media\/\" \/>\n<meta property=\"article:published_time\" content=\"2020-06-30T08:00:46+00:00\" \/>\n<meta property=\"og:image\" content=\"https:\/\/www.travel3.com.br\/site\/wp-content\/uploads\/2020\/06\/guar\u00e1-2_Easy-Resize.com_.jpg\" \/>\n\t<meta property=\"og:image:width\" content=\"1280\" \/>\n\t<meta property=\"og:image:height\" content=\"854\" \/>\n\t<meta property=\"og:image:type\" content=\"image\/jpeg\" \/>\n<meta name=\"author\" content=\"Reda\u00e7\u00e3o Travel3\" \/>\n<meta name=\"twitter:card\" content=\"summary_large_image\" \/>\n<meta name=\"twitter:label1\" content=\"Escrito por\" \/>\n\t<meta name=\"twitter:data1\" content=\"Reda\u00e7\u00e3o Travel3\" \/>\n\t<meta name=\"twitter:label2\" content=\"Est. tempo de leitura\" \/>\n\t<meta name=\"twitter:data2\" content=\"2 minutos\" \/>\n<script type=\"application\/ld+json\" class=\"yoast-schema-graph\">{\"@context\":\"https:\/\/schema.org\",\"@graph\":[{\"@type\":\"Article\",\"@id\":\"https:\/\/www.travel3.com.br\/site\/destaque\/parque-das-aves-volta-a-fechar-em-foz-do-iguacu\/#article\",\"isPartOf\":{\"@id\":\"https:\/\/www.travel3.com.br\/site\/destaque\/parque-das-aves-volta-a-fechar-em-foz-do-iguacu\/\"},\"author\":{\"name\":\"Reda\u00e7\u00e3o Travel3\",\"@id\":\"https:\/\/www.travel3.com.br\/site\/#\/schema\/person\/9cff8daac0a2f1aa0799f827b8aa8308\"},\"headline\":\"Parque das Aves volta a fechar em Foz do Igua\u00e7u\",\"datePublished\":\"2020-06-30T08:00:46+00:00\",\"mainEntityOfPage\":{\"@id\":\"https:\/\/www.travel3.com.br\/site\/destaque\/parque-das-aves-volta-a-fechar-em-foz-do-iguacu\/\"},\"wordCount\":414,\"commentCount\":0,\"publisher\":{\"@id\":\"https:\/\/www.travel3.com.br\/site\/#organization\"},\"image\":{\"@id\":\"https:\/\/www.travel3.com.br\/site\/destaque\/parque-das-aves-volta-a-fechar-em-foz-do-iguacu\/#primaryimage\"},\"thumbnailUrl\":\"https:\/\/www.travel3.com.br\/site\/wp-content\/uploads\/2020\/06\/guar\u00e1-2_Easy-Resize.com_.jpg\",\"keywords\":[\"Coronav\u00edrus\",\"Foz do Igua\u00e7u\",\"Paran\u00e1\",\"Retomada do Turismo\"],\"articleSection\":[\"Acontece no Turismo\",\"Destaque\"],\"inLanguage\":\"pt-BR\",\"potentialAction\":[{\"@type\":\"CommentAction\",\"name\":\"Comment\",\"target\":[\"https:\/\/www.travel3.com.br\/site\/destaque\/parque-das-aves-volta-a-fechar-em-foz-do-iguacu\/#respond\"]}]},{\"@type\":\"WebPage\",\"@id\":\"https:\/\/www.travel3.com.br\/site\/destaque\/parque-das-aves-volta-a-fechar-em-foz-do-iguacu\/\",\"url\":\"https:\/\/www.travel3.com.br\/site\/destaque\/parque-das-aves-volta-a-fechar-em-foz-do-iguacu\/\",\"name\":\"Parque das Aves volta a fechar em Foz do Igua\u00e7u - Travel3\",\"isPartOf\":{\"@id\":\"https:\/\/www.travel3.com.br\/site\/#website\"},\"primaryImageOfPage\":{\"@id\":\"https:\/\/www.travel3.com.br\/site\/destaque\/parque-das-aves-volta-a-fechar-em-foz-do-iguacu\/#primaryimage\"},\"image\":{\"@id\":\"https:\/\/www.travel3.com.br\/site\/destaque\/parque-das-aves-volta-a-fechar-em-foz-do-iguacu\/#primaryimage\"},\"thumbnailUrl\":\"https:\/\/www.travel3.com.br\/site\/wp-content\/uploads\/2020\/06\/guar\u00e1-2_Easy-Resize.com_.jpg\",\"datePublished\":\"2020-06-30T08:00:46+00:00\",\"description\":\"Parque das Aves volta a fechar em Foz do Igua\u00e7u; reaberto em 10 de junho, parque fechou novamente ap\u00f3s mais casos de Covid-19 na regi\u00e3o\",\"breadcrumb\":{\"@id\":\"https:\/\/www.travel3.com.br\/site\/destaque\/parque-das-aves-volta-a-fechar-em-foz-do-iguacu\/#breadcrumb\"},\"inLanguage\":\"pt-BR\",\"potentialAction\":[{\"@type\":\"ReadAction\",\"target\":[\"https:\/\/www.travel3.com.br\/site\/destaque\/parque-das-aves-volta-a-fechar-em-foz-do-iguacu\/\"]}]},{\"@type\":\"ImageObject\",\"inLanguage\":\"pt-BR\",\"@id\":\"https:\/\/www.travel3.com.br\/site\/destaque\/parque-das-aves-volta-a-fechar-em-foz-do-iguacu\/#primaryimage\",\"url\":\"https:\/\/www.travel3.com.br\/site\/wp-content\/uploads\/2020\/06\/guar\u00e1-2_Easy-Resize.com_.jpg\",\"contentUrl\":\"https:\/\/www.travel3.com.br\/site\/wp-content\/uploads\/2020\/06\/guar\u00e1-2_Easy-Resize.com_.jpg\",\"width\":1280,\"height\":854,\"caption\":\"Guar\u00e1s no Parque das Aves (Foto: Divulga\u00e7\u00e3o)\"},{\"@type\":\"BreadcrumbList\",\"@id\":\"https:\/\/www.travel3.com.br\/site\/destaque\/parque-das-aves-volta-a-fechar-em-foz-do-iguacu\/#breadcrumb\",\"itemListElement\":[{\"@type\":\"ListItem\",\"position\":1,\"name\":\"In\u00edcio\",\"item\":\"https:\/\/www.travel3.com.br\/site\/\"},{\"@type\":\"ListItem\",\"position\":2,\"name\":\"Parque das Aves volta a fechar em Foz do Igua\u00e7u\"}]},{\"@type\":\"WebSite\",\"@id\":\"https:\/\/www.travel3.com.br\/site\/#website\",\"url\":\"https:\/\/www.travel3.com.br\/site\/\",\"name\":\"Travel3\",\"description\":\"Lazer + Neg&oacute;cios + Aventura\",\"publisher\":{\"@id\":\"https:\/\/www.travel3.com.br\/site\/#organization\"},\"potentialAction\":[{\"@type\":\"SearchAction\",\"target\":{\"@type\":\"EntryPoint\",\"urlTemplate\":\"https:\/\/www.travel3.com.br\/site\/?s={search_term_string}\"},\"query-input\":{\"@type\":\"PropertyValueSpecification\",\"valueRequired\":true,\"valueName\":\"search_term_string\"}}],\"inLanguage\":\"pt-BR\"},{\"@type\":\"Organization\",\"@id\":\"https:\/\/www.travel3.com.br\/site\/#organization\",\"name\":\"Travel3\",\"url\":\"https:\/\/www.travel3.com.br\/site\/\",\"logo\":{\"@type\":\"ImageObject\",\"inLanguage\":\"pt-BR\",\"@id\":\"https:\/\/www.travel3.com.br\/site\/#\/schema\/logo\/image\/\",\"url\":\"https:\/\/www.travel3.com.br\/site\/wp-content\/uploads\/2020\/01\/logo-travel3-2020.png\",\"contentUrl\":\"https:\/\/www.travel3.com.br\/site\/wp-content\/uploads\/2020\/01\/logo-travel3-2020.png\",\"width\":232,\"height\":79,\"caption\":\"Travel3\"},\"image\":{\"@id\":\"https:\/\/www.travel3.com.br\/site\/#\/schema\/logo\/image\/\"},\"sameAs\":[\"https:\/\/www.facebook.com\/travel3media\/\",\"https:\/\/www.instagram.com\/revistatravel3\/\",\"https:\/\/www.youtube.com\/channel\/UCno7J4paGBR3VbZQzvoJ9Eg\"]},{\"@type\":\"Person\",\"@id\":\"https:\/\/www.travel3.com.br\/site\/#\/schema\/person\/9cff8daac0a2f1aa0799f827b8aa8308\",\"name\":\"Reda\u00e7\u00e3o Travel3\",\"image\":{\"@type\":\"ImageObject\",\"inLanguage\":\"pt-BR\",\"@id\":\"https:\/\/www.travel3.com.br\/site\/#\/schema\/person\/image\/\",\"url\":\"https:\/\/secure.gravatar.com\/avatar\/6e6125525e1f04b7b8c607d71556e490?s=96&d=mm&r=g\",\"contentUrl\":\"https:\/\/secure.gravatar.com\/avatar\/6e6125525e1f04b7b8c607d71556e490?s=96&d=mm&r=g\",\"caption\":\"Reda\u00e7\u00e3o Travel3\"},\"sameAs\":[\"http:\/\/www.travel3.com.br\"],\"url\":\"https:\/\/www.travel3.com.br\/site\/author\/redacao2\/\"}]}<\/script>\n<!-- \/ Yoast SEO plugin. -->","yoast_head_json":{"title":"Parque das Aves volta a fechar em Foz do Igua\u00e7u - Travel3","description":"Parque das Aves volta a fechar em Foz do Igua\u00e7u; reaberto em 10 de junho, parque fechou novamente ap\u00f3s mais casos de Covid-19 na regi\u00e3o","robots":{"index":"index","follow":"follow","max-snippet":"max-snippet:-1","max-image-preview":"max-image-preview:large","max-video-preview":"max-video-preview:-1"},"canonical":"https:\/\/www.travel3.com.br\/site\/destaque\/parque-das-aves-volta-a-fechar-em-foz-do-iguacu\/","og_locale":"pt_BR","og_type":"article","og_title":"Parque das Aves volta a fechar em Foz do Igua\u00e7u - Travel3","og_description":"Parque das Aves volta a fechar em Foz do Igua\u00e7u; reaberto em 10 de junho, parque fechou novamente ap\u00f3s mais casos de Covid-19 na regi\u00e3o","og_url":"https:\/\/www.travel3.com.br\/site\/destaque\/parque-das-aves-volta-a-fechar-em-foz-do-iguacu\/","og_site_name":"Travel3","article_publisher":"https:\/\/www.facebook.com\/travel3media\/","article_published_time":"2020-06-30T08:00:46+00:00","og_image":[{"width":1280,"height":854,"url":"https:\/\/www.travel3.com.br\/site\/wp-content\/uploads\/2020\/06\/guar\u00e1-2_Easy-Resize.com_.jpg","type":"image\/jpeg"}],"author":"Reda\u00e7\u00e3o Travel3","twitter_card":"summary_large_image","twitter_misc":{"Escrito por":"Reda\u00e7\u00e3o Travel3","Est. tempo de leitura":"2 minutos"},"schema":{"@context":"https:\/\/schema.org","@graph":[{"@type":"Article","@id":"https:\/\/www.travel3.com.br\/site\/destaque\/parque-das-aves-volta-a-fechar-em-foz-do-iguacu\/#article","isPartOf":{"@id":"https:\/\/www.travel3.com.br\/site\/destaque\/parque-das-aves-volta-a-fechar-em-foz-do-iguacu\/"},"author":{"name":"Reda\u00e7\u00e3o Travel3","@id":"https:\/\/www.travel3.com.br\/site\/#\/schema\/person\/9cff8daac0a2f1aa0799f827b8aa8308"},"headline":"Parque das Aves volta a fechar em Foz do Igua\u00e7u","datePublished":"2020-06-30T08:00:46+00:00","mainEntityOfPage":{"@id":"https:\/\/www.travel3.com.br\/site\/destaque\/parque-das-aves-volta-a-fechar-em-foz-do-iguacu\/"},"wordCount":414,"commentCount":0,"publisher":{"@id":"https:\/\/www.travel3.com.br\/site\/#organization"},"image":{"@id":"https:\/\/www.travel3.com.br\/site\/destaque\/parque-das-aves-volta-a-fechar-em-foz-do-iguacu\/#primaryimage"},"thumbnailUrl":"https:\/\/www.travel3.com.br\/site\/wp-content\/uploads\/2020\/06\/guar\u00e1-2_Easy-Resize.com_.jpg","keywords":["Coronav\u00edrus","Foz do Igua\u00e7u","Paran\u00e1","Retomada do Turismo"],"articleSection":["Acontece no Turismo","Destaque"],"inLanguage":"pt-BR","potentialAction":[{"@type":"CommentAction","name":"Comment","target":["https:\/\/www.travel3.com.br\/site\/destaque\/parque-das-aves-volta-a-fechar-em-foz-do-iguacu\/#respond"]}]},{"@type":"WebPage","@id":"https:\/\/www.travel3.com.br\/site\/destaque\/parque-das-aves-volta-a-fechar-em-foz-do-iguacu\/","url":"https:\/\/www.travel3.com.br\/site\/destaque\/parque-das-aves-volta-a-fechar-em-foz-do-iguacu\/","name":"Parque das Aves volta a fechar em Foz do Igua\u00e7u - Travel3","isPartOf":{"@id":"https:\/\/www.travel3.com.br\/site\/#website"},"primaryImageOfPage":{"@id":"https:\/\/www.travel3.com.br\/site\/destaque\/parque-das-aves-volta-a-fechar-em-foz-do-iguacu\/#primaryimage"},"image":{"@id":"https:\/\/www.travel3.com.br\/site\/destaque\/parque-das-aves-volta-a-fechar-em-foz-do-iguacu\/#primaryimage"},"thumbnailUrl":"https:\/\/www.travel3.com.br\/site\/wp-content\/uploads\/2020\/06\/guar\u00e1-2_Easy-Resize.com_.jpg","datePublished":"2020-06-30T08:00:46+00:00","description":"Parque das Aves volta a fechar em Foz do Igua\u00e7u; reaberto em 10 de junho, parque fechou novamente ap\u00f3s mais casos de Covid-19 na regi\u00e3o","breadcrumb":{"@id":"https:\/\/www.travel3.com.br\/site\/destaque\/parque-das-aves-volta-a-fechar-em-foz-do-iguacu\/#breadcrumb"},"inLanguage":"pt-BR","potentialAction":[{"@type":"ReadAction","target":["https:\/\/www.travel3.com.br\/site\/destaque\/parque-das-aves-volta-a-fechar-em-foz-do-iguacu\/"]}]},{"@type":"ImageObject","inLanguage":"pt-BR","@id":"https:\/\/www.travel3.com.br\/site\/destaque\/parque-das-aves-volta-a-fechar-em-foz-do-iguacu\/#primaryimage","url":"https:\/\/www.travel3.com.br\/site\/wp-content\/uploads\/2020\/06\/guar\u00e1-2_Easy-Resize.com_.jpg","contentUrl":"https:\/\/www.travel3.com.br\/site\/wp-content\/uploads\/2020\/06\/guar\u00e1-2_Easy-Resize.com_.jpg","width":1280,"height":854,"caption":"Guar\u00e1s no Parque das Aves (Foto: Divulga\u00e7\u00e3o)"},{"@type":"BreadcrumbList","@id":"https:\/\/www.travel3.com.br\/site\/destaque\/parque-das-aves-volta-a-fechar-em-foz-do-iguacu\/#breadcrumb","itemListElement":[{"@type":"ListItem","position":1,"name":"In\u00edcio","item":"https:\/\/www.travel3.com.br\/site\/"},{"@type":"ListItem","position":2,"name":"Parque das Aves volta a fechar em Foz do Igua\u00e7u"}]},{"@type":"WebSite","@id":"https:\/\/www.travel3.com.br\/site\/#website","url":"https:\/\/www.travel3.com.br\/site\/","name":"Travel3","description":"Lazer + Neg&oacute;cios + Aventura","publisher":{"@id":"https:\/\/www.travel3.com.br\/site\/#organization"},"potentialAction":[{"@type":"SearchAction","target":{"@type":"EntryPoint","urlTemplate":"https:\/\/www.travel3.com.br\/site\/?s={search_term_string}"},"query-input":{"@type":"PropertyValueSpecification","valueRequired":true,"valueName":"search_term_string"}}],"inLanguage":"pt-BR"},{"@type":"Organization","@id":"https:\/\/www.travel3.com.br\/site\/#organization","name":"Travel3","url":"https:\/\/www.travel3.com.br\/site\/","logo":{"@type":"ImageObject","inLanguage":"pt-BR","@id":"https:\/\/www.travel3.com.br\/site\/#\/schema\/logo\/image\/","url":"https:\/\/www.travel3.com.br\/site\/wp-content\/uploads\/2020\/01\/logo-travel3-2020.png","contentUrl":"https:\/\/www.travel3.com.br\/site\/wp-content\/uploads\/2020\/01\/logo-travel3-2020.png","width":232,"height":79,"caption":"Travel3"},"image":{"@id":"https:\/\/www.travel3.com.br\/site\/#\/schema\/logo\/image\/"},"sameAs":["https:\/\/www.facebook.com\/travel3media\/","https:\/\/www.instagram.com\/revistatravel3\/","https:\/\/www.youtube.com\/channel\/UCno7J4paGBR3VbZQzvoJ9Eg"]},{"@type":"Person","@id":"https:\/\/www.travel3.com.br\/site\/#\/schema\/person\/9cff8daac0a2f1aa0799f827b8aa8308","name":"Reda\u00e7\u00e3o Travel3","image":{"@type":"ImageObject","inLanguage":"pt-BR","@id":"https:\/\/www.travel3.com.br\/site\/#\/schema\/person\/image\/","url":"https:\/\/secure.gravatar.com\/avatar\/6e6125525e1f04b7b8c607d71556e490?s=96&d=mm&r=g","contentUrl":"https:\/\/secure.gravatar.com\/avatar\/6e6125525e1f04b7b8c607d71556e490?s=96&d=mm&r=g","caption":"Reda\u00e7\u00e3o Travel3"},"sameAs":["http:\/\/www.travel3.com.br"],"url":"https:\/\/www.travel3.com.br\/site\/author\/redacao2\/"}]}},"_links":{"self":[{"href":"https:\/\/www.travel3.com.br\/site\/wp-json\/wp\/v2\/posts\/34234","targetHints":{"allow":["GET"]}}],"collection":[{"href":"https:\/\/www.travel3.com.br\/site\/wp-json\/wp\/v2\/posts"}],"about":[{"href":"https:\/\/www.travel3.com.br\/site\/wp-json\/wp\/v2\/types\/post"}],"author":[{"embeddable":true,"href":"https:\/\/www.travel3.com.br\/site\/wp-json\/wp\/v2\/users\/6"}],"replies":[{"embeddable":true,"href":"https:\/\/www.travel3.com.br\/site\/wp-json\/wp\/v2\/comments?post=34234"}],"version-history":[{"count":1,"href":"https:\/\/www.travel3.com.br\/site\/wp-json\/wp\/v2\/posts\/34234\/revisions"}],"predecessor-version":[{"id":34237,"href":"https:\/\/www.travel3.com.br\/site\/wp-json\/wp\/v2\/posts\/34234\/revisions\/34237"}],"wp:featuredmedia":[{"embeddable":true,"href":"https:\/\/www.travel3.com.br\/site\/wp-json\/wp\/v2\/media\/34235"}],"wp:attachment":[{"href":"https:\/\/www.travel3.com.br\/site\/wp-json\/wp\/v2\/media?parent=34234"}],"wp:term":[{"taxonomy":"category","embeddable":true,"href":"https:\/\/www.travel3.com.br\/site\/wp-json\/wp\/v2\/categories?post=34234"},{"taxonomy":"post_tag","embeddable":true,"href":"https:\/\/www.travel3.com.br\/site\/wp-json\/wp\/v2\/tags?post=34234"}],"curies":[{"name":"wp","href":"https:\/\/api.w.org\/{rel}","templated":true}]}}