{"id":34147,"date":"2020-07-01T10:00:51","date_gmt":"2020-07-01T13:00:51","guid":{"rendered":"https:\/\/www.travel3.com.br\/?p=34147"},"modified":"2020-06-28T20:04:35","modified_gmt":"2020-06-28T23:04:35","slug":"hotel-fazenda-dona-carolina-reabre-com-medidas-de-seguranca","status":"publish","type":"post","link":"https:\/\/www.travel3.com.br\/site\/destaque\/hotel-fazenda-dona-carolina-reabre-com-medidas-de-seguranca\/","title":{"rendered":"Hotel Fazenda Dona Carolina reabre com medidas de seguran\u00e7a"},"content":{"rendered":"\n<figure class=\"wp-block-image\"><img loading=\"lazy\" decoding=\"async\" width=\"1024\" height=\"681\" src=\"https:\/\/www.travel3.com.br\/site\/wp-content\/uploads\/2020\/06\/Foto-Luxo1-1024x681.jpg\" alt=\"Hotel Fazenda Dona Carolina\" class=\"wp-image-34206\" srcset=\"https:\/\/www.travel3.com.br\/site\/wp-content\/uploads\/2020\/06\/Foto-Luxo1-1024x681.jpg 1024w, https:\/\/www.travel3.com.br\/site\/wp-content\/uploads\/2020\/06\/Foto-Luxo1-300x200.jpg 300w, https:\/\/www.travel3.com.br\/site\/wp-content\/uploads\/2020\/06\/Foto-Luxo1-768x511.jpg 768w, https:\/\/www.travel3.com.br\/site\/wp-content\/uploads\/2020\/06\/Foto-Luxo1-750x499.jpg 750w, https:\/\/www.travel3.com.br\/site\/wp-content\/uploads\/2020\/06\/Foto-Luxo1-1140x758.jpg 1140w, https:\/\/www.travel3.com.br\/site\/wp-content\/uploads\/2020\/06\/Foto-Luxo1.jpg 1200w\" sizes=\"auto, (max-width: 1024px) 100vw, 1024px\" \/><figcaption>Foto: Divulga\u00e7\u00e3o<\/figcaption><\/figure>\n\n\n\n<h3 class=\"wp-block-heading\" style=\"text-align:center\">No interior de S\u00e3o Paulo, empreendimento volta a receber h\u00f3spedes dia 1\u00b0 de Julho <\/h3>\n\n\n\n<p>Um dos setores mais atingidos pela pandemia de Covid-19, a <a href=\"https:\/\/www.travel3.com.br\/destaque\/hotelaria-passa-a-ser-considerada-servico-essencial-em-minas\/\" target=\"_blank\" rel=\"noreferrer noopener\" aria-label=\"hotelaria (opens in a new tab)\">hotelaria<\/a> se prepara para voltar \u00e0s atividades com novos protocolos e medidas de seguran\u00e7a. Nesse contexto, o Hotel Fazenda Dona Carolina, em Itatiba, anunciou que ir\u00e1 reabrir aos h\u00f3spedes no dia 1\u00b0 de julho; e, para isso, apresentou as mudan\u00e7as que ir\u00e3o afastar o risco de transmiss\u00e3o da <a rel=\"noreferrer noopener\" aria-label=\"Covid-19. (opens in a new tab)\" href=\"https:\/\/www.travel3.com.br\/destaque\/tv-travel3-entrevista-talita-zamboni-uma-enfermeira-no-combate-ao-covid-19\/\" target=\"_blank\">Covid-19<\/a>.<\/p>\n\n\n\n<p>Em meio a 100 hectares de Mata Atl\u00e2ntica preservada, o hotel fazenda anunciou que ir\u00e1 reabrir de forma reduzida; com a oferta limitada a 50 acomoda\u00e7\u00f5es. Al\u00e9m disso, o local promover\u00e1 check-in individualizado, a fim de evitar filas.<\/p>\n\n\n\n<p>O Dona Carolina tamb\u00e9m destaca a import\u00e2ncia de <a href=\"https:\/\/www.travel3.com.br\/destaque\/ufscar-divulga-orientacoes-para-o-uso-correto-de-mascaras\/\" target=\"_blank\" rel=\"noreferrer noopener\" aria-label=\"equipamentos de prote\u00e7\u00e3o (opens in a new tab)\">equipamentos de prote\u00e7\u00e3o<\/a>, como m\u00e1scaras e luvas. Al\u00e9m de utilizados pelos colaboradores, eles ser\u00e3o oferecidos aos h\u00f3spedes logo no momento da chegada, em um kit que tamb\u00e9m inclui len\u00e7os descart\u00e1veis e um frasco de \u00e1lcool gel. <\/p>\n\n\n\n<figure class=\"wp-block-embed-instagram wp-block-embed is-type-rich is-provider-instagram\"><div class=\"wp-block-embed__wrapper\">\n<div class=\"sbi-embed-wrap\"><blockquote class=\"instagram-media sbi-embed\" data-instgrm-captioned data-instgrm-permalink=\"https:\/\/www.instagram.com\/p\/CANsP83nJAi\/?utm_source=ig_embed&amp;utm_campaign=loading\" data-instgrm-version=\"14\" style=\" background:#FFF; border:0; border-radius:3px; box-shadow:0 0 1px 0 rgba(0,0,0,0.5),0 1px 10px 0 rgba(0,0,0,0.15); margin: 1px; max-width:500px; min-width:326px; padding:0; width:99.375%; width:-webkit-calc(100% - 2px); width:calc(100% - 2px);\"><div style=\"padding:16px;\"> <a href=\"https:\/\/www.instagram.com\/p\/CANsP83nJAi\/?utm_source=ig_embed&amp;utm_campaign=loading\" style=\" background:#FFFFFF; line-height:0; padding:0 0; text-align:center; text-decoration:none; width:100%;\" target=\"_blank\"> <div style=\" display: flex; flex-direction: row; align-items: center;\"> <div style=\"background-color: #F4F4F4; border-radius: 50%; flex-grow: 0; height: 40px; margin-right: 14px; width: 40px;\"><\/div> <div style=\"display: flex; flex-direction: column; flex-grow: 1; justify-content: center;\"> <div style=\" background-color: #F4F4F4; border-radius: 4px; flex-grow: 0; height: 14px; margin-bottom: 6px; width: 100px;\"><\/div> <div style=\" background-color: #F4F4F4; border-radius: 4px; flex-grow: 0; height: 14px; width: 60px;\"><\/div><\/div><\/div><div style=\"padding: 19% 0;\"><\/div> <div style=\"display:block; height:50px; margin:0 auto 12px; width:50px;\"><svg width=\"50px\" height=\"50px\" viewBox=\"0 0 60 60\" version=\"1.1\" xmlns=\"https:\/\/www.w3.org\/2000\/svg\" xmlns:xlink=\"https:\/\/www.w3.org\/1999\/xlink\"><g stroke=\"none\" stroke-width=\"1\" fill=\"none\" fill-rule=\"evenodd\"><g transform=\"translate(-511.000000, -20.000000)\" fill=\"#000000\"><g><path d=\"M556.869,30.41 C554.814,30.41 553.148,32.076 553.148,34.131 C553.148,36.186 554.814,37.852 556.869,37.852 C558.924,37.852 560.59,36.186 560.59,34.131 C560.59,32.076 558.924,30.41 556.869,30.41 M541,60.657 C535.114,60.657 530.342,55.887 530.342,50 C530.342,44.114 535.114,39.342 541,39.342 C546.887,39.342 551.658,44.114 551.658,50 C551.658,55.887 546.887,60.657 541,60.657 M541,33.886 C532.1,33.886 524.886,41.1 524.886,50 C524.886,58.899 532.1,66.113 541,66.113 C549.9,66.113 557.115,58.899 557.115,50 C557.115,41.1 549.9,33.886 541,33.886 M565.378,62.101 C565.244,65.022 564.756,66.606 564.346,67.663 C563.803,69.06 563.154,70.057 562.106,71.106 C561.058,72.155 560.06,72.803 558.662,73.347 C557.607,73.757 556.021,74.244 553.102,74.378 C549.944,74.521 548.997,74.552 541,74.552 C533.003,74.552 532.056,74.521 528.898,74.378 C525.979,74.244 524.393,73.757 523.338,73.347 C521.94,72.803 520.942,72.155 519.894,71.106 C518.846,70.057 518.197,69.06 517.654,67.663 C517.244,66.606 516.755,65.022 516.623,62.101 C516.479,58.943 516.448,57.996 516.448,50 C516.448,42.003 516.479,41.056 516.623,37.899 C516.755,34.978 517.244,33.391 517.654,32.338 C518.197,30.938 518.846,29.942 519.894,28.894 C520.942,27.846 521.94,27.196 523.338,26.654 C524.393,26.244 525.979,25.756 528.898,25.623 C532.057,25.479 533.004,25.448 541,25.448 C548.997,25.448 549.943,25.479 553.102,25.623 C556.021,25.756 557.607,26.244 558.662,26.654 C560.06,27.196 561.058,27.846 562.106,28.894 C563.154,29.942 563.803,30.938 564.346,32.338 C564.756,33.391 565.244,34.978 565.378,37.899 C565.522,41.056 565.552,42.003 565.552,50 C565.552,57.996 565.522,58.943 565.378,62.101 M570.82,37.631 C570.674,34.438 570.167,32.258 569.425,30.349 C568.659,28.377 567.633,26.702 565.965,25.035 C564.297,23.368 562.623,22.342 560.652,21.575 C558.743,20.834 556.562,20.326 553.369,20.18 C550.169,20.033 549.148,20 541,20 C532.853,20 531.831,20.033 528.631,20.18 C525.438,20.326 523.257,20.834 521.349,21.575 C519.376,22.342 517.703,23.368 516.035,25.035 C514.368,26.702 513.342,28.377 512.574,30.349 C511.834,32.258 511.326,34.438 511.181,37.631 C511.035,40.831 511,41.851 511,50 C511,58.147 511.035,59.17 511.181,62.369 C511.326,65.562 511.834,67.743 512.574,69.651 C513.342,71.625 514.368,73.296 516.035,74.965 C517.703,76.634 519.376,77.658 521.349,78.425 C523.257,79.167 525.438,79.673 528.631,79.82 C531.831,79.965 532.853,80.001 541,80.001 C549.148,80.001 550.169,79.965 553.369,79.82 C556.562,79.673 558.743,79.167 560.652,78.425 C562.623,77.658 564.297,76.634 565.965,74.965 C567.633,73.296 568.659,71.625 569.425,69.651 C570.167,67.743 570.674,65.562 570.82,62.369 C570.966,59.17 571,58.147 571,50 C571,41.851 570.966,40.831 570.82,37.631\"><\/path><\/g><\/g><\/g><\/svg><\/div><div style=\"padding-top: 8px;\"> <div style=\" color:#3897f0; font-family:Arial,sans-serif; font-size:14px; font-style:normal; font-weight:550; line-height:18px;\">View this post on Instagram<\/div><\/div><div style=\"padding: 12.5% 0;\"><\/div> <div style=\"display: flex; flex-direction: row; margin-bottom: 14px; align-items: center;\"><div> <div style=\"background-color: #F4F4F4; border-radius: 50%; height: 12.5px; width: 12.5px; transform: translateX(0px) translateY(7px);\"><\/div> <div style=\"background-color: #F4F4F4; height: 12.5px; transform: rotate(-45deg) translateX(3px) translateY(1px); width: 12.5px; flex-grow: 0; margin-right: 14px; margin-left: 2px;\"><\/div> <div style=\"background-color: #F4F4F4; border-radius: 50%; height: 12.5px; width: 12.5px; transform: translateX(9px) translateY(-18px);\"><\/div><\/div><div style=\"margin-left: 8px;\"> <div style=\" background-color: #F4F4F4; border-radius: 50%; flex-grow: 0; height: 20px; width: 20px;\"><\/div> <div style=\" width: 0; height: 0; border-top: 2px solid transparent; border-left: 6px solid #f4f4f4; border-bottom: 2px solid transparent; transform: translateX(16px) translateY(-4px) rotate(30deg)\"><\/div><\/div><div style=\"margin-left: auto;\"> <div style=\" width: 0px; border-top: 8px solid #F4F4F4; border-right: 8px solid transparent; transform: translateY(16px);\"><\/div> <div style=\" background-color: #F4F4F4; flex-grow: 0; height: 12px; width: 16px; transform: translateY(-4px);\"><\/div> <div style=\" width: 0; height: 0; border-top: 8px solid #F4F4F4; border-left: 8px solid transparent; transform: translateY(-4px) translateX(8px);\"><\/div><\/div><\/div> <div style=\"display: flex; flex-direction: column; flex-grow: 1; justify-content: center; margin-bottom: 24px;\"> <div style=\" background-color: #F4F4F4; border-radius: 4px; flex-grow: 0; height: 14px; margin-bottom: 6px; width: 224px;\"><\/div> <div style=\" background-color: #F4F4F4; border-radius: 4px; flex-grow: 0; height: 14px; width: 144px;\"><\/div><\/div><\/a><p style=\" color:#c9c8cd; font-family:Arial,sans-serif; font-size:14px; line-height:17px; margin-bottom:0; margin-top:8px; overflow:hidden; padding:8px 0 7px; text-align:center; text-overflow:ellipsis; white-space:nowrap;\"><a href=\"https:\/\/www.instagram.com\/p\/CANsP83nJAi\/?utm_source=ig_embed&amp;utm_campaign=loading\" style=\" color:#c9c8cd; font-family:Arial,sans-serif; font-size:14px; font-style:normal; font-weight:normal; line-height:17px; text-decoration:none;\" target=\"_blank\">A post shared by Hotel Fazenda Dona Carolina (@hoteldonacarolina)<\/a><\/p><\/div><\/blockquote><script async src=\"\/\/platform.instagram.com\/en_US\/embeds.js\"><\/script><\/div>\n<\/div><\/figure>\n\n\n\n<h2 class=\"wp-block-heading\">Atra\u00e7\u00f5es em tempos de coronav\u00edrus<\/h2>\n\n\n\n<p>As atividades em contato com a natureza s\u00e3o \u00f3timas op\u00e7\u00f5es para manter o distanciamento social mesmo nos momentos de lazer. Por isso, o Hotel Fazenda Dona Carolina destacou que elas ser\u00e3o ainda mais incentivadas nesse 1\u00b0 momento, com atra\u00e7\u00f5es para todas as idades.<\/p>\n\n\n\n<p>Mas o local n\u00e3o deixa de lado as demais atividades, que continuar\u00e3o, em sua maioria, sendo disponibilizadas de acordo com regras especiais. A academia do local, por exemplo, continuar\u00e1 funcionando; por\u00e9m sob hor\u00e1rio marcado, e com a restri\u00e7\u00e3o de uso a uma fam\u00edlia de h\u00f3spedes por vez.<\/p>\n\n\n\n<p>Al\u00e9m disso, os 5 restaurantes da propriedade continuar\u00e3o em funcionamento, e manter\u00e3o uma distancia de 1,5 metros entre as mesas. Neles, o caf\u00e9 da manh\u00e3, o almo\u00e7o e o jantar ser\u00e3o servidos em hor\u00e1rios diferentes, para que os ambientes sejam completamente higienizados entre as refei\u00e7\u00f5es.<\/p>\n\n\n\n<p>Com exce\u00e7\u00e3o do caf\u00e9 da manh\u00e3, as refei\u00e7\u00f5es ser\u00e3o servidas \u00e0 la carte &#8211; e o servi\u00e7o de buffet com alimenta\u00e7\u00e3o e utens\u00edlios expostos foi suspenso.<br><\/p>\n\n\n\n<p>Por outro lado, atividades como spa e saunas n\u00e3o voltar\u00e3o por enquanto. Estes locais, os servi\u00e7os de est\u00e9tica e massagens continuam suspensos; de modo a evitar o excesso de contato entre h\u00f3spedes e colaboradores no hotel.<\/p>\n\n\n\n<figure class=\"wp-block-image\"><img loading=\"lazy\" decoding=\"async\" width=\"1024\" height=\"682\" src=\"https:\/\/www.travel3.com.br\/site\/wp-content\/uploads\/2020\/06\/Arvorismo-1-1024x682.jpg\" alt=\"Hotel Fazenda Dona Carolina\" class=\"wp-image-34207\" srcset=\"https:\/\/www.travel3.com.br\/site\/wp-content\/uploads\/2020\/06\/Arvorismo-1-1024x682.jpg 1024w, https:\/\/www.travel3.com.br\/site\/wp-content\/uploads\/2020\/06\/Arvorismo-1-300x200.jpg 300w, https:\/\/www.travel3.com.br\/site\/wp-content\/uploads\/2020\/06\/Arvorismo-1-768x511.jpg 768w, https:\/\/www.travel3.com.br\/site\/wp-content\/uploads\/2020\/06\/Arvorismo-1-750x499.jpg 750w, https:\/\/www.travel3.com.br\/site\/wp-content\/uploads\/2020\/06\/Arvorismo-1-1140x759.jpg 1140w, https:\/\/www.travel3.com.br\/site\/wp-content\/uploads\/2020\/06\/Arvorismo-1.jpg 1600w\" sizes=\"auto, (max-width: 1024px) 100vw, 1024px\" \/><figcaption>Arvorismo = lazer sem abrir m\u00e3o do distanciamento (Foto: Divulga\u00e7\u00e3o)<\/figcaption><\/figure>\n\n\n\n<h2 class=\"wp-block-heading\">Limpeza refor\u00e7ada no Hotel Fazenda Dona Carolina<\/h2>\n\n\n\n<p>Pelas \u00e1reas p\u00fablicas do hotel, frascos de \u00e1lcool gel s\u00e3o disponibilizados aos h\u00f3spedes, e colaboradores treinados verificam o respeito \u00e0s normas de seguran\u00e7a.<\/p>\n\n\n\n<p>As equipes de limpeza do Dona Carolina participaram de treinamentos espec\u00edficos, e refor\u00e7ar\u00e3o os <a href=\"https:\/\/www.travel3.com.br\/destaque\/leading-hotels-introduz-novos-protocolos-de-seguranca\/\" target=\"_blank\" rel=\"noreferrer noopener\" aria-label=\"processos de limpeza (opens in a new tab)\">processos de limpeza<\/a>; tanto nas acomoda\u00e7\u00f5es quanto nos demais espa\u00e7os. <\/p>\n\n\n\n<p>Para garantir a efetividade desses processos, uma empresa de limpeza espec\u00edfica foi contratada para garantir a padroniza\u00e7\u00e3o dos protocolos &#8211; que ser\u00e3o revistos e testados em auditorias peri\u00f3dicas. Essas auditorias confirmam a limpeza dos ambientes, com o uso de tecnologia de ponta.<\/p>\n\n\n\n<h3 class=\"wp-block-heading\" style=\"text-align:center\"><a href=\"https:\/\/www.booking.com\/hotel\/br\/fazenda-dona-carolina.en.html?aid=1921604&amp;no_rooms=1&amp;group_adults=2\" target=\"_blank\" rel=\"noreferrer noopener\" aria-label=\"Saiba mais (opens in a new tab)\">Saiba mais<\/a><\/h3>\n","protected":false},"excerpt":{"rendered":"<p>No interior de S\u00e3o Paulo, empreendimento volta a receber h\u00f3spedes dia 1\u00b0 de Julho Um dos setores mais atingidos pela pandemia de Covid-19, a hotelaria se prepara para voltar \u00e0s atividades com novos protocolos e medidas de seguran\u00e7a. Nesse contexto, o Hotel Fazenda Dona Carolina, em Itatiba, anunciou que ir\u00e1 reabrir aos h\u00f3spedes no dia [&hellip;]<\/p>\n","protected":false},"author":6,"featured_media":34206,"comment_status":"open","ping_status":"open","sticky":false,"template":"","format":"standard","meta":{"footnotes":""},"categories":[226,7,167,168],"tags":[4008,4174,4175,4176,4117],"class_list":["post-34147","post","type-post","status-publish","format-standard","has-post-thumbnail","hentry","category-destaque","category-dicas","category-hotel","category-nacional","tag-coronavirus","tag-hotel-fazenda","tag-hotel-fazenda-dona-carolina","tag-itatiba","tag-retomada-do-turismo"],"yoast_head":"<!-- This site is optimized with the Yoast SEO plugin v26.2 - https:\/\/yoast.com\/wordpress\/plugins\/seo\/ -->\n<title>Hotel Fazenda Dona Carolina reabre com medidas de seguran\u00e7a - Travel3<\/title>\n<meta name=\"description\" content=\"Hotel Fazenda Dona Carolina reabre com medidas de seguran\u00e7a; no interior de S\u00e3o Paulo, empreendimento volta a receber h\u00f3spedes dia 1\u00b0 de Julho\" \/>\n<meta name=\"robots\" content=\"index, follow, max-snippet:-1, max-image-preview:large, max-video-preview:-1\" \/>\n<link rel=\"canonical\" href=\"https:\/\/www.travel3.com.br\/site\/destaque\/hotel-fazenda-dona-carolina-reabre-com-medidas-de-seguranca\/\" \/>\n<meta property=\"og:locale\" content=\"pt_BR\" \/>\n<meta property=\"og:type\" content=\"article\" \/>\n<meta property=\"og:title\" content=\"Hotel Fazenda Dona Carolina reabre com medidas de seguran\u00e7a - Travel3\" \/>\n<meta property=\"og:description\" content=\"Hotel Fazenda Dona Carolina reabre com medidas de seguran\u00e7a; no interior de S\u00e3o Paulo, empreendimento volta a receber h\u00f3spedes dia 1\u00b0 de Julho\" \/>\n<meta property=\"og:url\" content=\"https:\/\/www.travel3.com.br\/site\/destaque\/hotel-fazenda-dona-carolina-reabre-com-medidas-de-seguranca\/\" \/>\n<meta property=\"og:site_name\" content=\"Travel3\" \/>\n<meta property=\"article:publisher\" content=\"https:\/\/www.facebook.com\/travel3media\/\" \/>\n<meta property=\"article:published_time\" content=\"2020-07-01T13:00:51+00:00\" \/>\n<meta property=\"og:image\" content=\"https:\/\/www.travel3.com.br\/site\/wp-content\/uploads\/2020\/06\/Foto-Luxo1.jpg\" \/>\n\t<meta property=\"og:image:width\" content=\"1200\" \/>\n\t<meta property=\"og:image:height\" content=\"798\" \/>\n\t<meta property=\"og:image:type\" content=\"image\/jpeg\" \/>\n<meta name=\"author\" content=\"Reda\u00e7\u00e3o Travel3\" \/>\n<meta name=\"twitter:card\" content=\"summary_large_image\" \/>\n<meta name=\"twitter:label1\" content=\"Escrito por\" \/>\n\t<meta name=\"twitter:data1\" content=\"Reda\u00e7\u00e3o Travel3\" \/>\n\t<meta name=\"twitter:label2\" content=\"Est. tempo de leitura\" \/>\n\t<meta name=\"twitter:data2\" content=\"3 minutos\" \/>\n<script type=\"application\/ld+json\" class=\"yoast-schema-graph\">{\"@context\":\"https:\/\/schema.org\",\"@graph\":[{\"@type\":\"Article\",\"@id\":\"https:\/\/www.travel3.com.br\/site\/destaque\/hotel-fazenda-dona-carolina-reabre-com-medidas-de-seguranca\/#article\",\"isPartOf\":{\"@id\":\"https:\/\/www.travel3.com.br\/site\/destaque\/hotel-fazenda-dona-carolina-reabre-com-medidas-de-seguranca\/\"},\"author\":{\"name\":\"Reda\u00e7\u00e3o Travel3\",\"@id\":\"https:\/\/www.travel3.com.br\/site\/#\/schema\/person\/9cff8daac0a2f1aa0799f827b8aa8308\"},\"headline\":\"Hotel Fazenda Dona Carolina reabre com medidas de seguran\u00e7a\",\"datePublished\":\"2020-07-01T13:00:51+00:00\",\"mainEntityOfPage\":{\"@id\":\"https:\/\/www.travel3.com.br\/site\/destaque\/hotel-fazenda-dona-carolina-reabre-com-medidas-de-seguranca\/\"},\"wordCount\":543,\"commentCount\":0,\"publisher\":{\"@id\":\"https:\/\/www.travel3.com.br\/site\/#organization\"},\"image\":{\"@id\":\"https:\/\/www.travel3.com.br\/site\/destaque\/hotel-fazenda-dona-carolina-reabre-com-medidas-de-seguranca\/#primaryimage\"},\"thumbnailUrl\":\"https:\/\/www.travel3.com.br\/site\/wp-content\/uploads\/2020\/06\/Foto-Luxo1.jpg\",\"keywords\":[\"Coronav\u00edrus\",\"Hotel Fazenda\",\"Hotel Fazenda Dona Carolina\",\"Itatiba\",\"Retomada do Turismo\"],\"articleSection\":[\"Destaque\",\"Dicas\",\"Hotel\",\"Hotel Nacional\"],\"inLanguage\":\"pt-BR\",\"potentialAction\":[{\"@type\":\"CommentAction\",\"name\":\"Comment\",\"target\":[\"https:\/\/www.travel3.com.br\/site\/destaque\/hotel-fazenda-dona-carolina-reabre-com-medidas-de-seguranca\/#respond\"]}]},{\"@type\":\"WebPage\",\"@id\":\"https:\/\/www.travel3.com.br\/site\/destaque\/hotel-fazenda-dona-carolina-reabre-com-medidas-de-seguranca\/\",\"url\":\"https:\/\/www.travel3.com.br\/site\/destaque\/hotel-fazenda-dona-carolina-reabre-com-medidas-de-seguranca\/\",\"name\":\"Hotel Fazenda Dona Carolina reabre com medidas de seguran\u00e7a - Travel3\",\"isPartOf\":{\"@id\":\"https:\/\/www.travel3.com.br\/site\/#website\"},\"primaryImageOfPage\":{\"@id\":\"https:\/\/www.travel3.com.br\/site\/destaque\/hotel-fazenda-dona-carolina-reabre-com-medidas-de-seguranca\/#primaryimage\"},\"image\":{\"@id\":\"https:\/\/www.travel3.com.br\/site\/destaque\/hotel-fazenda-dona-carolina-reabre-com-medidas-de-seguranca\/#primaryimage\"},\"thumbnailUrl\":\"https:\/\/www.travel3.com.br\/site\/wp-content\/uploads\/2020\/06\/Foto-Luxo1.jpg\",\"datePublished\":\"2020-07-01T13:00:51+00:00\",\"description\":\"Hotel Fazenda Dona Carolina reabre com medidas de seguran\u00e7a; no interior de S\u00e3o Paulo, empreendimento volta a receber h\u00f3spedes dia 1\u00b0 de Julho\",\"breadcrumb\":{\"@id\":\"https:\/\/www.travel3.com.br\/site\/destaque\/hotel-fazenda-dona-carolina-reabre-com-medidas-de-seguranca\/#breadcrumb\"},\"inLanguage\":\"pt-BR\",\"potentialAction\":[{\"@type\":\"ReadAction\",\"target\":[\"https:\/\/www.travel3.com.br\/site\/destaque\/hotel-fazenda-dona-carolina-reabre-com-medidas-de-seguranca\/\"]}]},{\"@type\":\"ImageObject\",\"inLanguage\":\"pt-BR\",\"@id\":\"https:\/\/www.travel3.com.br\/site\/destaque\/hotel-fazenda-dona-carolina-reabre-com-medidas-de-seguranca\/#primaryimage\",\"url\":\"https:\/\/www.travel3.com.br\/site\/wp-content\/uploads\/2020\/06\/Foto-Luxo1.jpg\",\"contentUrl\":\"https:\/\/www.travel3.com.br\/site\/wp-content\/uploads\/2020\/06\/Foto-Luxo1.jpg\",\"width\":1200,\"height\":798,\"caption\":\"Foto: Divulga\u00e7\u00e3o\"},{\"@type\":\"BreadcrumbList\",\"@id\":\"https:\/\/www.travel3.com.br\/site\/destaque\/hotel-fazenda-dona-carolina-reabre-com-medidas-de-seguranca\/#breadcrumb\",\"itemListElement\":[{\"@type\":\"ListItem\",\"position\":1,\"name\":\"In\u00edcio\",\"item\":\"https:\/\/www.travel3.com.br\/site\/\"},{\"@type\":\"ListItem\",\"position\":2,\"name\":\"Hotel Fazenda Dona Carolina reabre com medidas de seguran\u00e7a\"}]},{\"@type\":\"WebSite\",\"@id\":\"https:\/\/www.travel3.com.br\/site\/#website\",\"url\":\"https:\/\/www.travel3.com.br\/site\/\",\"name\":\"Travel3\",\"description\":\"Lazer + Neg&oacute;cios + Aventura\",\"publisher\":{\"@id\":\"https:\/\/www.travel3.com.br\/site\/#organization\"},\"potentialAction\":[{\"@type\":\"SearchAction\",\"target\":{\"@type\":\"EntryPoint\",\"urlTemplate\":\"https:\/\/www.travel3.com.br\/site\/?s={search_term_string}\"},\"query-input\":{\"@type\":\"PropertyValueSpecification\",\"valueRequired\":true,\"valueName\":\"search_term_string\"}}],\"inLanguage\":\"pt-BR\"},{\"@type\":\"Organization\",\"@id\":\"https:\/\/www.travel3.com.br\/site\/#organization\",\"name\":\"Travel3\",\"url\":\"https:\/\/www.travel3.com.br\/site\/\",\"logo\":{\"@type\":\"ImageObject\",\"inLanguage\":\"pt-BR\",\"@id\":\"https:\/\/www.travel3.com.br\/site\/#\/schema\/logo\/image\/\",\"url\":\"https:\/\/www.travel3.com.br\/site\/wp-content\/uploads\/2020\/01\/logo-travel3-2020.png\",\"contentUrl\":\"https:\/\/www.travel3.com.br\/site\/wp-content\/uploads\/2020\/01\/logo-travel3-2020.png\",\"width\":232,\"height\":79,\"caption\":\"Travel3\"},\"image\":{\"@id\":\"https:\/\/www.travel3.com.br\/site\/#\/schema\/logo\/image\/\"},\"sameAs\":[\"https:\/\/www.facebook.com\/travel3media\/\",\"https:\/\/www.instagram.com\/revistatravel3\/\",\"https:\/\/www.youtube.com\/channel\/UCno7J4paGBR3VbZQzvoJ9Eg\"]},{\"@type\":\"Person\",\"@id\":\"https:\/\/www.travel3.com.br\/site\/#\/schema\/person\/9cff8daac0a2f1aa0799f827b8aa8308\",\"name\":\"Reda\u00e7\u00e3o Travel3\",\"image\":{\"@type\":\"ImageObject\",\"inLanguage\":\"pt-BR\",\"@id\":\"https:\/\/www.travel3.com.br\/site\/#\/schema\/person\/image\/\",\"url\":\"https:\/\/secure.gravatar.com\/avatar\/6e6125525e1f04b7b8c607d71556e490?s=96&d=mm&r=g\",\"contentUrl\":\"https:\/\/secure.gravatar.com\/avatar\/6e6125525e1f04b7b8c607d71556e490?s=96&d=mm&r=g\",\"caption\":\"Reda\u00e7\u00e3o Travel3\"},\"sameAs\":[\"http:\/\/www.travel3.com.br\"],\"url\":\"https:\/\/www.travel3.com.br\/site\/author\/redacao2\/\"}]}<\/script>\n<!-- \/ Yoast SEO plugin. -->","yoast_head_json":{"title":"Hotel Fazenda Dona Carolina reabre com medidas de seguran\u00e7a - Travel3","description":"Hotel Fazenda Dona Carolina reabre com medidas de seguran\u00e7a; no interior de S\u00e3o Paulo, empreendimento volta a receber h\u00f3spedes dia 1\u00b0 de Julho","robots":{"index":"index","follow":"follow","max-snippet":"max-snippet:-1","max-image-preview":"max-image-preview:large","max-video-preview":"max-video-preview:-1"},"canonical":"https:\/\/www.travel3.com.br\/site\/destaque\/hotel-fazenda-dona-carolina-reabre-com-medidas-de-seguranca\/","og_locale":"pt_BR","og_type":"article","og_title":"Hotel Fazenda Dona Carolina reabre com medidas de seguran\u00e7a - Travel3","og_description":"Hotel Fazenda Dona Carolina reabre com medidas de seguran\u00e7a; no interior de S\u00e3o Paulo, empreendimento volta a receber h\u00f3spedes dia 1\u00b0 de Julho","og_url":"https:\/\/www.travel3.com.br\/site\/destaque\/hotel-fazenda-dona-carolina-reabre-com-medidas-de-seguranca\/","og_site_name":"Travel3","article_publisher":"https:\/\/www.facebook.com\/travel3media\/","article_published_time":"2020-07-01T13:00:51+00:00","og_image":[{"width":1200,"height":798,"url":"https:\/\/www.travel3.com.br\/site\/wp-content\/uploads\/2020\/06\/Foto-Luxo1.jpg","type":"image\/jpeg"}],"author":"Reda\u00e7\u00e3o Travel3","twitter_card":"summary_large_image","twitter_misc":{"Escrito por":"Reda\u00e7\u00e3o Travel3","Est. tempo de leitura":"3 minutos"},"schema":{"@context":"https:\/\/schema.org","@graph":[{"@type":"Article","@id":"https:\/\/www.travel3.com.br\/site\/destaque\/hotel-fazenda-dona-carolina-reabre-com-medidas-de-seguranca\/#article","isPartOf":{"@id":"https:\/\/www.travel3.com.br\/site\/destaque\/hotel-fazenda-dona-carolina-reabre-com-medidas-de-seguranca\/"},"author":{"name":"Reda\u00e7\u00e3o Travel3","@id":"https:\/\/www.travel3.com.br\/site\/#\/schema\/person\/9cff8daac0a2f1aa0799f827b8aa8308"},"headline":"Hotel Fazenda Dona Carolina reabre com medidas de seguran\u00e7a","datePublished":"2020-07-01T13:00:51+00:00","mainEntityOfPage":{"@id":"https:\/\/www.travel3.com.br\/site\/destaque\/hotel-fazenda-dona-carolina-reabre-com-medidas-de-seguranca\/"},"wordCount":543,"commentCount":0,"publisher":{"@id":"https:\/\/www.travel3.com.br\/site\/#organization"},"image":{"@id":"https:\/\/www.travel3.com.br\/site\/destaque\/hotel-fazenda-dona-carolina-reabre-com-medidas-de-seguranca\/#primaryimage"},"thumbnailUrl":"https:\/\/www.travel3.com.br\/site\/wp-content\/uploads\/2020\/06\/Foto-Luxo1.jpg","keywords":["Coronav\u00edrus","Hotel Fazenda","Hotel Fazenda Dona Carolina","Itatiba","Retomada do Turismo"],"articleSection":["Destaque","Dicas","Hotel","Hotel Nacional"],"inLanguage":"pt-BR","potentialAction":[{"@type":"CommentAction","name":"Comment","target":["https:\/\/www.travel3.com.br\/site\/destaque\/hotel-fazenda-dona-carolina-reabre-com-medidas-de-seguranca\/#respond"]}]},{"@type":"WebPage","@id":"https:\/\/www.travel3.com.br\/site\/destaque\/hotel-fazenda-dona-carolina-reabre-com-medidas-de-seguranca\/","url":"https:\/\/www.travel3.com.br\/site\/destaque\/hotel-fazenda-dona-carolina-reabre-com-medidas-de-seguranca\/","name":"Hotel Fazenda Dona Carolina reabre com medidas de seguran\u00e7a - Travel3","isPartOf":{"@id":"https:\/\/www.travel3.com.br\/site\/#website"},"primaryImageOfPage":{"@id":"https:\/\/www.travel3.com.br\/site\/destaque\/hotel-fazenda-dona-carolina-reabre-com-medidas-de-seguranca\/#primaryimage"},"image":{"@id":"https:\/\/www.travel3.com.br\/site\/destaque\/hotel-fazenda-dona-carolina-reabre-com-medidas-de-seguranca\/#primaryimage"},"thumbnailUrl":"https:\/\/www.travel3.com.br\/site\/wp-content\/uploads\/2020\/06\/Foto-Luxo1.jpg","datePublished":"2020-07-01T13:00:51+00:00","description":"Hotel Fazenda Dona Carolina reabre com medidas de seguran\u00e7a; no interior de S\u00e3o Paulo, empreendimento volta a receber h\u00f3spedes dia 1\u00b0 de Julho","breadcrumb":{"@id":"https:\/\/www.travel3.com.br\/site\/destaque\/hotel-fazenda-dona-carolina-reabre-com-medidas-de-seguranca\/#breadcrumb"},"inLanguage":"pt-BR","potentialAction":[{"@type":"ReadAction","target":["https:\/\/www.travel3.com.br\/site\/destaque\/hotel-fazenda-dona-carolina-reabre-com-medidas-de-seguranca\/"]}]},{"@type":"ImageObject","inLanguage":"pt-BR","@id":"https:\/\/www.travel3.com.br\/site\/destaque\/hotel-fazenda-dona-carolina-reabre-com-medidas-de-seguranca\/#primaryimage","url":"https:\/\/www.travel3.com.br\/site\/wp-content\/uploads\/2020\/06\/Foto-Luxo1.jpg","contentUrl":"https:\/\/www.travel3.com.br\/site\/wp-content\/uploads\/2020\/06\/Foto-Luxo1.jpg","width":1200,"height":798,"caption":"Foto: Divulga\u00e7\u00e3o"},{"@type":"BreadcrumbList","@id":"https:\/\/www.travel3.com.br\/site\/destaque\/hotel-fazenda-dona-carolina-reabre-com-medidas-de-seguranca\/#breadcrumb","itemListElement":[{"@type":"ListItem","position":1,"name":"In\u00edcio","item":"https:\/\/www.travel3.com.br\/site\/"},{"@type":"ListItem","position":2,"name":"Hotel Fazenda Dona Carolina reabre com medidas de seguran\u00e7a"}]},{"@type":"WebSite","@id":"https:\/\/www.travel3.com.br\/site\/#website","url":"https:\/\/www.travel3.com.br\/site\/","name":"Travel3","description":"Lazer + Neg&oacute;cios + Aventura","publisher":{"@id":"https:\/\/www.travel3.com.br\/site\/#organization"},"potentialAction":[{"@type":"SearchAction","target":{"@type":"EntryPoint","urlTemplate":"https:\/\/www.travel3.com.br\/site\/?s={search_term_string}"},"query-input":{"@type":"PropertyValueSpecification","valueRequired":true,"valueName":"search_term_string"}}],"inLanguage":"pt-BR"},{"@type":"Organization","@id":"https:\/\/www.travel3.com.br\/site\/#organization","name":"Travel3","url":"https:\/\/www.travel3.com.br\/site\/","logo":{"@type":"ImageObject","inLanguage":"pt-BR","@id":"https:\/\/www.travel3.com.br\/site\/#\/schema\/logo\/image\/","url":"https:\/\/www.travel3.com.br\/site\/wp-content\/uploads\/2020\/01\/logo-travel3-2020.png","contentUrl":"https:\/\/www.travel3.com.br\/site\/wp-content\/uploads\/2020\/01\/logo-travel3-2020.png","width":232,"height":79,"caption":"Travel3"},"image":{"@id":"https:\/\/www.travel3.com.br\/site\/#\/schema\/logo\/image\/"},"sameAs":["https:\/\/www.facebook.com\/travel3media\/","https:\/\/www.instagram.com\/revistatravel3\/","https:\/\/www.youtube.com\/channel\/UCno7J4paGBR3VbZQzvoJ9Eg"]},{"@type":"Person","@id":"https:\/\/www.travel3.com.br\/site\/#\/schema\/person\/9cff8daac0a2f1aa0799f827b8aa8308","name":"Reda\u00e7\u00e3o Travel3","image":{"@type":"ImageObject","inLanguage":"pt-BR","@id":"https:\/\/www.travel3.com.br\/site\/#\/schema\/person\/image\/","url":"https:\/\/secure.gravatar.com\/avatar\/6e6125525e1f04b7b8c607d71556e490?s=96&d=mm&r=g","contentUrl":"https:\/\/secure.gravatar.com\/avatar\/6e6125525e1f04b7b8c607d71556e490?s=96&d=mm&r=g","caption":"Reda\u00e7\u00e3o Travel3"},"sameAs":["http:\/\/www.travel3.com.br"],"url":"https:\/\/www.travel3.com.br\/site\/author\/redacao2\/"}]}},"_links":{"self":[{"href":"https:\/\/www.travel3.com.br\/site\/wp-json\/wp\/v2\/posts\/34147","targetHints":{"allow":["GET"]}}],"collection":[{"href":"https:\/\/www.travel3.com.br\/site\/wp-json\/wp\/v2\/posts"}],"about":[{"href":"https:\/\/www.travel3.com.br\/site\/wp-json\/wp\/v2\/types\/post"}],"author":[{"embeddable":true,"href":"https:\/\/www.travel3.com.br\/site\/wp-json\/wp\/v2\/users\/6"}],"replies":[{"embeddable":true,"href":"https:\/\/www.travel3.com.br\/site\/wp-json\/wp\/v2\/comments?post=34147"}],"version-history":[{"count":5,"href":"https:\/\/www.travel3.com.br\/site\/wp-json\/wp\/v2\/posts\/34147\/revisions"}],"predecessor-version":[{"id":34462,"href":"https:\/\/www.travel3.com.br\/site\/wp-json\/wp\/v2\/posts\/34147\/revisions\/34462"}],"wp:featuredmedia":[{"embeddable":true,"href":"https:\/\/www.travel3.com.br\/site\/wp-json\/wp\/v2\/media\/34206"}],"wp:attachment":[{"href":"https:\/\/www.travel3.com.br\/site\/wp-json\/wp\/v2\/media?parent=34147"}],"wp:term":[{"taxonomy":"category","embeddable":true,"href":"https:\/\/www.travel3.com.br\/site\/wp-json\/wp\/v2\/categories?post=34147"},{"taxonomy":"post_tag","embeddable":true,"href":"https:\/\/www.travel3.com.br\/site\/wp-json\/wp\/v2\/tags?post=34147"}],"curies":[{"name":"wp","href":"https:\/\/api.w.org\/{rel}","templated":true}]}}