{"id":33920,"date":"2020-06-22T05:00:56","date_gmt":"2020-06-22T08:00:56","guid":{"rendered":"https:\/\/www.travel3.com.br\/?p=33920"},"modified":"2020-06-21T18:26:47","modified_gmt":"2020-06-21T21:26:47","slug":"hotelaria-passa-a-ser-considerada-servico-essencial-em-minas","status":"publish","type":"post","link":"https:\/\/www.travel3.com.br\/site\/destaque\/hotelaria-passa-a-ser-considerada-servico-essencial-em-minas\/","title":{"rendered":"Hotelaria passa a ser considerada servi\u00e7o essencial em Minas"},"content":{"rendered":"\n<div class=\"wp-block-image\"><figure class=\"aligncenter\"><img loading=\"lazy\" decoding=\"async\" width=\"1024\" height=\"683\" src=\"https:\/\/www.travel3.com.br\/site\/wp-content\/uploads\/2020\/06\/elevator-787381_1920-1024x683.jpg\" alt=\"elevador mala hotel\" class=\"wp-image-34179\" srcset=\"https:\/\/www.travel3.com.br\/site\/wp-content\/uploads\/2020\/06\/elevator-787381_1920-1024x683.jpg 1024w, https:\/\/www.travel3.com.br\/site\/wp-content\/uploads\/2020\/06\/elevator-787381_1920-300x200.jpg 300w, https:\/\/www.travel3.com.br\/site\/wp-content\/uploads\/2020\/06\/elevator-787381_1920-768x512.jpg 768w, https:\/\/www.travel3.com.br\/site\/wp-content\/uploads\/2020\/06\/elevator-787381_1920-750x500.jpg 750w, https:\/\/www.travel3.com.br\/site\/wp-content\/uploads\/2020\/06\/elevator-787381_1920-1140x760.jpg 1140w, https:\/\/www.travel3.com.br\/site\/wp-content\/uploads\/2020\/06\/elevator-787381_1920.jpg 1920w\" sizes=\"auto, (max-width: 1024px) 100vw, 1024px\" \/><figcaption>(Foto: Divulga\u00e7\u00e3o)<\/figcaption><\/figure><\/div>\n\n\n\n<h3 class=\"wp-block-heading\" style=\"text-align:center\">Medida indica in\u00edcio da retomada, e estabelece padr\u00f5es de seguran\u00e7a a serem seguidos<\/h3>\n\n\n\n<p>O programa <a rel=\"noreferrer noopener\" aria-label=\"Minas Consciente (opens in a new tab)\" href=\"https:\/\/www.mg.gov.br\/minasconsciente\" target=\"_blank\">Minas Consciente<\/a>, que determina a retomada da economia em Minas Gerais, mudou a classifica\u00e7\u00e3o de prioridade da hotelaria &#8211; que passa a ser considerada um servi\u00e7o essencial no estado. A medida atende a <a href=\"https:\/\/www.travel3.com.br\/acontece-no-turismo\/hotelaria-goiana-pede-flexibilizacao-de-restricoes-ao-turismo\/\" target=\"_blank\" rel=\"noreferrer noopener\" aria-label=\" (opens in a new tab)\">pedidos da ind\u00fastria do turismo<\/a>, e detalha quais <a rel=\"noreferrer noopener\" aria-label=\"protocolos de seguran\u00e7a (opens in a new tab)\" href=\"https:\/\/www.travel3.com.br\/acontece-no-turismo\/hotel-em-belo-horizonte-afirma-ser-o-pioneiro-no-combate-a-covid-19\/\" target=\"_blank\">protocolos de seguran\u00e7a<\/a> devem ser implementados pelos hot\u00e9is.<\/p>\n\n\n\n<p>At\u00e9 ent\u00e3o, o setor integrava a <em>Onda Vermelha<\/em>, classifica\u00e7\u00e3o que engloba as \u00faltimas atividades a retornar. Com a nova classifica\u00e7\u00e3o = <em>Onda Verde<\/em>, busca-se facilitar a retomada do turismo; e tamb\u00e9m atender \u00e0 demanda de profissionais de sa\u00fade por hospedagem. <\/p>\n\n\n\n<blockquote class=\"wp-block-quote is-layout-flow wp-block-quote-is-layout-flow\"><p>Estamos em constante di\u00e1logo com a Secretaria de Sa\u00fade para que tudo aconte\u00e7a da forma mais segura e consciente poss\u00edvel. Consideramos um avan\u00e7o conseguir fazer com que o setor de hotelaria saia da onda vermelha do Minas Consciente, que representa atividades de alto risco, para a onda verde, dos servi\u00e7os essenciais.<\/p><cite>Le\u00f4nidas Oliveira &#8211; Secret\u00e1rio de Cultura e <a href=\"https:\/\/www.travel3.com.br\/acontece-no-turismo\/observatorio-do-turismo-de-minas-gerais-avalia-saude-do-setor\/\" target=\"_blank\" rel=\"noreferrer noopener\" aria-label=\"Turismo de Minas Gerais (opens in a new tab)\">Turismo de Minas Gerais<\/a><br><\/cite><\/blockquote>\n\n\n\n<h2 class=\"wp-block-heading\">Medidas de seguran\u00e7a<\/h2>\n\n\n\n<p>Para que a hotelaria pudesse <a rel=\"noreferrer noopener\" aria-label=\"retomar as atividades (opens in a new tab)\" href=\"https:\/\/www.travel3.com.br\/acontece-no-turismo\/operadoras\/visual-turismo-prepara-agentes-para-a-retomada-do-turismo\/\" target=\"_blank\">retomar as atividades<\/a>, foram elaborados protocolos de sa\u00fade e higiene. Nesse sentido, funcion\u00e1rios com sintomas de resfriado e gripe dever\u00e3o se afastar de atividades presenciais por pelo menos 14 dias; enquanto aqueles pertencentes a grupos de risco dever\u00e3o trabalhar, exclusivamente, em regime de <em>home office.<\/em><\/p>\n\n\n\n<p>As mais de 50 recomenda\u00e7\u00f5es sanit\u00e1rias incluem, ainda, a disponibiliza\u00e7\u00e3o de \u00e1lcool em gel 70% + equipamentos de prote\u00e7\u00e3o individual para funcion\u00e1rios + barreiras f\u00edsicas em locais de atendimento. Al\u00e9m disso, o distanciamento social deve ser mantido, e as medidas de limpeza de ambientes refor\u00e7adas.<\/p>\n\n\n\n<p>Os sistemas de reutiliza\u00e7\u00e3o de \u00e1gua dos estabelecimentos dever\u00e3o ser suspensos, assim como bebedouros que exijam a aproxima\u00e7\u00e3o do usu\u00e1rio. E em rela\u00e7\u00e3o \u00e0 alimenta\u00e7\u00e3o, dever\u00e1 ser priorizado o servi\u00e7o de quarto, e evitadas as aglomera\u00e7\u00f5es em sal\u00f5es e restaurantes. Al\u00e9m disso, ap\u00f3s as refei\u00e7\u00f5es, os utens\u00edlios dever\u00e3o ser dispensados em sacos pl\u00e1sticos lacrados, para, posteriormente, serem higienizados conforme as recomenda\u00e7\u00f5es da Anvisa.<\/p>\n","protected":false},"excerpt":{"rendered":"<p>Medida indica in\u00edcio da retomada, e estabelece padr\u00f5es de seguran\u00e7a a serem seguidos O programa Minas Consciente, que determina a retomada da economia em Minas Gerais, mudou a classifica\u00e7\u00e3o de prioridade da hotelaria &#8211; que passa a ser considerada um servi\u00e7o essencial no estado. A medida atende a pedidos da ind\u00fastria do turismo, e detalha [&hellip;]<\/p>\n","protected":false},"author":6,"featured_media":34179,"comment_status":"open","ping_status":"open","sticky":false,"template":"","format":"standard","meta":{"footnotes":""},"categories":[969,226,167,168],"tags":[4008,355,4117],"class_list":["post-33920","post","type-post","status-publish","format-standard","has-post-thumbnail","hentry","category-acontece-no-turismo","category-destaque","category-hotel","category-nacional","tag-coronavirus","tag-minas-gerais","tag-retomada-do-turismo"],"yoast_head":"<!-- This site is optimized with the Yoast SEO plugin v26.2 - https:\/\/yoast.com\/wordpress\/plugins\/seo\/ -->\n<title>Hotelaria passa a ser considerada servi\u00e7o essencial em Minas - Travel3<\/title>\n<meta name=\"description\" content=\"Hotelaria passa a ser considerada servi\u00e7o essencial em Minas; medida indica in\u00edcio da retomada, e estabelece padr\u00f5es de seguran\u00e7a a serem seguidos\" \/>\n<meta name=\"robots\" content=\"index, follow, max-snippet:-1, max-image-preview:large, max-video-preview:-1\" \/>\n<link rel=\"canonical\" href=\"https:\/\/www.travel3.com.br\/site\/destaque\/hotelaria-passa-a-ser-considerada-servico-essencial-em-minas\/\" \/>\n<meta property=\"og:locale\" content=\"pt_BR\" \/>\n<meta property=\"og:type\" content=\"article\" \/>\n<meta property=\"og:title\" content=\"Hotelaria passa a ser considerada servi\u00e7o essencial em Minas - Travel3\" \/>\n<meta property=\"og:description\" content=\"Hotelaria passa a ser considerada servi\u00e7o essencial em Minas; medida indica in\u00edcio da retomada, e estabelece padr\u00f5es de seguran\u00e7a a serem seguidos\" \/>\n<meta property=\"og:url\" content=\"https:\/\/www.travel3.com.br\/site\/destaque\/hotelaria-passa-a-ser-considerada-servico-essencial-em-minas\/\" \/>\n<meta property=\"og:site_name\" content=\"Travel3\" \/>\n<meta property=\"article:publisher\" content=\"https:\/\/www.facebook.com\/travel3media\/\" \/>\n<meta property=\"article:published_time\" content=\"2020-06-22T08:00:56+00:00\" \/>\n<meta property=\"og:image\" content=\"https:\/\/www.travel3.com.br\/site\/wp-content\/uploads\/2020\/06\/elevator-787381_1920.jpg\" \/>\n\t<meta property=\"og:image:width\" content=\"1920\" \/>\n\t<meta property=\"og:image:height\" content=\"1280\" \/>\n\t<meta property=\"og:image:type\" content=\"image\/jpeg\" \/>\n<meta name=\"author\" content=\"Reda\u00e7\u00e3o Travel3\" \/>\n<meta name=\"twitter:card\" content=\"summary_large_image\" \/>\n<meta name=\"twitter:label1\" content=\"Escrito por\" \/>\n\t<meta name=\"twitter:data1\" content=\"Reda\u00e7\u00e3o Travel3\" \/>\n\t<meta name=\"twitter:label2\" content=\"Est. tempo de leitura\" \/>\n\t<meta name=\"twitter:data2\" content=\"2 minutos\" \/>\n<script type=\"application\/ld+json\" class=\"yoast-schema-graph\">{\"@context\":\"https:\/\/schema.org\",\"@graph\":[{\"@type\":\"Article\",\"@id\":\"https:\/\/www.travel3.com.br\/site\/destaque\/hotelaria-passa-a-ser-considerada-servico-essencial-em-minas\/#article\",\"isPartOf\":{\"@id\":\"https:\/\/www.travel3.com.br\/site\/destaque\/hotelaria-passa-a-ser-considerada-servico-essencial-em-minas\/\"},\"author\":{\"name\":\"Reda\u00e7\u00e3o Travel3\",\"@id\":\"https:\/\/www.travel3.com.br\/site\/#\/schema\/person\/9cff8daac0a2f1aa0799f827b8aa8308\"},\"headline\":\"Hotelaria passa a ser considerada servi\u00e7o essencial em Minas\",\"datePublished\":\"2020-06-22T08:00:56+00:00\",\"mainEntityOfPage\":{\"@id\":\"https:\/\/www.travel3.com.br\/site\/destaque\/hotelaria-passa-a-ser-considerada-servico-essencial-em-minas\/\"},\"wordCount\":382,\"commentCount\":0,\"publisher\":{\"@id\":\"https:\/\/www.travel3.com.br\/site\/#organization\"},\"image\":{\"@id\":\"https:\/\/www.travel3.com.br\/site\/destaque\/hotelaria-passa-a-ser-considerada-servico-essencial-em-minas\/#primaryimage\"},\"thumbnailUrl\":\"https:\/\/www.travel3.com.br\/site\/wp-content\/uploads\/2020\/06\/elevator-787381_1920.jpg\",\"keywords\":[\"Coronav\u00edrus\",\"Minas Gerais\",\"Retomada do Turismo\"],\"articleSection\":[\"Acontece no Turismo\",\"Destaque\",\"Hotel\",\"Hotel Nacional\"],\"inLanguage\":\"pt-BR\",\"potentialAction\":[{\"@type\":\"CommentAction\",\"name\":\"Comment\",\"target\":[\"https:\/\/www.travel3.com.br\/site\/destaque\/hotelaria-passa-a-ser-considerada-servico-essencial-em-minas\/#respond\"]}]},{\"@type\":\"WebPage\",\"@id\":\"https:\/\/www.travel3.com.br\/site\/destaque\/hotelaria-passa-a-ser-considerada-servico-essencial-em-minas\/\",\"url\":\"https:\/\/www.travel3.com.br\/site\/destaque\/hotelaria-passa-a-ser-considerada-servico-essencial-em-minas\/\",\"name\":\"Hotelaria passa a ser considerada servi\u00e7o essencial em Minas - Travel3\",\"isPartOf\":{\"@id\":\"https:\/\/www.travel3.com.br\/site\/#website\"},\"primaryImageOfPage\":{\"@id\":\"https:\/\/www.travel3.com.br\/site\/destaque\/hotelaria-passa-a-ser-considerada-servico-essencial-em-minas\/#primaryimage\"},\"image\":{\"@id\":\"https:\/\/www.travel3.com.br\/site\/destaque\/hotelaria-passa-a-ser-considerada-servico-essencial-em-minas\/#primaryimage\"},\"thumbnailUrl\":\"https:\/\/www.travel3.com.br\/site\/wp-content\/uploads\/2020\/06\/elevator-787381_1920.jpg\",\"datePublished\":\"2020-06-22T08:00:56+00:00\",\"description\":\"Hotelaria passa a ser considerada servi\u00e7o essencial em Minas; medida indica in\u00edcio da retomada, e estabelece padr\u00f5es de seguran\u00e7a a serem seguidos\",\"breadcrumb\":{\"@id\":\"https:\/\/www.travel3.com.br\/site\/destaque\/hotelaria-passa-a-ser-considerada-servico-essencial-em-minas\/#breadcrumb\"},\"inLanguage\":\"pt-BR\",\"potentialAction\":[{\"@type\":\"ReadAction\",\"target\":[\"https:\/\/www.travel3.com.br\/site\/destaque\/hotelaria-passa-a-ser-considerada-servico-essencial-em-minas\/\"]}]},{\"@type\":\"ImageObject\",\"inLanguage\":\"pt-BR\",\"@id\":\"https:\/\/www.travel3.com.br\/site\/destaque\/hotelaria-passa-a-ser-considerada-servico-essencial-em-minas\/#primaryimage\",\"url\":\"https:\/\/www.travel3.com.br\/site\/wp-content\/uploads\/2020\/06\/elevator-787381_1920.jpg\",\"contentUrl\":\"https:\/\/www.travel3.com.br\/site\/wp-content\/uploads\/2020\/06\/elevator-787381_1920.jpg\",\"width\":1920,\"height\":1280,\"caption\":\"(Foto: Divulga\u00e7\u00e3o)\"},{\"@type\":\"BreadcrumbList\",\"@id\":\"https:\/\/www.travel3.com.br\/site\/destaque\/hotelaria-passa-a-ser-considerada-servico-essencial-em-minas\/#breadcrumb\",\"itemListElement\":[{\"@type\":\"ListItem\",\"position\":1,\"name\":\"In\u00edcio\",\"item\":\"https:\/\/www.travel3.com.br\/site\/\"},{\"@type\":\"ListItem\",\"position\":2,\"name\":\"Hotelaria passa a ser considerada servi\u00e7o essencial em Minas\"}]},{\"@type\":\"WebSite\",\"@id\":\"https:\/\/www.travel3.com.br\/site\/#website\",\"url\":\"https:\/\/www.travel3.com.br\/site\/\",\"name\":\"Travel3\",\"description\":\"Lazer + Neg&oacute;cios + Aventura\",\"publisher\":{\"@id\":\"https:\/\/www.travel3.com.br\/site\/#organization\"},\"potentialAction\":[{\"@type\":\"SearchAction\",\"target\":{\"@type\":\"EntryPoint\",\"urlTemplate\":\"https:\/\/www.travel3.com.br\/site\/?s={search_term_string}\"},\"query-input\":{\"@type\":\"PropertyValueSpecification\",\"valueRequired\":true,\"valueName\":\"search_term_string\"}}],\"inLanguage\":\"pt-BR\"},{\"@type\":\"Organization\",\"@id\":\"https:\/\/www.travel3.com.br\/site\/#organization\",\"name\":\"Travel3\",\"url\":\"https:\/\/www.travel3.com.br\/site\/\",\"logo\":{\"@type\":\"ImageObject\",\"inLanguage\":\"pt-BR\",\"@id\":\"https:\/\/www.travel3.com.br\/site\/#\/schema\/logo\/image\/\",\"url\":\"https:\/\/www.travel3.com.br\/site\/wp-content\/uploads\/2020\/01\/logo-travel3-2020.png\",\"contentUrl\":\"https:\/\/www.travel3.com.br\/site\/wp-content\/uploads\/2020\/01\/logo-travel3-2020.png\",\"width\":232,\"height\":79,\"caption\":\"Travel3\"},\"image\":{\"@id\":\"https:\/\/www.travel3.com.br\/site\/#\/schema\/logo\/image\/\"},\"sameAs\":[\"https:\/\/www.facebook.com\/travel3media\/\",\"https:\/\/www.instagram.com\/revistatravel3\/\",\"https:\/\/www.youtube.com\/channel\/UCno7J4paGBR3VbZQzvoJ9Eg\"]},{\"@type\":\"Person\",\"@id\":\"https:\/\/www.travel3.com.br\/site\/#\/schema\/person\/9cff8daac0a2f1aa0799f827b8aa8308\",\"name\":\"Reda\u00e7\u00e3o Travel3\",\"image\":{\"@type\":\"ImageObject\",\"inLanguage\":\"pt-BR\",\"@id\":\"https:\/\/www.travel3.com.br\/site\/#\/schema\/person\/image\/\",\"url\":\"https:\/\/secure.gravatar.com\/avatar\/6e6125525e1f04b7b8c607d71556e490?s=96&d=mm&r=g\",\"contentUrl\":\"https:\/\/secure.gravatar.com\/avatar\/6e6125525e1f04b7b8c607d71556e490?s=96&d=mm&r=g\",\"caption\":\"Reda\u00e7\u00e3o Travel3\"},\"sameAs\":[\"http:\/\/www.travel3.com.br\"],\"url\":\"https:\/\/www.travel3.com.br\/site\/author\/redacao2\/\"}]}<\/script>\n<!-- \/ Yoast SEO plugin. -->","yoast_head_json":{"title":"Hotelaria passa a ser considerada servi\u00e7o essencial em Minas - Travel3","description":"Hotelaria passa a ser considerada servi\u00e7o essencial em Minas; medida indica in\u00edcio da retomada, e estabelece padr\u00f5es de seguran\u00e7a a serem seguidos","robots":{"index":"index","follow":"follow","max-snippet":"max-snippet:-1","max-image-preview":"max-image-preview:large","max-video-preview":"max-video-preview:-1"},"canonical":"https:\/\/www.travel3.com.br\/site\/destaque\/hotelaria-passa-a-ser-considerada-servico-essencial-em-minas\/","og_locale":"pt_BR","og_type":"article","og_title":"Hotelaria passa a ser considerada servi\u00e7o essencial em Minas - Travel3","og_description":"Hotelaria passa a ser considerada servi\u00e7o essencial em Minas; medida indica in\u00edcio da retomada, e estabelece padr\u00f5es de seguran\u00e7a a serem seguidos","og_url":"https:\/\/www.travel3.com.br\/site\/destaque\/hotelaria-passa-a-ser-considerada-servico-essencial-em-minas\/","og_site_name":"Travel3","article_publisher":"https:\/\/www.facebook.com\/travel3media\/","article_published_time":"2020-06-22T08:00:56+00:00","og_image":[{"width":1920,"height":1280,"url":"https:\/\/www.travel3.com.br\/site\/wp-content\/uploads\/2020\/06\/elevator-787381_1920.jpg","type":"image\/jpeg"}],"author":"Reda\u00e7\u00e3o Travel3","twitter_card":"summary_large_image","twitter_misc":{"Escrito por":"Reda\u00e7\u00e3o Travel3","Est. tempo de leitura":"2 minutos"},"schema":{"@context":"https:\/\/schema.org","@graph":[{"@type":"Article","@id":"https:\/\/www.travel3.com.br\/site\/destaque\/hotelaria-passa-a-ser-considerada-servico-essencial-em-minas\/#article","isPartOf":{"@id":"https:\/\/www.travel3.com.br\/site\/destaque\/hotelaria-passa-a-ser-considerada-servico-essencial-em-minas\/"},"author":{"name":"Reda\u00e7\u00e3o Travel3","@id":"https:\/\/www.travel3.com.br\/site\/#\/schema\/person\/9cff8daac0a2f1aa0799f827b8aa8308"},"headline":"Hotelaria passa a ser considerada servi\u00e7o essencial em Minas","datePublished":"2020-06-22T08:00:56+00:00","mainEntityOfPage":{"@id":"https:\/\/www.travel3.com.br\/site\/destaque\/hotelaria-passa-a-ser-considerada-servico-essencial-em-minas\/"},"wordCount":382,"commentCount":0,"publisher":{"@id":"https:\/\/www.travel3.com.br\/site\/#organization"},"image":{"@id":"https:\/\/www.travel3.com.br\/site\/destaque\/hotelaria-passa-a-ser-considerada-servico-essencial-em-minas\/#primaryimage"},"thumbnailUrl":"https:\/\/www.travel3.com.br\/site\/wp-content\/uploads\/2020\/06\/elevator-787381_1920.jpg","keywords":["Coronav\u00edrus","Minas Gerais","Retomada do Turismo"],"articleSection":["Acontece no Turismo","Destaque","Hotel","Hotel Nacional"],"inLanguage":"pt-BR","potentialAction":[{"@type":"CommentAction","name":"Comment","target":["https:\/\/www.travel3.com.br\/site\/destaque\/hotelaria-passa-a-ser-considerada-servico-essencial-em-minas\/#respond"]}]},{"@type":"WebPage","@id":"https:\/\/www.travel3.com.br\/site\/destaque\/hotelaria-passa-a-ser-considerada-servico-essencial-em-minas\/","url":"https:\/\/www.travel3.com.br\/site\/destaque\/hotelaria-passa-a-ser-considerada-servico-essencial-em-minas\/","name":"Hotelaria passa a ser considerada servi\u00e7o essencial em Minas - Travel3","isPartOf":{"@id":"https:\/\/www.travel3.com.br\/site\/#website"},"primaryImageOfPage":{"@id":"https:\/\/www.travel3.com.br\/site\/destaque\/hotelaria-passa-a-ser-considerada-servico-essencial-em-minas\/#primaryimage"},"image":{"@id":"https:\/\/www.travel3.com.br\/site\/destaque\/hotelaria-passa-a-ser-considerada-servico-essencial-em-minas\/#primaryimage"},"thumbnailUrl":"https:\/\/www.travel3.com.br\/site\/wp-content\/uploads\/2020\/06\/elevator-787381_1920.jpg","datePublished":"2020-06-22T08:00:56+00:00","description":"Hotelaria passa a ser considerada servi\u00e7o essencial em Minas; medida indica in\u00edcio da retomada, e estabelece padr\u00f5es de seguran\u00e7a a serem seguidos","breadcrumb":{"@id":"https:\/\/www.travel3.com.br\/site\/destaque\/hotelaria-passa-a-ser-considerada-servico-essencial-em-minas\/#breadcrumb"},"inLanguage":"pt-BR","potentialAction":[{"@type":"ReadAction","target":["https:\/\/www.travel3.com.br\/site\/destaque\/hotelaria-passa-a-ser-considerada-servico-essencial-em-minas\/"]}]},{"@type":"ImageObject","inLanguage":"pt-BR","@id":"https:\/\/www.travel3.com.br\/site\/destaque\/hotelaria-passa-a-ser-considerada-servico-essencial-em-minas\/#primaryimage","url":"https:\/\/www.travel3.com.br\/site\/wp-content\/uploads\/2020\/06\/elevator-787381_1920.jpg","contentUrl":"https:\/\/www.travel3.com.br\/site\/wp-content\/uploads\/2020\/06\/elevator-787381_1920.jpg","width":1920,"height":1280,"caption":"(Foto: Divulga\u00e7\u00e3o)"},{"@type":"BreadcrumbList","@id":"https:\/\/www.travel3.com.br\/site\/destaque\/hotelaria-passa-a-ser-considerada-servico-essencial-em-minas\/#breadcrumb","itemListElement":[{"@type":"ListItem","position":1,"name":"In\u00edcio","item":"https:\/\/www.travel3.com.br\/site\/"},{"@type":"ListItem","position":2,"name":"Hotelaria passa a ser considerada servi\u00e7o essencial em Minas"}]},{"@type":"WebSite","@id":"https:\/\/www.travel3.com.br\/site\/#website","url":"https:\/\/www.travel3.com.br\/site\/","name":"Travel3","description":"Lazer + Neg&oacute;cios + Aventura","publisher":{"@id":"https:\/\/www.travel3.com.br\/site\/#organization"},"potentialAction":[{"@type":"SearchAction","target":{"@type":"EntryPoint","urlTemplate":"https:\/\/www.travel3.com.br\/site\/?s={search_term_string}"},"query-input":{"@type":"PropertyValueSpecification","valueRequired":true,"valueName":"search_term_string"}}],"inLanguage":"pt-BR"},{"@type":"Organization","@id":"https:\/\/www.travel3.com.br\/site\/#organization","name":"Travel3","url":"https:\/\/www.travel3.com.br\/site\/","logo":{"@type":"ImageObject","inLanguage":"pt-BR","@id":"https:\/\/www.travel3.com.br\/site\/#\/schema\/logo\/image\/","url":"https:\/\/www.travel3.com.br\/site\/wp-content\/uploads\/2020\/01\/logo-travel3-2020.png","contentUrl":"https:\/\/www.travel3.com.br\/site\/wp-content\/uploads\/2020\/01\/logo-travel3-2020.png","width":232,"height":79,"caption":"Travel3"},"image":{"@id":"https:\/\/www.travel3.com.br\/site\/#\/schema\/logo\/image\/"},"sameAs":["https:\/\/www.facebook.com\/travel3media\/","https:\/\/www.instagram.com\/revistatravel3\/","https:\/\/www.youtube.com\/channel\/UCno7J4paGBR3VbZQzvoJ9Eg"]},{"@type":"Person","@id":"https:\/\/www.travel3.com.br\/site\/#\/schema\/person\/9cff8daac0a2f1aa0799f827b8aa8308","name":"Reda\u00e7\u00e3o Travel3","image":{"@type":"ImageObject","inLanguage":"pt-BR","@id":"https:\/\/www.travel3.com.br\/site\/#\/schema\/person\/image\/","url":"https:\/\/secure.gravatar.com\/avatar\/6e6125525e1f04b7b8c607d71556e490?s=96&d=mm&r=g","contentUrl":"https:\/\/secure.gravatar.com\/avatar\/6e6125525e1f04b7b8c607d71556e490?s=96&d=mm&r=g","caption":"Reda\u00e7\u00e3o Travel3"},"sameAs":["http:\/\/www.travel3.com.br"],"url":"https:\/\/www.travel3.com.br\/site\/author\/redacao2\/"}]}},"_links":{"self":[{"href":"https:\/\/www.travel3.com.br\/site\/wp-json\/wp\/v2\/posts\/33920","targetHints":{"allow":["GET"]}}],"collection":[{"href":"https:\/\/www.travel3.com.br\/site\/wp-json\/wp\/v2\/posts"}],"about":[{"href":"https:\/\/www.travel3.com.br\/site\/wp-json\/wp\/v2\/types\/post"}],"author":[{"embeddable":true,"href":"https:\/\/www.travel3.com.br\/site\/wp-json\/wp\/v2\/users\/6"}],"replies":[{"embeddable":true,"href":"https:\/\/www.travel3.com.br\/site\/wp-json\/wp\/v2\/comments?post=33920"}],"version-history":[{"count":2,"href":"https:\/\/www.travel3.com.br\/site\/wp-json\/wp\/v2\/posts\/33920\/revisions"}],"predecessor-version":[{"id":34180,"href":"https:\/\/www.travel3.com.br\/site\/wp-json\/wp\/v2\/posts\/33920\/revisions\/34180"}],"wp:featuredmedia":[{"embeddable":true,"href":"https:\/\/www.travel3.com.br\/site\/wp-json\/wp\/v2\/media\/34179"}],"wp:attachment":[{"href":"https:\/\/www.travel3.com.br\/site\/wp-json\/wp\/v2\/media?parent=33920"}],"wp:term":[{"taxonomy":"category","embeddable":true,"href":"https:\/\/www.travel3.com.br\/site\/wp-json\/wp\/v2\/categories?post=33920"},{"taxonomy":"post_tag","embeddable":true,"href":"https:\/\/www.travel3.com.br\/site\/wp-json\/wp\/v2\/tags?post=33920"}],"curies":[{"name":"wp","href":"https:\/\/api.w.org\/{rel}","templated":true}]}}