{"id":3390,"date":"2017-08-05T10:43:08","date_gmt":"2017-08-05T10:43:08","guid":{"rendered":"http:\/\/www.travel3.com.br\/site\/ir-e-vir\/ar\/entregue-a-proposta-de-reformulacao-da-lei-geral-do-turismo\/"},"modified":"2017-08-05T10:43:08","modified_gmt":"2017-08-05T10:43:08","slug":"entregue-a-proposta-de-reformulacao-da-lei-geral-do-turismo","status":"publish","type":"post","link":"https:\/\/www.travel3.com.br\/site\/sem-categoria\/entregue-a-proposta-de-reformulacao-da-lei-geral-do-turismo\/","title":{"rendered":"ENTREGUE A PROPOSTA DE REFORMULA\u00c7\u00c3O DA LEI GERAL DO TURISMO"},"content":{"rendered":"<p><span style=\"color: #40acad; font-family: -apple-system, system-ui, 'Segoe UI', Roboto, Oxygen-Sans, Ubuntu, Cantarell, 'Helvetica Neue', sans-serif; font-size: 12px; font-weight: bold;\"><\/p>\n<p style=\"text-align: justify;\">Como a <strong>TRAVEL3<\/strong> havia antecipado desde a realiza\u00e7\u00e3o do Festuris, em Gramado, a proposta de reformula\u00e7\u00e3o da Lei Geral do Turismo foi encaminhadas hoje, em Brasilia. Alexandre Sampaio, presidente do Conselho Empresarial de Turismo e Hospitalidade (Cetur) da Confedera\u00e7\u00e3o Nacional do Com\u00e9rcio de Bens, Servi\u00e7os e Turismo (CNC), \u00a0entregou a mat\u00e9ria para o secret\u00e1rio executivo do Minist\u00e9rio do Turismo (MTur), Alberto Alves e para o presidente da Comiss\u00e3o de Turismo da C\u00e2mara dos Deputados e da Frente Parlamentar Mista em Defesa do Turismo, Herculano Passos.<\/p>\n<p style=\"text-align: justify;\">O documento foi entregue durante o Semin\u00e1rio Jur\u00eddico do Turismo, na sede da CNC em Bras\u00edlia, e tem o prop\u00f3sito de criar um ambiente de neg\u00f3cios mais empreendedor, a fim de agilizar o desenvolvimento do turismo no Pais.\u00a0<\/p>\n<p style=\"text-align: justify;\">Entre outras mudan\u00e7as, a proposta prev\u00ea regras claras para a possibilidade de cobran\u00e7a antecipada da reserva; chance de comercializa\u00e7\u00e3o de pacote de di\u00e1rias; reten\u00e7\u00e3o de reserva no caso de no show (n\u00e3o comparecimento) do h\u00f3spede; fixa\u00e7\u00e3o do limite de hor\u00e1rio para check-in e checkout; possibilidade de suspens\u00e3o do contrato de trabalho na baixa temporada; exclus\u00e3o da retribui\u00e7\u00e3o de direitos autorais em raz\u00e3o da execu\u00e7\u00e3o de m\u00fasica nos quartos de hot\u00e9is; e defini\u00e7\u00e3o de regras para hospedagem de crian\u00e7as e\/ou adolescentes.\u00a0<\/p>\n<p style=\"text-align: justify;\">\u201cHoje, a Lei Geral do Turismo \u00e9 um microssistema que se comunica com as demais legisla\u00e7\u00f5es, como o C\u00f3digo de Defesa do Consumidor. Contudo, muitas vezes existem conflitos entre normas que geram extrema inseguran\u00e7a jur\u00eddica. As mudan\u00e7as propostas querem que o Marco Regulat\u00f3rio do Turismo preveja normas de outros ramos do direito para resolver conflitos enfrentados pelos prestadores de servi\u00e7os tur\u00edsticos\u201d, comentou Alexandre Sampaio.\u00a0\u00a0<\/p>\n<p style=\"text-align: justify;\">A nova proposta da Lei n\u00ba 11.771\/2008, \u00e9 resultado de um amplo trabalho coordenado pelo Cetur\/CNC e pelo Conselho Executivo de Viagens e Eventos Corporativos (Cevec) da Fecom\u00e9rcio-SP. As sugest\u00f5es finais do documento foram ainda compartilhadas e validadas por 26 associa\u00e7\u00f5es nacionais que representam diferentes segmentos produtivos da cadeia do turismo \u00a0em uma busca de solu\u00e7\u00f5es pr\u00e1ticas.<\/p>\n<p style=\"text-align: justify;\">A rela\u00e7\u00e3o das entidades \u2013 componentes do Conselho Empresarial de Turismo e Hospitalidade (Cetur) da CNC \u00a0&#8211; e que apoiam o anteprojeto entregue, tem:<\/p>\n<p style=\"text-align: justify;\">1.\u00a0\u00a0\u00a0\u00a0 Abav\u00a0&#8211; Associa\u00e7\u00e3o Brasileira de Ag\u00eancias de Viagem\u00a0<\/p>\n<p style=\"text-align: justify;\">2.\u00a0\u00a0\u00a0\u00a0 Abear\u00a0&#8211; Associa\u00e7\u00e3o Brasileira de Empresas A\u00e9reas\u00a0<\/p>\n<p style=\"text-align: justify;\">3.\u00a0\u00a0\u00a0\u00a0 Abeoc Brasil\u00a0&#8211; Associa\u00e7\u00e3o Brasileira de Empresas de Eventos\u00a0<\/p>\n<p style=\"text-align: justify;\">4.\u00a0\u00a0\u00a0\u00a0 Abeta\u00a0&#8211; Associa\u00e7\u00e3o Brasileira das Empresas de Ecoturismo e Turismo de Aventura\u00a0<\/p>\n<p style=\"text-align: justify;\">5.\u00a0\u00a0\u00a0\u00a0 ABIH\u00a0Nacional &#8211; Associa\u00e7\u00e3o Brasileira da Ind\u00fastria de Hot\u00e9is\u00a0<\/p>\n<p style=\"text-align: justify;\">6.\u00a0\u00a0\u00a0\u00a0 Abla\u00a0&#8211; Associa\u00e7\u00e3o Brasileira das Locadoras de Autom\u00f3veis\u00a0<\/p>\n<p style=\"text-align: justify;\">7.\u00a0\u00a0\u00a0\u00a0 Abottc\u00a0&#8211; Associa\u00e7\u00e3o Brasileira das Operadoras de Trens Tur\u00edsticos Culturais\u00a0<\/p>\n<p style=\"text-align: justify;\">8.\u00a0\u00a0\u00a0\u00a0\u00a0 Abraccef\u00a0&#8211; Associa\u00e7\u00e3o Brasileira de Centros de Conven\u00e7\u00f5es e Feiras\u00a0<\/p>\n<p style=\"text-align: justify;\">9.\u00a0\u00a0\u00a0\u00a0 Abracorp\u00a0&#8211; Associa\u00e7\u00e3o Brasileira de Ag\u00eancias de Viagens Corporativas\u00a0<\/p>\n<p style=\"text-align: justify;\">10.\u00a0\u00a0\u00a0 Abrasel Nacional\u00a0&#8211; Associa\u00e7\u00e3o Brasileira de Bares e Restaurantes<\/p>\n<p style=\"text-align: justify;\">11.\u00a0\u00a0\u00a0 Abrastur\u00a0&#8211; Associa\u00e7\u00e3o Brasileira de Turismo Social\u00a0<\/p>\n<p style=\"text-align: justify;\">12.\u00a0\u00a0\u00a0 Abraturr\u00a0&#8211; Associa\u00e7\u00e3o Brasileira de Turismo Rural\u00a0<\/p>\n<p style=\"text-align: justify;\">13.\u00a0\u00a0\u00a0 Abremar\u00a0&#8211; Associa\u00e7\u00e3o Brasileira de Cruzeiros Mar\u00edtimos\u00a0<\/p>\n<p style=\"text-align: justify;\">14.\u00a0\u00a0\u00a0 Alagev\u00a0&#8211; Associa\u00e7\u00e3o Latino-Americana de Gestores de Eventos e Viagens Corporativas\u00a0<\/p>\n<p style=\"text-align: justify;\">15.\u00a0\u00a0\u00a0 ANR\u00a0&#8211; Associa\u00e7\u00e3o Nacional de Bares e Restaurantes\u00a0<\/p>\n<p style=\"text-align: justify;\">16.\u00a0\u00a0\u00a0 Anttur\u00a0&#8211; Associa\u00e7\u00e3o Nacional dos Transportadores de Turismo e Fretamento\u00a0<\/p>\n<p style=\"text-align: justify;\">17.\u00a0\u00a0\u00a0 Bito\u00a0&#8211; Associa\u00e7\u00e3o Brasileira de Operadores de Turismo Receptivo Internacional\u00a0<\/p>\n<p style=\"text-align: justify;\">18.\u00a0\u00a0\u00a0 Braztoa\u00a0&#8211; Associa\u00e7\u00e3o Brasileira das Operadoras de Turismo\u00a0<\/p>\n<p style=\"text-align: justify;\">19.\u00a0\u00a0\u00a0 CBC&#038;VB\u00a0&#8211; Confedera\u00e7\u00e3o Brasileira de Convention &#038; Visitors Bureau\u00a0<\/p>\n<p style=\"text-align: justify;\">20.\u00a0\u00a0\u00a0 FNHRBS\u00a0&#8211; Federa\u00e7\u00e3o Nacional de Hot\u00e9is, Restaurantes, Bares e Similares<\/p>\n<p style=\"text-align: justify;\">21.\u00a0\u00a0\u00a0 FOHB\u00a0&#8211; F\u00f3rum de Operadores Hoteleiros do Brasil\u00a0<\/p>\n<p style=\"text-align: justify;\">22.\u00a0\u00a0\u00a0 ABR Resorts Brasil\u00a0&#8211; Associa\u00e7\u00e3o Brasileira de Resorts\u00a0<\/p>\n<p style=\"text-align: justify;\">23.\u00a0\u00a0\u00a0 Sebrae Nacional\u00a0&#8211; Servi\u00e7o Brasileiro de Apoio \u00e0s Micro e Pequenas Empresas\u00a0<\/p>\n<p style=\"text-align: justify;\">24.\u00a0\u00a0\u00a0 Sindepat\u00a0&#8211; Sistema Integrado de Parques Tem\u00e1ticos e Atra\u00e7\u00f5es Tur\u00edsticas do Brasil\u00a0<\/p>\n<p style=\"text-align: justify;\">25.\u00a0\u00a0\u00a0 Ubrafe\u00a0&#8211; Uni\u00e3o Brasileira dos Promotores de Feiras<\/p>\n<p style=\"text-align: justify;\">26.\u00a0\u00a0\u00a0 Unedestinos\u00a0&#8211; Uni\u00e3o Nacional dos CVBs e Entidades de Destinos<\/p>\n<p style=\"text-align: justify;\">27.\u00a0\u00a0\u00a0 Cevec\u00a0&#8211; Conselho Executivo de Viagens e Eventos Corporativos da Fecom\u00e9rcio-SP<\/p>\n<p style=\"text-align: justify;\">\u201cEstamos trabalhando no minist\u00e9rio para atualizar a Lei Geral do Turismo e queremos entregar uma legisla\u00e7\u00e3o com regras claras e condizentes com os desafios para o crescimento do Pa\u00eds, em um setor que pode contribuir para gera\u00e7\u00e3o de emprego e renda\u201d, afirmou o secret\u00e1rio executivo do MTur, Alberto Alves, que durante um bom tempo esteve como interino \u00e0 frente da pasta.<\/p>\n<p style=\"text-align: justify;\"><strong>Semin\u00e1rio Jur\u00eddico<\/strong><\/p>\n<p style=\"text-align: justify;\">A fim de discutir os entraves e as solu\u00e7\u00f5es jur\u00eddicas para desenvolver o Turismo no Pa\u00eds, a CNC promoveu\u00a0hoje\u00a0o Semin\u00e1rio Jur\u00eddico do Turismo. Em pauta, quest\u00f5es que est\u00e3o presentes no dia a dia das empresas e, por aus\u00eancia ou falta de clareza na regulamenta\u00e7\u00e3o, trazem inseguran\u00e7a jur\u00eddica para os prestadores de servi\u00e7os tur\u00edsticos nas rela\u00e7\u00f5es com seus empregados, consumidores e entes p\u00fablicos.<\/p>\n<p style=\"text-align: justify;\">Entre os temas abordados, \u201cO fortalecimento da negocia\u00e7\u00e3o coletiva\u201d, em palestra de Jos\u00e9 Pastore (especialista em rela\u00e7\u00f5es do trabalho e professor titular da USP); \u201cConceito de Insalubridade \u2013 aspectos aplic\u00e1veis ao Turismo e folga dominical\u201d debatido pelo ex-ministro do Tribunal Superior do Trabalho (TST) Vantuil Abdala; \u201cTrabalho Intermitente e Terceiriza\u00e7\u00e3o\u201d \u00a0pelo deputado federal (SD-SE) La\u00e9rcio de Oliveira, vice-presidente da CNC e presidente da Fecom\u00e9rcio-SE.<\/p>\n<p style=\"text-align: justify;\">\u00a0<\/p>\n<p><\/span><\/p>\n","protected":false},"excerpt":{"rendered":"<p>CNC coordena nova proposta com apoio de 27 entidades e mat\u00e9ria \u00e9 colocada junto aos Poderes Executivo e Legislativo<\/p>\n","protected":false},"author":1,"featured_media":0,"comment_status":"open","ping_status":"open","sticky":false,"template":"","format":"standard","meta":{"footnotes":""},"categories":[],"tags":[],"class_list":["post-3390","post","type-post","status-publish","format-standard","hentry"],"yoast_head":"<!-- This site is optimized with the Yoast SEO plugin v26.2 - https:\/\/yoast.com\/wordpress\/plugins\/seo\/ -->\n<title>ENTREGUE A PROPOSTA DE REFORMULA\u00c7\u00c3O DA LEI GERAL DO TURISMO - Travel3<\/title>\n<meta name=\"description\" content=\"A TRAVEL3 \u00e9 um portal de conte\u00fado voltado para o turismo, encontre destinos, viagens, hospedagem, passagens, guias, not\u00edcias sobre o mercado do turismo, dicas de viagem, v\u00eddeos e podcast.\" \/>\n<meta name=\"robots\" content=\"index, follow, max-snippet:-1, max-image-preview:large, max-video-preview:-1\" \/>\n<link rel=\"canonical\" href=\"https:\/\/www.travel3.com.br\/site\/sem-categoria\/entregue-a-proposta-de-reformulacao-da-lei-geral-do-turismo\/\" \/>\n<meta property=\"og:locale\" content=\"pt_BR\" \/>\n<meta property=\"og:type\" content=\"article\" \/>\n<meta property=\"og:title\" content=\"ENTREGUE A PROPOSTA DE REFORMULA\u00c7\u00c3O DA LEI GERAL DO TURISMO - Travel3\" \/>\n<meta property=\"og:description\" content=\"A TRAVEL3 \u00e9 um portal de conte\u00fado voltado para o turismo, encontre destinos, viagens, hospedagem, passagens, guias, not\u00edcias sobre o mercado do turismo, dicas de viagem, v\u00eddeos e podcast.\" \/>\n<meta property=\"og:url\" content=\"https:\/\/www.travel3.com.br\/site\/sem-categoria\/entregue-a-proposta-de-reformulacao-da-lei-geral-do-turismo\/\" \/>\n<meta property=\"og:site_name\" content=\"Travel3\" \/>\n<meta property=\"article:publisher\" content=\"https:\/\/www.facebook.com\/travel3media\/\" \/>\n<meta property=\"article:published_time\" content=\"2017-08-05T10:43:08+00:00\" \/>\n<meta name=\"author\" content=\"admin\" \/>\n<meta name=\"twitter:card\" content=\"summary_large_image\" \/>\n<meta name=\"twitter:label1\" content=\"Escrito por\" \/>\n\t<meta name=\"twitter:data1\" content=\"admin\" \/>\n\t<meta name=\"twitter:label2\" content=\"Est. tempo de leitura\" \/>\n\t<meta name=\"twitter:data2\" content=\"4 minutos\" \/>\n<script type=\"application\/ld+json\" class=\"yoast-schema-graph\">{\"@context\":\"https:\/\/schema.org\",\"@graph\":[{\"@type\":\"Article\",\"@id\":\"https:\/\/www.travel3.com.br\/site\/sem-categoria\/entregue-a-proposta-de-reformulacao-da-lei-geral-do-turismo\/#article\",\"isPartOf\":{\"@id\":\"https:\/\/www.travel3.com.br\/site\/sem-categoria\/entregue-a-proposta-de-reformulacao-da-lei-geral-do-turismo\/\"},\"author\":{\"name\":\"admin\",\"@id\":\"https:\/\/www.travel3.com.br\/site\/#\/schema\/person\/a69d71e41a024999b6ab82369ac0bd1e\"},\"headline\":\"ENTREGUE A PROPOSTA DE REFORMULA\u00c7\u00c3O DA LEI GERAL DO TURISMO\",\"datePublished\":\"2017-08-05T10:43:08+00:00\",\"mainEntityOfPage\":{\"@id\":\"https:\/\/www.travel3.com.br\/site\/sem-categoria\/entregue-a-proposta-de-reformulacao-da-lei-geral-do-turismo\/\"},\"wordCount\":906,\"commentCount\":0,\"publisher\":{\"@id\":\"https:\/\/www.travel3.com.br\/site\/#organization\"},\"inLanguage\":\"pt-BR\",\"potentialAction\":[{\"@type\":\"CommentAction\",\"name\":\"Comment\",\"target\":[\"https:\/\/www.travel3.com.br\/site\/sem-categoria\/entregue-a-proposta-de-reformulacao-da-lei-geral-do-turismo\/#respond\"]}]},{\"@type\":\"WebPage\",\"@id\":\"https:\/\/www.travel3.com.br\/site\/sem-categoria\/entregue-a-proposta-de-reformulacao-da-lei-geral-do-turismo\/\",\"url\":\"https:\/\/www.travel3.com.br\/site\/sem-categoria\/entregue-a-proposta-de-reformulacao-da-lei-geral-do-turismo\/\",\"name\":\"ENTREGUE A PROPOSTA DE REFORMULA\u00c7\u00c3O DA LEI GERAL DO TURISMO - Travel3\",\"isPartOf\":{\"@id\":\"https:\/\/www.travel3.com.br\/site\/#website\"},\"datePublished\":\"2017-08-05T10:43:08+00:00\",\"description\":\"A TRAVEL3 \u00e9 um portal de conte\u00fado voltado para o turismo, encontre destinos, viagens, hospedagem, passagens, guias, not\u00edcias sobre o mercado do turismo, dicas de viagem, v\u00eddeos e podcast.\",\"breadcrumb\":{\"@id\":\"https:\/\/www.travel3.com.br\/site\/sem-categoria\/entregue-a-proposta-de-reformulacao-da-lei-geral-do-turismo\/#breadcrumb\"},\"inLanguage\":\"pt-BR\",\"potentialAction\":[{\"@type\":\"ReadAction\",\"target\":[\"https:\/\/www.travel3.com.br\/site\/sem-categoria\/entregue-a-proposta-de-reformulacao-da-lei-geral-do-turismo\/\"]}]},{\"@type\":\"BreadcrumbList\",\"@id\":\"https:\/\/www.travel3.com.br\/site\/sem-categoria\/entregue-a-proposta-de-reformulacao-da-lei-geral-do-turismo\/#breadcrumb\",\"itemListElement\":[{\"@type\":\"ListItem\",\"position\":1,\"name\":\"In\u00edcio\",\"item\":\"https:\/\/www.travel3.com.br\/site\/\"},{\"@type\":\"ListItem\",\"position\":2,\"name\":\"ENTREGUE A PROPOSTA DE REFORMULA\u00c7\u00c3O DA LEI GERAL DO TURISMO\"}]},{\"@type\":\"WebSite\",\"@id\":\"https:\/\/www.travel3.com.br\/site\/#website\",\"url\":\"https:\/\/www.travel3.com.br\/site\/\",\"name\":\"Travel3\",\"description\":\"Lazer + Neg&oacute;cios + Aventura\",\"publisher\":{\"@id\":\"https:\/\/www.travel3.com.br\/site\/#organization\"},\"potentialAction\":[{\"@type\":\"SearchAction\",\"target\":{\"@type\":\"EntryPoint\",\"urlTemplate\":\"https:\/\/www.travel3.com.br\/site\/?s={search_term_string}\"},\"query-input\":{\"@type\":\"PropertyValueSpecification\",\"valueRequired\":true,\"valueName\":\"search_term_string\"}}],\"inLanguage\":\"pt-BR\"},{\"@type\":\"Organization\",\"@id\":\"https:\/\/www.travel3.com.br\/site\/#organization\",\"name\":\"Travel3\",\"url\":\"https:\/\/www.travel3.com.br\/site\/\",\"logo\":{\"@type\":\"ImageObject\",\"inLanguage\":\"pt-BR\",\"@id\":\"https:\/\/www.travel3.com.br\/site\/#\/schema\/logo\/image\/\",\"url\":\"https:\/\/www.travel3.com.br\/site\/wp-content\/uploads\/2020\/01\/logo-travel3-2020.png\",\"contentUrl\":\"https:\/\/www.travel3.com.br\/site\/wp-content\/uploads\/2020\/01\/logo-travel3-2020.png\",\"width\":232,\"height\":79,\"caption\":\"Travel3\"},\"image\":{\"@id\":\"https:\/\/www.travel3.com.br\/site\/#\/schema\/logo\/image\/\"},\"sameAs\":[\"https:\/\/www.facebook.com\/travel3media\/\",\"https:\/\/www.instagram.com\/revistatravel3\/\",\"https:\/\/www.youtube.com\/channel\/UCno7J4paGBR3VbZQzvoJ9Eg\"]},{\"@type\":\"Person\",\"@id\":\"https:\/\/www.travel3.com.br\/site\/#\/schema\/person\/a69d71e41a024999b6ab82369ac0bd1e\",\"name\":\"admin\",\"image\":{\"@type\":\"ImageObject\",\"inLanguage\":\"pt-BR\",\"@id\":\"https:\/\/www.travel3.com.br\/site\/#\/schema\/person\/image\/\",\"url\":\"https:\/\/secure.gravatar.com\/avatar\/732a67adfd764da2a47ba10ce731c4c0?s=96&d=mm&r=g\",\"contentUrl\":\"https:\/\/secure.gravatar.com\/avatar\/732a67adfd764da2a47ba10ce731c4c0?s=96&d=mm&r=g\",\"caption\":\"admin\"},\"url\":\"https:\/\/www.travel3.com.br\/site\/author\/admin\/\"}]}<\/script>\n<!-- \/ Yoast SEO plugin. -->","yoast_head_json":{"title":"ENTREGUE A PROPOSTA DE REFORMULA\u00c7\u00c3O DA LEI GERAL DO TURISMO - Travel3","description":"A TRAVEL3 \u00e9 um portal de conte\u00fado voltado para o turismo, encontre destinos, viagens, hospedagem, passagens, guias, not\u00edcias sobre o mercado do turismo, dicas de viagem, v\u00eddeos e podcast.","robots":{"index":"index","follow":"follow","max-snippet":"max-snippet:-1","max-image-preview":"max-image-preview:large","max-video-preview":"max-video-preview:-1"},"canonical":"https:\/\/www.travel3.com.br\/site\/sem-categoria\/entregue-a-proposta-de-reformulacao-da-lei-geral-do-turismo\/","og_locale":"pt_BR","og_type":"article","og_title":"ENTREGUE A PROPOSTA DE REFORMULA\u00c7\u00c3O DA LEI GERAL DO TURISMO - Travel3","og_description":"A TRAVEL3 \u00e9 um portal de conte\u00fado voltado para o turismo, encontre destinos, viagens, hospedagem, passagens, guias, not\u00edcias sobre o mercado do turismo, dicas de viagem, v\u00eddeos e podcast.","og_url":"https:\/\/www.travel3.com.br\/site\/sem-categoria\/entregue-a-proposta-de-reformulacao-da-lei-geral-do-turismo\/","og_site_name":"Travel3","article_publisher":"https:\/\/www.facebook.com\/travel3media\/","article_published_time":"2017-08-05T10:43:08+00:00","author":"admin","twitter_card":"summary_large_image","twitter_misc":{"Escrito por":"admin","Est. tempo de leitura":"4 minutos"},"schema":{"@context":"https:\/\/schema.org","@graph":[{"@type":"Article","@id":"https:\/\/www.travel3.com.br\/site\/sem-categoria\/entregue-a-proposta-de-reformulacao-da-lei-geral-do-turismo\/#article","isPartOf":{"@id":"https:\/\/www.travel3.com.br\/site\/sem-categoria\/entregue-a-proposta-de-reformulacao-da-lei-geral-do-turismo\/"},"author":{"name":"admin","@id":"https:\/\/www.travel3.com.br\/site\/#\/schema\/person\/a69d71e41a024999b6ab82369ac0bd1e"},"headline":"ENTREGUE A PROPOSTA DE REFORMULA\u00c7\u00c3O DA LEI GERAL DO TURISMO","datePublished":"2017-08-05T10:43:08+00:00","mainEntityOfPage":{"@id":"https:\/\/www.travel3.com.br\/site\/sem-categoria\/entregue-a-proposta-de-reformulacao-da-lei-geral-do-turismo\/"},"wordCount":906,"commentCount":0,"publisher":{"@id":"https:\/\/www.travel3.com.br\/site\/#organization"},"inLanguage":"pt-BR","potentialAction":[{"@type":"CommentAction","name":"Comment","target":["https:\/\/www.travel3.com.br\/site\/sem-categoria\/entregue-a-proposta-de-reformulacao-da-lei-geral-do-turismo\/#respond"]}]},{"@type":"WebPage","@id":"https:\/\/www.travel3.com.br\/site\/sem-categoria\/entregue-a-proposta-de-reformulacao-da-lei-geral-do-turismo\/","url":"https:\/\/www.travel3.com.br\/site\/sem-categoria\/entregue-a-proposta-de-reformulacao-da-lei-geral-do-turismo\/","name":"ENTREGUE A PROPOSTA DE REFORMULA\u00c7\u00c3O DA LEI GERAL DO TURISMO - Travel3","isPartOf":{"@id":"https:\/\/www.travel3.com.br\/site\/#website"},"datePublished":"2017-08-05T10:43:08+00:00","description":"A TRAVEL3 \u00e9 um portal de conte\u00fado voltado para o turismo, encontre destinos, viagens, hospedagem, passagens, guias, not\u00edcias sobre o mercado do turismo, dicas de viagem, v\u00eddeos e podcast.","breadcrumb":{"@id":"https:\/\/www.travel3.com.br\/site\/sem-categoria\/entregue-a-proposta-de-reformulacao-da-lei-geral-do-turismo\/#breadcrumb"},"inLanguage":"pt-BR","potentialAction":[{"@type":"ReadAction","target":["https:\/\/www.travel3.com.br\/site\/sem-categoria\/entregue-a-proposta-de-reformulacao-da-lei-geral-do-turismo\/"]}]},{"@type":"BreadcrumbList","@id":"https:\/\/www.travel3.com.br\/site\/sem-categoria\/entregue-a-proposta-de-reformulacao-da-lei-geral-do-turismo\/#breadcrumb","itemListElement":[{"@type":"ListItem","position":1,"name":"In\u00edcio","item":"https:\/\/www.travel3.com.br\/site\/"},{"@type":"ListItem","position":2,"name":"ENTREGUE A PROPOSTA DE REFORMULA\u00c7\u00c3O DA LEI GERAL DO TURISMO"}]},{"@type":"WebSite","@id":"https:\/\/www.travel3.com.br\/site\/#website","url":"https:\/\/www.travel3.com.br\/site\/","name":"Travel3","description":"Lazer + Neg&oacute;cios + Aventura","publisher":{"@id":"https:\/\/www.travel3.com.br\/site\/#organization"},"potentialAction":[{"@type":"SearchAction","target":{"@type":"EntryPoint","urlTemplate":"https:\/\/www.travel3.com.br\/site\/?s={search_term_string}"},"query-input":{"@type":"PropertyValueSpecification","valueRequired":true,"valueName":"search_term_string"}}],"inLanguage":"pt-BR"},{"@type":"Organization","@id":"https:\/\/www.travel3.com.br\/site\/#organization","name":"Travel3","url":"https:\/\/www.travel3.com.br\/site\/","logo":{"@type":"ImageObject","inLanguage":"pt-BR","@id":"https:\/\/www.travel3.com.br\/site\/#\/schema\/logo\/image\/","url":"https:\/\/www.travel3.com.br\/site\/wp-content\/uploads\/2020\/01\/logo-travel3-2020.png","contentUrl":"https:\/\/www.travel3.com.br\/site\/wp-content\/uploads\/2020\/01\/logo-travel3-2020.png","width":232,"height":79,"caption":"Travel3"},"image":{"@id":"https:\/\/www.travel3.com.br\/site\/#\/schema\/logo\/image\/"},"sameAs":["https:\/\/www.facebook.com\/travel3media\/","https:\/\/www.instagram.com\/revistatravel3\/","https:\/\/www.youtube.com\/channel\/UCno7J4paGBR3VbZQzvoJ9Eg"]},{"@type":"Person","@id":"https:\/\/www.travel3.com.br\/site\/#\/schema\/person\/a69d71e41a024999b6ab82369ac0bd1e","name":"admin","image":{"@type":"ImageObject","inLanguage":"pt-BR","@id":"https:\/\/www.travel3.com.br\/site\/#\/schema\/person\/image\/","url":"https:\/\/secure.gravatar.com\/avatar\/732a67adfd764da2a47ba10ce731c4c0?s=96&d=mm&r=g","contentUrl":"https:\/\/secure.gravatar.com\/avatar\/732a67adfd764da2a47ba10ce731c4c0?s=96&d=mm&r=g","caption":"admin"},"url":"https:\/\/www.travel3.com.br\/site\/author\/admin\/"}]}},"_links":{"self":[{"href":"https:\/\/www.travel3.com.br\/site\/wp-json\/wp\/v2\/posts\/3390","targetHints":{"allow":["GET"]}}],"collection":[{"href":"https:\/\/www.travel3.com.br\/site\/wp-json\/wp\/v2\/posts"}],"about":[{"href":"https:\/\/www.travel3.com.br\/site\/wp-json\/wp\/v2\/types\/post"}],"author":[{"embeddable":true,"href":"https:\/\/www.travel3.com.br\/site\/wp-json\/wp\/v2\/users\/1"}],"replies":[{"embeddable":true,"href":"https:\/\/www.travel3.com.br\/site\/wp-json\/wp\/v2\/comments?post=3390"}],"version-history":[{"count":0,"href":"https:\/\/www.travel3.com.br\/site\/wp-json\/wp\/v2\/posts\/3390\/revisions"}],"wp:attachment":[{"href":"https:\/\/www.travel3.com.br\/site\/wp-json\/wp\/v2\/media?parent=3390"}],"wp:term":[{"taxonomy":"category","embeddable":true,"href":"https:\/\/www.travel3.com.br\/site\/wp-json\/wp\/v2\/categories?post=3390"},{"taxonomy":"post_tag","embeddable":true,"href":"https:\/\/www.travel3.com.br\/site\/wp-json\/wp\/v2\/tags?post=3390"}],"curies":[{"name":"wp","href":"https:\/\/api.w.org\/{rel}","templated":true}]}}