{"id":33487,"date":"2020-06-03T10:00:29","date_gmt":"2020-06-03T13:00:29","guid":{"rendered":"https:\/\/www.travel3.com.br\/?p=33487"},"modified":"2020-06-01T10:49:29","modified_gmt":"2020-06-01T13:49:29","slug":"a-vida-apos-a-quarentena-como-sera-o-novo-normal","status":"publish","type":"post","link":"https:\/\/www.travel3.com.br\/site\/acontece-no-turismo\/a-vida-apos-a-quarentena-como-sera-o-novo-normal\/","title":{"rendered":"A vida ap\u00f3s a quarentena =  como ser\u00e1 o novo normal?"},"content":{"rendered":"\n<div class=\"wp-block-image\"><figure class=\"aligncenter\"><img loading=\"lazy\" decoding=\"async\" width=\"1024\" height=\"683\" src=\"https:\/\/www.travel3.com.br\/site\/wp-content\/uploads\/2020\/06\/medicine-5103043_1920-1024x683.jpg\" alt=\"Coronav\u00edrus m\u00e1scara medicina\" class=\"wp-image-33763\" srcset=\"https:\/\/www.travel3.com.br\/site\/wp-content\/uploads\/2020\/06\/medicine-5103043_1920-1024x683.jpg 1024w, https:\/\/www.travel3.com.br\/site\/wp-content\/uploads\/2020\/06\/medicine-5103043_1920-300x200.jpg 300w, https:\/\/www.travel3.com.br\/site\/wp-content\/uploads\/2020\/06\/medicine-5103043_1920-768x512.jpg 768w, https:\/\/www.travel3.com.br\/site\/wp-content\/uploads\/2020\/06\/medicine-5103043_1920-750x500.jpg 750w, https:\/\/www.travel3.com.br\/site\/wp-content\/uploads\/2020\/06\/medicine-5103043_1920-1140x760.jpg 1140w, https:\/\/www.travel3.com.br\/site\/wp-content\/uploads\/2020\/06\/medicine-5103043_1920.jpg 1920w\" sizes=\"auto, (max-width: 1024px) 100vw, 1024px\" \/><figcaption>(Foto: Divulga\u00e7\u00e3o)<\/figcaption><\/figure><\/div>\n\n\n\n<h3 class=\"wp-block-heading\" style=\"text-align:center\">Estudo prev\u00ea tend\u00eancias no comportamento dos brasileiros ap\u00f3s a pandemia<\/h3>\n\n\n\n<p>A pandemia de Covid-19 <a href=\"https:\/\/www.travel3.com.br\/acontece-no-turismo\/coronavirus-setor-de-cruzeiros-sofre-mais-que-o-aereo\/\" target=\"_blank\" rel=\"noreferrer noopener\" aria-label=\" (opens in a new tab)\">impactou profundamente<\/a> a rotina de indiv\u00edduos em todo o mundo. No Brasil, especificamente, novos h\u00e1bitos foram institu\u00eddos, enquanto pr\u00e1ticas at\u00e9 ent\u00e3o recorrentes foram abandonadas. Nesse contexto, um estudo in\u00e9dito identificou quais foram essas mudan\u00e7as &#8211; e como deve ser a vida ap\u00f3s a quarentena.<\/p>\n\n\n\n<p>A pesquisa consultou 1.052 indiv\u00edduos de todas as regi\u00f5es do pa\u00eds, e constatou que alguns h\u00e1bitos adquiridos continuar\u00e3o em alta; mesmo ap\u00f3s o pico de contamina\u00e7\u00f5es ser superado. Ouvidos entre 8 e 10 de maio, 59,5% disseram que ir\u00e3o continuar a higienizar todas as coisas que entram em casa; 49,6% ir\u00e3o manter o h\u00e1bito de cozinhar; 43% pretendem continuar cursos online; e 40,6% devem ir o mercado ou farm\u00e1cia somente quando extremamente necess\u00e1rio.<\/p>\n\n\n\n<p>J\u00e1 quando questionadas sobre as <a href=\"https:\/\/www.travel3.com.br\/destaque\/apos-a-pandemia\/\" target=\"_blank\" rel=\"noreferrer noopener\" aria-label=\"tend\u00eancias para ap\u00f3s a pandemia (opens in a new tab)\">tend\u00eancias para ap\u00f3s a pandemia<\/a>, 63,6% das pessoas apontaram o trabalho remoto, enquanto 58% acreditam que o ensino a dist\u00e2ncia ser\u00e1 mantido; e 57% acreditam que a maior busca por conhecimento continua. S\u00e3o 54,3% aquelas que acreditam em novos modelos de neg\u00f3cios para restaurantes; e 49,6% as que preveem a revis\u00e3o de cren\u00e7as e valores.<\/p>\n\n\n\n<p>Questionados sobre o que fariam se o <a href=\"https:\/\/www.travel3.com.br\/acontece-no-turismo\/caravana-virtual-jamaica\/\" target=\"_blank\" rel=\"noreferrer noopener\" aria-label=\"isolamento (opens in a new tab)\">isolamento<\/a> acabasse, mas ainda n\u00e3o houvesse vacina ou cura comprovada para a Covid-19, 62,3% dos indiv\u00edduos afirmaram que n\u00e3o frequentariam shows; e 62% n\u00e3o iriam a cinemas ou teatros. Atividades em academias ou clubes seriam totalmente evitadas, respectivamente, por 57,5% e 55,2% dos respondentes. E os eventos esportivos estariam fora da programa\u00e7\u00e3o de 56% dos participantes da pesquisa.<\/p>\n\n\n\n<blockquote class=\"wp-block-quote is-layout-flow wp-block-quote-is-layout-flow\"><p>Desde fevereiro, antes do Brasil confirmar seus primeiros casos de Covid-19, a Toluna t\u00eam dedicado aten\u00e7\u00e3o e esfor\u00e7os para ouvir e entender todas os sentimentos, necessidades e opini\u00f5es da popula\u00e7\u00e3o brasileira durante essa crise.<\/p><p>Pensando nisso, criamos algumas pesquisas para identificar os principais pontos de aten\u00e7\u00e3o. Nosso principal prop\u00f3sito foi identificar os h\u00e1bitos e comportamentos dos brasileiros durante a quarentena, e o que ser\u00e1 tend\u00eancia daqui pra frente.<\/p><cite>Luca Bon &#8211; Diretor-Geral da Toluna para Am\u00e9rica Latina.<\/cite><\/blockquote>\n\n\n\n<h2 class=\"wp-block-heading\">Altera\u00e7\u00e3o de h\u00e1bitos durante a pandemia<\/h2>\n\n\n\n<p>O estudo tamb\u00e9m coletou dados sobre novas pr\u00e1ticas e tend\u00eancias durante este per\u00edodo de pandemia. O consumo de alguns alimentos, como arroz + feij\u00e3o + frutas + ovos + congelados aumentou, assim como o de medicamentos como vitamina C + antigripais.<\/p>\n\n\n\n<p>No quesito trabalho, 26% dos entrevistados est\u00e3o em home office per\u00edodo normal, enquanto 12% est\u00e3o em home office com jornada reduzida. No entanto, 12,2% j\u00e1 estavam desempregados antes da pandemia, e 10,6% s\u00e3o aut\u00f4nomos &#8211; e por isso est\u00e3o sem receber.<\/p>\n\n\n\n<p>A preven\u00e7\u00e3o contra o coronav\u00edrus tamb\u00e9m foi medida pelo estudo. Nesse quesito, 95% das pessoas afirmaram ter comprado algum item de prote\u00e7\u00e3o; como desinfetante para as m\u00e3os + \u00e1lcool em gel + m\u00e1scara de tecido reutiliz\u00e1vel + desinfetante para ambientes. <\/p>\n\n\n\n<p>Enquanto isso, 87% dos respondentes se consideram muito ou extremamente preocupados com a pandemia; e os que se preocupam igualmente com o impacto \u00e0 sa\u00fade e \u00e0 economia s\u00e3o 62%. Consequentemente, 97% dos entrevistados praticam o isolamento social &#8211; sendo 55% totalmente e 42% parcialmente, justificado por quest\u00f5es como trabalho.<\/p>\n\n\n\n<h3 class=\"wp-block-heading\" style=\"text-align:center\">Confira o <a href=\"https:\/\/www.toluna-analytics.com\/sharedLink.do?shlp=nDIGr1sZ1GaG9mW5GU4xiWfTy%2FVBI8pbVOZAcIiddJUL36X33BgzVeTzlQbDUNRUDj6mSi8vJOSV8fQmeaGZOY5galleei%2BKMa9yCwUArjngUY%2BfmOyBqHnLM%2BajUzbk%2FmAHK9Kq%2FsOrsEvccD%2BaqniMjPtknfjECnLFDjnV5uja6bK1VuK4NBodCd2eGW%2Fi9GJM1e8yF9IPH3STh7ms%2Fg%3D%3D&amp;erid=TQS_PROD_1694701&amp;cid=3&amp;shlid=459208\" target=\"_blank\" rel=\"noreferrer noopener\" aria-label=\"estudo completo (opens in a new tab)\">estudo completo<\/a><\/h3>\n","protected":false},"excerpt":{"rendered":"<p>Estudo prev\u00ea tend\u00eancias no comportamento dos brasileiros ap\u00f3s a pandemia A pandemia de Covid-19 impactou profundamente a rotina de indiv\u00edduos em todo o mundo. No Brasil, especificamente, novos h\u00e1bitos foram institu\u00eddos, enquanto pr\u00e1ticas at\u00e9 ent\u00e3o recorrentes foram abandonadas. Nesse contexto, um estudo in\u00e9dito identificou quais foram essas mudan\u00e7as &#8211; e como deve ser a vida [&hellip;]<\/p>\n","protected":false},"author":6,"featured_media":33763,"comment_status":"open","ping_status":"open","sticky":false,"template":"","format":"standard","meta":{"footnotes":""},"categories":[969,884,226,7],"tags":[4142,4008,4145,247],"class_list":["post-33487","post","type-post","status-publish","format-standard","has-post-thumbnail","hentry","category-acontece-no-turismo","category-comece-a-viajar","category-destaque","category-dicas","tag-apos-a-pandemia","tag-coronavirus","tag-pandemia","tag-seguranca"],"yoast_head":"<!-- This site is optimized with the Yoast SEO plugin v26.2 - https:\/\/yoast.com\/wordpress\/plugins\/seo\/ -->\n<title>A vida ap\u00f3s a quarentena = como ser\u00e1 o novo normal? - Travel3<\/title>\n<meta name=\"description\" content=\"A vida ap\u00f3s a quarentena: como ser\u00e1 o novo normal; estudo prev\u00ea tend\u00eancias no comportamento dos brasileiros ap\u00f3s a pandemia\" \/>\n<meta name=\"robots\" content=\"index, follow, max-snippet:-1, max-image-preview:large, max-video-preview:-1\" \/>\n<link rel=\"canonical\" href=\"https:\/\/www.travel3.com.br\/site\/acontece-no-turismo\/a-vida-apos-a-quarentena-como-sera-o-novo-normal\/\" \/>\n<meta property=\"og:locale\" content=\"pt_BR\" \/>\n<meta property=\"og:type\" content=\"article\" \/>\n<meta property=\"og:title\" content=\"A vida ap\u00f3s a quarentena = como ser\u00e1 o novo normal? - Travel3\" \/>\n<meta property=\"og:description\" content=\"A vida ap\u00f3s a quarentena: como ser\u00e1 o novo normal; estudo prev\u00ea tend\u00eancias no comportamento dos brasileiros ap\u00f3s a pandemia\" \/>\n<meta property=\"og:url\" content=\"https:\/\/www.travel3.com.br\/site\/acontece-no-turismo\/a-vida-apos-a-quarentena-como-sera-o-novo-normal\/\" \/>\n<meta property=\"og:site_name\" content=\"Travel3\" \/>\n<meta property=\"article:publisher\" content=\"https:\/\/www.facebook.com\/travel3media\/\" \/>\n<meta property=\"article:published_time\" content=\"2020-06-03T13:00:29+00:00\" \/>\n<meta property=\"og:image\" content=\"https:\/\/www.travel3.com.br\/site\/wp-content\/uploads\/2020\/06\/medicine-5103043_1920.jpg\" \/>\n\t<meta property=\"og:image:width\" content=\"1920\" \/>\n\t<meta property=\"og:image:height\" content=\"1280\" \/>\n\t<meta property=\"og:image:type\" content=\"image\/jpeg\" \/>\n<meta name=\"author\" content=\"Reda\u00e7\u00e3o Travel3\" \/>\n<meta name=\"twitter:card\" content=\"summary_large_image\" \/>\n<meta name=\"twitter:label1\" content=\"Escrito por\" \/>\n\t<meta name=\"twitter:data1\" content=\"Reda\u00e7\u00e3o Travel3\" \/>\n\t<meta name=\"twitter:label2\" content=\"Est. tempo de leitura\" \/>\n\t<meta name=\"twitter:data2\" content=\"3 minutos\" \/>\n<script type=\"application\/ld+json\" class=\"yoast-schema-graph\">{\"@context\":\"https:\/\/schema.org\",\"@graph\":[{\"@type\":\"Article\",\"@id\":\"https:\/\/www.travel3.com.br\/site\/acontece-no-turismo\/a-vida-apos-a-quarentena-como-sera-o-novo-normal\/#article\",\"isPartOf\":{\"@id\":\"https:\/\/www.travel3.com.br\/site\/acontece-no-turismo\/a-vida-apos-a-quarentena-como-sera-o-novo-normal\/\"},\"author\":{\"name\":\"Reda\u00e7\u00e3o Travel3\",\"@id\":\"https:\/\/www.travel3.com.br\/site\/#\/schema\/person\/9cff8daac0a2f1aa0799f827b8aa8308\"},\"headline\":\"A vida ap\u00f3s a quarentena = como ser\u00e1 o novo normal?\",\"datePublished\":\"2020-06-03T13:00:29+00:00\",\"mainEntityOfPage\":{\"@id\":\"https:\/\/www.travel3.com.br\/site\/acontece-no-turismo\/a-vida-apos-a-quarentena-como-sera-o-novo-normal\/\"},\"wordCount\":559,\"commentCount\":0,\"publisher\":{\"@id\":\"https:\/\/www.travel3.com.br\/site\/#organization\"},\"image\":{\"@id\":\"https:\/\/www.travel3.com.br\/site\/acontece-no-turismo\/a-vida-apos-a-quarentena-como-sera-o-novo-normal\/#primaryimage\"},\"thumbnailUrl\":\"https:\/\/www.travel3.com.br\/site\/wp-content\/uploads\/2020\/06\/medicine-5103043_1920.jpg\",\"keywords\":[\"Ap\u00f3s a pandemia\",\"Coronav\u00edrus\",\"Pandemia\",\"seguran\u00e7a\"],\"articleSection\":[\"Acontece no Turismo\",\"Comece a Viajar\",\"Destaque\",\"Dicas\"],\"inLanguage\":\"pt-BR\",\"potentialAction\":[{\"@type\":\"CommentAction\",\"name\":\"Comment\",\"target\":[\"https:\/\/www.travel3.com.br\/site\/acontece-no-turismo\/a-vida-apos-a-quarentena-como-sera-o-novo-normal\/#respond\"]}]},{\"@type\":\"WebPage\",\"@id\":\"https:\/\/www.travel3.com.br\/site\/acontece-no-turismo\/a-vida-apos-a-quarentena-como-sera-o-novo-normal\/\",\"url\":\"https:\/\/www.travel3.com.br\/site\/acontece-no-turismo\/a-vida-apos-a-quarentena-como-sera-o-novo-normal\/\",\"name\":\"A vida ap\u00f3s a quarentena = como ser\u00e1 o novo normal? - Travel3\",\"isPartOf\":{\"@id\":\"https:\/\/www.travel3.com.br\/site\/#website\"},\"primaryImageOfPage\":{\"@id\":\"https:\/\/www.travel3.com.br\/site\/acontece-no-turismo\/a-vida-apos-a-quarentena-como-sera-o-novo-normal\/#primaryimage\"},\"image\":{\"@id\":\"https:\/\/www.travel3.com.br\/site\/acontece-no-turismo\/a-vida-apos-a-quarentena-como-sera-o-novo-normal\/#primaryimage\"},\"thumbnailUrl\":\"https:\/\/www.travel3.com.br\/site\/wp-content\/uploads\/2020\/06\/medicine-5103043_1920.jpg\",\"datePublished\":\"2020-06-03T13:00:29+00:00\",\"description\":\"A vida ap\u00f3s a quarentena: como ser\u00e1 o novo normal; estudo prev\u00ea tend\u00eancias no comportamento dos brasileiros ap\u00f3s a pandemia\",\"breadcrumb\":{\"@id\":\"https:\/\/www.travel3.com.br\/site\/acontece-no-turismo\/a-vida-apos-a-quarentena-como-sera-o-novo-normal\/#breadcrumb\"},\"inLanguage\":\"pt-BR\",\"potentialAction\":[{\"@type\":\"ReadAction\",\"target\":[\"https:\/\/www.travel3.com.br\/site\/acontece-no-turismo\/a-vida-apos-a-quarentena-como-sera-o-novo-normal\/\"]}]},{\"@type\":\"ImageObject\",\"inLanguage\":\"pt-BR\",\"@id\":\"https:\/\/www.travel3.com.br\/site\/acontece-no-turismo\/a-vida-apos-a-quarentena-como-sera-o-novo-normal\/#primaryimage\",\"url\":\"https:\/\/www.travel3.com.br\/site\/wp-content\/uploads\/2020\/06\/medicine-5103043_1920.jpg\",\"contentUrl\":\"https:\/\/www.travel3.com.br\/site\/wp-content\/uploads\/2020\/06\/medicine-5103043_1920.jpg\",\"width\":1920,\"height\":1280,\"caption\":\"(Foto: Divulga\u00e7\u00e3o)\"},{\"@type\":\"BreadcrumbList\",\"@id\":\"https:\/\/www.travel3.com.br\/site\/acontece-no-turismo\/a-vida-apos-a-quarentena-como-sera-o-novo-normal\/#breadcrumb\",\"itemListElement\":[{\"@type\":\"ListItem\",\"position\":1,\"name\":\"In\u00edcio\",\"item\":\"https:\/\/www.travel3.com.br\/site\/\"},{\"@type\":\"ListItem\",\"position\":2,\"name\":\"A vida ap\u00f3s a quarentena = como ser\u00e1 o novo normal?\"}]},{\"@type\":\"WebSite\",\"@id\":\"https:\/\/www.travel3.com.br\/site\/#website\",\"url\":\"https:\/\/www.travel3.com.br\/site\/\",\"name\":\"Travel3\",\"description\":\"Lazer + Neg&oacute;cios + Aventura\",\"publisher\":{\"@id\":\"https:\/\/www.travel3.com.br\/site\/#organization\"},\"potentialAction\":[{\"@type\":\"SearchAction\",\"target\":{\"@type\":\"EntryPoint\",\"urlTemplate\":\"https:\/\/www.travel3.com.br\/site\/?s={search_term_string}\"},\"query-input\":{\"@type\":\"PropertyValueSpecification\",\"valueRequired\":true,\"valueName\":\"search_term_string\"}}],\"inLanguage\":\"pt-BR\"},{\"@type\":\"Organization\",\"@id\":\"https:\/\/www.travel3.com.br\/site\/#organization\",\"name\":\"Travel3\",\"url\":\"https:\/\/www.travel3.com.br\/site\/\",\"logo\":{\"@type\":\"ImageObject\",\"inLanguage\":\"pt-BR\",\"@id\":\"https:\/\/www.travel3.com.br\/site\/#\/schema\/logo\/image\/\",\"url\":\"https:\/\/www.travel3.com.br\/site\/wp-content\/uploads\/2020\/01\/logo-travel3-2020.png\",\"contentUrl\":\"https:\/\/www.travel3.com.br\/site\/wp-content\/uploads\/2020\/01\/logo-travel3-2020.png\",\"width\":232,\"height\":79,\"caption\":\"Travel3\"},\"image\":{\"@id\":\"https:\/\/www.travel3.com.br\/site\/#\/schema\/logo\/image\/\"},\"sameAs\":[\"https:\/\/www.facebook.com\/travel3media\/\",\"https:\/\/www.instagram.com\/revistatravel3\/\",\"https:\/\/www.youtube.com\/channel\/UCno7J4paGBR3VbZQzvoJ9Eg\"]},{\"@type\":\"Person\",\"@id\":\"https:\/\/www.travel3.com.br\/site\/#\/schema\/person\/9cff8daac0a2f1aa0799f827b8aa8308\",\"name\":\"Reda\u00e7\u00e3o Travel3\",\"image\":{\"@type\":\"ImageObject\",\"inLanguage\":\"pt-BR\",\"@id\":\"https:\/\/www.travel3.com.br\/site\/#\/schema\/person\/image\/\",\"url\":\"https:\/\/secure.gravatar.com\/avatar\/6e6125525e1f04b7b8c607d71556e490?s=96&d=mm&r=g\",\"contentUrl\":\"https:\/\/secure.gravatar.com\/avatar\/6e6125525e1f04b7b8c607d71556e490?s=96&d=mm&r=g\",\"caption\":\"Reda\u00e7\u00e3o Travel3\"},\"sameAs\":[\"http:\/\/www.travel3.com.br\"],\"url\":\"https:\/\/www.travel3.com.br\/site\/author\/redacao2\/\"}]}<\/script>\n<!-- \/ Yoast SEO plugin. -->","yoast_head_json":{"title":"A vida ap\u00f3s a quarentena = como ser\u00e1 o novo normal? - Travel3","description":"A vida ap\u00f3s a quarentena: como ser\u00e1 o novo normal; estudo prev\u00ea tend\u00eancias no comportamento dos brasileiros ap\u00f3s a pandemia","robots":{"index":"index","follow":"follow","max-snippet":"max-snippet:-1","max-image-preview":"max-image-preview:large","max-video-preview":"max-video-preview:-1"},"canonical":"https:\/\/www.travel3.com.br\/site\/acontece-no-turismo\/a-vida-apos-a-quarentena-como-sera-o-novo-normal\/","og_locale":"pt_BR","og_type":"article","og_title":"A vida ap\u00f3s a quarentena = como ser\u00e1 o novo normal? - Travel3","og_description":"A vida ap\u00f3s a quarentena: como ser\u00e1 o novo normal; estudo prev\u00ea tend\u00eancias no comportamento dos brasileiros ap\u00f3s a pandemia","og_url":"https:\/\/www.travel3.com.br\/site\/acontece-no-turismo\/a-vida-apos-a-quarentena-como-sera-o-novo-normal\/","og_site_name":"Travel3","article_publisher":"https:\/\/www.facebook.com\/travel3media\/","article_published_time":"2020-06-03T13:00:29+00:00","og_image":[{"width":1920,"height":1280,"url":"https:\/\/www.travel3.com.br\/site\/wp-content\/uploads\/2020\/06\/medicine-5103043_1920.jpg","type":"image\/jpeg"}],"author":"Reda\u00e7\u00e3o Travel3","twitter_card":"summary_large_image","twitter_misc":{"Escrito por":"Reda\u00e7\u00e3o Travel3","Est. tempo de leitura":"3 minutos"},"schema":{"@context":"https:\/\/schema.org","@graph":[{"@type":"Article","@id":"https:\/\/www.travel3.com.br\/site\/acontece-no-turismo\/a-vida-apos-a-quarentena-como-sera-o-novo-normal\/#article","isPartOf":{"@id":"https:\/\/www.travel3.com.br\/site\/acontece-no-turismo\/a-vida-apos-a-quarentena-como-sera-o-novo-normal\/"},"author":{"name":"Reda\u00e7\u00e3o Travel3","@id":"https:\/\/www.travel3.com.br\/site\/#\/schema\/person\/9cff8daac0a2f1aa0799f827b8aa8308"},"headline":"A vida ap\u00f3s a quarentena = como ser\u00e1 o novo normal?","datePublished":"2020-06-03T13:00:29+00:00","mainEntityOfPage":{"@id":"https:\/\/www.travel3.com.br\/site\/acontece-no-turismo\/a-vida-apos-a-quarentena-como-sera-o-novo-normal\/"},"wordCount":559,"commentCount":0,"publisher":{"@id":"https:\/\/www.travel3.com.br\/site\/#organization"},"image":{"@id":"https:\/\/www.travel3.com.br\/site\/acontece-no-turismo\/a-vida-apos-a-quarentena-como-sera-o-novo-normal\/#primaryimage"},"thumbnailUrl":"https:\/\/www.travel3.com.br\/site\/wp-content\/uploads\/2020\/06\/medicine-5103043_1920.jpg","keywords":["Ap\u00f3s a pandemia","Coronav\u00edrus","Pandemia","seguran\u00e7a"],"articleSection":["Acontece no Turismo","Comece a Viajar","Destaque","Dicas"],"inLanguage":"pt-BR","potentialAction":[{"@type":"CommentAction","name":"Comment","target":["https:\/\/www.travel3.com.br\/site\/acontece-no-turismo\/a-vida-apos-a-quarentena-como-sera-o-novo-normal\/#respond"]}]},{"@type":"WebPage","@id":"https:\/\/www.travel3.com.br\/site\/acontece-no-turismo\/a-vida-apos-a-quarentena-como-sera-o-novo-normal\/","url":"https:\/\/www.travel3.com.br\/site\/acontece-no-turismo\/a-vida-apos-a-quarentena-como-sera-o-novo-normal\/","name":"A vida ap\u00f3s a quarentena = como ser\u00e1 o novo normal? - Travel3","isPartOf":{"@id":"https:\/\/www.travel3.com.br\/site\/#website"},"primaryImageOfPage":{"@id":"https:\/\/www.travel3.com.br\/site\/acontece-no-turismo\/a-vida-apos-a-quarentena-como-sera-o-novo-normal\/#primaryimage"},"image":{"@id":"https:\/\/www.travel3.com.br\/site\/acontece-no-turismo\/a-vida-apos-a-quarentena-como-sera-o-novo-normal\/#primaryimage"},"thumbnailUrl":"https:\/\/www.travel3.com.br\/site\/wp-content\/uploads\/2020\/06\/medicine-5103043_1920.jpg","datePublished":"2020-06-03T13:00:29+00:00","description":"A vida ap\u00f3s a quarentena: como ser\u00e1 o novo normal; estudo prev\u00ea tend\u00eancias no comportamento dos brasileiros ap\u00f3s a pandemia","breadcrumb":{"@id":"https:\/\/www.travel3.com.br\/site\/acontece-no-turismo\/a-vida-apos-a-quarentena-como-sera-o-novo-normal\/#breadcrumb"},"inLanguage":"pt-BR","potentialAction":[{"@type":"ReadAction","target":["https:\/\/www.travel3.com.br\/site\/acontece-no-turismo\/a-vida-apos-a-quarentena-como-sera-o-novo-normal\/"]}]},{"@type":"ImageObject","inLanguage":"pt-BR","@id":"https:\/\/www.travel3.com.br\/site\/acontece-no-turismo\/a-vida-apos-a-quarentena-como-sera-o-novo-normal\/#primaryimage","url":"https:\/\/www.travel3.com.br\/site\/wp-content\/uploads\/2020\/06\/medicine-5103043_1920.jpg","contentUrl":"https:\/\/www.travel3.com.br\/site\/wp-content\/uploads\/2020\/06\/medicine-5103043_1920.jpg","width":1920,"height":1280,"caption":"(Foto: Divulga\u00e7\u00e3o)"},{"@type":"BreadcrumbList","@id":"https:\/\/www.travel3.com.br\/site\/acontece-no-turismo\/a-vida-apos-a-quarentena-como-sera-o-novo-normal\/#breadcrumb","itemListElement":[{"@type":"ListItem","position":1,"name":"In\u00edcio","item":"https:\/\/www.travel3.com.br\/site\/"},{"@type":"ListItem","position":2,"name":"A vida ap\u00f3s a quarentena = como ser\u00e1 o novo normal?"}]},{"@type":"WebSite","@id":"https:\/\/www.travel3.com.br\/site\/#website","url":"https:\/\/www.travel3.com.br\/site\/","name":"Travel3","description":"Lazer + Neg&oacute;cios + Aventura","publisher":{"@id":"https:\/\/www.travel3.com.br\/site\/#organization"},"potentialAction":[{"@type":"SearchAction","target":{"@type":"EntryPoint","urlTemplate":"https:\/\/www.travel3.com.br\/site\/?s={search_term_string}"},"query-input":{"@type":"PropertyValueSpecification","valueRequired":true,"valueName":"search_term_string"}}],"inLanguage":"pt-BR"},{"@type":"Organization","@id":"https:\/\/www.travel3.com.br\/site\/#organization","name":"Travel3","url":"https:\/\/www.travel3.com.br\/site\/","logo":{"@type":"ImageObject","inLanguage":"pt-BR","@id":"https:\/\/www.travel3.com.br\/site\/#\/schema\/logo\/image\/","url":"https:\/\/www.travel3.com.br\/site\/wp-content\/uploads\/2020\/01\/logo-travel3-2020.png","contentUrl":"https:\/\/www.travel3.com.br\/site\/wp-content\/uploads\/2020\/01\/logo-travel3-2020.png","width":232,"height":79,"caption":"Travel3"},"image":{"@id":"https:\/\/www.travel3.com.br\/site\/#\/schema\/logo\/image\/"},"sameAs":["https:\/\/www.facebook.com\/travel3media\/","https:\/\/www.instagram.com\/revistatravel3\/","https:\/\/www.youtube.com\/channel\/UCno7J4paGBR3VbZQzvoJ9Eg"]},{"@type":"Person","@id":"https:\/\/www.travel3.com.br\/site\/#\/schema\/person\/9cff8daac0a2f1aa0799f827b8aa8308","name":"Reda\u00e7\u00e3o Travel3","image":{"@type":"ImageObject","inLanguage":"pt-BR","@id":"https:\/\/www.travel3.com.br\/site\/#\/schema\/person\/image\/","url":"https:\/\/secure.gravatar.com\/avatar\/6e6125525e1f04b7b8c607d71556e490?s=96&d=mm&r=g","contentUrl":"https:\/\/secure.gravatar.com\/avatar\/6e6125525e1f04b7b8c607d71556e490?s=96&d=mm&r=g","caption":"Reda\u00e7\u00e3o Travel3"},"sameAs":["http:\/\/www.travel3.com.br"],"url":"https:\/\/www.travel3.com.br\/site\/author\/redacao2\/"}]}},"_links":{"self":[{"href":"https:\/\/www.travel3.com.br\/site\/wp-json\/wp\/v2\/posts\/33487","targetHints":{"allow":["GET"]}}],"collection":[{"href":"https:\/\/www.travel3.com.br\/site\/wp-json\/wp\/v2\/posts"}],"about":[{"href":"https:\/\/www.travel3.com.br\/site\/wp-json\/wp\/v2\/types\/post"}],"author":[{"embeddable":true,"href":"https:\/\/www.travel3.com.br\/site\/wp-json\/wp\/v2\/users\/6"}],"replies":[{"embeddable":true,"href":"https:\/\/www.travel3.com.br\/site\/wp-json\/wp\/v2\/comments?post=33487"}],"version-history":[{"count":3,"href":"https:\/\/www.travel3.com.br\/site\/wp-json\/wp\/v2\/posts\/33487\/revisions"}],"predecessor-version":[{"id":33764,"href":"https:\/\/www.travel3.com.br\/site\/wp-json\/wp\/v2\/posts\/33487\/revisions\/33764"}],"wp:featuredmedia":[{"embeddable":true,"href":"https:\/\/www.travel3.com.br\/site\/wp-json\/wp\/v2\/media\/33763"}],"wp:attachment":[{"href":"https:\/\/www.travel3.com.br\/site\/wp-json\/wp\/v2\/media?parent=33487"}],"wp:term":[{"taxonomy":"category","embeddable":true,"href":"https:\/\/www.travel3.com.br\/site\/wp-json\/wp\/v2\/categories?post=33487"},{"taxonomy":"post_tag","embeddable":true,"href":"https:\/\/www.travel3.com.br\/site\/wp-json\/wp\/v2\/tags?post=33487"}],"curies":[{"name":"wp","href":"https:\/\/api.w.org\/{rel}","templated":true}]}}