{"id":3346,"date":"2017-08-25T13:27:25","date_gmt":"2017-08-25T13:27:25","guid":{"rendered":"http:\/\/www.travel3.com.br\/site\/ir-e-vir\/ar\/aviao-que-transportava-chapecoense-sofre-queda-na-colombia\/"},"modified":"2017-09-12T18:17:34","modified_gmt":"2017-09-12T18:17:34","slug":"aviao-que-transportava-chapecoense-sofre-queda-na-colombia","status":"publish","type":"post","link":"https:\/\/www.travel3.com.br\/site\/sem-categoria\/aviao-que-transportava-chapecoense-sofre-queda-na-colombia\/","title":{"rendered":"AVI\u00c3O QUE TRANSPORTAVA CHAPECOENSE SOFRE QUEDA NA COL\u00d4MBIA"},"content":{"rendered":"<p><span style=\"color: #40acad; font-family: -apple-system, system-ui, 'Segoe UI', Roboto, Oxygen-Sans, Ubuntu, Cantarell, 'Helvetica Neue', sans-serif; font-size: 12px; font-weight: bold;\"><\/p>\n<p style=\"text-align:justify\">O avi\u00e3o\u00a0 que transportava a delega\u00e7\u00e3o da Chapecoense sofreu um acidente na Col\u00f4mbia, na noite passada, por volta das 21h33min (hor\u00e1rio local). O aeroporto Jos\u00e9 Mar\u00eda C\u00f3rdova, de Medell\u00edn, confirmou a queda da aeronave que transportava 72 passageiros e nove tripulantes.<\/p>\n<p style=\"text-align:justify\"><a class=\"fancybox-media\" href=\"..\/_uploads\/_noticia\/2016-11\/chapecoensedentrodoaviao--2-.jpeg\" rel=\"portfolio\"><img decoding=\"async\" alt=\"\" src=\"..\/_uploads\/_noticia\/2016-11\/chapecoensedentrodoaviao--2-.jpeg\" \/><\/a><\/p>\n<p style=\"text-align:justify\">A delega\u00e7\u00e3o da Chapecoense voava para Medellin procedente de S\u00e3o Paulo, onde disputou\u00a0 no domingo, jogo pelo campeonato brasileiro diante do Palmeiras. Na Colombia faria \u00a0nesta quarta, a primeira partida contra o Atletico Nacional pela decis\u00e3o da Ta\u00e7a Sul-Americana.\u00a0 O segundo jogo, estava agendado \u00a0para Curitiba, no dia 7 de dezembro.<\/p>\n<p style=\"text-align:justify\">A Chapecoense teve que mudar seus planos na viagem programada para a Colombia. O voo fretado que o contratou para levar a equipe a Medell\u00edn, n\u00e3o foi autorizado pela Ag\u00eancia Nacional de Avia\u00e7\u00e3o Civil (Anac)<\/p>\n<p style=\"text-align:start\">Segundo o entendimento da\u00a0 ag\u00eancia, o voo deveria ser feito por uma empresa brasileira ou colombiana, e a empresa contratada pela Chapecoense \u00e9 venezuelana.\u00a0 A solu\u00e7\u00e3o foi um voo comercial da Lamia Corporation (empresa boliviana), com escala e conex\u00e3o na Bolivia. Assim, a sa\u00edda do time de Guarulhos (SP) q marcada para as 13h da segunda-feira passou para as 15h15min.<\/p>\n<p style=\"text-align:justify\">O acidente ocorreu quando o avi\u00e3o \u2013 matricula CP 2933 \u2013 aproximava-se do aeroporto e a queda teria ocorrido nos arredores de La Union, em um local denominado Cerro Gordo, \u00e1rea montanhosa.<\/p>\n<p style=\"text-align:justify\">O diretor do Departamento Administrativo do Sistema de Preven\u00e7\u00e3o, Aten\u00e7\u00e3o e Recupera\u00e7\u00e3o de Desastres (Dapard) do departamento de Antioquia, onde se situa o aeroporto de Medellin, Mauricio Parodi, acrescentou que o avi\u00e3o tinha sa\u00eddo do aeroporto Viru Viru, de Santa Cruz de la Sierra, na Bol\u00edvia, onde tinha feito uma escala t\u00e9cnica.<\/p>\n<p style=\"text-align:justify\">Houve atraso na chegada que estava programada para o inicio da noite.\u00a0 A Aerocivil, entidade que \u00e9 respons\u00e1vel pela avia\u00e7\u00e3o na Colombia, emitiu um primeiro comunicado onde, al\u00e9m de confirmar o acidente com a aeronave e que estariam sendo realizados os procedimentos de translados dos feridos &#8211; sem dizer quantos -. Devido \u00e0s dificuldades de acesso pelo terreno agreste e condi\u00e7\u00f5es clim\u00e1ticas, a chegada dos veiculos de resgate est\u00e1 sendo problem\u00e1tica.<\/p>\n<p style=\"text-align:justify\">O sinistro foi confirmado com a queda do avi\u00e3o que teve problemas el\u00e9tricos, e pelos relatos transmitidos, 6 feridos est\u00e3o entre os sobreviventes.<\/p>\n<p style=\"text-align:justify\">Duas v\u00edtimas fatais j\u00e1 teriam sido constatadas pelos bombeiros que participam da opera\u00e7\u00e3o de resgate.<\/p>\n<p style=\"text-align:justify\">Os primeiros feridos resgatados come\u00e7aram a chegar aos hospitais de Anti\u00f3quia, entre eles dois dos jogadores do elenco, um deles o goleiro Danilo. Uma equipe de tv que estava a bordo tamb\u00e9m estaria entre os que est\u00e3o sendo levados para atendimento.<\/p>\n<p style=\"text-align:justify\">A dire\u00e7\u00e3o da Conmebol j\u00e1 decidiu pela suspens\u00e3o do primeiro jogo marcado para a noite de amanh\u00e3. O presidente da entidade est\u00e1 se deslocando para Medellin onde adotar\u00e1 as provid\u00eancias relacionadas, al\u00e9m de tamb\u00e9m colaborar na assist\u00eancia para a delega\u00e7\u00e3o da equipe brasileira.<\/p>\n<p style=\"text-align:justify\"><em>(*) atualizado \u00e0s 05h15<\/em><\/p>\n<div class=\"mh-content-ad\" style=\"margin: 0px 20px 10px 0px; padding: 0px; border: 0px; font-style: normal; font-variant-ligatures: normal; font-variant-caps: normal; font-variant-numeric: inherit; font-weight: normal; font-stretch: inherit; font-size: 14px; line-height: inherit; font-family: Lato, sans-serif; vertical-align: baseline; float: left; max-width: 100%; color: rgb(0, 0, 0); letter-spacing: normal; orphans: 2; text-align: start; text-indent: 0px; text-transform: none; white-space: normal; widows: 2; word-spacing: 0px; -webkit-text-stroke-width: 0px; background-color: rgb(255, 255, 255);\">\n<div id=\"div-gpt-ad-1430142466225-1\" style=\"margin: 0px; padding: 0px; border: 0px; font-style: inherit; font-variant: inherit; font-weight: inherit; font-stretch: inherit; font-size: inherit; line-height: inherit; font-family: inherit; vertical-align: baseline; width: 300px; height: 250px; background: url(\">\n<div id=\"google_ads_iframe_\/17359792\/inRead1_0__container__\" style=\"margin: 0px; padding: 0px; border: 0pt none; font-style: inherit; font-variant: inherit; font-weight: inherit; font-stretch: inherit; font-size: inherit; line-height: inherit; font-family: inherit; vertical-align: baseline;\">\u00a0<\/div>\n<\/div>\n<\/div>\n<p>\u00a0<\/p>\n<p><\/span><\/p>\n","protected":false},"excerpt":{"rendered":"<p>Delega\u00e7\u00e3o do clube catarinense realizava voo para disputar a final da Ta\u00e7a Sul-Americana<\/p>\n","protected":false},"author":1,"featured_media":0,"comment_status":"open","ping_status":"open","sticky":false,"template":"","format":"standard","meta":{"footnotes":""},"categories":[],"tags":[],"class_list":["post-3346","post","type-post","status-publish","format-standard","hentry"],"yoast_head":"<!-- This site is optimized with the Yoast SEO plugin v26.2 - https:\/\/yoast.com\/wordpress\/plugins\/seo\/ -->\n<title>AVI\u00c3O QUE TRANSPORTAVA CHAPECOENSE SOFRE QUEDA NA COL\u00d4MBIA - Travel3<\/title>\n<meta name=\"description\" content=\"A TRAVEL3 \u00e9 um portal de conte\u00fado voltado para o turismo, encontre destinos, viagens, hospedagem, passagens, guias, not\u00edcias sobre o mercado do turismo, dicas de viagem, v\u00eddeos e podcast.\" \/>\n<meta name=\"robots\" content=\"index, follow, max-snippet:-1, max-image-preview:large, max-video-preview:-1\" \/>\n<link rel=\"canonical\" href=\"https:\/\/www.travel3.com.br\/site\/sem-categoria\/aviao-que-transportava-chapecoense-sofre-queda-na-colombia\/\" \/>\n<meta property=\"og:locale\" content=\"pt_BR\" \/>\n<meta property=\"og:type\" content=\"article\" \/>\n<meta property=\"og:title\" content=\"AVI\u00c3O QUE TRANSPORTAVA CHAPECOENSE SOFRE QUEDA NA COL\u00d4MBIA - Travel3\" \/>\n<meta property=\"og:description\" content=\"A TRAVEL3 \u00e9 um portal de conte\u00fado voltado para o turismo, encontre destinos, viagens, hospedagem, passagens, guias, not\u00edcias sobre o mercado do turismo, dicas de viagem, v\u00eddeos e podcast.\" \/>\n<meta property=\"og:url\" content=\"https:\/\/www.travel3.com.br\/site\/sem-categoria\/aviao-que-transportava-chapecoense-sofre-queda-na-colombia\/\" \/>\n<meta property=\"og:site_name\" content=\"Travel3\" \/>\n<meta property=\"article:publisher\" content=\"https:\/\/www.facebook.com\/travel3media\/\" \/>\n<meta property=\"article:published_time\" content=\"2017-08-25T13:27:25+00:00\" \/>\n<meta property=\"article:modified_time\" content=\"2017-09-12T18:17:34+00:00\" \/>\n<meta name=\"author\" content=\"admin\" \/>\n<meta name=\"twitter:card\" content=\"summary_large_image\" \/>\n<meta name=\"twitter:label1\" content=\"Escrito por\" \/>\n\t<meta name=\"twitter:data1\" content=\"admin\" \/>\n\t<meta name=\"twitter:label2\" content=\"Est. tempo de leitura\" \/>\n\t<meta name=\"twitter:data2\" content=\"3 minutos\" \/>\n<script type=\"application\/ld+json\" class=\"yoast-schema-graph\">{\"@context\":\"https:\/\/schema.org\",\"@graph\":[{\"@type\":\"Article\",\"@id\":\"https:\/\/www.travel3.com.br\/site\/sem-categoria\/aviao-que-transportava-chapecoense-sofre-queda-na-colombia\/#article\",\"isPartOf\":{\"@id\":\"https:\/\/www.travel3.com.br\/site\/sem-categoria\/aviao-que-transportava-chapecoense-sofre-queda-na-colombia\/\"},\"author\":{\"name\":\"admin\",\"@id\":\"https:\/\/www.travel3.com.br\/site\/#\/schema\/person\/a69d71e41a024999b6ab82369ac0bd1e\"},\"headline\":\"AVI\u00c3O QUE TRANSPORTAVA CHAPECOENSE SOFRE QUEDA NA COL\u00d4MBIA\",\"datePublished\":\"2017-08-25T13:27:25+00:00\",\"dateModified\":\"2017-09-12T18:17:34+00:00\",\"mainEntityOfPage\":{\"@id\":\"https:\/\/www.travel3.com.br\/site\/sem-categoria\/aviao-que-transportava-chapecoense-sofre-queda-na-colombia\/\"},\"wordCount\":520,\"commentCount\":0,\"publisher\":{\"@id\":\"https:\/\/www.travel3.com.br\/site\/#organization\"},\"inLanguage\":\"pt-BR\",\"potentialAction\":[{\"@type\":\"CommentAction\",\"name\":\"Comment\",\"target\":[\"https:\/\/www.travel3.com.br\/site\/sem-categoria\/aviao-que-transportava-chapecoense-sofre-queda-na-colombia\/#respond\"]}]},{\"@type\":\"WebPage\",\"@id\":\"https:\/\/www.travel3.com.br\/site\/sem-categoria\/aviao-que-transportava-chapecoense-sofre-queda-na-colombia\/\",\"url\":\"https:\/\/www.travel3.com.br\/site\/sem-categoria\/aviao-que-transportava-chapecoense-sofre-queda-na-colombia\/\",\"name\":\"AVI\u00c3O QUE TRANSPORTAVA CHAPECOENSE SOFRE QUEDA NA COL\u00d4MBIA - Travel3\",\"isPartOf\":{\"@id\":\"https:\/\/www.travel3.com.br\/site\/#website\"},\"datePublished\":\"2017-08-25T13:27:25+00:00\",\"dateModified\":\"2017-09-12T18:17:34+00:00\",\"description\":\"A TRAVEL3 \u00e9 um portal de conte\u00fado voltado para o turismo, encontre destinos, viagens, hospedagem, passagens, guias, not\u00edcias sobre o mercado do turismo, dicas de viagem, v\u00eddeos e podcast.\",\"breadcrumb\":{\"@id\":\"https:\/\/www.travel3.com.br\/site\/sem-categoria\/aviao-que-transportava-chapecoense-sofre-queda-na-colombia\/#breadcrumb\"},\"inLanguage\":\"pt-BR\",\"potentialAction\":[{\"@type\":\"ReadAction\",\"target\":[\"https:\/\/www.travel3.com.br\/site\/sem-categoria\/aviao-que-transportava-chapecoense-sofre-queda-na-colombia\/\"]}]},{\"@type\":\"BreadcrumbList\",\"@id\":\"https:\/\/www.travel3.com.br\/site\/sem-categoria\/aviao-que-transportava-chapecoense-sofre-queda-na-colombia\/#breadcrumb\",\"itemListElement\":[{\"@type\":\"ListItem\",\"position\":1,\"name\":\"In\u00edcio\",\"item\":\"https:\/\/www.travel3.com.br\/site\/\"},{\"@type\":\"ListItem\",\"position\":2,\"name\":\"AVI\u00c3O QUE TRANSPORTAVA CHAPECOENSE SOFRE QUEDA NA COL\u00d4MBIA\"}]},{\"@type\":\"WebSite\",\"@id\":\"https:\/\/www.travel3.com.br\/site\/#website\",\"url\":\"https:\/\/www.travel3.com.br\/site\/\",\"name\":\"Travel3\",\"description\":\"Lazer + Neg&oacute;cios + Aventura\",\"publisher\":{\"@id\":\"https:\/\/www.travel3.com.br\/site\/#organization\"},\"potentialAction\":[{\"@type\":\"SearchAction\",\"target\":{\"@type\":\"EntryPoint\",\"urlTemplate\":\"https:\/\/www.travel3.com.br\/site\/?s={search_term_string}\"},\"query-input\":{\"@type\":\"PropertyValueSpecification\",\"valueRequired\":true,\"valueName\":\"search_term_string\"}}],\"inLanguage\":\"pt-BR\"},{\"@type\":\"Organization\",\"@id\":\"https:\/\/www.travel3.com.br\/site\/#organization\",\"name\":\"Travel3\",\"url\":\"https:\/\/www.travel3.com.br\/site\/\",\"logo\":{\"@type\":\"ImageObject\",\"inLanguage\":\"pt-BR\",\"@id\":\"https:\/\/www.travel3.com.br\/site\/#\/schema\/logo\/image\/\",\"url\":\"https:\/\/www.travel3.com.br\/site\/wp-content\/uploads\/2020\/01\/logo-travel3-2020.png\",\"contentUrl\":\"https:\/\/www.travel3.com.br\/site\/wp-content\/uploads\/2020\/01\/logo-travel3-2020.png\",\"width\":232,\"height\":79,\"caption\":\"Travel3\"},\"image\":{\"@id\":\"https:\/\/www.travel3.com.br\/site\/#\/schema\/logo\/image\/\"},\"sameAs\":[\"https:\/\/www.facebook.com\/travel3media\/\",\"https:\/\/www.instagram.com\/revistatravel3\/\",\"https:\/\/www.youtube.com\/channel\/UCno7J4paGBR3VbZQzvoJ9Eg\"]},{\"@type\":\"Person\",\"@id\":\"https:\/\/www.travel3.com.br\/site\/#\/schema\/person\/a69d71e41a024999b6ab82369ac0bd1e\",\"name\":\"admin\",\"image\":{\"@type\":\"ImageObject\",\"inLanguage\":\"pt-BR\",\"@id\":\"https:\/\/www.travel3.com.br\/site\/#\/schema\/person\/image\/\",\"url\":\"https:\/\/secure.gravatar.com\/avatar\/732a67adfd764da2a47ba10ce731c4c0?s=96&d=mm&r=g\",\"contentUrl\":\"https:\/\/secure.gravatar.com\/avatar\/732a67adfd764da2a47ba10ce731c4c0?s=96&d=mm&r=g\",\"caption\":\"admin\"},\"url\":\"https:\/\/www.travel3.com.br\/site\/author\/admin\/\"}]}<\/script>\n<!-- \/ Yoast SEO plugin. -->","yoast_head_json":{"title":"AVI\u00c3O QUE TRANSPORTAVA CHAPECOENSE SOFRE QUEDA NA COL\u00d4MBIA - Travel3","description":"A TRAVEL3 \u00e9 um portal de conte\u00fado voltado para o turismo, encontre destinos, viagens, hospedagem, passagens, guias, not\u00edcias sobre o mercado do turismo, dicas de viagem, v\u00eddeos e podcast.","robots":{"index":"index","follow":"follow","max-snippet":"max-snippet:-1","max-image-preview":"max-image-preview:large","max-video-preview":"max-video-preview:-1"},"canonical":"https:\/\/www.travel3.com.br\/site\/sem-categoria\/aviao-que-transportava-chapecoense-sofre-queda-na-colombia\/","og_locale":"pt_BR","og_type":"article","og_title":"AVI\u00c3O QUE TRANSPORTAVA CHAPECOENSE SOFRE QUEDA NA COL\u00d4MBIA - Travel3","og_description":"A TRAVEL3 \u00e9 um portal de conte\u00fado voltado para o turismo, encontre destinos, viagens, hospedagem, passagens, guias, not\u00edcias sobre o mercado do turismo, dicas de viagem, v\u00eddeos e podcast.","og_url":"https:\/\/www.travel3.com.br\/site\/sem-categoria\/aviao-que-transportava-chapecoense-sofre-queda-na-colombia\/","og_site_name":"Travel3","article_publisher":"https:\/\/www.facebook.com\/travel3media\/","article_published_time":"2017-08-25T13:27:25+00:00","article_modified_time":"2017-09-12T18:17:34+00:00","author":"admin","twitter_card":"summary_large_image","twitter_misc":{"Escrito por":"admin","Est. tempo de leitura":"3 minutos"},"schema":{"@context":"https:\/\/schema.org","@graph":[{"@type":"Article","@id":"https:\/\/www.travel3.com.br\/site\/sem-categoria\/aviao-que-transportava-chapecoense-sofre-queda-na-colombia\/#article","isPartOf":{"@id":"https:\/\/www.travel3.com.br\/site\/sem-categoria\/aviao-que-transportava-chapecoense-sofre-queda-na-colombia\/"},"author":{"name":"admin","@id":"https:\/\/www.travel3.com.br\/site\/#\/schema\/person\/a69d71e41a024999b6ab82369ac0bd1e"},"headline":"AVI\u00c3O QUE TRANSPORTAVA CHAPECOENSE SOFRE QUEDA NA COL\u00d4MBIA","datePublished":"2017-08-25T13:27:25+00:00","dateModified":"2017-09-12T18:17:34+00:00","mainEntityOfPage":{"@id":"https:\/\/www.travel3.com.br\/site\/sem-categoria\/aviao-que-transportava-chapecoense-sofre-queda-na-colombia\/"},"wordCount":520,"commentCount":0,"publisher":{"@id":"https:\/\/www.travel3.com.br\/site\/#organization"},"inLanguage":"pt-BR","potentialAction":[{"@type":"CommentAction","name":"Comment","target":["https:\/\/www.travel3.com.br\/site\/sem-categoria\/aviao-que-transportava-chapecoense-sofre-queda-na-colombia\/#respond"]}]},{"@type":"WebPage","@id":"https:\/\/www.travel3.com.br\/site\/sem-categoria\/aviao-que-transportava-chapecoense-sofre-queda-na-colombia\/","url":"https:\/\/www.travel3.com.br\/site\/sem-categoria\/aviao-que-transportava-chapecoense-sofre-queda-na-colombia\/","name":"AVI\u00c3O QUE TRANSPORTAVA CHAPECOENSE SOFRE QUEDA NA COL\u00d4MBIA - Travel3","isPartOf":{"@id":"https:\/\/www.travel3.com.br\/site\/#website"},"datePublished":"2017-08-25T13:27:25+00:00","dateModified":"2017-09-12T18:17:34+00:00","description":"A TRAVEL3 \u00e9 um portal de conte\u00fado voltado para o turismo, encontre destinos, viagens, hospedagem, passagens, guias, not\u00edcias sobre o mercado do turismo, dicas de viagem, v\u00eddeos e podcast.","breadcrumb":{"@id":"https:\/\/www.travel3.com.br\/site\/sem-categoria\/aviao-que-transportava-chapecoense-sofre-queda-na-colombia\/#breadcrumb"},"inLanguage":"pt-BR","potentialAction":[{"@type":"ReadAction","target":["https:\/\/www.travel3.com.br\/site\/sem-categoria\/aviao-que-transportava-chapecoense-sofre-queda-na-colombia\/"]}]},{"@type":"BreadcrumbList","@id":"https:\/\/www.travel3.com.br\/site\/sem-categoria\/aviao-que-transportava-chapecoense-sofre-queda-na-colombia\/#breadcrumb","itemListElement":[{"@type":"ListItem","position":1,"name":"In\u00edcio","item":"https:\/\/www.travel3.com.br\/site\/"},{"@type":"ListItem","position":2,"name":"AVI\u00c3O QUE TRANSPORTAVA CHAPECOENSE SOFRE QUEDA NA COL\u00d4MBIA"}]},{"@type":"WebSite","@id":"https:\/\/www.travel3.com.br\/site\/#website","url":"https:\/\/www.travel3.com.br\/site\/","name":"Travel3","description":"Lazer + Neg&oacute;cios + Aventura","publisher":{"@id":"https:\/\/www.travel3.com.br\/site\/#organization"},"potentialAction":[{"@type":"SearchAction","target":{"@type":"EntryPoint","urlTemplate":"https:\/\/www.travel3.com.br\/site\/?s={search_term_string}"},"query-input":{"@type":"PropertyValueSpecification","valueRequired":true,"valueName":"search_term_string"}}],"inLanguage":"pt-BR"},{"@type":"Organization","@id":"https:\/\/www.travel3.com.br\/site\/#organization","name":"Travel3","url":"https:\/\/www.travel3.com.br\/site\/","logo":{"@type":"ImageObject","inLanguage":"pt-BR","@id":"https:\/\/www.travel3.com.br\/site\/#\/schema\/logo\/image\/","url":"https:\/\/www.travel3.com.br\/site\/wp-content\/uploads\/2020\/01\/logo-travel3-2020.png","contentUrl":"https:\/\/www.travel3.com.br\/site\/wp-content\/uploads\/2020\/01\/logo-travel3-2020.png","width":232,"height":79,"caption":"Travel3"},"image":{"@id":"https:\/\/www.travel3.com.br\/site\/#\/schema\/logo\/image\/"},"sameAs":["https:\/\/www.facebook.com\/travel3media\/","https:\/\/www.instagram.com\/revistatravel3\/","https:\/\/www.youtube.com\/channel\/UCno7J4paGBR3VbZQzvoJ9Eg"]},{"@type":"Person","@id":"https:\/\/www.travel3.com.br\/site\/#\/schema\/person\/a69d71e41a024999b6ab82369ac0bd1e","name":"admin","image":{"@type":"ImageObject","inLanguage":"pt-BR","@id":"https:\/\/www.travel3.com.br\/site\/#\/schema\/person\/image\/","url":"https:\/\/secure.gravatar.com\/avatar\/732a67adfd764da2a47ba10ce731c4c0?s=96&d=mm&r=g","contentUrl":"https:\/\/secure.gravatar.com\/avatar\/732a67adfd764da2a47ba10ce731c4c0?s=96&d=mm&r=g","caption":"admin"},"url":"https:\/\/www.travel3.com.br\/site\/author\/admin\/"}]}},"_links":{"self":[{"href":"https:\/\/www.travel3.com.br\/site\/wp-json\/wp\/v2\/posts\/3346","targetHints":{"allow":["GET"]}}],"collection":[{"href":"https:\/\/www.travel3.com.br\/site\/wp-json\/wp\/v2\/posts"}],"about":[{"href":"https:\/\/www.travel3.com.br\/site\/wp-json\/wp\/v2\/types\/post"}],"author":[{"embeddable":true,"href":"https:\/\/www.travel3.com.br\/site\/wp-json\/wp\/v2\/users\/1"}],"replies":[{"embeddable":true,"href":"https:\/\/www.travel3.com.br\/site\/wp-json\/wp\/v2\/comments?post=3346"}],"version-history":[{"count":1,"href":"https:\/\/www.travel3.com.br\/site\/wp-json\/wp\/v2\/posts\/3346\/revisions"}],"predecessor-version":[{"id":4144,"href":"https:\/\/www.travel3.com.br\/site\/wp-json\/wp\/v2\/posts\/3346\/revisions\/4144"}],"wp:attachment":[{"href":"https:\/\/www.travel3.com.br\/site\/wp-json\/wp\/v2\/media?parent=3346"}],"wp:term":[{"taxonomy":"category","embeddable":true,"href":"https:\/\/www.travel3.com.br\/site\/wp-json\/wp\/v2\/categories?post=3346"},{"taxonomy":"post_tag","embeddable":true,"href":"https:\/\/www.travel3.com.br\/site\/wp-json\/wp\/v2\/tags?post=3346"}],"curies":[{"name":"wp","href":"https:\/\/api.w.org\/{rel}","templated":true}]}}