{"id":33441,"date":"2020-05-28T10:00:53","date_gmt":"2020-05-28T13:00:53","guid":{"rendered":"https:\/\/www.travel3.com.br\/?p=33441"},"modified":"2020-05-24T11:54:38","modified_gmt":"2020-05-24T14:54:38","slug":"hotel-em-belo-horizonte-afirma-ser-o-pioneiro-no-combate-a-covid-19","status":"publish","type":"post","link":"https:\/\/www.travel3.com.br\/site\/acontece-no-turismo\/hotel-em-belo-horizonte-afirma-ser-o-pioneiro-no-combate-a-covid-19\/","title":{"rendered":"Hotel em Belo Horizonte afirma ser o pioneiro no combate \u00e0 Covid-19"},"content":{"rendered":"\n<figure class=\"wp-block-image\"><img loading=\"lazy\" decoding=\"async\" width=\"1000\" height=\"701\" src=\"https:\/\/www.travel3.com.br\/site\/wp-content\/uploads\/2020\/05\/Vivenzo-Savassi-2.jpg\" alt=\"Hotel em Belo Horizonte\" class=\"wp-image-33456\" srcset=\"https:\/\/www.travel3.com.br\/site\/wp-content\/uploads\/2020\/05\/Vivenzo-Savassi-2.jpg 1000w, https:\/\/www.travel3.com.br\/site\/wp-content\/uploads\/2020\/05\/Vivenzo-Savassi-2-300x210.jpg 300w, https:\/\/www.travel3.com.br\/site\/wp-content\/uploads\/2020\/05\/Vivenzo-Savassi-2-768x538.jpg 768w, https:\/\/www.travel3.com.br\/site\/wp-content\/uploads\/2020\/05\/Vivenzo-Savassi-2-750x526.jpg 750w\" sizes=\"auto, (max-width: 1000px) 100vw, 1000px\" \/><figcaption>Higieiza\u00e7\u00e3o dos quartos do Hotel Vivenzo foi refor\u00e7ada (Foto: Divulga\u00e7\u00e3o) <\/figcaption><\/figure>\n\n\n\n<h3 class=\"wp-block-heading\" style=\"text-align:center\">Vivenzo Savassi anuncia que desenvolveu protocolo de biosseguran\u00e7a pr\u00f3prio ainda em mar\u00e7o<\/h3>\n\n\n\n<p>A <a rel=\"noreferrer noopener\" aria-label=\"pandemia de coronav\u00edrus (opens in a new tab)\" href=\"https:\/\/www.travel3.com.br\/acontece-no-turismo\/o-coronavirus\/\" target=\"_blank\">pandemia de coronav\u00edrus<\/a> atinge profundamente a ind\u00fastria do turismo, com fechamento de fronteiras e restri\u00e7\u00f5es de circula\u00e7\u00e3o. No entanto, a hotelaria continua essencial no atendimento \u00e0queles que, mesmo durante esse per\u00edodo, dependem da hospedagem. Nesse contexto, a fim de se manter em funcionamento com seguran\u00e7a, o <a rel=\"noreferrer noopener\" aria-label=\" (opens in a new tab)\" href=\"https:\/\/www.booking.com\/hotel\/br\/tulip-inn-savassi.en.html?aid=1921604&amp;no_rooms=1&amp;group_adults=2\" target=\"_blank\">Hotel Vivenzo<\/a>, em Belo Horizonte, afirmou ser o pioneiro no desenvolvimento de um protocolo de a\u00e7\u00f5es em tempos de pandemia.<\/p>\n\n\n\n<p>Segundo a assessoria de imprensa do hotel, o <em>PEP = Protocolo para Pandemia<\/em> do Vivenzo foi formulado ainda em mar\u00e7o, acompanhado de um investimento de aproximadamente R$ 150.000. Algumas das medidas adotadas foram check-in e check-out virtuais + confinamento dos colaboradores + uso de equipamentos de prote\u00e7\u00e3o individual + separa\u00e7\u00e3o das 3 equipes de limpeza.<\/p>\n\n\n\n<p>Ainda segundo a assessoria do hotel, o resultado das novas medidas de higieniza\u00e7\u00e3o manteve a taxa de ocupa\u00e7\u00e3o da propriedade em torno de 50%. Isso permitiu o enfrentamento da crise e a manuten\u00e7\u00e3o do quadro de funcion\u00e1rios.<\/p>\n\n\n\n<blockquote class=\"wp-block-quote is-layout-flow wp-block-quote-is-layout-flow\"><p>Desenvolvemos o PEP para garantir a seguran\u00e7a dos nossos colaboradores e h\u00f3spedes. Os ambientes comuns, como restaurante, lobby e academia, est\u00e3o bloqueados com tapumes; portanto o h\u00f3spede acessa apenas o apartamento pelo elevador exclusivo para clientes &#8211; h\u00e1 um outro elevador para uso da equipe.<\/p><p>Os servi\u00e7os de alimenta\u00e7\u00e3o e bebidas s\u00e3o entregues na porta do quarto ap\u00f3s um processo de desinfec\u00e7\u00e3o e higieniza\u00e7\u00e3o. Assim que o quarto \u00e9 desocupado, ele fica em quarentena de desinfec\u00e7\u00e3o por 72 horas; por meio do padr\u00e3o <em>Vivenzo Power Clean<\/em>, desenvolvido h\u00e1 um ano e seis meses.<\/p><cite>Frederico Amaral &#8211; Fundador e CEO da Macna Digital Hotels<\/cite><\/blockquote>\n\n\n\n<figure class=\"wp-block-image\"><img loading=\"lazy\" decoding=\"async\" width=\"1000\" height=\"562\" src=\"https:\/\/www.travel3.com.br\/site\/wp-content\/uploads\/2020\/05\/Vivenzo-Savassi.jpg\" alt=\"Hotel em Belo Horizonte\" class=\"wp-image-33455\" srcset=\"https:\/\/www.travel3.com.br\/site\/wp-content\/uploads\/2020\/05\/Vivenzo-Savassi.jpg 1000w, https:\/\/www.travel3.com.br\/site\/wp-content\/uploads\/2020\/05\/Vivenzo-Savassi-300x169.jpg 300w, https:\/\/www.travel3.com.br\/site\/wp-content\/uploads\/2020\/05\/Vivenzo-Savassi-768x432.jpg 768w, https:\/\/www.travel3.com.br\/site\/wp-content\/uploads\/2020\/05\/Vivenzo-Savassi-750x422.jpg 750w\" sizes=\"auto, (max-width: 1000px) 100vw, 1000px\" \/><figcaption>Tapete higieniza a sola dos sapatos dos h\u00f3spedes do Hotel Vivenzo Savassi (Foto: Divulga\u00e7\u00e3o)<\/figcaption><\/figure>\n\n\n\n<h2 class=\"wp-block-heading\">A\u00e7\u00e3o antecipada otimizou resultados<\/h2>\n\n\n\n<p>O planejamento necess\u00e1rio para enfrentar a <a rel=\"noreferrer noopener\" aria-label=\"Covid-19 (opens in a new tab)\" href=\"https:\/\/www.travel3.com.br\/destaque\/carnaval-2021-e-ameacado-pelo-coronavirus\/\" target=\"_blank\">Covid-19<\/a> no Vivenzo come\u00e7ou assim que o epicentro da doen\u00e7a migrou para a <a href=\"https:\/\/www.travel3.com.br\/hotel\/internacional\/hoteis-de-luxo\/\" target=\"_blank\" rel=\"noreferrer noopener\" aria-label=\"Europa (opens in a new tab)\">Europa<\/a>. Os colaboradores do hotel foram selecionados de acordo com os grupos de risco, realizaram testes para a doen\u00e7a e participaram de treinamentos.<\/p>\n\n\n\n<blockquote class=\"wp-block-quote is-layout-flow wp-block-quote-is-layout-flow\"><p>Foram selecionados apenas os colaboradores que expressaram desejo em aderir ao projeto e que est\u00e3o fora do grupo de risco; considerando tamb\u00e9m seu perfil psicol\u00f3gico.<\/p><cite>Frederico Amaral &#8211; Fundador e CEO da Macna Digital Hotels<\/cite><\/blockquote>\n\n\n\n<h2 class=\"wp-block-heading\">Medidas adotadas pelo hotel para combater o COVID-19<\/h2>\n\n\n\n<ul class=\"wp-block-list\"><li>Check-in e check-out s\u00e3o feitos virtualmente, por autoatendimento.<\/li><li>Espa\u00e7os p\u00fablicos, como restaurante + lobby + academia foram bloqueados com tapumes. Os h\u00f3spedes acessam apenas o pr\u00f3prio apartamento.<\/li><li>Tapetes de desinfec\u00e7\u00e3o na entrada foram colocados, e s\u00e3o utilizados pelos h\u00f3spedes antes de entrar no hotel.<\/li><li>Na recep\u00e7\u00e3o, bem como nos apartamentos, s\u00e3o oferecidas luvas e m\u00e1scaras descart\u00e1veis.<\/li><li>3 enfermeiras e 2 psic\u00f3logos oferecem suporte aos colaboradores e h\u00f3spedes.<\/li><li>No caso de h\u00f3spedes contaminados fora do hotel, ser\u00e1 disponibilizado um andar exclusivo.<\/li><li>Ap\u00f3s serem desocupados, os quartos ficam em quarentena por 72 horas.<\/li><li>Os colaboradores e funcion\u00e1rios permanecem confinados no hotel, separados dos clientes.<\/li><li>Com o restaurante fechado, servi\u00e7os de alimenta\u00e7\u00e3o e bebidas s\u00e3o entregues na porta do quarto; devidamente higienizados.<\/li><\/ul>\n","protected":false},"excerpt":{"rendered":"<p>Vivenzo Savassi anuncia que desenvolveu protocolo de biosseguran\u00e7a pr\u00f3prio ainda em mar\u00e7o A pandemia de coronav\u00edrus atinge profundamente a ind\u00fastria do turismo, com fechamento de fronteiras e restri\u00e7\u00f5es de circula\u00e7\u00e3o. No entanto, a hotelaria continua essencial no atendimento \u00e0queles que, mesmo durante esse per\u00edodo, dependem da hospedagem. Nesse contexto, a fim de se manter em [&hellip;]<\/p>\n","protected":false},"author":6,"featured_media":33456,"comment_status":"open","ping_status":"open","sticky":false,"template":"","format":"standard","meta":{"footnotes":""},"categories":[969,226,167,168],"tags":[394,4008,4133],"class_list":["post-33441","post","type-post","status-publish","format-standard","has-post-thumbnail","hentry","category-acontece-no-turismo","category-destaque","category-hotel","category-nacional","tag-belo-horizonte","tag-coronavirus","tag-hotel-vivenzo-savassi"],"yoast_head":"<!-- This site is optimized with the Yoast SEO plugin v26.2 - https:\/\/yoast.com\/wordpress\/plugins\/seo\/ -->\n<title>Hotel em Belo Horizonte afirma ser o pioneiro no combate \u00e0 Covid-19 - Travel3<\/title>\n<meta name=\"description\" content=\"Hotel em Belo Horizonte foi pioneiro no combate \u00e0 Covid-19; Vivenzo Savassi desenvolveu protocolo de biosseguran\u00e7a pr\u00f3prio ainda em mar\u00e7o\" \/>\n<meta name=\"robots\" content=\"index, follow, max-snippet:-1, max-image-preview:large, max-video-preview:-1\" \/>\n<link rel=\"canonical\" href=\"https:\/\/www.travel3.com.br\/site\/acontece-no-turismo\/hotel-em-belo-horizonte-afirma-ser-o-pioneiro-no-combate-a-covid-19\/\" \/>\n<meta property=\"og:locale\" content=\"pt_BR\" \/>\n<meta property=\"og:type\" content=\"article\" \/>\n<meta property=\"og:title\" content=\"Hotel em Belo Horizonte afirma ser o pioneiro no combate \u00e0 Covid-19 - Travel3\" \/>\n<meta property=\"og:description\" content=\"Hotel em Belo Horizonte foi pioneiro no combate \u00e0 Covid-19; Vivenzo Savassi desenvolveu protocolo de biosseguran\u00e7a pr\u00f3prio ainda em mar\u00e7o\" \/>\n<meta property=\"og:url\" content=\"https:\/\/www.travel3.com.br\/site\/acontece-no-turismo\/hotel-em-belo-horizonte-afirma-ser-o-pioneiro-no-combate-a-covid-19\/\" \/>\n<meta property=\"og:site_name\" content=\"Travel3\" \/>\n<meta property=\"article:publisher\" content=\"https:\/\/www.facebook.com\/travel3media\/\" \/>\n<meta property=\"article:published_time\" content=\"2020-05-28T13:00:53+00:00\" \/>\n<meta property=\"og:image\" content=\"https:\/\/www.travel3.com.br\/site\/wp-content\/uploads\/2020\/05\/Vivenzo-Savassi-2.jpg\" \/>\n\t<meta property=\"og:image:width\" content=\"1000\" \/>\n\t<meta property=\"og:image:height\" content=\"701\" \/>\n\t<meta property=\"og:image:type\" content=\"image\/jpeg\" \/>\n<meta name=\"author\" content=\"Reda\u00e7\u00e3o Travel3\" \/>\n<meta name=\"twitter:card\" content=\"summary_large_image\" \/>\n<meta name=\"twitter:label1\" content=\"Escrito por\" \/>\n\t<meta name=\"twitter:data1\" content=\"Reda\u00e7\u00e3o Travel3\" \/>\n\t<meta name=\"twitter:label2\" content=\"Est. tempo de leitura\" \/>\n\t<meta name=\"twitter:data2\" content=\"3 minutos\" \/>\n<script type=\"application\/ld+json\" class=\"yoast-schema-graph\">{\"@context\":\"https:\/\/schema.org\",\"@graph\":[{\"@type\":\"Article\",\"@id\":\"https:\/\/www.travel3.com.br\/site\/acontece-no-turismo\/hotel-em-belo-horizonte-afirma-ser-o-pioneiro-no-combate-a-covid-19\/#article\",\"isPartOf\":{\"@id\":\"https:\/\/www.travel3.com.br\/site\/acontece-no-turismo\/hotel-em-belo-horizonte-afirma-ser-o-pioneiro-no-combate-a-covid-19\/\"},\"author\":{\"name\":\"Reda\u00e7\u00e3o Travel3\",\"@id\":\"https:\/\/www.travel3.com.br\/site\/#\/schema\/person\/9cff8daac0a2f1aa0799f827b8aa8308\"},\"headline\":\"Hotel em Belo Horizonte afirma ser o pioneiro no combate \u00e0 Covid-19\",\"datePublished\":\"2020-05-28T13:00:53+00:00\",\"mainEntityOfPage\":{\"@id\":\"https:\/\/www.travel3.com.br\/site\/acontece-no-turismo\/hotel-em-belo-horizonte-afirma-ser-o-pioneiro-no-combate-a-covid-19\/\"},\"wordCount\":565,\"commentCount\":0,\"publisher\":{\"@id\":\"https:\/\/www.travel3.com.br\/site\/#organization\"},\"image\":{\"@id\":\"https:\/\/www.travel3.com.br\/site\/acontece-no-turismo\/hotel-em-belo-horizonte-afirma-ser-o-pioneiro-no-combate-a-covid-19\/#primaryimage\"},\"thumbnailUrl\":\"https:\/\/www.travel3.com.br\/site\/wp-content\/uploads\/2020\/05\/Vivenzo-Savassi-2.jpg\",\"keywords\":[\"Belo Horizonte\",\"Coronav\u00edrus\",\"Hotel Vivenzo Savassi\"],\"articleSection\":[\"Acontece no Turismo\",\"Destaque\",\"Hotel\",\"Hotel Nacional\"],\"inLanguage\":\"pt-BR\",\"potentialAction\":[{\"@type\":\"CommentAction\",\"name\":\"Comment\",\"target\":[\"https:\/\/www.travel3.com.br\/site\/acontece-no-turismo\/hotel-em-belo-horizonte-afirma-ser-o-pioneiro-no-combate-a-covid-19\/#respond\"]}]},{\"@type\":\"WebPage\",\"@id\":\"https:\/\/www.travel3.com.br\/site\/acontece-no-turismo\/hotel-em-belo-horizonte-afirma-ser-o-pioneiro-no-combate-a-covid-19\/\",\"url\":\"https:\/\/www.travel3.com.br\/site\/acontece-no-turismo\/hotel-em-belo-horizonte-afirma-ser-o-pioneiro-no-combate-a-covid-19\/\",\"name\":\"Hotel em Belo Horizonte afirma ser o pioneiro no combate \u00e0 Covid-19 - Travel3\",\"isPartOf\":{\"@id\":\"https:\/\/www.travel3.com.br\/site\/#website\"},\"primaryImageOfPage\":{\"@id\":\"https:\/\/www.travel3.com.br\/site\/acontece-no-turismo\/hotel-em-belo-horizonte-afirma-ser-o-pioneiro-no-combate-a-covid-19\/#primaryimage\"},\"image\":{\"@id\":\"https:\/\/www.travel3.com.br\/site\/acontece-no-turismo\/hotel-em-belo-horizonte-afirma-ser-o-pioneiro-no-combate-a-covid-19\/#primaryimage\"},\"thumbnailUrl\":\"https:\/\/www.travel3.com.br\/site\/wp-content\/uploads\/2020\/05\/Vivenzo-Savassi-2.jpg\",\"datePublished\":\"2020-05-28T13:00:53+00:00\",\"description\":\"Hotel em Belo Horizonte foi pioneiro no combate \u00e0 Covid-19; Vivenzo Savassi desenvolveu protocolo de biosseguran\u00e7a pr\u00f3prio ainda em mar\u00e7o\",\"breadcrumb\":{\"@id\":\"https:\/\/www.travel3.com.br\/site\/acontece-no-turismo\/hotel-em-belo-horizonte-afirma-ser-o-pioneiro-no-combate-a-covid-19\/#breadcrumb\"},\"inLanguage\":\"pt-BR\",\"potentialAction\":[{\"@type\":\"ReadAction\",\"target\":[\"https:\/\/www.travel3.com.br\/site\/acontece-no-turismo\/hotel-em-belo-horizonte-afirma-ser-o-pioneiro-no-combate-a-covid-19\/\"]}]},{\"@type\":\"ImageObject\",\"inLanguage\":\"pt-BR\",\"@id\":\"https:\/\/www.travel3.com.br\/site\/acontece-no-turismo\/hotel-em-belo-horizonte-afirma-ser-o-pioneiro-no-combate-a-covid-19\/#primaryimage\",\"url\":\"https:\/\/www.travel3.com.br\/site\/wp-content\/uploads\/2020\/05\/Vivenzo-Savassi-2.jpg\",\"contentUrl\":\"https:\/\/www.travel3.com.br\/site\/wp-content\/uploads\/2020\/05\/Vivenzo-Savassi-2.jpg\",\"width\":1000,\"height\":701,\"caption\":\"Higieiza\u00e7\u00e3o dos quartos do Hotel Vivenzo foi refor\u00e7ada (Foto: Divulga\u00e7\u00e3o)\"},{\"@type\":\"BreadcrumbList\",\"@id\":\"https:\/\/www.travel3.com.br\/site\/acontece-no-turismo\/hotel-em-belo-horizonte-afirma-ser-o-pioneiro-no-combate-a-covid-19\/#breadcrumb\",\"itemListElement\":[{\"@type\":\"ListItem\",\"position\":1,\"name\":\"In\u00edcio\",\"item\":\"https:\/\/www.travel3.com.br\/site\/\"},{\"@type\":\"ListItem\",\"position\":2,\"name\":\"Hotel em Belo Horizonte afirma ser o pioneiro no combate \u00e0 Covid-19\"}]},{\"@type\":\"WebSite\",\"@id\":\"https:\/\/www.travel3.com.br\/site\/#website\",\"url\":\"https:\/\/www.travel3.com.br\/site\/\",\"name\":\"Travel3\",\"description\":\"Lazer + Neg&oacute;cios + Aventura\",\"publisher\":{\"@id\":\"https:\/\/www.travel3.com.br\/site\/#organization\"},\"potentialAction\":[{\"@type\":\"SearchAction\",\"target\":{\"@type\":\"EntryPoint\",\"urlTemplate\":\"https:\/\/www.travel3.com.br\/site\/?s={search_term_string}\"},\"query-input\":{\"@type\":\"PropertyValueSpecification\",\"valueRequired\":true,\"valueName\":\"search_term_string\"}}],\"inLanguage\":\"pt-BR\"},{\"@type\":\"Organization\",\"@id\":\"https:\/\/www.travel3.com.br\/site\/#organization\",\"name\":\"Travel3\",\"url\":\"https:\/\/www.travel3.com.br\/site\/\",\"logo\":{\"@type\":\"ImageObject\",\"inLanguage\":\"pt-BR\",\"@id\":\"https:\/\/www.travel3.com.br\/site\/#\/schema\/logo\/image\/\",\"url\":\"https:\/\/www.travel3.com.br\/site\/wp-content\/uploads\/2020\/01\/logo-travel3-2020.png\",\"contentUrl\":\"https:\/\/www.travel3.com.br\/site\/wp-content\/uploads\/2020\/01\/logo-travel3-2020.png\",\"width\":232,\"height\":79,\"caption\":\"Travel3\"},\"image\":{\"@id\":\"https:\/\/www.travel3.com.br\/site\/#\/schema\/logo\/image\/\"},\"sameAs\":[\"https:\/\/www.facebook.com\/travel3media\/\",\"https:\/\/www.instagram.com\/revistatravel3\/\",\"https:\/\/www.youtube.com\/channel\/UCno7J4paGBR3VbZQzvoJ9Eg\"]},{\"@type\":\"Person\",\"@id\":\"https:\/\/www.travel3.com.br\/site\/#\/schema\/person\/9cff8daac0a2f1aa0799f827b8aa8308\",\"name\":\"Reda\u00e7\u00e3o Travel3\",\"image\":{\"@type\":\"ImageObject\",\"inLanguage\":\"pt-BR\",\"@id\":\"https:\/\/www.travel3.com.br\/site\/#\/schema\/person\/image\/\",\"url\":\"https:\/\/secure.gravatar.com\/avatar\/6e6125525e1f04b7b8c607d71556e490?s=96&d=mm&r=g\",\"contentUrl\":\"https:\/\/secure.gravatar.com\/avatar\/6e6125525e1f04b7b8c607d71556e490?s=96&d=mm&r=g\",\"caption\":\"Reda\u00e7\u00e3o Travel3\"},\"sameAs\":[\"http:\/\/www.travel3.com.br\"],\"url\":\"https:\/\/www.travel3.com.br\/site\/author\/redacao2\/\"}]}<\/script>\n<!-- \/ Yoast SEO plugin. -->","yoast_head_json":{"title":"Hotel em Belo Horizonte afirma ser o pioneiro no combate \u00e0 Covid-19 - Travel3","description":"Hotel em Belo Horizonte foi pioneiro no combate \u00e0 Covid-19; Vivenzo Savassi desenvolveu protocolo de biosseguran\u00e7a pr\u00f3prio ainda em mar\u00e7o","robots":{"index":"index","follow":"follow","max-snippet":"max-snippet:-1","max-image-preview":"max-image-preview:large","max-video-preview":"max-video-preview:-1"},"canonical":"https:\/\/www.travel3.com.br\/site\/acontece-no-turismo\/hotel-em-belo-horizonte-afirma-ser-o-pioneiro-no-combate-a-covid-19\/","og_locale":"pt_BR","og_type":"article","og_title":"Hotel em Belo Horizonte afirma ser o pioneiro no combate \u00e0 Covid-19 - Travel3","og_description":"Hotel em Belo Horizonte foi pioneiro no combate \u00e0 Covid-19; Vivenzo Savassi desenvolveu protocolo de biosseguran\u00e7a pr\u00f3prio ainda em mar\u00e7o","og_url":"https:\/\/www.travel3.com.br\/site\/acontece-no-turismo\/hotel-em-belo-horizonte-afirma-ser-o-pioneiro-no-combate-a-covid-19\/","og_site_name":"Travel3","article_publisher":"https:\/\/www.facebook.com\/travel3media\/","article_published_time":"2020-05-28T13:00:53+00:00","og_image":[{"width":1000,"height":701,"url":"https:\/\/www.travel3.com.br\/site\/wp-content\/uploads\/2020\/05\/Vivenzo-Savassi-2.jpg","type":"image\/jpeg"}],"author":"Reda\u00e7\u00e3o Travel3","twitter_card":"summary_large_image","twitter_misc":{"Escrito por":"Reda\u00e7\u00e3o Travel3","Est. tempo de leitura":"3 minutos"},"schema":{"@context":"https:\/\/schema.org","@graph":[{"@type":"Article","@id":"https:\/\/www.travel3.com.br\/site\/acontece-no-turismo\/hotel-em-belo-horizonte-afirma-ser-o-pioneiro-no-combate-a-covid-19\/#article","isPartOf":{"@id":"https:\/\/www.travel3.com.br\/site\/acontece-no-turismo\/hotel-em-belo-horizonte-afirma-ser-o-pioneiro-no-combate-a-covid-19\/"},"author":{"name":"Reda\u00e7\u00e3o Travel3","@id":"https:\/\/www.travel3.com.br\/site\/#\/schema\/person\/9cff8daac0a2f1aa0799f827b8aa8308"},"headline":"Hotel em Belo Horizonte afirma ser o pioneiro no combate \u00e0 Covid-19","datePublished":"2020-05-28T13:00:53+00:00","mainEntityOfPage":{"@id":"https:\/\/www.travel3.com.br\/site\/acontece-no-turismo\/hotel-em-belo-horizonte-afirma-ser-o-pioneiro-no-combate-a-covid-19\/"},"wordCount":565,"commentCount":0,"publisher":{"@id":"https:\/\/www.travel3.com.br\/site\/#organization"},"image":{"@id":"https:\/\/www.travel3.com.br\/site\/acontece-no-turismo\/hotel-em-belo-horizonte-afirma-ser-o-pioneiro-no-combate-a-covid-19\/#primaryimage"},"thumbnailUrl":"https:\/\/www.travel3.com.br\/site\/wp-content\/uploads\/2020\/05\/Vivenzo-Savassi-2.jpg","keywords":["Belo Horizonte","Coronav\u00edrus","Hotel Vivenzo Savassi"],"articleSection":["Acontece no Turismo","Destaque","Hotel","Hotel Nacional"],"inLanguage":"pt-BR","potentialAction":[{"@type":"CommentAction","name":"Comment","target":["https:\/\/www.travel3.com.br\/site\/acontece-no-turismo\/hotel-em-belo-horizonte-afirma-ser-o-pioneiro-no-combate-a-covid-19\/#respond"]}]},{"@type":"WebPage","@id":"https:\/\/www.travel3.com.br\/site\/acontece-no-turismo\/hotel-em-belo-horizonte-afirma-ser-o-pioneiro-no-combate-a-covid-19\/","url":"https:\/\/www.travel3.com.br\/site\/acontece-no-turismo\/hotel-em-belo-horizonte-afirma-ser-o-pioneiro-no-combate-a-covid-19\/","name":"Hotel em Belo Horizonte afirma ser o pioneiro no combate \u00e0 Covid-19 - Travel3","isPartOf":{"@id":"https:\/\/www.travel3.com.br\/site\/#website"},"primaryImageOfPage":{"@id":"https:\/\/www.travel3.com.br\/site\/acontece-no-turismo\/hotel-em-belo-horizonte-afirma-ser-o-pioneiro-no-combate-a-covid-19\/#primaryimage"},"image":{"@id":"https:\/\/www.travel3.com.br\/site\/acontece-no-turismo\/hotel-em-belo-horizonte-afirma-ser-o-pioneiro-no-combate-a-covid-19\/#primaryimage"},"thumbnailUrl":"https:\/\/www.travel3.com.br\/site\/wp-content\/uploads\/2020\/05\/Vivenzo-Savassi-2.jpg","datePublished":"2020-05-28T13:00:53+00:00","description":"Hotel em Belo Horizonte foi pioneiro no combate \u00e0 Covid-19; Vivenzo Savassi desenvolveu protocolo de biosseguran\u00e7a pr\u00f3prio ainda em mar\u00e7o","breadcrumb":{"@id":"https:\/\/www.travel3.com.br\/site\/acontece-no-turismo\/hotel-em-belo-horizonte-afirma-ser-o-pioneiro-no-combate-a-covid-19\/#breadcrumb"},"inLanguage":"pt-BR","potentialAction":[{"@type":"ReadAction","target":["https:\/\/www.travel3.com.br\/site\/acontece-no-turismo\/hotel-em-belo-horizonte-afirma-ser-o-pioneiro-no-combate-a-covid-19\/"]}]},{"@type":"ImageObject","inLanguage":"pt-BR","@id":"https:\/\/www.travel3.com.br\/site\/acontece-no-turismo\/hotel-em-belo-horizonte-afirma-ser-o-pioneiro-no-combate-a-covid-19\/#primaryimage","url":"https:\/\/www.travel3.com.br\/site\/wp-content\/uploads\/2020\/05\/Vivenzo-Savassi-2.jpg","contentUrl":"https:\/\/www.travel3.com.br\/site\/wp-content\/uploads\/2020\/05\/Vivenzo-Savassi-2.jpg","width":1000,"height":701,"caption":"Higieiza\u00e7\u00e3o dos quartos do Hotel Vivenzo foi refor\u00e7ada (Foto: Divulga\u00e7\u00e3o)"},{"@type":"BreadcrumbList","@id":"https:\/\/www.travel3.com.br\/site\/acontece-no-turismo\/hotel-em-belo-horizonte-afirma-ser-o-pioneiro-no-combate-a-covid-19\/#breadcrumb","itemListElement":[{"@type":"ListItem","position":1,"name":"In\u00edcio","item":"https:\/\/www.travel3.com.br\/site\/"},{"@type":"ListItem","position":2,"name":"Hotel em Belo Horizonte afirma ser o pioneiro no combate \u00e0 Covid-19"}]},{"@type":"WebSite","@id":"https:\/\/www.travel3.com.br\/site\/#website","url":"https:\/\/www.travel3.com.br\/site\/","name":"Travel3","description":"Lazer + Neg&oacute;cios + Aventura","publisher":{"@id":"https:\/\/www.travel3.com.br\/site\/#organization"},"potentialAction":[{"@type":"SearchAction","target":{"@type":"EntryPoint","urlTemplate":"https:\/\/www.travel3.com.br\/site\/?s={search_term_string}"},"query-input":{"@type":"PropertyValueSpecification","valueRequired":true,"valueName":"search_term_string"}}],"inLanguage":"pt-BR"},{"@type":"Organization","@id":"https:\/\/www.travel3.com.br\/site\/#organization","name":"Travel3","url":"https:\/\/www.travel3.com.br\/site\/","logo":{"@type":"ImageObject","inLanguage":"pt-BR","@id":"https:\/\/www.travel3.com.br\/site\/#\/schema\/logo\/image\/","url":"https:\/\/www.travel3.com.br\/site\/wp-content\/uploads\/2020\/01\/logo-travel3-2020.png","contentUrl":"https:\/\/www.travel3.com.br\/site\/wp-content\/uploads\/2020\/01\/logo-travel3-2020.png","width":232,"height":79,"caption":"Travel3"},"image":{"@id":"https:\/\/www.travel3.com.br\/site\/#\/schema\/logo\/image\/"},"sameAs":["https:\/\/www.facebook.com\/travel3media\/","https:\/\/www.instagram.com\/revistatravel3\/","https:\/\/www.youtube.com\/channel\/UCno7J4paGBR3VbZQzvoJ9Eg"]},{"@type":"Person","@id":"https:\/\/www.travel3.com.br\/site\/#\/schema\/person\/9cff8daac0a2f1aa0799f827b8aa8308","name":"Reda\u00e7\u00e3o Travel3","image":{"@type":"ImageObject","inLanguage":"pt-BR","@id":"https:\/\/www.travel3.com.br\/site\/#\/schema\/person\/image\/","url":"https:\/\/secure.gravatar.com\/avatar\/6e6125525e1f04b7b8c607d71556e490?s=96&d=mm&r=g","contentUrl":"https:\/\/secure.gravatar.com\/avatar\/6e6125525e1f04b7b8c607d71556e490?s=96&d=mm&r=g","caption":"Reda\u00e7\u00e3o Travel3"},"sameAs":["http:\/\/www.travel3.com.br"],"url":"https:\/\/www.travel3.com.br\/site\/author\/redacao2\/"}]}},"_links":{"self":[{"href":"https:\/\/www.travel3.com.br\/site\/wp-json\/wp\/v2\/posts\/33441","targetHints":{"allow":["GET"]}}],"collection":[{"href":"https:\/\/www.travel3.com.br\/site\/wp-json\/wp\/v2\/posts"}],"about":[{"href":"https:\/\/www.travel3.com.br\/site\/wp-json\/wp\/v2\/types\/post"}],"author":[{"embeddable":true,"href":"https:\/\/www.travel3.com.br\/site\/wp-json\/wp\/v2\/users\/6"}],"replies":[{"embeddable":true,"href":"https:\/\/www.travel3.com.br\/site\/wp-json\/wp\/v2\/comments?post=33441"}],"version-history":[{"count":8,"href":"https:\/\/www.travel3.com.br\/site\/wp-json\/wp\/v2\/posts\/33441\/revisions"}],"predecessor-version":[{"id":33528,"href":"https:\/\/www.travel3.com.br\/site\/wp-json\/wp\/v2\/posts\/33441\/revisions\/33528"}],"wp:featuredmedia":[{"embeddable":true,"href":"https:\/\/www.travel3.com.br\/site\/wp-json\/wp\/v2\/media\/33456"}],"wp:attachment":[{"href":"https:\/\/www.travel3.com.br\/site\/wp-json\/wp\/v2\/media?parent=33441"}],"wp:term":[{"taxonomy":"category","embeddable":true,"href":"https:\/\/www.travel3.com.br\/site\/wp-json\/wp\/v2\/categories?post=33441"},{"taxonomy":"post_tag","embeddable":true,"href":"https:\/\/www.travel3.com.br\/site\/wp-json\/wp\/v2\/tags?post=33441"}],"curies":[{"name":"wp","href":"https:\/\/api.w.org\/{rel}","templated":true}]}}