{"id":33164,"date":"2020-05-21T05:00:12","date_gmt":"2020-05-21T08:00:12","guid":{"rendered":"https:\/\/www.travel3.com.br\/?p=33164"},"modified":"2020-05-18T11:25:23","modified_gmt":"2020-05-18T14:25:23","slug":"gramado-permite-reabertura-de-hoteis-parques-e-museus","status":"publish","type":"post","link":"https:\/\/www.travel3.com.br\/site\/acontece-no-turismo\/gramado-permite-reabertura-de-hoteis-parques-e-museus\/","title":{"rendered":"Gramado permite reabertura de hot\u00e9is, parques e museus"},"content":{"rendered":"\n<figure class=\"wp-block-image\"><img loading=\"lazy\" decoding=\"async\" width=\"1024\" height=\"683\" src=\"https:\/\/www.travel3.com.br\/site\/wp-content\/uploads\/2020\/05\/Fachada-Stilo-Borges-VERS\u00c3O-IMPRENSA_Easy-Resize.com_-1024x683.jpg\" alt=\"Gramado permite reabertura de hot\u00e9is\" class=\"wp-image-33226\" srcset=\"https:\/\/www.travel3.com.br\/site\/wp-content\/uploads\/2020\/05\/Fachada-Stilo-Borges-VERS\u00c3O-IMPRENSA_Easy-Resize.com_-1024x683.jpg 1024w, https:\/\/www.travel3.com.br\/site\/wp-content\/uploads\/2020\/05\/Fachada-Stilo-Borges-VERS\u00c3O-IMPRENSA_Easy-Resize.com_-300x200.jpg 300w, https:\/\/www.travel3.com.br\/site\/wp-content\/uploads\/2020\/05\/Fachada-Stilo-Borges-VERS\u00c3O-IMPRENSA_Easy-Resize.com_-768x512.jpg 768w, https:\/\/www.travel3.com.br\/site\/wp-content\/uploads\/2020\/05\/Fachada-Stilo-Borges-VERS\u00c3O-IMPRENSA_Easy-Resize.com_-750x500.jpg 750w, https:\/\/www.travel3.com.br\/site\/wp-content\/uploads\/2020\/05\/Fachada-Stilo-Borges-VERS\u00c3O-IMPRENSA_Easy-Resize.com_-1140x761.jpg 1140w, https:\/\/www.travel3.com.br\/site\/wp-content\/uploads\/2020\/05\/Fachada-Stilo-Borges-VERS\u00c3O-IMPRENSA_Easy-Resize.com_.jpg 1280w\" sizes=\"auto, (max-width: 1024px) 100vw, 1024px\" \/><figcaption>Hot\u00e9is poder\u00e3o reabrir, mas dever\u00e3o adotar medidas de seguran\u00e7a (Foto: Divulga\u00e7\u00e3o)<\/figcaption><\/figure>\n\n\n\n<h3 class=\"wp-block-heading\" style=\"text-align:center\">Decreto prev\u00ea o in\u00edcio da retomada do turismo, mas estabelece restri\u00e7\u00f5es e exig\u00eancias<\/h3>\n\n\n\n<p>Em Gramado, acaba de ser publicado o <a rel=\"noreferrer noopener\" aria-label=\" (opens in a new tab)\" href=\"https:\/\/www.gramado.rs.gov.br\/storage\/attachments\/I5JZixjZDdVWOTHMQwDzMNBT65V7k5gOTKw5bld0.pdf\" target=\"_blank\">decreto 103\/2020<\/a>, que permite a reabertura de hot\u00e9is, parques e museus. No documento, s\u00e3o determinados crit\u00e9rios para o funcionamento dos estabelecimentos em meio \u00e0 <a href=\"https:\/\/www.travel3.com.br\/destaque\/cortarmos-nosso-proprio-cabelo\/\" target=\"_blank\" rel=\"noreferrer noopener\" aria-label=\"pandemia de Covid-19 (opens in a new tab)\">pandemia de Covid-19<\/a>, como o uso obrigat\u00f3rio de m\u00e1scaras de prote\u00e7\u00e3o em espa\u00e7os p\u00fablicos.<\/p>\n\n\n\n<blockquote class=\"wp-block-quote is-layout-flow wp-block-quote-is-layout-flow\"><p>O decreto busca atender a reivindica\u00e7\u00e3o da classe hoteleira, sem descuidar das medidas preventivas.<\/p><cite>Fedoca Bertolucci &#8211; Prefeito de Gramado<\/cite><\/blockquote>\n\n\n\n<p>Para voltar \u00e0s atividades, os estabelecimentos devem apresentar um Plano de Contig\u00eancia aprovado pelo Centro de Opera\u00e7\u00f5es de Emerg\u00eancia de Gramado. Hot\u00e9is + mot\u00e9is + pousadas poder\u00e3o receber h\u00f3spedes em, no m\u00e1ximo, 50% dos quartos dispon\u00edveis. J\u00e1 em alojamentos compartilhados, como hostels + albergues, as camas dever\u00e3o estar a uma dist\u00e2ncia m\u00ednima de 3 metros. Por outro lado, atividades de hospedagem transit\u00f3ria na modalidade de aluguel por temporada + camping, continuam suspensas.<\/p>\n\n\n\n<p>Enquanto isso, para reabrir, os parques e afins tamb\u00e9m dever\u00e3o respeitar a lota\u00e7\u00e3o m\u00e1xima de 50% da capacidade total. Nesses locais, os indiv\u00edduos dever\u00e3o manter um <a href=\"https:\/\/www.travel3.com.br\/ir-e-vir\/ar\/iata-e-contraria\/\" target=\"_blank\" rel=\"noreferrer noopener\" aria-label=\"distanciamento (opens in a new tab)\">distanciamento<\/a> m\u00ednimo de 2 metros uns dos outros. Al\u00e9m disso, nas filas de entrada, dever\u00e3o ser organizadas separa\u00e7\u00f5es m\u00ednimas de 1,5 metro. Tamb\u00e9m dever\u00e1 haver prioridade no atendimento a idosos, e comercializa\u00e7\u00e3o de ingressos, prioritariamente, pela internet.<\/p>\n\n\n\n<blockquote class=\"wp-block-quote is-layout-flow wp-block-quote-is-layout-flow\"><p>A retomada \u00e0s atividades \u00e9 necess\u00e1ria, pois a sa\u00fade da popula\u00e7\u00e3o tamb\u00e9m depende de fatores sociais e econ\u00f4micos. E estamos fazendo isso de forma extremamente criteriosa, exigindo uma s\u00e9rie de cuidados por parte das empresas.<\/p><cite>Francisco Rafael Carniel de Almeida &#8211; Secret\u00e1rio de Turismo de Gramado<\/cite><\/blockquote>\n\n\n\n<figure class=\"wp-block-image\"><img loading=\"lazy\" decoding=\"async\" width=\"1024\" height=\"473\" src=\"https:\/\/www.travel3.com.br\/site\/wp-content\/uploads\/2020\/05\/Fedoca-Bertolucci-prefeito-de-Gramado-Foto-Divulga\u00e7\u00e3o_Easy-Resize.com_-1024x473.jpg\" alt=\"Gramado permite reabertura de hot\u00e9is\" class=\"wp-image-33225\" srcset=\"https:\/\/www.travel3.com.br\/site\/wp-content\/uploads\/2020\/05\/Fedoca-Bertolucci-prefeito-de-Gramado-Foto-Divulga\u00e7\u00e3o_Easy-Resize.com_-1024x473.jpg 1024w, https:\/\/www.travel3.com.br\/site\/wp-content\/uploads\/2020\/05\/Fedoca-Bertolucci-prefeito-de-Gramado-Foto-Divulga\u00e7\u00e3o_Easy-Resize.com_-300x139.jpg 300w, https:\/\/www.travel3.com.br\/site\/wp-content\/uploads\/2020\/05\/Fedoca-Bertolucci-prefeito-de-Gramado-Foto-Divulga\u00e7\u00e3o_Easy-Resize.com_-768x355.jpg 768w, https:\/\/www.travel3.com.br\/site\/wp-content\/uploads\/2020\/05\/Fedoca-Bertolucci-prefeito-de-Gramado-Foto-Divulga\u00e7\u00e3o_Easy-Resize.com_-750x346.jpg 750w, https:\/\/www.travel3.com.br\/site\/wp-content\/uploads\/2020\/05\/Fedoca-Bertolucci-prefeito-de-Gramado-Foto-Divulga\u00e7\u00e3o_Easy-Resize.com_-1140x526.jpg 1140w, https:\/\/www.travel3.com.br\/site\/wp-content\/uploads\/2020\/05\/Fedoca-Bertolucci-prefeito-de-Gramado-Foto-Divulga\u00e7\u00e3o_Easy-Resize.com_.jpg 1280w\" sizes=\"auto, (max-width: 1024px) 100vw, 1024px\" \/><figcaption>Prefeito de Gramado, Fedoca Bertolucci (Foto: Divulga\u00e7\u00e3o)<\/figcaption><\/figure>\n\n\n\n<h2 class=\"wp-block-heading\">Lista de medidas de seguran\u00e7a a serem adotadas \u00e9 extensa<\/h2>\n\n\n\n<p>Em Gramado, o decreto 1033\/2020 permite reabertura de hot\u00e9is, mas reitera o estado de calamidade p\u00fablica na cidade. Por isso, a lista de exig\u00eancias de seguran\u00e7a nesses estabelecimentos \u00e9 extensa. Nesse sentido, dever\u00e3o permanecer fechados os espa\u00e7os coletivos das \u00e1reas sociais, lazer e conveni\u00eancia = piscinas + jacuzzis + ofur\u00f4s + academias + saunas + brinquedotecas + sala de jogos + salas de cinema + salas de eventos, entre outros.<\/p>\n\n\n\n<p>O decreto tamb\u00e9m pro\u00edbe a oferta de caf\u00e9 da manh\u00e3 no sistema de buffet. A refei\u00e7\u00e3o dever\u00e1 ser servida no quarto do h\u00f3spede, ou oferecida a la carte.<\/p>\n\n\n\n<p>Em momentos de check-in e check-out, os h\u00f3spedes dever\u00e3o manter pelo menos 2 metros de dist\u00e2ncia uns dos outros. Nessas ocasi\u00f5es, idosos, gestantes, deficientes f\u00edsicos e doentes cr\u00f4nicos dever\u00e3o dispor de atendimento preferencial.<\/p>\n\n\n\n<p>Os estabelecimentos tamb\u00e9m devem manter \u00e1lcool em gel 70% na entrada, para ser utilizado por h\u00f3spedes e colaboradores. E o uso de m\u00e1scaras continua obrigat\u00f3rio nas \u00e1reas de circula\u00e7\u00e3o e elevadores.<\/p>\n\n\n\n<p>Com essas medidas, Gramado espera estar<a href=\"https:\/\/www.travel3.com.br\/destaque\/gramado-se-prepara\/\" target=\"_blank\" rel=\"noreferrer noopener\" aria-label=\" (opens in a new tab)\"> preparada para a retomada do turismo<\/a>. No 2\u00b0 semestre, j\u00e1 est\u00e3o programados eventos como o Festival de Cinema + F\u00f3rum de Estudos Tur\u00edsticos + Festival de Gastronomia + Gramado Summit + Festuris + Natal Luz. Al\u00e9m desses, est\u00e3o sendo remanejados outros 37 eventos.<\/p>\n","protected":false},"excerpt":{"rendered":"<p>Decreto prev\u00ea o in\u00edcio da retomada do turismo, mas estabelece restri\u00e7\u00f5es e exig\u00eancias Em Gramado, acaba de ser publicado o decreto 103\/2020, que permite a reabertura de hot\u00e9is, parques e museus. No documento, s\u00e3o determinados crit\u00e9rios para o funcionamento dos estabelecimentos em meio \u00e0 pandemia de Covid-19, como o uso obrigat\u00f3rio de m\u00e1scaras de prote\u00e7\u00e3o [&hellip;]<\/p>\n","protected":false},"author":6,"featured_media":33226,"comment_status":"open","ping_status":"open","sticky":false,"template":"","format":"standard","meta":{"footnotes":""},"categories":[969,884,226],"tags":[4008,521,4117],"class_list":["post-33164","post","type-post","status-publish","format-standard","has-post-thumbnail","hentry","category-acontece-no-turismo","category-comece-a-viajar","category-destaque","tag-coronavirus","tag-gramado","tag-retomada-do-turismo"],"yoast_head":"<!-- This site is optimized with the Yoast SEO plugin v26.2 - https:\/\/yoast.com\/wordpress\/plugins\/seo\/ -->\n<title>Gramado permite reabertura de hot\u00e9is, parques e museus - Travel3<\/title>\n<meta name=\"description\" content=\"Gramado permite reabertura de hot\u00e9is, parques e museus; decreto prev\u00ea o in\u00edcio da retomada do turismo, mas estabelece restri\u00e7\u00f5es e exig\u00eancias\" \/>\n<meta name=\"robots\" content=\"index, follow, max-snippet:-1, max-image-preview:large, max-video-preview:-1\" \/>\n<link rel=\"canonical\" href=\"https:\/\/www.travel3.com.br\/site\/acontece-no-turismo\/gramado-permite-reabertura-de-hoteis-parques-e-museus\/\" \/>\n<meta property=\"og:locale\" content=\"pt_BR\" \/>\n<meta property=\"og:type\" content=\"article\" \/>\n<meta property=\"og:title\" content=\"Gramado permite reabertura de hot\u00e9is, parques e museus - Travel3\" \/>\n<meta property=\"og:description\" content=\"Gramado permite reabertura de hot\u00e9is, parques e museus; decreto prev\u00ea o in\u00edcio da retomada do turismo, mas estabelece restri\u00e7\u00f5es e exig\u00eancias\" \/>\n<meta property=\"og:url\" content=\"https:\/\/www.travel3.com.br\/site\/acontece-no-turismo\/gramado-permite-reabertura-de-hoteis-parques-e-museus\/\" \/>\n<meta property=\"og:site_name\" content=\"Travel3\" \/>\n<meta property=\"article:publisher\" content=\"https:\/\/www.facebook.com\/travel3media\/\" \/>\n<meta property=\"article:published_time\" content=\"2020-05-21T08:00:12+00:00\" \/>\n<meta property=\"og:image\" content=\"https:\/\/www.travel3.com.br\/site\/wp-content\/uploads\/2020\/05\/Fachada-Stilo-Borges-VERS\u00c3O-IMPRENSA_Easy-Resize.com_.jpg\" \/>\n\t<meta property=\"og:image:width\" content=\"1280\" \/>\n\t<meta property=\"og:image:height\" content=\"854\" \/>\n\t<meta property=\"og:image:type\" content=\"image\/jpeg\" \/>\n<meta name=\"author\" content=\"Reda\u00e7\u00e3o Travel3\" \/>\n<meta name=\"twitter:card\" content=\"summary_large_image\" \/>\n<meta name=\"twitter:label1\" content=\"Escrito por\" \/>\n\t<meta name=\"twitter:data1\" content=\"Reda\u00e7\u00e3o Travel3\" \/>\n\t<meta name=\"twitter:label2\" content=\"Est. tempo de leitura\" \/>\n\t<meta name=\"twitter:data2\" content=\"3 minutos\" \/>\n<script type=\"application\/ld+json\" class=\"yoast-schema-graph\">{\"@context\":\"https:\/\/schema.org\",\"@graph\":[{\"@type\":\"Article\",\"@id\":\"https:\/\/www.travel3.com.br\/site\/acontece-no-turismo\/gramado-permite-reabertura-de-hoteis-parques-e-museus\/#article\",\"isPartOf\":{\"@id\":\"https:\/\/www.travel3.com.br\/site\/acontece-no-turismo\/gramado-permite-reabertura-de-hoteis-parques-e-museus\/\"},\"author\":{\"name\":\"Reda\u00e7\u00e3o Travel3\",\"@id\":\"https:\/\/www.travel3.com.br\/site\/#\/schema\/person\/9cff8daac0a2f1aa0799f827b8aa8308\"},\"headline\":\"Gramado permite reabertura de hot\u00e9is, parques e museus\",\"datePublished\":\"2020-05-21T08:00:12+00:00\",\"mainEntityOfPage\":{\"@id\":\"https:\/\/www.travel3.com.br\/site\/acontece-no-turismo\/gramado-permite-reabertura-de-hoteis-parques-e-museus\/\"},\"wordCount\":555,\"commentCount\":0,\"publisher\":{\"@id\":\"https:\/\/www.travel3.com.br\/site\/#organization\"},\"image\":{\"@id\":\"https:\/\/www.travel3.com.br\/site\/acontece-no-turismo\/gramado-permite-reabertura-de-hoteis-parques-e-museus\/#primaryimage\"},\"thumbnailUrl\":\"https:\/\/www.travel3.com.br\/site\/wp-content\/uploads\/2020\/05\/Fachada-Stilo-Borges-VERS\u00c3O-IMPRENSA_Easy-Resize.com_.jpg\",\"keywords\":[\"Coronav\u00edrus\",\"gramado\",\"Retomada do Turismo\"],\"articleSection\":[\"Acontece no Turismo\",\"Comece a Viajar\",\"Destaque\"],\"inLanguage\":\"pt-BR\",\"potentialAction\":[{\"@type\":\"CommentAction\",\"name\":\"Comment\",\"target\":[\"https:\/\/www.travel3.com.br\/site\/acontece-no-turismo\/gramado-permite-reabertura-de-hoteis-parques-e-museus\/#respond\"]}]},{\"@type\":\"WebPage\",\"@id\":\"https:\/\/www.travel3.com.br\/site\/acontece-no-turismo\/gramado-permite-reabertura-de-hoteis-parques-e-museus\/\",\"url\":\"https:\/\/www.travel3.com.br\/site\/acontece-no-turismo\/gramado-permite-reabertura-de-hoteis-parques-e-museus\/\",\"name\":\"Gramado permite reabertura de hot\u00e9is, parques e museus - Travel3\",\"isPartOf\":{\"@id\":\"https:\/\/www.travel3.com.br\/site\/#website\"},\"primaryImageOfPage\":{\"@id\":\"https:\/\/www.travel3.com.br\/site\/acontece-no-turismo\/gramado-permite-reabertura-de-hoteis-parques-e-museus\/#primaryimage\"},\"image\":{\"@id\":\"https:\/\/www.travel3.com.br\/site\/acontece-no-turismo\/gramado-permite-reabertura-de-hoteis-parques-e-museus\/#primaryimage\"},\"thumbnailUrl\":\"https:\/\/www.travel3.com.br\/site\/wp-content\/uploads\/2020\/05\/Fachada-Stilo-Borges-VERS\u00c3O-IMPRENSA_Easy-Resize.com_.jpg\",\"datePublished\":\"2020-05-21T08:00:12+00:00\",\"description\":\"Gramado permite reabertura de hot\u00e9is, parques e museus; decreto prev\u00ea o in\u00edcio da retomada do turismo, mas estabelece restri\u00e7\u00f5es e exig\u00eancias\",\"breadcrumb\":{\"@id\":\"https:\/\/www.travel3.com.br\/site\/acontece-no-turismo\/gramado-permite-reabertura-de-hoteis-parques-e-museus\/#breadcrumb\"},\"inLanguage\":\"pt-BR\",\"potentialAction\":[{\"@type\":\"ReadAction\",\"target\":[\"https:\/\/www.travel3.com.br\/site\/acontece-no-turismo\/gramado-permite-reabertura-de-hoteis-parques-e-museus\/\"]}]},{\"@type\":\"ImageObject\",\"inLanguage\":\"pt-BR\",\"@id\":\"https:\/\/www.travel3.com.br\/site\/acontece-no-turismo\/gramado-permite-reabertura-de-hoteis-parques-e-museus\/#primaryimage\",\"url\":\"https:\/\/www.travel3.com.br\/site\/wp-content\/uploads\/2020\/05\/Fachada-Stilo-Borges-VERS\u00c3O-IMPRENSA_Easy-Resize.com_.jpg\",\"contentUrl\":\"https:\/\/www.travel3.com.br\/site\/wp-content\/uploads\/2020\/05\/Fachada-Stilo-Borges-VERS\u00c3O-IMPRENSA_Easy-Resize.com_.jpg\",\"width\":1280,\"height\":854,\"caption\":\"Hot\u00e9is poder\u00e3o reabrir, mas dever\u00e3o adotar medidas de seguran\u00e7a (Foto: Divulga\u00e7\u00e3o)\"},{\"@type\":\"BreadcrumbList\",\"@id\":\"https:\/\/www.travel3.com.br\/site\/acontece-no-turismo\/gramado-permite-reabertura-de-hoteis-parques-e-museus\/#breadcrumb\",\"itemListElement\":[{\"@type\":\"ListItem\",\"position\":1,\"name\":\"In\u00edcio\",\"item\":\"https:\/\/www.travel3.com.br\/site\/\"},{\"@type\":\"ListItem\",\"position\":2,\"name\":\"Gramado permite reabertura de hot\u00e9is, parques e museus\"}]},{\"@type\":\"WebSite\",\"@id\":\"https:\/\/www.travel3.com.br\/site\/#website\",\"url\":\"https:\/\/www.travel3.com.br\/site\/\",\"name\":\"Travel3\",\"description\":\"Lazer + Neg&oacute;cios + Aventura\",\"publisher\":{\"@id\":\"https:\/\/www.travel3.com.br\/site\/#organization\"},\"potentialAction\":[{\"@type\":\"SearchAction\",\"target\":{\"@type\":\"EntryPoint\",\"urlTemplate\":\"https:\/\/www.travel3.com.br\/site\/?s={search_term_string}\"},\"query-input\":{\"@type\":\"PropertyValueSpecification\",\"valueRequired\":true,\"valueName\":\"search_term_string\"}}],\"inLanguage\":\"pt-BR\"},{\"@type\":\"Organization\",\"@id\":\"https:\/\/www.travel3.com.br\/site\/#organization\",\"name\":\"Travel3\",\"url\":\"https:\/\/www.travel3.com.br\/site\/\",\"logo\":{\"@type\":\"ImageObject\",\"inLanguage\":\"pt-BR\",\"@id\":\"https:\/\/www.travel3.com.br\/site\/#\/schema\/logo\/image\/\",\"url\":\"https:\/\/www.travel3.com.br\/site\/wp-content\/uploads\/2020\/01\/logo-travel3-2020.png\",\"contentUrl\":\"https:\/\/www.travel3.com.br\/site\/wp-content\/uploads\/2020\/01\/logo-travel3-2020.png\",\"width\":232,\"height\":79,\"caption\":\"Travel3\"},\"image\":{\"@id\":\"https:\/\/www.travel3.com.br\/site\/#\/schema\/logo\/image\/\"},\"sameAs\":[\"https:\/\/www.facebook.com\/travel3media\/\",\"https:\/\/www.instagram.com\/revistatravel3\/\",\"https:\/\/www.youtube.com\/channel\/UCno7J4paGBR3VbZQzvoJ9Eg\"]},{\"@type\":\"Person\",\"@id\":\"https:\/\/www.travel3.com.br\/site\/#\/schema\/person\/9cff8daac0a2f1aa0799f827b8aa8308\",\"name\":\"Reda\u00e7\u00e3o Travel3\",\"image\":{\"@type\":\"ImageObject\",\"inLanguage\":\"pt-BR\",\"@id\":\"https:\/\/www.travel3.com.br\/site\/#\/schema\/person\/image\/\",\"url\":\"https:\/\/secure.gravatar.com\/avatar\/6e6125525e1f04b7b8c607d71556e490?s=96&d=mm&r=g\",\"contentUrl\":\"https:\/\/secure.gravatar.com\/avatar\/6e6125525e1f04b7b8c607d71556e490?s=96&d=mm&r=g\",\"caption\":\"Reda\u00e7\u00e3o Travel3\"},\"sameAs\":[\"http:\/\/www.travel3.com.br\"],\"url\":\"https:\/\/www.travel3.com.br\/site\/author\/redacao2\/\"}]}<\/script>\n<!-- \/ Yoast SEO plugin. -->","yoast_head_json":{"title":"Gramado permite reabertura de hot\u00e9is, parques e museus - Travel3","description":"Gramado permite reabertura de hot\u00e9is, parques e museus; decreto prev\u00ea o in\u00edcio da retomada do turismo, mas estabelece restri\u00e7\u00f5es e exig\u00eancias","robots":{"index":"index","follow":"follow","max-snippet":"max-snippet:-1","max-image-preview":"max-image-preview:large","max-video-preview":"max-video-preview:-1"},"canonical":"https:\/\/www.travel3.com.br\/site\/acontece-no-turismo\/gramado-permite-reabertura-de-hoteis-parques-e-museus\/","og_locale":"pt_BR","og_type":"article","og_title":"Gramado permite reabertura de hot\u00e9is, parques e museus - Travel3","og_description":"Gramado permite reabertura de hot\u00e9is, parques e museus; decreto prev\u00ea o in\u00edcio da retomada do turismo, mas estabelece restri\u00e7\u00f5es e exig\u00eancias","og_url":"https:\/\/www.travel3.com.br\/site\/acontece-no-turismo\/gramado-permite-reabertura-de-hoteis-parques-e-museus\/","og_site_name":"Travel3","article_publisher":"https:\/\/www.facebook.com\/travel3media\/","article_published_time":"2020-05-21T08:00:12+00:00","og_image":[{"width":1280,"height":854,"url":"https:\/\/www.travel3.com.br\/site\/wp-content\/uploads\/2020\/05\/Fachada-Stilo-Borges-VERS\u00c3O-IMPRENSA_Easy-Resize.com_.jpg","type":"image\/jpeg"}],"author":"Reda\u00e7\u00e3o Travel3","twitter_card":"summary_large_image","twitter_misc":{"Escrito por":"Reda\u00e7\u00e3o Travel3","Est. tempo de leitura":"3 minutos"},"schema":{"@context":"https:\/\/schema.org","@graph":[{"@type":"Article","@id":"https:\/\/www.travel3.com.br\/site\/acontece-no-turismo\/gramado-permite-reabertura-de-hoteis-parques-e-museus\/#article","isPartOf":{"@id":"https:\/\/www.travel3.com.br\/site\/acontece-no-turismo\/gramado-permite-reabertura-de-hoteis-parques-e-museus\/"},"author":{"name":"Reda\u00e7\u00e3o Travel3","@id":"https:\/\/www.travel3.com.br\/site\/#\/schema\/person\/9cff8daac0a2f1aa0799f827b8aa8308"},"headline":"Gramado permite reabertura de hot\u00e9is, parques e museus","datePublished":"2020-05-21T08:00:12+00:00","mainEntityOfPage":{"@id":"https:\/\/www.travel3.com.br\/site\/acontece-no-turismo\/gramado-permite-reabertura-de-hoteis-parques-e-museus\/"},"wordCount":555,"commentCount":0,"publisher":{"@id":"https:\/\/www.travel3.com.br\/site\/#organization"},"image":{"@id":"https:\/\/www.travel3.com.br\/site\/acontece-no-turismo\/gramado-permite-reabertura-de-hoteis-parques-e-museus\/#primaryimage"},"thumbnailUrl":"https:\/\/www.travel3.com.br\/site\/wp-content\/uploads\/2020\/05\/Fachada-Stilo-Borges-VERS\u00c3O-IMPRENSA_Easy-Resize.com_.jpg","keywords":["Coronav\u00edrus","gramado","Retomada do Turismo"],"articleSection":["Acontece no Turismo","Comece a Viajar","Destaque"],"inLanguage":"pt-BR","potentialAction":[{"@type":"CommentAction","name":"Comment","target":["https:\/\/www.travel3.com.br\/site\/acontece-no-turismo\/gramado-permite-reabertura-de-hoteis-parques-e-museus\/#respond"]}]},{"@type":"WebPage","@id":"https:\/\/www.travel3.com.br\/site\/acontece-no-turismo\/gramado-permite-reabertura-de-hoteis-parques-e-museus\/","url":"https:\/\/www.travel3.com.br\/site\/acontece-no-turismo\/gramado-permite-reabertura-de-hoteis-parques-e-museus\/","name":"Gramado permite reabertura de hot\u00e9is, parques e museus - Travel3","isPartOf":{"@id":"https:\/\/www.travel3.com.br\/site\/#website"},"primaryImageOfPage":{"@id":"https:\/\/www.travel3.com.br\/site\/acontece-no-turismo\/gramado-permite-reabertura-de-hoteis-parques-e-museus\/#primaryimage"},"image":{"@id":"https:\/\/www.travel3.com.br\/site\/acontece-no-turismo\/gramado-permite-reabertura-de-hoteis-parques-e-museus\/#primaryimage"},"thumbnailUrl":"https:\/\/www.travel3.com.br\/site\/wp-content\/uploads\/2020\/05\/Fachada-Stilo-Borges-VERS\u00c3O-IMPRENSA_Easy-Resize.com_.jpg","datePublished":"2020-05-21T08:00:12+00:00","description":"Gramado permite reabertura de hot\u00e9is, parques e museus; decreto prev\u00ea o in\u00edcio da retomada do turismo, mas estabelece restri\u00e7\u00f5es e exig\u00eancias","breadcrumb":{"@id":"https:\/\/www.travel3.com.br\/site\/acontece-no-turismo\/gramado-permite-reabertura-de-hoteis-parques-e-museus\/#breadcrumb"},"inLanguage":"pt-BR","potentialAction":[{"@type":"ReadAction","target":["https:\/\/www.travel3.com.br\/site\/acontece-no-turismo\/gramado-permite-reabertura-de-hoteis-parques-e-museus\/"]}]},{"@type":"ImageObject","inLanguage":"pt-BR","@id":"https:\/\/www.travel3.com.br\/site\/acontece-no-turismo\/gramado-permite-reabertura-de-hoteis-parques-e-museus\/#primaryimage","url":"https:\/\/www.travel3.com.br\/site\/wp-content\/uploads\/2020\/05\/Fachada-Stilo-Borges-VERS\u00c3O-IMPRENSA_Easy-Resize.com_.jpg","contentUrl":"https:\/\/www.travel3.com.br\/site\/wp-content\/uploads\/2020\/05\/Fachada-Stilo-Borges-VERS\u00c3O-IMPRENSA_Easy-Resize.com_.jpg","width":1280,"height":854,"caption":"Hot\u00e9is poder\u00e3o reabrir, mas dever\u00e3o adotar medidas de seguran\u00e7a (Foto: Divulga\u00e7\u00e3o)"},{"@type":"BreadcrumbList","@id":"https:\/\/www.travel3.com.br\/site\/acontece-no-turismo\/gramado-permite-reabertura-de-hoteis-parques-e-museus\/#breadcrumb","itemListElement":[{"@type":"ListItem","position":1,"name":"In\u00edcio","item":"https:\/\/www.travel3.com.br\/site\/"},{"@type":"ListItem","position":2,"name":"Gramado permite reabertura de hot\u00e9is, parques e museus"}]},{"@type":"WebSite","@id":"https:\/\/www.travel3.com.br\/site\/#website","url":"https:\/\/www.travel3.com.br\/site\/","name":"Travel3","description":"Lazer + Neg&oacute;cios + Aventura","publisher":{"@id":"https:\/\/www.travel3.com.br\/site\/#organization"},"potentialAction":[{"@type":"SearchAction","target":{"@type":"EntryPoint","urlTemplate":"https:\/\/www.travel3.com.br\/site\/?s={search_term_string}"},"query-input":{"@type":"PropertyValueSpecification","valueRequired":true,"valueName":"search_term_string"}}],"inLanguage":"pt-BR"},{"@type":"Organization","@id":"https:\/\/www.travel3.com.br\/site\/#organization","name":"Travel3","url":"https:\/\/www.travel3.com.br\/site\/","logo":{"@type":"ImageObject","inLanguage":"pt-BR","@id":"https:\/\/www.travel3.com.br\/site\/#\/schema\/logo\/image\/","url":"https:\/\/www.travel3.com.br\/site\/wp-content\/uploads\/2020\/01\/logo-travel3-2020.png","contentUrl":"https:\/\/www.travel3.com.br\/site\/wp-content\/uploads\/2020\/01\/logo-travel3-2020.png","width":232,"height":79,"caption":"Travel3"},"image":{"@id":"https:\/\/www.travel3.com.br\/site\/#\/schema\/logo\/image\/"},"sameAs":["https:\/\/www.facebook.com\/travel3media\/","https:\/\/www.instagram.com\/revistatravel3\/","https:\/\/www.youtube.com\/channel\/UCno7J4paGBR3VbZQzvoJ9Eg"]},{"@type":"Person","@id":"https:\/\/www.travel3.com.br\/site\/#\/schema\/person\/9cff8daac0a2f1aa0799f827b8aa8308","name":"Reda\u00e7\u00e3o Travel3","image":{"@type":"ImageObject","inLanguage":"pt-BR","@id":"https:\/\/www.travel3.com.br\/site\/#\/schema\/person\/image\/","url":"https:\/\/secure.gravatar.com\/avatar\/6e6125525e1f04b7b8c607d71556e490?s=96&d=mm&r=g","contentUrl":"https:\/\/secure.gravatar.com\/avatar\/6e6125525e1f04b7b8c607d71556e490?s=96&d=mm&r=g","caption":"Reda\u00e7\u00e3o Travel3"},"sameAs":["http:\/\/www.travel3.com.br"],"url":"https:\/\/www.travel3.com.br\/site\/author\/redacao2\/"}]}},"_links":{"self":[{"href":"https:\/\/www.travel3.com.br\/site\/wp-json\/wp\/v2\/posts\/33164","targetHints":{"allow":["GET"]}}],"collection":[{"href":"https:\/\/www.travel3.com.br\/site\/wp-json\/wp\/v2\/posts"}],"about":[{"href":"https:\/\/www.travel3.com.br\/site\/wp-json\/wp\/v2\/types\/post"}],"author":[{"embeddable":true,"href":"https:\/\/www.travel3.com.br\/site\/wp-json\/wp\/v2\/users\/6"}],"replies":[{"embeddable":true,"href":"https:\/\/www.travel3.com.br\/site\/wp-json\/wp\/v2\/comments?post=33164"}],"version-history":[{"count":5,"href":"https:\/\/www.travel3.com.br\/site\/wp-json\/wp\/v2\/posts\/33164\/revisions"}],"predecessor-version":[{"id":33228,"href":"https:\/\/www.travel3.com.br\/site\/wp-json\/wp\/v2\/posts\/33164\/revisions\/33228"}],"wp:featuredmedia":[{"embeddable":true,"href":"https:\/\/www.travel3.com.br\/site\/wp-json\/wp\/v2\/media\/33226"}],"wp:attachment":[{"href":"https:\/\/www.travel3.com.br\/site\/wp-json\/wp\/v2\/media?parent=33164"}],"wp:term":[{"taxonomy":"category","embeddable":true,"href":"https:\/\/www.travel3.com.br\/site\/wp-json\/wp\/v2\/categories?post=33164"},{"taxonomy":"post_tag","embeddable":true,"href":"https:\/\/www.travel3.com.br\/site\/wp-json\/wp\/v2\/tags?post=33164"}],"curies":[{"name":"wp","href":"https:\/\/api.w.org\/{rel}","templated":true}]}}