{"id":33144,"date":"2020-05-08T11:28:37","date_gmt":"2020-05-08T14:28:37","guid":{"rendered":"https:\/\/www.travel3.com.br\/?p=33144"},"modified":"2020-05-08T11:39:37","modified_gmt":"2020-05-08T14:39:37","slug":"iata-e-contraria","status":"publish","type":"post","link":"https:\/\/www.travel3.com.br\/site\/ir-e-vir\/ar\/iata-e-contraria\/","title":{"rendered":"IATA \u00e9 contr\u00e1ria ao distanciamento social a bordo dos voos"},"content":{"rendered":"\n<figure class=\"wp-block-image\"><img loading=\"lazy\" decoding=\"async\" width=\"1024\" height=\"584\" src=\"https:\/\/www.travel3.com.br\/site\/wp-content\/uploads\/2020\/05\/inside-2568698_1920-1024x584.jpg\" alt=\"Avi\u00e3o dentro do voo\" class=\"wp-image-33158\" srcset=\"https:\/\/www.travel3.com.br\/site\/wp-content\/uploads\/2020\/05\/inside-2568698_1920-1024x584.jpg 1024w, https:\/\/www.travel3.com.br\/site\/wp-content\/uploads\/2020\/05\/inside-2568698_1920-300x171.jpg 300w, https:\/\/www.travel3.com.br\/site\/wp-content\/uploads\/2020\/05\/inside-2568698_1920-768x438.jpg 768w, https:\/\/www.travel3.com.br\/site\/wp-content\/uploads\/2020\/05\/inside-2568698_1920-750x428.jpg 750w, https:\/\/www.travel3.com.br\/site\/wp-content\/uploads\/2020\/05\/inside-2568698_1920-1140x650.jpg 1140w, https:\/\/www.travel3.com.br\/site\/wp-content\/uploads\/2020\/05\/inside-2568698_1920.jpg 1920w\" sizes=\"auto, (max-width: 1024px) 100vw, 1024px\" \/><figcaption>(Foto: Divulga\u00e7\u00e3o)<\/figcaption><\/figure>\n\n\n\n<h3 class=\"wp-block-heading\" style=\"text-align:center\">Associa\u00e7\u00e3o come\u00e7a a esbo\u00e7ar estrat\u00e9gias para combater o Coronav\u00edrus dentro das aeronaves<\/h3>\n\n\n\n<p>A Associa\u00e7\u00e3o Internacional de Transporte A\u00e9reo = IATA anunciou que \u00e9 favor\u00e1vel ao uso de m\u00e1scaras faciais durante voos. O uso do equipamento por tripula\u00e7\u00e3o e passageiros torna ainda menor o risco de transmiss\u00e3o a bordo, e \u00e9 recomendado para quando as <a href=\"https:\/\/www.travel3.com.br\/destaque\/gramado-se-prepara\/\" target=\"_blank\" rel=\"noreferrer noopener\" aria-label=\"viagens forem retomadas (opens in a new tab)\">viagens forem retomadas<\/a>. Por\u00e9m, a associa\u00e7\u00e3o \u00e9 contr\u00e1ria \u00e0s propostas de distanciamento social, que deixariam assentos vazios nas aeronaves.<\/p>\n\n\n\n<p>As medidas extraordin\u00e1rias, como refor\u00e7o na higieniza\u00e7\u00e3o, al\u00e9m dos filtros de ar de avi\u00f5es, garantem a biosseguran\u00e7a nos voos. Al\u00e9m disso, o distanciamento a bordo elevaria o custo das viagens em um momento em que o transporte a\u00e9reo ser\u00e1 ainda mais necess\u00e1rio.<\/p>\n\n\n\n<blockquote class=\"wp-block-quote is-layout-flow wp-block-quote-is-layout-flow\"><p>A seguran\u00e7a dos passageiros e membros da tripula\u00e7\u00e3o \u00e9 fundamental. O setor da avia\u00e7\u00e3o trabalha com os governos para reiniciar os voos assim que for seguro. As evid\u00eancias sugerem que o risco de transmiss\u00e3o a bordo das aeronaves \u00e9 baixo. Mesmo assim, tomaremos medidas para aumentar a prote\u00e7\u00e3o, como o uso de m\u00e1scaras por passageiros e membros da tripula\u00e7\u00e3o.<\/p><p>Precisamos encontrar uma solu\u00e7\u00e3o que garanta aos passageiros a <a href=\"https:\/\/www.travel3.com.br\/destaque\/iata-pede-que\/\" target=\"_blank\" rel=\"noreferrer noopener\" aria-label=\"confian\u00e7a para voar (opens in a new tab)\">confian\u00e7a para voar<\/a> e que mantenha o custo do voo acess\u00edvel. A presen\u00e7a de apenas um desses fatores n\u00e3o trar\u00e1 benef\u00edcios duradouros.<\/p><cite>Alexandre de Juniac &#8211; Diretor Geral e CEO da IATA<\/cite><\/blockquote>\n\n\n\n<h2 class=\"wp-block-heading\">IATA \u00e9 favor\u00e1vel a outras medidas de seguran\u00e7a extraordin\u00e1rias<\/h2>\n\n\n\n<p>A IATA recomenda a cobertura facial por parte dos passageiros, e o uso de m\u00e1scaras pelos membros da tripula\u00e7\u00e3o. Mas, al\u00e9m dessas, s\u00e3o sugeridas pela associa\u00e7\u00e3o outras medidas tempor\u00e1rias de biosseguran\u00e7a.<\/p>\n\n\n\n<p>Uma das orienta\u00e7\u00f5es, por exemplo, \u00e9 a medi\u00e7\u00e3o da temperatura de passageiros + funcion\u00e1rios de aeroportos. A IATA tamb\u00e9m recomenda que o embarque e o desembarque ocorram com contato reduzido entre os passageiros.<\/p>\n\n\n\n<p>A limpeza refor\u00e7ada da cabine + a redu\u00e7\u00e3o da movimenta\u00e7\u00e3o de pessoas durante o voo + a simplifica\u00e7\u00e3o dos servi\u00e7os de alimenta\u00e7\u00e3o a bordo tamb\u00e9m s\u00e3o indicados <a href=\"https:\/\/www.travel3.com.br\/comece-a-viajar\/diario-coronavirus-literatura-de-viagem-everest\/\">em tempos de coronav\u00edrus<\/a>.<\/p>\n\n\n\n<p>E passaportes de imunidade e <a rel=\"noreferrer noopener\" aria-label=\"testes negativos para a Covid-19 (opens in a new tab)\" href=\"https:\/\/www.travel3.com.br\/destaque\/emirates-inicia-testes\/\" target=\"_blank\">testes negativos para a Covid-19<\/a> tamb\u00e9m podem, posteriormente, ser adotados, de acordo com a associa\u00e7\u00e3o.<\/p>\n\n\n\n<h2 class=\"wp-block-heading\">Distanciamento social a bordo n\u00e3o \u00e9 recomendado pela associa\u00e7\u00e3o<\/h2>\n\n\n\n<p>Segundo a IATA, h\u00e1 evid\u00eancias de que, mesmo sem medidas especiais, o risco de contamina\u00e7\u00e3o em voos \u00e9 baixo. Uma pesquisa informal da associa\u00e7\u00e3o com 18 companhias a\u00e9reas, por exemplo, indicou apenas 3 epis\u00f3dios de suspeita de transmiss\u00e3o a bordo. O estudo, feito entre janeiro e mar\u00e7o de 2020, identificou a prov\u00e1vel contamina\u00e7\u00e3o de membros da tripula\u00e7\u00e3o por passageiros. Al\u00e9m desses, outros 4 epis\u00f3dios relataram suspeita de transmiss\u00e3o de piloto para piloto. N\u00e3o h\u00e1, no entanto, ind\u00edcios de transmiss\u00e3o entre passageiros.<\/p>\n\n\n\n<p>A IATA tamb\u00e9m rastreou o contato de 1.100 passageiros que tiveram Covid-19 confirmada ap\u00f3s viagens a\u00e9reas, e n\u00e3o foi revelada transmiss\u00e3o secund\u00e1ria entre os 100 mil passageiros nos mesmos voos; foram apenas 2 casos suspeitos entre membros da tripula\u00e7\u00e3o.<\/p>\n\n\n\n<p>A prov\u00e1vel explica\u00e7\u00e3o para a baixa transmiss\u00e3o do v\u00edrus a bordo \u00e9 que as viagens a\u00e9reas s\u00e3o diferentes dos outros meios de transporte. Nos voos, o passageiro normalmente olha para frente, com intera\u00e7\u00f5es face a face limitadas &#8211; e os assentos agem como uma barreira \u00e0 transmiss\u00e3o para frente ou para tr\u00e1s na cabine.<\/p>\n\n\n\n<p>Ao mesmo tempo, o fluxo de ar do teto para o ch\u00e3o reduz a transmiss\u00e3o entre os assentos; e o ar, que \u00e9 rapidamente renovado, passa por filtros HEPA = <em>High Efficiency Particulate Air.&nbsp;<\/em><\/p>\n\n\n\n<blockquote class=\"wp-block-quote is-layout-flow wp-block-quote-is-layout-flow\"><p>O ambiente da cabine naturalmente dificulta a transmiss\u00e3o de v\u00edrus por v\u00e1rios motivos. Isso ajuda a explicar por que vimos poucas ocorr\u00eancias de transmiss\u00e3o a bordo. No curto prazo, nosso objetivo \u00e9 tornar o ambiente da cabine ainda mais seguro, com medidas efetivas, para que os passageiros e membros da tripula\u00e7\u00e3o possam voltar a viajar com confian\u00e7a. Medi\u00e7\u00e3o da temperatura, cobertura facial e m\u00e1scaras est\u00e3o entre as v\u00e1rias medidas que recomendamos; que n\u00e3o incluem deixar o assento do meio vazio.<\/p><cite>Alexandre de Juniac &#8211; Diretor Geral e CEO da IATA<\/cite><\/blockquote>\n\n\n\n<figure class=\"wp-block-image\"><img loading=\"lazy\" decoding=\"async\" width=\"660\" height=\"298\" src=\"https:\/\/www.travel3.com.br\/site\/wp-content\/uploads\/2020\/05\/unnamed-27.png\" alt=\"IATA \u00e9\" class=\"wp-image-33152\" srcset=\"https:\/\/www.travel3.com.br\/site\/wp-content\/uploads\/2020\/05\/unnamed-27.png 660w, https:\/\/www.travel3.com.br\/site\/wp-content\/uploads\/2020\/05\/unnamed-27-300x135.png 300w\" sizes=\"auto, (max-width: 660px) 100vw, 660px\" \/><figcaption>Impacto previsto do distanciamento social no pre\u00e7o das passagens (Foto: Divulga\u00e7\u00e3o)<\/figcaption><\/figure>\n\n\n\n<h2 class=\"wp-block-heading\">Impacto econ\u00f4mico do distanciamento nos voos \u00e9 destacado <\/h2>\n\n\n\n<p>Segundo a IATA, o distanciamento a bordo, com a proibi\u00e7\u00e3o de ocupa\u00e7\u00e3o do assento do meio das aeronaves, mudaria significativamente a economia da avia\u00e7\u00e3o. Se isso ocorresse, a taxa de ocupa\u00e7\u00e3o m\u00e1xima do voo seria de 62% &#8211; bem abaixo da taxa de ocupa\u00e7\u00e3o m\u00ednima de 77% para que as companhias n\u00e3o tenham preju\u00edzo.<\/p>\n\n\n\n<p>Tal cen\u00e1rio viria acompanhado do aumento dos custos unit\u00e1rios, e implicaria pre\u00e7os mais altos em rela\u00e7\u00e3o a 2019; isso apenas para cobrir custos.<\/p>\n\n\n\n<blockquote class=\"wp-block-quote is-layout-flow wp-block-quote-is-layout-flow\"><p>As companhias a\u00e9reas est\u00e3o lutando para sobreviver, ent\u00e3o manter o assento do meio vago aumentar\u00e1 os custos. Se isso puder ser compensado com tarifas mais altas, as viagens deixar\u00e3o de ser acess\u00edveis. Por outro lado, se n\u00e3o puderem neutralizar os custos com tarifas mais altas, as companhias a\u00e9reas ir\u00e3o \u00e0 fal\u00eancia. Esta tamb\u00e9m n\u00e3o \u00e9 uma boa op\u00e7\u00e3o quando o mundo precisar\u00e1 de uma forte conectividade para ajudar na recupera\u00e7\u00e3o econ\u00f4mica causada pela Covid-19.<\/p><cite>Alexandre de Juniac &#8211; Diretor Geral e CEO da IATA<\/cite><\/blockquote>\n\n\n\n<h3 class=\"wp-block-heading\" style=\"text-align:center\">Saiba mais = <a href=\"https:\/\/www.iata.org\/\">www.iata.org<\/a> <\/h3>\n","protected":false},"excerpt":{"rendered":"<p>Associa\u00e7\u00e3o come\u00e7a a esbo\u00e7ar estrat\u00e9gias para combater o Coronav\u00edrus dentro das aeronaves A Associa\u00e7\u00e3o Internacional de Transporte A\u00e9reo = IATA anunciou que \u00e9 favor\u00e1vel ao uso de m\u00e1scaras faciais durante voos. O uso do equipamento por tripula\u00e7\u00e3o e passageiros torna ainda menor o risco de transmiss\u00e3o a bordo, e \u00e9 recomendado para quando as viagens [&hellip;]<\/p>\n","protected":false},"author":6,"featured_media":33158,"comment_status":"open","ping_status":"open","sticky":false,"template":"","format":"standard","meta":{"footnotes":""},"categories":[309,226,8],"tags":[1465,4008,3490,4107],"class_list":["post-33144","post","type-post","status-publish","format-standard","has-post-thumbnail","hentry","category-ar","category-destaque","category-ir-e-vir","tag-aviacao-civil","tag-coronavirus","tag-iata","tag-mascaras-faciais"],"yoast_head":"<!-- This site is optimized with the Yoast SEO plugin v26.2 - https:\/\/yoast.com\/wordpress\/plugins\/seo\/ -->\n<title>IATA \u00e9 contr\u00e1ria ao distanciamento social a bordo dos voos - Travel3<\/title>\n<meta name=\"description\" content=\"IATA \u00e9 a favor do uso de m\u00e1scaras faciais a bordo; no entanto, associa\u00e7\u00e3o \u00e9 contr\u00e1ria ao distanciamento social durante os voos\" \/>\n<meta name=\"robots\" content=\"index, follow, max-snippet:-1, max-image-preview:large, max-video-preview:-1\" \/>\n<link rel=\"canonical\" href=\"https:\/\/www.travel3.com.br\/site\/ir-e-vir\/ar\/iata-e-contraria\/\" \/>\n<meta property=\"og:locale\" content=\"pt_BR\" \/>\n<meta property=\"og:type\" content=\"article\" \/>\n<meta property=\"og:title\" content=\"IATA \u00e9 contr\u00e1ria ao distanciamento social a bordo dos voos - Travel3\" \/>\n<meta property=\"og:description\" content=\"IATA \u00e9 a favor do uso de m\u00e1scaras faciais a bordo; no entanto, associa\u00e7\u00e3o \u00e9 contr\u00e1ria ao distanciamento social durante os voos\" \/>\n<meta property=\"og:url\" content=\"https:\/\/www.travel3.com.br\/site\/ir-e-vir\/ar\/iata-e-contraria\/\" \/>\n<meta property=\"og:site_name\" content=\"Travel3\" \/>\n<meta property=\"article:publisher\" content=\"https:\/\/www.facebook.com\/travel3media\/\" \/>\n<meta property=\"article:published_time\" content=\"2020-05-08T14:28:37+00:00\" \/>\n<meta property=\"article:modified_time\" content=\"2020-05-08T14:39:37+00:00\" \/>\n<meta property=\"og:image\" content=\"https:\/\/www.travel3.com.br\/site\/wp-content\/uploads\/2020\/05\/inside-2568698_1920.jpg\" \/>\n\t<meta property=\"og:image:width\" content=\"1920\" \/>\n\t<meta property=\"og:image:height\" content=\"1095\" \/>\n\t<meta property=\"og:image:type\" content=\"image\/jpeg\" \/>\n<meta name=\"author\" content=\"Reda\u00e7\u00e3o Travel3\" \/>\n<meta name=\"twitter:card\" content=\"summary_large_image\" \/>\n<meta name=\"twitter:label1\" content=\"Escrito por\" \/>\n\t<meta name=\"twitter:data1\" content=\"Reda\u00e7\u00e3o Travel3\" \/>\n\t<meta name=\"twitter:label2\" content=\"Est. tempo de leitura\" \/>\n\t<meta name=\"twitter:data2\" content=\"5 minutos\" \/>\n<script type=\"application\/ld+json\" class=\"yoast-schema-graph\">{\"@context\":\"https:\/\/schema.org\",\"@graph\":[{\"@type\":\"Article\",\"@id\":\"https:\/\/www.travel3.com.br\/site\/ir-e-vir\/ar\/iata-e-contraria\/#article\",\"isPartOf\":{\"@id\":\"https:\/\/www.travel3.com.br\/site\/ir-e-vir\/ar\/iata-e-contraria\/\"},\"author\":{\"name\":\"Reda\u00e7\u00e3o Travel3\",\"@id\":\"https:\/\/www.travel3.com.br\/site\/#\/schema\/person\/9cff8daac0a2f1aa0799f827b8aa8308\"},\"headline\":\"IATA \u00e9 contr\u00e1ria ao distanciamento social a bordo dos voos\",\"datePublished\":\"2020-05-08T14:28:37+00:00\",\"dateModified\":\"2020-05-08T14:39:37+00:00\",\"mainEntityOfPage\":{\"@id\":\"https:\/\/www.travel3.com.br\/site\/ir-e-vir\/ar\/iata-e-contraria\/\"},\"wordCount\":954,\"commentCount\":0,\"publisher\":{\"@id\":\"https:\/\/www.travel3.com.br\/site\/#organization\"},\"image\":{\"@id\":\"https:\/\/www.travel3.com.br\/site\/ir-e-vir\/ar\/iata-e-contraria\/#primaryimage\"},\"thumbnailUrl\":\"https:\/\/www.travel3.com.br\/site\/wp-content\/uploads\/2020\/05\/inside-2568698_1920.jpg\",\"keywords\":[\"avia\u00e7\u00e3o civil\",\"Coronav\u00edrus\",\"IATA\",\"M\u00e1scaras Faciais\"],\"articleSection\":[\"Ar\",\"Destaque\",\"Ir e Vir\"],\"inLanguage\":\"pt-BR\",\"potentialAction\":[{\"@type\":\"CommentAction\",\"name\":\"Comment\",\"target\":[\"https:\/\/www.travel3.com.br\/site\/ir-e-vir\/ar\/iata-e-contraria\/#respond\"]}]},{\"@type\":\"WebPage\",\"@id\":\"https:\/\/www.travel3.com.br\/site\/ir-e-vir\/ar\/iata-e-contraria\/\",\"url\":\"https:\/\/www.travel3.com.br\/site\/ir-e-vir\/ar\/iata-e-contraria\/\",\"name\":\"IATA \u00e9 contr\u00e1ria ao distanciamento social a bordo dos voos - Travel3\",\"isPartOf\":{\"@id\":\"https:\/\/www.travel3.com.br\/site\/#website\"},\"primaryImageOfPage\":{\"@id\":\"https:\/\/www.travel3.com.br\/site\/ir-e-vir\/ar\/iata-e-contraria\/#primaryimage\"},\"image\":{\"@id\":\"https:\/\/www.travel3.com.br\/site\/ir-e-vir\/ar\/iata-e-contraria\/#primaryimage\"},\"thumbnailUrl\":\"https:\/\/www.travel3.com.br\/site\/wp-content\/uploads\/2020\/05\/inside-2568698_1920.jpg\",\"datePublished\":\"2020-05-08T14:28:37+00:00\",\"dateModified\":\"2020-05-08T14:39:37+00:00\",\"description\":\"IATA \u00e9 a favor do uso de m\u00e1scaras faciais a bordo; no entanto, associa\u00e7\u00e3o \u00e9 contr\u00e1ria ao distanciamento social durante os voos\",\"breadcrumb\":{\"@id\":\"https:\/\/www.travel3.com.br\/site\/ir-e-vir\/ar\/iata-e-contraria\/#breadcrumb\"},\"inLanguage\":\"pt-BR\",\"potentialAction\":[{\"@type\":\"ReadAction\",\"target\":[\"https:\/\/www.travel3.com.br\/site\/ir-e-vir\/ar\/iata-e-contraria\/\"]}]},{\"@type\":\"ImageObject\",\"inLanguage\":\"pt-BR\",\"@id\":\"https:\/\/www.travel3.com.br\/site\/ir-e-vir\/ar\/iata-e-contraria\/#primaryimage\",\"url\":\"https:\/\/www.travel3.com.br\/site\/wp-content\/uploads\/2020\/05\/inside-2568698_1920.jpg\",\"contentUrl\":\"https:\/\/www.travel3.com.br\/site\/wp-content\/uploads\/2020\/05\/inside-2568698_1920.jpg\",\"width\":1920,\"height\":1095,\"caption\":\"(Foto: Divulga\u00e7\u00e3o)\"},{\"@type\":\"BreadcrumbList\",\"@id\":\"https:\/\/www.travel3.com.br\/site\/ir-e-vir\/ar\/iata-e-contraria\/#breadcrumb\",\"itemListElement\":[{\"@type\":\"ListItem\",\"position\":1,\"name\":\"In\u00edcio\",\"item\":\"https:\/\/www.travel3.com.br\/site\/\"},{\"@type\":\"ListItem\",\"position\":2,\"name\":\"IATA \u00e9 contr\u00e1ria ao distanciamento social a bordo dos voos\"}]},{\"@type\":\"WebSite\",\"@id\":\"https:\/\/www.travel3.com.br\/site\/#website\",\"url\":\"https:\/\/www.travel3.com.br\/site\/\",\"name\":\"Travel3\",\"description\":\"Lazer + Neg&oacute;cios + Aventura\",\"publisher\":{\"@id\":\"https:\/\/www.travel3.com.br\/site\/#organization\"},\"potentialAction\":[{\"@type\":\"SearchAction\",\"target\":{\"@type\":\"EntryPoint\",\"urlTemplate\":\"https:\/\/www.travel3.com.br\/site\/?s={search_term_string}\"},\"query-input\":{\"@type\":\"PropertyValueSpecification\",\"valueRequired\":true,\"valueName\":\"search_term_string\"}}],\"inLanguage\":\"pt-BR\"},{\"@type\":\"Organization\",\"@id\":\"https:\/\/www.travel3.com.br\/site\/#organization\",\"name\":\"Travel3\",\"url\":\"https:\/\/www.travel3.com.br\/site\/\",\"logo\":{\"@type\":\"ImageObject\",\"inLanguage\":\"pt-BR\",\"@id\":\"https:\/\/www.travel3.com.br\/site\/#\/schema\/logo\/image\/\",\"url\":\"https:\/\/www.travel3.com.br\/site\/wp-content\/uploads\/2020\/01\/logo-travel3-2020.png\",\"contentUrl\":\"https:\/\/www.travel3.com.br\/site\/wp-content\/uploads\/2020\/01\/logo-travel3-2020.png\",\"width\":232,\"height\":79,\"caption\":\"Travel3\"},\"image\":{\"@id\":\"https:\/\/www.travel3.com.br\/site\/#\/schema\/logo\/image\/\"},\"sameAs\":[\"https:\/\/www.facebook.com\/travel3media\/\",\"https:\/\/www.instagram.com\/revistatravel3\/\",\"https:\/\/www.youtube.com\/channel\/UCno7J4paGBR3VbZQzvoJ9Eg\"]},{\"@type\":\"Person\",\"@id\":\"https:\/\/www.travel3.com.br\/site\/#\/schema\/person\/9cff8daac0a2f1aa0799f827b8aa8308\",\"name\":\"Reda\u00e7\u00e3o Travel3\",\"image\":{\"@type\":\"ImageObject\",\"inLanguage\":\"pt-BR\",\"@id\":\"https:\/\/www.travel3.com.br\/site\/#\/schema\/person\/image\/\",\"url\":\"https:\/\/secure.gravatar.com\/avatar\/6e6125525e1f04b7b8c607d71556e490?s=96&d=mm&r=g\",\"contentUrl\":\"https:\/\/secure.gravatar.com\/avatar\/6e6125525e1f04b7b8c607d71556e490?s=96&d=mm&r=g\",\"caption\":\"Reda\u00e7\u00e3o Travel3\"},\"sameAs\":[\"http:\/\/www.travel3.com.br\"],\"url\":\"https:\/\/www.travel3.com.br\/site\/author\/redacao2\/\"}]}<\/script>\n<!-- \/ Yoast SEO plugin. -->","yoast_head_json":{"title":"IATA \u00e9 contr\u00e1ria ao distanciamento social a bordo dos voos - Travel3","description":"IATA \u00e9 a favor do uso de m\u00e1scaras faciais a bordo; no entanto, associa\u00e7\u00e3o \u00e9 contr\u00e1ria ao distanciamento social durante os voos","robots":{"index":"index","follow":"follow","max-snippet":"max-snippet:-1","max-image-preview":"max-image-preview:large","max-video-preview":"max-video-preview:-1"},"canonical":"https:\/\/www.travel3.com.br\/site\/ir-e-vir\/ar\/iata-e-contraria\/","og_locale":"pt_BR","og_type":"article","og_title":"IATA \u00e9 contr\u00e1ria ao distanciamento social a bordo dos voos - Travel3","og_description":"IATA \u00e9 a favor do uso de m\u00e1scaras faciais a bordo; no entanto, associa\u00e7\u00e3o \u00e9 contr\u00e1ria ao distanciamento social durante os voos","og_url":"https:\/\/www.travel3.com.br\/site\/ir-e-vir\/ar\/iata-e-contraria\/","og_site_name":"Travel3","article_publisher":"https:\/\/www.facebook.com\/travel3media\/","article_published_time":"2020-05-08T14:28:37+00:00","article_modified_time":"2020-05-08T14:39:37+00:00","og_image":[{"width":1920,"height":1095,"url":"https:\/\/www.travel3.com.br\/site\/wp-content\/uploads\/2020\/05\/inside-2568698_1920.jpg","type":"image\/jpeg"}],"author":"Reda\u00e7\u00e3o Travel3","twitter_card":"summary_large_image","twitter_misc":{"Escrito por":"Reda\u00e7\u00e3o Travel3","Est. tempo de leitura":"5 minutos"},"schema":{"@context":"https:\/\/schema.org","@graph":[{"@type":"Article","@id":"https:\/\/www.travel3.com.br\/site\/ir-e-vir\/ar\/iata-e-contraria\/#article","isPartOf":{"@id":"https:\/\/www.travel3.com.br\/site\/ir-e-vir\/ar\/iata-e-contraria\/"},"author":{"name":"Reda\u00e7\u00e3o Travel3","@id":"https:\/\/www.travel3.com.br\/site\/#\/schema\/person\/9cff8daac0a2f1aa0799f827b8aa8308"},"headline":"IATA \u00e9 contr\u00e1ria ao distanciamento social a bordo dos voos","datePublished":"2020-05-08T14:28:37+00:00","dateModified":"2020-05-08T14:39:37+00:00","mainEntityOfPage":{"@id":"https:\/\/www.travel3.com.br\/site\/ir-e-vir\/ar\/iata-e-contraria\/"},"wordCount":954,"commentCount":0,"publisher":{"@id":"https:\/\/www.travel3.com.br\/site\/#organization"},"image":{"@id":"https:\/\/www.travel3.com.br\/site\/ir-e-vir\/ar\/iata-e-contraria\/#primaryimage"},"thumbnailUrl":"https:\/\/www.travel3.com.br\/site\/wp-content\/uploads\/2020\/05\/inside-2568698_1920.jpg","keywords":["avia\u00e7\u00e3o civil","Coronav\u00edrus","IATA","M\u00e1scaras Faciais"],"articleSection":["Ar","Destaque","Ir e Vir"],"inLanguage":"pt-BR","potentialAction":[{"@type":"CommentAction","name":"Comment","target":["https:\/\/www.travel3.com.br\/site\/ir-e-vir\/ar\/iata-e-contraria\/#respond"]}]},{"@type":"WebPage","@id":"https:\/\/www.travel3.com.br\/site\/ir-e-vir\/ar\/iata-e-contraria\/","url":"https:\/\/www.travel3.com.br\/site\/ir-e-vir\/ar\/iata-e-contraria\/","name":"IATA \u00e9 contr\u00e1ria ao distanciamento social a bordo dos voos - Travel3","isPartOf":{"@id":"https:\/\/www.travel3.com.br\/site\/#website"},"primaryImageOfPage":{"@id":"https:\/\/www.travel3.com.br\/site\/ir-e-vir\/ar\/iata-e-contraria\/#primaryimage"},"image":{"@id":"https:\/\/www.travel3.com.br\/site\/ir-e-vir\/ar\/iata-e-contraria\/#primaryimage"},"thumbnailUrl":"https:\/\/www.travel3.com.br\/site\/wp-content\/uploads\/2020\/05\/inside-2568698_1920.jpg","datePublished":"2020-05-08T14:28:37+00:00","dateModified":"2020-05-08T14:39:37+00:00","description":"IATA \u00e9 a favor do uso de m\u00e1scaras faciais a bordo; no entanto, associa\u00e7\u00e3o \u00e9 contr\u00e1ria ao distanciamento social durante os voos","breadcrumb":{"@id":"https:\/\/www.travel3.com.br\/site\/ir-e-vir\/ar\/iata-e-contraria\/#breadcrumb"},"inLanguage":"pt-BR","potentialAction":[{"@type":"ReadAction","target":["https:\/\/www.travel3.com.br\/site\/ir-e-vir\/ar\/iata-e-contraria\/"]}]},{"@type":"ImageObject","inLanguage":"pt-BR","@id":"https:\/\/www.travel3.com.br\/site\/ir-e-vir\/ar\/iata-e-contraria\/#primaryimage","url":"https:\/\/www.travel3.com.br\/site\/wp-content\/uploads\/2020\/05\/inside-2568698_1920.jpg","contentUrl":"https:\/\/www.travel3.com.br\/site\/wp-content\/uploads\/2020\/05\/inside-2568698_1920.jpg","width":1920,"height":1095,"caption":"(Foto: Divulga\u00e7\u00e3o)"},{"@type":"BreadcrumbList","@id":"https:\/\/www.travel3.com.br\/site\/ir-e-vir\/ar\/iata-e-contraria\/#breadcrumb","itemListElement":[{"@type":"ListItem","position":1,"name":"In\u00edcio","item":"https:\/\/www.travel3.com.br\/site\/"},{"@type":"ListItem","position":2,"name":"IATA \u00e9 contr\u00e1ria ao distanciamento social a bordo dos voos"}]},{"@type":"WebSite","@id":"https:\/\/www.travel3.com.br\/site\/#website","url":"https:\/\/www.travel3.com.br\/site\/","name":"Travel3","description":"Lazer + Neg&oacute;cios + Aventura","publisher":{"@id":"https:\/\/www.travel3.com.br\/site\/#organization"},"potentialAction":[{"@type":"SearchAction","target":{"@type":"EntryPoint","urlTemplate":"https:\/\/www.travel3.com.br\/site\/?s={search_term_string}"},"query-input":{"@type":"PropertyValueSpecification","valueRequired":true,"valueName":"search_term_string"}}],"inLanguage":"pt-BR"},{"@type":"Organization","@id":"https:\/\/www.travel3.com.br\/site\/#organization","name":"Travel3","url":"https:\/\/www.travel3.com.br\/site\/","logo":{"@type":"ImageObject","inLanguage":"pt-BR","@id":"https:\/\/www.travel3.com.br\/site\/#\/schema\/logo\/image\/","url":"https:\/\/www.travel3.com.br\/site\/wp-content\/uploads\/2020\/01\/logo-travel3-2020.png","contentUrl":"https:\/\/www.travel3.com.br\/site\/wp-content\/uploads\/2020\/01\/logo-travel3-2020.png","width":232,"height":79,"caption":"Travel3"},"image":{"@id":"https:\/\/www.travel3.com.br\/site\/#\/schema\/logo\/image\/"},"sameAs":["https:\/\/www.facebook.com\/travel3media\/","https:\/\/www.instagram.com\/revistatravel3\/","https:\/\/www.youtube.com\/channel\/UCno7J4paGBR3VbZQzvoJ9Eg"]},{"@type":"Person","@id":"https:\/\/www.travel3.com.br\/site\/#\/schema\/person\/9cff8daac0a2f1aa0799f827b8aa8308","name":"Reda\u00e7\u00e3o Travel3","image":{"@type":"ImageObject","inLanguage":"pt-BR","@id":"https:\/\/www.travel3.com.br\/site\/#\/schema\/person\/image\/","url":"https:\/\/secure.gravatar.com\/avatar\/6e6125525e1f04b7b8c607d71556e490?s=96&d=mm&r=g","contentUrl":"https:\/\/secure.gravatar.com\/avatar\/6e6125525e1f04b7b8c607d71556e490?s=96&d=mm&r=g","caption":"Reda\u00e7\u00e3o Travel3"},"sameAs":["http:\/\/www.travel3.com.br"],"url":"https:\/\/www.travel3.com.br\/site\/author\/redacao2\/"}]}},"_links":{"self":[{"href":"https:\/\/www.travel3.com.br\/site\/wp-json\/wp\/v2\/posts\/33144","targetHints":{"allow":["GET"]}}],"collection":[{"href":"https:\/\/www.travel3.com.br\/site\/wp-json\/wp\/v2\/posts"}],"about":[{"href":"https:\/\/www.travel3.com.br\/site\/wp-json\/wp\/v2\/types\/post"}],"author":[{"embeddable":true,"href":"https:\/\/www.travel3.com.br\/site\/wp-json\/wp\/v2\/users\/6"}],"replies":[{"embeddable":true,"href":"https:\/\/www.travel3.com.br\/site\/wp-json\/wp\/v2\/comments?post=33144"}],"version-history":[{"count":4,"href":"https:\/\/www.travel3.com.br\/site\/wp-json\/wp\/v2\/posts\/33144\/revisions"}],"predecessor-version":[{"id":33160,"href":"https:\/\/www.travel3.com.br\/site\/wp-json\/wp\/v2\/posts\/33144\/revisions\/33160"}],"wp:featuredmedia":[{"embeddable":true,"href":"https:\/\/www.travel3.com.br\/site\/wp-json\/wp\/v2\/media\/33158"}],"wp:attachment":[{"href":"https:\/\/www.travel3.com.br\/site\/wp-json\/wp\/v2\/media?parent=33144"}],"wp:term":[{"taxonomy":"category","embeddable":true,"href":"https:\/\/www.travel3.com.br\/site\/wp-json\/wp\/v2\/categories?post=33144"},{"taxonomy":"post_tag","embeddable":true,"href":"https:\/\/www.travel3.com.br\/site\/wp-json\/wp\/v2\/tags?post=33144"}],"curies":[{"name":"wp","href":"https:\/\/api.w.org\/{rel}","templated":true}]}}