{"id":3314,"date":"2017-07-31T21:15:36","date_gmt":"2017-07-31T21:15:36","guid":{"rendered":"http:\/\/www.travel3.com.br\/site\/ir-e-vir\/ar\/wyndham-group-confirma-aquisicao-dos-fen-hoteis\/"},"modified":"2017-09-12T18:16:51","modified_gmt":"2017-09-12T18:16:51","slug":"wyndham-group-confirma-aquisicao-dos-fen-hoteis","status":"publish","type":"post","link":"https:\/\/www.travel3.com.br\/site\/sem-categoria\/wyndham-group-confirma-aquisicao-dos-fen-hoteis\/","title":{"rendered":"WYNDHAM GROUP CONFIRMA AQUISI\u00c7\u00c3O DOS FEN HOT\u00c9IS"},"content":{"rendered":"<p><span style=\"color: #40acad; font-family: -apple-system, system-ui, 'Segoe UI', Roboto, Oxygen-Sans, Ubuntu, Cantarell, 'Helvetica Neue', sans-serif; font-size: 12px; font-weight: bold;\"><\/p>\n<p style=\"text-align:justify\"><strong>BUENOS AIRES<\/strong> \u2013 Est\u00e1 confirmada a venda dos Fen Hot\u00e9is para o Wyndham Hotel Group, grupo que det\u00e9m a lideran\u00e7a mundial em empreendimentos hoteleiros. Com o neg\u00f3cio fechado, s\u00e3o acrescentados mais 26 contratos de gest\u00e3o em v\u00e1rios pa\u00edses sul-americanos &#8211; \u00a0Argentina, Peru, Costa Rica, Uruguai, Paraguai, Bol\u00edvia \u2013 e tamb\u00e9m nos \u00a0EUA. Entram como atrativos especiais os dois novos Fen constru\u00eddos e em fase de abertura em Montevid\u00e9u e Assun\u00e7\u00e3o.<\/p>\n<p style=\"text-align:justify\">Com a assinatura Fen Hot\u00e9is no Esplendor Boutique Hot\u00e9is\u00a0e\u00a0Dazzler Hot\u00e9is, portf\u00f3lio de marcas distintas da Wyndham Hotel Group \u00a0s\u00e3o mais 18, \u00a0\u00a0a serem comercializados atrav\u00e9s do programa de fidelidade, Wyndham Rewards, at\u00e9 o final de 2017.<\/p>\n<p style=\"text-align:justify\">O CEO atual do Fen, Patricio Fuks, permanecer\u00e1 como presidente para a regi\u00e3o da Am\u00e9rica Latina. \u201cDesde hot\u00e9is boutique com design superior e um foco no servi\u00e7o e conforto, Fen Hot\u00e9is satisfaz os h\u00f3spedes visita ap\u00f3s a visita e s\u00e3o 14 anos de sucesso&#8221;, reiterou o executivo que se mostra otimista com as possibilidades de amplia\u00e7\u00e3o da rede.<\/p>\n<p style=\"text-align:justify\">S\u00e3o 22 hot\u00e9is existentes em 6 paises que se agrupam aos 188 e 19 paises da Windham na Am\u00e9rica Latina, mais de 8 mil em todo o mundo. &#8220;Na medida que integrarmos as empresas ao longo dos pr\u00f3ximos 18 meses, ser parte da fam\u00edlia Wyndham permitir\u00e1 acesso \u00a0aos nossos clientes\u00a0 a algumas das experi\u00eancias de f\u00e9rias mais desej\u00e1veis&#8221;.<\/p>\n<p style=\"text-align:justify\">&#8220;Ao longo dos \u00faltimos 14 anos, a lideran\u00e7a dedicada e pioneirismo da Fen Hot\u00e9is &#39;introduziu uma carteira diversificada e ic\u00f3nica como marca elogiada pelos h\u00f3spedes em toda a Am\u00e9rica Latina&#8221;,\u00a0disse\u00a0Paulo Pena\u00a0, presidente e diretor administrativo da Wyndham Hotel Group na Am\u00e9rica Latina e Caribe&#8221;<\/p>\n<p style=\"text-align:justify\">Al\u00e9m desse acordo com a \u00a0Fen Hot\u00e9is, a Windham acerta tamb\u00e9m com \u00a0a Emprenurban, para o lan\u00e7amento \u00a0em 2017 dos dois primeiros Grand Hotels Wyndham na Am\u00e9rica Latina.<\/p>\n<p><\/span><\/p>\n","protected":false},"excerpt":{"rendered":"<p>S\u00e3o 26 contratos de gest\u00e3o na em pa\u00edses como a Argentina, o Peru, Costa Rica, Uruguai, Paraguai, Bolivia e Estados Unidos<\/p>\n","protected":false},"author":1,"featured_media":0,"comment_status":"open","ping_status":"open","sticky":false,"template":"","format":"standard","meta":{"footnotes":""},"categories":[],"tags":[],"class_list":["post-3314","post","type-post","status-publish","format-standard","hentry"],"yoast_head":"<!-- This site is optimized with the Yoast SEO plugin v26.2 - https:\/\/yoast.com\/wordpress\/plugins\/seo\/ -->\n<title>WYNDHAM GROUP CONFIRMA AQUISI\u00c7\u00c3O DOS FEN HOT\u00c9IS - Travel3<\/title>\n<meta name=\"description\" content=\"A TRAVEL3 \u00e9 um portal de conte\u00fado voltado para o turismo, encontre destinos, viagens, hospedagem, passagens, guias, not\u00edcias sobre o mercado do turismo, dicas de viagem, v\u00eddeos e podcast.\" \/>\n<meta name=\"robots\" content=\"index, follow, max-snippet:-1, max-image-preview:large, max-video-preview:-1\" \/>\n<link rel=\"canonical\" href=\"https:\/\/www.travel3.com.br\/site\/sem-categoria\/wyndham-group-confirma-aquisicao-dos-fen-hoteis\/\" \/>\n<meta property=\"og:locale\" content=\"pt_BR\" \/>\n<meta property=\"og:type\" content=\"article\" \/>\n<meta property=\"og:title\" content=\"WYNDHAM GROUP CONFIRMA AQUISI\u00c7\u00c3O DOS FEN HOT\u00c9IS - Travel3\" \/>\n<meta property=\"og:description\" content=\"A TRAVEL3 \u00e9 um portal de conte\u00fado voltado para o turismo, encontre destinos, viagens, hospedagem, passagens, guias, not\u00edcias sobre o mercado do turismo, dicas de viagem, v\u00eddeos e podcast.\" \/>\n<meta property=\"og:url\" content=\"https:\/\/www.travel3.com.br\/site\/sem-categoria\/wyndham-group-confirma-aquisicao-dos-fen-hoteis\/\" \/>\n<meta property=\"og:site_name\" content=\"Travel3\" \/>\n<meta property=\"article:publisher\" content=\"https:\/\/www.facebook.com\/travel3media\/\" \/>\n<meta property=\"article:published_time\" content=\"2017-07-31T21:15:36+00:00\" \/>\n<meta property=\"article:modified_time\" content=\"2017-09-12T18:16:51+00:00\" \/>\n<meta name=\"author\" content=\"admin\" \/>\n<meta name=\"twitter:card\" content=\"summary_large_image\" \/>\n<meta name=\"twitter:label1\" content=\"Escrito por\" \/>\n\t<meta name=\"twitter:data1\" content=\"admin\" \/>\n\t<meta name=\"twitter:label2\" content=\"Est. tempo de leitura\" \/>\n\t<meta name=\"twitter:data2\" content=\"2 minutos\" \/>\n<script type=\"application\/ld+json\" class=\"yoast-schema-graph\">{\"@context\":\"https:\/\/schema.org\",\"@graph\":[{\"@type\":\"Article\",\"@id\":\"https:\/\/www.travel3.com.br\/site\/sem-categoria\/wyndham-group-confirma-aquisicao-dos-fen-hoteis\/#article\",\"isPartOf\":{\"@id\":\"https:\/\/www.travel3.com.br\/site\/sem-categoria\/wyndham-group-confirma-aquisicao-dos-fen-hoteis\/\"},\"author\":{\"name\":\"admin\",\"@id\":\"https:\/\/www.travel3.com.br\/site\/#\/schema\/person\/a69d71e41a024999b6ab82369ac0bd1e\"},\"headline\":\"WYNDHAM GROUP CONFIRMA AQUISI\u00c7\u00c3O DOS FEN HOT\u00c9IS\",\"datePublished\":\"2017-07-31T21:15:36+00:00\",\"dateModified\":\"2017-09-12T18:16:51+00:00\",\"mainEntityOfPage\":{\"@id\":\"https:\/\/www.travel3.com.br\/site\/sem-categoria\/wyndham-group-confirma-aquisicao-dos-fen-hoteis\/\"},\"wordCount\":340,\"commentCount\":0,\"publisher\":{\"@id\":\"https:\/\/www.travel3.com.br\/site\/#organization\"},\"inLanguage\":\"pt-BR\",\"potentialAction\":[{\"@type\":\"CommentAction\",\"name\":\"Comment\",\"target\":[\"https:\/\/www.travel3.com.br\/site\/sem-categoria\/wyndham-group-confirma-aquisicao-dos-fen-hoteis\/#respond\"]}]},{\"@type\":\"WebPage\",\"@id\":\"https:\/\/www.travel3.com.br\/site\/sem-categoria\/wyndham-group-confirma-aquisicao-dos-fen-hoteis\/\",\"url\":\"https:\/\/www.travel3.com.br\/site\/sem-categoria\/wyndham-group-confirma-aquisicao-dos-fen-hoteis\/\",\"name\":\"WYNDHAM GROUP CONFIRMA AQUISI\u00c7\u00c3O DOS FEN HOT\u00c9IS - Travel3\",\"isPartOf\":{\"@id\":\"https:\/\/www.travel3.com.br\/site\/#website\"},\"datePublished\":\"2017-07-31T21:15:36+00:00\",\"dateModified\":\"2017-09-12T18:16:51+00:00\",\"description\":\"A TRAVEL3 \u00e9 um portal de conte\u00fado voltado para o turismo, encontre destinos, viagens, hospedagem, passagens, guias, not\u00edcias sobre o mercado do turismo, dicas de viagem, v\u00eddeos e podcast.\",\"breadcrumb\":{\"@id\":\"https:\/\/www.travel3.com.br\/site\/sem-categoria\/wyndham-group-confirma-aquisicao-dos-fen-hoteis\/#breadcrumb\"},\"inLanguage\":\"pt-BR\",\"potentialAction\":[{\"@type\":\"ReadAction\",\"target\":[\"https:\/\/www.travel3.com.br\/site\/sem-categoria\/wyndham-group-confirma-aquisicao-dos-fen-hoteis\/\"]}]},{\"@type\":\"BreadcrumbList\",\"@id\":\"https:\/\/www.travel3.com.br\/site\/sem-categoria\/wyndham-group-confirma-aquisicao-dos-fen-hoteis\/#breadcrumb\",\"itemListElement\":[{\"@type\":\"ListItem\",\"position\":1,\"name\":\"In\u00edcio\",\"item\":\"https:\/\/www.travel3.com.br\/site\/\"},{\"@type\":\"ListItem\",\"position\":2,\"name\":\"WYNDHAM GROUP CONFIRMA AQUISI\u00c7\u00c3O DOS FEN HOT\u00c9IS\"}]},{\"@type\":\"WebSite\",\"@id\":\"https:\/\/www.travel3.com.br\/site\/#website\",\"url\":\"https:\/\/www.travel3.com.br\/site\/\",\"name\":\"Travel3\",\"description\":\"Lazer + Neg&oacute;cios + Aventura\",\"publisher\":{\"@id\":\"https:\/\/www.travel3.com.br\/site\/#organization\"},\"potentialAction\":[{\"@type\":\"SearchAction\",\"target\":{\"@type\":\"EntryPoint\",\"urlTemplate\":\"https:\/\/www.travel3.com.br\/site\/?s={search_term_string}\"},\"query-input\":{\"@type\":\"PropertyValueSpecification\",\"valueRequired\":true,\"valueName\":\"search_term_string\"}}],\"inLanguage\":\"pt-BR\"},{\"@type\":\"Organization\",\"@id\":\"https:\/\/www.travel3.com.br\/site\/#organization\",\"name\":\"Travel3\",\"url\":\"https:\/\/www.travel3.com.br\/site\/\",\"logo\":{\"@type\":\"ImageObject\",\"inLanguage\":\"pt-BR\",\"@id\":\"https:\/\/www.travel3.com.br\/site\/#\/schema\/logo\/image\/\",\"url\":\"https:\/\/www.travel3.com.br\/site\/wp-content\/uploads\/2020\/01\/logo-travel3-2020.png\",\"contentUrl\":\"https:\/\/www.travel3.com.br\/site\/wp-content\/uploads\/2020\/01\/logo-travel3-2020.png\",\"width\":232,\"height\":79,\"caption\":\"Travel3\"},\"image\":{\"@id\":\"https:\/\/www.travel3.com.br\/site\/#\/schema\/logo\/image\/\"},\"sameAs\":[\"https:\/\/www.facebook.com\/travel3media\/\",\"https:\/\/www.instagram.com\/revistatravel3\/\",\"https:\/\/www.youtube.com\/channel\/UCno7J4paGBR3VbZQzvoJ9Eg\"]},{\"@type\":\"Person\",\"@id\":\"https:\/\/www.travel3.com.br\/site\/#\/schema\/person\/a69d71e41a024999b6ab82369ac0bd1e\",\"name\":\"admin\",\"image\":{\"@type\":\"ImageObject\",\"inLanguage\":\"pt-BR\",\"@id\":\"https:\/\/www.travel3.com.br\/site\/#\/schema\/person\/image\/\",\"url\":\"https:\/\/secure.gravatar.com\/avatar\/732a67adfd764da2a47ba10ce731c4c0?s=96&d=mm&r=g\",\"contentUrl\":\"https:\/\/secure.gravatar.com\/avatar\/732a67adfd764da2a47ba10ce731c4c0?s=96&d=mm&r=g\",\"caption\":\"admin\"},\"url\":\"https:\/\/www.travel3.com.br\/site\/author\/admin\/\"}]}<\/script>\n<!-- \/ Yoast SEO plugin. -->","yoast_head_json":{"title":"WYNDHAM GROUP CONFIRMA AQUISI\u00c7\u00c3O DOS FEN HOT\u00c9IS - Travel3","description":"A TRAVEL3 \u00e9 um portal de conte\u00fado voltado para o turismo, encontre destinos, viagens, hospedagem, passagens, guias, not\u00edcias sobre o mercado do turismo, dicas de viagem, v\u00eddeos e podcast.","robots":{"index":"index","follow":"follow","max-snippet":"max-snippet:-1","max-image-preview":"max-image-preview:large","max-video-preview":"max-video-preview:-1"},"canonical":"https:\/\/www.travel3.com.br\/site\/sem-categoria\/wyndham-group-confirma-aquisicao-dos-fen-hoteis\/","og_locale":"pt_BR","og_type":"article","og_title":"WYNDHAM GROUP CONFIRMA AQUISI\u00c7\u00c3O DOS FEN HOT\u00c9IS - Travel3","og_description":"A TRAVEL3 \u00e9 um portal de conte\u00fado voltado para o turismo, encontre destinos, viagens, hospedagem, passagens, guias, not\u00edcias sobre o mercado do turismo, dicas de viagem, v\u00eddeos e podcast.","og_url":"https:\/\/www.travel3.com.br\/site\/sem-categoria\/wyndham-group-confirma-aquisicao-dos-fen-hoteis\/","og_site_name":"Travel3","article_publisher":"https:\/\/www.facebook.com\/travel3media\/","article_published_time":"2017-07-31T21:15:36+00:00","article_modified_time":"2017-09-12T18:16:51+00:00","author":"admin","twitter_card":"summary_large_image","twitter_misc":{"Escrito por":"admin","Est. tempo de leitura":"2 minutos"},"schema":{"@context":"https:\/\/schema.org","@graph":[{"@type":"Article","@id":"https:\/\/www.travel3.com.br\/site\/sem-categoria\/wyndham-group-confirma-aquisicao-dos-fen-hoteis\/#article","isPartOf":{"@id":"https:\/\/www.travel3.com.br\/site\/sem-categoria\/wyndham-group-confirma-aquisicao-dos-fen-hoteis\/"},"author":{"name":"admin","@id":"https:\/\/www.travel3.com.br\/site\/#\/schema\/person\/a69d71e41a024999b6ab82369ac0bd1e"},"headline":"WYNDHAM GROUP CONFIRMA AQUISI\u00c7\u00c3O DOS FEN HOT\u00c9IS","datePublished":"2017-07-31T21:15:36+00:00","dateModified":"2017-09-12T18:16:51+00:00","mainEntityOfPage":{"@id":"https:\/\/www.travel3.com.br\/site\/sem-categoria\/wyndham-group-confirma-aquisicao-dos-fen-hoteis\/"},"wordCount":340,"commentCount":0,"publisher":{"@id":"https:\/\/www.travel3.com.br\/site\/#organization"},"inLanguage":"pt-BR","potentialAction":[{"@type":"CommentAction","name":"Comment","target":["https:\/\/www.travel3.com.br\/site\/sem-categoria\/wyndham-group-confirma-aquisicao-dos-fen-hoteis\/#respond"]}]},{"@type":"WebPage","@id":"https:\/\/www.travel3.com.br\/site\/sem-categoria\/wyndham-group-confirma-aquisicao-dos-fen-hoteis\/","url":"https:\/\/www.travel3.com.br\/site\/sem-categoria\/wyndham-group-confirma-aquisicao-dos-fen-hoteis\/","name":"WYNDHAM GROUP CONFIRMA AQUISI\u00c7\u00c3O DOS FEN HOT\u00c9IS - Travel3","isPartOf":{"@id":"https:\/\/www.travel3.com.br\/site\/#website"},"datePublished":"2017-07-31T21:15:36+00:00","dateModified":"2017-09-12T18:16:51+00:00","description":"A TRAVEL3 \u00e9 um portal de conte\u00fado voltado para o turismo, encontre destinos, viagens, hospedagem, passagens, guias, not\u00edcias sobre o mercado do turismo, dicas de viagem, v\u00eddeos e podcast.","breadcrumb":{"@id":"https:\/\/www.travel3.com.br\/site\/sem-categoria\/wyndham-group-confirma-aquisicao-dos-fen-hoteis\/#breadcrumb"},"inLanguage":"pt-BR","potentialAction":[{"@type":"ReadAction","target":["https:\/\/www.travel3.com.br\/site\/sem-categoria\/wyndham-group-confirma-aquisicao-dos-fen-hoteis\/"]}]},{"@type":"BreadcrumbList","@id":"https:\/\/www.travel3.com.br\/site\/sem-categoria\/wyndham-group-confirma-aquisicao-dos-fen-hoteis\/#breadcrumb","itemListElement":[{"@type":"ListItem","position":1,"name":"In\u00edcio","item":"https:\/\/www.travel3.com.br\/site\/"},{"@type":"ListItem","position":2,"name":"WYNDHAM GROUP CONFIRMA AQUISI\u00c7\u00c3O DOS FEN HOT\u00c9IS"}]},{"@type":"WebSite","@id":"https:\/\/www.travel3.com.br\/site\/#website","url":"https:\/\/www.travel3.com.br\/site\/","name":"Travel3","description":"Lazer + Neg&oacute;cios + Aventura","publisher":{"@id":"https:\/\/www.travel3.com.br\/site\/#organization"},"potentialAction":[{"@type":"SearchAction","target":{"@type":"EntryPoint","urlTemplate":"https:\/\/www.travel3.com.br\/site\/?s={search_term_string}"},"query-input":{"@type":"PropertyValueSpecification","valueRequired":true,"valueName":"search_term_string"}}],"inLanguage":"pt-BR"},{"@type":"Organization","@id":"https:\/\/www.travel3.com.br\/site\/#organization","name":"Travel3","url":"https:\/\/www.travel3.com.br\/site\/","logo":{"@type":"ImageObject","inLanguage":"pt-BR","@id":"https:\/\/www.travel3.com.br\/site\/#\/schema\/logo\/image\/","url":"https:\/\/www.travel3.com.br\/site\/wp-content\/uploads\/2020\/01\/logo-travel3-2020.png","contentUrl":"https:\/\/www.travel3.com.br\/site\/wp-content\/uploads\/2020\/01\/logo-travel3-2020.png","width":232,"height":79,"caption":"Travel3"},"image":{"@id":"https:\/\/www.travel3.com.br\/site\/#\/schema\/logo\/image\/"},"sameAs":["https:\/\/www.facebook.com\/travel3media\/","https:\/\/www.instagram.com\/revistatravel3\/","https:\/\/www.youtube.com\/channel\/UCno7J4paGBR3VbZQzvoJ9Eg"]},{"@type":"Person","@id":"https:\/\/www.travel3.com.br\/site\/#\/schema\/person\/a69d71e41a024999b6ab82369ac0bd1e","name":"admin","image":{"@type":"ImageObject","inLanguage":"pt-BR","@id":"https:\/\/www.travel3.com.br\/site\/#\/schema\/person\/image\/","url":"https:\/\/secure.gravatar.com\/avatar\/732a67adfd764da2a47ba10ce731c4c0?s=96&d=mm&r=g","contentUrl":"https:\/\/secure.gravatar.com\/avatar\/732a67adfd764da2a47ba10ce731c4c0?s=96&d=mm&r=g","caption":"admin"},"url":"https:\/\/www.travel3.com.br\/site\/author\/admin\/"}]}},"_links":{"self":[{"href":"https:\/\/www.travel3.com.br\/site\/wp-json\/wp\/v2\/posts\/3314","targetHints":{"allow":["GET"]}}],"collection":[{"href":"https:\/\/www.travel3.com.br\/site\/wp-json\/wp\/v2\/posts"}],"about":[{"href":"https:\/\/www.travel3.com.br\/site\/wp-json\/wp\/v2\/types\/post"}],"author":[{"embeddable":true,"href":"https:\/\/www.travel3.com.br\/site\/wp-json\/wp\/v2\/users\/1"}],"replies":[{"embeddable":true,"href":"https:\/\/www.travel3.com.br\/site\/wp-json\/wp\/v2\/comments?post=3314"}],"version-history":[{"count":1,"href":"https:\/\/www.travel3.com.br\/site\/wp-json\/wp\/v2\/posts\/3314\/revisions"}],"predecessor-version":[{"id":4112,"href":"https:\/\/www.travel3.com.br\/site\/wp-json\/wp\/v2\/posts\/3314\/revisions\/4112"}],"wp:attachment":[{"href":"https:\/\/www.travel3.com.br\/site\/wp-json\/wp\/v2\/media?parent=3314"}],"wp:term":[{"taxonomy":"category","embeddable":true,"href":"https:\/\/www.travel3.com.br\/site\/wp-json\/wp\/v2\/categories?post=3314"},{"taxonomy":"post_tag","embeddable":true,"href":"https:\/\/www.travel3.com.br\/site\/wp-json\/wp\/v2\/tags?post=3314"}],"curies":[{"name":"wp","href":"https:\/\/api.w.org\/{rel}","templated":true}]}}