{"id":3312,"date":"2017-09-10T18:56:01","date_gmt":"2017-09-10T18:56:01","guid":{"rendered":"http:\/\/www.travel3.com.br\/site\/ir-e-vir\/ar\/a-importancia-nas-relacoes-economicas-e-sociais-do-turismo\/"},"modified":"2017-09-12T18:16:49","modified_gmt":"2017-09-12T18:16:49","slug":"a-importancia-nas-relacoes-economicas-e-sociais-do-turismo","status":"publish","type":"post","link":"https:\/\/www.travel3.com.br\/site\/sem-categoria\/a-importancia-nas-relacoes-economicas-e-sociais-do-turismo\/","title":{"rendered":"A IMPORT\u00c2NCIA NAS RELA\u00c7\u00d5ES ECON\u00d4MICAS E SOCIAIS DO TURISMO"},"content":{"rendered":"<p><span style=\"color: #40acad; font-family: -apple-system, system-ui, 'Segoe UI', Roboto, Oxygen-Sans, Ubuntu, Cantarell, 'Helvetica Neue', sans-serif; font-size: 12px; font-weight: bold;\"><\/p>\n<p style=\"text-align:justify\"><strong>BUENOS AIRES<\/strong> \u2013 Colocar as instala\u00e7\u00f5es da Embaixada integralmente \u00e0 disposi\u00e7\u00e3o da promo\u00e7\u00e3o tur\u00edstica entre os 2 pa\u00edses e destacar o desenvolvimento das atividades do <em>Visit Brasil<\/em>\u00a0foram aspectos centralizados na solenidade de abertura da Conven\u00e7\u00e3oBraztoa agora pela manh\u00e3.<\/p>\n<p style=\"text-align:justify\">Entre as a\u00e7\u00f5es centrais enunciadas pelo embaixador Sergio Fran\u00e7a Danese na abertura, foram conectados detalhes de aten\u00e7\u00e3o como a amplia\u00e7\u00e3o do tr\u00e1fego a\u00e9reo entre os 2 pa\u00edses, incluindo as taxas\u00a0e quest\u00f5es diplom\u00e1ticas como\u00a0a de ativar os\u00a0canais do Mercosul no tr\u00e1fego de fronteiras,<\/p>\n<p style=\"text-align:justify\">Declarando o amplo apoio consular existente na Argentina atrav\u00e9s da embaixada que est\u00e1 sob o seu comando h\u00e1\u00a0pouco mais de 2\u00a0meses, onde est\u00e3o 12 consulados honor\u00e1rios, Danese pretende aumentar este n\u00famero.<\/p>\n<p style=\"text-align:justify\">A reconex\u00e3o do turismo de Buenos Aires junto \u00e0s principais operadoras Braztoa foi a mensagem expressa por Magda Nasser prometendo a continuidade da luta de 2016 para um avan\u00e7o de sucesso e esperan\u00e7as em 2017.<\/p>\n<p style=\"text-align:justify\">J\u00e1 Gonzalo Lobret, diretor executivo do Ente de Turismo de Buenos Aires anunciou a realiza\u00e7\u00e3o no pr\u00f3ximo ano de um congresso de cultura gastronomica internacional:<\/p>\n<p style=\"text-align:justify\">&#8220;Eis algo que ser\u00e1 agregado ao movimento tur\u00edstico dos brasileiros por aqui, al\u00e9m de atividades que v\u00e3o dinamizar a formata\u00e7\u00e3o de pacotes, entre eles entre Buenos Aires e S\u00e3o Paulo.&#8221;<\/p>\n<p style=\"text-align:justify\">Ele e Roberto Palais, secretario do Inprotur, completaram\u00a0 a mesa montada no subsolo do pr\u00e9dio da embaixada. Alias, o ultimo evento no local antes da ampla reforma que ser\u00e1 ativada para ter ainda maior import\u00e2ncia na rela\u00e7\u00e3o conjugada entre o turismo dos dois pa\u00edses.<\/p>\n<p><\/span><\/p>\n","protected":false},"excerpt":{"rendered":"<p>Embaixador brasileiro coloca o tema na abertura da Conven\u00e7\u00e3o da Braztoa, que aconteceu em Buenos Aires, capital da Argentina<\/p>\n","protected":false},"author":1,"featured_media":0,"comment_status":"open","ping_status":"open","sticky":false,"template":"","format":"standard","meta":{"footnotes":""},"categories":[],"tags":[],"class_list":["post-3312","post","type-post","status-publish","format-standard","hentry"],"yoast_head":"<!-- This site is optimized with the Yoast SEO plugin v26.2 - https:\/\/yoast.com\/wordpress\/plugins\/seo\/ -->\n<title>A IMPORT\u00c2NCIA NAS RELA\u00c7\u00d5ES ECON\u00d4MICAS E SOCIAIS DO TURISMO - Travel3<\/title>\n<meta name=\"description\" content=\"A TRAVEL3 \u00e9 um portal de conte\u00fado voltado para o turismo, encontre destinos, viagens, hospedagem, passagens, guias, not\u00edcias sobre o mercado do turismo, dicas de viagem, v\u00eddeos e podcast.\" \/>\n<meta name=\"robots\" content=\"index, follow, max-snippet:-1, max-image-preview:large, max-video-preview:-1\" \/>\n<link rel=\"canonical\" href=\"https:\/\/www.travel3.com.br\/site\/sem-categoria\/a-importancia-nas-relacoes-economicas-e-sociais-do-turismo\/\" \/>\n<meta property=\"og:locale\" content=\"pt_BR\" \/>\n<meta property=\"og:type\" content=\"article\" \/>\n<meta property=\"og:title\" content=\"A IMPORT\u00c2NCIA NAS RELA\u00c7\u00d5ES ECON\u00d4MICAS E SOCIAIS DO TURISMO - Travel3\" \/>\n<meta property=\"og:description\" content=\"A TRAVEL3 \u00e9 um portal de conte\u00fado voltado para o turismo, encontre destinos, viagens, hospedagem, passagens, guias, not\u00edcias sobre o mercado do turismo, dicas de viagem, v\u00eddeos e podcast.\" \/>\n<meta property=\"og:url\" content=\"https:\/\/www.travel3.com.br\/site\/sem-categoria\/a-importancia-nas-relacoes-economicas-e-sociais-do-turismo\/\" \/>\n<meta property=\"og:site_name\" content=\"Travel3\" \/>\n<meta property=\"article:publisher\" content=\"https:\/\/www.facebook.com\/travel3media\/\" \/>\n<meta property=\"article:published_time\" content=\"2017-09-10T18:56:01+00:00\" \/>\n<meta property=\"article:modified_time\" content=\"2017-09-12T18:16:49+00:00\" \/>\n<meta name=\"author\" content=\"admin\" \/>\n<meta name=\"twitter:card\" content=\"summary_large_image\" \/>\n<meta name=\"twitter:label1\" content=\"Escrito por\" \/>\n\t<meta name=\"twitter:data1\" content=\"admin\" \/>\n\t<meta name=\"twitter:label2\" content=\"Est. tempo de leitura\" \/>\n\t<meta name=\"twitter:data2\" content=\"1 minuto\" \/>\n<script type=\"application\/ld+json\" class=\"yoast-schema-graph\">{\"@context\":\"https:\/\/schema.org\",\"@graph\":[{\"@type\":\"Article\",\"@id\":\"https:\/\/www.travel3.com.br\/site\/sem-categoria\/a-importancia-nas-relacoes-economicas-e-sociais-do-turismo\/#article\",\"isPartOf\":{\"@id\":\"https:\/\/www.travel3.com.br\/site\/sem-categoria\/a-importancia-nas-relacoes-economicas-e-sociais-do-turismo\/\"},\"author\":{\"name\":\"admin\",\"@id\":\"https:\/\/www.travel3.com.br\/site\/#\/schema\/person\/a69d71e41a024999b6ab82369ac0bd1e\"},\"headline\":\"A IMPORT\u00c2NCIA NAS RELA\u00c7\u00d5ES ECON\u00d4MICAS E SOCIAIS DO TURISMO\",\"datePublished\":\"2017-09-10T18:56:01+00:00\",\"dateModified\":\"2017-09-12T18:16:49+00:00\",\"mainEntityOfPage\":{\"@id\":\"https:\/\/www.travel3.com.br\/site\/sem-categoria\/a-importancia-nas-relacoes-economicas-e-sociais-do-turismo\/\"},\"wordCount\":289,\"commentCount\":0,\"publisher\":{\"@id\":\"https:\/\/www.travel3.com.br\/site\/#organization\"},\"inLanguage\":\"pt-BR\",\"potentialAction\":[{\"@type\":\"CommentAction\",\"name\":\"Comment\",\"target\":[\"https:\/\/www.travel3.com.br\/site\/sem-categoria\/a-importancia-nas-relacoes-economicas-e-sociais-do-turismo\/#respond\"]}]},{\"@type\":\"WebPage\",\"@id\":\"https:\/\/www.travel3.com.br\/site\/sem-categoria\/a-importancia-nas-relacoes-economicas-e-sociais-do-turismo\/\",\"url\":\"https:\/\/www.travel3.com.br\/site\/sem-categoria\/a-importancia-nas-relacoes-economicas-e-sociais-do-turismo\/\",\"name\":\"A IMPORT\u00c2NCIA NAS RELA\u00c7\u00d5ES ECON\u00d4MICAS E SOCIAIS DO TURISMO - Travel3\",\"isPartOf\":{\"@id\":\"https:\/\/www.travel3.com.br\/site\/#website\"},\"datePublished\":\"2017-09-10T18:56:01+00:00\",\"dateModified\":\"2017-09-12T18:16:49+00:00\",\"description\":\"A TRAVEL3 \u00e9 um portal de conte\u00fado voltado para o turismo, encontre destinos, viagens, hospedagem, passagens, guias, not\u00edcias sobre o mercado do turismo, dicas de viagem, v\u00eddeos e podcast.\",\"breadcrumb\":{\"@id\":\"https:\/\/www.travel3.com.br\/site\/sem-categoria\/a-importancia-nas-relacoes-economicas-e-sociais-do-turismo\/#breadcrumb\"},\"inLanguage\":\"pt-BR\",\"potentialAction\":[{\"@type\":\"ReadAction\",\"target\":[\"https:\/\/www.travel3.com.br\/site\/sem-categoria\/a-importancia-nas-relacoes-economicas-e-sociais-do-turismo\/\"]}]},{\"@type\":\"BreadcrumbList\",\"@id\":\"https:\/\/www.travel3.com.br\/site\/sem-categoria\/a-importancia-nas-relacoes-economicas-e-sociais-do-turismo\/#breadcrumb\",\"itemListElement\":[{\"@type\":\"ListItem\",\"position\":1,\"name\":\"In\u00edcio\",\"item\":\"https:\/\/www.travel3.com.br\/site\/\"},{\"@type\":\"ListItem\",\"position\":2,\"name\":\"A IMPORT\u00c2NCIA NAS RELA\u00c7\u00d5ES ECON\u00d4MICAS E SOCIAIS DO TURISMO\"}]},{\"@type\":\"WebSite\",\"@id\":\"https:\/\/www.travel3.com.br\/site\/#website\",\"url\":\"https:\/\/www.travel3.com.br\/site\/\",\"name\":\"Travel3\",\"description\":\"Lazer + Neg&oacute;cios + Aventura\",\"publisher\":{\"@id\":\"https:\/\/www.travel3.com.br\/site\/#organization\"},\"potentialAction\":[{\"@type\":\"SearchAction\",\"target\":{\"@type\":\"EntryPoint\",\"urlTemplate\":\"https:\/\/www.travel3.com.br\/site\/?s={search_term_string}\"},\"query-input\":{\"@type\":\"PropertyValueSpecification\",\"valueRequired\":true,\"valueName\":\"search_term_string\"}}],\"inLanguage\":\"pt-BR\"},{\"@type\":\"Organization\",\"@id\":\"https:\/\/www.travel3.com.br\/site\/#organization\",\"name\":\"Travel3\",\"url\":\"https:\/\/www.travel3.com.br\/site\/\",\"logo\":{\"@type\":\"ImageObject\",\"inLanguage\":\"pt-BR\",\"@id\":\"https:\/\/www.travel3.com.br\/site\/#\/schema\/logo\/image\/\",\"url\":\"https:\/\/www.travel3.com.br\/site\/wp-content\/uploads\/2020\/01\/logo-travel3-2020.png\",\"contentUrl\":\"https:\/\/www.travel3.com.br\/site\/wp-content\/uploads\/2020\/01\/logo-travel3-2020.png\",\"width\":232,\"height\":79,\"caption\":\"Travel3\"},\"image\":{\"@id\":\"https:\/\/www.travel3.com.br\/site\/#\/schema\/logo\/image\/\"},\"sameAs\":[\"https:\/\/www.facebook.com\/travel3media\/\",\"https:\/\/www.instagram.com\/revistatravel3\/\",\"https:\/\/www.youtube.com\/channel\/UCno7J4paGBR3VbZQzvoJ9Eg\"]},{\"@type\":\"Person\",\"@id\":\"https:\/\/www.travel3.com.br\/site\/#\/schema\/person\/a69d71e41a024999b6ab82369ac0bd1e\",\"name\":\"admin\",\"image\":{\"@type\":\"ImageObject\",\"inLanguage\":\"pt-BR\",\"@id\":\"https:\/\/www.travel3.com.br\/site\/#\/schema\/person\/image\/\",\"url\":\"https:\/\/secure.gravatar.com\/avatar\/732a67adfd764da2a47ba10ce731c4c0?s=96&d=mm&r=g\",\"contentUrl\":\"https:\/\/secure.gravatar.com\/avatar\/732a67adfd764da2a47ba10ce731c4c0?s=96&d=mm&r=g\",\"caption\":\"admin\"},\"url\":\"https:\/\/www.travel3.com.br\/site\/author\/admin\/\"}]}<\/script>\n<!-- \/ Yoast SEO plugin. -->","yoast_head_json":{"title":"A IMPORT\u00c2NCIA NAS RELA\u00c7\u00d5ES ECON\u00d4MICAS E SOCIAIS DO TURISMO - Travel3","description":"A TRAVEL3 \u00e9 um portal de conte\u00fado voltado para o turismo, encontre destinos, viagens, hospedagem, passagens, guias, not\u00edcias sobre o mercado do turismo, dicas de viagem, v\u00eddeos e podcast.","robots":{"index":"index","follow":"follow","max-snippet":"max-snippet:-1","max-image-preview":"max-image-preview:large","max-video-preview":"max-video-preview:-1"},"canonical":"https:\/\/www.travel3.com.br\/site\/sem-categoria\/a-importancia-nas-relacoes-economicas-e-sociais-do-turismo\/","og_locale":"pt_BR","og_type":"article","og_title":"A IMPORT\u00c2NCIA NAS RELA\u00c7\u00d5ES ECON\u00d4MICAS E SOCIAIS DO TURISMO - Travel3","og_description":"A TRAVEL3 \u00e9 um portal de conte\u00fado voltado para o turismo, encontre destinos, viagens, hospedagem, passagens, guias, not\u00edcias sobre o mercado do turismo, dicas de viagem, v\u00eddeos e podcast.","og_url":"https:\/\/www.travel3.com.br\/site\/sem-categoria\/a-importancia-nas-relacoes-economicas-e-sociais-do-turismo\/","og_site_name":"Travel3","article_publisher":"https:\/\/www.facebook.com\/travel3media\/","article_published_time":"2017-09-10T18:56:01+00:00","article_modified_time":"2017-09-12T18:16:49+00:00","author":"admin","twitter_card":"summary_large_image","twitter_misc":{"Escrito por":"admin","Est. tempo de leitura":"1 minuto"},"schema":{"@context":"https:\/\/schema.org","@graph":[{"@type":"Article","@id":"https:\/\/www.travel3.com.br\/site\/sem-categoria\/a-importancia-nas-relacoes-economicas-e-sociais-do-turismo\/#article","isPartOf":{"@id":"https:\/\/www.travel3.com.br\/site\/sem-categoria\/a-importancia-nas-relacoes-economicas-e-sociais-do-turismo\/"},"author":{"name":"admin","@id":"https:\/\/www.travel3.com.br\/site\/#\/schema\/person\/a69d71e41a024999b6ab82369ac0bd1e"},"headline":"A IMPORT\u00c2NCIA NAS RELA\u00c7\u00d5ES ECON\u00d4MICAS E SOCIAIS DO TURISMO","datePublished":"2017-09-10T18:56:01+00:00","dateModified":"2017-09-12T18:16:49+00:00","mainEntityOfPage":{"@id":"https:\/\/www.travel3.com.br\/site\/sem-categoria\/a-importancia-nas-relacoes-economicas-e-sociais-do-turismo\/"},"wordCount":289,"commentCount":0,"publisher":{"@id":"https:\/\/www.travel3.com.br\/site\/#organization"},"inLanguage":"pt-BR","potentialAction":[{"@type":"CommentAction","name":"Comment","target":["https:\/\/www.travel3.com.br\/site\/sem-categoria\/a-importancia-nas-relacoes-economicas-e-sociais-do-turismo\/#respond"]}]},{"@type":"WebPage","@id":"https:\/\/www.travel3.com.br\/site\/sem-categoria\/a-importancia-nas-relacoes-economicas-e-sociais-do-turismo\/","url":"https:\/\/www.travel3.com.br\/site\/sem-categoria\/a-importancia-nas-relacoes-economicas-e-sociais-do-turismo\/","name":"A IMPORT\u00c2NCIA NAS RELA\u00c7\u00d5ES ECON\u00d4MICAS E SOCIAIS DO TURISMO - Travel3","isPartOf":{"@id":"https:\/\/www.travel3.com.br\/site\/#website"},"datePublished":"2017-09-10T18:56:01+00:00","dateModified":"2017-09-12T18:16:49+00:00","description":"A TRAVEL3 \u00e9 um portal de conte\u00fado voltado para o turismo, encontre destinos, viagens, hospedagem, passagens, guias, not\u00edcias sobre o mercado do turismo, dicas de viagem, v\u00eddeos e podcast.","breadcrumb":{"@id":"https:\/\/www.travel3.com.br\/site\/sem-categoria\/a-importancia-nas-relacoes-economicas-e-sociais-do-turismo\/#breadcrumb"},"inLanguage":"pt-BR","potentialAction":[{"@type":"ReadAction","target":["https:\/\/www.travel3.com.br\/site\/sem-categoria\/a-importancia-nas-relacoes-economicas-e-sociais-do-turismo\/"]}]},{"@type":"BreadcrumbList","@id":"https:\/\/www.travel3.com.br\/site\/sem-categoria\/a-importancia-nas-relacoes-economicas-e-sociais-do-turismo\/#breadcrumb","itemListElement":[{"@type":"ListItem","position":1,"name":"In\u00edcio","item":"https:\/\/www.travel3.com.br\/site\/"},{"@type":"ListItem","position":2,"name":"A IMPORT\u00c2NCIA NAS RELA\u00c7\u00d5ES ECON\u00d4MICAS E SOCIAIS DO TURISMO"}]},{"@type":"WebSite","@id":"https:\/\/www.travel3.com.br\/site\/#website","url":"https:\/\/www.travel3.com.br\/site\/","name":"Travel3","description":"Lazer + Neg&oacute;cios + Aventura","publisher":{"@id":"https:\/\/www.travel3.com.br\/site\/#organization"},"potentialAction":[{"@type":"SearchAction","target":{"@type":"EntryPoint","urlTemplate":"https:\/\/www.travel3.com.br\/site\/?s={search_term_string}"},"query-input":{"@type":"PropertyValueSpecification","valueRequired":true,"valueName":"search_term_string"}}],"inLanguage":"pt-BR"},{"@type":"Organization","@id":"https:\/\/www.travel3.com.br\/site\/#organization","name":"Travel3","url":"https:\/\/www.travel3.com.br\/site\/","logo":{"@type":"ImageObject","inLanguage":"pt-BR","@id":"https:\/\/www.travel3.com.br\/site\/#\/schema\/logo\/image\/","url":"https:\/\/www.travel3.com.br\/site\/wp-content\/uploads\/2020\/01\/logo-travel3-2020.png","contentUrl":"https:\/\/www.travel3.com.br\/site\/wp-content\/uploads\/2020\/01\/logo-travel3-2020.png","width":232,"height":79,"caption":"Travel3"},"image":{"@id":"https:\/\/www.travel3.com.br\/site\/#\/schema\/logo\/image\/"},"sameAs":["https:\/\/www.facebook.com\/travel3media\/","https:\/\/www.instagram.com\/revistatravel3\/","https:\/\/www.youtube.com\/channel\/UCno7J4paGBR3VbZQzvoJ9Eg"]},{"@type":"Person","@id":"https:\/\/www.travel3.com.br\/site\/#\/schema\/person\/a69d71e41a024999b6ab82369ac0bd1e","name":"admin","image":{"@type":"ImageObject","inLanguage":"pt-BR","@id":"https:\/\/www.travel3.com.br\/site\/#\/schema\/person\/image\/","url":"https:\/\/secure.gravatar.com\/avatar\/732a67adfd764da2a47ba10ce731c4c0?s=96&d=mm&r=g","contentUrl":"https:\/\/secure.gravatar.com\/avatar\/732a67adfd764da2a47ba10ce731c4c0?s=96&d=mm&r=g","caption":"admin"},"url":"https:\/\/www.travel3.com.br\/site\/author\/admin\/"}]}},"_links":{"self":[{"href":"https:\/\/www.travel3.com.br\/site\/wp-json\/wp\/v2\/posts\/3312","targetHints":{"allow":["GET"]}}],"collection":[{"href":"https:\/\/www.travel3.com.br\/site\/wp-json\/wp\/v2\/posts"}],"about":[{"href":"https:\/\/www.travel3.com.br\/site\/wp-json\/wp\/v2\/types\/post"}],"author":[{"embeddable":true,"href":"https:\/\/www.travel3.com.br\/site\/wp-json\/wp\/v2\/users\/1"}],"replies":[{"embeddable":true,"href":"https:\/\/www.travel3.com.br\/site\/wp-json\/wp\/v2\/comments?post=3312"}],"version-history":[{"count":1,"href":"https:\/\/www.travel3.com.br\/site\/wp-json\/wp\/v2\/posts\/3312\/revisions"}],"predecessor-version":[{"id":4110,"href":"https:\/\/www.travel3.com.br\/site\/wp-json\/wp\/v2\/posts\/3312\/revisions\/4110"}],"wp:attachment":[{"href":"https:\/\/www.travel3.com.br\/site\/wp-json\/wp\/v2\/media?parent=3312"}],"wp:term":[{"taxonomy":"category","embeddable":true,"href":"https:\/\/www.travel3.com.br\/site\/wp-json\/wp\/v2\/categories?post=3312"},{"taxonomy":"post_tag","embeddable":true,"href":"https:\/\/www.travel3.com.br\/site\/wp-json\/wp\/v2\/tags?post=3312"}],"curies":[{"name":"wp","href":"https:\/\/api.w.org\/{rel}","templated":true}]}}