{"id":33070,"date":"2020-05-13T05:00:40","date_gmt":"2020-05-13T08:00:40","guid":{"rendered":"https:\/\/www.travel3.com.br\/?p=33070"},"modified":"2020-05-11T13:25:58","modified_gmt":"2020-05-11T16:25:58","slug":"ufscar-divulga-orientacoes-para-o-uso-correto-de-mascaras","status":"publish","type":"post","link":"https:\/\/www.travel3.com.br\/site\/destaque\/ufscar-divulga-orientacoes-para-o-uso-correto-de-mascaras\/","title":{"rendered":"UFSCar divulga orienta\u00e7\u00f5es para o uso correto de m\u00e1scaras"},"content":{"rendered":"\n<div class=\"wp-block-image\"><figure class=\"aligncenter\"><img loading=\"lazy\" decoding=\"async\" width=\"1024\" height=\"683\" src=\"https:\/\/www.travel3.com.br\/site\/wp-content\/uploads\/2020\/05\/corona-5008824_1920-1024x683.jpg\" alt=\"M\u00e1scara Coronav\u00edrus\" class=\"wp-image-33191\" srcset=\"https:\/\/www.travel3.com.br\/site\/wp-content\/uploads\/2020\/05\/corona-5008824_1920-1024x683.jpg 1024w, https:\/\/www.travel3.com.br\/site\/wp-content\/uploads\/2020\/05\/corona-5008824_1920-300x200.jpg 300w, https:\/\/www.travel3.com.br\/site\/wp-content\/uploads\/2020\/05\/corona-5008824_1920-768x512.jpg 768w, https:\/\/www.travel3.com.br\/site\/wp-content\/uploads\/2020\/05\/corona-5008824_1920-750x500.jpg 750w, https:\/\/www.travel3.com.br\/site\/wp-content\/uploads\/2020\/05\/corona-5008824_1920-1140x760.jpg 1140w, https:\/\/www.travel3.com.br\/site\/wp-content\/uploads\/2020\/05\/corona-5008824_1920.jpg 1920w\" sizes=\"auto, (max-width: 1024px) 100vw, 1024px\" \/><figcaption>(Foto: Divulga\u00e7\u00e3o)<\/figcaption><\/figure><\/div>\n\n\n\n<h3 class=\"wp-block-heading\" style=\"text-align:center\">Em meio \u00e0 pandemia de Covid-19, Universidade da dicas para se prevenir de forma eficaz <\/h3>\n\n\n\n<p>Para ajudar no combate \u00e0 pandemia do novo <a rel=\"noreferrer noopener\" aria-label=\"coronav\u00edrus (opens in a new tab)\" href=\"https:\/\/www.travel3.com.br\/acontece-no-turismo\/coronavirus-setor-de-cruzeiros-sofre-mais-que-o-aereo\/\" target=\"_blank\">coronav\u00edrus<\/a>, o Laborat\u00f3rio Aberto de Interatividade para a Dissemina\u00e7\u00e3o do Conhecimento Cient\u00edfico e Tecnol\u00f3gico = <a rel=\"noreferrer noopener\" aria-label=\"LAbI  (opens in a new tab)\" href=\"http:\/\/www.labi.ufscar.br\/\" target=\"_blank\">LAbI <\/a>da Universidade Federal de S\u00e3o Carlos = UFSCar lan\u00e7ou um v\u00eddeo com algumas estrat\u00e9gias de preven\u00e7\u00e3o. A pequena anima\u00e7\u00e3o foi desenvolvida de forma did\u00e1tica, e ensina o uso correto das m\u00e1scaras faciais.<\/p>\n\n\n\n<blockquote class=\"wp-block-quote is-layout-flow wp-block-quote-is-layout-flow\"><p>Hoje, o uso abrangente de m\u00e1scaras \u00e9 recomendado como estrat\u00e9gia importante de preven\u00e7\u00e3o do cont\u00e1gio entre as pessoas que precisam sair de casa. No entanto, a utiliza\u00e7\u00e3o correta \u00e9 essencial para a efic\u00e1cia dessas estrat\u00e9gias e, caso contr\u00e1rio, a m\u00e1scara usada sem os devidos cuidados pode at\u00e9 mesmo se tornar um risco. Por isso elegemos este tema como priorit\u00e1rio para esta produ\u00e7\u00e3o.<\/p><p><\/p><cite>Adilson de Oliveira &#8211; Docente do Departamento de F\u00edsica da UFSCar e Coordenador Geral do LAbI<\/cite><\/blockquote>\n\n\n\n<p>No v\u00eddeo, s\u00e3o demonstrados m\u00e9todos para higienizar e ajustar corretamente as m\u00e1scaras. Al\u00e9m disso, s\u00e3o abordadas especifica\u00e7\u00f5es sobre modelos mais apropriados, e a\u00e7\u00f5es que n\u00e3o devem ser realizadas em nenhuma hip\u00f3tese. Uma das orienta\u00e7\u00f5es \u00e9 n\u00e3o tocar tocar a m\u00e1scara, ou mesmo tir\u00e1-la para falar.&nbsp;<\/p>\n\n\n\n<figure class=\"wp-block-embed-youtube wp-block-embed is-type-video is-provider-youtube wp-embed-aspect-16-9 wp-has-aspect-ratio\"><div class=\"wp-block-embed__wrapper\">\n<div class=\"jeg_video_container jeg_video_content\"><iframe loading=\"lazy\" title=\"Quais cuidados voc\u00ea deve tomar ao utilizar m\u00e1scaras?\" width=\"500\" height=\"281\" src=\"https:\/\/www.youtube.com\/embed\/L493zPnSia4?feature=oembed\" frameborder=\"0\" allow=\"accelerometer; autoplay; clipboard-write; encrypted-media; gyroscope; picture-in-picture; web-share\" referrerpolicy=\"strict-origin-when-cross-origin\" allowfullscreen><\/iframe><\/div>\n<\/div><\/figure>\n\n\n\n<h2 class=\"wp-block-heading\">UFSCar promove mais a\u00e7\u00f5es em tempos de coronav\u00edrus<\/h2>\n\n\n\n<p>O v\u00eddeo divulgado faz parte de uma s\u00e9rie de a\u00e7\u00f5es que divulgam informa\u00e7\u00f5es em tempos de Covid-19. Al\u00e9m de mais v\u00eddeos, a Universidade divulga, diariamente, o <a rel=\"noreferrer noopener\" aria-label=\"podcast Quarentena. (opens in a new tab)\" href=\"https:\/\/bit.ly\/2SD7sDn\" target=\"_blank\">podcast <\/a><em><a rel=\"noreferrer noopener\" aria-label=\"podcast Quarentena. (opens in a new tab)\" href=\"https:\/\/bit.ly\/2SD7sDn\" target=\"_blank\">Quarentena.<\/a><\/em> J\u00e1 s\u00e3o mais de 50 epis\u00f3dios, com entrevistas e informa\u00e7\u00f5es sobre a pandemia no Brasil e no mundo.<\/p>\n\n\n\n<p>O conte\u00fado de v\u00eddeos tamb\u00e9m \u00e9 disponibilizado em Libras, na s\u00e9rie <em>Covid-19: Perguntas e Respostas.&nbsp;<\/em>E s\u00e3o oferecidas, ainda, as v\u00eddeo-legendas <em>Fique sabendo<\/em>, baseadas em artigos cient\u00edficos, e <em>Fica em casa<\/em>, com dicas de <a rel=\"noreferrer noopener\" aria-label=\"conte\u00fados e atividades culturais dispon\u00edveis na Internet (opens in a new tab)\" href=\"https:\/\/www.travel3.com.br\/destaque\/chicago-online-entretenimento-em-tempos-de-isolamento\/\" target=\"_blank\">conte\u00fados e atividades culturais dispon\u00edveis na Internet<\/a>.<\/p>\n","protected":false},"excerpt":{"rendered":"<p>Em meio \u00e0 pandemia de Covid-19, Universidade da dicas para se prevenir de forma eficaz Para ajudar no combate \u00e0 pandemia do novo coronav\u00edrus, o Laborat\u00f3rio Aberto de Interatividade para a Dissemina\u00e7\u00e3o do Conhecimento Cient\u00edfico e Tecnol\u00f3gico = LAbI da Universidade Federal de S\u00e3o Carlos = UFSCar lan\u00e7ou um v\u00eddeo com algumas estrat\u00e9gias de preven\u00e7\u00e3o. [&hellip;]<\/p>\n","protected":false},"author":6,"featured_media":33191,"comment_status":"open","ping_status":"open","sticky":false,"template":"","format":"standard","meta":{"footnotes":""},"categories":[226,7],"tags":[4008,4107,4106],"class_list":["post-33070","post","type-post","status-publish","format-standard","has-post-thumbnail","hentry","category-destaque","category-dicas","tag-coronavirus","tag-mascaras-faciais","tag-ufscar"],"yoast_head":"<!-- This site is optimized with the Yoast SEO plugin v26.2 - https:\/\/yoast.com\/wordpress\/plugins\/seo\/ -->\n<title>UFSCar divulga orienta\u00e7\u00f5es para o uso correto de m\u00e1scaras - Travel3<\/title>\n<meta name=\"description\" content=\"UFSCar divulga orienta\u00e7\u00f5es para o uso correto de m\u00e1scaras; em meio \u00e0 pandemia de Covid-19, Universidade da dicas para se prevenir de forma eficaz\" \/>\n<meta name=\"robots\" content=\"index, follow, max-snippet:-1, max-image-preview:large, max-video-preview:-1\" \/>\n<link rel=\"canonical\" href=\"https:\/\/www.travel3.com.br\/site\/destaque\/ufscar-divulga-orientacoes-para-o-uso-correto-de-mascaras\/\" \/>\n<meta property=\"og:locale\" content=\"pt_BR\" \/>\n<meta property=\"og:type\" content=\"article\" \/>\n<meta property=\"og:title\" content=\"UFSCar divulga orienta\u00e7\u00f5es para o uso correto de m\u00e1scaras - Travel3\" \/>\n<meta property=\"og:description\" content=\"UFSCar divulga orienta\u00e7\u00f5es para o uso correto de m\u00e1scaras; em meio \u00e0 pandemia de Covid-19, Universidade da dicas para se prevenir de forma eficaz\" \/>\n<meta property=\"og:url\" content=\"https:\/\/www.travel3.com.br\/site\/destaque\/ufscar-divulga-orientacoes-para-o-uso-correto-de-mascaras\/\" \/>\n<meta property=\"og:site_name\" content=\"Travel3\" \/>\n<meta property=\"article:publisher\" content=\"https:\/\/www.facebook.com\/travel3media\/\" \/>\n<meta property=\"article:published_time\" content=\"2020-05-13T08:00:40+00:00\" \/>\n<meta property=\"og:image\" content=\"https:\/\/www.travel3.com.br\/site\/wp-content\/uploads\/2020\/05\/corona-5008824_1920.jpg\" \/>\n\t<meta property=\"og:image:width\" content=\"1920\" \/>\n\t<meta property=\"og:image:height\" content=\"1280\" \/>\n\t<meta property=\"og:image:type\" content=\"image\/jpeg\" \/>\n<meta name=\"author\" content=\"Reda\u00e7\u00e3o Travel3\" \/>\n<meta name=\"twitter:card\" content=\"summary_large_image\" \/>\n<meta name=\"twitter:label1\" content=\"Escrito por\" \/>\n\t<meta name=\"twitter:data1\" content=\"Reda\u00e7\u00e3o Travel3\" \/>\n\t<meta name=\"twitter:label2\" content=\"Est. tempo de leitura\" \/>\n\t<meta name=\"twitter:data2\" content=\"2 minutos\" \/>\n<script type=\"application\/ld+json\" class=\"yoast-schema-graph\">{\"@context\":\"https:\/\/schema.org\",\"@graph\":[{\"@type\":\"Article\",\"@id\":\"https:\/\/www.travel3.com.br\/site\/destaque\/ufscar-divulga-orientacoes-para-o-uso-correto-de-mascaras\/#article\",\"isPartOf\":{\"@id\":\"https:\/\/www.travel3.com.br\/site\/destaque\/ufscar-divulga-orientacoes-para-o-uso-correto-de-mascaras\/\"},\"author\":{\"name\":\"Reda\u00e7\u00e3o Travel3\",\"@id\":\"https:\/\/www.travel3.com.br\/site\/#\/schema\/person\/9cff8daac0a2f1aa0799f827b8aa8308\"},\"headline\":\"UFSCar divulga orienta\u00e7\u00f5es para o uso correto de m\u00e1scaras\",\"datePublished\":\"2020-05-13T08:00:40+00:00\",\"mainEntityOfPage\":{\"@id\":\"https:\/\/www.travel3.com.br\/site\/destaque\/ufscar-divulga-orientacoes-para-o-uso-correto-de-mascaras\/\"},\"wordCount\":363,\"commentCount\":0,\"publisher\":{\"@id\":\"https:\/\/www.travel3.com.br\/site\/#organization\"},\"image\":{\"@id\":\"https:\/\/www.travel3.com.br\/site\/destaque\/ufscar-divulga-orientacoes-para-o-uso-correto-de-mascaras\/#primaryimage\"},\"thumbnailUrl\":\"https:\/\/www.travel3.com.br\/site\/wp-content\/uploads\/2020\/05\/corona-5008824_1920.jpg\",\"keywords\":[\"Coronav\u00edrus\",\"M\u00e1scaras Faciais\",\"UFSCar\"],\"articleSection\":[\"Destaque\",\"Dicas\"],\"inLanguage\":\"pt-BR\",\"potentialAction\":[{\"@type\":\"CommentAction\",\"name\":\"Comment\",\"target\":[\"https:\/\/www.travel3.com.br\/site\/destaque\/ufscar-divulga-orientacoes-para-o-uso-correto-de-mascaras\/#respond\"]}]},{\"@type\":\"WebPage\",\"@id\":\"https:\/\/www.travel3.com.br\/site\/destaque\/ufscar-divulga-orientacoes-para-o-uso-correto-de-mascaras\/\",\"url\":\"https:\/\/www.travel3.com.br\/site\/destaque\/ufscar-divulga-orientacoes-para-o-uso-correto-de-mascaras\/\",\"name\":\"UFSCar divulga orienta\u00e7\u00f5es para o uso correto de m\u00e1scaras - Travel3\",\"isPartOf\":{\"@id\":\"https:\/\/www.travel3.com.br\/site\/#website\"},\"primaryImageOfPage\":{\"@id\":\"https:\/\/www.travel3.com.br\/site\/destaque\/ufscar-divulga-orientacoes-para-o-uso-correto-de-mascaras\/#primaryimage\"},\"image\":{\"@id\":\"https:\/\/www.travel3.com.br\/site\/destaque\/ufscar-divulga-orientacoes-para-o-uso-correto-de-mascaras\/#primaryimage\"},\"thumbnailUrl\":\"https:\/\/www.travel3.com.br\/site\/wp-content\/uploads\/2020\/05\/corona-5008824_1920.jpg\",\"datePublished\":\"2020-05-13T08:00:40+00:00\",\"description\":\"UFSCar divulga orienta\u00e7\u00f5es para o uso correto de m\u00e1scaras; em meio \u00e0 pandemia de Covid-19, Universidade da dicas para se prevenir de forma eficaz\",\"breadcrumb\":{\"@id\":\"https:\/\/www.travel3.com.br\/site\/destaque\/ufscar-divulga-orientacoes-para-o-uso-correto-de-mascaras\/#breadcrumb\"},\"inLanguage\":\"pt-BR\",\"potentialAction\":[{\"@type\":\"ReadAction\",\"target\":[\"https:\/\/www.travel3.com.br\/site\/destaque\/ufscar-divulga-orientacoes-para-o-uso-correto-de-mascaras\/\"]}]},{\"@type\":\"ImageObject\",\"inLanguage\":\"pt-BR\",\"@id\":\"https:\/\/www.travel3.com.br\/site\/destaque\/ufscar-divulga-orientacoes-para-o-uso-correto-de-mascaras\/#primaryimage\",\"url\":\"https:\/\/www.travel3.com.br\/site\/wp-content\/uploads\/2020\/05\/corona-5008824_1920.jpg\",\"contentUrl\":\"https:\/\/www.travel3.com.br\/site\/wp-content\/uploads\/2020\/05\/corona-5008824_1920.jpg\",\"width\":1920,\"height\":1280,\"caption\":\"(Foto: Divulga\u00e7\u00e3o)\"},{\"@type\":\"BreadcrumbList\",\"@id\":\"https:\/\/www.travel3.com.br\/site\/destaque\/ufscar-divulga-orientacoes-para-o-uso-correto-de-mascaras\/#breadcrumb\",\"itemListElement\":[{\"@type\":\"ListItem\",\"position\":1,\"name\":\"In\u00edcio\",\"item\":\"https:\/\/www.travel3.com.br\/site\/\"},{\"@type\":\"ListItem\",\"position\":2,\"name\":\"UFSCar divulga orienta\u00e7\u00f5es para o uso correto de m\u00e1scaras\"}]},{\"@type\":\"WebSite\",\"@id\":\"https:\/\/www.travel3.com.br\/site\/#website\",\"url\":\"https:\/\/www.travel3.com.br\/site\/\",\"name\":\"Travel3\",\"description\":\"Lazer + Neg&oacute;cios + Aventura\",\"publisher\":{\"@id\":\"https:\/\/www.travel3.com.br\/site\/#organization\"},\"potentialAction\":[{\"@type\":\"SearchAction\",\"target\":{\"@type\":\"EntryPoint\",\"urlTemplate\":\"https:\/\/www.travel3.com.br\/site\/?s={search_term_string}\"},\"query-input\":{\"@type\":\"PropertyValueSpecification\",\"valueRequired\":true,\"valueName\":\"search_term_string\"}}],\"inLanguage\":\"pt-BR\"},{\"@type\":\"Organization\",\"@id\":\"https:\/\/www.travel3.com.br\/site\/#organization\",\"name\":\"Travel3\",\"url\":\"https:\/\/www.travel3.com.br\/site\/\",\"logo\":{\"@type\":\"ImageObject\",\"inLanguage\":\"pt-BR\",\"@id\":\"https:\/\/www.travel3.com.br\/site\/#\/schema\/logo\/image\/\",\"url\":\"https:\/\/www.travel3.com.br\/site\/wp-content\/uploads\/2020\/01\/logo-travel3-2020.png\",\"contentUrl\":\"https:\/\/www.travel3.com.br\/site\/wp-content\/uploads\/2020\/01\/logo-travel3-2020.png\",\"width\":232,\"height\":79,\"caption\":\"Travel3\"},\"image\":{\"@id\":\"https:\/\/www.travel3.com.br\/site\/#\/schema\/logo\/image\/\"},\"sameAs\":[\"https:\/\/www.facebook.com\/travel3media\/\",\"https:\/\/www.instagram.com\/revistatravel3\/\",\"https:\/\/www.youtube.com\/channel\/UCno7J4paGBR3VbZQzvoJ9Eg\"]},{\"@type\":\"Person\",\"@id\":\"https:\/\/www.travel3.com.br\/site\/#\/schema\/person\/9cff8daac0a2f1aa0799f827b8aa8308\",\"name\":\"Reda\u00e7\u00e3o Travel3\",\"image\":{\"@type\":\"ImageObject\",\"inLanguage\":\"pt-BR\",\"@id\":\"https:\/\/www.travel3.com.br\/site\/#\/schema\/person\/image\/\",\"url\":\"https:\/\/secure.gravatar.com\/avatar\/6e6125525e1f04b7b8c607d71556e490?s=96&d=mm&r=g\",\"contentUrl\":\"https:\/\/secure.gravatar.com\/avatar\/6e6125525e1f04b7b8c607d71556e490?s=96&d=mm&r=g\",\"caption\":\"Reda\u00e7\u00e3o Travel3\"},\"sameAs\":[\"http:\/\/www.travel3.com.br\"],\"url\":\"https:\/\/www.travel3.com.br\/site\/author\/redacao2\/\"}]}<\/script>\n<!-- \/ Yoast SEO plugin. -->","yoast_head_json":{"title":"UFSCar divulga orienta\u00e7\u00f5es para o uso correto de m\u00e1scaras - Travel3","description":"UFSCar divulga orienta\u00e7\u00f5es para o uso correto de m\u00e1scaras; em meio \u00e0 pandemia de Covid-19, Universidade da dicas para se prevenir de forma eficaz","robots":{"index":"index","follow":"follow","max-snippet":"max-snippet:-1","max-image-preview":"max-image-preview:large","max-video-preview":"max-video-preview:-1"},"canonical":"https:\/\/www.travel3.com.br\/site\/destaque\/ufscar-divulga-orientacoes-para-o-uso-correto-de-mascaras\/","og_locale":"pt_BR","og_type":"article","og_title":"UFSCar divulga orienta\u00e7\u00f5es para o uso correto de m\u00e1scaras - Travel3","og_description":"UFSCar divulga orienta\u00e7\u00f5es para o uso correto de m\u00e1scaras; em meio \u00e0 pandemia de Covid-19, Universidade da dicas para se prevenir de forma eficaz","og_url":"https:\/\/www.travel3.com.br\/site\/destaque\/ufscar-divulga-orientacoes-para-o-uso-correto-de-mascaras\/","og_site_name":"Travel3","article_publisher":"https:\/\/www.facebook.com\/travel3media\/","article_published_time":"2020-05-13T08:00:40+00:00","og_image":[{"width":1920,"height":1280,"url":"https:\/\/www.travel3.com.br\/site\/wp-content\/uploads\/2020\/05\/corona-5008824_1920.jpg","type":"image\/jpeg"}],"author":"Reda\u00e7\u00e3o Travel3","twitter_card":"summary_large_image","twitter_misc":{"Escrito por":"Reda\u00e7\u00e3o Travel3","Est. tempo de leitura":"2 minutos"},"schema":{"@context":"https:\/\/schema.org","@graph":[{"@type":"Article","@id":"https:\/\/www.travel3.com.br\/site\/destaque\/ufscar-divulga-orientacoes-para-o-uso-correto-de-mascaras\/#article","isPartOf":{"@id":"https:\/\/www.travel3.com.br\/site\/destaque\/ufscar-divulga-orientacoes-para-o-uso-correto-de-mascaras\/"},"author":{"name":"Reda\u00e7\u00e3o Travel3","@id":"https:\/\/www.travel3.com.br\/site\/#\/schema\/person\/9cff8daac0a2f1aa0799f827b8aa8308"},"headline":"UFSCar divulga orienta\u00e7\u00f5es para o uso correto de m\u00e1scaras","datePublished":"2020-05-13T08:00:40+00:00","mainEntityOfPage":{"@id":"https:\/\/www.travel3.com.br\/site\/destaque\/ufscar-divulga-orientacoes-para-o-uso-correto-de-mascaras\/"},"wordCount":363,"commentCount":0,"publisher":{"@id":"https:\/\/www.travel3.com.br\/site\/#organization"},"image":{"@id":"https:\/\/www.travel3.com.br\/site\/destaque\/ufscar-divulga-orientacoes-para-o-uso-correto-de-mascaras\/#primaryimage"},"thumbnailUrl":"https:\/\/www.travel3.com.br\/site\/wp-content\/uploads\/2020\/05\/corona-5008824_1920.jpg","keywords":["Coronav\u00edrus","M\u00e1scaras Faciais","UFSCar"],"articleSection":["Destaque","Dicas"],"inLanguage":"pt-BR","potentialAction":[{"@type":"CommentAction","name":"Comment","target":["https:\/\/www.travel3.com.br\/site\/destaque\/ufscar-divulga-orientacoes-para-o-uso-correto-de-mascaras\/#respond"]}]},{"@type":"WebPage","@id":"https:\/\/www.travel3.com.br\/site\/destaque\/ufscar-divulga-orientacoes-para-o-uso-correto-de-mascaras\/","url":"https:\/\/www.travel3.com.br\/site\/destaque\/ufscar-divulga-orientacoes-para-o-uso-correto-de-mascaras\/","name":"UFSCar divulga orienta\u00e7\u00f5es para o uso correto de m\u00e1scaras - Travel3","isPartOf":{"@id":"https:\/\/www.travel3.com.br\/site\/#website"},"primaryImageOfPage":{"@id":"https:\/\/www.travel3.com.br\/site\/destaque\/ufscar-divulga-orientacoes-para-o-uso-correto-de-mascaras\/#primaryimage"},"image":{"@id":"https:\/\/www.travel3.com.br\/site\/destaque\/ufscar-divulga-orientacoes-para-o-uso-correto-de-mascaras\/#primaryimage"},"thumbnailUrl":"https:\/\/www.travel3.com.br\/site\/wp-content\/uploads\/2020\/05\/corona-5008824_1920.jpg","datePublished":"2020-05-13T08:00:40+00:00","description":"UFSCar divulga orienta\u00e7\u00f5es para o uso correto de m\u00e1scaras; em meio \u00e0 pandemia de Covid-19, Universidade da dicas para se prevenir de forma eficaz","breadcrumb":{"@id":"https:\/\/www.travel3.com.br\/site\/destaque\/ufscar-divulga-orientacoes-para-o-uso-correto-de-mascaras\/#breadcrumb"},"inLanguage":"pt-BR","potentialAction":[{"@type":"ReadAction","target":["https:\/\/www.travel3.com.br\/site\/destaque\/ufscar-divulga-orientacoes-para-o-uso-correto-de-mascaras\/"]}]},{"@type":"ImageObject","inLanguage":"pt-BR","@id":"https:\/\/www.travel3.com.br\/site\/destaque\/ufscar-divulga-orientacoes-para-o-uso-correto-de-mascaras\/#primaryimage","url":"https:\/\/www.travel3.com.br\/site\/wp-content\/uploads\/2020\/05\/corona-5008824_1920.jpg","contentUrl":"https:\/\/www.travel3.com.br\/site\/wp-content\/uploads\/2020\/05\/corona-5008824_1920.jpg","width":1920,"height":1280,"caption":"(Foto: Divulga\u00e7\u00e3o)"},{"@type":"BreadcrumbList","@id":"https:\/\/www.travel3.com.br\/site\/destaque\/ufscar-divulga-orientacoes-para-o-uso-correto-de-mascaras\/#breadcrumb","itemListElement":[{"@type":"ListItem","position":1,"name":"In\u00edcio","item":"https:\/\/www.travel3.com.br\/site\/"},{"@type":"ListItem","position":2,"name":"UFSCar divulga orienta\u00e7\u00f5es para o uso correto de m\u00e1scaras"}]},{"@type":"WebSite","@id":"https:\/\/www.travel3.com.br\/site\/#website","url":"https:\/\/www.travel3.com.br\/site\/","name":"Travel3","description":"Lazer + Neg&oacute;cios + Aventura","publisher":{"@id":"https:\/\/www.travel3.com.br\/site\/#organization"},"potentialAction":[{"@type":"SearchAction","target":{"@type":"EntryPoint","urlTemplate":"https:\/\/www.travel3.com.br\/site\/?s={search_term_string}"},"query-input":{"@type":"PropertyValueSpecification","valueRequired":true,"valueName":"search_term_string"}}],"inLanguage":"pt-BR"},{"@type":"Organization","@id":"https:\/\/www.travel3.com.br\/site\/#organization","name":"Travel3","url":"https:\/\/www.travel3.com.br\/site\/","logo":{"@type":"ImageObject","inLanguage":"pt-BR","@id":"https:\/\/www.travel3.com.br\/site\/#\/schema\/logo\/image\/","url":"https:\/\/www.travel3.com.br\/site\/wp-content\/uploads\/2020\/01\/logo-travel3-2020.png","contentUrl":"https:\/\/www.travel3.com.br\/site\/wp-content\/uploads\/2020\/01\/logo-travel3-2020.png","width":232,"height":79,"caption":"Travel3"},"image":{"@id":"https:\/\/www.travel3.com.br\/site\/#\/schema\/logo\/image\/"},"sameAs":["https:\/\/www.facebook.com\/travel3media\/","https:\/\/www.instagram.com\/revistatravel3\/","https:\/\/www.youtube.com\/channel\/UCno7J4paGBR3VbZQzvoJ9Eg"]},{"@type":"Person","@id":"https:\/\/www.travel3.com.br\/site\/#\/schema\/person\/9cff8daac0a2f1aa0799f827b8aa8308","name":"Reda\u00e7\u00e3o Travel3","image":{"@type":"ImageObject","inLanguage":"pt-BR","@id":"https:\/\/www.travel3.com.br\/site\/#\/schema\/person\/image\/","url":"https:\/\/secure.gravatar.com\/avatar\/6e6125525e1f04b7b8c607d71556e490?s=96&d=mm&r=g","contentUrl":"https:\/\/secure.gravatar.com\/avatar\/6e6125525e1f04b7b8c607d71556e490?s=96&d=mm&r=g","caption":"Reda\u00e7\u00e3o Travel3"},"sameAs":["http:\/\/www.travel3.com.br"],"url":"https:\/\/www.travel3.com.br\/site\/author\/redacao2\/"}]}},"_links":{"self":[{"href":"https:\/\/www.travel3.com.br\/site\/wp-json\/wp\/v2\/posts\/33070","targetHints":{"allow":["GET"]}}],"collection":[{"href":"https:\/\/www.travel3.com.br\/site\/wp-json\/wp\/v2\/posts"}],"about":[{"href":"https:\/\/www.travel3.com.br\/site\/wp-json\/wp\/v2\/types\/post"}],"author":[{"embeddable":true,"href":"https:\/\/www.travel3.com.br\/site\/wp-json\/wp\/v2\/users\/6"}],"replies":[{"embeddable":true,"href":"https:\/\/www.travel3.com.br\/site\/wp-json\/wp\/v2\/comments?post=33070"}],"version-history":[{"count":4,"href":"https:\/\/www.travel3.com.br\/site\/wp-json\/wp\/v2\/posts\/33070\/revisions"}],"predecessor-version":[{"id":33193,"href":"https:\/\/www.travel3.com.br\/site\/wp-json\/wp\/v2\/posts\/33070\/revisions\/33193"}],"wp:featuredmedia":[{"embeddable":true,"href":"https:\/\/www.travel3.com.br\/site\/wp-json\/wp\/v2\/media\/33191"}],"wp:attachment":[{"href":"https:\/\/www.travel3.com.br\/site\/wp-json\/wp\/v2\/media?parent=33070"}],"wp:term":[{"taxonomy":"category","embeddable":true,"href":"https:\/\/www.travel3.com.br\/site\/wp-json\/wp\/v2\/categories?post=33070"},{"taxonomy":"post_tag","embeddable":true,"href":"https:\/\/www.travel3.com.br\/site\/wp-json\/wp\/v2\/tags?post=33070"}],"curies":[{"name":"wp","href":"https:\/\/api.w.org\/{rel}","templated":true}]}}