{"id":33055,"date":"2020-05-14T10:00:47","date_gmt":"2020-05-14T13:00:47","guid":{"rendered":"https:\/\/www.travel3.com.br\/?p=33055"},"modified":"2020-05-09T19:19:57","modified_gmt":"2020-05-09T22:19:57","slug":"demanda-de-passageiros-caiu-pela-metade-em-marco","status":"publish","type":"post","link":"https:\/\/www.travel3.com.br\/site\/ir-e-vir\/ar\/demanda-de-passageiros-caiu-pela-metade-em-marco\/","title":{"rendered":"Demanda de passageiros caiu pela metade em mar\u00e7o"},"content":{"rendered":"\n<figure class=\"wp-block-image\"><img loading=\"lazy\" decoding=\"async\" width=\"1024\" height=\"597\" src=\"https:\/\/www.travel3.com.br\/site\/wp-content\/uploads\/2019\/08\/aircraft-3702676_1920-1024x597.jpg\" alt=\"Avi\u00e3o aterrissando\" class=\"wp-image-25965\" srcset=\"https:\/\/www.travel3.com.br\/site\/wp-content\/uploads\/2019\/08\/aircraft-3702676_1920-1024x597.jpg 1024w, https:\/\/www.travel3.com.br\/site\/wp-content\/uploads\/2019\/08\/aircraft-3702676_1920-300x175.jpg 300w, https:\/\/www.travel3.com.br\/site\/wp-content\/uploads\/2019\/08\/aircraft-3702676_1920-768x448.jpg 768w, https:\/\/www.travel3.com.br\/site\/wp-content\/uploads\/2019\/08\/aircraft-3702676_1920-750x438.jpg 750w, https:\/\/www.travel3.com.br\/site\/wp-content\/uploads\/2019\/08\/aircraft-3702676_1920-1140x665.jpg 1140w, https:\/\/www.travel3.com.br\/site\/wp-content\/uploads\/2019\/08\/aircraft-3702676_1920.jpg 1920w\" sizes=\"auto, (max-width: 1024px) 100vw, 1024px\" \/><\/figure>\n\n\n\n<h3 class=\"wp-block-heading\" style=\"text-align:center\">Pesquisa da IATA indicou impacto profundo das restri\u00e7\u00f5es de viagens no m\u00eas em compara\u00e7\u00e3o com 2019<\/h3>\n\n\n\n<p>A <a rel=\"noreferrer noopener\" aria-label=\"IATA  (opens in a new tab)\" href=\"https:\/\/www.travel3.com.br\/destaque\/iata-pede-que\/\" target=\"_blank\">IATA <\/a>acaba de divulgar os resultados globais do tr\u00e1fego a\u00e9reo em mar\u00e7o de 2020. Os n\u00fameros indicam que, em meio ao <a rel=\"noreferrer noopener\" aria-label=\"coronav\u00edrus  (opens in a new tab)\" href=\"https:\/\/www.travel3.com.br\/acontece-no-turismo\/o-coronavirus-e-a-realidade-das-companhias-aereas\/\" target=\"_blank\">coronav\u00edrus <\/a>e \u00e0s restri\u00e7\u00f5es de viagens, a demanda de passageiros registrou uma queda de 52,9% em compara\u00e7\u00e3o ao mesmo m\u00eas de 2019. Al\u00e9m disso, a capacidade, em assentos dispon\u00edveis por km = RPKs, caiu 36,2%; e a taxa de ocupa\u00e7\u00e3o caiu 21,4% &#8211; chegando a 60,6%.<\/p>\n\n\n\n<blockquote class=\"wp-block-quote is-layout-flow wp-block-quote-is-layout-flow\"><p>Mar\u00e7o foi um m\u00eas desastroso para a avia\u00e7\u00e3o. As companhias a\u00e9reas sentiram o impacto crescente das medidas relacionadas \u00e0 Covid-19 relacionadas ao fechamento de fronteiras e restri\u00e7\u00f5es de viagem, inclusive nos mercados dom\u00e9sticos. A demanda atingiu o mesmo n\u00edvel de 2006, mas temos frotas e funcion\u00e1rios em dobro. Para piorar, sabemos que a situa\u00e7\u00e3o se complicou ainda mais em abril, com sinais de recupera\u00e7\u00e3o lenta.<\/p><cite>Alexandre de Juniac &#8211; Diretor Geral e CEO da IATA<\/cite><\/blockquote>\n\n\n\n<figure class=\"wp-block-image\"><img loading=\"lazy\" decoding=\"async\" width=\"868\" height=\"287\" src=\"https:\/\/www.travel3.com.br\/site\/wp-content\/uploads\/2020\/05\/unnamed-25.png\" alt=\"Demanda de passageiros\" class=\"wp-image-33056\" srcset=\"https:\/\/www.travel3.com.br\/site\/wp-content\/uploads\/2020\/05\/unnamed-25.png 868w, https:\/\/www.travel3.com.br\/site\/wp-content\/uploads\/2020\/05\/unnamed-25-300x99.png 300w, https:\/\/www.travel3.com.br\/site\/wp-content\/uploads\/2020\/05\/unnamed-25-768x254.png 768w, https:\/\/www.travel3.com.br\/site\/wp-content\/uploads\/2020\/05\/unnamed-25-750x248.png 750w\" sizes=\"auto, (max-width: 868px) 100vw, 868px\" \/><figcaption>N\u00fameros do transporte a\u00e9reo internacional em mar\u00e7o. Da esquerda para a direita, a representa\u00e7\u00e3o do mercado a n\u00edvel internacional; a demanda de passageiros; a capacidade; a varia\u00e7\u00e3o da ocupa\u00e7\u00e3o m\u00e9dia e a ocupa\u00e7\u00e3o m\u00e9dia (Foto: Divulga\u00e7\u00e3o)<\/figcaption><\/figure>\n\n\n\n<h4 class=\"wp-block-heading\">Voos internacionais foram os mais afetados<\/h4>\n\n\n\n<p>A demanda internacional de passageiros diminuiu 55,8% em mar\u00e7o de 2020 em rela\u00e7\u00e3o a mar\u00e7o de 2019. O resultado reflete as medidas adotadas por governos de todo o mundo para combater a Covid-19, e sofreu uma grande altera\u00e7\u00e3o em rela\u00e7\u00e3o a fevereiro; quando a queda havia sido de 10,3%. Ao mesmo tempo, em todas as regi\u00f5es, o tr\u00e1fego de passageiros caiu 2 d\u00edgitos. J\u00e1 a capacidade internacional despencou 42,8%, e a taxa de ocupa\u00e7\u00e3o caiu para 62,5%.<\/p>\n\n\n\n<p>As companhias com maior redu\u00e7\u00e3o de demanda internacional foram as da \u00c1sia-Pac\u00edfico, seguidas por Europa, Am\u00e9rica do Norte, Oriente M\u00e9dio, \u00c1frica e Am\u00e9rica Latina.<\/p>\n\n\n\n<figure class=\"wp-block-image\"><img loading=\"lazy\" decoding=\"async\" width=\"868\" height=\"355\" src=\"https:\/\/www.travel3.com.br\/site\/wp-content\/uploads\/2020\/05\/unnamed-26.png\" alt=\"Demanda de passageiros\" class=\"wp-image-33057\" srcset=\"https:\/\/www.travel3.com.br\/site\/wp-content\/uploads\/2020\/05\/unnamed-26.png 868w, https:\/\/www.travel3.com.br\/site\/wp-content\/uploads\/2020\/05\/unnamed-26-300x123.png 300w, https:\/\/www.travel3.com.br\/site\/wp-content\/uploads\/2020\/05\/unnamed-26-768x314.png 768w, https:\/\/www.travel3.com.br\/site\/wp-content\/uploads\/2020\/05\/unnamed-26-750x307.png 750w\" sizes=\"auto, (max-width: 868px) 100vw, 868px\" \/><figcaption>N\u00fameros do transporte a\u00e9reo nos mercados dom\u00e9sticos em mar\u00e7o. Da esquerda para a direita, a representa\u00e7\u00e3o do mercado a n\u00edvel internacional; a demanda de passageiros; a capacidade; a varia\u00e7\u00e3o da ocupa\u00e7\u00e3o m\u00e9dia e a ocupa\u00e7\u00e3o m\u00e9dia (Foto: Divulga\u00e7\u00e3o)<\/figcaption><\/figure>\n\n\n\n<h4 class=\"wp-block-heading\">Demanda dom\u00e9stica tamb\u00e9m em queda<\/h4>\n\n\n\n<p>Os mercados dom\u00e9sticos de transporte a\u00e9reo tamb\u00e9m s\u00e3o amplamente atingidos pela pandemia de Covid-19 e pelas restri\u00e7\u00f5es de circula\u00e7\u00e3o. Em todo o mundo, a demanda por viagens dom\u00e9sticas diminuiu 47,8% em mar\u00e7o de 2020 em rela\u00e7\u00e3o a mar\u00e7o de 2019, tamb\u00e9m com queda de 2 d\u00edgitos em todos os mercados. Ao mesmo tempo, a capacidade reduziu em 21,3%, e a taxa de ocupa\u00e7\u00e3o em 26 pontos percentiais &#8211; atingindo 58,1%.<\/p>\n\n\n\n<p>Os n\u00fameros representam uma piora geral em rela\u00e7\u00e3o a fevereiro, quando a queda na demanda de passageiros havia sido de 21,3%.<\/p>\n\n\n\n<blockquote class=\"wp-block-quote is-layout-flow wp-block-quote-is-layout-flow\"><p>O setor est\u00e1 em queda livre e ainda n\u00e3o chegamos ao fundo do po\u00e7o. Mas espero que, em breve, as autoridades possam reduzir as restri\u00e7\u00f5es de viagem e abrir suas fronteiras. Para isso, \u00e9 fundamental que os governos trabalhem com o setor agora e se preparem para a reabertura. Esta \u00e9 a \u00fanica forma de garantir a implementa\u00e7\u00e3o de medidas para manter os passageiros em seguran\u00e7a durante as viagens e assegurar aos governos que a avia\u00e7\u00e3o n\u00e3o ser\u00e1 um vetor na propaga\u00e7\u00e3o da doen\u00e7a.<\/p><p>Tamb\u00e9m devemos evitar a confus\u00e3o e a complexidade que vimos logo ap\u00f3s o 11 de setembro de 2001. Os padr\u00f5es globais amplamente aceitos e operacionalmente vi\u00e1veis ser\u00e3o essenciais para a retomada. A \u00fanica maneira de chegarmos l\u00e1 \u00e9 com o trabalho em conjunto.<\/p><cite>Alexandre de Juniac &#8211; Diretor Geral e CEO da IATA<\/cite><\/blockquote>\n\n\n\n<h3 class=\"wp-block-heading\" style=\"text-align:center\">Mais informa\u00e7\u00f5es = <a href=\"https:\/\/www.iata.org\/\" target=\"_blank\" rel=\"noreferrer noopener\" aria-label=\" (opens in a new tab)\">www.iata.org<\/a> <\/h3>\n","protected":false},"excerpt":{"rendered":"<p>Pesquisa da IATA indicou impacto profundo das restri\u00e7\u00f5es de viagens no m\u00eas em compara\u00e7\u00e3o com 2019 A IATA acaba de divulgar os resultados globais do tr\u00e1fego a\u00e9reo em mar\u00e7o de 2020. Os n\u00fameros indicam que, em meio ao coronav\u00edrus e \u00e0s restri\u00e7\u00f5es de viagens, a demanda de passageiros registrou uma queda de 52,9% em compara\u00e7\u00e3o [&hellip;]<\/p>\n","protected":false},"author":6,"featured_media":25965,"comment_status":"open","ping_status":"open","sticky":false,"template":"","format":"standard","meta":{"footnotes":""},"categories":[309,226,8],"tags":[4008,3490],"class_list":["post-33055","post","type-post","status-publish","format-standard","has-post-thumbnail","hentry","category-ar","category-destaque","category-ir-e-vir","tag-coronavirus","tag-iata"],"yoast_head":"<!-- This site is optimized with the Yoast SEO plugin v26.2 - https:\/\/yoast.com\/wordpress\/plugins\/seo\/ -->\n<title>Demanda de passageiros caiu pela metade em mar\u00e7o - Travel3<\/title>\n<meta name=\"description\" content=\"Demanda de passageiros caiu pela metade em mar\u00e7o; pesquisa da IATA indicou impacto profundo das restri\u00e7\u00f5es de viagens no m\u00eas em compara\u00e7\u00e3o com 2019\" \/>\n<meta name=\"robots\" content=\"index, follow, max-snippet:-1, max-image-preview:large, max-video-preview:-1\" \/>\n<link rel=\"canonical\" href=\"https:\/\/www.travel3.com.br\/site\/ir-e-vir\/ar\/demanda-de-passageiros-caiu-pela-metade-em-marco\/\" \/>\n<meta property=\"og:locale\" content=\"pt_BR\" \/>\n<meta property=\"og:type\" content=\"article\" \/>\n<meta property=\"og:title\" content=\"Demanda de passageiros caiu pela metade em mar\u00e7o - Travel3\" \/>\n<meta property=\"og:description\" content=\"Demanda de passageiros caiu pela metade em mar\u00e7o; pesquisa da IATA indicou impacto profundo das restri\u00e7\u00f5es de viagens no m\u00eas em compara\u00e7\u00e3o com 2019\" \/>\n<meta property=\"og:url\" content=\"https:\/\/www.travel3.com.br\/site\/ir-e-vir\/ar\/demanda-de-passageiros-caiu-pela-metade-em-marco\/\" \/>\n<meta property=\"og:site_name\" content=\"Travel3\" \/>\n<meta property=\"article:publisher\" content=\"https:\/\/www.facebook.com\/travel3media\/\" \/>\n<meta property=\"article:published_time\" content=\"2020-05-14T13:00:47+00:00\" \/>\n<meta property=\"og:image\" content=\"https:\/\/www.travel3.com.br\/site\/wp-content\/uploads\/2019\/08\/aircraft-3702676_1920.jpg\" \/>\n\t<meta property=\"og:image:width\" content=\"1920\" \/>\n\t<meta property=\"og:image:height\" content=\"1120\" \/>\n\t<meta property=\"og:image:type\" content=\"image\/jpeg\" \/>\n<meta name=\"author\" content=\"Reda\u00e7\u00e3o Travel3\" \/>\n<meta name=\"twitter:card\" content=\"summary_large_image\" \/>\n<meta name=\"twitter:label1\" content=\"Escrito por\" \/>\n\t<meta name=\"twitter:data1\" content=\"Reda\u00e7\u00e3o Travel3\" \/>\n\t<meta name=\"twitter:label2\" content=\"Est. tempo de leitura\" \/>\n\t<meta name=\"twitter:data2\" content=\"3 minutos\" \/>\n<script type=\"application\/ld+json\" class=\"yoast-schema-graph\">{\"@context\":\"https:\/\/schema.org\",\"@graph\":[{\"@type\":\"Article\",\"@id\":\"https:\/\/www.travel3.com.br\/site\/ir-e-vir\/ar\/demanda-de-passageiros-caiu-pela-metade-em-marco\/#article\",\"isPartOf\":{\"@id\":\"https:\/\/www.travel3.com.br\/site\/ir-e-vir\/ar\/demanda-de-passageiros-caiu-pela-metade-em-marco\/\"},\"author\":{\"name\":\"Reda\u00e7\u00e3o Travel3\",\"@id\":\"https:\/\/www.travel3.com.br\/site\/#\/schema\/person\/9cff8daac0a2f1aa0799f827b8aa8308\"},\"headline\":\"Demanda de passageiros caiu pela metade em mar\u00e7o\",\"datePublished\":\"2020-05-14T13:00:47+00:00\",\"mainEntityOfPage\":{\"@id\":\"https:\/\/www.travel3.com.br\/site\/ir-e-vir\/ar\/demanda-de-passageiros-caiu-pela-metade-em-marco\/\"},\"wordCount\":651,\"commentCount\":0,\"publisher\":{\"@id\":\"https:\/\/www.travel3.com.br\/site\/#organization\"},\"image\":{\"@id\":\"https:\/\/www.travel3.com.br\/site\/ir-e-vir\/ar\/demanda-de-passageiros-caiu-pela-metade-em-marco\/#primaryimage\"},\"thumbnailUrl\":\"https:\/\/www.travel3.com.br\/site\/wp-content\/uploads\/2019\/08\/aircraft-3702676_1920.jpg\",\"keywords\":[\"Coronav\u00edrus\",\"IATA\"],\"articleSection\":[\"Ar\",\"Destaque\",\"Ir e Vir\"],\"inLanguage\":\"pt-BR\",\"potentialAction\":[{\"@type\":\"CommentAction\",\"name\":\"Comment\",\"target\":[\"https:\/\/www.travel3.com.br\/site\/ir-e-vir\/ar\/demanda-de-passageiros-caiu-pela-metade-em-marco\/#respond\"]}]},{\"@type\":\"WebPage\",\"@id\":\"https:\/\/www.travel3.com.br\/site\/ir-e-vir\/ar\/demanda-de-passageiros-caiu-pela-metade-em-marco\/\",\"url\":\"https:\/\/www.travel3.com.br\/site\/ir-e-vir\/ar\/demanda-de-passageiros-caiu-pela-metade-em-marco\/\",\"name\":\"Demanda de passageiros caiu pela metade em mar\u00e7o - Travel3\",\"isPartOf\":{\"@id\":\"https:\/\/www.travel3.com.br\/site\/#website\"},\"primaryImageOfPage\":{\"@id\":\"https:\/\/www.travel3.com.br\/site\/ir-e-vir\/ar\/demanda-de-passageiros-caiu-pela-metade-em-marco\/#primaryimage\"},\"image\":{\"@id\":\"https:\/\/www.travel3.com.br\/site\/ir-e-vir\/ar\/demanda-de-passageiros-caiu-pela-metade-em-marco\/#primaryimage\"},\"thumbnailUrl\":\"https:\/\/www.travel3.com.br\/site\/wp-content\/uploads\/2019\/08\/aircraft-3702676_1920.jpg\",\"datePublished\":\"2020-05-14T13:00:47+00:00\",\"description\":\"Demanda de passageiros caiu pela metade em mar\u00e7o; pesquisa da IATA indicou impacto profundo das restri\u00e7\u00f5es de viagens no m\u00eas em compara\u00e7\u00e3o com 2019\",\"breadcrumb\":{\"@id\":\"https:\/\/www.travel3.com.br\/site\/ir-e-vir\/ar\/demanda-de-passageiros-caiu-pela-metade-em-marco\/#breadcrumb\"},\"inLanguage\":\"pt-BR\",\"potentialAction\":[{\"@type\":\"ReadAction\",\"target\":[\"https:\/\/www.travel3.com.br\/site\/ir-e-vir\/ar\/demanda-de-passageiros-caiu-pela-metade-em-marco\/\"]}]},{\"@type\":\"ImageObject\",\"inLanguage\":\"pt-BR\",\"@id\":\"https:\/\/www.travel3.com.br\/site\/ir-e-vir\/ar\/demanda-de-passageiros-caiu-pela-metade-em-marco\/#primaryimage\",\"url\":\"https:\/\/www.travel3.com.br\/site\/wp-content\/uploads\/2019\/08\/aircraft-3702676_1920.jpg\",\"contentUrl\":\"https:\/\/www.travel3.com.br\/site\/wp-content\/uploads\/2019\/08\/aircraft-3702676_1920.jpg\",\"width\":1920,\"height\":1120,\"caption\":\"Avi\u00e3o aterrissando\"},{\"@type\":\"BreadcrumbList\",\"@id\":\"https:\/\/www.travel3.com.br\/site\/ir-e-vir\/ar\/demanda-de-passageiros-caiu-pela-metade-em-marco\/#breadcrumb\",\"itemListElement\":[{\"@type\":\"ListItem\",\"position\":1,\"name\":\"In\u00edcio\",\"item\":\"https:\/\/www.travel3.com.br\/site\/\"},{\"@type\":\"ListItem\",\"position\":2,\"name\":\"Demanda de passageiros caiu pela metade em mar\u00e7o\"}]},{\"@type\":\"WebSite\",\"@id\":\"https:\/\/www.travel3.com.br\/site\/#website\",\"url\":\"https:\/\/www.travel3.com.br\/site\/\",\"name\":\"Travel3\",\"description\":\"Lazer + Neg&oacute;cios + Aventura\",\"publisher\":{\"@id\":\"https:\/\/www.travel3.com.br\/site\/#organization\"},\"potentialAction\":[{\"@type\":\"SearchAction\",\"target\":{\"@type\":\"EntryPoint\",\"urlTemplate\":\"https:\/\/www.travel3.com.br\/site\/?s={search_term_string}\"},\"query-input\":{\"@type\":\"PropertyValueSpecification\",\"valueRequired\":true,\"valueName\":\"search_term_string\"}}],\"inLanguage\":\"pt-BR\"},{\"@type\":\"Organization\",\"@id\":\"https:\/\/www.travel3.com.br\/site\/#organization\",\"name\":\"Travel3\",\"url\":\"https:\/\/www.travel3.com.br\/site\/\",\"logo\":{\"@type\":\"ImageObject\",\"inLanguage\":\"pt-BR\",\"@id\":\"https:\/\/www.travel3.com.br\/site\/#\/schema\/logo\/image\/\",\"url\":\"https:\/\/www.travel3.com.br\/site\/wp-content\/uploads\/2020\/01\/logo-travel3-2020.png\",\"contentUrl\":\"https:\/\/www.travel3.com.br\/site\/wp-content\/uploads\/2020\/01\/logo-travel3-2020.png\",\"width\":232,\"height\":79,\"caption\":\"Travel3\"},\"image\":{\"@id\":\"https:\/\/www.travel3.com.br\/site\/#\/schema\/logo\/image\/\"},\"sameAs\":[\"https:\/\/www.facebook.com\/travel3media\/\",\"https:\/\/www.instagram.com\/revistatravel3\/\",\"https:\/\/www.youtube.com\/channel\/UCno7J4paGBR3VbZQzvoJ9Eg\"]},{\"@type\":\"Person\",\"@id\":\"https:\/\/www.travel3.com.br\/site\/#\/schema\/person\/9cff8daac0a2f1aa0799f827b8aa8308\",\"name\":\"Reda\u00e7\u00e3o Travel3\",\"image\":{\"@type\":\"ImageObject\",\"inLanguage\":\"pt-BR\",\"@id\":\"https:\/\/www.travel3.com.br\/site\/#\/schema\/person\/image\/\",\"url\":\"https:\/\/secure.gravatar.com\/avatar\/6e6125525e1f04b7b8c607d71556e490?s=96&d=mm&r=g\",\"contentUrl\":\"https:\/\/secure.gravatar.com\/avatar\/6e6125525e1f04b7b8c607d71556e490?s=96&d=mm&r=g\",\"caption\":\"Reda\u00e7\u00e3o Travel3\"},\"sameAs\":[\"http:\/\/www.travel3.com.br\"],\"url\":\"https:\/\/www.travel3.com.br\/site\/author\/redacao2\/\"}]}<\/script>\n<!-- \/ Yoast SEO plugin. -->","yoast_head_json":{"title":"Demanda de passageiros caiu pela metade em mar\u00e7o - Travel3","description":"Demanda de passageiros caiu pela metade em mar\u00e7o; pesquisa da IATA indicou impacto profundo das restri\u00e7\u00f5es de viagens no m\u00eas em compara\u00e7\u00e3o com 2019","robots":{"index":"index","follow":"follow","max-snippet":"max-snippet:-1","max-image-preview":"max-image-preview:large","max-video-preview":"max-video-preview:-1"},"canonical":"https:\/\/www.travel3.com.br\/site\/ir-e-vir\/ar\/demanda-de-passageiros-caiu-pela-metade-em-marco\/","og_locale":"pt_BR","og_type":"article","og_title":"Demanda de passageiros caiu pela metade em mar\u00e7o - Travel3","og_description":"Demanda de passageiros caiu pela metade em mar\u00e7o; pesquisa da IATA indicou impacto profundo das restri\u00e7\u00f5es de viagens no m\u00eas em compara\u00e7\u00e3o com 2019","og_url":"https:\/\/www.travel3.com.br\/site\/ir-e-vir\/ar\/demanda-de-passageiros-caiu-pela-metade-em-marco\/","og_site_name":"Travel3","article_publisher":"https:\/\/www.facebook.com\/travel3media\/","article_published_time":"2020-05-14T13:00:47+00:00","og_image":[{"width":1920,"height":1120,"url":"https:\/\/www.travel3.com.br\/site\/wp-content\/uploads\/2019\/08\/aircraft-3702676_1920.jpg","type":"image\/jpeg"}],"author":"Reda\u00e7\u00e3o Travel3","twitter_card":"summary_large_image","twitter_misc":{"Escrito por":"Reda\u00e7\u00e3o Travel3","Est. tempo de leitura":"3 minutos"},"schema":{"@context":"https:\/\/schema.org","@graph":[{"@type":"Article","@id":"https:\/\/www.travel3.com.br\/site\/ir-e-vir\/ar\/demanda-de-passageiros-caiu-pela-metade-em-marco\/#article","isPartOf":{"@id":"https:\/\/www.travel3.com.br\/site\/ir-e-vir\/ar\/demanda-de-passageiros-caiu-pela-metade-em-marco\/"},"author":{"name":"Reda\u00e7\u00e3o Travel3","@id":"https:\/\/www.travel3.com.br\/site\/#\/schema\/person\/9cff8daac0a2f1aa0799f827b8aa8308"},"headline":"Demanda de passageiros caiu pela metade em mar\u00e7o","datePublished":"2020-05-14T13:00:47+00:00","mainEntityOfPage":{"@id":"https:\/\/www.travel3.com.br\/site\/ir-e-vir\/ar\/demanda-de-passageiros-caiu-pela-metade-em-marco\/"},"wordCount":651,"commentCount":0,"publisher":{"@id":"https:\/\/www.travel3.com.br\/site\/#organization"},"image":{"@id":"https:\/\/www.travel3.com.br\/site\/ir-e-vir\/ar\/demanda-de-passageiros-caiu-pela-metade-em-marco\/#primaryimage"},"thumbnailUrl":"https:\/\/www.travel3.com.br\/site\/wp-content\/uploads\/2019\/08\/aircraft-3702676_1920.jpg","keywords":["Coronav\u00edrus","IATA"],"articleSection":["Ar","Destaque","Ir e Vir"],"inLanguage":"pt-BR","potentialAction":[{"@type":"CommentAction","name":"Comment","target":["https:\/\/www.travel3.com.br\/site\/ir-e-vir\/ar\/demanda-de-passageiros-caiu-pela-metade-em-marco\/#respond"]}]},{"@type":"WebPage","@id":"https:\/\/www.travel3.com.br\/site\/ir-e-vir\/ar\/demanda-de-passageiros-caiu-pela-metade-em-marco\/","url":"https:\/\/www.travel3.com.br\/site\/ir-e-vir\/ar\/demanda-de-passageiros-caiu-pela-metade-em-marco\/","name":"Demanda de passageiros caiu pela metade em mar\u00e7o - Travel3","isPartOf":{"@id":"https:\/\/www.travel3.com.br\/site\/#website"},"primaryImageOfPage":{"@id":"https:\/\/www.travel3.com.br\/site\/ir-e-vir\/ar\/demanda-de-passageiros-caiu-pela-metade-em-marco\/#primaryimage"},"image":{"@id":"https:\/\/www.travel3.com.br\/site\/ir-e-vir\/ar\/demanda-de-passageiros-caiu-pela-metade-em-marco\/#primaryimage"},"thumbnailUrl":"https:\/\/www.travel3.com.br\/site\/wp-content\/uploads\/2019\/08\/aircraft-3702676_1920.jpg","datePublished":"2020-05-14T13:00:47+00:00","description":"Demanda de passageiros caiu pela metade em mar\u00e7o; pesquisa da IATA indicou impacto profundo das restri\u00e7\u00f5es de viagens no m\u00eas em compara\u00e7\u00e3o com 2019","breadcrumb":{"@id":"https:\/\/www.travel3.com.br\/site\/ir-e-vir\/ar\/demanda-de-passageiros-caiu-pela-metade-em-marco\/#breadcrumb"},"inLanguage":"pt-BR","potentialAction":[{"@type":"ReadAction","target":["https:\/\/www.travel3.com.br\/site\/ir-e-vir\/ar\/demanda-de-passageiros-caiu-pela-metade-em-marco\/"]}]},{"@type":"ImageObject","inLanguage":"pt-BR","@id":"https:\/\/www.travel3.com.br\/site\/ir-e-vir\/ar\/demanda-de-passageiros-caiu-pela-metade-em-marco\/#primaryimage","url":"https:\/\/www.travel3.com.br\/site\/wp-content\/uploads\/2019\/08\/aircraft-3702676_1920.jpg","contentUrl":"https:\/\/www.travel3.com.br\/site\/wp-content\/uploads\/2019\/08\/aircraft-3702676_1920.jpg","width":1920,"height":1120,"caption":"Avi\u00e3o aterrissando"},{"@type":"BreadcrumbList","@id":"https:\/\/www.travel3.com.br\/site\/ir-e-vir\/ar\/demanda-de-passageiros-caiu-pela-metade-em-marco\/#breadcrumb","itemListElement":[{"@type":"ListItem","position":1,"name":"In\u00edcio","item":"https:\/\/www.travel3.com.br\/site\/"},{"@type":"ListItem","position":2,"name":"Demanda de passageiros caiu pela metade em mar\u00e7o"}]},{"@type":"WebSite","@id":"https:\/\/www.travel3.com.br\/site\/#website","url":"https:\/\/www.travel3.com.br\/site\/","name":"Travel3","description":"Lazer + Neg&oacute;cios + Aventura","publisher":{"@id":"https:\/\/www.travel3.com.br\/site\/#organization"},"potentialAction":[{"@type":"SearchAction","target":{"@type":"EntryPoint","urlTemplate":"https:\/\/www.travel3.com.br\/site\/?s={search_term_string}"},"query-input":{"@type":"PropertyValueSpecification","valueRequired":true,"valueName":"search_term_string"}}],"inLanguage":"pt-BR"},{"@type":"Organization","@id":"https:\/\/www.travel3.com.br\/site\/#organization","name":"Travel3","url":"https:\/\/www.travel3.com.br\/site\/","logo":{"@type":"ImageObject","inLanguage":"pt-BR","@id":"https:\/\/www.travel3.com.br\/site\/#\/schema\/logo\/image\/","url":"https:\/\/www.travel3.com.br\/site\/wp-content\/uploads\/2020\/01\/logo-travel3-2020.png","contentUrl":"https:\/\/www.travel3.com.br\/site\/wp-content\/uploads\/2020\/01\/logo-travel3-2020.png","width":232,"height":79,"caption":"Travel3"},"image":{"@id":"https:\/\/www.travel3.com.br\/site\/#\/schema\/logo\/image\/"},"sameAs":["https:\/\/www.facebook.com\/travel3media\/","https:\/\/www.instagram.com\/revistatravel3\/","https:\/\/www.youtube.com\/channel\/UCno7J4paGBR3VbZQzvoJ9Eg"]},{"@type":"Person","@id":"https:\/\/www.travel3.com.br\/site\/#\/schema\/person\/9cff8daac0a2f1aa0799f827b8aa8308","name":"Reda\u00e7\u00e3o Travel3","image":{"@type":"ImageObject","inLanguage":"pt-BR","@id":"https:\/\/www.travel3.com.br\/site\/#\/schema\/person\/image\/","url":"https:\/\/secure.gravatar.com\/avatar\/6e6125525e1f04b7b8c607d71556e490?s=96&d=mm&r=g","contentUrl":"https:\/\/secure.gravatar.com\/avatar\/6e6125525e1f04b7b8c607d71556e490?s=96&d=mm&r=g","caption":"Reda\u00e7\u00e3o Travel3"},"sameAs":["http:\/\/www.travel3.com.br"],"url":"https:\/\/www.travel3.com.br\/site\/author\/redacao2\/"}]}},"_links":{"self":[{"href":"https:\/\/www.travel3.com.br\/site\/wp-json\/wp\/v2\/posts\/33055","targetHints":{"allow":["GET"]}}],"collection":[{"href":"https:\/\/www.travel3.com.br\/site\/wp-json\/wp\/v2\/posts"}],"about":[{"href":"https:\/\/www.travel3.com.br\/site\/wp-json\/wp\/v2\/types\/post"}],"author":[{"embeddable":true,"href":"https:\/\/www.travel3.com.br\/site\/wp-json\/wp\/v2\/users\/6"}],"replies":[{"embeddable":true,"href":"https:\/\/www.travel3.com.br\/site\/wp-json\/wp\/v2\/comments?post=33055"}],"version-history":[{"count":1,"href":"https:\/\/www.travel3.com.br\/site\/wp-json\/wp\/v2\/posts\/33055\/revisions"}],"predecessor-version":[{"id":33058,"href":"https:\/\/www.travel3.com.br\/site\/wp-json\/wp\/v2\/posts\/33055\/revisions\/33058"}],"wp:featuredmedia":[{"embeddable":true,"href":"https:\/\/www.travel3.com.br\/site\/wp-json\/wp\/v2\/media\/25965"}],"wp:attachment":[{"href":"https:\/\/www.travel3.com.br\/site\/wp-json\/wp\/v2\/media?parent=33055"}],"wp:term":[{"taxonomy":"category","embeddable":true,"href":"https:\/\/www.travel3.com.br\/site\/wp-json\/wp\/v2\/categories?post=33055"},{"taxonomy":"post_tag","embeddable":true,"href":"https:\/\/www.travel3.com.br\/site\/wp-json\/wp\/v2\/tags?post=33055"}],"curies":[{"name":"wp","href":"https:\/\/api.w.org\/{rel}","templated":true}]}}