{"id":3298,"date":"2017-08-23T17:03:54","date_gmt":"2017-08-23T17:03:54","guid":{"rendered":"http:\/\/www.travel3.com.br\/site\/ir-e-vir\/ar\/no-verao-brasileiro-quantos-serao-os-turistas-do-exterior\/"},"modified":"2017-09-12T18:16:29","modified_gmt":"2017-09-12T18:16:29","slug":"no-verao-brasileiro-quantos-serao-os-turistas-do-exterior","status":"publish","type":"post","link":"https:\/\/www.travel3.com.br\/site\/sem-categoria\/no-verao-brasileiro-quantos-serao-os-turistas-do-exterior\/","title":{"rendered":"NO VER\u00c3O BRASILEIRO, QUANTOS SER\u00c3O OS TURISTAS DO EXTERIOR ?"},"content":{"rendered":"<p><span style=\"color: #40acad; font-family: -apple-system, system-ui, 'Segoe UI', Roboto, Oxygen-Sans, Ubuntu, Cantarell, 'Helvetica Neue', sans-serif; font-size: 12px; font-weight: bold;\"><\/p>\n<p style=\"text-align:justify\">O Ver\u00e3o est\u00e1 chegando. A mais esperada esta\u00e7\u00e3o do movimento tur\u00edstico de todo ano, quando turistas visitantes representam 1\/3 de toda a temporada, \u00a0\u00e9 uma grande interroga\u00e7\u00e3o nesta virada 2016-2017 representando ainda uma expectativa sobre os resultados de imagem e oferta do pais apresentados neste ano.<\/p>\n<p style=\"text-align:justify\">A Embratur estima a chegada de 2.420 milh\u00f5es de turistas estrangeiros, um crescimento de 11% em rela\u00e7\u00e3o ao ver\u00e3o passado, quando \u00a0vieram 2.183 milh\u00f5es de visitantes do exterior.<\/p>\n<p style=\"text-align:justify\"><a class=\"fancybox-media\" href=\"..\/_uploads\/_noticia\/2016-12\/rioverao16.jpg\" rel=\"portfolio\"><img decoding=\"async\" alt=\"\" src=\"..\/_uploads\/_noticia\/2016-12\/rioverao16.jpg\" \/><\/a><\/p>\n<p style=\"text-align:justify\">Sol e praia s\u00e3o aspectos determinantes, em especial para mercados mais pr\u00f3ximos como nossos vizinhos da Am\u00e9rica do Sul. Com a evid\u00eancia na qual o Brasil se apresentou com a realiza\u00e7\u00e3o das Olimp\u00edadas, a imagem de repercuss\u00e3o dever\u00e1 contribuir para um aumento no interesse dos viajantes.<\/p>\n<p style=\"text-align:justify\">\u00a0\u201cO Brasil est\u00e1 no imagin\u00e1rio das pessoas ao redor do mundo com o bel\u00edssimo espet\u00e1culo que apresentamos na Rio 2016. Nossa hospitalidade surpreendeu 98% dos visitantes dos Jogos e agora n\u00e3o seria diferente. A Embratur est\u00e1 explorando esse momento, que \u00e9 impulsionado pelo c\u00e2mbio favor\u00e1vel, para refor\u00e7ar o convite a potenciais turistas e batermos novo recorde de fluxo estrangeiro nesse ver\u00e3o\u201d, explica o presidente Vinicius Lummertz.<\/p>\n<p style=\"text-align:justify\">Seria muito bom que a pol\u00edtica de isen\u00e7\u00e3o de vistos de turismo adotada nos Jogos pudesse ser estendida, pois ela funcionou. Representou um aumento de 55,31% no n\u00famero de estrangeiros com origem nos pa\u00edses beneficiados &#8211; Estados Unidos, Canad\u00e1, Jap\u00e3o e Austr\u00e1lia -, em rela\u00e7\u00e3o ao mesmo per\u00edodo de 2015. E seria mais ainda se pudesse ser estendida \u00e0 China. Por\u00e9m, o ambiente pol\u00edtico em Brasilia que emperra muito e pouco ajuda na aten\u00e7\u00e3o a quest\u00f5es imediatas, \u00e9 um entrave.<\/p>\n<p style=\"text-align:justify\"><a class=\"fancybox-media\" href=\"..\/_uploads\/_noticia\/2016-12\/mturisenscaodevistos.jpg\" rel=\"portfolio\"><img decoding=\"async\" alt=\"\" src=\"..\/_uploads\/_noticia\/2016-12\/mturisenscaodevistos.jpg\" \/><\/a><\/p>\n<p style=\"text-align:justify\">O posicionamento favor\u00e1vel do governo antes do ver\u00e3o poderia tamb\u00e9m contribuir para o crescimento de visitantes internacional. \u201cC\u00e1lculos do MTur mostram que, caso a isen\u00e7\u00e3o seja permanente, o impacto na economia nacional alcan\u00e7ar\u00e1 US$ 175,2 milh\u00f5es ao ano. Al\u00e9m disso, podemos analisar o caso da Argentina, que optou pela dispensa de vistos para norte-americanos em dezembro de 2015 e registrou aumento de mais \u00a010% somente nos tr\u00eas primeiros meses do ano\u201d, \u00a0segue Lummertz.<\/p>\n<p style=\"text-align:justify\"><a class=\"fancybox-media\" href=\"..\/_uploads\/_noticia\/2016-12\/embraturcampanhadovisto--2-.jpg\" rel=\"portfolio\"><img decoding=\"async\" alt=\"\" src=\"..\/_uploads\/_noticia\/2016-12\/embraturcampanhadovisto--2-.jpg\" \/><\/a><\/p>\n<p style=\"text-align:justify\">A ideia de retomada da isen\u00e7\u00e3o j\u00e1 foi levada para debate com \u00a0a Casa Civil e o Minist\u00e9rio das Rela\u00e7\u00f5es Exteriores Caso a medida venha a aprovada pelo Governo, a tend\u00eancia \u00e9 que a medida se estabele\u00e7a por mais dois anos. Por\u00e9m, o quanto antes seria muito melhor.<\/p>\n<p style=\"text-align:justify\"><a class=\"fancybox-media\" href=\"..\/_uploads\/_noticia\/2016-12\/embraturviniciuslummertzbis.jpg\" rel=\"portfolio\"><img decoding=\"async\" alt=\"\" src=\"..\/_uploads\/_noticia\/2016-12\/embraturviniciuslummertzbis.jpg\" \/><\/a><\/p>\n<p>A Embratur est\u00e1 procurando refor\u00e7ar o interesse internacional com uma campanha provocativa que est\u00e1 no ar e ser\u00e1 veiculada at\u00e9 a virada do ano nas maiores emissoras de televis\u00e3o do mundo:\u00a0CNN, Fox, Discovery Channel e Natgeo. O alcance pela CNN \u00e9 projetado para 250 milh\u00f5es de domic\u00edlios em 167 paises.<\/p>\n<p>O convite aos turistas estrangeiros para a melhor e mais quente esta\u00e7\u00e3o do ano no Brasil vai al\u00e9m da m\u00eddia televisiva: nos aeroportos da Argentina, Peru, Chile, Paraguai, Col\u00f4mbia e Uruguai inser\u00e7\u00f5es publicit\u00e1rias com foco no ver\u00e3o brasileiro tamb\u00e9m est\u00e3o programadas.<\/p>\n<p>Com rela\u00e7\u00e3o ao mercado argentino, o mais pr\u00f3ximo e sens\u00edvel, haver\u00e1 ainda um detalhe a ser acrescentado. Com a mudan\u00e7a no per\u00edodo escolar que est\u00e1 sendo tomada no pais, as f\u00e9rias ter\u00e3o um calend\u00e1rio que possibilitar\u00e1 maior numero de viagens em fevereiro, o que dar\u00e1 um refor\u00e7o de viagens para melhor aproveitamento do Ver\u00e3o, ai tamb\u00e9m incluindo o Carnaval.<\/p>\n<p>\u00a0<\/p>\n<p>\u00a0<\/p>\n<p>\u00a0<\/p>\n<p>\u00a0<\/p>\n<p>\u00a0<\/p>\n<p>\u00a0<\/p>\n<p><\/span><\/p>\n","protected":false},"excerpt":{"rendered":"<p>Proje\u00e7\u00e3o da Embratur \u00e9 de quase 2,5 milh\u00f5es de estrangeiros e a continuidade da isen\u00e7\u00e3o de vistos poder\u00e1 ser decisiva no crescimento<\/p>\n","protected":false},"author":1,"featured_media":0,"comment_status":"open","ping_status":"open","sticky":false,"template":"","format":"standard","meta":{"footnotes":""},"categories":[],"tags":[],"class_list":["post-3298","post","type-post","status-publish","format-standard","hentry"],"yoast_head":"<!-- This site is optimized with the Yoast SEO plugin v26.2 - https:\/\/yoast.com\/wordpress\/plugins\/seo\/ -->\n<title>NO VER\u00c3O BRASILEIRO, QUANTOS SER\u00c3O OS TURISTAS DO EXTERIOR ? - Travel3<\/title>\n<meta name=\"description\" content=\"A TRAVEL3 \u00e9 um portal de conte\u00fado voltado para o turismo, encontre destinos, viagens, hospedagem, passagens, guias, not\u00edcias sobre o mercado do turismo, dicas de viagem, v\u00eddeos e podcast.\" \/>\n<meta name=\"robots\" content=\"index, follow, max-snippet:-1, max-image-preview:large, max-video-preview:-1\" \/>\n<link rel=\"canonical\" href=\"https:\/\/www.travel3.com.br\/site\/sem-categoria\/no-verao-brasileiro-quantos-serao-os-turistas-do-exterior\/\" \/>\n<meta property=\"og:locale\" content=\"pt_BR\" \/>\n<meta property=\"og:type\" content=\"article\" \/>\n<meta property=\"og:title\" content=\"NO VER\u00c3O BRASILEIRO, QUANTOS SER\u00c3O OS TURISTAS DO EXTERIOR ? - Travel3\" \/>\n<meta property=\"og:description\" content=\"A TRAVEL3 \u00e9 um portal de conte\u00fado voltado para o turismo, encontre destinos, viagens, hospedagem, passagens, guias, not\u00edcias sobre o mercado do turismo, dicas de viagem, v\u00eddeos e podcast.\" \/>\n<meta property=\"og:url\" content=\"https:\/\/www.travel3.com.br\/site\/sem-categoria\/no-verao-brasileiro-quantos-serao-os-turistas-do-exterior\/\" \/>\n<meta property=\"og:site_name\" content=\"Travel3\" \/>\n<meta property=\"article:publisher\" content=\"https:\/\/www.facebook.com\/travel3media\/\" \/>\n<meta property=\"article:published_time\" content=\"2017-08-23T17:03:54+00:00\" \/>\n<meta property=\"article:modified_time\" content=\"2017-09-12T18:16:29+00:00\" \/>\n<meta name=\"author\" content=\"admin\" \/>\n<meta name=\"twitter:card\" content=\"summary_large_image\" \/>\n<meta name=\"twitter:label1\" content=\"Escrito por\" \/>\n\t<meta name=\"twitter:data1\" content=\"admin\" \/>\n\t<meta name=\"twitter:label2\" content=\"Est. tempo de leitura\" \/>\n\t<meta name=\"twitter:data2\" content=\"3 minutos\" \/>\n<script type=\"application\/ld+json\" class=\"yoast-schema-graph\">{\"@context\":\"https:\/\/schema.org\",\"@graph\":[{\"@type\":\"Article\",\"@id\":\"https:\/\/www.travel3.com.br\/site\/sem-categoria\/no-verao-brasileiro-quantos-serao-os-turistas-do-exterior\/#article\",\"isPartOf\":{\"@id\":\"https:\/\/www.travel3.com.br\/site\/sem-categoria\/no-verao-brasileiro-quantos-serao-os-turistas-do-exterior\/\"},\"author\":{\"name\":\"admin\",\"@id\":\"https:\/\/www.travel3.com.br\/site\/#\/schema\/person\/a69d71e41a024999b6ab82369ac0bd1e\"},\"headline\":\"NO VER\u00c3O BRASILEIRO, QUANTOS SER\u00c3O OS TURISTAS DO EXTERIOR ?\",\"datePublished\":\"2017-08-23T17:03:54+00:00\",\"dateModified\":\"2017-09-12T18:16:29+00:00\",\"mainEntityOfPage\":{\"@id\":\"https:\/\/www.travel3.com.br\/site\/sem-categoria\/no-verao-brasileiro-quantos-serao-os-turistas-do-exterior\/\"},\"wordCount\":604,\"commentCount\":0,\"publisher\":{\"@id\":\"https:\/\/www.travel3.com.br\/site\/#organization\"},\"inLanguage\":\"pt-BR\",\"potentialAction\":[{\"@type\":\"CommentAction\",\"name\":\"Comment\",\"target\":[\"https:\/\/www.travel3.com.br\/site\/sem-categoria\/no-verao-brasileiro-quantos-serao-os-turistas-do-exterior\/#respond\"]}]},{\"@type\":\"WebPage\",\"@id\":\"https:\/\/www.travel3.com.br\/site\/sem-categoria\/no-verao-brasileiro-quantos-serao-os-turistas-do-exterior\/\",\"url\":\"https:\/\/www.travel3.com.br\/site\/sem-categoria\/no-verao-brasileiro-quantos-serao-os-turistas-do-exterior\/\",\"name\":\"NO VER\u00c3O BRASILEIRO, QUANTOS SER\u00c3O OS TURISTAS DO EXTERIOR ? - Travel3\",\"isPartOf\":{\"@id\":\"https:\/\/www.travel3.com.br\/site\/#website\"},\"datePublished\":\"2017-08-23T17:03:54+00:00\",\"dateModified\":\"2017-09-12T18:16:29+00:00\",\"description\":\"A TRAVEL3 \u00e9 um portal de conte\u00fado voltado para o turismo, encontre destinos, viagens, hospedagem, passagens, guias, not\u00edcias sobre o mercado do turismo, dicas de viagem, v\u00eddeos e podcast.\",\"breadcrumb\":{\"@id\":\"https:\/\/www.travel3.com.br\/site\/sem-categoria\/no-verao-brasileiro-quantos-serao-os-turistas-do-exterior\/#breadcrumb\"},\"inLanguage\":\"pt-BR\",\"potentialAction\":[{\"@type\":\"ReadAction\",\"target\":[\"https:\/\/www.travel3.com.br\/site\/sem-categoria\/no-verao-brasileiro-quantos-serao-os-turistas-do-exterior\/\"]}]},{\"@type\":\"BreadcrumbList\",\"@id\":\"https:\/\/www.travel3.com.br\/site\/sem-categoria\/no-verao-brasileiro-quantos-serao-os-turistas-do-exterior\/#breadcrumb\",\"itemListElement\":[{\"@type\":\"ListItem\",\"position\":1,\"name\":\"In\u00edcio\",\"item\":\"https:\/\/www.travel3.com.br\/site\/\"},{\"@type\":\"ListItem\",\"position\":2,\"name\":\"NO VER\u00c3O BRASILEIRO, QUANTOS SER\u00c3O OS TURISTAS DO EXTERIOR ?\"}]},{\"@type\":\"WebSite\",\"@id\":\"https:\/\/www.travel3.com.br\/site\/#website\",\"url\":\"https:\/\/www.travel3.com.br\/site\/\",\"name\":\"Travel3\",\"description\":\"Lazer + Neg&oacute;cios + Aventura\",\"publisher\":{\"@id\":\"https:\/\/www.travel3.com.br\/site\/#organization\"},\"potentialAction\":[{\"@type\":\"SearchAction\",\"target\":{\"@type\":\"EntryPoint\",\"urlTemplate\":\"https:\/\/www.travel3.com.br\/site\/?s={search_term_string}\"},\"query-input\":{\"@type\":\"PropertyValueSpecification\",\"valueRequired\":true,\"valueName\":\"search_term_string\"}}],\"inLanguage\":\"pt-BR\"},{\"@type\":\"Organization\",\"@id\":\"https:\/\/www.travel3.com.br\/site\/#organization\",\"name\":\"Travel3\",\"url\":\"https:\/\/www.travel3.com.br\/site\/\",\"logo\":{\"@type\":\"ImageObject\",\"inLanguage\":\"pt-BR\",\"@id\":\"https:\/\/www.travel3.com.br\/site\/#\/schema\/logo\/image\/\",\"url\":\"https:\/\/www.travel3.com.br\/site\/wp-content\/uploads\/2020\/01\/logo-travel3-2020.png\",\"contentUrl\":\"https:\/\/www.travel3.com.br\/site\/wp-content\/uploads\/2020\/01\/logo-travel3-2020.png\",\"width\":232,\"height\":79,\"caption\":\"Travel3\"},\"image\":{\"@id\":\"https:\/\/www.travel3.com.br\/site\/#\/schema\/logo\/image\/\"},\"sameAs\":[\"https:\/\/www.facebook.com\/travel3media\/\",\"https:\/\/www.instagram.com\/revistatravel3\/\",\"https:\/\/www.youtube.com\/channel\/UCno7J4paGBR3VbZQzvoJ9Eg\"]},{\"@type\":\"Person\",\"@id\":\"https:\/\/www.travel3.com.br\/site\/#\/schema\/person\/a69d71e41a024999b6ab82369ac0bd1e\",\"name\":\"admin\",\"image\":{\"@type\":\"ImageObject\",\"inLanguage\":\"pt-BR\",\"@id\":\"https:\/\/www.travel3.com.br\/site\/#\/schema\/person\/image\/\",\"url\":\"https:\/\/secure.gravatar.com\/avatar\/732a67adfd764da2a47ba10ce731c4c0?s=96&d=mm&r=g\",\"contentUrl\":\"https:\/\/secure.gravatar.com\/avatar\/732a67adfd764da2a47ba10ce731c4c0?s=96&d=mm&r=g\",\"caption\":\"admin\"},\"url\":\"https:\/\/www.travel3.com.br\/site\/author\/admin\/\"}]}<\/script>\n<!-- \/ Yoast SEO plugin. -->","yoast_head_json":{"title":"NO VER\u00c3O BRASILEIRO, QUANTOS SER\u00c3O OS TURISTAS DO EXTERIOR ? - Travel3","description":"A TRAVEL3 \u00e9 um portal de conte\u00fado voltado para o turismo, encontre destinos, viagens, hospedagem, passagens, guias, not\u00edcias sobre o mercado do turismo, dicas de viagem, v\u00eddeos e podcast.","robots":{"index":"index","follow":"follow","max-snippet":"max-snippet:-1","max-image-preview":"max-image-preview:large","max-video-preview":"max-video-preview:-1"},"canonical":"https:\/\/www.travel3.com.br\/site\/sem-categoria\/no-verao-brasileiro-quantos-serao-os-turistas-do-exterior\/","og_locale":"pt_BR","og_type":"article","og_title":"NO VER\u00c3O BRASILEIRO, QUANTOS SER\u00c3O OS TURISTAS DO EXTERIOR ? - Travel3","og_description":"A TRAVEL3 \u00e9 um portal de conte\u00fado voltado para o turismo, encontre destinos, viagens, hospedagem, passagens, guias, not\u00edcias sobre o mercado do turismo, dicas de viagem, v\u00eddeos e podcast.","og_url":"https:\/\/www.travel3.com.br\/site\/sem-categoria\/no-verao-brasileiro-quantos-serao-os-turistas-do-exterior\/","og_site_name":"Travel3","article_publisher":"https:\/\/www.facebook.com\/travel3media\/","article_published_time":"2017-08-23T17:03:54+00:00","article_modified_time":"2017-09-12T18:16:29+00:00","author":"admin","twitter_card":"summary_large_image","twitter_misc":{"Escrito por":"admin","Est. tempo de leitura":"3 minutos"},"schema":{"@context":"https:\/\/schema.org","@graph":[{"@type":"Article","@id":"https:\/\/www.travel3.com.br\/site\/sem-categoria\/no-verao-brasileiro-quantos-serao-os-turistas-do-exterior\/#article","isPartOf":{"@id":"https:\/\/www.travel3.com.br\/site\/sem-categoria\/no-verao-brasileiro-quantos-serao-os-turistas-do-exterior\/"},"author":{"name":"admin","@id":"https:\/\/www.travel3.com.br\/site\/#\/schema\/person\/a69d71e41a024999b6ab82369ac0bd1e"},"headline":"NO VER\u00c3O BRASILEIRO, QUANTOS SER\u00c3O OS TURISTAS DO EXTERIOR ?","datePublished":"2017-08-23T17:03:54+00:00","dateModified":"2017-09-12T18:16:29+00:00","mainEntityOfPage":{"@id":"https:\/\/www.travel3.com.br\/site\/sem-categoria\/no-verao-brasileiro-quantos-serao-os-turistas-do-exterior\/"},"wordCount":604,"commentCount":0,"publisher":{"@id":"https:\/\/www.travel3.com.br\/site\/#organization"},"inLanguage":"pt-BR","potentialAction":[{"@type":"CommentAction","name":"Comment","target":["https:\/\/www.travel3.com.br\/site\/sem-categoria\/no-verao-brasileiro-quantos-serao-os-turistas-do-exterior\/#respond"]}]},{"@type":"WebPage","@id":"https:\/\/www.travel3.com.br\/site\/sem-categoria\/no-verao-brasileiro-quantos-serao-os-turistas-do-exterior\/","url":"https:\/\/www.travel3.com.br\/site\/sem-categoria\/no-verao-brasileiro-quantos-serao-os-turistas-do-exterior\/","name":"NO VER\u00c3O BRASILEIRO, QUANTOS SER\u00c3O OS TURISTAS DO EXTERIOR ? - Travel3","isPartOf":{"@id":"https:\/\/www.travel3.com.br\/site\/#website"},"datePublished":"2017-08-23T17:03:54+00:00","dateModified":"2017-09-12T18:16:29+00:00","description":"A TRAVEL3 \u00e9 um portal de conte\u00fado voltado para o turismo, encontre destinos, viagens, hospedagem, passagens, guias, not\u00edcias sobre o mercado do turismo, dicas de viagem, v\u00eddeos e podcast.","breadcrumb":{"@id":"https:\/\/www.travel3.com.br\/site\/sem-categoria\/no-verao-brasileiro-quantos-serao-os-turistas-do-exterior\/#breadcrumb"},"inLanguage":"pt-BR","potentialAction":[{"@type":"ReadAction","target":["https:\/\/www.travel3.com.br\/site\/sem-categoria\/no-verao-brasileiro-quantos-serao-os-turistas-do-exterior\/"]}]},{"@type":"BreadcrumbList","@id":"https:\/\/www.travel3.com.br\/site\/sem-categoria\/no-verao-brasileiro-quantos-serao-os-turistas-do-exterior\/#breadcrumb","itemListElement":[{"@type":"ListItem","position":1,"name":"In\u00edcio","item":"https:\/\/www.travel3.com.br\/site\/"},{"@type":"ListItem","position":2,"name":"NO VER\u00c3O BRASILEIRO, QUANTOS SER\u00c3O OS TURISTAS DO EXTERIOR ?"}]},{"@type":"WebSite","@id":"https:\/\/www.travel3.com.br\/site\/#website","url":"https:\/\/www.travel3.com.br\/site\/","name":"Travel3","description":"Lazer + Neg&oacute;cios + Aventura","publisher":{"@id":"https:\/\/www.travel3.com.br\/site\/#organization"},"potentialAction":[{"@type":"SearchAction","target":{"@type":"EntryPoint","urlTemplate":"https:\/\/www.travel3.com.br\/site\/?s={search_term_string}"},"query-input":{"@type":"PropertyValueSpecification","valueRequired":true,"valueName":"search_term_string"}}],"inLanguage":"pt-BR"},{"@type":"Organization","@id":"https:\/\/www.travel3.com.br\/site\/#organization","name":"Travel3","url":"https:\/\/www.travel3.com.br\/site\/","logo":{"@type":"ImageObject","inLanguage":"pt-BR","@id":"https:\/\/www.travel3.com.br\/site\/#\/schema\/logo\/image\/","url":"https:\/\/www.travel3.com.br\/site\/wp-content\/uploads\/2020\/01\/logo-travel3-2020.png","contentUrl":"https:\/\/www.travel3.com.br\/site\/wp-content\/uploads\/2020\/01\/logo-travel3-2020.png","width":232,"height":79,"caption":"Travel3"},"image":{"@id":"https:\/\/www.travel3.com.br\/site\/#\/schema\/logo\/image\/"},"sameAs":["https:\/\/www.facebook.com\/travel3media\/","https:\/\/www.instagram.com\/revistatravel3\/","https:\/\/www.youtube.com\/channel\/UCno7J4paGBR3VbZQzvoJ9Eg"]},{"@type":"Person","@id":"https:\/\/www.travel3.com.br\/site\/#\/schema\/person\/a69d71e41a024999b6ab82369ac0bd1e","name":"admin","image":{"@type":"ImageObject","inLanguage":"pt-BR","@id":"https:\/\/www.travel3.com.br\/site\/#\/schema\/person\/image\/","url":"https:\/\/secure.gravatar.com\/avatar\/732a67adfd764da2a47ba10ce731c4c0?s=96&d=mm&r=g","contentUrl":"https:\/\/secure.gravatar.com\/avatar\/732a67adfd764da2a47ba10ce731c4c0?s=96&d=mm&r=g","caption":"admin"},"url":"https:\/\/www.travel3.com.br\/site\/author\/admin\/"}]}},"_links":{"self":[{"href":"https:\/\/www.travel3.com.br\/site\/wp-json\/wp\/v2\/posts\/3298","targetHints":{"allow":["GET"]}}],"collection":[{"href":"https:\/\/www.travel3.com.br\/site\/wp-json\/wp\/v2\/posts"}],"about":[{"href":"https:\/\/www.travel3.com.br\/site\/wp-json\/wp\/v2\/types\/post"}],"author":[{"embeddable":true,"href":"https:\/\/www.travel3.com.br\/site\/wp-json\/wp\/v2\/users\/1"}],"replies":[{"embeddable":true,"href":"https:\/\/www.travel3.com.br\/site\/wp-json\/wp\/v2\/comments?post=3298"}],"version-history":[{"count":1,"href":"https:\/\/www.travel3.com.br\/site\/wp-json\/wp\/v2\/posts\/3298\/revisions"}],"predecessor-version":[{"id":4096,"href":"https:\/\/www.travel3.com.br\/site\/wp-json\/wp\/v2\/posts\/3298\/revisions\/4096"}],"wp:attachment":[{"href":"https:\/\/www.travel3.com.br\/site\/wp-json\/wp\/v2\/media?parent=3298"}],"wp:term":[{"taxonomy":"category","embeddable":true,"href":"https:\/\/www.travel3.com.br\/site\/wp-json\/wp\/v2\/categories?post=3298"},{"taxonomy":"post_tag","embeddable":true,"href":"https:\/\/www.travel3.com.br\/site\/wp-json\/wp\/v2\/tags?post=3298"}],"curies":[{"name":"wp","href":"https:\/\/api.w.org\/{rel}","templated":true}]}}