{"id":3291,"date":"2017-08-18T02:12:50","date_gmt":"2017-08-18T02:12:50","guid":{"rendered":"http:\/\/www.travel3.com.br\/site\/ir-e-vir\/ar\/declarada-campea-chape-rende-homenagens-ao-atletico-e-a-medellin\/"},"modified":"2017-09-12T18:16:20","modified_gmt":"2017-09-12T18:16:20","slug":"declarada-campea-chape-rende-homenagens-ao-atletico-e-a-medellin","status":"publish","type":"post","link":"https:\/\/www.travel3.com.br\/site\/sem-categoria\/declarada-campea-chape-rende-homenagens-ao-atletico-e-a-medellin\/","title":{"rendered":"DECLARADA CAMPE\u00c3, CHAPE RENDE HOMENAGENS AO ATL\u00c9TICO E A MEDELLIN"},"content":{"rendered":"<p><span style=\"color: #40acad; font-family: -apple-system, system-ui, 'Segoe UI', Roboto, Oxygen-Sans, Ubuntu, Cantarell, 'Helvetica Neue', sans-serif; font-size: 12px; font-weight: bold;\"><\/p>\n<p style=\"text-align:justify\"><a class=\"fancybox-media\" href=\"..\/_uploads\/_noticia\/2016-12\/chapecoenseestadioindioconda.jpg\" rel=\"portfolio\"><img decoding=\"async\" alt=\"\" src=\"..\/_uploads\/_noticia\/2016-12\/chapecoenseestadioindioconda.jpg\" \/><\/a><\/p>\n<p style=\"text-align:justify\">Uma das mais longas, solid\u00e1rias e doloridas semanas vividas pelo esporte mundial estar\u00e1 sendo completada nesta ter\u00e7a (6), depois do terr\u00edvel desastre que ainda est\u00e1 muito vivo e presente em todos. O acidente com a delega\u00e7\u00e3o da Chapecoense no voo que se aproximava de Medellin foi na madrugada da ultima ter\u00e7a-feira, no penultimo dia de novembro.<\/p>\n<p style=\"text-align:justify\">A maior trag\u00e9dia na hist\u00f3ria do esporte em todos os tempos, com 71 vitimas fatais e apenas 6 sobreviventes.<\/p>\n<p style=\"text-align:justify\">Seria o jogo mais importante dos 43 anos de hist\u00f3ria do clube, que se tornou orgulho de Chapec\u00f3 \u00a0na busca de um t\u00edtulo in\u00e9dito. E que se tornou, em t\u00e3o poucos dias dif\u00edceis de serem vividos, no time mais famoso e homenageado pelo mundo inteiro, com um elo de solidariedade sem precedentes.<\/p>\n<p style=\"text-align:justify\">Indiscut\u00edvel e reconhecida como \u2018especial\u00edssima\u2019 foi o atitude, o \u00a0respeito, colabora\u00e7\u00e3o e ajuda, al\u00e9m da irmandade apresentadas pelo Atl\u00e9tico Nacional, sua dire\u00e7\u00e3o, jogadores, a torcida, o povo e a Colombia como na\u00e7\u00e3o. Tanto que o prefeito de Chapec\u00f3, Luciano Buligon, anunciou a constru\u00e7\u00e3o de um memorial (museu ou monumento) para recordar as v\u00edtimas e uma pra\u00e7a que ter\u00e1 o nome de Medellin.<\/p>\n<p style=\"text-align:justify\">Outra medida j\u00e1 encaminhada \u00e9 o projeto de lei para converter Medellin em cidade-irm\u00e3 de Chapec\u00f3, que nesta tentativa inicial de reestrutura\u00e7\u00e3o, tem como uma das a\u00e7\u00f5es a amplia\u00e7\u00e3o na capacidade do est\u00e1dio Indio Cond\u00e1 que passar\u00e1 dos 19 mil atuais para 40 mil lugares.<\/p>\n<p style=\"text-align:justify\">Com a esperada confirma\u00e7\u00e3o do t\u00edtulo por parte da Conmebol acolhendo a id\u00e9ia lan\u00e7ada pelo Atl\u00e9tico Nacional e endossada por todos, o clube de Chapec\u00f3 ter\u00e1 uma s\u00e9rie de participa\u00e7\u00f5es asseguradas no pr\u00f3ximo ano, entre as quais a disputa da Libertadores j\u00e1 na fase de grupos, \u00a0do Campeonatos Brasileiro e Catarinense, da pr\u00f3pria Copa SulAmericana, \u00a0al\u00e9m da\u00a0 Recopa, onde disputar\u00e1 com o pr\u00f3prio Atletico de Medellin \u2013 que tamb\u00e9m quer prestar mais uma homenagem com o Mundial de Clubes que vai disputar nos pr\u00f3ximos dias no Jap\u00e3o.<\/p>\n<p style=\"text-align:justify\">Foram expressas e sinceras as palavras do prefeito de Chapec\u00f3 \u00a0\u201c<em>nunca olvidaran lo que Colombia hizo por el Chape<\/em>\u201d, e isto deve se refletir na torcida que ser\u00e1 feita pr\u00f3 clube de Medellin.<\/p>\n<p style=\"text-align:justify\"><a class=\"fancybox-media\" href=\"..\/_uploads\/_noticia\/2016-12\/chapecoensechapecoterapracamedellin.jpg\" rel=\"portfolio\"><img decoding=\"async\" alt=\"\" src=\"..\/_uploads\/_noticia\/2016-12\/chapecoensechapecoterapracamedellin.jpg\" \/><\/a><\/p>\n<p style=\"text-align:justify\">Enquanto os pr\u00f3ximos seguem de grande pesar \u00e9 preciso retomar a normalidade. A vida tem que voltar a andar. Pelas ruas de Chapec\u00f3 o uniforme verde continua sendo o traje quase obrigat\u00f3rio, \u00a0a sensibilidade segue \u00e0 flor da pele, na absor\u00e7\u00e3o das perdas. Hoje, \u00e0s 19 horas, mais uma homenagem, na igreja Matriz de Santo Antonio, com a missa de s\u00e9timo dia.<\/p>\n<p style=\"text-align:justify\">E o seguir em frente tem uma s\u00e9rie de possibilidades que passam a ser expectativas, como a possibilidade de um jogo entre as sele\u00e7\u00f5es do Brasil e da Colombia, em janeiro pr\u00f3ximo, com arrecada\u00e7\u00e3o para as fam\u00edlias que tiveram vitimas no acidente. A partida poderia ser no Maracan\u00e3, segundo id\u00e9ia da CBF que vai doar R$ 5 milh\u00f5es para o clube.\u00a0<\/p>\n<p style=\"text-align:justify\">Manter um clube na ascens\u00e3o que vinha conseguindo a Chape custa muito. O or\u00e7amento deste ano chegaria a R$ 45 milh\u00f5es e ser\u00e1 decisiva uma participa\u00e7\u00e3o da torcida que est\u00e1 dando uma resposta impressionante. O clube j\u00e1 passou de 9 para 15 mil s\u00f3cios contribuintes em uma semana e dever\u00e1 superar os 35 mil assim que forem aceitos todos os pedidos.<\/p>\n<p style=\"text-align:justify\">A Conmebol, dentro das prerrogativas de confirmar a Chapecoense, repassar\u00e1 o premio de US$ 4,8 milh\u00f5es. Para o Atletico Medellin, \u00a0US$ 1 milh\u00e3o mais o premio \u2018Centen\u00e1rio Fair-Play\u2019 como reconhecimento pelo respeito e solidariedade demonstrados.<\/p>\n<p style=\"text-align:justify\">E como acontece sempre em circunst\u00e2ncias como estas, Chapec\u00f3 vai se tornar uma refer\u00eancia de visita\u00e7\u00e3o com envolvimento tur\u00edstico nacional e internacional. \u00c9 outro detalhe que a cidade, com pouco mais de 210 mil visitantes, lider na regi\u00e3o oeste catarinense, ter\u00e1 que se envolver gradativamente, pois a Chape transformou-se em um s\u00edmbolo.<\/p>\n<p style=\"text-align:justify\"><a class=\"fancybox-media\" href=\"..\/_uploads\/_noticia\/2016-12\/chapecoensecampeadacopasulamericana.jpg\" rel=\"portfolio\"><img decoding=\"async\" alt=\"\" src=\"..\/_uploads\/_noticia\/2016-12\/chapecoensecampeadacopasulamericana.jpg\" \/><\/a><\/p>\n<p><\/span><\/p>\n","protected":false},"excerpt":{"rendered":"<p>Missa de s\u00e9timo dia ser\u00e1 nesta ter\u00e7a, em mais um ato de rever\u00eancia do clube e da cidade que buscam a reestrutura\u00e7\u00e3o e recome\u00e7o<\/p>\n","protected":false},"author":1,"featured_media":0,"comment_status":"open","ping_status":"open","sticky":false,"template":"","format":"standard","meta":{"footnotes":""},"categories":[],"tags":[],"class_list":["post-3291","post","type-post","status-publish","format-standard","hentry"],"yoast_head":"<!-- This site is optimized with the Yoast SEO plugin v26.2 - https:\/\/yoast.com\/wordpress\/plugins\/seo\/ -->\n<title>DECLARADA CAMPE\u00c3, CHAPE RENDE HOMENAGENS AO ATL\u00c9TICO E A MEDELLIN - Travel3<\/title>\n<meta name=\"description\" content=\"A TRAVEL3 \u00e9 um portal de conte\u00fado voltado para o turismo, encontre destinos, viagens, hospedagem, passagens, guias, not\u00edcias sobre o mercado do turismo, dicas de viagem, v\u00eddeos e podcast.\" \/>\n<meta name=\"robots\" content=\"index, follow, max-snippet:-1, max-image-preview:large, max-video-preview:-1\" \/>\n<link rel=\"canonical\" href=\"https:\/\/www.travel3.com.br\/site\/sem-categoria\/declarada-campea-chape-rende-homenagens-ao-atletico-e-a-medellin\/\" \/>\n<meta property=\"og:locale\" content=\"pt_BR\" \/>\n<meta property=\"og:type\" content=\"article\" \/>\n<meta property=\"og:title\" content=\"DECLARADA CAMPE\u00c3, CHAPE RENDE HOMENAGENS AO ATL\u00c9TICO E A MEDELLIN - Travel3\" \/>\n<meta property=\"og:description\" content=\"A TRAVEL3 \u00e9 um portal de conte\u00fado voltado para o turismo, encontre destinos, viagens, hospedagem, passagens, guias, not\u00edcias sobre o mercado do turismo, dicas de viagem, v\u00eddeos e podcast.\" \/>\n<meta property=\"og:url\" content=\"https:\/\/www.travel3.com.br\/site\/sem-categoria\/declarada-campea-chape-rende-homenagens-ao-atletico-e-a-medellin\/\" \/>\n<meta property=\"og:site_name\" content=\"Travel3\" \/>\n<meta property=\"article:publisher\" content=\"https:\/\/www.facebook.com\/travel3media\/\" \/>\n<meta property=\"article:published_time\" content=\"2017-08-18T02:12:50+00:00\" \/>\n<meta property=\"article:modified_time\" content=\"2017-09-12T18:16:20+00:00\" \/>\n<meta name=\"author\" content=\"admin\" \/>\n<meta name=\"twitter:card\" content=\"summary_large_image\" \/>\n<meta name=\"twitter:label1\" content=\"Escrito por\" \/>\n\t<meta name=\"twitter:data1\" content=\"admin\" \/>\n\t<meta name=\"twitter:label2\" content=\"Est. tempo de leitura\" \/>\n\t<meta name=\"twitter:data2\" content=\"3 minutos\" \/>\n<script type=\"application\/ld+json\" class=\"yoast-schema-graph\">{\"@context\":\"https:\/\/schema.org\",\"@graph\":[{\"@type\":\"Article\",\"@id\":\"https:\/\/www.travel3.com.br\/site\/sem-categoria\/declarada-campea-chape-rende-homenagens-ao-atletico-e-a-medellin\/#article\",\"isPartOf\":{\"@id\":\"https:\/\/www.travel3.com.br\/site\/sem-categoria\/declarada-campea-chape-rende-homenagens-ao-atletico-e-a-medellin\/\"},\"author\":{\"name\":\"admin\",\"@id\":\"https:\/\/www.travel3.com.br\/site\/#\/schema\/person\/a69d71e41a024999b6ab82369ac0bd1e\"},\"headline\":\"DECLARADA CAMPE\u00c3, CHAPE RENDE HOMENAGENS AO ATL\u00c9TICO E A MEDELLIN\",\"datePublished\":\"2017-08-18T02:12:50+00:00\",\"dateModified\":\"2017-09-12T18:16:20+00:00\",\"mainEntityOfPage\":{\"@id\":\"https:\/\/www.travel3.com.br\/site\/sem-categoria\/declarada-campea-chape-rende-homenagens-ao-atletico-e-a-medellin\/\"},\"wordCount\":681,\"commentCount\":0,\"publisher\":{\"@id\":\"https:\/\/www.travel3.com.br\/site\/#organization\"},\"inLanguage\":\"pt-BR\",\"potentialAction\":[{\"@type\":\"CommentAction\",\"name\":\"Comment\",\"target\":[\"https:\/\/www.travel3.com.br\/site\/sem-categoria\/declarada-campea-chape-rende-homenagens-ao-atletico-e-a-medellin\/#respond\"]}]},{\"@type\":\"WebPage\",\"@id\":\"https:\/\/www.travel3.com.br\/site\/sem-categoria\/declarada-campea-chape-rende-homenagens-ao-atletico-e-a-medellin\/\",\"url\":\"https:\/\/www.travel3.com.br\/site\/sem-categoria\/declarada-campea-chape-rende-homenagens-ao-atletico-e-a-medellin\/\",\"name\":\"DECLARADA CAMPE\u00c3, CHAPE RENDE HOMENAGENS AO ATL\u00c9TICO E A MEDELLIN - Travel3\",\"isPartOf\":{\"@id\":\"https:\/\/www.travel3.com.br\/site\/#website\"},\"datePublished\":\"2017-08-18T02:12:50+00:00\",\"dateModified\":\"2017-09-12T18:16:20+00:00\",\"description\":\"A TRAVEL3 \u00e9 um portal de conte\u00fado voltado para o turismo, encontre destinos, viagens, hospedagem, passagens, guias, not\u00edcias sobre o mercado do turismo, dicas de viagem, v\u00eddeos e podcast.\",\"breadcrumb\":{\"@id\":\"https:\/\/www.travel3.com.br\/site\/sem-categoria\/declarada-campea-chape-rende-homenagens-ao-atletico-e-a-medellin\/#breadcrumb\"},\"inLanguage\":\"pt-BR\",\"potentialAction\":[{\"@type\":\"ReadAction\",\"target\":[\"https:\/\/www.travel3.com.br\/site\/sem-categoria\/declarada-campea-chape-rende-homenagens-ao-atletico-e-a-medellin\/\"]}]},{\"@type\":\"BreadcrumbList\",\"@id\":\"https:\/\/www.travel3.com.br\/site\/sem-categoria\/declarada-campea-chape-rende-homenagens-ao-atletico-e-a-medellin\/#breadcrumb\",\"itemListElement\":[{\"@type\":\"ListItem\",\"position\":1,\"name\":\"In\u00edcio\",\"item\":\"https:\/\/www.travel3.com.br\/site\/\"},{\"@type\":\"ListItem\",\"position\":2,\"name\":\"DECLARADA CAMPE\u00c3, CHAPE RENDE HOMENAGENS AO ATL\u00c9TICO E A MEDELLIN\"}]},{\"@type\":\"WebSite\",\"@id\":\"https:\/\/www.travel3.com.br\/site\/#website\",\"url\":\"https:\/\/www.travel3.com.br\/site\/\",\"name\":\"Travel3\",\"description\":\"Lazer + Neg&oacute;cios + Aventura\",\"publisher\":{\"@id\":\"https:\/\/www.travel3.com.br\/site\/#organization\"},\"potentialAction\":[{\"@type\":\"SearchAction\",\"target\":{\"@type\":\"EntryPoint\",\"urlTemplate\":\"https:\/\/www.travel3.com.br\/site\/?s={search_term_string}\"},\"query-input\":{\"@type\":\"PropertyValueSpecification\",\"valueRequired\":true,\"valueName\":\"search_term_string\"}}],\"inLanguage\":\"pt-BR\"},{\"@type\":\"Organization\",\"@id\":\"https:\/\/www.travel3.com.br\/site\/#organization\",\"name\":\"Travel3\",\"url\":\"https:\/\/www.travel3.com.br\/site\/\",\"logo\":{\"@type\":\"ImageObject\",\"inLanguage\":\"pt-BR\",\"@id\":\"https:\/\/www.travel3.com.br\/site\/#\/schema\/logo\/image\/\",\"url\":\"https:\/\/www.travel3.com.br\/site\/wp-content\/uploads\/2020\/01\/logo-travel3-2020.png\",\"contentUrl\":\"https:\/\/www.travel3.com.br\/site\/wp-content\/uploads\/2020\/01\/logo-travel3-2020.png\",\"width\":232,\"height\":79,\"caption\":\"Travel3\"},\"image\":{\"@id\":\"https:\/\/www.travel3.com.br\/site\/#\/schema\/logo\/image\/\"},\"sameAs\":[\"https:\/\/www.facebook.com\/travel3media\/\",\"https:\/\/www.instagram.com\/revistatravel3\/\",\"https:\/\/www.youtube.com\/channel\/UCno7J4paGBR3VbZQzvoJ9Eg\"]},{\"@type\":\"Person\",\"@id\":\"https:\/\/www.travel3.com.br\/site\/#\/schema\/person\/a69d71e41a024999b6ab82369ac0bd1e\",\"name\":\"admin\",\"image\":{\"@type\":\"ImageObject\",\"inLanguage\":\"pt-BR\",\"@id\":\"https:\/\/www.travel3.com.br\/site\/#\/schema\/person\/image\/\",\"url\":\"https:\/\/secure.gravatar.com\/avatar\/732a67adfd764da2a47ba10ce731c4c0?s=96&d=mm&r=g\",\"contentUrl\":\"https:\/\/secure.gravatar.com\/avatar\/732a67adfd764da2a47ba10ce731c4c0?s=96&d=mm&r=g\",\"caption\":\"admin\"},\"url\":\"https:\/\/www.travel3.com.br\/site\/author\/admin\/\"}]}<\/script>\n<!-- \/ Yoast SEO plugin. -->","yoast_head_json":{"title":"DECLARADA CAMPE\u00c3, CHAPE RENDE HOMENAGENS AO ATL\u00c9TICO E A MEDELLIN - Travel3","description":"A TRAVEL3 \u00e9 um portal de conte\u00fado voltado para o turismo, encontre destinos, viagens, hospedagem, passagens, guias, not\u00edcias sobre o mercado do turismo, dicas de viagem, v\u00eddeos e podcast.","robots":{"index":"index","follow":"follow","max-snippet":"max-snippet:-1","max-image-preview":"max-image-preview:large","max-video-preview":"max-video-preview:-1"},"canonical":"https:\/\/www.travel3.com.br\/site\/sem-categoria\/declarada-campea-chape-rende-homenagens-ao-atletico-e-a-medellin\/","og_locale":"pt_BR","og_type":"article","og_title":"DECLARADA CAMPE\u00c3, CHAPE RENDE HOMENAGENS AO ATL\u00c9TICO E A MEDELLIN - Travel3","og_description":"A TRAVEL3 \u00e9 um portal de conte\u00fado voltado para o turismo, encontre destinos, viagens, hospedagem, passagens, guias, not\u00edcias sobre o mercado do turismo, dicas de viagem, v\u00eddeos e podcast.","og_url":"https:\/\/www.travel3.com.br\/site\/sem-categoria\/declarada-campea-chape-rende-homenagens-ao-atletico-e-a-medellin\/","og_site_name":"Travel3","article_publisher":"https:\/\/www.facebook.com\/travel3media\/","article_published_time":"2017-08-18T02:12:50+00:00","article_modified_time":"2017-09-12T18:16:20+00:00","author":"admin","twitter_card":"summary_large_image","twitter_misc":{"Escrito por":"admin","Est. tempo de leitura":"3 minutos"},"schema":{"@context":"https:\/\/schema.org","@graph":[{"@type":"Article","@id":"https:\/\/www.travel3.com.br\/site\/sem-categoria\/declarada-campea-chape-rende-homenagens-ao-atletico-e-a-medellin\/#article","isPartOf":{"@id":"https:\/\/www.travel3.com.br\/site\/sem-categoria\/declarada-campea-chape-rende-homenagens-ao-atletico-e-a-medellin\/"},"author":{"name":"admin","@id":"https:\/\/www.travel3.com.br\/site\/#\/schema\/person\/a69d71e41a024999b6ab82369ac0bd1e"},"headline":"DECLARADA CAMPE\u00c3, CHAPE RENDE HOMENAGENS AO ATL\u00c9TICO E A MEDELLIN","datePublished":"2017-08-18T02:12:50+00:00","dateModified":"2017-09-12T18:16:20+00:00","mainEntityOfPage":{"@id":"https:\/\/www.travel3.com.br\/site\/sem-categoria\/declarada-campea-chape-rende-homenagens-ao-atletico-e-a-medellin\/"},"wordCount":681,"commentCount":0,"publisher":{"@id":"https:\/\/www.travel3.com.br\/site\/#organization"},"inLanguage":"pt-BR","potentialAction":[{"@type":"CommentAction","name":"Comment","target":["https:\/\/www.travel3.com.br\/site\/sem-categoria\/declarada-campea-chape-rende-homenagens-ao-atletico-e-a-medellin\/#respond"]}]},{"@type":"WebPage","@id":"https:\/\/www.travel3.com.br\/site\/sem-categoria\/declarada-campea-chape-rende-homenagens-ao-atletico-e-a-medellin\/","url":"https:\/\/www.travel3.com.br\/site\/sem-categoria\/declarada-campea-chape-rende-homenagens-ao-atletico-e-a-medellin\/","name":"DECLARADA CAMPE\u00c3, CHAPE RENDE HOMENAGENS AO ATL\u00c9TICO E A MEDELLIN - Travel3","isPartOf":{"@id":"https:\/\/www.travel3.com.br\/site\/#website"},"datePublished":"2017-08-18T02:12:50+00:00","dateModified":"2017-09-12T18:16:20+00:00","description":"A TRAVEL3 \u00e9 um portal de conte\u00fado voltado para o turismo, encontre destinos, viagens, hospedagem, passagens, guias, not\u00edcias sobre o mercado do turismo, dicas de viagem, v\u00eddeos e podcast.","breadcrumb":{"@id":"https:\/\/www.travel3.com.br\/site\/sem-categoria\/declarada-campea-chape-rende-homenagens-ao-atletico-e-a-medellin\/#breadcrumb"},"inLanguage":"pt-BR","potentialAction":[{"@type":"ReadAction","target":["https:\/\/www.travel3.com.br\/site\/sem-categoria\/declarada-campea-chape-rende-homenagens-ao-atletico-e-a-medellin\/"]}]},{"@type":"BreadcrumbList","@id":"https:\/\/www.travel3.com.br\/site\/sem-categoria\/declarada-campea-chape-rende-homenagens-ao-atletico-e-a-medellin\/#breadcrumb","itemListElement":[{"@type":"ListItem","position":1,"name":"In\u00edcio","item":"https:\/\/www.travel3.com.br\/site\/"},{"@type":"ListItem","position":2,"name":"DECLARADA CAMPE\u00c3, CHAPE RENDE HOMENAGENS AO ATL\u00c9TICO E A MEDELLIN"}]},{"@type":"WebSite","@id":"https:\/\/www.travel3.com.br\/site\/#website","url":"https:\/\/www.travel3.com.br\/site\/","name":"Travel3","description":"Lazer + Neg&oacute;cios + Aventura","publisher":{"@id":"https:\/\/www.travel3.com.br\/site\/#organization"},"potentialAction":[{"@type":"SearchAction","target":{"@type":"EntryPoint","urlTemplate":"https:\/\/www.travel3.com.br\/site\/?s={search_term_string}"},"query-input":{"@type":"PropertyValueSpecification","valueRequired":true,"valueName":"search_term_string"}}],"inLanguage":"pt-BR"},{"@type":"Organization","@id":"https:\/\/www.travel3.com.br\/site\/#organization","name":"Travel3","url":"https:\/\/www.travel3.com.br\/site\/","logo":{"@type":"ImageObject","inLanguage":"pt-BR","@id":"https:\/\/www.travel3.com.br\/site\/#\/schema\/logo\/image\/","url":"https:\/\/www.travel3.com.br\/site\/wp-content\/uploads\/2020\/01\/logo-travel3-2020.png","contentUrl":"https:\/\/www.travel3.com.br\/site\/wp-content\/uploads\/2020\/01\/logo-travel3-2020.png","width":232,"height":79,"caption":"Travel3"},"image":{"@id":"https:\/\/www.travel3.com.br\/site\/#\/schema\/logo\/image\/"},"sameAs":["https:\/\/www.facebook.com\/travel3media\/","https:\/\/www.instagram.com\/revistatravel3\/","https:\/\/www.youtube.com\/channel\/UCno7J4paGBR3VbZQzvoJ9Eg"]},{"@type":"Person","@id":"https:\/\/www.travel3.com.br\/site\/#\/schema\/person\/a69d71e41a024999b6ab82369ac0bd1e","name":"admin","image":{"@type":"ImageObject","inLanguage":"pt-BR","@id":"https:\/\/www.travel3.com.br\/site\/#\/schema\/person\/image\/","url":"https:\/\/secure.gravatar.com\/avatar\/732a67adfd764da2a47ba10ce731c4c0?s=96&d=mm&r=g","contentUrl":"https:\/\/secure.gravatar.com\/avatar\/732a67adfd764da2a47ba10ce731c4c0?s=96&d=mm&r=g","caption":"admin"},"url":"https:\/\/www.travel3.com.br\/site\/author\/admin\/"}]}},"_links":{"self":[{"href":"https:\/\/www.travel3.com.br\/site\/wp-json\/wp\/v2\/posts\/3291","targetHints":{"allow":["GET"]}}],"collection":[{"href":"https:\/\/www.travel3.com.br\/site\/wp-json\/wp\/v2\/posts"}],"about":[{"href":"https:\/\/www.travel3.com.br\/site\/wp-json\/wp\/v2\/types\/post"}],"author":[{"embeddable":true,"href":"https:\/\/www.travel3.com.br\/site\/wp-json\/wp\/v2\/users\/1"}],"replies":[{"embeddable":true,"href":"https:\/\/www.travel3.com.br\/site\/wp-json\/wp\/v2\/comments?post=3291"}],"version-history":[{"count":1,"href":"https:\/\/www.travel3.com.br\/site\/wp-json\/wp\/v2\/posts\/3291\/revisions"}],"predecessor-version":[{"id":4089,"href":"https:\/\/www.travel3.com.br\/site\/wp-json\/wp\/v2\/posts\/3291\/revisions\/4089"}],"wp:attachment":[{"href":"https:\/\/www.travel3.com.br\/site\/wp-json\/wp\/v2\/media?parent=3291"}],"wp:term":[{"taxonomy":"category","embeddable":true,"href":"https:\/\/www.travel3.com.br\/site\/wp-json\/wp\/v2\/categories?post=3291"},{"taxonomy":"post_tag","embeddable":true,"href":"https:\/\/www.travel3.com.br\/site\/wp-json\/wp\/v2\/tags?post=3291"}],"curies":[{"name":"wp","href":"https:\/\/api.w.org\/{rel}","templated":true}]}}